{"id":11098,"date":"2021-07-15T11:44:00","date_gmt":"2021-07-15T09:44:00","guid":{"rendered":"https:\/\/czerwonagora.pl\/?p=11098"},"modified":"2021-08-03T09:54:54","modified_gmt":"2021-08-03T07:54:54","slug":"nabor-na-stanowisko-pielegniarka-w-zakladzie-opiekunczo-leczniczym","status":"publish","type":"post","link":"https:\/\/czerwonagora.pl\/index.php\/2021\/07\/15\/nabor-na-stanowisko-pielegniarka-w-zakladzie-opiekunczo-leczniczym\/","title":{"rendered":"Nab\u00f3r na stanowisko Piel\u0119gniarka w Zak\u0142adzie Opieku\u0144czo-Leczniczym"},"content":{"rendered":"\t\t<div data-elementor-type=\"wp-post\" data-elementor-id=\"11098\" class=\"elementor elementor-11098\">\n\t\t\t\t\t\t<section class=\"elementor-section elementor-top-section elementor-element elementor-element-3531cc3f elementor-section-boxed elementor-section-height-default elementor-section-height-default\" data-id=\"3531cc3f\" data-element_type=\"section\" data-e-type=\"section\">\n\t\t\t\t\t\t<div class=\"elementor-container elementor-column-gap-default\">\n\t\t\t\t\t<div class=\"elementor-column elementor-col-100 elementor-top-column elementor-element elementor-element-6309c04e\" data-id=\"6309c04e\" data-element_type=\"column\" data-e-type=\"column\">\n\t\t\t<div class=\"elementor-widget-wrap elementor-element-populated\">\n\t\t\t\t\t\t<div class=\"elementor-element elementor-element-54edc24 elementor-widget elementor-widget-image\" data-id=\"54edc24\" data-element_type=\"widget\" data-e-type=\"widget\" data-widget_type=\"image.default\">\n\t\t\t\t<div class=\"elementor-widget-container\">\n\t\t\t\t\t\t\t\t\t\t\t\t\t\t\t<img fetchpriority=\"high\" decoding=\"async\" width=\"803\" height=\"360\" src=\"https:\/\/czerwonagora.pl\/wp-content\/uploads\/2021\/07\/Oferta_pracy_pielegniarka.jpg\" class=\"attachment-large size-large wp-image-8638\" alt=\"logo na niebieskim tle na kt\u00f3rym znajduja sie dwie osoby ubrana na bia\u0142o oraz tekstem koloru bia\u0142ego Oferta Pracy\" srcset=\"https:\/\/czerwonagora.pl\/wp-content\/uploads\/2021\/07\/Oferta_pracy_pielegniarka.jpg 803w, https:\/\/czerwonagora.pl\/wp-content\/uploads\/2021\/07\/Oferta_pracy_pielegniarka-300x134.jpg 300w, https:\/\/czerwonagora.pl\/wp-content\/uploads\/2021\/07\/Oferta_pracy_pielegniarka-768x344.jpg 768w\" sizes=\"(max-width: 803px) 100vw, 803px\" \/>\t\t\t\t\t\t\t\t\t\t\t\t\t\t\t<\/div>\n\t\t\t\t<\/div>\n\t\t\t\t<div class=\"elementor-element elementor-element-244ed105 elementor-widget elementor-widget-text-editor\" data-id=\"244ed105\" data-element_type=\"widget\" data-e-type=\"widget\" data-widget_type=\"text-editor.default\">\n\t\t\t\t<div class=\"elementor-widget-container\">\n\t\t\t\t\t\t\t\t\t<div class=\"entry-header\"><p style=\"text-align: center;\"><strong>Nab\u00f3r na stanowisko Piel\u0119gniarka w Zak\u0142adzie Opieku\u0144czo-Leczniczym<\/strong><\/p><p>\u00a0<\/p><\/div><div><p style=\"text-align: center;\"><strong>Dyrekcja Wojew\u00f3dzkiego Szpitala Specjalistycznego im. \u015bw. Rafa\u0142a w Czerwonej G\u00f3rze poszukuje osoby do pracy na stanowisku<\/strong><br \/><strong>PIEL\u0118GNIARKA<\/strong><\/p><p>W Zak\u0142adzie Opieku\u0144czo &#8211; Leczniczym w Wojew\u00f3dzkim Szpitalu Specjalistycznym im. \u015bw. Rafa\u0142a <br \/>w Czerwonej G\u00f3rze<br \/><strong>Wymagania:<\/strong><\/p><ul><li>wykszta\u0142cenie medyczne w dziedzinie piel\u0119gniarstwa;<\/li><li>aktualne prawo wykonywania zawodu.<\/li><\/ul><p>Preferowane dodatkowe kwalifikacje:<br \/>Specjalizacja lub kurs kwalifikacyjny lub w trakcie odbywania specjalizacji lub kursu kwalifikacyjnego <br \/>w jednej lub kilku z ni\u017cej wymienionych dziedzin:<\/p><ul><li>opieka d\u0142ugoterminowa,<\/li><li>piel\u0119gniarstwo przewlekle chorych i niepe\u0142nosprawnych,<\/li><li>piel\u0119gniarstwo zachowawcze,<\/li><li>piel\u0119gniarstwo rodzinne,<\/li><li>piel\u0119gniarstwo \u015brodowiskowe,<\/li><li>piel\u0119gniarstwo \u015brodowiskowo &#8211; rodzinne,<\/li><li>piel\u0119gniarstwo geriatryczne,<\/li><li>piel\u0119gniarstwo opieki paliatywnej,<\/li><li>piel\u0119gniarstwo anestezjologiczne i intensywnej opieki,<\/li><li>kurs specjalistyczny w zakresie opieki paliatywnej lub piel\u0119gnowania pacjenta doros\u0142ego wentylowanego mechanicznie.<\/li><\/ul><p>Osoby zainteresowane prosimy o dostarczenie CV na adres:<\/p><p><strong>SEKCJA DS. OSOBOWYCH<\/strong><br \/>Wojew\u00f3dzki Szpital Specjalistyczny im. \u015bw. Rafa\u0142a w Czerwonej G\u00f3rze ul. Czerwona G\u00f3ra 10, 26-060 Ch\u0119ciny<\/p><p>tel. (041) 34 655 45 wew. 230<br \/>lub <strong>poczt\u0105 elektroniczn\u0105<\/strong> na adres: <span id=\"cloak37a570145e63a0cdd58d61981a36ba74\"><a href=\"mailto:k.resztak@czerwonagora.pl\">k.resztak@czerwonagora.pl<\/a><\/span><br \/>wraz z klauzul\u0105:<br \/>&#8222;Wyra\u017cam zgod\u0119 na przetwarzanie moich danych osobowych dla potrzeb niezb\u0119dnych do realizacji procesu rekrutacji zgodnie z Rozporz\u0105dzeniem Parlamentu Europejskiego i Rady (UE) 2016\/679 z dnia 27 kwietnia 2016r. w sprawie ochrony os\u00f3b fizycznych w zwi\u0105zku z przetwarzaniem danych osobowych i w sprawie swobodnego przep\u0142ywu takich danych oraz uchylenia dyrektywy 95\/46\/WE (RODO).<br \/>Prosimy o do\u0142\u0105czenie podpisanej zgody na przetwarzanie danych osobowych w procesie rekrutacji:<br \/>\u201eZgodnie z artyku\u0142em 6 ust. 1 lit. a Rozporz\u0105dzenia Parlamentu Europejskiego I Rady (UE) 2016\/679 <br \/>z dnia 27 kwietnia 2016r. w sprawie ochrony os\u00f3b fizycznych w zwi\u0105zku z przetwarzaniem danych osobowych i w sprawie swobodnego przep\u0142ywu takich danych oraz uchylenia dyrektywy 95\/46\/WE (og\u00f3lne rozporz\u0105dzenie o ochronie danych) wyra\u017cam zgod\u0119 na przetwarzanie moich danych osobowych dla potrzeb aktualnej i przysz\u0142ych rekrutacji. Jestem \u015bwiadomy\/a, \u017ce mam prawo wycofania zgody <br \/>w ka\u017cdym czasie. Powy\u017csza zgoda zosta\u0142a wyra\u017cona dobrowolnie zgodnie z art. 4 pkt 11 RODO. O\u015bwiadczam, \u017ce zosta\u0142em poinformowany o mo\u017cliwo\u015bci dost\u0119pu do moich danych osobowych i ich aktualizacji oraz mo\u017cliwo\u015bci usuni\u0119cia lub ograniczenia przetworzenia.\u201d <strong>Zastrzegamy sobie prawo do odpowiedzi tylko na wybrane zg\u0142oszenia.<\/strong>\u00a0\u00a0\u00a0\u00a0\u00a0\u00a0\u00a0<\/p><\/div>\t\t\t\t\t\t\t\t<\/div>\n\t\t\t\t<\/div>\n\t\t\t\t\t<\/div>\n\t\t<\/div>\n\t\t\t\t\t<\/div>\n\t\t<\/section>\n\t\t\t\t<section class=\"elementor-section elementor-top-section elementor-element elementor-element-6656e5b8 elementor-section-boxed elementor-section-height-default elementor-section-height-default\" data-id=\"6656e5b8\" data-element_type=\"section\" data-e-type=\"section\" data-settings=\"{&quot;background_background&quot;:&quot;classic&quot;}\">\n\t\t\t\t\t\t<div class=\"elementor-container elementor-column-gap-default\">\n\t\t\t\t\t<div class=\"elementor-column elementor-col-25 elementor-top-column elementor-element elementor-element-7eca14c4\" data-id=\"7eca14c4\" data-element_type=\"column\" data-e-type=\"column\">\n\t\t\t<div class=\"elementor-widget-wrap elementor-element-populated\">\n\t\t\t\t\t\t<div class=\"elementor-element elementor-element-415d38fc elementor-view-default elementor-widget elementor-widget-icon\" data-id=\"415d38fc\" data-element_type=\"widget\" data-e-type=\"widget\" data-widget_type=\"icon.default\">\n\t\t\t\t<div class=\"elementor-widget-container\">\n\t\t\t\t\t\t\t<div class=\"elementor-icon-wrapper\">\n\t\t\t<div class=\"elementor-icon\">\n\t\t\t<i aria-hidden=\"true\" class=\"far fa-file-pdf\"><\/i>\t\t\t<\/div>\n\t\t<\/div>\n\t\t\t\t\t\t<\/div>\n\t\t\t\t<\/div>\n\t\t\t\t\t<\/div>\n\t\t<\/div>\n\t\t\t\t<div class=\"elementor-column elementor-col-50 elementor-top-column elementor-element elementor-element-321e56bc\" data-id=\"321e56bc\" data-element_type=\"column\" data-e-type=\"column\">\n\t\t\t<div class=\"elementor-widget-wrap elementor-element-populated\">\n\t\t\t\t\t\t<div class=\"elementor-element elementor-element-2626917d elementor-widget elementor-widget-text-editor\" data-id=\"2626917d\" data-element_type=\"widget\" data-e-type=\"widget\" data-widget_type=\"text-editor.default\">\n\t\t\t\t<div class=\"elementor-widget-container\">\n\t\t\t\t\t\t\t\t\t<p>Og\u0142oszenie Piel\u0119gniarka ZOL<\/p>\t\t\t\t\t\t\t\t<\/div>\n\t\t\t\t<\/div>\n\t\t\t\t\t<\/div>\n\t\t<\/div>\n\t\t\t\t<div class=\"elementor-column elementor-col-25 elementor-top-column elementor-element elementor-element-fcc2af3\" data-id=\"fcc2af3\" data-element_type=\"column\" data-e-type=\"column\">\n\t\t\t<div class=\"elementor-widget-wrap elementor-element-populated\">\n\t\t\t\t\t\t<div class=\"elementor-element elementor-element-7b24bfd0 elementor-align-center elementor-widget elementor-widget-button\" data-id=\"7b24bfd0\" data-element_type=\"widget\" data-e-type=\"widget\" data-widget_type=\"button.default\">\n\t\t\t\t<div class=\"elementor-widget-container\">\n\t\t\t\t\t\t\t\t\t<div class=\"elementor-button-wrapper\">\n\t\t\t\t\t<a class=\"elementor-button elementor-button-link elementor-size-sm elementor-animation-grow\" href=\"https:\/\/czerwonagora.pl\/wp-content\/uploads\/2021\/07\/Ogloszenie_Piel_ZOL.pdf\">\n\t\t\t\t\t\t<span class=\"elementor-button-content-wrapper\">\n\t\t\t\t\t\t\t\t\t<span class=\"elementor-button-text\">Pobierz<\/span>\n\t\t\t\t\t<\/span>\n\t\t\t\t\t<\/a>\n\t\t\t\t<\/div>\n\t\t\t\t\t\t\t\t<\/div>\n\t\t\t\t<\/div>\n\t\t\t\t\t<\/div>\n\t\t<\/div>\n\t\t\t\t\t<\/div>\n\t\t<\/section>\n\t\t\t\t<\/div>\n\t\t","protected":false},"excerpt":{"rendered":"<p>Nab\u00f3r na stanowisko Piel\u0119gniarka w Zak\u0142adzie Opieku\u0144czo-Leczniczym \u00a0 Dyrekcja Wojew\u00f3dzkiego Szpitala Specjalistycznego im. \u015bw. Rafa\u0142a w Czerwonej G\u00f3rze poszukuje osoby do pracy na stanowiskuPIEL\u0118GNIARKA W Zak\u0142adzie Opieku\u0144czo &#8211; Leczniczym w Wojew\u00f3dzkim Szpitalu Specjalistycznym im. \u015bw. Rafa\u0142a w Czerwonej G\u00f3rzeWymagania: wykszta\u0142cenie medyczne w dziedzinie piel\u0119gniarstwa; aktualne prawo wykonywania zawodu. Preferowane dodatkowe kwalifikacje:Specjalizacja lub kurs kwalifikacyjny lub [&hellip;]<\/p>\n","protected":false},"author":4,"featured_media":0,"comment_status":"closed","ping_status":"closed","sticky":false,"template":"","format":"standard","meta":{"zakra_page_container_layout":"customizer","zakra_page_sidebar_layout":"customizer","zakra_remove_content_margin":false,"zakra_sidebar":"customizer","zakra_transparent_header":"customizer","zakra_logo":0,"zakra_main_header_style":"default","zakra_menu_item_color":"","zakra_menu_item_hover_color":"","zakra_menu_item_active_color":"","zakra_menu_active_style":"","zakra_page_header":true,"footnotes":""},"categories":[42],"tags":[],"class_list":["post-11098","post","type-post","status-publish","format-standard","hentry","category-oferty-pracy"],"yoast_head":"<!-- This site is optimized with the Yoast SEO plugin v27.4 - https:\/\/yoast.com\/product\/yoast-seo-wordpress\/ -->\n<title>Nab\u00f3r na stanowisko Piel\u0119gniarka w Zak\u0142adzie Opieku\u0144czo-Leczniczym - Wojew\u00f3dzki Szpital Specjalistyczny im. \u015aw. Rafa\u0142a w Czerwonej G\u00f3rze<\/title>\n<meta name=\"robots\" content=\"index, follow, max-snippet:-1, max-image-preview:large, max-video-preview:-1\" \/>\n<link rel=\"canonical\" href=\"https:\/\/czerwonagora.pl\/index.php\/2021\/07\/15\/nabor-na-stanowisko-pielegniarka-w-zakladzie-opiekunczo-leczniczym\/\" \/>\n<meta property=\"og:locale\" content=\"pl_PL\" \/>\n<meta property=\"og:type\" content=\"article\" \/>\n<meta property=\"og:title\" content=\"Nab\u00f3r na stanowisko Piel\u0119gniarka w Zak\u0142adzie Opieku\u0144czo-Leczniczym - Wojew\u00f3dzki Szpital Specjalistyczny im. \u015aw. Rafa\u0142a w Czerwonej G\u00f3rze\" \/>\n<meta property=\"og:description\" content=\"Nab\u00f3r na stanowisko Piel\u0119gniarka w Zak\u0142adzie Opieku\u0144czo-Leczniczym \u00a0 Dyrekcja Wojew\u00f3dzkiego Szpitala Specjalistycznego im. \u015bw. Rafa\u0142a w Czerwonej G\u00f3rze poszukuje osoby do pracy na stanowiskuPIEL\u0118GNIARKA W Zak\u0142adzie Opieku\u0144czo &#8211; Leczniczym w Wojew\u00f3dzkim Szpitalu Specjalistycznym im. \u015bw. Rafa\u0142a w Czerwonej G\u00f3rzeWymagania: wykszta\u0142cenie medyczne w dziedzinie piel\u0119gniarstwa; aktualne prawo wykonywania zawodu. Preferowane dodatkowe kwalifikacje:Specjalizacja lub kurs kwalifikacyjny lub [&hellip;]\" \/>\n<meta property=\"og:url\" content=\"https:\/\/czerwonagora.pl\/index.php\/2021\/07\/15\/nabor-na-stanowisko-pielegniarka-w-zakladzie-opiekunczo-leczniczym\/\" \/>\n<meta property=\"og:site_name\" content=\"Wojew\u00f3dzki Szpital Specjalistyczny im. \u015aw. Rafa\u0142a w Czerwonej G\u00f3rze\" \/>\n<meta property=\"article:publisher\" content=\"https:\/\/www.facebook.com\/SzpitalCzerwonaGora\/\" \/>\n<meta property=\"article:published_time\" content=\"2021-07-15T09:44:00+00:00\" \/>\n<meta property=\"article:modified_time\" content=\"2021-08-03T07:54:54+00:00\" \/>\n<meta property=\"og:image\" content=\"https:\/\/czerwonagora.pl\/wp-content\/uploads\/2021\/07\/Oferta_pracy_pielegniarka.jpg\" \/>\n<meta name=\"author\" content=\"Leszek Broda\" \/>\n<meta name=\"twitter:card\" content=\"summary_large_image\" \/>\n<meta name=\"twitter:label1\" content=\"Napisane przez\" \/>\n\t<meta name=\"twitter:data1\" content=\"Leszek Broda\" \/>\n\t<meta name=\"twitter:label2\" content=\"Szacowany czas czytania\" \/>\n\t<meta name=\"twitter:data2\" content=\"2 minuty\" \/>\n<script type=\"application\/ld+json\" class=\"yoast-schema-graph\">{\"@context\":\"https:\\\/\\\/schema.org\",\"@graph\":[{\"@type\":\"Article\",\"@id\":\"https:\\\/\\\/czerwonagora.pl\\\/index.php\\\/2021\\\/07\\\/15\\\/nabor-na-stanowisko-pielegniarka-w-zakladzie-opiekunczo-leczniczym\\\/#article\",\"isPartOf\":{\"@id\":\"https:\\\/\\\/czerwonagora.pl\\\/index.php\\\/2021\\\/07\\\/15\\\/nabor-na-stanowisko-pielegniarka-w-zakladzie-opiekunczo-leczniczym\\\/\"},\"author\":{\"name\":\"Leszek Broda\",\"@id\":\"https:\\\/\\\/czerwonagora.pl\\\/#\\\/schema\\\/person\\\/ab92f8d01438d11b0a22cdc2637caaee\"},\"headline\":\"Nab\u00f3r na stanowisko Piel\u0119gniarka w Zak\u0142adzie Opieku\u0144czo-Leczniczym\",\"datePublished\":\"2021-07-15T09:44:00+00:00\",\"dateModified\":\"2021-08-03T07:54:54+00:00\",\"mainEntityOfPage\":{\"@id\":\"https:\\\/\\\/czerwonagora.pl\\\/index.php\\\/2021\\\/07\\\/15\\\/nabor-na-stanowisko-pielegniarka-w-zakladzie-opiekunczo-leczniczym\\\/\"},\"wordCount\":396,\"publisher\":{\"@id\":\"https:\\\/\\\/czerwonagora.pl\\\/#organization\"},\"image\":{\"@id\":\"https:\\\/\\\/czerwonagora.pl\\\/index.php\\\/2021\\\/07\\\/15\\\/nabor-na-stanowisko-pielegniarka-w-zakladzie-opiekunczo-leczniczym\\\/#primaryimage\"},\"thumbnailUrl\":\"https:\\\/\\\/czerwonagora.pl\\\/wp-content\\\/uploads\\\/2021\\\/07\\\/Oferta_pracy_pielegniarka.jpg\",\"articleSection\":[\"Oferty pracy\"],\"inLanguage\":\"pl-PL\"},{\"@type\":\"WebPage\",\"@id\":\"https:\\\/\\\/czerwonagora.pl\\\/index.php\\\/2021\\\/07\\\/15\\\/nabor-na-stanowisko-pielegniarka-w-zakladzie-opiekunczo-leczniczym\\\/\",\"url\":\"https:\\\/\\\/czerwonagora.pl\\\/index.php\\\/2021\\\/07\\\/15\\\/nabor-na-stanowisko-pielegniarka-w-zakladzie-opiekunczo-leczniczym\\\/\",\"name\":\"Nab\u00f3r na stanowisko Piel\u0119gniarka w Zak\u0142adzie Opieku\u0144czo-Leczniczym - Wojew\u00f3dzki Szpital Specjalistyczny im. \u015aw. Rafa\u0142a w Czerwonej G\u00f3rze\",\"isPartOf\":{\"@id\":\"https:\\\/\\\/czerwonagora.pl\\\/#website\"},\"primaryImageOfPage\":{\"@id\":\"https:\\\/\\\/czerwonagora.pl\\\/index.php\\\/2021\\\/07\\\/15\\\/nabor-na-stanowisko-pielegniarka-w-zakladzie-opiekunczo-leczniczym\\\/#primaryimage\"},\"image\":{\"@id\":\"https:\\\/\\\/czerwonagora.pl\\\/index.php\\\/2021\\\/07\\\/15\\\/nabor-na-stanowisko-pielegniarka-w-zakladzie-opiekunczo-leczniczym\\\/#primaryimage\"},\"thumbnailUrl\":\"https:\\\/\\\/czerwonagora.pl\\\/wp-content\\\/uploads\\\/2021\\\/07\\\/Oferta_pracy_pielegniarka.jpg\",\"datePublished\":\"2021-07-15T09:44:00+00:00\",\"dateModified\":\"2021-08-03T07:54:54+00:00\",\"breadcrumb\":{\"@id\":\"https:\\\/\\\/czerwonagora.pl\\\/index.php\\\/2021\\\/07\\\/15\\\/nabor-na-stanowisko-pielegniarka-w-zakladzie-opiekunczo-leczniczym\\\/#breadcrumb\"},\"inLanguage\":\"pl-PL\",\"potentialAction\":[{\"@type\":\"ReadAction\",\"target\":[\"https:\\\/\\\/czerwonagora.pl\\\/index.php\\\/2021\\\/07\\\/15\\\/nabor-na-stanowisko-pielegniarka-w-zakladzie-opiekunczo-leczniczym\\\/\"]}]},{\"@type\":\"ImageObject\",\"inLanguage\":\"pl-PL\",\"@id\":\"https:\\\/\\\/czerwonagora.pl\\\/index.php\\\/2021\\\/07\\\/15\\\/nabor-na-stanowisko-pielegniarka-w-zakladzie-opiekunczo-leczniczym\\\/#primaryimage\",\"url\":\"https:\\\/\\\/czerwonagora.pl\\\/wp-content\\\/uploads\\\/2021\\\/07\\\/Oferta_pracy_pielegniarka.jpg\",\"contentUrl\":\"https:\\\/\\\/czerwonagora.pl\\\/wp-content\\\/uploads\\\/2021\\\/07\\\/Oferta_pracy_pielegniarka.jpg\",\"width\":803,\"height\":360,\"caption\":\"logo na niebieskim tle na kt\u00f3rym znajduja sie dwie osoby ubrana na bia\u0142o oraz tekstem koloru bia\u0142ego Oferta Pracy\"},{\"@type\":\"BreadcrumbList\",\"@id\":\"https:\\\/\\\/czerwonagora.pl\\\/index.php\\\/2021\\\/07\\\/15\\\/nabor-na-stanowisko-pielegniarka-w-zakladzie-opiekunczo-leczniczym\\\/#breadcrumb\",\"itemListElement\":[{\"@type\":\"ListItem\",\"position\":1,\"name\":\"Strona g\u0142\u00f3wna\",\"item\":\"https:\\\/\\\/czerwonagora.pl\\\/\"},{\"@type\":\"ListItem\",\"position\":2,\"name\":\"Nab\u00f3r na stanowisko Piel\u0119gniarka w Zak\u0142adzie Opieku\u0144czo-Leczniczym\"}]},{\"@type\":\"WebSite\",\"@id\":\"https:\\\/\\\/czerwonagora.pl\\\/#website\",\"url\":\"https:\\\/\\\/czerwonagora.pl\\\/\",\"name\":\"Wojew\u00f3dzki Szpital Specjalistyczny im. \u015aw. Rafa\u0142a w Czerwonej G\u00f3rze\",\"description\":\"Wojew\u00f3dzki Szpital Specjalistyczny im. \u015aw. Rafa\u0142a w Czerwonej G\u00f3rze\",\"publisher\":{\"@id\":\"https:\\\/\\\/czerwonagora.pl\\\/#organization\"},\"potentialAction\":[{\"@type\":\"SearchAction\",\"target\":{\"@type\":\"EntryPoint\",\"urlTemplate\":\"https:\\\/\\\/czerwonagora.pl\\\/?s={search_term_string}\"},\"query-input\":{\"@type\":\"PropertyValueSpecification\",\"valueRequired\":true,\"valueName\":\"search_term_string\"}}],\"inLanguage\":\"pl-PL\"},{\"@type\":\"Organization\",\"@id\":\"https:\\\/\\\/czerwonagora.pl\\\/#organization\",\"name\":\"Wojew\u00f3dzki Szpital Specjalistyczny im. \u015aw. Rafa\u0142a w Czerwonej G\u00f3rze\",\"url\":\"https:\\\/\\\/czerwonagora.pl\\\/\",\"logo\":{\"@type\":\"ImageObject\",\"inLanguage\":\"pl-PL\",\"@id\":\"https:\\\/\\\/czerwonagora.pl\\\/#\\\/schema\\\/logo\\\/image\\\/\",\"url\":\"https:\\\/\\\/czerwonagora.pl\\\/wp-content\\\/uploads\\\/2021\\\/06\\\/Logo-WSS-DUZE-transparentne.png\",\"contentUrl\":\"https:\\\/\\\/czerwonagora.pl\\\/wp-content\\\/uploads\\\/2021\\\/06\\\/Logo-WSS-DUZE-transparentne.png\",\"width\":4210,\"height\":2975,\"caption\":\"Wojew\u00f3dzki Szpital Specjalistyczny im. \u015aw. Rafa\u0142a w Czerwonej G\u00f3rze\"},\"image\":{\"@id\":\"https:\\\/\\\/czerwonagora.pl\\\/#\\\/schema\\\/logo\\\/image\\\/\"},\"sameAs\":[\"https:\\\/\\\/www.facebook.com\\\/SzpitalCzerwonaGora\\\/\"]},{\"@type\":\"Person\",\"@id\":\"https:\\\/\\\/czerwonagora.pl\\\/#\\\/schema\\\/person\\\/ab92f8d01438d11b0a22cdc2637caaee\",\"name\":\"Leszek Broda\",\"image\":{\"@type\":\"ImageObject\",\"inLanguage\":\"pl-PL\",\"@id\":\"https:\\\/\\\/czerwonagora.pl\\\/wp-content\\\/litespeed\\\/avatar\\\/d54f21772e65834bc3b45efe3cb566d0.jpg?ver=1777382079\",\"url\":\"https:\\\/\\\/czerwonagora.pl\\\/wp-content\\\/litespeed\\\/avatar\\\/d54f21772e65834bc3b45efe3cb566d0.jpg?ver=1777382079\",\"contentUrl\":\"https:\\\/\\\/czerwonagora.pl\\\/wp-content\\\/litespeed\\\/avatar\\\/d54f21772e65834bc3b45efe3cb566d0.jpg?ver=1777382079\",\"caption\":\"Leszek Broda\"},\"sameAs\":[\"http:\\\/\\\/www.czerwonagora.pl\"],\"url\":\"https:\\\/\\\/czerwonagora.pl\\\/index.php\\\/author\\\/l-broda\\\/\"}]}<\/script>\n<!-- \/ Yoast SEO plugin. -->","yoast_head_json":{"title":"Nab\u00f3r na stanowisko Piel\u0119gniarka w Zak\u0142adzie Opieku\u0144czo-Leczniczym - Wojew\u00f3dzki Szpital Specjalistyczny im. \u015aw. Rafa\u0142a w Czerwonej G\u00f3rze","robots":{"index":"index","follow":"follow","max-snippet":"max-snippet:-1","max-image-preview":"max-image-preview:large","max-video-preview":"max-video-preview:-1"},"canonical":"https:\/\/czerwonagora.pl\/index.php\/2021\/07\/15\/nabor-na-stanowisko-pielegniarka-w-zakladzie-opiekunczo-leczniczym\/","og_locale":"pl_PL","og_type":"article","og_title":"Nab\u00f3r na stanowisko Piel\u0119gniarka w Zak\u0142adzie Opieku\u0144czo-Leczniczym - Wojew\u00f3dzki Szpital Specjalistyczny im. \u015aw. Rafa\u0142a w Czerwonej G\u00f3rze","og_description":"Nab\u00f3r na stanowisko Piel\u0119gniarka w Zak\u0142adzie Opieku\u0144czo-Leczniczym \u00a0 Dyrekcja Wojew\u00f3dzkiego Szpitala Specjalistycznego im. \u015bw. Rafa\u0142a w Czerwonej G\u00f3rze poszukuje osoby do pracy na stanowiskuPIEL\u0118GNIARKA W Zak\u0142adzie Opieku\u0144czo &#8211; Leczniczym w Wojew\u00f3dzkim Szpitalu Specjalistycznym im. \u015bw. Rafa\u0142a w Czerwonej G\u00f3rzeWymagania: wykszta\u0142cenie medyczne w dziedzinie piel\u0119gniarstwa; aktualne prawo wykonywania zawodu. Preferowane dodatkowe kwalifikacje:Specjalizacja lub kurs kwalifikacyjny lub [&hellip;]","og_url":"https:\/\/czerwonagora.pl\/index.php\/2021\/07\/15\/nabor-na-stanowisko-pielegniarka-w-zakladzie-opiekunczo-leczniczym\/","og_site_name":"Wojew\u00f3dzki Szpital Specjalistyczny im. \u015aw. Rafa\u0142a w Czerwonej G\u00f3rze","article_publisher":"https:\/\/www.facebook.com\/SzpitalCzerwonaGora\/","article_published_time":"2021-07-15T09:44:00+00:00","article_modified_time":"2021-08-03T07:54:54+00:00","og_image":[{"url":"https:\/\/czerwonagora.pl\/wp-content\/uploads\/2021\/07\/Oferta_pracy_pielegniarka.jpg","type":"","width":"","height":""}],"author":"Leszek Broda","twitter_card":"summary_large_image","twitter_misc":{"Napisane przez":"Leszek Broda","Szacowany czas czytania":"2 minuty"},"schema":{"@context":"https:\/\/schema.org","@graph":[{"@type":"Article","@id":"https:\/\/czerwonagora.pl\/index.php\/2021\/07\/15\/nabor-na-stanowisko-pielegniarka-w-zakladzie-opiekunczo-leczniczym\/#article","isPartOf":{"@id":"https:\/\/czerwonagora.pl\/index.php\/2021\/07\/15\/nabor-na-stanowisko-pielegniarka-w-zakladzie-opiekunczo-leczniczym\/"},"author":{"name":"Leszek Broda","@id":"https:\/\/czerwonagora.pl\/#\/schema\/person\/ab92f8d01438d11b0a22cdc2637caaee"},"headline":"Nab\u00f3r na stanowisko Piel\u0119gniarka w Zak\u0142adzie Opieku\u0144czo-Leczniczym","datePublished":"2021-07-15T09:44:00+00:00","dateModified":"2021-08-03T07:54:54+00:00","mainEntityOfPage":{"@id":"https:\/\/czerwonagora.pl\/index.php\/2021\/07\/15\/nabor-na-stanowisko-pielegniarka-w-zakladzie-opiekunczo-leczniczym\/"},"wordCount":396,"publisher":{"@id":"https:\/\/czerwonagora.pl\/#organization"},"image":{"@id":"https:\/\/czerwonagora.pl\/index.php\/2021\/07\/15\/nabor-na-stanowisko-pielegniarka-w-zakladzie-opiekunczo-leczniczym\/#primaryimage"},"thumbnailUrl":"https:\/\/czerwonagora.pl\/wp-content\/uploads\/2021\/07\/Oferta_pracy_pielegniarka.jpg","articleSection":["Oferty pracy"],"inLanguage":"pl-PL"},{"@type":"WebPage","@id":"https:\/\/czerwonagora.pl\/index.php\/2021\/07\/15\/nabor-na-stanowisko-pielegniarka-w-zakladzie-opiekunczo-leczniczym\/","url":"https:\/\/czerwonagora.pl\/index.php\/2021\/07\/15\/nabor-na-stanowisko-pielegniarka-w-zakladzie-opiekunczo-leczniczym\/","name":"Nab\u00f3r na stanowisko Piel\u0119gniarka w Zak\u0142adzie Opieku\u0144czo-Leczniczym - Wojew\u00f3dzki Szpital Specjalistyczny im. \u015aw. Rafa\u0142a w Czerwonej G\u00f3rze","isPartOf":{"@id":"https:\/\/czerwonagora.pl\/#website"},"primaryImageOfPage":{"@id":"https:\/\/czerwonagora.pl\/index.php\/2021\/07\/15\/nabor-na-stanowisko-pielegniarka-w-zakladzie-opiekunczo-leczniczym\/#primaryimage"},"image":{"@id":"https:\/\/czerwonagora.pl\/index.php\/2021\/07\/15\/nabor-na-stanowisko-pielegniarka-w-zakladzie-opiekunczo-leczniczym\/#primaryimage"},"thumbnailUrl":"https:\/\/czerwonagora.pl\/wp-content\/uploads\/2021\/07\/Oferta_pracy_pielegniarka.jpg","datePublished":"2021-07-15T09:44:00+00:00","dateModified":"2021-08-03T07:54:54+00:00","breadcrumb":{"@id":"https:\/\/czerwonagora.pl\/index.php\/2021\/07\/15\/nabor-na-stanowisko-pielegniarka-w-zakladzie-opiekunczo-leczniczym\/#breadcrumb"},"inLanguage":"pl-PL","potentialAction":[{"@type":"ReadAction","target":["https:\/\/czerwonagora.pl\/index.php\/2021\/07\/15\/nabor-na-stanowisko-pielegniarka-w-zakladzie-opiekunczo-leczniczym\/"]}]},{"@type":"ImageObject","inLanguage":"pl-PL","@id":"https:\/\/czerwonagora.pl\/index.php\/2021\/07\/15\/nabor-na-stanowisko-pielegniarka-w-zakladzie-opiekunczo-leczniczym\/#primaryimage","url":"https:\/\/czerwonagora.pl\/wp-content\/uploads\/2021\/07\/Oferta_pracy_pielegniarka.jpg","contentUrl":"https:\/\/czerwonagora.pl\/wp-content\/uploads\/2021\/07\/Oferta_pracy_pielegniarka.jpg","width":803,"height":360,"caption":"logo na niebieskim tle na kt\u00f3rym znajduja sie dwie osoby ubrana na bia\u0142o oraz tekstem koloru bia\u0142ego Oferta Pracy"},{"@type":"BreadcrumbList","@id":"https:\/\/czerwonagora.pl\/index.php\/2021\/07\/15\/nabor-na-stanowisko-pielegniarka-w-zakladzie-opiekunczo-leczniczym\/#breadcrumb","itemListElement":[{"@type":"ListItem","position":1,"name":"Strona g\u0142\u00f3wna","item":"https:\/\/czerwonagora.pl\/"},{"@type":"ListItem","position":2,"name":"Nab\u00f3r na stanowisko Piel\u0119gniarka w Zak\u0142adzie Opieku\u0144czo-Leczniczym"}]},{"@type":"WebSite","@id":"https:\/\/czerwonagora.pl\/#website","url":"https:\/\/czerwonagora.pl\/","name":"Wojew\u00f3dzki Szpital Specjalistyczny im. \u015aw. Rafa\u0142a w Czerwonej G\u00f3rze","description":"Wojew\u00f3dzki Szpital Specjalistyczny im. \u015aw. Rafa\u0142a w Czerwonej G\u00f3rze","publisher":{"@id":"https:\/\/czerwonagora.pl\/#organization"},"potentialAction":[{"@type":"SearchAction","target":{"@type":"EntryPoint","urlTemplate":"https:\/\/czerwonagora.pl\/?s={search_term_string}"},"query-input":{"@type":"PropertyValueSpecification","valueRequired":true,"valueName":"search_term_string"}}],"inLanguage":"pl-PL"},{"@type":"Organization","@id":"https:\/\/czerwonagora.pl\/#organization","name":"Wojew\u00f3dzki Szpital Specjalistyczny im. \u015aw. Rafa\u0142a w Czerwonej G\u00f3rze","url":"https:\/\/czerwonagora.pl\/","logo":{"@type":"ImageObject","inLanguage":"pl-PL","@id":"https:\/\/czerwonagora.pl\/#\/schema\/logo\/image\/","url":"https:\/\/czerwonagora.pl\/wp-content\/uploads\/2021\/06\/Logo-WSS-DUZE-transparentne.png","contentUrl":"https:\/\/czerwonagora.pl\/wp-content\/uploads\/2021\/06\/Logo-WSS-DUZE-transparentne.png","width":4210,"height":2975,"caption":"Wojew\u00f3dzki Szpital Specjalistyczny im. \u015aw. Rafa\u0142a w Czerwonej G\u00f3rze"},"image":{"@id":"https:\/\/czerwonagora.pl\/#\/schema\/logo\/image\/"},"sameAs":["https:\/\/www.facebook.com\/SzpitalCzerwonaGora\/"]},{"@type":"Person","@id":"https:\/\/czerwonagora.pl\/#\/schema\/person\/ab92f8d01438d11b0a22cdc2637caaee","name":"Leszek Broda","image":{"@type":"ImageObject","inLanguage":"pl-PL","@id":"https:\/\/czerwonagora.pl\/wp-content\/litespeed\/avatar\/d54f21772e65834bc3b45efe3cb566d0.jpg?ver=1777382079","url":"https:\/\/czerwonagora.pl\/wp-content\/litespeed\/avatar\/d54f21772e65834bc3b45efe3cb566d0.jpg?ver=1777382079","contentUrl":"https:\/\/czerwonagora.pl\/wp-content\/litespeed\/avatar\/d54f21772e65834bc3b45efe3cb566d0.jpg?ver=1777382079","caption":"Leszek Broda"},"sameAs":["http:\/\/www.czerwonagora.pl"],"url":"https:\/\/czerwonagora.pl\/index.php\/author\/l-broda\/"}]}},"publishpress_future_action":{"enabled":false,"date":"2026-05-06 09:12:15","action":"change-status","newStatus":"draft","terms":[],"taxonomy":"category","extraData":[]},"publishpress_future_workflow_manual_trigger":{"enabledWorkflows":[]},"_links":{"self":[{"href":"https:\/\/czerwonagora.pl\/index.php\/wp-json\/wp\/v2\/posts\/11098","targetHints":{"allow":["GET"]}}],"collection":[{"href":"https:\/\/czerwonagora.pl\/index.php\/wp-json\/wp\/v2\/posts"}],"about":[{"href":"https:\/\/czerwonagora.pl\/index.php\/wp-json\/wp\/v2\/types\/post"}],"author":[{"embeddable":true,"href":"https:\/\/czerwonagora.pl\/index.php\/wp-json\/wp\/v2\/users\/4"}],"replies":[{"embeddable":true,"href":"https:\/\/czerwonagora.pl\/index.php\/wp-json\/wp\/v2\/comments?post=11098"}],"version-history":[{"count":31,"href":"https:\/\/czerwonagora.pl\/index.php\/wp-json\/wp\/v2\/posts\/11098\/revisions"}],"predecessor-version":[{"id":11142,"href":"https:\/\/czerwonagora.pl\/index.php\/wp-json\/wp\/v2\/posts\/11098\/revisions\/11142"}],"wp:attachment":[{"href":"https:\/\/czerwonagora.pl\/index.php\/wp-json\/wp\/v2\/media?parent=11098"}],"wp:term":[{"taxonomy":"category","embeddable":true,"href":"https:\/\/czerwonagora.pl\/index.php\/wp-json\/wp\/v2\/categories?post=11098"},{"taxonomy":"post_tag","embeddable":true,"href":"https:\/\/czerwonagora.pl\/index.php\/wp-json\/wp\/v2\/tags?post=11098"}],"curies":[{"name":"wp","href":"https:\/\/api.w.org\/{rel}","templated":true}]}}