{"id":12842,"date":"2021-08-05T13:06:06","date_gmt":"2021-08-05T11:06:06","guid":{"rendered":"https:\/\/czerwonagora.pl\/?p=12842"},"modified":"2021-08-13T14:25:50","modified_gmt":"2021-08-13T12:25:50","slug":"pierwszy-pacjent-w-zakladzie-opiekunczo-leczniczym","status":"publish","type":"post","link":"https:\/\/czerwonagora.pl\/index.php\/2021\/08\/05\/pierwszy-pacjent-w-zakladzie-opiekunczo-leczniczym\/","title":{"rendered":"Pierwszy pacjent w Zak\u0142adzie Opieku\u0144czo-Leczniczym"},"content":{"rendered":"\t\t<div data-elementor-type=\"wp-post\" data-elementor-id=\"12842\" class=\"elementor elementor-12842\">\n\t\t\t\t\t\t<section class=\"elementor-section elementor-top-section elementor-element elementor-element-77d7d21a elementor-section-boxed elementor-section-height-default elementor-section-height-default\" data-id=\"77d7d21a\" data-element_type=\"section\" data-e-type=\"section\">\n\t\t\t\t\t\t<div class=\"elementor-container elementor-column-gap-default\">\n\t\t\t\t\t<div class=\"elementor-column elementor-col-100 elementor-top-column elementor-element elementor-element-54fb74c1\" data-id=\"54fb74c1\" data-element_type=\"column\" data-e-type=\"column\">\n\t\t\t<div class=\"elementor-widget-wrap elementor-element-populated\">\n\t\t\t\t\t\t<div class=\"elementor-element elementor-element-100658e elementor-widget elementor-widget-text-editor\" data-id=\"100658e\" data-element_type=\"widget\" data-e-type=\"widget\" data-widget_type=\"text-editor.default\">\n\t\t\t\t<div class=\"elementor-widget-container\">\n\t\t\t\t\t\t\t\t\t<div class=\"entry-header\"><p><strong><img fetchpriority=\"high\" decoding=\"async\" class=\"alignleft wp-image-12843\" src=\"https:\/\/czerwonagora.pl\/wp-content\/uploads\/2021\/08\/zoll-300x200.jpg\" alt=\"\" width=\"400\" height=\"267\" srcset=\"https:\/\/czerwonagora.pl\/wp-content\/uploads\/2021\/08\/zoll-300x200.jpg 300w, https:\/\/czerwonagora.pl\/wp-content\/uploads\/2021\/08\/zoll-1024x683.jpg 1024w, https:\/\/czerwonagora.pl\/wp-content\/uploads\/2021\/08\/zoll-768x512.jpg 768w, https:\/\/czerwonagora.pl\/wp-content\/uploads\/2021\/08\/zoll.jpg 1500w\" sizes=\"(max-width: 400px) 100vw, 400px\" \/>Pierwszy pacjent w Zak\u0142adzie Opieku\u0144czo-Leczniczym<\/strong><\/p><p>\u00a0<\/p><\/div><div><p><strong>Pierwszy pacjent z ci\u0119\u017ck\u0105 niewydolno\u015bci\u0105 oddechow\u0105 trafi\u0142 we wtorek, 3 sierpnia do Zak\u0142adu Opieku\u0144czo-Leczniczego <br \/>w Wojew\u00f3dzkim Szpitalu Specjalistycznym imienia \u015awi\u0119tego Rafa\u0142a w Czerwonej G\u00f3rze. O\u015brodek dysponuje aktualnie 20 miejscami dla chorych.<\/strong><\/p><p>&#8211; To historyczny moment \u2013 m\u00f3wi dyrektor lecznicy Youssef Sleiman. &#8211; ZOL w Wojew\u00f3dzkim Szpitalu Specjalistycznym w Czerwonej G\u00f3rze jest jedynym o\u015brodkiem w regionie, w kt\u00f3rym pomoc znajd\u0105 pacjenci wymagaj\u0105cy wentylacji mechanicznej. Do tej pory tacy chorzy musieli by\u0107 transportowani do plac\u00f3wek poza region \u015bwi\u0119tokrzyski \u2013 podkre\u015bla Youssef Sleiman.<\/p><p>Youssef Sleiman informuje, \u017ce m\u0119\u017cczyzna, kt\u00f3ry jako pierwszy zosta\u0142 przyj\u0119ty do nowo otwartego zak\u0142adu, by\u0142 wcze\u015bniej hospitalizowany w szpitalu w Czerwonej G\u00f3rze. &#8211; Po zako\u0144czeniu leczenia trafi\u0142 do o\u015brodka w Krakowie. Gdy jednak uruchomiono ZOL w Czerwonej-G\u00f3rze, wyrazi\u0142 gotowo\u015b\u0107 powrotu do plac\u00f3wki w \u015awi\u0119tokrzyskiem \u2013 m\u00f3wi dyrektor Wojew\u00f3dzkiego Szpitala Specjalistycznego imienia \u015awi\u0119tego Rafa\u0142a w Czerwonej G\u00f3rze.<\/p><p>Dla pacjent\u00f3w z ci\u0119\u017ck\u0105 niewydolno\u015bci\u0105 oddechow\u0105, kt\u00f3rzy wymagaj\u0105 wentylowania za pomoc\u0105 respiratora, w nowym o\u015brodku przygotowano 22 \u0142o\u017cka. S\u0105 one zlokalizowane na pierwszym pi\u0119trze obiektu. \u0141\u0105cznie w ZOL jest 66 miejsc dla os\u00f3b o r\u00f3\u017cnym stopniu samodzielno\u015bci.<\/p><p>Narodowy Fundusz Zdrowia podpisa\u0142 na razie z plac\u00f3wk\u0105 umow\u0119 na 20 \u0142\u00f3\u017cek respiratorowych. Dyrekcja liczy, \u017ce niebawem NFZ og\u0142osi konkurs na pozosta\u0142e \u015bwiadczenia to jest na opiek\u0119 dla pacjent\u00f3w nie wymagaj\u0105cych wentylacji mechanicznej i ZOL b\u0119dzie m\u00f3g\u0142 przyjmowa\u0107 kolejne osoby.<\/p><p>&#8211; Pacjenci przebywaj\u0105cy w o\u015brodku maj\u0105 zapewnion\u0105 ca\u0142odobow\u0105 opiek\u0119 piel\u0119gniarsk\u0105. Wizyty lekarskie odbywaj\u0105 si\u0119 planowo dwa razy w tygodniu i dora\u017anie w razie potrzeby \u2013 m\u00f3wi Youssef Sleiman.<\/p><p>ZOL przyjmuje osoby, kt\u00f3re zako\u0144czy\u0142y i maj\u0105 udokumentowane leczenie przyczynowe, jednak ze wzgl\u0119du na sw\u00f3j stan zdrowotny nie mog\u0105 przebywa\u0107 w domu bez specjalistycznej opieki.<\/p><p>Przed przyj\u0119ciem do plac\u00f3wki pacjent musi mie\u0107 wykonane badania diagnostyczne, kt\u00f3re potwierdz\u0105 konieczno\u015b\u0107 sta\u0142ego b\u0105d\u017a okresowego wentylowania mechanicznego. Szczeg\u00f3\u0142owe informacje na temat zasad kwalifikacji i niezb\u0119dne dokumenty s\u0105 dost\u0119pnego do pobrania ze strony internetowej Wojew\u00f3dzkiego Szpitala Specjalistycznego imienia \u015awi\u0119tego Rafa\u0142a w Czerwonej G\u00f3rze. Rodziny mog\u0105 sk\u0142ada\u0107 wnioski osobi\u015bcie lub przesy\u0142a\u0107 dokumentacj\u0119 poczt\u0105.<\/p><p>Ostateczn\u0105 decyzj\u0119 w sprawie przyj\u0119cia pacjenta do ZOL podejmuje lekarz anestezjolog.<\/p><p>Budowa ZOL rozpocz\u0119\u0142a si\u0119 w 2018 roku, a zako\u0144czy\u0142a w zesz\u0142ym. Z uwagi na pandemi\u0119 \u0142\u00f3\u017cka s\u0142u\u017cy\u0142y jednak w pierwszych miesi\u0105cach po zako\u0144czeniu prac pacjentom, kt\u00f3rzy wymagali hospitalizacji <br \/>z powodu COVID-19. Warto\u015b\u0107 inwestycji to prawie 17 milion\u00f3w z\u0142otych.<\/p><p>Budynek jest kompleksowo przystosowany do przyj\u0119cia pacjent\u00f3w o r\u00f3\u017cnym stopniu samodzielno\u015bci czy wymaganej diety. Wszystkie pomieszczenia zosta\u0142y dostosowane dla potrzeb os\u00f3b niepe\u0142nosprawnych. ZOL zapewnia wygod\u0119 i komfortowe warunki mieszkalne. W obiekcie znajduje si\u0119 szereg nowoczesnych instalacji s\u0142u\u017c\u0105cych podniesieniu bezpiecze\u0144stwa pacjent\u00f3w.<\/p><\/div>\t\t\t\t\t\t\t\t<\/div>\n\t\t\t\t<\/div>\n\t\t\t\t\t<\/div>\n\t\t<\/div>\n\t\t\t\t\t<\/div>\n\t\t<\/section>\n\t\t\t\t<section class=\"elementor-section elementor-top-section elementor-element elementor-element-224cf49c elementor-section-stretched elementor-section-boxed elementor-section-height-default elementor-section-height-default\" data-id=\"224cf49c\" data-element_type=\"section\" data-e-type=\"section\" data-settings=\"{&quot;background_background&quot;:&quot;classic&quot;,&quot;stretch_section&quot;:&quot;section-stretched&quot;}\">\n\t\t\t\t\t\t<div class=\"elementor-container elementor-column-gap-default\">\n\t\t\t\t\t<div class=\"elementor-column elementor-col-100 elementor-top-column elementor-element elementor-element-33c53fa\" data-id=\"33c53fa\" data-element_type=\"column\" data-e-type=\"column\">\n\t\t\t<div class=\"elementor-widget-wrap elementor-element-populated\">\n\t\t\t\t\t\t<div class=\"elementor-element elementor-element-12b254e1 gallery-spacing-custom elementor-invisible elementor-widget elementor-widget-image-gallery\" data-id=\"12b254e1\" data-element_type=\"widget\" data-e-type=\"widget\" data-settings=\"{&quot;_animation&quot;:&quot;fadeIn&quot;,&quot;_animation_delay&quot;:200}\" data-widget_type=\"image-gallery.default\">\n\t\t\t\t<div class=\"elementor-widget-container\">\n\t\t\t\t\t\t\t<div class=\"elementor-image-gallery\">\n\t\t\t<div id='gallery-1' class='gallery galleryid-12842 gallery-columns-3 gallery-size-medium'><figure class='gallery-item'>\n\t\t\t<div class='gallery-icon landscape'>\n\t\t\t\t<a data-elementor-open-lightbox=\"yes\" data-elementor-lightbox-slideshow=\"12b254e1\" data-e-action-hash=\"#elementor-action%3Aaction%3Dlightbox%26settings%3DeyJpZCI6MTI4NTksInVybCI6Imh0dHBzOlwvXC9jemVyd29uYWdvcmEucGxcL3dwLWNvbnRlbnRcL3VwbG9hZHNcLzIwMjFcLzA4XC96b2w3LmpwZyIsInNsaWRlc2hvdyI6IjEyYjI1NGUxIn0%3D\" href='https:\/\/czerwonagora.pl\/wp-content\/uploads\/2021\/08\/zol7.jpg'><img decoding=\"async\" width=\"300\" height=\"200\" src=\"https:\/\/czerwonagora.pl\/wp-content\/uploads\/2021\/08\/zol7-300x200.jpg\" class=\"attachment-medium size-medium\" alt=\"Budynek ZOL koloru bia\u0142ego z pomaranczowymi pasami, w g\u00f3rnym rogu po prawej stronie znaduj\u0119 sie niebieskie logo ZOL.\" srcset=\"https:\/\/czerwonagora.pl\/wp-content\/uploads\/2021\/08\/zol7-300x200.jpg 300w, https:\/\/czerwonagora.pl\/wp-content\/uploads\/2021\/08\/zol7-1024x683.jpg 1024w, https:\/\/czerwonagora.pl\/wp-content\/uploads\/2021\/08\/zol7-768x512.jpg 768w, https:\/\/czerwonagora.pl\/wp-content\/uploads\/2021\/08\/zol7.jpg 1152w\" sizes=\"(max-width: 300px) 100vw, 300px\" \/><\/a>\n\t\t\t<\/div><\/figure><figure class='gallery-item'>\n\t\t\t<div class='gallery-icon landscape'>\n\t\t\t\t<a data-elementor-open-lightbox=\"yes\" data-elementor-lightbox-slideshow=\"12b254e1\" data-e-action-hash=\"#elementor-action%3Aaction%3Dlightbox%26settings%3DeyJpZCI6MTI4NTQsInVybCI6Imh0dHBzOlwvXC9jemVyd29uYWdvcmEucGxcL3dwLWNvbnRlbnRcL3VwbG9hZHNcLzIwMjFcLzA4XC96b2wyLmpwZyIsInNsaWRlc2hvdyI6IjEyYjI1NGUxIn0%3D\" href='https:\/\/czerwonagora.pl\/wp-content\/uploads\/2021\/08\/zol2.jpg'><img decoding=\"async\" width=\"300\" height=\"225\" src=\"https:\/\/czerwonagora.pl\/wp-content\/uploads\/2021\/08\/zol2-300x225.jpg\" class=\"attachment-medium size-medium\" alt=\"Osoby maj\u0105ce na ustach maseczki ochronne koloru niebieskiego przenosz\u0105 pacjenta na \u0142\u00f3\u017cko medyczne koloru zielonego.\" srcset=\"https:\/\/czerwonagora.pl\/wp-content\/uploads\/2021\/08\/zol2-300x225.jpg 300w, https:\/\/czerwonagora.pl\/wp-content\/uploads\/2021\/08\/zol2-768x576.jpg 768w, https:\/\/czerwonagora.pl\/wp-content\/uploads\/2021\/08\/zol2.jpg 1024w\" sizes=\"(max-width: 300px) 100vw, 300px\" \/><\/a>\n\t\t\t<\/div><\/figure><figure class='gallery-item'>\n\t\t\t<div class='gallery-icon portrait'>\n\t\t\t\t<a data-elementor-open-lightbox=\"yes\" data-elementor-lightbox-slideshow=\"12b254e1\" data-e-action-hash=\"#elementor-action%3Aaction%3Dlightbox%26settings%3DeyJpZCI6MTI4NjIsInVybCI6Imh0dHBzOlwvXC9jemVyd29uYWdvcmEucGxcL3dwLWNvbnRlbnRcL3VwbG9hZHNcLzIwMjFcLzA4XC96b2wxMC5qcGciLCJzbGlkZXNob3ciOiIxMmIyNTRlMSJ9\" href='https:\/\/czerwonagora.pl\/wp-content\/uploads\/2021\/08\/zol10.jpg'><img loading=\"lazy\" decoding=\"async\" width=\"225\" height=\"300\" src=\"https:\/\/czerwonagora.pl\/wp-content\/uploads\/2021\/08\/zol10-225x300.jpg\" class=\"attachment-medium size-medium\" alt=\"Zol na korytarzu koloru bia\u0142ego 4 osoby maj\u0105ce na twarzy maseczki ochronne przenosz\u0105 pierwszego pacjenat ZOL\" srcset=\"https:\/\/czerwonagora.pl\/wp-content\/uploads\/2021\/08\/zol10-225x300.jpg 225w, https:\/\/czerwonagora.pl\/wp-content\/uploads\/2021\/08\/zol10.jpg 768w\" sizes=\"(max-width: 225px) 100vw, 225px\" \/><\/a>\n\t\t\t<\/div><\/figure><figure class='gallery-item'>\n\t\t\t<div class='gallery-icon landscape'>\n\t\t\t\t<a data-elementor-open-lightbox=\"yes\" data-elementor-lightbox-slideshow=\"12b254e1\" data-e-action-hash=\"#elementor-action%3Aaction%3Dlightbox%26settings%3DeyJpZCI6MTI4NjEsInVybCI6Imh0dHBzOlwvXC9jemVyd29uYWdvcmEucGxcL3dwLWNvbnRlbnRcL3VwbG9hZHNcLzIwMjFcLzA4XC96b2w5LmpwZyIsInNsaWRlc2hvdyI6IjEyYjI1NGUxIn0%3D\" href='https:\/\/czerwonagora.pl\/wp-content\/uploads\/2021\/08\/zol9.jpg'><img loading=\"lazy\" decoding=\"async\" width=\"300\" height=\"200\" src=\"https:\/\/czerwonagora.pl\/wp-content\/uploads\/2021\/08\/zol9-300x200.jpg\" class=\"attachment-medium size-medium\" alt=\"W pomieszczeniu znajduja sie dwa \u0142\u00f3\u017cka medyczne koloru zielonego oaz st\u00f3\u0142 i krzese\u0142ko koloru zielonego\" srcset=\"https:\/\/czerwonagora.pl\/wp-content\/uploads\/2021\/08\/zol9-300x200.jpg 300w, https:\/\/czerwonagora.pl\/wp-content\/uploads\/2021\/08\/zol9-1024x683.jpg 1024w, https:\/\/czerwonagora.pl\/wp-content\/uploads\/2021\/08\/zol9-768x512.jpg 768w, https:\/\/czerwonagora.pl\/wp-content\/uploads\/2021\/08\/zol9.jpg 1152w\" sizes=\"(max-width: 300px) 100vw, 300px\" \/><\/a>\n\t\t\t<\/div><\/figure><figure class='gallery-item'>\n\t\t\t<div class='gallery-icon landscape'>\n\t\t\t\t<a data-elementor-open-lightbox=\"yes\" data-elementor-lightbox-slideshow=\"12b254e1\" data-e-action-hash=\"#elementor-action%3Aaction%3Dlightbox%26settings%3DeyJpZCI6MTI4NjAsInVybCI6Imh0dHBzOlwvXC9jemVyd29uYWdvcmEucGxcL3dwLWNvbnRlbnRcL3VwbG9hZHNcLzIwMjFcLzA4XC96b2w4LmpwZyIsInNsaWRlc2hvdyI6IjEyYjI1NGUxIn0%3D\" href='https:\/\/czerwonagora.pl\/wp-content\/uploads\/2021\/08\/zol8.jpg'><img loading=\"lazy\" decoding=\"async\" width=\"300\" height=\"200\" src=\"https:\/\/czerwonagora.pl\/wp-content\/uploads\/2021\/08\/zol8-300x200.jpg\" class=\"attachment-medium size-medium\" alt=\"W pomieszczeniu znajduj\u0119 sie \u0142\u00f3\u017cko medyczne koloru zielonego wrza z aparatur\u0105 medyczn\u0105 kt\u00f3ra znaduje sie na szafce z k\u00f3\u0142kami obrotowymi\" srcset=\"https:\/\/czerwonagora.pl\/wp-content\/uploads\/2021\/08\/zol8-300x200.jpg 300w, https:\/\/czerwonagora.pl\/wp-content\/uploads\/2021\/08\/zol8-1024x683.jpg 1024w, https:\/\/czerwonagora.pl\/wp-content\/uploads\/2021\/08\/zol8-768x512.jpg 768w, https:\/\/czerwonagora.pl\/wp-content\/uploads\/2021\/08\/zol8.jpg 1152w\" sizes=\"(max-width: 300px) 100vw, 300px\" \/><\/a>\n\t\t\t<\/div><\/figure><figure class='gallery-item'>\n\t\t\t<div class='gallery-icon landscape'>\n\t\t\t\t<a data-elementor-open-lightbox=\"yes\" data-elementor-lightbox-slideshow=\"12b254e1\" data-e-action-hash=\"#elementor-action%3Aaction%3Dlightbox%26settings%3DeyJpZCI6MTI4NTgsInVybCI6Imh0dHBzOlwvXC9jemVyd29uYWdvcmEucGxcL3dwLWNvbnRlbnRcL3VwbG9hZHNcLzIwMjFcLzA4XC96b2w2LmpwZyIsInNsaWRlc2hvdyI6IjEyYjI1NGUxIn0%3D\" href='https:\/\/czerwonagora.pl\/wp-content\/uploads\/2021\/08\/zol6.jpg'><img loading=\"lazy\" decoding=\"async\" width=\"300\" height=\"225\" src=\"https:\/\/czerwonagora.pl\/wp-content\/uploads\/2021\/08\/zol6-300x225.jpg\" class=\"attachment-medium size-medium\" alt=\"w pomieszczeniu rehabilitacyjnym koloru szarego znajduj\u0105 sie urz\u0105dzenia koloru czarnego, niebieskiego i szarego do rehablilitacji medycznej\" srcset=\"https:\/\/czerwonagora.pl\/wp-content\/uploads\/2021\/08\/zol6-300x225.jpg 300w, https:\/\/czerwonagora.pl\/wp-content\/uploads\/2021\/08\/zol6-768x576.jpg 768w, https:\/\/czerwonagora.pl\/wp-content\/uploads\/2021\/08\/zol6.jpg 1024w\" sizes=\"(max-width: 300px) 100vw, 300px\" \/><\/a>\n\t\t\t<\/div><\/figure><figure class='gallery-item'>\n\t\t\t<div class='gallery-icon landscape'>\n\t\t\t\t<a data-elementor-open-lightbox=\"yes\" data-elementor-lightbox-slideshow=\"12b254e1\" data-e-action-hash=\"#elementor-action%3Aaction%3Dlightbox%26settings%3DeyJpZCI6MTI4NTcsInVybCI6Imh0dHBzOlwvXC9jemVyd29uYWdvcmEucGxcL3dwLWNvbnRlbnRcL3VwbG9hZHNcLzIwMjFcLzA4XC96b2w1LmpwZyIsInNsaWRlc2hvdyI6IjEyYjI1NGUxIn0%3D\" href='https:\/\/czerwonagora.pl\/wp-content\/uploads\/2021\/08\/zol5.jpg'><img loading=\"lazy\" decoding=\"async\" width=\"300\" height=\"225\" src=\"https:\/\/czerwonagora.pl\/wp-content\/uploads\/2021\/08\/zol5-300x225.jpg\" class=\"attachment-medium size-medium\" alt=\"Toaleta kolru szarego w kt\u00f3rej znajduj\u0119 si\u0119 umywalka koloru bia\u0142ego wraz prysznicem z parawanami koloru niebieskiego i muszl\u0105 klozetow\u0105 koloru bia\u0142ego.\" srcset=\"https:\/\/czerwonagora.pl\/wp-content\/uploads\/2021\/08\/zol5-300x225.jpg 300w, https:\/\/czerwonagora.pl\/wp-content\/uploads\/2021\/08\/zol5-768x576.jpg 768w, https:\/\/czerwonagora.pl\/wp-content\/uploads\/2021\/08\/zol5.jpg 1024w\" sizes=\"(max-width: 300px) 100vw, 300px\" \/><\/a>\n\t\t\t<\/div><\/figure><figure class='gallery-item'>\n\t\t\t<div class='gallery-icon landscape'>\n\t\t\t\t<a data-elementor-open-lightbox=\"yes\" data-elementor-lightbox-slideshow=\"12b254e1\" data-e-action-hash=\"#elementor-action%3Aaction%3Dlightbox%26settings%3DeyJpZCI6MTI4NTYsInVybCI6Imh0dHBzOlwvXC9jemVyd29uYWdvcmEucGxcL3dwLWNvbnRlbnRcL3VwbG9hZHNcLzIwMjFcLzA4XC96b2w0LmpwZyIsInNsaWRlc2hvdyI6IjEyYjI1NGUxIn0%3D\" href='https:\/\/czerwonagora.pl\/wp-content\/uploads\/2021\/08\/zol4.jpg'><img loading=\"lazy\" decoding=\"async\" width=\"300\" height=\"225\" src=\"https:\/\/czerwonagora.pl\/wp-content\/uploads\/2021\/08\/zol4-300x225.jpg\" class=\"attachment-medium size-medium\" alt=\"Pomieszczenie rehabilitacyjne wyposa\u017cone w \u0142aweczk\u0119 rehabilitacyjn\u0105 koloru szarego.\" srcset=\"https:\/\/czerwonagora.pl\/wp-content\/uploads\/2021\/08\/zol4-300x225.jpg 300w, https:\/\/czerwonagora.pl\/wp-content\/uploads\/2021\/08\/zol4-768x576.jpg 768w, https:\/\/czerwonagora.pl\/wp-content\/uploads\/2021\/08\/zol4.jpg 1024w\" sizes=\"(max-width: 300px) 100vw, 300px\" \/><\/a>\n\t\t\t<\/div><\/figure><figure class='gallery-item'>\n\t\t\t<div class='gallery-icon landscape'>\n\t\t\t\t<a data-elementor-open-lightbox=\"yes\" data-elementor-lightbox-slideshow=\"12b254e1\" data-e-action-hash=\"#elementor-action%3Aaction%3Dlightbox%26settings%3DeyJpZCI6MTI4NTUsInVybCI6Imh0dHBzOlwvXC9jemVyd29uYWdvcmEucGxcL3dwLWNvbnRlbnRcL3VwbG9hZHNcLzIwMjFcLzA4XC96b2wzLmpwZyIsInNsaWRlc2hvdyI6IjEyYjI1NGUxIn0%3D\" href='https:\/\/czerwonagora.pl\/wp-content\/uploads\/2021\/08\/zol3.jpg'><img loading=\"lazy\" decoding=\"async\" width=\"300\" height=\"225\" src=\"https:\/\/czerwonagora.pl\/wp-content\/uploads\/2021\/08\/zol3-300x225.jpg\" class=\"attachment-medium size-medium\" alt=\"w pomieszczeniu rehabilitacyjnym koloru szarego znajduj\u0105 sie urz\u0105dzenia si\u0119 urz adzenia koloru czarnego, niebieskiego i szarego do rehablilitacji medycznej\" srcset=\"https:\/\/czerwonagora.pl\/wp-content\/uploads\/2021\/08\/zol3-300x225.jpg 300w, https:\/\/czerwonagora.pl\/wp-content\/uploads\/2021\/08\/zol3-768x576.jpg 768w, https:\/\/czerwonagora.pl\/wp-content\/uploads\/2021\/08\/zol3.jpg 1024w\" sizes=\"(max-width: 300px) 100vw, 300px\" \/><\/a>\n\t\t\t<\/div><\/figure>\n\t\t<\/div>\n\t\t<\/div>\n\t\t\t\t\t\t<\/div>\n\t\t\t\t<\/div>\n\t\t\t\t\t<\/div>\n\t\t<\/div>\n\t\t\t\t\t<\/div>\n\t\t<\/section>\n\t\t\t\t<\/div>\n\t\t","protected":false},"excerpt":{"rendered":"<p>Pierwszy pacjent w Zak\u0142adzie Opieku\u0144czo-Leczniczym \u00a0 Pierwszy pacjent z ci\u0119\u017ck\u0105 niewydolno\u015bci\u0105 oddechow\u0105 trafi\u0142 we wtorek, 3 sierpnia do Zak\u0142adu Opieku\u0144czo-Leczniczego w Wojew\u00f3dzkim Szpitalu Specjalistycznym imienia \u015awi\u0119tego Rafa\u0142a w Czerwonej G\u00f3rze. O\u015brodek dysponuje aktualnie 20 miejscami dla chorych. &#8211; To historyczny moment \u2013 m\u00f3wi dyrektor lecznicy Youssef Sleiman. &#8211; ZOL w Wojew\u00f3dzkim Szpitalu Specjalistycznym w Czerwonej [&hellip;]<\/p>\n","protected":false},"author":4,"featured_media":12843,"comment_status":"closed","ping_status":"closed","sticky":false,"template":"","format":"standard","meta":{"zakra_page_container_layout":"customizer","zakra_page_sidebar_layout":"customizer","zakra_remove_content_margin":false,"zakra_sidebar":"customizer","zakra_transparent_header":"customizer","zakra_logo":0,"zakra_main_header_style":"default","zakra_menu_item_color":"","zakra_menu_item_hover_color":"","zakra_menu_item_active_color":"","zakra_menu_active_style":"","zakra_page_header":true,"footnotes":""},"categories":[39],"tags":[],"class_list":["post-12842","post","type-post","status-publish","format-standard","has-post-thumbnail","hentry","category-aktualnosci"],"yoast_head":"<!-- This site is optimized with the Yoast SEO plugin v27.4 - https:\/\/yoast.com\/product\/yoast-seo-wordpress\/ -->\n<title>Pierwszy pacjent w Zak\u0142adzie Opieku\u0144czo-Leczniczym - Wojew\u00f3dzki Szpital Specjalistyczny im. \u015aw. Rafa\u0142a w Czerwonej G\u00f3rze<\/title>\n<meta name=\"robots\" content=\"index, follow, max-snippet:-1, max-image-preview:large, max-video-preview:-1\" \/>\n<link rel=\"canonical\" href=\"https:\/\/czerwonagora.pl\/index.php\/2021\/08\/05\/pierwszy-pacjent-w-zakladzie-opiekunczo-leczniczym\/\" \/>\n<meta property=\"og:locale\" content=\"pl_PL\" \/>\n<meta property=\"og:type\" content=\"article\" \/>\n<meta property=\"og:title\" content=\"Pierwszy pacjent w Zak\u0142adzie Opieku\u0144czo-Leczniczym - Wojew\u00f3dzki Szpital Specjalistyczny im. \u015aw. Rafa\u0142a w Czerwonej G\u00f3rze\" \/>\n<meta property=\"og:description\" content=\"Pierwszy pacjent w Zak\u0142adzie Opieku\u0144czo-Leczniczym \u00a0 Pierwszy pacjent z ci\u0119\u017ck\u0105 niewydolno\u015bci\u0105 oddechow\u0105 trafi\u0142 we wtorek, 3 sierpnia do Zak\u0142adu Opieku\u0144czo-Leczniczego w Wojew\u00f3dzkim Szpitalu Specjalistycznym imienia \u015awi\u0119tego Rafa\u0142a w Czerwonej G\u00f3rze. O\u015brodek dysponuje aktualnie 20 miejscami dla chorych. &#8211; To historyczny moment \u2013 m\u00f3wi dyrektor lecznicy Youssef Sleiman. &#8211; ZOL w Wojew\u00f3dzkim Szpitalu Specjalistycznym w Czerwonej [&hellip;]\" \/>\n<meta property=\"og:url\" content=\"https:\/\/czerwonagora.pl\/index.php\/2021\/08\/05\/pierwszy-pacjent-w-zakladzie-opiekunczo-leczniczym\/\" \/>\n<meta property=\"og:site_name\" content=\"Wojew\u00f3dzki Szpital Specjalistyczny im. \u015aw. Rafa\u0142a w Czerwonej G\u00f3rze\" \/>\n<meta property=\"article:publisher\" content=\"https:\/\/www.facebook.com\/SzpitalCzerwonaGora\/\" \/>\n<meta property=\"article:published_time\" content=\"2021-08-05T11:06:06+00:00\" \/>\n<meta property=\"article:modified_time\" content=\"2021-08-13T12:25:50+00:00\" \/>\n<meta property=\"og:image\" content=\"https:\/\/czerwonagora.pl\/wp-content\/uploads\/2021\/08\/zoll.jpg\" \/>\n\t<meta property=\"og:image:width\" content=\"1500\" \/>\n\t<meta property=\"og:image:height\" content=\"1000\" \/>\n\t<meta property=\"og:image:type\" content=\"image\/jpeg\" \/>\n<meta name=\"author\" content=\"Leszek Broda\" \/>\n<meta name=\"twitter:card\" content=\"summary_large_image\" \/>\n<meta name=\"twitter:label1\" content=\"Napisane przez\" \/>\n\t<meta name=\"twitter:data1\" content=\"Leszek Broda\" \/>\n\t<meta name=\"twitter:label2\" content=\"Szacowany czas czytania\" \/>\n\t<meta name=\"twitter:data2\" content=\"3 minuty\" \/>\n<script type=\"application\/ld+json\" class=\"yoast-schema-graph\">{\"@context\":\"https:\\\/\\\/schema.org\",\"@graph\":[{\"@type\":\"Article\",\"@id\":\"https:\\\/\\\/czerwonagora.pl\\\/index.php\\\/2021\\\/08\\\/05\\\/pierwszy-pacjent-w-zakladzie-opiekunczo-leczniczym\\\/#article\",\"isPartOf\":{\"@id\":\"https:\\\/\\\/czerwonagora.pl\\\/index.php\\\/2021\\\/08\\\/05\\\/pierwszy-pacjent-w-zakladzie-opiekunczo-leczniczym\\\/\"},\"author\":{\"name\":\"Leszek Broda\",\"@id\":\"https:\\\/\\\/czerwonagora.pl\\\/#\\\/schema\\\/person\\\/ab92f8d01438d11b0a22cdc2637caaee\"},\"headline\":\"Pierwszy pacjent w Zak\u0142adzie Opieku\u0144czo-Leczniczym\",\"datePublished\":\"2021-08-05T11:06:06+00:00\",\"dateModified\":\"2021-08-13T12:25:50+00:00\",\"mainEntityOfPage\":{\"@id\":\"https:\\\/\\\/czerwonagora.pl\\\/index.php\\\/2021\\\/08\\\/05\\\/pierwszy-pacjent-w-zakladzie-opiekunczo-leczniczym\\\/\"},\"wordCount\":511,\"publisher\":{\"@id\":\"https:\\\/\\\/czerwonagora.pl\\\/#organization\"},\"image\":{\"@id\":\"https:\\\/\\\/czerwonagora.pl\\\/index.php\\\/2021\\\/08\\\/05\\\/pierwszy-pacjent-w-zakladzie-opiekunczo-leczniczym\\\/#primaryimage\"},\"thumbnailUrl\":\"https:\\\/\\\/czerwonagora.pl\\\/wp-content\\\/uploads\\\/2021\\\/08\\\/zoll.jpg\",\"articleSection\":[\"Aktualno\u015bci\"],\"inLanguage\":\"pl-PL\"},{\"@type\":\"WebPage\",\"@id\":\"https:\\\/\\\/czerwonagora.pl\\\/index.php\\\/2021\\\/08\\\/05\\\/pierwszy-pacjent-w-zakladzie-opiekunczo-leczniczym\\\/\",\"url\":\"https:\\\/\\\/czerwonagora.pl\\\/index.php\\\/2021\\\/08\\\/05\\\/pierwszy-pacjent-w-zakladzie-opiekunczo-leczniczym\\\/\",\"name\":\"Pierwszy pacjent w Zak\u0142adzie Opieku\u0144czo-Leczniczym - Wojew\u00f3dzki Szpital Specjalistyczny im. \u015aw. Rafa\u0142a w Czerwonej G\u00f3rze\",\"isPartOf\":{\"@id\":\"https:\\\/\\\/czerwonagora.pl\\\/#website\"},\"primaryImageOfPage\":{\"@id\":\"https:\\\/\\\/czerwonagora.pl\\\/index.php\\\/2021\\\/08\\\/05\\\/pierwszy-pacjent-w-zakladzie-opiekunczo-leczniczym\\\/#primaryimage\"},\"image\":{\"@id\":\"https:\\\/\\\/czerwonagora.pl\\\/index.php\\\/2021\\\/08\\\/05\\\/pierwszy-pacjent-w-zakladzie-opiekunczo-leczniczym\\\/#primaryimage\"},\"thumbnailUrl\":\"https:\\\/\\\/czerwonagora.pl\\\/wp-content\\\/uploads\\\/2021\\\/08\\\/zoll.jpg\",\"datePublished\":\"2021-08-05T11:06:06+00:00\",\"dateModified\":\"2021-08-13T12:25:50+00:00\",\"breadcrumb\":{\"@id\":\"https:\\\/\\\/czerwonagora.pl\\\/index.php\\\/2021\\\/08\\\/05\\\/pierwszy-pacjent-w-zakladzie-opiekunczo-leczniczym\\\/#breadcrumb\"},\"inLanguage\":\"pl-PL\",\"potentialAction\":[{\"@type\":\"ReadAction\",\"target\":[\"https:\\\/\\\/czerwonagora.pl\\\/index.php\\\/2021\\\/08\\\/05\\\/pierwszy-pacjent-w-zakladzie-opiekunczo-leczniczym\\\/\"]}]},{\"@type\":\"ImageObject\",\"inLanguage\":\"pl-PL\",\"@id\":\"https:\\\/\\\/czerwonagora.pl\\\/index.php\\\/2021\\\/08\\\/05\\\/pierwszy-pacjent-w-zakladzie-opiekunczo-leczniczym\\\/#primaryimage\",\"url\":\"https:\\\/\\\/czerwonagora.pl\\\/wp-content\\\/uploads\\\/2021\\\/08\\\/zoll.jpg\",\"contentUrl\":\"https:\\\/\\\/czerwonagora.pl\\\/wp-content\\\/uploads\\\/2021\\\/08\\\/zoll.jpg\",\"width\":1500,\"height\":1000,\"caption\":\"Budynek ZOL koloru bia\u0142ego z pomaranczowymi pasami, w g\u00f3rnym rogu po prawej stronie znaduj\u0119 sie niebieskie logo ZOL.\"},{\"@type\":\"BreadcrumbList\",\"@id\":\"https:\\\/\\\/czerwonagora.pl\\\/index.php\\\/2021\\\/08\\\/05\\\/pierwszy-pacjent-w-zakladzie-opiekunczo-leczniczym\\\/#breadcrumb\",\"itemListElement\":[{\"@type\":\"ListItem\",\"position\":1,\"name\":\"Strona g\u0142\u00f3wna\",\"item\":\"https:\\\/\\\/czerwonagora.pl\\\/\"},{\"@type\":\"ListItem\",\"position\":2,\"name\":\"Pierwszy pacjent w Zak\u0142adzie Opieku\u0144czo-Leczniczym\"}]},{\"@type\":\"WebSite\",\"@id\":\"https:\\\/\\\/czerwonagora.pl\\\/#website\",\"url\":\"https:\\\/\\\/czerwonagora.pl\\\/\",\"name\":\"Wojew\u00f3dzki Szpital Specjalistyczny im. \u015aw. Rafa\u0142a w Czerwonej G\u00f3rze\",\"description\":\"Wojew\u00f3dzki Szpital Specjalistyczny im. \u015aw. Rafa\u0142a w Czerwonej G\u00f3rze\",\"publisher\":{\"@id\":\"https:\\\/\\\/czerwonagora.pl\\\/#organization\"},\"potentialAction\":[{\"@type\":\"SearchAction\",\"target\":{\"@type\":\"EntryPoint\",\"urlTemplate\":\"https:\\\/\\\/czerwonagora.pl\\\/?s={search_term_string}\"},\"query-input\":{\"@type\":\"PropertyValueSpecification\",\"valueRequired\":true,\"valueName\":\"search_term_string\"}}],\"inLanguage\":\"pl-PL\"},{\"@type\":\"Organization\",\"@id\":\"https:\\\/\\\/czerwonagora.pl\\\/#organization\",\"name\":\"Wojew\u00f3dzki Szpital Specjalistyczny im. \u015aw. Rafa\u0142a w Czerwonej G\u00f3rze\",\"url\":\"https:\\\/\\\/czerwonagora.pl\\\/\",\"logo\":{\"@type\":\"ImageObject\",\"inLanguage\":\"pl-PL\",\"@id\":\"https:\\\/\\\/czerwonagora.pl\\\/#\\\/schema\\\/logo\\\/image\\\/\",\"url\":\"https:\\\/\\\/czerwonagora.pl\\\/wp-content\\\/uploads\\\/2021\\\/06\\\/Logo-WSS-DUZE-transparentne.png\",\"contentUrl\":\"https:\\\/\\\/czerwonagora.pl\\\/wp-content\\\/uploads\\\/2021\\\/06\\\/Logo-WSS-DUZE-transparentne.png\",\"width\":4210,\"height\":2975,\"caption\":\"Wojew\u00f3dzki Szpital Specjalistyczny im. \u015aw. Rafa\u0142a w Czerwonej G\u00f3rze\"},\"image\":{\"@id\":\"https:\\\/\\\/czerwonagora.pl\\\/#\\\/schema\\\/logo\\\/image\\\/\"},\"sameAs\":[\"https:\\\/\\\/www.facebook.com\\\/SzpitalCzerwonaGora\\\/\"]},{\"@type\":\"Person\",\"@id\":\"https:\\\/\\\/czerwonagora.pl\\\/#\\\/schema\\\/person\\\/ab92f8d01438d11b0a22cdc2637caaee\",\"name\":\"Leszek Broda\",\"image\":{\"@type\":\"ImageObject\",\"inLanguage\":\"pl-PL\",\"@id\":\"https:\\\/\\\/czerwonagora.pl\\\/wp-content\\\/litespeed\\\/avatar\\\/d54f21772e65834bc3b45efe3cb566d0.jpg?ver=1777382079\",\"url\":\"https:\\\/\\\/czerwonagora.pl\\\/wp-content\\\/litespeed\\\/avatar\\\/d54f21772e65834bc3b45efe3cb566d0.jpg?ver=1777382079\",\"contentUrl\":\"https:\\\/\\\/czerwonagora.pl\\\/wp-content\\\/litespeed\\\/avatar\\\/d54f21772e65834bc3b45efe3cb566d0.jpg?ver=1777382079\",\"caption\":\"Leszek Broda\"},\"sameAs\":[\"http:\\\/\\\/www.czerwonagora.pl\"],\"url\":\"https:\\\/\\\/czerwonagora.pl\\\/index.php\\\/author\\\/l-broda\\\/\"}]}<\/script>\n<!-- \/ Yoast SEO plugin. -->","yoast_head_json":{"title":"Pierwszy pacjent w Zak\u0142adzie Opieku\u0144czo-Leczniczym - Wojew\u00f3dzki Szpital Specjalistyczny im. \u015aw. Rafa\u0142a w Czerwonej G\u00f3rze","robots":{"index":"index","follow":"follow","max-snippet":"max-snippet:-1","max-image-preview":"max-image-preview:large","max-video-preview":"max-video-preview:-1"},"canonical":"https:\/\/czerwonagora.pl\/index.php\/2021\/08\/05\/pierwszy-pacjent-w-zakladzie-opiekunczo-leczniczym\/","og_locale":"pl_PL","og_type":"article","og_title":"Pierwszy pacjent w Zak\u0142adzie Opieku\u0144czo-Leczniczym - Wojew\u00f3dzki Szpital Specjalistyczny im. \u015aw. Rafa\u0142a w Czerwonej G\u00f3rze","og_description":"Pierwszy pacjent w Zak\u0142adzie Opieku\u0144czo-Leczniczym \u00a0 Pierwszy pacjent z ci\u0119\u017ck\u0105 niewydolno\u015bci\u0105 oddechow\u0105 trafi\u0142 we wtorek, 3 sierpnia do Zak\u0142adu Opieku\u0144czo-Leczniczego w Wojew\u00f3dzkim Szpitalu Specjalistycznym imienia \u015awi\u0119tego Rafa\u0142a w Czerwonej G\u00f3rze. O\u015brodek dysponuje aktualnie 20 miejscami dla chorych. &#8211; To historyczny moment \u2013 m\u00f3wi dyrektor lecznicy Youssef Sleiman. &#8211; ZOL w Wojew\u00f3dzkim Szpitalu Specjalistycznym w Czerwonej [&hellip;]","og_url":"https:\/\/czerwonagora.pl\/index.php\/2021\/08\/05\/pierwszy-pacjent-w-zakladzie-opiekunczo-leczniczym\/","og_site_name":"Wojew\u00f3dzki Szpital Specjalistyczny im. \u015aw. Rafa\u0142a w Czerwonej G\u00f3rze","article_publisher":"https:\/\/www.facebook.com\/SzpitalCzerwonaGora\/","article_published_time":"2021-08-05T11:06:06+00:00","article_modified_time":"2021-08-13T12:25:50+00:00","og_image":[{"width":1500,"height":1000,"url":"https:\/\/czerwonagora.pl\/wp-content\/uploads\/2021\/08\/zoll.jpg","type":"image\/jpeg"}],"author":"Leszek Broda","twitter_card":"summary_large_image","twitter_misc":{"Napisane przez":"Leszek Broda","Szacowany czas czytania":"3 minuty"},"schema":{"@context":"https:\/\/schema.org","@graph":[{"@type":"Article","@id":"https:\/\/czerwonagora.pl\/index.php\/2021\/08\/05\/pierwszy-pacjent-w-zakladzie-opiekunczo-leczniczym\/#article","isPartOf":{"@id":"https:\/\/czerwonagora.pl\/index.php\/2021\/08\/05\/pierwszy-pacjent-w-zakladzie-opiekunczo-leczniczym\/"},"author":{"name":"Leszek Broda","@id":"https:\/\/czerwonagora.pl\/#\/schema\/person\/ab92f8d01438d11b0a22cdc2637caaee"},"headline":"Pierwszy pacjent w Zak\u0142adzie Opieku\u0144czo-Leczniczym","datePublished":"2021-08-05T11:06:06+00:00","dateModified":"2021-08-13T12:25:50+00:00","mainEntityOfPage":{"@id":"https:\/\/czerwonagora.pl\/index.php\/2021\/08\/05\/pierwszy-pacjent-w-zakladzie-opiekunczo-leczniczym\/"},"wordCount":511,"publisher":{"@id":"https:\/\/czerwonagora.pl\/#organization"},"image":{"@id":"https:\/\/czerwonagora.pl\/index.php\/2021\/08\/05\/pierwszy-pacjent-w-zakladzie-opiekunczo-leczniczym\/#primaryimage"},"thumbnailUrl":"https:\/\/czerwonagora.pl\/wp-content\/uploads\/2021\/08\/zoll.jpg","articleSection":["Aktualno\u015bci"],"inLanguage":"pl-PL"},{"@type":"WebPage","@id":"https:\/\/czerwonagora.pl\/index.php\/2021\/08\/05\/pierwszy-pacjent-w-zakladzie-opiekunczo-leczniczym\/","url":"https:\/\/czerwonagora.pl\/index.php\/2021\/08\/05\/pierwszy-pacjent-w-zakladzie-opiekunczo-leczniczym\/","name":"Pierwszy pacjent w Zak\u0142adzie Opieku\u0144czo-Leczniczym - Wojew\u00f3dzki Szpital Specjalistyczny im. \u015aw. Rafa\u0142a w Czerwonej G\u00f3rze","isPartOf":{"@id":"https:\/\/czerwonagora.pl\/#website"},"primaryImageOfPage":{"@id":"https:\/\/czerwonagora.pl\/index.php\/2021\/08\/05\/pierwszy-pacjent-w-zakladzie-opiekunczo-leczniczym\/#primaryimage"},"image":{"@id":"https:\/\/czerwonagora.pl\/index.php\/2021\/08\/05\/pierwszy-pacjent-w-zakladzie-opiekunczo-leczniczym\/#primaryimage"},"thumbnailUrl":"https:\/\/czerwonagora.pl\/wp-content\/uploads\/2021\/08\/zoll.jpg","datePublished":"2021-08-05T11:06:06+00:00","dateModified":"2021-08-13T12:25:50+00:00","breadcrumb":{"@id":"https:\/\/czerwonagora.pl\/index.php\/2021\/08\/05\/pierwszy-pacjent-w-zakladzie-opiekunczo-leczniczym\/#breadcrumb"},"inLanguage":"pl-PL","potentialAction":[{"@type":"ReadAction","target":["https:\/\/czerwonagora.pl\/index.php\/2021\/08\/05\/pierwszy-pacjent-w-zakladzie-opiekunczo-leczniczym\/"]}]},{"@type":"ImageObject","inLanguage":"pl-PL","@id":"https:\/\/czerwonagora.pl\/index.php\/2021\/08\/05\/pierwszy-pacjent-w-zakladzie-opiekunczo-leczniczym\/#primaryimage","url":"https:\/\/czerwonagora.pl\/wp-content\/uploads\/2021\/08\/zoll.jpg","contentUrl":"https:\/\/czerwonagora.pl\/wp-content\/uploads\/2021\/08\/zoll.jpg","width":1500,"height":1000,"caption":"Budynek ZOL koloru bia\u0142ego z pomaranczowymi pasami, w g\u00f3rnym rogu po prawej stronie znaduj\u0119 sie niebieskie logo ZOL."},{"@type":"BreadcrumbList","@id":"https:\/\/czerwonagora.pl\/index.php\/2021\/08\/05\/pierwszy-pacjent-w-zakladzie-opiekunczo-leczniczym\/#breadcrumb","itemListElement":[{"@type":"ListItem","position":1,"name":"Strona g\u0142\u00f3wna","item":"https:\/\/czerwonagora.pl\/"},{"@type":"ListItem","position":2,"name":"Pierwszy pacjent w Zak\u0142adzie Opieku\u0144czo-Leczniczym"}]},{"@type":"WebSite","@id":"https:\/\/czerwonagora.pl\/#website","url":"https:\/\/czerwonagora.pl\/","name":"Wojew\u00f3dzki Szpital Specjalistyczny im. \u015aw. Rafa\u0142a w Czerwonej G\u00f3rze","description":"Wojew\u00f3dzki Szpital Specjalistyczny im. \u015aw. Rafa\u0142a w Czerwonej G\u00f3rze","publisher":{"@id":"https:\/\/czerwonagora.pl\/#organization"},"potentialAction":[{"@type":"SearchAction","target":{"@type":"EntryPoint","urlTemplate":"https:\/\/czerwonagora.pl\/?s={search_term_string}"},"query-input":{"@type":"PropertyValueSpecification","valueRequired":true,"valueName":"search_term_string"}}],"inLanguage":"pl-PL"},{"@type":"Organization","@id":"https:\/\/czerwonagora.pl\/#organization","name":"Wojew\u00f3dzki Szpital Specjalistyczny im. \u015aw. Rafa\u0142a w Czerwonej G\u00f3rze","url":"https:\/\/czerwonagora.pl\/","logo":{"@type":"ImageObject","inLanguage":"pl-PL","@id":"https:\/\/czerwonagora.pl\/#\/schema\/logo\/image\/","url":"https:\/\/czerwonagora.pl\/wp-content\/uploads\/2021\/06\/Logo-WSS-DUZE-transparentne.png","contentUrl":"https:\/\/czerwonagora.pl\/wp-content\/uploads\/2021\/06\/Logo-WSS-DUZE-transparentne.png","width":4210,"height":2975,"caption":"Wojew\u00f3dzki Szpital Specjalistyczny im. \u015aw. Rafa\u0142a w Czerwonej G\u00f3rze"},"image":{"@id":"https:\/\/czerwonagora.pl\/#\/schema\/logo\/image\/"},"sameAs":["https:\/\/www.facebook.com\/SzpitalCzerwonaGora\/"]},{"@type":"Person","@id":"https:\/\/czerwonagora.pl\/#\/schema\/person\/ab92f8d01438d11b0a22cdc2637caaee","name":"Leszek Broda","image":{"@type":"ImageObject","inLanguage":"pl-PL","@id":"https:\/\/czerwonagora.pl\/wp-content\/litespeed\/avatar\/d54f21772e65834bc3b45efe3cb566d0.jpg?ver=1777382079","url":"https:\/\/czerwonagora.pl\/wp-content\/litespeed\/avatar\/d54f21772e65834bc3b45efe3cb566d0.jpg?ver=1777382079","contentUrl":"https:\/\/czerwonagora.pl\/wp-content\/litespeed\/avatar\/d54f21772e65834bc3b45efe3cb566d0.jpg?ver=1777382079","caption":"Leszek Broda"},"sameAs":["http:\/\/www.czerwonagora.pl"],"url":"https:\/\/czerwonagora.pl\/index.php\/author\/l-broda\/"}]}},"publishpress_future_action":{"enabled":false,"date":"2026-05-07 02:35:42","action":"change-status","newStatus":"draft","terms":[],"taxonomy":"category","extraData":[]},"publishpress_future_workflow_manual_trigger":{"enabledWorkflows":[]},"_links":{"self":[{"href":"https:\/\/czerwonagora.pl\/index.php\/wp-json\/wp\/v2\/posts\/12842","targetHints":{"allow":["GET"]}}],"collection":[{"href":"https:\/\/czerwonagora.pl\/index.php\/wp-json\/wp\/v2\/posts"}],"about":[{"href":"https:\/\/czerwonagora.pl\/index.php\/wp-json\/wp\/v2\/types\/post"}],"author":[{"embeddable":true,"href":"https:\/\/czerwonagora.pl\/index.php\/wp-json\/wp\/v2\/users\/4"}],"replies":[{"embeddable":true,"href":"https:\/\/czerwonagora.pl\/index.php\/wp-json\/wp\/v2\/comments?post=12842"}],"version-history":[{"count":34,"href":"https:\/\/czerwonagora.pl\/index.php\/wp-json\/wp\/v2\/posts\/12842\/revisions"}],"predecessor-version":[{"id":14272,"href":"https:\/\/czerwonagora.pl\/index.php\/wp-json\/wp\/v2\/posts\/12842\/revisions\/14272"}],"wp:featuredmedia":[{"embeddable":true,"href":"https:\/\/czerwonagora.pl\/index.php\/wp-json\/wp\/v2\/media\/12843"}],"wp:attachment":[{"href":"https:\/\/czerwonagora.pl\/index.php\/wp-json\/wp\/v2\/media?parent=12842"}],"wp:term":[{"taxonomy":"category","embeddable":true,"href":"https:\/\/czerwonagora.pl\/index.php\/wp-json\/wp\/v2\/categories?post=12842"},{"taxonomy":"post_tag","embeddable":true,"href":"https:\/\/czerwonagora.pl\/index.php\/wp-json\/wp\/v2\/tags?post=12842"}],"curies":[{"name":"wp","href":"https:\/\/api.w.org\/{rel}","templated":true}]}}