{"id":14814,"date":"2021-09-03T14:21:40","date_gmt":"2021-09-03T12:21:40","guid":{"rendered":"https:\/\/czerwonagora.pl\/?p=14814"},"modified":"2021-09-03T14:27:06","modified_gmt":"2021-09-03T12:27:06","slug":"ogloszenie-wyniku-konkursu-na-logo-dla-scchp","status":"publish","type":"post","link":"https:\/\/czerwonagora.pl\/index.php\/2021\/09\/03\/ogloszenie-wyniku-konkursu-na-logo-dla-scchp\/","title":{"rendered":"Og\u0142oszenie wyniku konkursu na logo dla \u015aCChP"},"content":{"rendered":"\t\t<div data-elementor-type=\"wp-post\" data-elementor-id=\"14814\" class=\"elementor elementor-14814\">\n\t\t\t\t\t\t<section class=\"elementor-section elementor-top-section elementor-element elementor-element-c9f1d41 elementor-section-boxed elementor-section-height-default elementor-section-height-default\" data-id=\"c9f1d41\" data-element_type=\"section\" data-e-type=\"section\">\n\t\t\t\t\t\t<div class=\"elementor-container elementor-column-gap-default\">\n\t\t\t\t\t<div class=\"elementor-column elementor-col-100 elementor-top-column elementor-element elementor-element-8dbdf82\" data-id=\"8dbdf82\" data-element_type=\"column\" data-e-type=\"column\">\n\t\t\t<div class=\"elementor-widget-wrap elementor-element-populated\">\n\t\t\t\t\t\t<section class=\"elementor-section elementor-inner-section elementor-element elementor-element-82afe98 elementor-section-boxed elementor-section-height-default elementor-section-height-default\" data-id=\"82afe98\" data-element_type=\"section\" data-e-type=\"section\">\n\t\t\t\t\t\t<div class=\"elementor-container elementor-column-gap-default\">\n\t\t\t\t\t<div class=\"elementor-column elementor-col-50 elementor-inner-column elementor-element elementor-element-41a3609\" data-id=\"41a3609\" data-element_type=\"column\" data-e-type=\"column\">\n\t\t\t<div class=\"elementor-widget-wrap elementor-element-populated\">\n\t\t\t\t\t\t<div class=\"elementor-element elementor-element-583d57a elementor-widget elementor-widget-image\" data-id=\"583d57a\" data-element_type=\"widget\" data-e-type=\"widget\" data-widget_type=\"image.default\">\n\t\t\t\t<div class=\"elementor-widget-container\">\n\t\t\t\t\t\t\t\t\t\t\t\t\t\t\t<img fetchpriority=\"high\" decoding=\"async\" width=\"803\" height=\"360\" src=\"https:\/\/czerwonagora.pl\/wp-content\/uploads\/2021\/09\/WYNIK_KONKURS-LOGO.jpg\" class=\"attachment-large size-large wp-image-14816\" alt=\"grafika z napisem wynik konkursu na logo, napisy w kolorze \u017c\u00f3\u0142to pomara\u0144czowym, szare t\u0142o, znak logo szpitala wss\" srcset=\"https:\/\/czerwonagora.pl\/wp-content\/uploads\/2021\/09\/WYNIK_KONKURS-LOGO.jpg 803w, https:\/\/czerwonagora.pl\/wp-content\/uploads\/2021\/09\/WYNIK_KONKURS-LOGO-300x134.jpg 300w, https:\/\/czerwonagora.pl\/wp-content\/uploads\/2021\/09\/WYNIK_KONKURS-LOGO-768x344.jpg 768w\" sizes=\"(max-width: 803px) 100vw, 803px\" \/>\t\t\t\t\t\t\t\t\t\t\t\t\t\t\t<\/div>\n\t\t\t\t<\/div>\n\t\t\t\t\t<\/div>\n\t\t<\/div>\n\t\t\t\t<div class=\"elementor-column elementor-col-50 elementor-inner-column elementor-element elementor-element-c84bf41\" data-id=\"c84bf41\" data-element_type=\"column\" data-e-type=\"column\">\n\t\t\t<div class=\"elementor-widget-wrap elementor-element-populated\">\n\t\t\t\t\t\t<div class=\"elementor-element elementor-element-6ed44a8 elementor-widget elementor-widget-heading\" data-id=\"6ed44a8\" data-element_type=\"widget\" data-e-type=\"widget\" data-widget_type=\"heading.default\">\n\t\t\t\t<div class=\"elementor-widget-container\">\n\t\t\t\t\t<h2 class=\"elementor-heading-title elementor-size-default\">Wynik konkursu<\/h2>\t\t\t\t<\/div>\n\t\t\t\t<\/div>\n\t\t\t\t\t<\/div>\n\t\t<\/div>\n\t\t\t\t\t<\/div>\n\t\t<\/section>\n\t\t\t\t\t<\/div>\n\t\t<\/div>\n\t\t\t\t\t<\/div>\n\t\t<\/section>\n\t\t\t\t<section class=\"elementor-section elementor-top-section elementor-element elementor-element-eb71b1f elementor-section-boxed elementor-section-height-default elementor-section-height-default\" data-id=\"eb71b1f\" data-element_type=\"section\" data-e-type=\"section\">\n\t\t\t\t\t\t<div class=\"elementor-container elementor-column-gap-default\">\n\t\t\t\t\t<div class=\"elementor-column elementor-col-100 elementor-top-column elementor-element elementor-element-8ecaa61\" data-id=\"8ecaa61\" data-element_type=\"column\" data-e-type=\"column\">\n\t\t\t<div class=\"elementor-widget-wrap elementor-element-populated\">\n\t\t\t\t\t\t<div class=\"elementor-element elementor-element-59579e7 elementor-widget elementor-widget-text-editor\" data-id=\"59579e7\" data-element_type=\"widget\" data-e-type=\"widget\" data-widget_type=\"text-editor.default\">\n\t\t\t\t<div class=\"elementor-widget-container\">\n\t\t\t\t\t\t\t\t\t<p><b>Szanowni Pa\u0144stwo,<\/b><\/p><p>Dzi\u0119kujemy za udzia\u0142 w naszym konkursie na znak logo dla \u015awi\u0119tokrzyskiego Centrum Chor\u00f3b P\u0142uc. <br \/>W konkursie udzia\u0142 wzi\u0119\u0142o czterech uczestnik\u00f3w nadsy\u0142aj\u0105c w sumie 7 propozycji logo. Wszystkie Pa\u0144stwa prace by\u0142y bardzo ciekawe, innowacyjne i wykonane z du\u017c\u0105 staranno\u015bci\u0105. Komisja konkursowa w dniu 2021-08-31 dokona\u0142a wyboru jednej pracy.\u00a0<\/p><p><strong>Autorem zwyci\u0119skiej pracy jest:<\/strong><\/p>\t\t\t\t\t\t\t\t<\/div>\n\t\t\t\t<\/div>\n\t\t\t\t<div class=\"elementor-element elementor-element-60c7296 elementor-widget elementor-widget-heading\" data-id=\"60c7296\" data-element_type=\"widget\" data-e-type=\"widget\" data-widget_type=\"heading.default\">\n\t\t\t\t<div class=\"elementor-widget-container\">\n\t\t\t\t\t<h2 class=\"elementor-heading-title elementor-size-default\"><br>Proces Studio ul. Kleeberga 10\/46 z Lublina (Projekt 01)<br><\/h2>\t\t\t\t<\/div>\n\t\t\t\t<\/div>\n\t\t\t\t<div class=\"elementor-element elementor-element-776f7e9 elementor-widget elementor-widget-text-editor\" data-id=\"776f7e9\" data-element_type=\"widget\" data-e-type=\"widget\" data-widget_type=\"text-editor.default\">\n\t\t\t\t<div class=\"elementor-widget-container\">\n\t\t\t\t\t\t\t\t\t<p><span style=\"text-align: justify;\">Serdecznie gratulujemy zwyci\u0119zcy!<\/span><\/p>\t\t\t\t\t\t\t\t<\/div>\n\t\t\t\t<\/div>\n\t\t\t\t\t<\/div>\n\t\t<\/div>\n\t\t\t\t\t<\/div>\n\t\t<\/section>\n\t\t\t\t<\/div>\n\t\t","protected":false},"excerpt":{"rendered":"<p>Szanowni Pa\u0144stwo dzi\u0119kujemy za udzia\u0142 w naszym konkursie na znak logo dla \u015awi\u0119tokrzyskiego Centrum Chor\u00f3b P\u0142uc<\/p>\n","protected":false},"author":1,"featured_media":14816,"comment_status":"closed","ping_status":"closed","sticky":false,"template":"","format":"standard","meta":{"zakra_page_container_layout":"customizer","zakra_page_sidebar_layout":"customizer","zakra_remove_content_margin":false,"zakra_sidebar":"customizer","zakra_transparent_header":"customizer","zakra_logo":0,"zakra_main_header_style":"default","zakra_menu_item_color":"","zakra_menu_item_hover_color":"","zakra_menu_item_active_color":"","zakra_menu_active_style":"","zakra_page_header":true,"footnotes":""},"categories":[39],"tags":[],"class_list":["post-14814","post","type-post","status-publish","format-standard","has-post-thumbnail","hentry","category-aktualnosci"],"yoast_head":"<!-- This site is optimized with the Yoast SEO plugin v27.4 - https:\/\/yoast.com\/product\/yoast-seo-wordpress\/ -->\n<title>Og\u0142oszenie wyniku konkursu na logo dla \u015aCChP - Wojew\u00f3dzki Szpital Specjalistyczny im. \u015aw. Rafa\u0142a w Czerwonej G\u00f3rze<\/title>\n<meta name=\"robots\" content=\"index, follow, max-snippet:-1, max-image-preview:large, max-video-preview:-1\" \/>\n<link rel=\"canonical\" href=\"https:\/\/czerwonagora.pl\/index.php\/2021\/09\/03\/ogloszenie-wyniku-konkursu-na-logo-dla-scchp\/\" \/>\n<meta property=\"og:locale\" content=\"pl_PL\" \/>\n<meta property=\"og:type\" content=\"article\" \/>\n<meta property=\"og:title\" content=\"Og\u0142oszenie wyniku konkursu na logo dla \u015aCChP - Wojew\u00f3dzki Szpital Specjalistyczny im. \u015aw. Rafa\u0142a w Czerwonej G\u00f3rze\" \/>\n<meta property=\"og:description\" content=\"Szanowni Pa\u0144stwo dzi\u0119kujemy za udzia\u0142 w naszym konkursie na znak logo dla \u015awi\u0119tokrzyskiego Centrum Chor\u00f3b P\u0142uc\" \/>\n<meta property=\"og:url\" content=\"https:\/\/czerwonagora.pl\/index.php\/2021\/09\/03\/ogloszenie-wyniku-konkursu-na-logo-dla-scchp\/\" \/>\n<meta property=\"og:site_name\" content=\"Wojew\u00f3dzki Szpital Specjalistyczny im. \u015aw. Rafa\u0142a w Czerwonej G\u00f3rze\" \/>\n<meta property=\"article:publisher\" content=\"https:\/\/www.facebook.com\/SzpitalCzerwonaGora\/\" \/>\n<meta property=\"article:published_time\" content=\"2021-09-03T12:21:40+00:00\" \/>\n<meta property=\"article:modified_time\" content=\"2021-09-03T12:27:06+00:00\" \/>\n<meta property=\"og:image\" content=\"https:\/\/czerwonagora.pl\/wp-content\/uploads\/2021\/09\/WYNIK_KONKURS-LOGO.jpg\" \/>\n\t<meta property=\"og:image:width\" content=\"803\" \/>\n\t<meta property=\"og:image:height\" content=\"360\" \/>\n\t<meta property=\"og:image:type\" content=\"image\/jpeg\" \/>\n<meta name=\"author\" content=\"Krzysztof Kasprzyk\" \/>\n<meta name=\"twitter:card\" content=\"summary_large_image\" \/>\n<meta name=\"twitter:label1\" content=\"Napisane przez\" \/>\n\t<meta name=\"twitter:data1\" content=\"Krzysztof Kasprzyk\" \/>\n\t<meta name=\"twitter:label2\" content=\"Szacowany czas czytania\" \/>\n\t<meta name=\"twitter:data2\" content=\"1 minuta\" \/>\n<script type=\"application\/ld+json\" class=\"yoast-schema-graph\">{\"@context\":\"https:\\\/\\\/schema.org\",\"@graph\":[{\"@type\":\"Article\",\"@id\":\"https:\\\/\\\/czerwonagora.pl\\\/index.php\\\/2021\\\/09\\\/03\\\/ogloszenie-wyniku-konkursu-na-logo-dla-scchp\\\/#article\",\"isPartOf\":{\"@id\":\"https:\\\/\\\/czerwonagora.pl\\\/index.php\\\/2021\\\/09\\\/03\\\/ogloszenie-wyniku-konkursu-na-logo-dla-scchp\\\/\"},\"author\":{\"name\":\"Krzysztof Kasprzyk\",\"@id\":\"https:\\\/\\\/czerwonagora.pl\\\/#\\\/schema\\\/person\\\/88ad471b758c11e595bd87abceaf3cfd\"},\"headline\":\"Og\u0142oszenie wyniku konkursu na logo dla \u015aCChP\",\"datePublished\":\"2021-09-03T12:21:40+00:00\",\"dateModified\":\"2021-09-03T12:27:06+00:00\",\"mainEntityOfPage\":{\"@id\":\"https:\\\/\\\/czerwonagora.pl\\\/index.php\\\/2021\\\/09\\\/03\\\/ogloszenie-wyniku-konkursu-na-logo-dla-scchp\\\/\"},\"wordCount\":88,\"publisher\":{\"@id\":\"https:\\\/\\\/czerwonagora.pl\\\/#organization\"},\"image\":{\"@id\":\"https:\\\/\\\/czerwonagora.pl\\\/index.php\\\/2021\\\/09\\\/03\\\/ogloszenie-wyniku-konkursu-na-logo-dla-scchp\\\/#primaryimage\"},\"thumbnailUrl\":\"https:\\\/\\\/czerwonagora.pl\\\/wp-content\\\/uploads\\\/2021\\\/09\\\/WYNIK_KONKURS-LOGO.jpg\",\"articleSection\":[\"Aktualno\u015bci\"],\"inLanguage\":\"pl-PL\"},{\"@type\":\"WebPage\",\"@id\":\"https:\\\/\\\/czerwonagora.pl\\\/index.php\\\/2021\\\/09\\\/03\\\/ogloszenie-wyniku-konkursu-na-logo-dla-scchp\\\/\",\"url\":\"https:\\\/\\\/czerwonagora.pl\\\/index.php\\\/2021\\\/09\\\/03\\\/ogloszenie-wyniku-konkursu-na-logo-dla-scchp\\\/\",\"name\":\"Og\u0142oszenie wyniku konkursu na logo dla \u015aCChP - Wojew\u00f3dzki Szpital Specjalistyczny im. \u015aw. Rafa\u0142a w Czerwonej G\u00f3rze\",\"isPartOf\":{\"@id\":\"https:\\\/\\\/czerwonagora.pl\\\/#website\"},\"primaryImageOfPage\":{\"@id\":\"https:\\\/\\\/czerwonagora.pl\\\/index.php\\\/2021\\\/09\\\/03\\\/ogloszenie-wyniku-konkursu-na-logo-dla-scchp\\\/#primaryimage\"},\"image\":{\"@id\":\"https:\\\/\\\/czerwonagora.pl\\\/index.php\\\/2021\\\/09\\\/03\\\/ogloszenie-wyniku-konkursu-na-logo-dla-scchp\\\/#primaryimage\"},\"thumbnailUrl\":\"https:\\\/\\\/czerwonagora.pl\\\/wp-content\\\/uploads\\\/2021\\\/09\\\/WYNIK_KONKURS-LOGO.jpg\",\"datePublished\":\"2021-09-03T12:21:40+00:00\",\"dateModified\":\"2021-09-03T12:27:06+00:00\",\"breadcrumb\":{\"@id\":\"https:\\\/\\\/czerwonagora.pl\\\/index.php\\\/2021\\\/09\\\/03\\\/ogloszenie-wyniku-konkursu-na-logo-dla-scchp\\\/#breadcrumb\"},\"inLanguage\":\"pl-PL\",\"potentialAction\":[{\"@type\":\"ReadAction\",\"target\":[\"https:\\\/\\\/czerwonagora.pl\\\/index.php\\\/2021\\\/09\\\/03\\\/ogloszenie-wyniku-konkursu-na-logo-dla-scchp\\\/\"]}]},{\"@type\":\"ImageObject\",\"inLanguage\":\"pl-PL\",\"@id\":\"https:\\\/\\\/czerwonagora.pl\\\/index.php\\\/2021\\\/09\\\/03\\\/ogloszenie-wyniku-konkursu-na-logo-dla-scchp\\\/#primaryimage\",\"url\":\"https:\\\/\\\/czerwonagora.pl\\\/wp-content\\\/uploads\\\/2021\\\/09\\\/WYNIK_KONKURS-LOGO.jpg\",\"contentUrl\":\"https:\\\/\\\/czerwonagora.pl\\\/wp-content\\\/uploads\\\/2021\\\/09\\\/WYNIK_KONKURS-LOGO.jpg\",\"width\":803,\"height\":360,\"caption\":\"grafika z napisem wynik konkursu na logo, napisy w kolorze \u017c\u00f3\u0142to pomara\u0144czowym, szare t\u0142o, znak logo szpitala wss\"},{\"@type\":\"BreadcrumbList\",\"@id\":\"https:\\\/\\\/czerwonagora.pl\\\/index.php\\\/2021\\\/09\\\/03\\\/ogloszenie-wyniku-konkursu-na-logo-dla-scchp\\\/#breadcrumb\",\"itemListElement\":[{\"@type\":\"ListItem\",\"position\":1,\"name\":\"Strona g\u0142\u00f3wna\",\"item\":\"https:\\\/\\\/czerwonagora.pl\\\/\"},{\"@type\":\"ListItem\",\"position\":2,\"name\":\"Og\u0142oszenie wyniku konkursu na logo dla \u015aCChP\"}]},{\"@type\":\"WebSite\",\"@id\":\"https:\\\/\\\/czerwonagora.pl\\\/#website\",\"url\":\"https:\\\/\\\/czerwonagora.pl\\\/\",\"name\":\"Wojew\u00f3dzki Szpital Specjalistyczny im. \u015aw. Rafa\u0142a w Czerwonej G\u00f3rze\",\"description\":\"Wojew\u00f3dzki Szpital Specjalistyczny im. \u015aw. Rafa\u0142a w Czerwonej G\u00f3rze\",\"publisher\":{\"@id\":\"https:\\\/\\\/czerwonagora.pl\\\/#organization\"},\"potentialAction\":[{\"@type\":\"SearchAction\",\"target\":{\"@type\":\"EntryPoint\",\"urlTemplate\":\"https:\\\/\\\/czerwonagora.pl\\\/?s={search_term_string}\"},\"query-input\":{\"@type\":\"PropertyValueSpecification\",\"valueRequired\":true,\"valueName\":\"search_term_string\"}}],\"inLanguage\":\"pl-PL\"},{\"@type\":\"Organization\",\"@id\":\"https:\\\/\\\/czerwonagora.pl\\\/#organization\",\"name\":\"Wojew\u00f3dzki Szpital Specjalistyczny im. \u015aw. Rafa\u0142a w Czerwonej G\u00f3rze\",\"url\":\"https:\\\/\\\/czerwonagora.pl\\\/\",\"logo\":{\"@type\":\"ImageObject\",\"inLanguage\":\"pl-PL\",\"@id\":\"https:\\\/\\\/czerwonagora.pl\\\/#\\\/schema\\\/logo\\\/image\\\/\",\"url\":\"https:\\\/\\\/czerwonagora.pl\\\/wp-content\\\/uploads\\\/2021\\\/06\\\/Logo-WSS-DUZE-transparentne.png\",\"contentUrl\":\"https:\\\/\\\/czerwonagora.pl\\\/wp-content\\\/uploads\\\/2021\\\/06\\\/Logo-WSS-DUZE-transparentne.png\",\"width\":4210,\"height\":2975,\"caption\":\"Wojew\u00f3dzki Szpital Specjalistyczny im. \u015aw. Rafa\u0142a w Czerwonej G\u00f3rze\"},\"image\":{\"@id\":\"https:\\\/\\\/czerwonagora.pl\\\/#\\\/schema\\\/logo\\\/image\\\/\"},\"sameAs\":[\"https:\\\/\\\/www.facebook.com\\\/SzpitalCzerwonaGora\\\/\"]},{\"@type\":\"Person\",\"@id\":\"https:\\\/\\\/czerwonagora.pl\\\/#\\\/schema\\\/person\\\/88ad471b758c11e595bd87abceaf3cfd\",\"name\":\"Krzysztof Kasprzyk\",\"image\":{\"@type\":\"ImageObject\",\"inLanguage\":\"pl-PL\",\"@id\":\"https:\\\/\\\/czerwonagora.pl\\\/wp-content\\\/litespeed\\\/avatar\\\/758f42868e3c503ca9f38bee50fcfff3.jpg?ver=1777380282\",\"url\":\"https:\\\/\\\/czerwonagora.pl\\\/wp-content\\\/litespeed\\\/avatar\\\/758f42868e3c503ca9f38bee50fcfff3.jpg?ver=1777380282\",\"contentUrl\":\"https:\\\/\\\/czerwonagora.pl\\\/wp-content\\\/litespeed\\\/avatar\\\/758f42868e3c503ca9f38bee50fcfff3.jpg?ver=1777380282\",\"caption\":\"Krzysztof Kasprzyk\"},\"sameAs\":[\"https:\\\/\\\/czerwonagora.pl\"],\"url\":\"https:\\\/\\\/czerwonagora.pl\\\/index.php\\\/author\\\/maverick\\\/\"}]}<\/script>\n<!-- \/ Yoast SEO plugin. -->","yoast_head_json":{"title":"Og\u0142oszenie wyniku konkursu na logo dla \u015aCChP - Wojew\u00f3dzki Szpital Specjalistyczny im. \u015aw. Rafa\u0142a w Czerwonej G\u00f3rze","robots":{"index":"index","follow":"follow","max-snippet":"max-snippet:-1","max-image-preview":"max-image-preview:large","max-video-preview":"max-video-preview:-1"},"canonical":"https:\/\/czerwonagora.pl\/index.php\/2021\/09\/03\/ogloszenie-wyniku-konkursu-na-logo-dla-scchp\/","og_locale":"pl_PL","og_type":"article","og_title":"Og\u0142oszenie wyniku konkursu na logo dla \u015aCChP - Wojew\u00f3dzki Szpital Specjalistyczny im. \u015aw. Rafa\u0142a w Czerwonej G\u00f3rze","og_description":"Szanowni Pa\u0144stwo dzi\u0119kujemy za udzia\u0142 w naszym konkursie na znak logo dla \u015awi\u0119tokrzyskiego Centrum Chor\u00f3b P\u0142uc","og_url":"https:\/\/czerwonagora.pl\/index.php\/2021\/09\/03\/ogloszenie-wyniku-konkursu-na-logo-dla-scchp\/","og_site_name":"Wojew\u00f3dzki Szpital Specjalistyczny im. \u015aw. Rafa\u0142a w Czerwonej G\u00f3rze","article_publisher":"https:\/\/www.facebook.com\/SzpitalCzerwonaGora\/","article_published_time":"2021-09-03T12:21:40+00:00","article_modified_time":"2021-09-03T12:27:06+00:00","og_image":[{"width":803,"height":360,"url":"https:\/\/czerwonagora.pl\/wp-content\/uploads\/2021\/09\/WYNIK_KONKURS-LOGO.jpg","type":"image\/jpeg"}],"author":"Krzysztof Kasprzyk","twitter_card":"summary_large_image","twitter_misc":{"Napisane przez":"Krzysztof Kasprzyk","Szacowany czas czytania":"1 minuta"},"schema":{"@context":"https:\/\/schema.org","@graph":[{"@type":"Article","@id":"https:\/\/czerwonagora.pl\/index.php\/2021\/09\/03\/ogloszenie-wyniku-konkursu-na-logo-dla-scchp\/#article","isPartOf":{"@id":"https:\/\/czerwonagora.pl\/index.php\/2021\/09\/03\/ogloszenie-wyniku-konkursu-na-logo-dla-scchp\/"},"author":{"name":"Krzysztof Kasprzyk","@id":"https:\/\/czerwonagora.pl\/#\/schema\/person\/88ad471b758c11e595bd87abceaf3cfd"},"headline":"Og\u0142oszenie wyniku konkursu na logo dla \u015aCChP","datePublished":"2021-09-03T12:21:40+00:00","dateModified":"2021-09-03T12:27:06+00:00","mainEntityOfPage":{"@id":"https:\/\/czerwonagora.pl\/index.php\/2021\/09\/03\/ogloszenie-wyniku-konkursu-na-logo-dla-scchp\/"},"wordCount":88,"publisher":{"@id":"https:\/\/czerwonagora.pl\/#organization"},"image":{"@id":"https:\/\/czerwonagora.pl\/index.php\/2021\/09\/03\/ogloszenie-wyniku-konkursu-na-logo-dla-scchp\/#primaryimage"},"thumbnailUrl":"https:\/\/czerwonagora.pl\/wp-content\/uploads\/2021\/09\/WYNIK_KONKURS-LOGO.jpg","articleSection":["Aktualno\u015bci"],"inLanguage":"pl-PL"},{"@type":"WebPage","@id":"https:\/\/czerwonagora.pl\/index.php\/2021\/09\/03\/ogloszenie-wyniku-konkursu-na-logo-dla-scchp\/","url":"https:\/\/czerwonagora.pl\/index.php\/2021\/09\/03\/ogloszenie-wyniku-konkursu-na-logo-dla-scchp\/","name":"Og\u0142oszenie wyniku konkursu na logo dla \u015aCChP - Wojew\u00f3dzki Szpital Specjalistyczny im. \u015aw. Rafa\u0142a w Czerwonej G\u00f3rze","isPartOf":{"@id":"https:\/\/czerwonagora.pl\/#website"},"primaryImageOfPage":{"@id":"https:\/\/czerwonagora.pl\/index.php\/2021\/09\/03\/ogloszenie-wyniku-konkursu-na-logo-dla-scchp\/#primaryimage"},"image":{"@id":"https:\/\/czerwonagora.pl\/index.php\/2021\/09\/03\/ogloszenie-wyniku-konkursu-na-logo-dla-scchp\/#primaryimage"},"thumbnailUrl":"https:\/\/czerwonagora.pl\/wp-content\/uploads\/2021\/09\/WYNIK_KONKURS-LOGO.jpg","datePublished":"2021-09-03T12:21:40+00:00","dateModified":"2021-09-03T12:27:06+00:00","breadcrumb":{"@id":"https:\/\/czerwonagora.pl\/index.php\/2021\/09\/03\/ogloszenie-wyniku-konkursu-na-logo-dla-scchp\/#breadcrumb"},"inLanguage":"pl-PL","potentialAction":[{"@type":"ReadAction","target":["https:\/\/czerwonagora.pl\/index.php\/2021\/09\/03\/ogloszenie-wyniku-konkursu-na-logo-dla-scchp\/"]}]},{"@type":"ImageObject","inLanguage":"pl-PL","@id":"https:\/\/czerwonagora.pl\/index.php\/2021\/09\/03\/ogloszenie-wyniku-konkursu-na-logo-dla-scchp\/#primaryimage","url":"https:\/\/czerwonagora.pl\/wp-content\/uploads\/2021\/09\/WYNIK_KONKURS-LOGO.jpg","contentUrl":"https:\/\/czerwonagora.pl\/wp-content\/uploads\/2021\/09\/WYNIK_KONKURS-LOGO.jpg","width":803,"height":360,"caption":"grafika z napisem wynik konkursu na logo, napisy w kolorze \u017c\u00f3\u0142to pomara\u0144czowym, szare t\u0142o, znak logo szpitala wss"},{"@type":"BreadcrumbList","@id":"https:\/\/czerwonagora.pl\/index.php\/2021\/09\/03\/ogloszenie-wyniku-konkursu-na-logo-dla-scchp\/#breadcrumb","itemListElement":[{"@type":"ListItem","position":1,"name":"Strona g\u0142\u00f3wna","item":"https:\/\/czerwonagora.pl\/"},{"@type":"ListItem","position":2,"name":"Og\u0142oszenie wyniku konkursu na logo dla \u015aCChP"}]},{"@type":"WebSite","@id":"https:\/\/czerwonagora.pl\/#website","url":"https:\/\/czerwonagora.pl\/","name":"Wojew\u00f3dzki Szpital Specjalistyczny im. \u015aw. Rafa\u0142a w Czerwonej G\u00f3rze","description":"Wojew\u00f3dzki Szpital Specjalistyczny im. \u015aw. Rafa\u0142a w Czerwonej G\u00f3rze","publisher":{"@id":"https:\/\/czerwonagora.pl\/#organization"},"potentialAction":[{"@type":"SearchAction","target":{"@type":"EntryPoint","urlTemplate":"https:\/\/czerwonagora.pl\/?s={search_term_string}"},"query-input":{"@type":"PropertyValueSpecification","valueRequired":true,"valueName":"search_term_string"}}],"inLanguage":"pl-PL"},{"@type":"Organization","@id":"https:\/\/czerwonagora.pl\/#organization","name":"Wojew\u00f3dzki Szpital Specjalistyczny im. \u015aw. Rafa\u0142a w Czerwonej G\u00f3rze","url":"https:\/\/czerwonagora.pl\/","logo":{"@type":"ImageObject","inLanguage":"pl-PL","@id":"https:\/\/czerwonagora.pl\/#\/schema\/logo\/image\/","url":"https:\/\/czerwonagora.pl\/wp-content\/uploads\/2021\/06\/Logo-WSS-DUZE-transparentne.png","contentUrl":"https:\/\/czerwonagora.pl\/wp-content\/uploads\/2021\/06\/Logo-WSS-DUZE-transparentne.png","width":4210,"height":2975,"caption":"Wojew\u00f3dzki Szpital Specjalistyczny im. \u015aw. Rafa\u0142a w Czerwonej G\u00f3rze"},"image":{"@id":"https:\/\/czerwonagora.pl\/#\/schema\/logo\/image\/"},"sameAs":["https:\/\/www.facebook.com\/SzpitalCzerwonaGora\/"]},{"@type":"Person","@id":"https:\/\/czerwonagora.pl\/#\/schema\/person\/88ad471b758c11e595bd87abceaf3cfd","name":"Krzysztof Kasprzyk","image":{"@type":"ImageObject","inLanguage":"pl-PL","@id":"https:\/\/czerwonagora.pl\/wp-content\/litespeed\/avatar\/758f42868e3c503ca9f38bee50fcfff3.jpg?ver=1777380282","url":"https:\/\/czerwonagora.pl\/wp-content\/litespeed\/avatar\/758f42868e3c503ca9f38bee50fcfff3.jpg?ver=1777380282","contentUrl":"https:\/\/czerwonagora.pl\/wp-content\/litespeed\/avatar\/758f42868e3c503ca9f38bee50fcfff3.jpg?ver=1777380282","caption":"Krzysztof Kasprzyk"},"sameAs":["https:\/\/czerwonagora.pl"],"url":"https:\/\/czerwonagora.pl\/index.php\/author\/maverick\/"}]}},"publishpress_future_action":{"enabled":false,"date":"2026-05-07 19:05:34","action":"change-status","newStatus":"draft","terms":[],"taxonomy":"category","extraData":[]},"publishpress_future_workflow_manual_trigger":{"enabledWorkflows":[]},"_links":{"self":[{"href":"https:\/\/czerwonagora.pl\/index.php\/wp-json\/wp\/v2\/posts\/14814","targetHints":{"allow":["GET"]}}],"collection":[{"href":"https:\/\/czerwonagora.pl\/index.php\/wp-json\/wp\/v2\/posts"}],"about":[{"href":"https:\/\/czerwonagora.pl\/index.php\/wp-json\/wp\/v2\/types\/post"}],"author":[{"embeddable":true,"href":"https:\/\/czerwonagora.pl\/index.php\/wp-json\/wp\/v2\/users\/1"}],"replies":[{"embeddable":true,"href":"https:\/\/czerwonagora.pl\/index.php\/wp-json\/wp\/v2\/comments?post=14814"}],"version-history":[{"count":14,"href":"https:\/\/czerwonagora.pl\/index.php\/wp-json\/wp\/v2\/posts\/14814\/revisions"}],"predecessor-version":[{"id":14829,"href":"https:\/\/czerwonagora.pl\/index.php\/wp-json\/wp\/v2\/posts\/14814\/revisions\/14829"}],"wp:featuredmedia":[{"embeddable":true,"href":"https:\/\/czerwonagora.pl\/index.php\/wp-json\/wp\/v2\/media\/14816"}],"wp:attachment":[{"href":"https:\/\/czerwonagora.pl\/index.php\/wp-json\/wp\/v2\/media?parent=14814"}],"wp:term":[{"taxonomy":"category","embeddable":true,"href":"https:\/\/czerwonagora.pl\/index.php\/wp-json\/wp\/v2\/categories?post=14814"},{"taxonomy":"post_tag","embeddable":true,"href":"https:\/\/czerwonagora.pl\/index.php\/wp-json\/wp\/v2\/tags?post=14814"}],"curies":[{"name":"wp","href":"https:\/\/api.w.org\/{rel}","templated":true}]}}