{"id":15215,"date":"2021-10-27T14:30:25","date_gmt":"2021-10-27T12:30:25","guid":{"rendered":"https:\/\/czerwonagora.pl\/?p=15215"},"modified":"2021-11-02T09:19:41","modified_gmt":"2021-11-02T08:19:41","slug":"wstrzymanie-wszystkich-odwiedzin-w-szpitalu","status":"publish","type":"post","link":"https:\/\/czerwonagora.pl\/index.php\/2021\/10\/27\/wstrzymanie-wszystkich-odwiedzin-w-szpitalu\/","title":{"rendered":"Wstrzymanie wszystkich odwiedzin w Szpitalu"},"content":{"rendered":"\t\t<div data-elementor-type=\"wp-post\" data-elementor-id=\"15215\" class=\"elementor elementor-15215\">\n\t\t\t\t\t\t<section class=\"elementor-section elementor-top-section elementor-element elementor-element-fdd2e41 elementor-section-boxed elementor-section-height-default elementor-section-height-default\" data-id=\"fdd2e41\" data-element_type=\"section\" data-e-type=\"section\">\n\t\t\t\t\t\t<div class=\"elementor-container elementor-column-gap-default\">\n\t\t\t\t\t<div class=\"elementor-column elementor-col-100 elementor-top-column elementor-element elementor-element-076980f\" data-id=\"076980f\" data-element_type=\"column\" data-e-type=\"column\">\n\t\t\t<div class=\"elementor-widget-wrap elementor-element-populated\">\n\t\t\t\t\t\t<div class=\"elementor-element elementor-element-d091057 elementor-widget elementor-widget-image\" data-id=\"d091057\" data-element_type=\"widget\" data-e-type=\"widget\" data-widget_type=\"image.default\">\n\t\t\t\t<div class=\"elementor-widget-container\">\n\t\t\t\t\t\t\t\t\t\t\t\t\t\t\t<img fetchpriority=\"high\" decoding=\"async\" width=\"640\" height=\"323\" src=\"https:\/\/czerwonagora.pl\/wp-content\/uploads\/2021\/06\/covid_info_LAB.png\" class=\"attachment-large size-large wp-image-6590\" alt=\"osoba ubrana w niebieskiej maseczce ochronne w niebieskim tle\" srcset=\"https:\/\/czerwonagora.pl\/wp-content\/uploads\/2021\/06\/covid_info_LAB.png 640w, https:\/\/czerwonagora.pl\/wp-content\/uploads\/2021\/06\/covid_info_LAB-300x151.png 300w\" sizes=\"(max-width: 640px) 100vw, 640px\" \/>\t\t\t\t\t\t\t\t\t\t\t\t\t\t\t<\/div>\n\t\t\t\t<\/div>\n\t\t\t\t<div class=\"elementor-element elementor-element-682e112 elementor-widget elementor-widget-text-editor\" data-id=\"682e112\" data-element_type=\"widget\" data-e-type=\"widget\" data-widget_type=\"text-editor.default\">\n\t\t\t\t<div class=\"elementor-widget-container\">\n\t\t\t\t\t\t\t\t\t<p>W zwi\u0105zku z narastaj\u0105ca liczb\u0105 zachorowa\u0144 na COVID \u2013 19 z dniem 26.10.2021 odwiedziny pacjent\u00f3w na wszystkich oddzia\u0142ach Szpitala zostaj\u0105 wstrzymane.<\/p><p>W wyj\u0105tkowych sytuacjach odwiedziny odbywaj\u0105 si\u0119 za zgod\u0105 Kierownika Oddzia\u0142u lub lekarza dy\u017curnego.<\/p><p>Jednocze\u015bnie wprowadza si\u0119 bezwzgl\u0119dny zakaz wizyt przedstawicieli medycznych, handlowych <br \/>w kom\u00f3rkach organizacyjnych Szpitala.<\/p>\t\t\t\t\t\t\t\t<\/div>\n\t\t\t\t<\/div>\n\t\t\t\t\t<\/div>\n\t\t<\/div>\n\t\t\t\t\t<\/div>\n\t\t<\/section>\n\t\t\t\t<\/div>\n\t\t","protected":false},"excerpt":{"rendered":"<p>W zwi\u0105zku z narastaj\u0105ca liczb\u0105 zachorowa\u0144 na COVID \u2013 19 z dniem 26.10.2021 odwiedziny pacjent\u00f3w na wszystkich oddzia\u0142ach Szpitala zostaj\u0105 wstrzymane. W wyj\u0105tkowych sytuacjach odwiedziny odbywaj\u0105 si\u0119 za zgod\u0105 Kierownika Oddzia\u0142u lub lekarza dy\u017curnego. Jednocze\u015bnie wprowadza si\u0119 bezwzgl\u0119dny zakaz wizyt przedstawicieli medycznych, handlowych w kom\u00f3rkach organizacyjnych Szpitala.<\/p>\n","protected":false},"author":1,"featured_media":6590,"comment_status":"closed","ping_status":"closed","sticky":false,"template":"","format":"standard","meta":{"zakra_page_container_layout":"customizer","zakra_page_sidebar_layout":"customizer","zakra_remove_content_margin":false,"zakra_sidebar":"customizer","zakra_transparent_header":"customizer","zakra_logo":0,"zakra_main_header_style":"default","zakra_menu_item_color":"","zakra_menu_item_hover_color":"","zakra_menu_item_active_color":"","zakra_menu_active_style":"","zakra_page_header":true,"footnotes":""},"categories":[39],"tags":[],"class_list":["post-15215","post","type-post","status-publish","format-standard","has-post-thumbnail","hentry","category-aktualnosci"],"yoast_head":"<!-- This site is optimized with the Yoast SEO plugin v27.4 - https:\/\/yoast.com\/product\/yoast-seo-wordpress\/ -->\n<title>Wstrzymanie wszystkich odwiedzin w Szpitalu - Wojew\u00f3dzki Szpital Specjalistyczny im. \u015aw. Rafa\u0142a w Czerwonej G\u00f3rze<\/title>\n<meta name=\"robots\" content=\"index, follow, max-snippet:-1, max-image-preview:large, max-video-preview:-1\" \/>\n<link rel=\"canonical\" href=\"https:\/\/czerwonagora.pl\/index.php\/2021\/10\/27\/wstrzymanie-wszystkich-odwiedzin-w-szpitalu\/\" \/>\n<meta property=\"og:locale\" content=\"pl_PL\" \/>\n<meta property=\"og:type\" content=\"article\" \/>\n<meta property=\"og:title\" content=\"Wstrzymanie wszystkich odwiedzin w Szpitalu - Wojew\u00f3dzki Szpital Specjalistyczny im. \u015aw. Rafa\u0142a w Czerwonej G\u00f3rze\" \/>\n<meta property=\"og:description\" content=\"W zwi\u0105zku z narastaj\u0105ca liczb\u0105 zachorowa\u0144 na COVID \u2013 19 z dniem 26.10.2021 odwiedziny pacjent\u00f3w na wszystkich oddzia\u0142ach Szpitala zostaj\u0105 wstrzymane. W wyj\u0105tkowych sytuacjach odwiedziny odbywaj\u0105 si\u0119 za zgod\u0105 Kierownika Oddzia\u0142u lub lekarza dy\u017curnego. Jednocze\u015bnie wprowadza si\u0119 bezwzgl\u0119dny zakaz wizyt przedstawicieli medycznych, handlowych w kom\u00f3rkach organizacyjnych Szpitala.\" \/>\n<meta property=\"og:url\" content=\"https:\/\/czerwonagora.pl\/index.php\/2021\/10\/27\/wstrzymanie-wszystkich-odwiedzin-w-szpitalu\/\" \/>\n<meta property=\"og:site_name\" content=\"Wojew\u00f3dzki Szpital Specjalistyczny im. \u015aw. Rafa\u0142a w Czerwonej G\u00f3rze\" \/>\n<meta property=\"article:publisher\" content=\"https:\/\/www.facebook.com\/SzpitalCzerwonaGora\/\" \/>\n<meta property=\"article:published_time\" content=\"2021-10-27T12:30:25+00:00\" \/>\n<meta property=\"article:modified_time\" content=\"2021-11-02T08:19:41+00:00\" \/>\n<meta property=\"og:image\" content=\"https:\/\/czerwonagora.pl\/wp-content\/uploads\/2021\/06\/covid_info_LAB.png\" \/>\n\t<meta property=\"og:image:width\" content=\"640\" \/>\n\t<meta property=\"og:image:height\" content=\"323\" \/>\n\t<meta property=\"og:image:type\" content=\"image\/png\" \/>\n<meta name=\"author\" content=\"Krzysztof Kasprzyk\" \/>\n<meta name=\"twitter:card\" content=\"summary_large_image\" \/>\n<meta name=\"twitter:label1\" content=\"Napisane przez\" \/>\n\t<meta name=\"twitter:data1\" content=\"Krzysztof Kasprzyk\" \/>\n\t<meta name=\"twitter:label2\" content=\"Szacowany czas czytania\" \/>\n\t<meta name=\"twitter:data2\" content=\"1 minuta\" \/>\n<script type=\"application\/ld+json\" class=\"yoast-schema-graph\">{\"@context\":\"https:\\\/\\\/schema.org\",\"@graph\":[{\"@type\":\"Article\",\"@id\":\"https:\\\/\\\/czerwonagora.pl\\\/index.php\\\/2021\\\/10\\\/27\\\/wstrzymanie-wszystkich-odwiedzin-w-szpitalu\\\/#article\",\"isPartOf\":{\"@id\":\"https:\\\/\\\/czerwonagora.pl\\\/index.php\\\/2021\\\/10\\\/27\\\/wstrzymanie-wszystkich-odwiedzin-w-szpitalu\\\/\"},\"author\":{\"name\":\"Krzysztof Kasprzyk\",\"@id\":\"https:\\\/\\\/czerwonagora.pl\\\/#\\\/schema\\\/person\\\/88ad471b758c11e595bd87abceaf3cfd\"},\"headline\":\"Wstrzymanie wszystkich odwiedzin w Szpitalu\",\"datePublished\":\"2021-10-27T12:30:25+00:00\",\"dateModified\":\"2021-11-02T08:19:41+00:00\",\"mainEntityOfPage\":{\"@id\":\"https:\\\/\\\/czerwonagora.pl\\\/index.php\\\/2021\\\/10\\\/27\\\/wstrzymanie-wszystkich-odwiedzin-w-szpitalu\\\/\"},\"wordCount\":59,\"publisher\":{\"@id\":\"https:\\\/\\\/czerwonagora.pl\\\/#organization\"},\"image\":{\"@id\":\"https:\\\/\\\/czerwonagora.pl\\\/index.php\\\/2021\\\/10\\\/27\\\/wstrzymanie-wszystkich-odwiedzin-w-szpitalu\\\/#primaryimage\"},\"thumbnailUrl\":\"https:\\\/\\\/czerwonagora.pl\\\/wp-content\\\/uploads\\\/2021\\\/06\\\/covid_info_LAB.png\",\"articleSection\":[\"Aktualno\u015bci\"],\"inLanguage\":\"pl-PL\"},{\"@type\":\"WebPage\",\"@id\":\"https:\\\/\\\/czerwonagora.pl\\\/index.php\\\/2021\\\/10\\\/27\\\/wstrzymanie-wszystkich-odwiedzin-w-szpitalu\\\/\",\"url\":\"https:\\\/\\\/czerwonagora.pl\\\/index.php\\\/2021\\\/10\\\/27\\\/wstrzymanie-wszystkich-odwiedzin-w-szpitalu\\\/\",\"name\":\"Wstrzymanie wszystkich odwiedzin w Szpitalu - Wojew\u00f3dzki Szpital Specjalistyczny im. \u015aw. Rafa\u0142a w Czerwonej G\u00f3rze\",\"isPartOf\":{\"@id\":\"https:\\\/\\\/czerwonagora.pl\\\/#website\"},\"primaryImageOfPage\":{\"@id\":\"https:\\\/\\\/czerwonagora.pl\\\/index.php\\\/2021\\\/10\\\/27\\\/wstrzymanie-wszystkich-odwiedzin-w-szpitalu\\\/#primaryimage\"},\"image\":{\"@id\":\"https:\\\/\\\/czerwonagora.pl\\\/index.php\\\/2021\\\/10\\\/27\\\/wstrzymanie-wszystkich-odwiedzin-w-szpitalu\\\/#primaryimage\"},\"thumbnailUrl\":\"https:\\\/\\\/czerwonagora.pl\\\/wp-content\\\/uploads\\\/2021\\\/06\\\/covid_info_LAB.png\",\"datePublished\":\"2021-10-27T12:30:25+00:00\",\"dateModified\":\"2021-11-02T08:19:41+00:00\",\"breadcrumb\":{\"@id\":\"https:\\\/\\\/czerwonagora.pl\\\/index.php\\\/2021\\\/10\\\/27\\\/wstrzymanie-wszystkich-odwiedzin-w-szpitalu\\\/#breadcrumb\"},\"inLanguage\":\"pl-PL\",\"potentialAction\":[{\"@type\":\"ReadAction\",\"target\":[\"https:\\\/\\\/czerwonagora.pl\\\/index.php\\\/2021\\\/10\\\/27\\\/wstrzymanie-wszystkich-odwiedzin-w-szpitalu\\\/\"]}]},{\"@type\":\"ImageObject\",\"inLanguage\":\"pl-PL\",\"@id\":\"https:\\\/\\\/czerwonagora.pl\\\/index.php\\\/2021\\\/10\\\/27\\\/wstrzymanie-wszystkich-odwiedzin-w-szpitalu\\\/#primaryimage\",\"url\":\"https:\\\/\\\/czerwonagora.pl\\\/wp-content\\\/uploads\\\/2021\\\/06\\\/covid_info_LAB.png\",\"contentUrl\":\"https:\\\/\\\/czerwonagora.pl\\\/wp-content\\\/uploads\\\/2021\\\/06\\\/covid_info_LAB.png\",\"width\":640,\"height\":323,\"caption\":\"osoba ubrana w niebieskiej maseczce ochronne w niebieskim tle\"},{\"@type\":\"BreadcrumbList\",\"@id\":\"https:\\\/\\\/czerwonagora.pl\\\/index.php\\\/2021\\\/10\\\/27\\\/wstrzymanie-wszystkich-odwiedzin-w-szpitalu\\\/#breadcrumb\",\"itemListElement\":[{\"@type\":\"ListItem\",\"position\":1,\"name\":\"Strona g\u0142\u00f3wna\",\"item\":\"https:\\\/\\\/czerwonagora.pl\\\/\"},{\"@type\":\"ListItem\",\"position\":2,\"name\":\"Wstrzymanie wszystkich odwiedzin w Szpitalu\"}]},{\"@type\":\"WebSite\",\"@id\":\"https:\\\/\\\/czerwonagora.pl\\\/#website\",\"url\":\"https:\\\/\\\/czerwonagora.pl\\\/\",\"name\":\"Wojew\u00f3dzki Szpital Specjalistyczny im. \u015aw. Rafa\u0142a w Czerwonej G\u00f3rze\",\"description\":\"Wojew\u00f3dzki Szpital Specjalistyczny im. \u015aw. Rafa\u0142a w Czerwonej G\u00f3rze\",\"publisher\":{\"@id\":\"https:\\\/\\\/czerwonagora.pl\\\/#organization\"},\"potentialAction\":[{\"@type\":\"SearchAction\",\"target\":{\"@type\":\"EntryPoint\",\"urlTemplate\":\"https:\\\/\\\/czerwonagora.pl\\\/?s={search_term_string}\"},\"query-input\":{\"@type\":\"PropertyValueSpecification\",\"valueRequired\":true,\"valueName\":\"search_term_string\"}}],\"inLanguage\":\"pl-PL\"},{\"@type\":\"Organization\",\"@id\":\"https:\\\/\\\/czerwonagora.pl\\\/#organization\",\"name\":\"Wojew\u00f3dzki Szpital Specjalistyczny im. \u015aw. Rafa\u0142a w Czerwonej G\u00f3rze\",\"url\":\"https:\\\/\\\/czerwonagora.pl\\\/\",\"logo\":{\"@type\":\"ImageObject\",\"inLanguage\":\"pl-PL\",\"@id\":\"https:\\\/\\\/czerwonagora.pl\\\/#\\\/schema\\\/logo\\\/image\\\/\",\"url\":\"https:\\\/\\\/czerwonagora.pl\\\/wp-content\\\/uploads\\\/2021\\\/06\\\/Logo-WSS-DUZE-transparentne.png\",\"contentUrl\":\"https:\\\/\\\/czerwonagora.pl\\\/wp-content\\\/uploads\\\/2021\\\/06\\\/Logo-WSS-DUZE-transparentne.png\",\"width\":4210,\"height\":2975,\"caption\":\"Wojew\u00f3dzki Szpital Specjalistyczny im. \u015aw. Rafa\u0142a w Czerwonej G\u00f3rze\"},\"image\":{\"@id\":\"https:\\\/\\\/czerwonagora.pl\\\/#\\\/schema\\\/logo\\\/image\\\/\"},\"sameAs\":[\"https:\\\/\\\/www.facebook.com\\\/SzpitalCzerwonaGora\\\/\"]},{\"@type\":\"Person\",\"@id\":\"https:\\\/\\\/czerwonagora.pl\\\/#\\\/schema\\\/person\\\/88ad471b758c11e595bd87abceaf3cfd\",\"name\":\"Krzysztof Kasprzyk\",\"image\":{\"@type\":\"ImageObject\",\"inLanguage\":\"pl-PL\",\"@id\":\"https:\\\/\\\/czerwonagora.pl\\\/wp-content\\\/litespeed\\\/avatar\\\/758f42868e3c503ca9f38bee50fcfff3.jpg?ver=1777380282\",\"url\":\"https:\\\/\\\/czerwonagora.pl\\\/wp-content\\\/litespeed\\\/avatar\\\/758f42868e3c503ca9f38bee50fcfff3.jpg?ver=1777380282\",\"contentUrl\":\"https:\\\/\\\/czerwonagora.pl\\\/wp-content\\\/litespeed\\\/avatar\\\/758f42868e3c503ca9f38bee50fcfff3.jpg?ver=1777380282\",\"caption\":\"Krzysztof Kasprzyk\"},\"sameAs\":[\"https:\\\/\\\/czerwonagora.pl\"],\"url\":\"https:\\\/\\\/czerwonagora.pl\\\/index.php\\\/author\\\/maverick\\\/\"}]}<\/script>\n<!-- \/ Yoast SEO plugin. -->","yoast_head_json":{"title":"Wstrzymanie wszystkich odwiedzin w Szpitalu - Wojew\u00f3dzki Szpital Specjalistyczny im. \u015aw. Rafa\u0142a w Czerwonej G\u00f3rze","robots":{"index":"index","follow":"follow","max-snippet":"max-snippet:-1","max-image-preview":"max-image-preview:large","max-video-preview":"max-video-preview:-1"},"canonical":"https:\/\/czerwonagora.pl\/index.php\/2021\/10\/27\/wstrzymanie-wszystkich-odwiedzin-w-szpitalu\/","og_locale":"pl_PL","og_type":"article","og_title":"Wstrzymanie wszystkich odwiedzin w Szpitalu - Wojew\u00f3dzki Szpital Specjalistyczny im. \u015aw. Rafa\u0142a w Czerwonej G\u00f3rze","og_description":"W zwi\u0105zku z narastaj\u0105ca liczb\u0105 zachorowa\u0144 na COVID \u2013 19 z dniem 26.10.2021 odwiedziny pacjent\u00f3w na wszystkich oddzia\u0142ach Szpitala zostaj\u0105 wstrzymane. W wyj\u0105tkowych sytuacjach odwiedziny odbywaj\u0105 si\u0119 za zgod\u0105 Kierownika Oddzia\u0142u lub lekarza dy\u017curnego. Jednocze\u015bnie wprowadza si\u0119 bezwzgl\u0119dny zakaz wizyt przedstawicieli medycznych, handlowych w kom\u00f3rkach organizacyjnych Szpitala.","og_url":"https:\/\/czerwonagora.pl\/index.php\/2021\/10\/27\/wstrzymanie-wszystkich-odwiedzin-w-szpitalu\/","og_site_name":"Wojew\u00f3dzki Szpital Specjalistyczny im. \u015aw. Rafa\u0142a w Czerwonej G\u00f3rze","article_publisher":"https:\/\/www.facebook.com\/SzpitalCzerwonaGora\/","article_published_time":"2021-10-27T12:30:25+00:00","article_modified_time":"2021-11-02T08:19:41+00:00","og_image":[{"width":640,"height":323,"url":"https:\/\/czerwonagora.pl\/wp-content\/uploads\/2021\/06\/covid_info_LAB.png","type":"image\/png"}],"author":"Krzysztof Kasprzyk","twitter_card":"summary_large_image","twitter_misc":{"Napisane przez":"Krzysztof Kasprzyk","Szacowany czas czytania":"1 minuta"},"schema":{"@context":"https:\/\/schema.org","@graph":[{"@type":"Article","@id":"https:\/\/czerwonagora.pl\/index.php\/2021\/10\/27\/wstrzymanie-wszystkich-odwiedzin-w-szpitalu\/#article","isPartOf":{"@id":"https:\/\/czerwonagora.pl\/index.php\/2021\/10\/27\/wstrzymanie-wszystkich-odwiedzin-w-szpitalu\/"},"author":{"name":"Krzysztof Kasprzyk","@id":"https:\/\/czerwonagora.pl\/#\/schema\/person\/88ad471b758c11e595bd87abceaf3cfd"},"headline":"Wstrzymanie wszystkich odwiedzin w Szpitalu","datePublished":"2021-10-27T12:30:25+00:00","dateModified":"2021-11-02T08:19:41+00:00","mainEntityOfPage":{"@id":"https:\/\/czerwonagora.pl\/index.php\/2021\/10\/27\/wstrzymanie-wszystkich-odwiedzin-w-szpitalu\/"},"wordCount":59,"publisher":{"@id":"https:\/\/czerwonagora.pl\/#organization"},"image":{"@id":"https:\/\/czerwonagora.pl\/index.php\/2021\/10\/27\/wstrzymanie-wszystkich-odwiedzin-w-szpitalu\/#primaryimage"},"thumbnailUrl":"https:\/\/czerwonagora.pl\/wp-content\/uploads\/2021\/06\/covid_info_LAB.png","articleSection":["Aktualno\u015bci"],"inLanguage":"pl-PL"},{"@type":"WebPage","@id":"https:\/\/czerwonagora.pl\/index.php\/2021\/10\/27\/wstrzymanie-wszystkich-odwiedzin-w-szpitalu\/","url":"https:\/\/czerwonagora.pl\/index.php\/2021\/10\/27\/wstrzymanie-wszystkich-odwiedzin-w-szpitalu\/","name":"Wstrzymanie wszystkich odwiedzin w Szpitalu - Wojew\u00f3dzki Szpital Specjalistyczny im. \u015aw. Rafa\u0142a w Czerwonej G\u00f3rze","isPartOf":{"@id":"https:\/\/czerwonagora.pl\/#website"},"primaryImageOfPage":{"@id":"https:\/\/czerwonagora.pl\/index.php\/2021\/10\/27\/wstrzymanie-wszystkich-odwiedzin-w-szpitalu\/#primaryimage"},"image":{"@id":"https:\/\/czerwonagora.pl\/index.php\/2021\/10\/27\/wstrzymanie-wszystkich-odwiedzin-w-szpitalu\/#primaryimage"},"thumbnailUrl":"https:\/\/czerwonagora.pl\/wp-content\/uploads\/2021\/06\/covid_info_LAB.png","datePublished":"2021-10-27T12:30:25+00:00","dateModified":"2021-11-02T08:19:41+00:00","breadcrumb":{"@id":"https:\/\/czerwonagora.pl\/index.php\/2021\/10\/27\/wstrzymanie-wszystkich-odwiedzin-w-szpitalu\/#breadcrumb"},"inLanguage":"pl-PL","potentialAction":[{"@type":"ReadAction","target":["https:\/\/czerwonagora.pl\/index.php\/2021\/10\/27\/wstrzymanie-wszystkich-odwiedzin-w-szpitalu\/"]}]},{"@type":"ImageObject","inLanguage":"pl-PL","@id":"https:\/\/czerwonagora.pl\/index.php\/2021\/10\/27\/wstrzymanie-wszystkich-odwiedzin-w-szpitalu\/#primaryimage","url":"https:\/\/czerwonagora.pl\/wp-content\/uploads\/2021\/06\/covid_info_LAB.png","contentUrl":"https:\/\/czerwonagora.pl\/wp-content\/uploads\/2021\/06\/covid_info_LAB.png","width":640,"height":323,"caption":"osoba ubrana w niebieskiej maseczce ochronne w niebieskim tle"},{"@type":"BreadcrumbList","@id":"https:\/\/czerwonagora.pl\/index.php\/2021\/10\/27\/wstrzymanie-wszystkich-odwiedzin-w-szpitalu\/#breadcrumb","itemListElement":[{"@type":"ListItem","position":1,"name":"Strona g\u0142\u00f3wna","item":"https:\/\/czerwonagora.pl\/"},{"@type":"ListItem","position":2,"name":"Wstrzymanie wszystkich odwiedzin w Szpitalu"}]},{"@type":"WebSite","@id":"https:\/\/czerwonagora.pl\/#website","url":"https:\/\/czerwonagora.pl\/","name":"Wojew\u00f3dzki Szpital Specjalistyczny im. \u015aw. Rafa\u0142a w Czerwonej G\u00f3rze","description":"Wojew\u00f3dzki Szpital Specjalistyczny im. \u015aw. Rafa\u0142a w Czerwonej G\u00f3rze","publisher":{"@id":"https:\/\/czerwonagora.pl\/#organization"},"potentialAction":[{"@type":"SearchAction","target":{"@type":"EntryPoint","urlTemplate":"https:\/\/czerwonagora.pl\/?s={search_term_string}"},"query-input":{"@type":"PropertyValueSpecification","valueRequired":true,"valueName":"search_term_string"}}],"inLanguage":"pl-PL"},{"@type":"Organization","@id":"https:\/\/czerwonagora.pl\/#organization","name":"Wojew\u00f3dzki Szpital Specjalistyczny im. \u015aw. Rafa\u0142a w Czerwonej G\u00f3rze","url":"https:\/\/czerwonagora.pl\/","logo":{"@type":"ImageObject","inLanguage":"pl-PL","@id":"https:\/\/czerwonagora.pl\/#\/schema\/logo\/image\/","url":"https:\/\/czerwonagora.pl\/wp-content\/uploads\/2021\/06\/Logo-WSS-DUZE-transparentne.png","contentUrl":"https:\/\/czerwonagora.pl\/wp-content\/uploads\/2021\/06\/Logo-WSS-DUZE-transparentne.png","width":4210,"height":2975,"caption":"Wojew\u00f3dzki Szpital Specjalistyczny im. \u015aw. Rafa\u0142a w Czerwonej G\u00f3rze"},"image":{"@id":"https:\/\/czerwonagora.pl\/#\/schema\/logo\/image\/"},"sameAs":["https:\/\/www.facebook.com\/SzpitalCzerwonaGora\/"]},{"@type":"Person","@id":"https:\/\/czerwonagora.pl\/#\/schema\/person\/88ad471b758c11e595bd87abceaf3cfd","name":"Krzysztof Kasprzyk","image":{"@type":"ImageObject","inLanguage":"pl-PL","@id":"https:\/\/czerwonagora.pl\/wp-content\/litespeed\/avatar\/758f42868e3c503ca9f38bee50fcfff3.jpg?ver=1777380282","url":"https:\/\/czerwonagora.pl\/wp-content\/litespeed\/avatar\/758f42868e3c503ca9f38bee50fcfff3.jpg?ver=1777380282","contentUrl":"https:\/\/czerwonagora.pl\/wp-content\/litespeed\/avatar\/758f42868e3c503ca9f38bee50fcfff3.jpg?ver=1777380282","caption":"Krzysztof Kasprzyk"},"sameAs":["https:\/\/czerwonagora.pl"],"url":"https:\/\/czerwonagora.pl\/index.php\/author\/maverick\/"}]}},"publishpress_future_action":{"enabled":false,"date":"2026-05-07 14:51:21","action":"change-status","newStatus":"draft","terms":[],"taxonomy":"category","extraData":[]},"publishpress_future_workflow_manual_trigger":{"enabledWorkflows":[]},"_links":{"self":[{"href":"https:\/\/czerwonagora.pl\/index.php\/wp-json\/wp\/v2\/posts\/15215","targetHints":{"allow":["GET"]}}],"collection":[{"href":"https:\/\/czerwonagora.pl\/index.php\/wp-json\/wp\/v2\/posts"}],"about":[{"href":"https:\/\/czerwonagora.pl\/index.php\/wp-json\/wp\/v2\/types\/post"}],"author":[{"embeddable":true,"href":"https:\/\/czerwonagora.pl\/index.php\/wp-json\/wp\/v2\/users\/1"}],"replies":[{"embeddable":true,"href":"https:\/\/czerwonagora.pl\/index.php\/wp-json\/wp\/v2\/comments?post=15215"}],"version-history":[{"count":8,"href":"https:\/\/czerwonagora.pl\/index.php\/wp-json\/wp\/v2\/posts\/15215\/revisions"}],"predecessor-version":[{"id":15260,"href":"https:\/\/czerwonagora.pl\/index.php\/wp-json\/wp\/v2\/posts\/15215\/revisions\/15260"}],"wp:featuredmedia":[{"embeddable":true,"href":"https:\/\/czerwonagora.pl\/index.php\/wp-json\/wp\/v2\/media\/6590"}],"wp:attachment":[{"href":"https:\/\/czerwonagora.pl\/index.php\/wp-json\/wp\/v2\/media?parent=15215"}],"wp:term":[{"taxonomy":"category","embeddable":true,"href":"https:\/\/czerwonagora.pl\/index.php\/wp-json\/wp\/v2\/categories?post=15215"},{"taxonomy":"post_tag","embeddable":true,"href":"https:\/\/czerwonagora.pl\/index.php\/wp-json\/wp\/v2\/tags?post=15215"}],"curies":[{"name":"wp","href":"https:\/\/api.w.org\/{rel}","templated":true}]}}