{"id":15485,"date":"2021-11-30T09:40:14","date_gmt":"2021-11-30T08:40:14","guid":{"rendered":"https:\/\/czerwonagora.pl\/?p=15485"},"modified":"2021-12-15T08:08:19","modified_gmt":"2021-12-15T07:08:19","slug":"nabor-na-stanowisko-referenta-w-sekcji-gospodarczej-centrala-telefoniczna","status":"publish","type":"post","link":"https:\/\/czerwonagora.pl\/index.php\/2021\/11\/30\/nabor-na-stanowisko-referenta-w-sekcji-gospodarczej-centrala-telefoniczna\/","title":{"rendered":"Nab\u00f3r na stanowisko Referenta w Sekcji Gospodarczej \u2013 Centrala Telefoniczna"},"content":{"rendered":"\t\t<div data-elementor-type=\"wp-post\" data-elementor-id=\"15485\" class=\"elementor elementor-15485\">\n\t\t\t\t\t\t<section class=\"elementor-section elementor-top-section elementor-element elementor-element-0907c0a elementor-section-boxed elementor-section-height-default elementor-section-height-default\" data-id=\"0907c0a\" data-element_type=\"section\" data-e-type=\"section\">\n\t\t\t\t\t\t<div class=\"elementor-container elementor-column-gap-default\">\n\t\t\t\t\t<div class=\"elementor-column elementor-col-100 elementor-top-column elementor-element elementor-element-3d147be\" data-id=\"3d147be\" data-element_type=\"column\" data-e-type=\"column\">\n\t\t\t<div class=\"elementor-widget-wrap elementor-element-populated\">\n\t\t\t\t\t\t<section class=\"elementor-section elementor-inner-section elementor-element elementor-element-644502f elementor-section-boxed elementor-section-height-default elementor-section-height-default\" data-id=\"644502f\" data-element_type=\"section\" data-e-type=\"section\">\n\t\t\t\t\t\t<div class=\"elementor-container elementor-column-gap-default\">\n\t\t\t\t\t<div class=\"elementor-column elementor-col-100 elementor-inner-column elementor-element elementor-element-582aea1\" data-id=\"582aea1\" data-element_type=\"column\" data-e-type=\"column\">\n\t\t\t<div class=\"elementor-widget-wrap elementor-element-populated\">\n\t\t\t\t\t\t<div class=\"elementor-element elementor-element-1df360e elementor-widget elementor-widget-image\" data-id=\"1df360e\" data-element_type=\"widget\" data-e-type=\"widget\" data-widget_type=\"image.default\">\n\t\t\t\t<div class=\"elementor-widget-container\">\n\t\t\t\t\t\t\t\t\t\t\t\t\t\t\t<img fetchpriority=\"high\" decoding=\"async\" width=\"803\" height=\"360\" src=\"https:\/\/czerwonagora.pl\/wp-content\/uploads\/2021\/06\/Oferta_pracy_administracja-1.jpg\" class=\"attachment-large size-large wp-image-8233\" alt=\"t\u0142o koloru niebieskiego na kt\u00f3rym znaduje si\u0119 zarys os\u00f3b ubranch w ubrania wizytowe z bia\u0142ym napisem Oferta pracy\" srcset=\"https:\/\/czerwonagora.pl\/wp-content\/uploads\/2021\/06\/Oferta_pracy_administracja-1.jpg 803w, https:\/\/czerwonagora.pl\/wp-content\/uploads\/2021\/06\/Oferta_pracy_administracja-1-300x134.jpg 300w, https:\/\/czerwonagora.pl\/wp-content\/uploads\/2021\/06\/Oferta_pracy_administracja-1-768x344.jpg 768w\" sizes=\"(max-width: 803px) 100vw, 803px\" \/>\t\t\t\t\t\t\t\t\t\t\t\t\t\t\t<\/div>\n\t\t\t\t<\/div>\n\t\t\t\t<div class=\"elementor-element elementor-element-62ac26a elementor-widget elementor-widget-text-editor\" data-id=\"62ac26a\" data-element_type=\"widget\" data-e-type=\"widget\" data-widget_type=\"text-editor.default\">\n\t\t\t\t<div class=\"elementor-widget-container\">\n\t\t\t\t\t\t\t\t\t<h4><strong>Dyrektor Wojew\u00f3dzkiego Szpitala Specjalistycznego <br \/>im. \u015aw. Rafa\u0142a w Czerwonej G\u00f3rze<br \/>og\u0142asza nab\u00f3r na stanowisko Referenta w Sekcji Gospodarczej \u2013 Centrala Telefoniczna<\/strong><\/h4>\t\t\t\t\t\t\t\t<\/div>\n\t\t\t\t<\/div>\n\t\t\t\t<div class=\"elementor-element elementor-element-962b824 elementor-widget elementor-widget-text-editor\" data-id=\"962b824\" data-element_type=\"widget\" data-e-type=\"widget\" data-widget_type=\"text-editor.default\">\n\t\t\t\t<div class=\"elementor-widget-container\">\n\t\t\t\t\t\t\t\t\t<p><strong>Wymagania zwi\u0105zane ze stanowiskiem pracy:<\/strong><\/p><ul><li>wykszta\u0142cenie zawodowe lub \u015brednie,<\/li><li>komunikatywno\u015b\u0107,<\/li><li>pracowito\u015b\u0107,<\/li><li>odporno\u015b\u0107 na stres,<\/li><li>umiej\u0119tno\u015b\u0107 radzenia sobie z konfliktami.<\/li><\/ul><p><strong>Forma zatrudnienia:<\/strong><\/p><p>Umowa o prac\u0119, pe\u0142ny wymiar etatu, liczba stanowisk pracy: 1<\/p><p><strong>Miejsce wykonywania pracy: <\/strong><\/p><p>WSS im. \u015aw. Rafa\u0142a w Czerwonej G\u00f3rze, ul. Czerwona G\u00f3ra 10, 26-060 Ch\u0119ciny<\/p><p><strong>Wymagane dokumenty i o\u015bwiadczenia:<\/strong><\/p><ul><li>CV i list motywacyjny,<\/li><li>O\u015bwiadczenie o wyra\u017ceniu zgody na przetwarzanie danych osobowych do cel\u00f3w rekrutacji wg za\u0142\u0105czonego wzoru,<\/li><li>Kopie dokument\u00f3w potwierdzaj\u0105cych wykszta\u0142cenie.<\/li><\/ul><p><strong>Termin sk\u0142adania dokument\u00f3w:<\/strong> 2021-12-10<\/p><p><strong>Miejsce sk\u0142adania dokument\u00f3w:<\/strong><\/p><p>Sekcja ds. Osobowych<br \/>Wojew\u00f3dzki Szpital Specjalistyczny im. \u015aw. Rafa\u0142a<br \/>ul. Czerwona G\u00f3ra 10. 26-060 Ch\u0119ciny <\/p><p><strong>lub poczt\u0105 na adres:<\/strong><\/p><p>k.resztak@czerwonagora.pl<\/p><p><strong>Inne informacje:<\/strong><\/p><ol><li>Prosimy o do\u0142\u0105czenie za\u0142\u0105czonej klauzuli informacyjnej dotycz\u0105cej rekrutacji. W przypadku braku powy\u017cszej klauzuli nie b\u0119dziemy mogli rozpatrzy\u0107 Pani\/Pana aplikacji, a dokumenty aplikacyjne zostan\u0105 zniszczone. Dokumenty przes\u0142ane w procesie rekrutacji nie podlegaj\u0105 zwrotowi.<\/li><li>Oferty otrzymane po terminie nie b\u0119d\u0105 rozpatrywane.<\/li><li>Zastrzega si\u0119 mo\u017cliwo\u015b\u0107 kontaktu wy\u0142\u0105cznie z wybranymi kandydatami.<\/li><li>Kandydatki\/kandydaci spe\u0142niaj\u0105cy wymogi formalne okre\u015blone w og\u0142oszeniu o zakwalifikowaniu\u00a0 si\u0119 do kolejnego etapu post\u0119powania\u00a0 rekrutacyjnego zostan\u0105 powiadomieni telefonicznie. Oferty odrzucone zostan\u0105 zniszczone.<\/li><\/ol>\t\t\t\t\t\t\t\t<\/div>\n\t\t\t\t<\/div>\n\t\t\t\t\t<\/div>\n\t\t<\/div>\n\t\t\t\t\t<\/div>\n\t\t<\/section>\n\t\t\t\t\t<\/div>\n\t\t<\/div>\n\t\t\t\t\t<\/div>\n\t\t<\/section>\n\t\t\t\t<section class=\"elementor-section elementor-top-section elementor-element elementor-element-4c68b674 elementor-section-boxed elementor-section-height-default elementor-section-height-default\" data-id=\"4c68b674\" data-element_type=\"section\" data-e-type=\"section\" data-settings=\"{&quot;background_background&quot;:&quot;classic&quot;}\">\n\t\t\t\t\t\t<div class=\"elementor-container elementor-column-gap-default\">\n\t\t\t\t\t<div class=\"elementor-column elementor-col-25 elementor-top-column elementor-element elementor-element-35175b27\" data-id=\"35175b27\" data-element_type=\"column\" data-e-type=\"column\">\n\t\t\t<div class=\"elementor-widget-wrap elementor-element-populated\">\n\t\t\t\t\t\t<div class=\"elementor-element elementor-element-35d5132f elementor-view-default elementor-widget elementor-widget-icon\" data-id=\"35d5132f\" data-element_type=\"widget\" data-e-type=\"widget\" data-widget_type=\"icon.default\">\n\t\t\t\t<div class=\"elementor-widget-container\">\n\t\t\t\t\t\t\t<div class=\"elementor-icon-wrapper\">\n\t\t\t<div class=\"elementor-icon\">\n\t\t\t<i aria-hidden=\"true\" class=\"far fa-file-pdf\"><\/i>\t\t\t<\/div>\n\t\t<\/div>\n\t\t\t\t\t\t<\/div>\n\t\t\t\t<\/div>\n\t\t\t\t\t<\/div>\n\t\t<\/div>\n\t\t\t\t<div class=\"elementor-column elementor-col-50 elementor-top-column elementor-element elementor-element-2ae32e2a\" data-id=\"2ae32e2a\" data-element_type=\"column\" data-e-type=\"column\">\n\t\t\t<div class=\"elementor-widget-wrap elementor-element-populated\">\n\t\t\t\t\t\t<div class=\"elementor-element elementor-element-7c9e5086 elementor-widget elementor-widget-text-editor\" data-id=\"7c9e5086\" data-element_type=\"widget\" data-e-type=\"widget\" data-widget_type=\"text-editor.default\">\n\t\t\t\t<div class=\"elementor-widget-container\">\n\t\t\t\t\t\t\t\t\t<p>Og\u0142oszenie Sekcja Gospodarcza<\/p>\t\t\t\t\t\t\t\t<\/div>\n\t\t\t\t<\/div>\n\t\t\t\t\t<\/div>\n\t\t<\/div>\n\t\t\t\t<div class=\"elementor-column elementor-col-25 elementor-top-column elementor-element elementor-element-77dbdd59\" data-id=\"77dbdd59\" data-element_type=\"column\" data-e-type=\"column\">\n\t\t\t<div class=\"elementor-widget-wrap elementor-element-populated\">\n\t\t\t\t\t\t<div class=\"elementor-element elementor-element-37d0a1d3 elementor-widget elementor-widget-button\" data-id=\"37d0a1d3\" data-element_type=\"widget\" data-e-type=\"widget\" data-widget_type=\"button.default\">\n\t\t\t\t<div class=\"elementor-widget-container\">\n\t\t\t\t\t\t\t\t\t<div class=\"elementor-button-wrapper\">\n\t\t\t\t\t<a class=\"elementor-button elementor-button-link elementor-size-sm elementor-animation-grow\" href=\"https:\/\/czerwonagora.pl\/wp-content\/uploads\/2021\/11\/OGLOSZENIE-SEKCJA-GOSPODARCZA.pdf\">\n\t\t\t\t\t\t<span class=\"elementor-button-content-wrapper\">\n\t\t\t\t\t\t\t\t\t<span class=\"elementor-button-text\">Pobierz<\/span>\n\t\t\t\t\t<\/span>\n\t\t\t\t\t<\/a>\n\t\t\t\t<\/div>\n\t\t\t\t\t\t\t\t<\/div>\n\t\t\t\t<\/div>\n\t\t\t\t\t<\/div>\n\t\t<\/div>\n\t\t\t\t\t<\/div>\n\t\t<\/section>\n\t\t\t\t<\/div>\n\t\t","protected":false},"excerpt":{"rendered":"<p>Dyrektor Wojew\u00f3dzkiego Szpitala Specjalistycznego im. \u015aw. Rafa\u0142a w Czerwonej G\u00f3rzeog\u0142asza nab\u00f3r na stanowisko Referenta w Sekcji Gospodarczej \u2013 Centrala Telefoniczna Wymagania zwi\u0105zane ze stanowiskiem pracy: wykszta\u0142cenie zawodowe lub \u015brednie, komunikatywno\u015b\u0107, pracowito\u015b\u0107, odporno\u015b\u0107 na stres, umiej\u0119tno\u015b\u0107 radzenia sobie z konfliktami. Forma zatrudnienia: Umowa o prac\u0119, pe\u0142ny wymiar etatu, liczba stanowisk pracy: 1 Miejsce wykonywania pracy: WSS [&hellip;]<\/p>\n","protected":false},"author":2,"featured_media":0,"comment_status":"closed","ping_status":"open","sticky":false,"template":"","format":"standard","meta":{"zakra_page_container_layout":"customizer","zakra_page_sidebar_layout":"customizer","zakra_remove_content_margin":false,"zakra_sidebar":"customizer","zakra_transparent_header":"customizer","zakra_logo":0,"zakra_main_header_style":"default","zakra_menu_item_color":"","zakra_menu_item_hover_color":"","zakra_menu_item_active_color":"","zakra_menu_active_style":"","zakra_page_header":true,"footnotes":""},"categories":[42],"tags":[],"class_list":["post-15485","post","type-post","status-publish","format-standard","hentry","category-oferty-pracy"],"yoast_head":"<!-- This site is optimized with the Yoast SEO plugin v27.4 - https:\/\/yoast.com\/product\/yoast-seo-wordpress\/ -->\n<title>Nab\u00f3r na stanowisko Referenta w Sekcji Gospodarczej \u2013 Centrala Telefoniczna - Wojew\u00f3dzki Szpital Specjalistyczny im. \u015aw. Rafa\u0142a w Czerwonej G\u00f3rze<\/title>\n<meta name=\"robots\" content=\"index, follow, max-snippet:-1, max-image-preview:large, max-video-preview:-1\" \/>\n<link rel=\"canonical\" href=\"https:\/\/czerwonagora.pl\/index.php\/2021\/11\/30\/nabor-na-stanowisko-referenta-w-sekcji-gospodarczej-centrala-telefoniczna\/\" \/>\n<meta property=\"og:locale\" content=\"pl_PL\" \/>\n<meta property=\"og:type\" content=\"article\" \/>\n<meta property=\"og:title\" content=\"Nab\u00f3r na stanowisko Referenta w Sekcji Gospodarczej \u2013 Centrala Telefoniczna - Wojew\u00f3dzki Szpital Specjalistyczny im. \u015aw. Rafa\u0142a w Czerwonej G\u00f3rze\" \/>\n<meta property=\"og:description\" content=\"Dyrektor Wojew\u00f3dzkiego Szpitala Specjalistycznego im. \u015aw. Rafa\u0142a w Czerwonej G\u00f3rzeog\u0142asza nab\u00f3r na stanowisko Referenta w Sekcji Gospodarczej \u2013 Centrala Telefoniczna Wymagania zwi\u0105zane ze stanowiskiem pracy: wykszta\u0142cenie zawodowe lub \u015brednie, komunikatywno\u015b\u0107, pracowito\u015b\u0107, odporno\u015b\u0107 na stres, umiej\u0119tno\u015b\u0107 radzenia sobie z konfliktami. Forma zatrudnienia: Umowa o prac\u0119, pe\u0142ny wymiar etatu, liczba stanowisk pracy: 1 Miejsce wykonywania pracy: WSS [&hellip;]\" \/>\n<meta property=\"og:url\" content=\"https:\/\/czerwonagora.pl\/index.php\/2021\/11\/30\/nabor-na-stanowisko-referenta-w-sekcji-gospodarczej-centrala-telefoniczna\/\" \/>\n<meta property=\"og:site_name\" content=\"Wojew\u00f3dzki Szpital Specjalistyczny im. \u015aw. Rafa\u0142a w Czerwonej G\u00f3rze\" \/>\n<meta property=\"article:publisher\" content=\"https:\/\/www.facebook.com\/SzpitalCzerwonaGora\/\" \/>\n<meta property=\"article:published_time\" content=\"2021-11-30T08:40:14+00:00\" \/>\n<meta property=\"article:modified_time\" content=\"2021-12-15T07:08:19+00:00\" \/>\n<meta property=\"og:image\" content=\"https:\/\/czerwonagora.pl\/wp-content\/uploads\/2021\/06\/Oferta_pracy_administracja-1.jpg\" \/>\n<meta name=\"author\" content=\"Marcin Wzi\u0105tek\" \/>\n<meta name=\"twitter:card\" content=\"summary_large_image\" \/>\n<meta name=\"twitter:label1\" content=\"Napisane przez\" \/>\n\t<meta name=\"twitter:data1\" content=\"Marcin Wzi\u0105tek\" \/>\n\t<meta name=\"twitter:label2\" content=\"Szacowany czas czytania\" \/>\n\t<meta name=\"twitter:data2\" content=\"1 minuta\" \/>\n<script type=\"application\/ld+json\" class=\"yoast-schema-graph\">{\"@context\":\"https:\\\/\\\/schema.org\",\"@graph\":[{\"@type\":\"Article\",\"@id\":\"https:\\\/\\\/czerwonagora.pl\\\/index.php\\\/2021\\\/11\\\/30\\\/nabor-na-stanowisko-referenta-w-sekcji-gospodarczej-centrala-telefoniczna\\\/#article\",\"isPartOf\":{\"@id\":\"https:\\\/\\\/czerwonagora.pl\\\/index.php\\\/2021\\\/11\\\/30\\\/nabor-na-stanowisko-referenta-w-sekcji-gospodarczej-centrala-telefoniczna\\\/\"},\"author\":{\"name\":\"Marcin Wzi\u0105tek\",\"@id\":\"https:\\\/\\\/czerwonagora.pl\\\/#\\\/schema\\\/person\\\/be4cf52681b818f9a8a197e0e688f0c0\"},\"headline\":\"Nab\u00f3r na stanowisko Referenta w Sekcji Gospodarczej \u2013 Centrala Telefoniczna\",\"datePublished\":\"2021-11-30T08:40:14+00:00\",\"dateModified\":\"2021-12-15T07:08:19+00:00\",\"mainEntityOfPage\":{\"@id\":\"https:\\\/\\\/czerwonagora.pl\\\/index.php\\\/2021\\\/11\\\/30\\\/nabor-na-stanowisko-referenta-w-sekcji-gospodarczej-centrala-telefoniczna\\\/\"},\"wordCount\":249,\"publisher\":{\"@id\":\"https:\\\/\\\/czerwonagora.pl\\\/#organization\"},\"image\":{\"@id\":\"https:\\\/\\\/czerwonagora.pl\\\/index.php\\\/2021\\\/11\\\/30\\\/nabor-na-stanowisko-referenta-w-sekcji-gospodarczej-centrala-telefoniczna\\\/#primaryimage\"},\"thumbnailUrl\":\"https:\\\/\\\/czerwonagora.pl\\\/wp-content\\\/uploads\\\/2021\\\/06\\\/Oferta_pracy_administracja-1.jpg\",\"articleSection\":[\"Oferty pracy\"],\"inLanguage\":\"pl-PL\"},{\"@type\":\"WebPage\",\"@id\":\"https:\\\/\\\/czerwonagora.pl\\\/index.php\\\/2021\\\/11\\\/30\\\/nabor-na-stanowisko-referenta-w-sekcji-gospodarczej-centrala-telefoniczna\\\/\",\"url\":\"https:\\\/\\\/czerwonagora.pl\\\/index.php\\\/2021\\\/11\\\/30\\\/nabor-na-stanowisko-referenta-w-sekcji-gospodarczej-centrala-telefoniczna\\\/\",\"name\":\"Nab\u00f3r na stanowisko Referenta w Sekcji Gospodarczej \u2013 Centrala Telefoniczna - Wojew\u00f3dzki Szpital Specjalistyczny im. \u015aw. Rafa\u0142a w Czerwonej G\u00f3rze\",\"isPartOf\":{\"@id\":\"https:\\\/\\\/czerwonagora.pl\\\/#website\"},\"primaryImageOfPage\":{\"@id\":\"https:\\\/\\\/czerwonagora.pl\\\/index.php\\\/2021\\\/11\\\/30\\\/nabor-na-stanowisko-referenta-w-sekcji-gospodarczej-centrala-telefoniczna\\\/#primaryimage\"},\"image\":{\"@id\":\"https:\\\/\\\/czerwonagora.pl\\\/index.php\\\/2021\\\/11\\\/30\\\/nabor-na-stanowisko-referenta-w-sekcji-gospodarczej-centrala-telefoniczna\\\/#primaryimage\"},\"thumbnailUrl\":\"https:\\\/\\\/czerwonagora.pl\\\/wp-content\\\/uploads\\\/2021\\\/06\\\/Oferta_pracy_administracja-1.jpg\",\"datePublished\":\"2021-11-30T08:40:14+00:00\",\"dateModified\":\"2021-12-15T07:08:19+00:00\",\"breadcrumb\":{\"@id\":\"https:\\\/\\\/czerwonagora.pl\\\/index.php\\\/2021\\\/11\\\/30\\\/nabor-na-stanowisko-referenta-w-sekcji-gospodarczej-centrala-telefoniczna\\\/#breadcrumb\"},\"inLanguage\":\"pl-PL\",\"potentialAction\":[{\"@type\":\"ReadAction\",\"target\":[\"https:\\\/\\\/czerwonagora.pl\\\/index.php\\\/2021\\\/11\\\/30\\\/nabor-na-stanowisko-referenta-w-sekcji-gospodarczej-centrala-telefoniczna\\\/\"]}]},{\"@type\":\"ImageObject\",\"inLanguage\":\"pl-PL\",\"@id\":\"https:\\\/\\\/czerwonagora.pl\\\/index.php\\\/2021\\\/11\\\/30\\\/nabor-na-stanowisko-referenta-w-sekcji-gospodarczej-centrala-telefoniczna\\\/#primaryimage\",\"url\":\"https:\\\/\\\/czerwonagora.pl\\\/wp-content\\\/uploads\\\/2021\\\/06\\\/Oferta_pracy_administracja-1.jpg\",\"contentUrl\":\"https:\\\/\\\/czerwonagora.pl\\\/wp-content\\\/uploads\\\/2021\\\/06\\\/Oferta_pracy_administracja-1.jpg\",\"width\":803,\"height\":360,\"caption\":\"t\u0142o koloru niebieskiego na kt\u00f3rym znaduje si\u0119 zarys os\u00f3b ubranch w ubrania wizytowe z bia\u0142ym napisem Oferta pracy\"},{\"@type\":\"BreadcrumbList\",\"@id\":\"https:\\\/\\\/czerwonagora.pl\\\/index.php\\\/2021\\\/11\\\/30\\\/nabor-na-stanowisko-referenta-w-sekcji-gospodarczej-centrala-telefoniczna\\\/#breadcrumb\",\"itemListElement\":[{\"@type\":\"ListItem\",\"position\":1,\"name\":\"Strona g\u0142\u00f3wna\",\"item\":\"https:\\\/\\\/czerwonagora.pl\\\/\"},{\"@type\":\"ListItem\",\"position\":2,\"name\":\"Nab\u00f3r na stanowisko Referenta w Sekcji Gospodarczej \u2013 Centrala Telefoniczna\"}]},{\"@type\":\"WebSite\",\"@id\":\"https:\\\/\\\/czerwonagora.pl\\\/#website\",\"url\":\"https:\\\/\\\/czerwonagora.pl\\\/\",\"name\":\"Wojew\u00f3dzki Szpital Specjalistyczny im. \u015aw. Rafa\u0142a w Czerwonej G\u00f3rze\",\"description\":\"Wojew\u00f3dzki Szpital Specjalistyczny im. \u015aw. Rafa\u0142a w Czerwonej G\u00f3rze\",\"publisher\":{\"@id\":\"https:\\\/\\\/czerwonagora.pl\\\/#organization\"},\"potentialAction\":[{\"@type\":\"SearchAction\",\"target\":{\"@type\":\"EntryPoint\",\"urlTemplate\":\"https:\\\/\\\/czerwonagora.pl\\\/?s={search_term_string}\"},\"query-input\":{\"@type\":\"PropertyValueSpecification\",\"valueRequired\":true,\"valueName\":\"search_term_string\"}}],\"inLanguage\":\"pl-PL\"},{\"@type\":\"Organization\",\"@id\":\"https:\\\/\\\/czerwonagora.pl\\\/#organization\",\"name\":\"Wojew\u00f3dzki Szpital Specjalistyczny im. \u015aw. Rafa\u0142a w Czerwonej G\u00f3rze\",\"url\":\"https:\\\/\\\/czerwonagora.pl\\\/\",\"logo\":{\"@type\":\"ImageObject\",\"inLanguage\":\"pl-PL\",\"@id\":\"https:\\\/\\\/czerwonagora.pl\\\/#\\\/schema\\\/logo\\\/image\\\/\",\"url\":\"https:\\\/\\\/czerwonagora.pl\\\/wp-content\\\/uploads\\\/2021\\\/06\\\/Logo-WSS-DUZE-transparentne.png\",\"contentUrl\":\"https:\\\/\\\/czerwonagora.pl\\\/wp-content\\\/uploads\\\/2021\\\/06\\\/Logo-WSS-DUZE-transparentne.png\",\"width\":4210,\"height\":2975,\"caption\":\"Wojew\u00f3dzki Szpital Specjalistyczny im. \u015aw. Rafa\u0142a w Czerwonej G\u00f3rze\"},\"image\":{\"@id\":\"https:\\\/\\\/czerwonagora.pl\\\/#\\\/schema\\\/logo\\\/image\\\/\"},\"sameAs\":[\"https:\\\/\\\/www.facebook.com\\\/SzpitalCzerwonaGora\\\/\"]},{\"@type\":\"Person\",\"@id\":\"https:\\\/\\\/czerwonagora.pl\\\/#\\\/schema\\\/person\\\/be4cf52681b818f9a8a197e0e688f0c0\",\"name\":\"Marcin Wzi\u0105tek\",\"image\":{\"@type\":\"ImageObject\",\"inLanguage\":\"pl-PL\",\"@id\":\"https:\\\/\\\/czerwonagora.pl\\\/wp-content\\\/litespeed\\\/avatar\\\/0637e328dd71e60b4c22ea74215819ad.jpg?ver=1777387497\",\"url\":\"https:\\\/\\\/czerwonagora.pl\\\/wp-content\\\/litespeed\\\/avatar\\\/0637e328dd71e60b4c22ea74215819ad.jpg?ver=1777387497\",\"contentUrl\":\"https:\\\/\\\/czerwonagora.pl\\\/wp-content\\\/litespeed\\\/avatar\\\/0637e328dd71e60b4c22ea74215819ad.jpg?ver=1777387497\",\"caption\":\"Marcin Wzi\u0105tek\"},\"sameAs\":[\"https:\\\/\\\/www.czerwonagora.pl\"],\"url\":\"https:\\\/\\\/czerwonagora.pl\\\/index.php\\\/author\\\/wziatek\\\/\"}]}<\/script>\n<!-- \/ Yoast SEO plugin. -->","yoast_head_json":{"title":"Nab\u00f3r na stanowisko Referenta w Sekcji Gospodarczej \u2013 Centrala Telefoniczna - Wojew\u00f3dzki Szpital Specjalistyczny im. \u015aw. Rafa\u0142a w Czerwonej G\u00f3rze","robots":{"index":"index","follow":"follow","max-snippet":"max-snippet:-1","max-image-preview":"max-image-preview:large","max-video-preview":"max-video-preview:-1"},"canonical":"https:\/\/czerwonagora.pl\/index.php\/2021\/11\/30\/nabor-na-stanowisko-referenta-w-sekcji-gospodarczej-centrala-telefoniczna\/","og_locale":"pl_PL","og_type":"article","og_title":"Nab\u00f3r na stanowisko Referenta w Sekcji Gospodarczej \u2013 Centrala Telefoniczna - Wojew\u00f3dzki Szpital Specjalistyczny im. \u015aw. Rafa\u0142a w Czerwonej G\u00f3rze","og_description":"Dyrektor Wojew\u00f3dzkiego Szpitala Specjalistycznego im. \u015aw. Rafa\u0142a w Czerwonej G\u00f3rzeog\u0142asza nab\u00f3r na stanowisko Referenta w Sekcji Gospodarczej \u2013 Centrala Telefoniczna Wymagania zwi\u0105zane ze stanowiskiem pracy: wykszta\u0142cenie zawodowe lub \u015brednie, komunikatywno\u015b\u0107, pracowito\u015b\u0107, odporno\u015b\u0107 na stres, umiej\u0119tno\u015b\u0107 radzenia sobie z konfliktami. Forma zatrudnienia: Umowa o prac\u0119, pe\u0142ny wymiar etatu, liczba stanowisk pracy: 1 Miejsce wykonywania pracy: WSS [&hellip;]","og_url":"https:\/\/czerwonagora.pl\/index.php\/2021\/11\/30\/nabor-na-stanowisko-referenta-w-sekcji-gospodarczej-centrala-telefoniczna\/","og_site_name":"Wojew\u00f3dzki Szpital Specjalistyczny im. \u015aw. Rafa\u0142a w Czerwonej G\u00f3rze","article_publisher":"https:\/\/www.facebook.com\/SzpitalCzerwonaGora\/","article_published_time":"2021-11-30T08:40:14+00:00","article_modified_time":"2021-12-15T07:08:19+00:00","og_image":[{"url":"https:\/\/czerwonagora.pl\/wp-content\/uploads\/2021\/06\/Oferta_pracy_administracja-1.jpg","type":"","width":"","height":""}],"author":"Marcin Wzi\u0105tek","twitter_card":"summary_large_image","twitter_misc":{"Napisane przez":"Marcin Wzi\u0105tek","Szacowany czas czytania":"1 minuta"},"schema":{"@context":"https:\/\/schema.org","@graph":[{"@type":"Article","@id":"https:\/\/czerwonagora.pl\/index.php\/2021\/11\/30\/nabor-na-stanowisko-referenta-w-sekcji-gospodarczej-centrala-telefoniczna\/#article","isPartOf":{"@id":"https:\/\/czerwonagora.pl\/index.php\/2021\/11\/30\/nabor-na-stanowisko-referenta-w-sekcji-gospodarczej-centrala-telefoniczna\/"},"author":{"name":"Marcin Wzi\u0105tek","@id":"https:\/\/czerwonagora.pl\/#\/schema\/person\/be4cf52681b818f9a8a197e0e688f0c0"},"headline":"Nab\u00f3r na stanowisko Referenta w Sekcji Gospodarczej \u2013 Centrala Telefoniczna","datePublished":"2021-11-30T08:40:14+00:00","dateModified":"2021-12-15T07:08:19+00:00","mainEntityOfPage":{"@id":"https:\/\/czerwonagora.pl\/index.php\/2021\/11\/30\/nabor-na-stanowisko-referenta-w-sekcji-gospodarczej-centrala-telefoniczna\/"},"wordCount":249,"publisher":{"@id":"https:\/\/czerwonagora.pl\/#organization"},"image":{"@id":"https:\/\/czerwonagora.pl\/index.php\/2021\/11\/30\/nabor-na-stanowisko-referenta-w-sekcji-gospodarczej-centrala-telefoniczna\/#primaryimage"},"thumbnailUrl":"https:\/\/czerwonagora.pl\/wp-content\/uploads\/2021\/06\/Oferta_pracy_administracja-1.jpg","articleSection":["Oferty pracy"],"inLanguage":"pl-PL"},{"@type":"WebPage","@id":"https:\/\/czerwonagora.pl\/index.php\/2021\/11\/30\/nabor-na-stanowisko-referenta-w-sekcji-gospodarczej-centrala-telefoniczna\/","url":"https:\/\/czerwonagora.pl\/index.php\/2021\/11\/30\/nabor-na-stanowisko-referenta-w-sekcji-gospodarczej-centrala-telefoniczna\/","name":"Nab\u00f3r na stanowisko Referenta w Sekcji Gospodarczej \u2013 Centrala Telefoniczna - Wojew\u00f3dzki Szpital Specjalistyczny im. \u015aw. Rafa\u0142a w Czerwonej G\u00f3rze","isPartOf":{"@id":"https:\/\/czerwonagora.pl\/#website"},"primaryImageOfPage":{"@id":"https:\/\/czerwonagora.pl\/index.php\/2021\/11\/30\/nabor-na-stanowisko-referenta-w-sekcji-gospodarczej-centrala-telefoniczna\/#primaryimage"},"image":{"@id":"https:\/\/czerwonagora.pl\/index.php\/2021\/11\/30\/nabor-na-stanowisko-referenta-w-sekcji-gospodarczej-centrala-telefoniczna\/#primaryimage"},"thumbnailUrl":"https:\/\/czerwonagora.pl\/wp-content\/uploads\/2021\/06\/Oferta_pracy_administracja-1.jpg","datePublished":"2021-11-30T08:40:14+00:00","dateModified":"2021-12-15T07:08:19+00:00","breadcrumb":{"@id":"https:\/\/czerwonagora.pl\/index.php\/2021\/11\/30\/nabor-na-stanowisko-referenta-w-sekcji-gospodarczej-centrala-telefoniczna\/#breadcrumb"},"inLanguage":"pl-PL","potentialAction":[{"@type":"ReadAction","target":["https:\/\/czerwonagora.pl\/index.php\/2021\/11\/30\/nabor-na-stanowisko-referenta-w-sekcji-gospodarczej-centrala-telefoniczna\/"]}]},{"@type":"ImageObject","inLanguage":"pl-PL","@id":"https:\/\/czerwonagora.pl\/index.php\/2021\/11\/30\/nabor-na-stanowisko-referenta-w-sekcji-gospodarczej-centrala-telefoniczna\/#primaryimage","url":"https:\/\/czerwonagora.pl\/wp-content\/uploads\/2021\/06\/Oferta_pracy_administracja-1.jpg","contentUrl":"https:\/\/czerwonagora.pl\/wp-content\/uploads\/2021\/06\/Oferta_pracy_administracja-1.jpg","width":803,"height":360,"caption":"t\u0142o koloru niebieskiego na kt\u00f3rym znaduje si\u0119 zarys os\u00f3b ubranch w ubrania wizytowe z bia\u0142ym napisem Oferta pracy"},{"@type":"BreadcrumbList","@id":"https:\/\/czerwonagora.pl\/index.php\/2021\/11\/30\/nabor-na-stanowisko-referenta-w-sekcji-gospodarczej-centrala-telefoniczna\/#breadcrumb","itemListElement":[{"@type":"ListItem","position":1,"name":"Strona g\u0142\u00f3wna","item":"https:\/\/czerwonagora.pl\/"},{"@type":"ListItem","position":2,"name":"Nab\u00f3r na stanowisko Referenta w Sekcji Gospodarczej \u2013 Centrala Telefoniczna"}]},{"@type":"WebSite","@id":"https:\/\/czerwonagora.pl\/#website","url":"https:\/\/czerwonagora.pl\/","name":"Wojew\u00f3dzki Szpital Specjalistyczny im. \u015aw. Rafa\u0142a w Czerwonej G\u00f3rze","description":"Wojew\u00f3dzki Szpital Specjalistyczny im. \u015aw. Rafa\u0142a w Czerwonej G\u00f3rze","publisher":{"@id":"https:\/\/czerwonagora.pl\/#organization"},"potentialAction":[{"@type":"SearchAction","target":{"@type":"EntryPoint","urlTemplate":"https:\/\/czerwonagora.pl\/?s={search_term_string}"},"query-input":{"@type":"PropertyValueSpecification","valueRequired":true,"valueName":"search_term_string"}}],"inLanguage":"pl-PL"},{"@type":"Organization","@id":"https:\/\/czerwonagora.pl\/#organization","name":"Wojew\u00f3dzki Szpital Specjalistyczny im. \u015aw. Rafa\u0142a w Czerwonej G\u00f3rze","url":"https:\/\/czerwonagora.pl\/","logo":{"@type":"ImageObject","inLanguage":"pl-PL","@id":"https:\/\/czerwonagora.pl\/#\/schema\/logo\/image\/","url":"https:\/\/czerwonagora.pl\/wp-content\/uploads\/2021\/06\/Logo-WSS-DUZE-transparentne.png","contentUrl":"https:\/\/czerwonagora.pl\/wp-content\/uploads\/2021\/06\/Logo-WSS-DUZE-transparentne.png","width":4210,"height":2975,"caption":"Wojew\u00f3dzki Szpital Specjalistyczny im. \u015aw. Rafa\u0142a w Czerwonej G\u00f3rze"},"image":{"@id":"https:\/\/czerwonagora.pl\/#\/schema\/logo\/image\/"},"sameAs":["https:\/\/www.facebook.com\/SzpitalCzerwonaGora\/"]},{"@type":"Person","@id":"https:\/\/czerwonagora.pl\/#\/schema\/person\/be4cf52681b818f9a8a197e0e688f0c0","name":"Marcin Wzi\u0105tek","image":{"@type":"ImageObject","inLanguage":"pl-PL","@id":"https:\/\/czerwonagora.pl\/wp-content\/litespeed\/avatar\/0637e328dd71e60b4c22ea74215819ad.jpg?ver=1777387497","url":"https:\/\/czerwonagora.pl\/wp-content\/litespeed\/avatar\/0637e328dd71e60b4c22ea74215819ad.jpg?ver=1777387497","contentUrl":"https:\/\/czerwonagora.pl\/wp-content\/litespeed\/avatar\/0637e328dd71e60b4c22ea74215819ad.jpg?ver=1777387497","caption":"Marcin Wzi\u0105tek"},"sameAs":["https:\/\/www.czerwonagora.pl"],"url":"https:\/\/czerwonagora.pl\/index.php\/author\/wziatek\/"}]}},"publishpress_future_action":{"enabled":false,"date":"2026-05-08 01:53:52","action":"change-status","newStatus":"draft","terms":[],"taxonomy":"category","extraData":[]},"publishpress_future_workflow_manual_trigger":{"enabledWorkflows":[]},"_links":{"self":[{"href":"https:\/\/czerwonagora.pl\/index.php\/wp-json\/wp\/v2\/posts\/15485","targetHints":{"allow":["GET"]}}],"collection":[{"href":"https:\/\/czerwonagora.pl\/index.php\/wp-json\/wp\/v2\/posts"}],"about":[{"href":"https:\/\/czerwonagora.pl\/index.php\/wp-json\/wp\/v2\/types\/post"}],"author":[{"embeddable":true,"href":"https:\/\/czerwonagora.pl\/index.php\/wp-json\/wp\/v2\/users\/2"}],"replies":[{"embeddable":true,"href":"https:\/\/czerwonagora.pl\/index.php\/wp-json\/wp\/v2\/comments?post=15485"}],"version-history":[{"count":3,"href":"https:\/\/czerwonagora.pl\/index.php\/wp-json\/wp\/v2\/posts\/15485\/revisions"}],"predecessor-version":[{"id":15491,"href":"https:\/\/czerwonagora.pl\/index.php\/wp-json\/wp\/v2\/posts\/15485\/revisions\/15491"}],"wp:attachment":[{"href":"https:\/\/czerwonagora.pl\/index.php\/wp-json\/wp\/v2\/media?parent=15485"}],"wp:term":[{"taxonomy":"category","embeddable":true,"href":"https:\/\/czerwonagora.pl\/index.php\/wp-json\/wp\/v2\/categories?post=15485"},{"taxonomy":"post_tag","embeddable":true,"href":"https:\/\/czerwonagora.pl\/index.php\/wp-json\/wp\/v2\/tags?post=15485"}],"curies":[{"name":"wp","href":"https:\/\/api.w.org\/{rel}","templated":true}]}}