{"id":16354,"date":"2022-03-07T07:44:21","date_gmt":"2022-03-07T06:44:21","guid":{"rendered":"https:\/\/czerwonagora.pl\/?p=16354"},"modified":"2022-03-07T08:01:33","modified_gmt":"2022-03-07T07:01:33","slug":"zbiorka-najpotrzebniejszych-srodkow-dla-osob-przyjezdzajacych-z-ukrainy","status":"publish","type":"post","link":"https:\/\/czerwonagora.pl\/index.php\/2022\/03\/07\/zbiorka-najpotrzebniejszych-srodkow-dla-osob-przyjezdzajacych-z-ukrainy\/","title":{"rendered":"Zbi\u00f3rka najpotrzebniejszych \u015brodk\u00f3w dla os\u00f3b przyje\u017cd\u017caj\u0105cych z Ukrainy"},"content":{"rendered":"\t\t<div data-elementor-type=\"wp-post\" data-elementor-id=\"16354\" class=\"elementor elementor-16354\">\n\t\t\t\t\t\t<section class=\"elementor-section elementor-top-section elementor-element elementor-element-0bd8c8c elementor-section-boxed elementor-section-height-default elementor-section-height-default\" data-id=\"0bd8c8c\" data-element_type=\"section\" data-e-type=\"section\">\n\t\t\t\t\t\t<div class=\"elementor-container elementor-column-gap-default\">\n\t\t\t\t\t<div class=\"elementor-column elementor-col-100 elementor-top-column elementor-element elementor-element-f159a62\" data-id=\"f159a62\" data-element_type=\"column\" data-e-type=\"column\">\n\t\t\t<div class=\"elementor-widget-wrap elementor-element-populated\">\n\t\t\t\t\t\t<div class=\"elementor-element elementor-element-07135df elementor-widget elementor-widget-image\" data-id=\"07135df\" data-element_type=\"widget\" data-e-type=\"widget\" data-widget_type=\"image.default\">\n\t\t\t\t<div class=\"elementor-widget-container\">\n\t\t\t\t\t\t\t\t\t\t\t\t\t\t\t<img fetchpriority=\"high\" decoding=\"async\" width=\"1024\" height=\"320\" src=\"https:\/\/czerwonagora.pl\/wp-content\/uploads\/2022\/03\/Ukraina_flaga.webp\" class=\"attachment-large size-large wp-image-16356\" alt=\"flaga Ukrainy powiewaj\u0105ca na wietrze na tle nieba.\" srcset=\"https:\/\/czerwonagora.pl\/wp-content\/uploads\/2022\/03\/Ukraina_flaga.webp 1024w, https:\/\/czerwonagora.pl\/wp-content\/uploads\/2022\/03\/Ukraina_flaga-300x94.webp 300w, https:\/\/czerwonagora.pl\/wp-content\/uploads\/2022\/03\/Ukraina_flaga-768x240.webp 768w\" sizes=\"(max-width: 1024px) 100vw, 1024px\" \/>\t\t\t\t\t\t\t\t\t\t\t\t\t\t\t<\/div>\n\t\t\t\t<\/div>\n\t\t\t\t\t<\/div>\n\t\t<\/div>\n\t\t\t\t\t<\/div>\n\t\t<\/section>\n\t\t\t\t<section class=\"elementor-section elementor-top-section elementor-element elementor-element-09d3237 elementor-section-boxed elementor-section-height-default elementor-section-height-default\" data-id=\"09d3237\" data-element_type=\"section\" data-e-type=\"section\">\n\t\t\t\t\t\t<div class=\"elementor-container elementor-column-gap-default\">\n\t\t\t\t\t<div class=\"elementor-column elementor-col-100 elementor-top-column elementor-element elementor-element-aace3d4\" data-id=\"aace3d4\" data-element_type=\"column\" data-e-type=\"column\">\n\t\t\t<div class=\"elementor-widget-wrap elementor-element-populated\">\n\t\t\t\t\t\t<div class=\"elementor-element elementor-element-e08fd48 elementor-widget elementor-widget-text-editor\" data-id=\"e08fd48\" data-element_type=\"widget\" data-e-type=\"widget\" data-widget_type=\"text-editor.default\">\n\t\t\t\t<div class=\"elementor-widget-container\">\n\t\t\t\t\t\t\t\t\t<h3><strong>Pomoc kole\u017ce\u0144ska, zbi\u00f3rka dar\u00f3w dla uchod\u017ac\u00f3w z Ukrainy<\/strong><\/h3>\n<p>W zwi\u0105zku z zaistnia\u0142\u0105 sytuacj\u0105 na Ukrainie, i licznie nap\u0142ywaj\u0105c\u0105 ludno\u015bci\u0105 z teren\u00f3w zaj\u0119tych wojn\u0105 do Polski w ramach wsp\u00f3\u0142pracy z Miejsko-Gminnym O\u015brodkiem Pomocy Spo\u0142ecznej w Ch\u0119cinach, organizujemy zbi\u00f3rk\u0119 w Czerwonej G\u00f3rze w gara\u017cu przy bloku nr 7 w drugiej linii zabudowy.<br><b style=\"font-style: inherit; color: var( --e-global-color-text ); font-family: var( --e-global-typography-text-font-family ), Sans-serif;\"><br>Prosimy o rzeczy nowe lub czyste wyprane, niezniszczone, zapakowane w foli\u0119.<\/b><\/p>\n<p><\/p>\t\t\t\t\t\t\t\t<\/div>\n\t\t\t\t<\/div>\n\t\t\t\t\t<\/div>\n\t\t<\/div>\n\t\t\t\t\t<\/div>\n\t\t<\/section>\n\t\t\t\t<section class=\"elementor-section elementor-top-section elementor-element elementor-element-e2ccafd elementor-section-boxed elementor-section-height-default elementor-section-height-default\" data-id=\"e2ccafd\" data-element_type=\"section\" data-e-type=\"section\">\n\t\t\t\t\t\t<div class=\"elementor-container elementor-column-gap-default\">\n\t\t\t\t\t<div class=\"elementor-column elementor-col-100 elementor-top-column elementor-element elementor-element-5513a55\" data-id=\"5513a55\" data-element_type=\"column\" data-e-type=\"column\">\n\t\t\t<div class=\"elementor-widget-wrap elementor-element-populated\">\n\t\t\t\t\t\t<div class=\"elementor-element elementor-element-4567afe elementor-widget elementor-widget-heading\" data-id=\"4567afe\" data-element_type=\"widget\" data-e-type=\"widget\" data-widget_type=\"heading.default\">\n\t\t\t\t<div class=\"elementor-widget-container\">\n\t\t\t\t\t<h3 class=\"elementor-heading-title elementor-size-default\">Dnia 8 i 9.03.2022 w godzinach 14-19 zbieramy:<\/h3>\t\t\t\t<\/div>\n\t\t\t\t<\/div>\n\t\t\t\t\t<\/div>\n\t\t<\/div>\n\t\t\t\t\t<\/div>\n\t\t<\/section>\n\t\t\t\t<section class=\"elementor-section elementor-top-section elementor-element elementor-element-0f193b5 elementor-section-boxed elementor-section-height-default elementor-section-height-default\" data-id=\"0f193b5\" data-element_type=\"section\" data-e-type=\"section\">\n\t\t\t\t\t\t<div class=\"elementor-container elementor-column-gap-default\">\n\t\t\t\t\t<div class=\"elementor-column elementor-col-100 elementor-top-column elementor-element elementor-element-b0fb3a1\" data-id=\"b0fb3a1\" data-element_type=\"column\" data-e-type=\"column\">\n\t\t\t<div class=\"elementor-widget-wrap elementor-element-populated\">\n\t\t\t\t\t\t<div class=\"elementor-element elementor-element-38530d0 elementor-widget elementor-widget-text-editor\" data-id=\"38530d0\" data-element_type=\"widget\" data-e-type=\"widget\" data-widget_type=\"text-editor.default\">\n\t\t\t\t<div class=\"elementor-widget-container\">\n\t\t\t\t\t\t\t\t\t<p>\u2022 Koce, ko\u0142dry, poduszki, \u015bpiwory<br \/>\u2022 Materace, karimaty, r\u0119czniki<\/p>\t\t\t\t\t\t\t\t<\/div>\n\t\t\t\t<\/div>\n\t\t\t\t\t<\/div>\n\t\t<\/div>\n\t\t\t\t\t<\/div>\n\t\t<\/section>\n\t\t\t\t<section class=\"elementor-section elementor-top-section elementor-element elementor-element-9104666 elementor-section-boxed elementor-section-height-default elementor-section-height-default\" data-id=\"9104666\" data-element_type=\"section\" data-e-type=\"section\">\n\t\t\t\t\t\t<div class=\"elementor-container elementor-column-gap-default\">\n\t\t\t\t\t<div class=\"elementor-column elementor-col-100 elementor-top-column elementor-element elementor-element-8c840c6\" data-id=\"8c840c6\" data-element_type=\"column\" data-e-type=\"column\">\n\t\t\t<div class=\"elementor-widget-wrap elementor-element-populated\">\n\t\t\t\t\t\t<div class=\"elementor-element elementor-element-b4448b5 elementor-widget elementor-widget-heading\" data-id=\"b4448b5\" data-element_type=\"widget\" data-e-type=\"widget\" data-widget_type=\"heading.default\">\n\t\t\t\t<div class=\"elementor-widget-container\">\n\t\t\t\t\t<h3 class=\"elementor-heading-title elementor-size-default\">Dnia 10 i 11.03.2022 w godzinach 14-19 zbieramy:<\/h3>\t\t\t\t<\/div>\n\t\t\t\t<\/div>\n\t\t\t\t\t<\/div>\n\t\t<\/div>\n\t\t\t\t\t<\/div>\n\t\t<\/section>\n\t\t\t\t<section class=\"elementor-section elementor-top-section elementor-element elementor-element-59bb2e6 elementor-section-boxed elementor-section-height-default elementor-section-height-default\" data-id=\"59bb2e6\" data-element_type=\"section\" data-e-type=\"section\">\n\t\t\t\t\t\t<div class=\"elementor-container elementor-column-gap-default\">\n\t\t\t\t\t<div class=\"elementor-column elementor-col-100 elementor-top-column elementor-element elementor-element-fe8304b\" data-id=\"fe8304b\" data-element_type=\"column\" data-e-type=\"column\">\n\t\t\t<div class=\"elementor-widget-wrap elementor-element-populated\">\n\t\t\t\t\t\t<div class=\"elementor-element elementor-element-cd6b4ed elementor-widget elementor-widget-text-editor\" data-id=\"cd6b4ed\" data-element_type=\"widget\" data-e-type=\"widget\" data-widget_type=\"text-editor.default\">\n\t\t\t\t<div class=\"elementor-widget-container\">\n\t\t\t\t\t\t\t\t\t<ul><li>Chemi\u0119 gospodarcz\u0105 (proszki, p\u0142yny do naczy\u0144)<\/li><li>\u015arodki higieny osobistej (myd\u0142a, szampony, szczoteczki i pasty do z\u0119b\u00f3w, g\u0105bki do mycia, grzebienie, dezodoranty)<\/li><li>Podpaski higieniczne, pampersy<\/li><li>Papier toaletowy, r\u0119czniki papierowe<\/li><li>Baterie, latarki, zapa\u0142ki, \u015bwiece<\/li><li>\u015arodki dezynfekcyjne<\/li><li>Worki na \u015bmieci<\/li><\/ul>\t\t\t\t\t\t\t\t<\/div>\n\t\t\t\t<\/div>\n\t\t\t\t\t<\/div>\n\t\t<\/div>\n\t\t\t\t\t<\/div>\n\t\t<\/section>\n\t\t\t\t<section class=\"elementor-section elementor-top-section elementor-element elementor-element-6710cc2 elementor-section-boxed elementor-section-height-default elementor-section-height-default\" data-id=\"6710cc2\" data-element_type=\"section\" data-e-type=\"section\">\n\t\t\t\t\t\t<div class=\"elementor-container elementor-column-gap-default\">\n\t\t\t\t\t<div class=\"elementor-column elementor-col-100 elementor-top-column elementor-element elementor-element-9323179\" data-id=\"9323179\" data-element_type=\"column\" data-e-type=\"column\">\n\t\t\t<div class=\"elementor-widget-wrap elementor-element-populated\">\n\t\t\t\t\t\t<div class=\"elementor-element elementor-element-1e75e74 elementor-widget elementor-widget-heading\" data-id=\"1e75e74\" data-element_type=\"widget\" data-e-type=\"widget\" data-widget_type=\"heading.default\">\n\t\t\t\t<div class=\"elementor-widget-container\">\n\t\t\t\t\t<h3 class=\"elementor-heading-title elementor-size-default\">Lista produkt\u00f3w i \u015brodk\u00f3w, kt\u00f3re mog\u0105 by\u0107 przekazane potrzebuj\u0105cym na Ukrainie (w tym oczekuj\u0105cym przed przej\u015bciami granicznymi)<\/h3>\t\t\t\t<\/div>\n\t\t\t\t<\/div>\n\t\t\t\t<section class=\"elementor-section elementor-inner-section elementor-element elementor-element-544280a elementor-section-boxed elementor-section-height-default elementor-section-height-default\" data-id=\"544280a\" data-element_type=\"section\" data-e-type=\"section\">\n\t\t\t\t\t\t<div class=\"elementor-container elementor-column-gap-default\">\n\t\t\t\t\t<div class=\"elementor-column elementor-col-50 elementor-inner-column elementor-element elementor-element-5ecb4cf\" data-id=\"5ecb4cf\" data-element_type=\"column\" data-e-type=\"column\" data-settings=\"{&quot;background_background&quot;:&quot;classic&quot;}\">\n\t\t\t<div class=\"elementor-widget-wrap elementor-element-populated\">\n\t\t\t\t\t\t<div class=\"elementor-element elementor-element-1de688e elementor-widget elementor-widget-text-editor\" data-id=\"1de688e\" data-element_type=\"widget\" data-e-type=\"widget\" data-widget_type=\"text-editor.default\">\n\t\t\t\t<div class=\"elementor-widget-container\">\n\t\t\t\t\t\t\t\t\t<p><strong>Odzie\u017c i okrycie<\/strong>:<\/p><ul><li>Koce zwyk\u0142e i termiczne<\/li><li>\u015apiwory<\/li><li>Podk\u0142adki pod materac do spania z wodoodpornej folii aluminiowej<\/li><li>Materace<\/li><li>Ubrania (nowe)<\/li><li>P\u0142aszcze przeciwdeszczowe<\/li><\/ul>\t\t\t\t\t\t\t\t<\/div>\n\t\t\t\t<\/div>\n\t\t\t\t\t<\/div>\n\t\t<\/div>\n\t\t\t\t<div class=\"elementor-column elementor-col-50 elementor-inner-column elementor-element elementor-element-7a88dce\" data-id=\"7a88dce\" data-element_type=\"column\" data-e-type=\"column\">\n\t\t\t<div class=\"elementor-widget-wrap elementor-element-populated\">\n\t\t\t\t\t\t<div class=\"elementor-element elementor-element-4694acc elementor-widget elementor-widget-text-editor\" data-id=\"4694acc\" data-element_type=\"widget\" data-e-type=\"widget\" data-widget_type=\"text-editor.default\">\n\t\t\t\t<div class=\"elementor-widget-container\">\n\t\t\t\t\t\t\t\t\t<p><strong>\u015arodki higieny i czysto\u015bci<\/strong>:<\/p><ul><li>P\u0142yny do k\u0105pieli\/ pod prysznic\/ myd\u0142o<\/li><li>Dezodoranty<\/li><li>Pasta do z\u0119b\u00f3w<\/li><li>Szczoteczki do z\u0119b\u00f3w<\/li><li>Grzebienie<\/li><li>Bielizna damska, m\u0119ska i dzieci\u0105ce<\/li><li>Podpaski<\/li><li>Pampersy<\/li><li>Pieluchy dla doros\u0142ych<\/li><li>Papier toaletowy i r\u0119czniki papierowe<\/li><li>R\u0119czniki ( w tym z mikrofibry)<\/li><li>Worki na \u015bmieci<\/li><li>\u015arodki dezynfekuj\u0105ce\/ alkohol do dezynfekcji<\/li><li>Maski filtruj\u0105ce lub jednorazowe<\/li><\/ul>\t\t\t\t\t\t\t\t<\/div>\n\t\t\t\t<\/div>\n\t\t\t\t\t<\/div>\n\t\t<\/div>\n\t\t\t\t\t<\/div>\n\t\t<\/section>\n\t\t\t\t\t<\/div>\n\t\t<\/div>\n\t\t\t\t\t<\/div>\n\t\t<\/section>\n\t\t\t\t<section class=\"elementor-section elementor-top-section elementor-element elementor-element-4230c49 elementor-section-boxed elementor-section-height-default elementor-section-height-default\" data-id=\"4230c49\" data-element_type=\"section\" data-e-type=\"section\">\n\t\t\t\t\t\t<div class=\"elementor-container elementor-column-gap-default\">\n\t\t\t\t\t<div class=\"elementor-column elementor-col-100 elementor-top-column elementor-element elementor-element-252e3c5\" data-id=\"252e3c5\" data-element_type=\"column\" data-e-type=\"column\">\n\t\t\t<div class=\"elementor-widget-wrap elementor-element-populated\">\n\t\t\t\t\t\t<section class=\"elementor-section elementor-inner-section elementor-element elementor-element-4df08e5 elementor-section-boxed elementor-section-height-default elementor-section-height-default\" data-id=\"4df08e5\" data-element_type=\"section\" data-e-type=\"section\">\n\t\t\t\t\t\t<div class=\"elementor-container elementor-column-gap-default\">\n\t\t\t\t\t<div class=\"elementor-column elementor-col-50 elementor-inner-column elementor-element elementor-element-eedc9f0\" data-id=\"eedc9f0\" data-element_type=\"column\" data-e-type=\"column\">\n\t\t\t<div class=\"elementor-widget-wrap elementor-element-populated\">\n\t\t\t\t\t\t<div class=\"elementor-element elementor-element-afe741f elementor-widget elementor-widget-text-editor\" data-id=\"afe741f\" data-element_type=\"widget\" data-e-type=\"widget\" data-widget_type=\"text-editor.default\">\n\t\t\t\t<div class=\"elementor-widget-container\">\n\t\t\t\t\t\t\t\t\t<p style=\"font-size: 16px; font-style: normal; font-weight: 400;\"><span style=\"font-weight: bold;\">\u017bywno\u015b\u0107<\/span>:<\/p><ul><li>Woda<\/li><li>\u017bywno\u015b\u0107 do szybkiego przygotowania (instant)<\/li><li>Batony (w tym energetyczne)<\/li><li>Bakalie, orzechy<\/li><li>Konserwy<\/li><li>Makarony, p\u0142atki zbo\u017cowe do szybkiego przygotowania<\/li><li>Narz\u0119dzia kuchenne jednorazowego lub wielokrotnego u\u017cytku: talerz g\u0142\u0119boki, \u0142y\u017cka, widelec. N\u00f3\u017c, szk\u0142o (silikon spo\u017cywczy lub plastiki)<\/li><\/ul>\t\t\t\t\t\t\t\t<\/div>\n\t\t\t\t<\/div>\n\t\t\t\t\t<\/div>\n\t\t<\/div>\n\t\t\t\t<div class=\"elementor-column elementor-col-50 elementor-inner-column elementor-element elementor-element-34bc2b7\" data-id=\"34bc2b7\" data-element_type=\"column\" data-e-type=\"column\" data-settings=\"{&quot;background_background&quot;:&quot;classic&quot;}\">\n\t\t\t<div class=\"elementor-widget-wrap elementor-element-populated\">\n\t\t\t\t\t\t<div class=\"elementor-element elementor-element-bc3fad4 elementor-widget elementor-widget-text-editor\" data-id=\"bc3fad4\" data-element_type=\"widget\" data-e-type=\"widget\" data-widget_type=\"text-editor.default\">\n\t\t\t\t<div class=\"elementor-widget-container\">\n\t\t\t\t\t\t\t\t\t<p><strong>Inne<\/strong>:<\/p><ul><li>Zapa\u0142ki<\/li><li>Baterie, powerbanki<\/li><li>O\u015bwietlenie, w tym latarki<\/li><li>\u015awiece<\/li><li>Zestawy pierwszej pomocy<\/li><li>Podstawowe \u015brodki medyczne (witaminy, \u015brodki przeciwb\u00f3lowe, przeciwgor\u0105czkowe, leki na kaszel i przezi\u0119bienie)<\/li><\/ul>\t\t\t\t\t\t\t\t<\/div>\n\t\t\t\t<\/div>\n\t\t\t\t\t<\/div>\n\t\t<\/div>\n\t\t\t\t\t<\/div>\n\t\t<\/section>\n\t\t\t\t\t<\/div>\n\t\t<\/div>\n\t\t\t\t\t<\/div>\n\t\t<\/section>\n\t\t\t\t<section class=\"elementor-section elementor-top-section elementor-element elementor-element-dc4fb18 elementor-section-boxed elementor-section-height-default elementor-section-height-default\" data-id=\"dc4fb18\" data-element_type=\"section\" data-e-type=\"section\">\n\t\t\t\t\t\t<div class=\"elementor-container elementor-column-gap-default\">\n\t\t\t\t\t<div class=\"elementor-column elementor-col-100 elementor-top-column elementor-element elementor-element-3480ec9\" data-id=\"3480ec9\" data-element_type=\"column\" data-e-type=\"column\">\n\t\t\t<div class=\"elementor-widget-wrap elementor-element-populated\">\n\t\t\t\t\t\t<div class=\"elementor-element elementor-element-1938dbe elementor-widget elementor-widget-text-editor\" data-id=\"1938dbe\" data-element_type=\"widget\" data-e-type=\"widget\" data-widget_type=\"text-editor.default\">\n\t\t\t\t<div class=\"elementor-widget-container\">\n\t\t\t\t\t\t\t\t\t<p><b>Zatrzymaj si\u0119 w drodze do lub z pracy i pom\u00f3\u017c<\/b><\/p>\n<p>R\u00f3wnocze\u015bnie z akcj\u0105 stacjonarn\u0105 dnia 09.03.2022 w godz. 8-11 na parkingu za ZOL\u2019em b\u0119dzie podstawiony samoch\u00f3d z MOPS-u. O\u015brodek zwraca si\u0119 z pro\u015bb\u0105 o dostarczenie g\u0142\u00f3wnie paczek \u017cywno\u015bciowych z przed\u0142u\u017conym terminem przydatno\u015bci (kasza, ry\u017cowy instant, s\u00f3l, cukier, herbata, kawa, woda mineralna, p\u0142atki zbo\u017cowe, konserwy jak r\u00f3wnie\u017c narz\u0119dzia kuchenne jednorazowego lub wielokrotnego u\u017cytku).<\/p>\t\t\t\t\t\t\t\t<\/div>\n\t\t\t\t<\/div>\n\t\t\t\t\t<\/div>\n\t\t<\/div>\n\t\t\t\t\t<\/div>\n\t\t<\/section>\n\t\t\t\t<\/div>\n\t\t","protected":false},"excerpt":{"rendered":"<p>Pomoc kole\u017ce\u0144ska, zbi\u00f3rka dar\u00f3w dla uchod\u017ac\u00f3w z Ukrainy W zwi\u0105zku z zaistnia\u0142\u0105 sytuacj\u0105 na Ukrainie, i licznie nap\u0142ywaj\u0105c\u0105 ludno\u015bci\u0105 z teren\u00f3w zaj\u0119tych wojn\u0105 do Polski w ramach wsp\u00f3\u0142pracy z Miejsko-Gminnym O\u015brodkiem Pomocy Spo\u0142ecznej w Ch\u0119cinach, organizujemy zbi\u00f3rk\u0119 w Czerwonej G\u00f3rze w gara\u017cu przy bloku nr 7 w drugiej linii zabudowy.Prosimy o rzeczy nowe lub czyste [&hellip;]<\/p>\n","protected":false},"author":1,"featured_media":16361,"comment_status":"closed","ping_status":"closed","sticky":false,"template":"","format":"standard","meta":{"zakra_page_container_layout":"customizer","zakra_page_sidebar_layout":"customizer","zakra_remove_content_margin":false,"zakra_sidebar":"customizer","zakra_transparent_header":"customizer","zakra_logo":0,"zakra_main_header_style":"default","zakra_menu_item_color":"","zakra_menu_item_hover_color":"","zakra_menu_item_active_color":"","zakra_menu_active_style":"","zakra_page_header":true,"footnotes":""},"categories":[39],"tags":[],"class_list":["post-16354","post","type-post","status-publish","format-standard","has-post-thumbnail","hentry","category-aktualnosci"],"yoast_head":"<!-- This site is optimized with the Yoast SEO plugin v27.4 - https:\/\/yoast.com\/product\/yoast-seo-wordpress\/ -->\n<title>Zbi\u00f3rka najpotrzebniejszych \u015brodk\u00f3w dla os\u00f3b przyje\u017cd\u017caj\u0105cych z Ukrainy - Wojew\u00f3dzki Szpital Specjalistyczny im. \u015aw. Rafa\u0142a w Czerwonej G\u00f3rze<\/title>\n<meta name=\"robots\" content=\"index, follow, max-snippet:-1, max-image-preview:large, max-video-preview:-1\" \/>\n<link rel=\"canonical\" href=\"https:\/\/czerwonagora.pl\/index.php\/2022\/03\/07\/zbiorka-najpotrzebniejszych-srodkow-dla-osob-przyjezdzajacych-z-ukrainy\/\" \/>\n<meta property=\"og:locale\" content=\"pl_PL\" \/>\n<meta property=\"og:type\" content=\"article\" \/>\n<meta property=\"og:title\" content=\"Zbi\u00f3rka najpotrzebniejszych \u015brodk\u00f3w dla os\u00f3b przyje\u017cd\u017caj\u0105cych z Ukrainy - Wojew\u00f3dzki Szpital Specjalistyczny im. \u015aw. Rafa\u0142a w Czerwonej G\u00f3rze\" \/>\n<meta property=\"og:description\" content=\"Pomoc kole\u017ce\u0144ska, zbi\u00f3rka dar\u00f3w dla uchod\u017ac\u00f3w z Ukrainy W zwi\u0105zku z zaistnia\u0142\u0105 sytuacj\u0105 na Ukrainie, i licznie nap\u0142ywaj\u0105c\u0105 ludno\u015bci\u0105 z teren\u00f3w zaj\u0119tych wojn\u0105 do Polski w ramach wsp\u00f3\u0142pracy z Miejsko-Gminnym O\u015brodkiem Pomocy Spo\u0142ecznej w Ch\u0119cinach, organizujemy zbi\u00f3rk\u0119 w Czerwonej G\u00f3rze w gara\u017cu przy bloku nr 7 w drugiej linii zabudowy.Prosimy o rzeczy nowe lub czyste [&hellip;]\" \/>\n<meta property=\"og:url\" content=\"https:\/\/czerwonagora.pl\/index.php\/2022\/03\/07\/zbiorka-najpotrzebniejszych-srodkow-dla-osob-przyjezdzajacych-z-ukrainy\/\" \/>\n<meta property=\"og:site_name\" content=\"Wojew\u00f3dzki Szpital Specjalistyczny im. \u015aw. Rafa\u0142a w Czerwonej G\u00f3rze\" \/>\n<meta property=\"article:publisher\" content=\"https:\/\/www.facebook.com\/SzpitalCzerwonaGora\/\" \/>\n<meta property=\"article:published_time\" content=\"2022-03-07T06:44:21+00:00\" \/>\n<meta property=\"article:modified_time\" content=\"2022-03-07T07:01:33+00:00\" \/>\n<meta property=\"og:image\" content=\"https:\/\/czerwonagora.pl\/wp-content\/uploads\/2022\/03\/Pomoc_Ukrainie.jpg\" \/>\n\t<meta property=\"og:image:width\" content=\"803\" \/>\n\t<meta property=\"og:image:height\" content=\"360\" \/>\n\t<meta property=\"og:image:type\" content=\"image\/jpeg\" \/>\n<meta name=\"author\" content=\"Krzysztof Kasprzyk\" \/>\n<meta name=\"twitter:card\" content=\"summary_large_image\" \/>\n<meta name=\"twitter:label1\" content=\"Napisane przez\" \/>\n\t<meta name=\"twitter:data1\" content=\"Krzysztof Kasprzyk\" \/>\n\t<meta name=\"twitter:label2\" content=\"Szacowany czas czytania\" \/>\n\t<meta name=\"twitter:data2\" content=\"3 minuty\" \/>\n<script type=\"application\/ld+json\" class=\"yoast-schema-graph\">{\"@context\":\"https:\\\/\\\/schema.org\",\"@graph\":[{\"@type\":\"Article\",\"@id\":\"https:\\\/\\\/czerwonagora.pl\\\/index.php\\\/2022\\\/03\\\/07\\\/zbiorka-najpotrzebniejszych-srodkow-dla-osob-przyjezdzajacych-z-ukrainy\\\/#article\",\"isPartOf\":{\"@id\":\"https:\\\/\\\/czerwonagora.pl\\\/index.php\\\/2022\\\/03\\\/07\\\/zbiorka-najpotrzebniejszych-srodkow-dla-osob-przyjezdzajacych-z-ukrainy\\\/\"},\"author\":{\"name\":\"Krzysztof Kasprzyk\",\"@id\":\"https:\\\/\\\/czerwonagora.pl\\\/#\\\/schema\\\/person\\\/88ad471b758c11e595bd87abceaf3cfd\"},\"headline\":\"Zbi\u00f3rka najpotrzebniejszych \u015brodk\u00f3w dla os\u00f3b przyje\u017cd\u017caj\u0105cych z Ukrainy\",\"datePublished\":\"2022-03-07T06:44:21+00:00\",\"dateModified\":\"2022-03-07T07:01:33+00:00\",\"mainEntityOfPage\":{\"@id\":\"https:\\\/\\\/czerwonagora.pl\\\/index.php\\\/2022\\\/03\\\/07\\\/zbiorka-najpotrzebniejszych-srodkow-dla-osob-przyjezdzajacych-z-ukrainy\\\/\"},\"wordCount\":424,\"publisher\":{\"@id\":\"https:\\\/\\\/czerwonagora.pl\\\/#organization\"},\"image\":{\"@id\":\"https:\\\/\\\/czerwonagora.pl\\\/index.php\\\/2022\\\/03\\\/07\\\/zbiorka-najpotrzebniejszych-srodkow-dla-osob-przyjezdzajacych-z-ukrainy\\\/#primaryimage\"},\"thumbnailUrl\":\"https:\\\/\\\/czerwonagora.pl\\\/wp-content\\\/uploads\\\/2022\\\/03\\\/Pomoc_Ukrainie.jpg\",\"articleSection\":[\"Aktualno\u015bci\"],\"inLanguage\":\"pl-PL\"},{\"@type\":\"WebPage\",\"@id\":\"https:\\\/\\\/czerwonagora.pl\\\/index.php\\\/2022\\\/03\\\/07\\\/zbiorka-najpotrzebniejszych-srodkow-dla-osob-przyjezdzajacych-z-ukrainy\\\/\",\"url\":\"https:\\\/\\\/czerwonagora.pl\\\/index.php\\\/2022\\\/03\\\/07\\\/zbiorka-najpotrzebniejszych-srodkow-dla-osob-przyjezdzajacych-z-ukrainy\\\/\",\"name\":\"Zbi\u00f3rka najpotrzebniejszych \u015brodk\u00f3w dla os\u00f3b przyje\u017cd\u017caj\u0105cych z Ukrainy - Wojew\u00f3dzki Szpital Specjalistyczny im. \u015aw. Rafa\u0142a w Czerwonej G\u00f3rze\",\"isPartOf\":{\"@id\":\"https:\\\/\\\/czerwonagora.pl\\\/#website\"},\"primaryImageOfPage\":{\"@id\":\"https:\\\/\\\/czerwonagora.pl\\\/index.php\\\/2022\\\/03\\\/07\\\/zbiorka-najpotrzebniejszych-srodkow-dla-osob-przyjezdzajacych-z-ukrainy\\\/#primaryimage\"},\"image\":{\"@id\":\"https:\\\/\\\/czerwonagora.pl\\\/index.php\\\/2022\\\/03\\\/07\\\/zbiorka-najpotrzebniejszych-srodkow-dla-osob-przyjezdzajacych-z-ukrainy\\\/#primaryimage\"},\"thumbnailUrl\":\"https:\\\/\\\/czerwonagora.pl\\\/wp-content\\\/uploads\\\/2022\\\/03\\\/Pomoc_Ukrainie.jpg\",\"datePublished\":\"2022-03-07T06:44:21+00:00\",\"dateModified\":\"2022-03-07T07:01:33+00:00\",\"breadcrumb\":{\"@id\":\"https:\\\/\\\/czerwonagora.pl\\\/index.php\\\/2022\\\/03\\\/07\\\/zbiorka-najpotrzebniejszych-srodkow-dla-osob-przyjezdzajacych-z-ukrainy\\\/#breadcrumb\"},\"inLanguage\":\"pl-PL\",\"potentialAction\":[{\"@type\":\"ReadAction\",\"target\":[\"https:\\\/\\\/czerwonagora.pl\\\/index.php\\\/2022\\\/03\\\/07\\\/zbiorka-najpotrzebniejszych-srodkow-dla-osob-przyjezdzajacych-z-ukrainy\\\/\"]}]},{\"@type\":\"ImageObject\",\"inLanguage\":\"pl-PL\",\"@id\":\"https:\\\/\\\/czerwonagora.pl\\\/index.php\\\/2022\\\/03\\\/07\\\/zbiorka-najpotrzebniejszych-srodkow-dla-osob-przyjezdzajacych-z-ukrainy\\\/#primaryimage\",\"url\":\"https:\\\/\\\/czerwonagora.pl\\\/wp-content\\\/uploads\\\/2022\\\/03\\\/Pomoc_Ukrainie.jpg\",\"contentUrl\":\"https:\\\/\\\/czerwonagora.pl\\\/wp-content\\\/uploads\\\/2022\\\/03\\\/Pomoc_Ukrainie.jpg\",\"width\":803,\"height\":360,\"caption\":\"logo pomoc ukrainie\"},{\"@type\":\"BreadcrumbList\",\"@id\":\"https:\\\/\\\/czerwonagora.pl\\\/index.php\\\/2022\\\/03\\\/07\\\/zbiorka-najpotrzebniejszych-srodkow-dla-osob-przyjezdzajacych-z-ukrainy\\\/#breadcrumb\",\"itemListElement\":[{\"@type\":\"ListItem\",\"position\":1,\"name\":\"Strona g\u0142\u00f3wna\",\"item\":\"https:\\\/\\\/czerwonagora.pl\\\/\"},{\"@type\":\"ListItem\",\"position\":2,\"name\":\"Zbi\u00f3rka najpotrzebniejszych \u015brodk\u00f3w dla os\u00f3b przyje\u017cd\u017caj\u0105cych z Ukrainy\"}]},{\"@type\":\"WebSite\",\"@id\":\"https:\\\/\\\/czerwonagora.pl\\\/#website\",\"url\":\"https:\\\/\\\/czerwonagora.pl\\\/\",\"name\":\"Wojew\u00f3dzki Szpital Specjalistyczny im. \u015aw. Rafa\u0142a w Czerwonej G\u00f3rze\",\"description\":\"Wojew\u00f3dzki Szpital Specjalistyczny im. \u015aw. Rafa\u0142a w Czerwonej G\u00f3rze\",\"publisher\":{\"@id\":\"https:\\\/\\\/czerwonagora.pl\\\/#organization\"},\"potentialAction\":[{\"@type\":\"SearchAction\",\"target\":{\"@type\":\"EntryPoint\",\"urlTemplate\":\"https:\\\/\\\/czerwonagora.pl\\\/?s={search_term_string}\"},\"query-input\":{\"@type\":\"PropertyValueSpecification\",\"valueRequired\":true,\"valueName\":\"search_term_string\"}}],\"inLanguage\":\"pl-PL\"},{\"@type\":\"Organization\",\"@id\":\"https:\\\/\\\/czerwonagora.pl\\\/#organization\",\"name\":\"Wojew\u00f3dzki Szpital Specjalistyczny im. \u015aw. Rafa\u0142a w Czerwonej G\u00f3rze\",\"url\":\"https:\\\/\\\/czerwonagora.pl\\\/\",\"logo\":{\"@type\":\"ImageObject\",\"inLanguage\":\"pl-PL\",\"@id\":\"https:\\\/\\\/czerwonagora.pl\\\/#\\\/schema\\\/logo\\\/image\\\/\",\"url\":\"https:\\\/\\\/czerwonagora.pl\\\/wp-content\\\/uploads\\\/2021\\\/06\\\/Logo-WSS-DUZE-transparentne.png\",\"contentUrl\":\"https:\\\/\\\/czerwonagora.pl\\\/wp-content\\\/uploads\\\/2021\\\/06\\\/Logo-WSS-DUZE-transparentne.png\",\"width\":4210,\"height\":2975,\"caption\":\"Wojew\u00f3dzki Szpital Specjalistyczny im. \u015aw. Rafa\u0142a w Czerwonej G\u00f3rze\"},\"image\":{\"@id\":\"https:\\\/\\\/czerwonagora.pl\\\/#\\\/schema\\\/logo\\\/image\\\/\"},\"sameAs\":[\"https:\\\/\\\/www.facebook.com\\\/SzpitalCzerwonaGora\\\/\"]},{\"@type\":\"Person\",\"@id\":\"https:\\\/\\\/czerwonagora.pl\\\/#\\\/schema\\\/person\\\/88ad471b758c11e595bd87abceaf3cfd\",\"name\":\"Krzysztof Kasprzyk\",\"image\":{\"@type\":\"ImageObject\",\"inLanguage\":\"pl-PL\",\"@id\":\"https:\\\/\\\/czerwonagora.pl\\\/wp-content\\\/litespeed\\\/avatar\\\/758f42868e3c503ca9f38bee50fcfff3.jpg?ver=1777380282\",\"url\":\"https:\\\/\\\/czerwonagora.pl\\\/wp-content\\\/litespeed\\\/avatar\\\/758f42868e3c503ca9f38bee50fcfff3.jpg?ver=1777380282\",\"contentUrl\":\"https:\\\/\\\/czerwonagora.pl\\\/wp-content\\\/litespeed\\\/avatar\\\/758f42868e3c503ca9f38bee50fcfff3.jpg?ver=1777380282\",\"caption\":\"Krzysztof Kasprzyk\"},\"sameAs\":[\"https:\\\/\\\/czerwonagora.pl\"],\"url\":\"https:\\\/\\\/czerwonagora.pl\\\/index.php\\\/author\\\/maverick\\\/\"}]}<\/script>\n<!-- \/ Yoast SEO plugin. -->","yoast_head_json":{"title":"Zbi\u00f3rka najpotrzebniejszych \u015brodk\u00f3w dla os\u00f3b przyje\u017cd\u017caj\u0105cych z Ukrainy - Wojew\u00f3dzki Szpital Specjalistyczny im. \u015aw. Rafa\u0142a w Czerwonej G\u00f3rze","robots":{"index":"index","follow":"follow","max-snippet":"max-snippet:-1","max-image-preview":"max-image-preview:large","max-video-preview":"max-video-preview:-1"},"canonical":"https:\/\/czerwonagora.pl\/index.php\/2022\/03\/07\/zbiorka-najpotrzebniejszych-srodkow-dla-osob-przyjezdzajacych-z-ukrainy\/","og_locale":"pl_PL","og_type":"article","og_title":"Zbi\u00f3rka najpotrzebniejszych \u015brodk\u00f3w dla os\u00f3b przyje\u017cd\u017caj\u0105cych z Ukrainy - Wojew\u00f3dzki Szpital Specjalistyczny im. \u015aw. Rafa\u0142a w Czerwonej G\u00f3rze","og_description":"Pomoc kole\u017ce\u0144ska, zbi\u00f3rka dar\u00f3w dla uchod\u017ac\u00f3w z Ukrainy W zwi\u0105zku z zaistnia\u0142\u0105 sytuacj\u0105 na Ukrainie, i licznie nap\u0142ywaj\u0105c\u0105 ludno\u015bci\u0105 z teren\u00f3w zaj\u0119tych wojn\u0105 do Polski w ramach wsp\u00f3\u0142pracy z Miejsko-Gminnym O\u015brodkiem Pomocy Spo\u0142ecznej w Ch\u0119cinach, organizujemy zbi\u00f3rk\u0119 w Czerwonej G\u00f3rze w gara\u017cu przy bloku nr 7 w drugiej linii zabudowy.Prosimy o rzeczy nowe lub czyste [&hellip;]","og_url":"https:\/\/czerwonagora.pl\/index.php\/2022\/03\/07\/zbiorka-najpotrzebniejszych-srodkow-dla-osob-przyjezdzajacych-z-ukrainy\/","og_site_name":"Wojew\u00f3dzki Szpital Specjalistyczny im. \u015aw. Rafa\u0142a w Czerwonej G\u00f3rze","article_publisher":"https:\/\/www.facebook.com\/SzpitalCzerwonaGora\/","article_published_time":"2022-03-07T06:44:21+00:00","article_modified_time":"2022-03-07T07:01:33+00:00","og_image":[{"width":803,"height":360,"url":"https:\/\/czerwonagora.pl\/wp-content\/uploads\/2022\/03\/Pomoc_Ukrainie.jpg","type":"image\/jpeg"}],"author":"Krzysztof Kasprzyk","twitter_card":"summary_large_image","twitter_misc":{"Napisane przez":"Krzysztof Kasprzyk","Szacowany czas czytania":"3 minuty"},"schema":{"@context":"https:\/\/schema.org","@graph":[{"@type":"Article","@id":"https:\/\/czerwonagora.pl\/index.php\/2022\/03\/07\/zbiorka-najpotrzebniejszych-srodkow-dla-osob-przyjezdzajacych-z-ukrainy\/#article","isPartOf":{"@id":"https:\/\/czerwonagora.pl\/index.php\/2022\/03\/07\/zbiorka-najpotrzebniejszych-srodkow-dla-osob-przyjezdzajacych-z-ukrainy\/"},"author":{"name":"Krzysztof Kasprzyk","@id":"https:\/\/czerwonagora.pl\/#\/schema\/person\/88ad471b758c11e595bd87abceaf3cfd"},"headline":"Zbi\u00f3rka najpotrzebniejszych \u015brodk\u00f3w dla os\u00f3b przyje\u017cd\u017caj\u0105cych z Ukrainy","datePublished":"2022-03-07T06:44:21+00:00","dateModified":"2022-03-07T07:01:33+00:00","mainEntityOfPage":{"@id":"https:\/\/czerwonagora.pl\/index.php\/2022\/03\/07\/zbiorka-najpotrzebniejszych-srodkow-dla-osob-przyjezdzajacych-z-ukrainy\/"},"wordCount":424,"publisher":{"@id":"https:\/\/czerwonagora.pl\/#organization"},"image":{"@id":"https:\/\/czerwonagora.pl\/index.php\/2022\/03\/07\/zbiorka-najpotrzebniejszych-srodkow-dla-osob-przyjezdzajacych-z-ukrainy\/#primaryimage"},"thumbnailUrl":"https:\/\/czerwonagora.pl\/wp-content\/uploads\/2022\/03\/Pomoc_Ukrainie.jpg","articleSection":["Aktualno\u015bci"],"inLanguage":"pl-PL"},{"@type":"WebPage","@id":"https:\/\/czerwonagora.pl\/index.php\/2022\/03\/07\/zbiorka-najpotrzebniejszych-srodkow-dla-osob-przyjezdzajacych-z-ukrainy\/","url":"https:\/\/czerwonagora.pl\/index.php\/2022\/03\/07\/zbiorka-najpotrzebniejszych-srodkow-dla-osob-przyjezdzajacych-z-ukrainy\/","name":"Zbi\u00f3rka najpotrzebniejszych \u015brodk\u00f3w dla os\u00f3b przyje\u017cd\u017caj\u0105cych z Ukrainy - Wojew\u00f3dzki Szpital Specjalistyczny im. \u015aw. Rafa\u0142a w Czerwonej G\u00f3rze","isPartOf":{"@id":"https:\/\/czerwonagora.pl\/#website"},"primaryImageOfPage":{"@id":"https:\/\/czerwonagora.pl\/index.php\/2022\/03\/07\/zbiorka-najpotrzebniejszych-srodkow-dla-osob-przyjezdzajacych-z-ukrainy\/#primaryimage"},"image":{"@id":"https:\/\/czerwonagora.pl\/index.php\/2022\/03\/07\/zbiorka-najpotrzebniejszych-srodkow-dla-osob-przyjezdzajacych-z-ukrainy\/#primaryimage"},"thumbnailUrl":"https:\/\/czerwonagora.pl\/wp-content\/uploads\/2022\/03\/Pomoc_Ukrainie.jpg","datePublished":"2022-03-07T06:44:21+00:00","dateModified":"2022-03-07T07:01:33+00:00","breadcrumb":{"@id":"https:\/\/czerwonagora.pl\/index.php\/2022\/03\/07\/zbiorka-najpotrzebniejszych-srodkow-dla-osob-przyjezdzajacych-z-ukrainy\/#breadcrumb"},"inLanguage":"pl-PL","potentialAction":[{"@type":"ReadAction","target":["https:\/\/czerwonagora.pl\/index.php\/2022\/03\/07\/zbiorka-najpotrzebniejszych-srodkow-dla-osob-przyjezdzajacych-z-ukrainy\/"]}]},{"@type":"ImageObject","inLanguage":"pl-PL","@id":"https:\/\/czerwonagora.pl\/index.php\/2022\/03\/07\/zbiorka-najpotrzebniejszych-srodkow-dla-osob-przyjezdzajacych-z-ukrainy\/#primaryimage","url":"https:\/\/czerwonagora.pl\/wp-content\/uploads\/2022\/03\/Pomoc_Ukrainie.jpg","contentUrl":"https:\/\/czerwonagora.pl\/wp-content\/uploads\/2022\/03\/Pomoc_Ukrainie.jpg","width":803,"height":360,"caption":"logo pomoc ukrainie"},{"@type":"BreadcrumbList","@id":"https:\/\/czerwonagora.pl\/index.php\/2022\/03\/07\/zbiorka-najpotrzebniejszych-srodkow-dla-osob-przyjezdzajacych-z-ukrainy\/#breadcrumb","itemListElement":[{"@type":"ListItem","position":1,"name":"Strona g\u0142\u00f3wna","item":"https:\/\/czerwonagora.pl\/"},{"@type":"ListItem","position":2,"name":"Zbi\u00f3rka najpotrzebniejszych \u015brodk\u00f3w dla os\u00f3b przyje\u017cd\u017caj\u0105cych z Ukrainy"}]},{"@type":"WebSite","@id":"https:\/\/czerwonagora.pl\/#website","url":"https:\/\/czerwonagora.pl\/","name":"Wojew\u00f3dzki Szpital Specjalistyczny im. \u015aw. Rafa\u0142a w Czerwonej G\u00f3rze","description":"Wojew\u00f3dzki Szpital Specjalistyczny im. \u015aw. Rafa\u0142a w Czerwonej G\u00f3rze","publisher":{"@id":"https:\/\/czerwonagora.pl\/#organization"},"potentialAction":[{"@type":"SearchAction","target":{"@type":"EntryPoint","urlTemplate":"https:\/\/czerwonagora.pl\/?s={search_term_string}"},"query-input":{"@type":"PropertyValueSpecification","valueRequired":true,"valueName":"search_term_string"}}],"inLanguage":"pl-PL"},{"@type":"Organization","@id":"https:\/\/czerwonagora.pl\/#organization","name":"Wojew\u00f3dzki Szpital Specjalistyczny im. \u015aw. Rafa\u0142a w Czerwonej G\u00f3rze","url":"https:\/\/czerwonagora.pl\/","logo":{"@type":"ImageObject","inLanguage":"pl-PL","@id":"https:\/\/czerwonagora.pl\/#\/schema\/logo\/image\/","url":"https:\/\/czerwonagora.pl\/wp-content\/uploads\/2021\/06\/Logo-WSS-DUZE-transparentne.png","contentUrl":"https:\/\/czerwonagora.pl\/wp-content\/uploads\/2021\/06\/Logo-WSS-DUZE-transparentne.png","width":4210,"height":2975,"caption":"Wojew\u00f3dzki Szpital Specjalistyczny im. \u015aw. Rafa\u0142a w Czerwonej G\u00f3rze"},"image":{"@id":"https:\/\/czerwonagora.pl\/#\/schema\/logo\/image\/"},"sameAs":["https:\/\/www.facebook.com\/SzpitalCzerwonaGora\/"]},{"@type":"Person","@id":"https:\/\/czerwonagora.pl\/#\/schema\/person\/88ad471b758c11e595bd87abceaf3cfd","name":"Krzysztof Kasprzyk","image":{"@type":"ImageObject","inLanguage":"pl-PL","@id":"https:\/\/czerwonagora.pl\/wp-content\/litespeed\/avatar\/758f42868e3c503ca9f38bee50fcfff3.jpg?ver=1777380282","url":"https:\/\/czerwonagora.pl\/wp-content\/litespeed\/avatar\/758f42868e3c503ca9f38bee50fcfff3.jpg?ver=1777380282","contentUrl":"https:\/\/czerwonagora.pl\/wp-content\/litespeed\/avatar\/758f42868e3c503ca9f38bee50fcfff3.jpg?ver=1777380282","caption":"Krzysztof Kasprzyk"},"sameAs":["https:\/\/czerwonagora.pl"],"url":"https:\/\/czerwonagora.pl\/index.php\/author\/maverick\/"}]}},"publishpress_future_action":{"enabled":false,"date":"2026-05-07 17:52:29","action":"change-status","newStatus":"draft","terms":[],"taxonomy":"category","extraData":[]},"publishpress_future_workflow_manual_trigger":{"enabledWorkflows":[]},"_links":{"self":[{"href":"https:\/\/czerwonagora.pl\/index.php\/wp-json\/wp\/v2\/posts\/16354","targetHints":{"allow":["GET"]}}],"collection":[{"href":"https:\/\/czerwonagora.pl\/index.php\/wp-json\/wp\/v2\/posts"}],"about":[{"href":"https:\/\/czerwonagora.pl\/index.php\/wp-json\/wp\/v2\/types\/post"}],"author":[{"embeddable":true,"href":"https:\/\/czerwonagora.pl\/index.php\/wp-json\/wp\/v2\/users\/1"}],"replies":[{"embeddable":true,"href":"https:\/\/czerwonagora.pl\/index.php\/wp-json\/wp\/v2\/comments?post=16354"}],"version-history":[{"count":12,"href":"https:\/\/czerwonagora.pl\/index.php\/wp-json\/wp\/v2\/posts\/16354\/revisions"}],"predecessor-version":[{"id":16369,"href":"https:\/\/czerwonagora.pl\/index.php\/wp-json\/wp\/v2\/posts\/16354\/revisions\/16369"}],"wp:featuredmedia":[{"embeddable":true,"href":"https:\/\/czerwonagora.pl\/index.php\/wp-json\/wp\/v2\/media\/16361"}],"wp:attachment":[{"href":"https:\/\/czerwonagora.pl\/index.php\/wp-json\/wp\/v2\/media?parent=16354"}],"wp:term":[{"taxonomy":"category","embeddable":true,"href":"https:\/\/czerwonagora.pl\/index.php\/wp-json\/wp\/v2\/categories?post=16354"},{"taxonomy":"post_tag","embeddable":true,"href":"https:\/\/czerwonagora.pl\/index.php\/wp-json\/wp\/v2\/tags?post=16354"}],"curies":[{"name":"wp","href":"https:\/\/api.w.org\/{rel}","templated":true}]}}