{"id":16413,"date":"2022-03-11T11:49:07","date_gmt":"2022-03-11T10:49:07","guid":{"rendered":"https:\/\/czerwonagora.pl\/?p=16413"},"modified":"2022-03-11T11:54:14","modified_gmt":"2022-03-11T10:54:14","slug":"szpital-w-czerwonej-gorze-otwiera-nowe-izby-przyjec-i-oddzialy","status":"publish","type":"post","link":"https:\/\/czerwonagora.pl\/index.php\/2022\/03\/11\/szpital-w-czerwonej-gorze-otwiera-nowe-izby-przyjec-i-oddzialy\/","title":{"rendered":"Szpital w Czerwonej G\u00f3rze otwiera nowe izby przyj\u0119\u0107 i oddzia\u0142y"},"content":{"rendered":"\t\t<div data-elementor-type=\"wp-post\" data-elementor-id=\"16413\" class=\"elementor elementor-16413\">\n\t\t\t\t\t\t<section class=\"elementor-section elementor-top-section elementor-element elementor-element-5b0f835 elementor-section-boxed elementor-section-height-default elementor-section-height-default\" data-id=\"5b0f835\" data-element_type=\"section\" data-e-type=\"section\">\n\t\t\t\t\t\t<div class=\"elementor-container elementor-column-gap-default\">\n\t\t\t\t\t<div class=\"elementor-column elementor-col-100 elementor-top-column elementor-element elementor-element-b19032e\" data-id=\"b19032e\" data-element_type=\"column\" data-e-type=\"column\">\n\t\t\t<div class=\"elementor-widget-wrap elementor-element-populated\">\n\t\t\t\t\t\t<div class=\"elementor-element elementor-element-db04686 elementor-widget elementor-widget-text-editor\" data-id=\"db04686\" data-element_type=\"widget\" data-e-type=\"widget\" data-widget_type=\"text-editor.default\">\n\t\t\t\t<div class=\"elementor-widget-container\">\n\t\t\t\t\t\t\t\t\t<p><b style=\"font-style: inherit; color: var( --e-global-color-text ); font-family: var( --e-global-typography-text-font-family ), Sans-serif;\"><span style=\"font-size: 12.0pt; line-height: 115%; font-family: 'Times New Roman','serif';\">W czwartek, 10 marca Wojew\u00f3dzki Szpital Specjalistyczny im. \u015aw. Rafa\u0142a w Czerwonej G\u00f3rze otworzy\u0142 dwie nowe izby przyj\u0119\u0107, dwa oddzia\u0142y chor\u00f3b p\u0142uc i gru\u017alicy oraz Dzia\u0142 Bada\u0144 Czynno\u015bciowych Uk\u0142adu Oddechowego. To efekt budowy nowego pawilonu dla \u015awi\u0119tokrzyskiego Centrum Chor\u00f3b P\u0142uc i przebudowy istniej\u0105cych budynk\u00f3w szpitala.<\/span><\/b><\/p><p><span style=\"font-size: 12.0pt; line-height: 115%; font-family: 'Times New Roman','serif';\">Plac\u00f3wka w Czerwonej G\u00f3rze w 2018 roku rozpocz\u0119\u0142a realizacj\u0119 projektu budowy nowego pawilonu i przebudowy I pi\u0119tra segmentu A wraz z doposa\u017ceniem z przeznaczeniem na \u015awi\u0119tokrzyskie Centrum Chor\u00f3b P\u0142uc. Przedsi\u0119wzi\u0119cie by\u0142o wsp\u00f3\u0142finansowane z Europejskiego Funduszu Rozwoju Regionalnego w ramach Regionalnego Programu Operacyjnego Wojew\u00f3dztwa \u015awi\u0119tokrzyskiego na lata 2014-2020. <\/span><\/p><p><span style=\"font-size: 12.0pt; line-height: 115%; font-family: 'Times New Roman','serif';\">&#8211; Prace budowlane nowego pawilonu szpitala rozpocz\u0119\u0142y si\u0119 w sierpniu 2020 roku, natomiast przebudowa pierwszego pi\u0119tra segmentu A jest w trakcie realizacji \u00a0i planowo ma si\u0119 zako\u0144czy\u0107 pod koniec drugiego kwarta\u0142u 2022 roku \u2013 informuje dyrektor szpitala Youssef Sleiman. <\/span><\/p><p><span style=\"font-size: 12.0pt; line-height: 115%; font-family: 'Times New Roman','serif';\">Ca\u0142kowita warto\u015b\u0107 projektu budowy \u015awi\u0119tokrzyskiego Centrum Chor\u00f3b P\u0142uc wynios\u0142a 35,506\u00a0 mln z\u0142. 24,852 mln z\u0142 stanowi\u0142o dofinansowanie z UE, 2,923 mln do\u0142o\u017cy\u0142 bud\u017cet pa\u0144stwa, a 4,885 mln samorz\u0105d wojew\u00f3dztwa. 2,844 mln z\u0142 pochodzi\u0142o ze \u015brodk\u00f3w w\u0142asnych szpitala.\u00a0 Do 10 marca, czyli dnia cz\u0119\u015bciowego otwarcia nowych oddzia\u0142\u00f3w i izb projekt by\u0142 zrealizowany w kwocie 23,762 mln z\u0142. <\/span><\/p><p><b><span style=\"font-size: 12.0pt; line-height: 115%; font-family: 'Times New Roman','serif';\">Dodatkowe fundusze na walk\u0119 z COVID-19 <\/span><\/b><\/p><p><span style=\"font-size: 12.0pt; line-height: 115%; font-family: 'Times New Roman','serif';\">Wybuch epidemii wirusa SARS-CoV-2 sprawi\u0142, \u017ce w ramach projektu zrealizowano dodatkowe zadania o warto\u015bci 9,156 mln z\u0142. 7,757 mln z\u0142 pochodzi\u0142o z dofinansowania UE. Dzi\u0119ki tym \u015brodkom w szpitalu utworzono Pracowni\u0119 Biologii Molekularnej, w kt\u00f3rej wykonywane s\u0105 testy wykrywaj\u0105ce wirusa SARS-CoV-2, zakupiono specjalistyczne wyposa\u017cenie i aparatur\u0119 medyczn\u0105 oraz utworzono trzy izolatki i cztery miejsca izolacji. Tym samym warto\u015b\u0107 projektu realizowanego w Czerwonej G\u00f3rze wzros\u0142a do 45,640 mln z\u0142. <\/span><\/p><p><b><span style=\"font-size: 12.0pt; line-height: 115%; font-family: 'Times New Roman','serif';\">Nowe oddzia\u0142y i izby przyj\u0119\u0107 <\/span><\/b><\/p><p><span style=\"font-size: 12.0pt; line-height: 115%; font-family: 'Times New Roman','serif';\">W ramach projektu realizowanego przez szpital w Czerwonej G\u00f3rze funkcjonowa\u0107 b\u0119d\u0105 dwa Oddzia\u0142y Chor\u00f3b P\u0142uc i Gru\u017alicy i jeden Oddzia\u0142 Chor\u00f3b P\u0142uc licz\u0105ce \u0142\u0105cznie 180 \u0142\u00f3\u017cek. Powstanie r\u00f3wnie\u017c Dzia\u0142 Bada\u0144 Czynno\u015bciowych Uk\u0142adu Oddechowego, Izba Przyj\u0119\u0107 Pulmonologiczna, Laboratorium Pr\u0105tka Gru\u017alicy i Dzia\u0142 Diagnostyki i Leczenia Zaburze\u0144 Oddychania. Ponadto zostanie uruchomionych szereg pomieszcze\u0144 pomocniczych \u2013 technicznych, magazynowych, komunikacyjnych, szatni i pomieszcze\u0144 gospodarczych, niezb\u0119dnych do funkcjonowania nowego pawilonu szpitalnego. <\/span><\/p><p><span style=\"font-size: 12.0pt; line-height: 115%; font-family: 'Times New Roman','serif';\">&#8211; Obecnie w nowym pawilonie uruchamiamy Izb\u0119 Przyj\u0119\u0107 Pulmonologiczn\u0105 i Dzia\u0142 Bada\u0144 Czynno\u015bciowych Uk\u0142adu Oddechowego na parterze, I Oddzia\u0142 Chor\u00f3b P\u0142uc i Gru\u017alicy na I pi\u0119trze, dwie cz\u0119\u015bci zaka\u017ane oddzia\u0142\u00f3w I i II na II pi\u0119trze oraz II Oddzia\u0142 Chor\u00f3b P\u0142uc i Gru\u017alicy na III pi\u0119trze \u2013 wylicza Youssef Sleiman. &#8211; W ramach projektu oddzia\u0142y i dzia\u0142y zosta\u0142y cz\u0119\u015bciowo wyposa\u017cone w sprz\u0119t medyczny, komputerowy, meble \u2013 dodaje. <\/span><\/p><p><b><span style=\"font-size: 12.0pt; line-height: 115%; font-family: 'Times New Roman','serif';\">Przebudowa w toku<\/span><\/b><\/p><p><span style=\"font-size: 12.0pt; line-height: 115%; font-family: 'Times New Roman','serif';\">Przebudowa szpitala jeszcze si\u0119 nie zako\u0144czy\u0142a \u2013 trwaj\u0105 m.in. prace w segmencie A. Na wyposa\u017cenie czeka nowo wybudowane Laboratorium Pr\u0105tka Gru\u017alicy. Pierwsze pi\u0119tro w segmencie A szpitala jest przebudowywane z dostosowaniem tamtejszej infrastruktury do potrzeb nowego Oddzia\u0142u III Chor\u00f3b P\u0142uc oraz Dzia\u0142u Diagnostyki i Leczenia Zaburze\u0144 Oddychania.<\/span><\/p><p><span style=\"font-size: 12.0pt; line-height: 115%; font-family: 'Times New Roman','serif';\">&#8211; Oddzia\u0142 III wcieli w swoje struktury \u0142\u00f3\u017cka funkcjonuj\u0105ce obecnie w ramach Oddzia\u0142u IV Pulmonologiczno-Alergologicznego, kt\u00f3ry po zako\u0144czeniu inwestycji b\u0119dzie podzielony na dwa oddzia\u0142y zgodnie ze specyfik\u0105 leczonych chor\u00f3b \u2013 t\u0142umaczy Youssef Sleiman. &#8211; Obecnie jest to 27 \u0142\u00f3\u017cek pulmonologicznych i 8 alergologicznych, a po zako\u0144czeniu inwestycji w nowym Oddziale III Chor\u00f3b P\u0142uc b\u0119dzie funkcjonowa\u0142o 50 \u0142\u00f3\u017cek pulmonologicznych \u2013 dodaje dyrektor plac\u00f3wki. <\/span><\/p><p><span style=\"font-size: 12.0pt; line-height: 115%; font-family: 'Times New Roman','serif';\">Po zako\u0144czeniu inwestycji szpital b\u0119dzie dysponowa\u0142 \u0142\u0105cznie 180 \u0142\u00f3\u017ckami pulmonologicznymi i 15 alergologicznymi, a\u00a0 szpital b\u0119dzie potrzebowa\u0142 dodatkowo 3 nowych lekarzy i 14 piel\u0119gniarek. <\/span><\/p><p><b><span style=\"font-size: 12.0pt; line-height: 115%; font-family: 'Times New Roman','serif';\">Nowa Izba Przyj\u0119\u0107 Og\u00f3lna<\/span><\/b><\/p><p><span style=\"font-size: 12.0pt; line-height: 115%; font-family: 'Times New Roman','serif';\">Na parterze budynku A zosta\u0142 zrealizowany drugi niezwykle istotny projekt adaptuj\u0105cy pomieszczenia na potrzeby Og\u00f3lnej Izby Przyj\u0119\u0107. Jego warto\u015b\u0107 to ponad 2,567 mln z\u0142. 2,410 mln z\u0142 pochodzi z dofinansowania z Rz\u0105dowego Funduszu Inwestycji Lokalnych, pozosta\u0142a kwota to \u015brodki w\u0142asne szpitala. <\/span><\/p><p><span style=\"font-size: 12.0pt; line-height: 115%; font-family: 'Times New Roman','serif';\">Pomieszczenia po starym oddziale chor\u00f3b wewn\u0119trznych stan\u0105 si\u0119 nowoczesn\u0105 og\u00f3ln\u0105 izb\u0105 przyj\u0119\u0107 wyposa\u017con\u0105 w niezb\u0119dny sprz\u0119t medyczny \u2013 sto\u0142y zabiegowe, lampy bakteriob\u00f3jcze, defibrylatory, kardiomonitory itd. <\/span><\/p><p><span style=\"font-size: 12.0pt; line-height: 115%; font-family: 'Times New Roman','serif';\">&#8211; Obie izby przyj\u0119\u0107: pulmonologiczna w nowym pawilonie i og\u00f3lna na parterze budynku A znajd\u0105 si\u0119 w bezpo\u015brednim s\u0105siedztwie, co zdecydowanie usprawni logistyk\u0119 w szpitalu i komfort samych pacjent\u00f3w \u2013 podkre\u015bla Youssef Sleiman. &#8211; S\u0105 teraz tak\u017ce po\u0142\u0105czone wsp\u00f3lnym zadaszonym podjazdem dla karetek zrealizowanym r\u00f3wnie\u017c w ramach otwieranej inwestycji. Nowe usytuowanie Izby Przyj\u0119\u0107 Og\u00f3lnej na parterze budynku A to r\u00f3wnie\u017c u\u0142atwienie dost\u0119pu dla os\u00f3b starszych i z niepe\u0142nosprawno\u015bciami \u2013 m\u00f3wi.\u00a0 <\/span><\/p><p><span style=\"font-size: 12.0pt; line-height: 115%; font-family: 'Times New Roman','serif';\">Pomieszczenia po starej izbie przyj\u0119\u0107 zostan\u0105 wkr\u00f3tce zaadaptowane na Dzia\u0142 Chemioterapii Dziennej i Poradni Onkologicznej. Pozwoli na to dofinansowanie z bud\u017cetu wojew\u00f3dztwa \u015bwi\u0119tokrzyskiego. Zadanie jest na etapie opracowania dokumentacji projektowej budowlanej i wykonawczej. <\/span><\/p><p><span style=\"font-size: 12.0pt; line-height: 115%; font-family: 'Times New Roman','serif';\">\u00a0<\/span><\/p><p><span style=\"font-size: 12.0pt; line-height: 115%; font-family: 'Times New Roman','serif';\">\u00a0<\/span><\/p><p>\u00a0<\/p><p>\u00a0<\/p>\t\t\t\t\t\t\t\t<\/div>\n\t\t\t\t<\/div>\n\t\t\t\t\t<\/div>\n\t\t<\/div>\n\t\t\t\t\t<\/div>\n\t\t<\/section>\n\t\t\t\t<section class=\"elementor-section elementor-top-section elementor-element elementor-element-633bc98f elementor-section-boxed elementor-section-height-default elementor-section-height-default\" data-id=\"633bc98f\" data-element_type=\"section\" data-e-type=\"section\" data-settings=\"{&quot;background_background&quot;:&quot;classic&quot;}\">\n\t\t\t\t\t\t<div class=\"elementor-container elementor-column-gap-default\">\n\t\t\t\t\t<div class=\"elementor-column elementor-col-100 elementor-top-column elementor-element elementor-element-3ff99161\" data-id=\"3ff99161\" data-element_type=\"column\" data-e-type=\"column\">\n\t\t\t<div class=\"elementor-widget-wrap elementor-element-populated\">\n\t\t\t\t\t\t<div class=\"elementor-element elementor-element-29885f1c gallery-spacing-custom elementor-invisible elementor-widget elementor-widget-image-gallery\" data-id=\"29885f1c\" data-element_type=\"widget\" data-e-type=\"widget\" data-settings=\"{&quot;_animation&quot;:&quot;fadeIn&quot;,&quot;_animation_delay&quot;:200}\" data-widget_type=\"image-gallery.default\">\n\t\t\t\t<div class=\"elementor-widget-container\">\n\t\t\t\t\t\t\t<div class=\"elementor-image-gallery\">\n\t\t\t<div id='gallery-1' class='gallery galleryid-16413 gallery-columns-4 gallery-size-medium'><figure class='gallery-item'>\n\t\t\t<div class='gallery-icon landscape'>\n\t\t\t\t<a data-elementor-open-lightbox=\"yes\" data-elementor-lightbox-slideshow=\"29885f1c\" data-e-action-hash=\"#elementor-action%3Aaction%3Dlightbox%26settings%3DeyJpZCI6MTY0MTYsInVybCI6Imh0dHBzOlwvXC9jemVyd29uYWdvcmEucGxcL3dwLWNvbnRlbnRcL3VwbG9hZHNcLzIwMjJcLzAzXC9BNzM2MTAwLUR1enkuanBnIiwic2xpZGVzaG93IjoiMjk4ODVmMWMifQ%3D%3D\" href='https:\/\/czerwonagora.pl\/wp-content\/uploads\/2022\/03\/A736100-Duzy.jpg'><img fetchpriority=\"high\" decoding=\"async\" width=\"300\" height=\"200\" src=\"https:\/\/czerwonagora.pl\/wp-content\/uploads\/2022\/03\/A736100-Duzy-300x200.jpg\" class=\"attachment-medium size-medium\" alt=\"Dyrektor szpitala podczas wywiadu telewizyjnego\" srcset=\"https:\/\/czerwonagora.pl\/wp-content\/uploads\/2022\/03\/A736100-Duzy-300x200.jpg 300w, https:\/\/czerwonagora.pl\/wp-content\/uploads\/2022\/03\/A736100-Duzy-1024x683.jpg 1024w, https:\/\/czerwonagora.pl\/wp-content\/uploads\/2022\/03\/A736100-Duzy-768x512.jpg 768w, https:\/\/czerwonagora.pl\/wp-content\/uploads\/2022\/03\/A736100-Duzy-1536x1024.jpg 1536w, https:\/\/czerwonagora.pl\/wp-content\/uploads\/2022\/03\/A736100-Duzy.jpg 1620w\" sizes=\"(max-width: 300px) 100vw, 300px\" \/><\/a>\n\t\t\t<\/div><\/figure><figure class='gallery-item'>\n\t\t\t<div class='gallery-icon landscape'>\n\t\t\t\t<a data-elementor-open-lightbox=\"yes\" data-elementor-lightbox-slideshow=\"29885f1c\" data-e-action-hash=\"#elementor-action%3Aaction%3Dlightbox%26settings%3DeyJpZCI6MTY0MTcsInVybCI6Imh0dHBzOlwvXC9jemVyd29uYWdvcmEucGxcL3dwLWNvbnRlbnRcL3VwbG9hZHNcLzIwMjJcLzAzXC9BNzM2MTE3LUR1enkuanBnIiwic2xpZGVzaG93IjoiMjk4ODVmMWMifQ%3D%3D\" href='https:\/\/czerwonagora.pl\/wp-content\/uploads\/2022\/03\/A736117-Duzy.jpg'><img decoding=\"async\" width=\"300\" height=\"200\" src=\"https:\/\/czerwonagora.pl\/wp-content\/uploads\/2022\/03\/A736117-Duzy-300x200.jpg\" class=\"attachment-medium size-medium\" alt=\"osoby podczas otwarcia izby przyj\u0119\u0107 podczas przeci\u0119cia wst\u0119gi\" srcset=\"https:\/\/czerwonagora.pl\/wp-content\/uploads\/2022\/03\/A736117-Duzy-300x200.jpg 300w, https:\/\/czerwonagora.pl\/wp-content\/uploads\/2022\/03\/A736117-Duzy-1024x683.jpg 1024w, https:\/\/czerwonagora.pl\/wp-content\/uploads\/2022\/03\/A736117-Duzy-768x512.jpg 768w, https:\/\/czerwonagora.pl\/wp-content\/uploads\/2022\/03\/A736117-Duzy-1536x1024.jpg 1536w, https:\/\/czerwonagora.pl\/wp-content\/uploads\/2022\/03\/A736117-Duzy.jpg 1620w\" sizes=\"(max-width: 300px) 100vw, 300px\" \/><\/a>\n\t\t\t<\/div><\/figure><figure class='gallery-item'>\n\t\t\t<div class='gallery-icon landscape'>\n\t\t\t\t<a data-elementor-open-lightbox=\"yes\" data-elementor-lightbox-slideshow=\"29885f1c\" data-e-action-hash=\"#elementor-action%3Aaction%3Dlightbox%26settings%3DeyJpZCI6MTY0MTgsInVybCI6Imh0dHBzOlwvXC9jemVyd29uYWdvcmEucGxcL3dwLWNvbnRlbnRcL3VwbG9hZHNcLzIwMjJcLzAzXC9BNzM2MTI2LUR1enkuanBnIiwic2xpZGVzaG93IjoiMjk4ODVmMWMifQ%3D%3D\" href='https:\/\/czerwonagora.pl\/wp-content\/uploads\/2022\/03\/A736126-Duzy.jpg'><img decoding=\"async\" width=\"300\" height=\"200\" src=\"https:\/\/czerwonagora.pl\/wp-content\/uploads\/2022\/03\/A736126-Duzy-300x200.jpg\" class=\"attachment-medium size-medium\" alt=\"uroczyste przeci\u0119cie wst\u0119gi podczas otwarcia izby przyj\u0119\u0107 w tle dyrektor szpitala\" srcset=\"https:\/\/czerwonagora.pl\/wp-content\/uploads\/2022\/03\/A736126-Duzy-300x200.jpg 300w, https:\/\/czerwonagora.pl\/wp-content\/uploads\/2022\/03\/A736126-Duzy-1024x683.jpg 1024w, https:\/\/czerwonagora.pl\/wp-content\/uploads\/2022\/03\/A736126-Duzy-768x512.jpg 768w, https:\/\/czerwonagora.pl\/wp-content\/uploads\/2022\/03\/A736126-Duzy-1536x1024.jpg 1536w, https:\/\/czerwonagora.pl\/wp-content\/uploads\/2022\/03\/A736126-Duzy.jpg 1620w\" sizes=\"(max-width: 300px) 100vw, 300px\" \/><\/a>\n\t\t\t<\/div><\/figure><figure class='gallery-item'>\n\t\t\t<div class='gallery-icon landscape'>\n\t\t\t\t<a data-elementor-open-lightbox=\"yes\" data-elementor-lightbox-slideshow=\"29885f1c\" data-e-action-hash=\"#elementor-action%3Aaction%3Dlightbox%26settings%3DeyJpZCI6MTY0MTksInVybCI6Imh0dHBzOlwvXC9jemVyd29uYWdvcmEucGxcL3dwLWNvbnRlbnRcL3VwbG9hZHNcLzIwMjJcLzAzXC9BNzM2MTM3LUR1enkuanBnIiwic2xpZGVzaG93IjoiMjk4ODVmMWMifQ%3D%3D\" href='https:\/\/czerwonagora.pl\/wp-content\/uploads\/2022\/03\/A736137-Duzy.jpg'><img loading=\"lazy\" decoding=\"async\" width=\"300\" height=\"200\" src=\"https:\/\/czerwonagora.pl\/wp-content\/uploads\/2022\/03\/A736137-Duzy-300x200.jpg\" class=\"attachment-medium size-medium\" alt=\"\" srcset=\"https:\/\/czerwonagora.pl\/wp-content\/uploads\/2022\/03\/A736137-Duzy-300x200.jpg 300w, https:\/\/czerwonagora.pl\/wp-content\/uploads\/2022\/03\/A736137-Duzy-1024x683.jpg 1024w, https:\/\/czerwonagora.pl\/wp-content\/uploads\/2022\/03\/A736137-Duzy-768x512.jpg 768w, https:\/\/czerwonagora.pl\/wp-content\/uploads\/2022\/03\/A736137-Duzy-1536x1024.jpg 1536w, https:\/\/czerwonagora.pl\/wp-content\/uploads\/2022\/03\/A736137-Duzy.jpg 1620w\" sizes=\"(max-width: 300px) 100vw, 300px\" \/><\/a>\n\t\t\t<\/div><\/figure><figure class='gallery-item'>\n\t\t\t<div class='gallery-icon landscape'>\n\t\t\t\t<a data-elementor-open-lightbox=\"yes\" data-elementor-lightbox-slideshow=\"29885f1c\" data-e-action-hash=\"#elementor-action%3Aaction%3Dlightbox%26settings%3DeyJpZCI6MTY0MjAsInVybCI6Imh0dHBzOlwvXC9jemVyd29uYWdvcmEucGxcL3dwLWNvbnRlbnRcL3VwbG9hZHNcLzIwMjJcLzAzXC9BNzM2MTM4LUR1enkuanBnIiwic2xpZGVzaG93IjoiMjk4ODVmMWMifQ%3D%3D\" href='https:\/\/czerwonagora.pl\/wp-content\/uploads\/2022\/03\/A736138-Duzy.jpg'><img loading=\"lazy\" decoding=\"async\" width=\"300\" height=\"200\" src=\"https:\/\/czerwonagora.pl\/wp-content\/uploads\/2022\/03\/A736138-Duzy-300x200.jpg\" class=\"attachment-medium size-medium\" alt=\"osoby podczas otwarcia izby przyj\u0119\u0107 podczas przeci\u0119cia wst\u0119gi\" srcset=\"https:\/\/czerwonagora.pl\/wp-content\/uploads\/2022\/03\/A736138-Duzy-300x200.jpg 300w, https:\/\/czerwonagora.pl\/wp-content\/uploads\/2022\/03\/A736138-Duzy-1024x683.jpg 1024w, https:\/\/czerwonagora.pl\/wp-content\/uploads\/2022\/03\/A736138-Duzy-768x512.jpg 768w, https:\/\/czerwonagora.pl\/wp-content\/uploads\/2022\/03\/A736138-Duzy-1536x1024.jpg 1536w, https:\/\/czerwonagora.pl\/wp-content\/uploads\/2022\/03\/A736138-Duzy.jpg 1620w\" sizes=\"(max-width: 300px) 100vw, 300px\" \/><\/a>\n\t\t\t<\/div><\/figure><figure class='gallery-item'>\n\t\t\t<div class='gallery-icon landscape'>\n\t\t\t\t<a data-elementor-open-lightbox=\"yes\" data-elementor-lightbox-slideshow=\"29885f1c\" data-e-action-hash=\"#elementor-action%3Aaction%3Dlightbox%26settings%3DeyJpZCI6MTY0MjEsInVybCI6Imh0dHBzOlwvXC9jemVyd29uYWdvcmEucGxcL3dwLWNvbnRlbnRcL3VwbG9hZHNcLzIwMjJcLzAzXC9BNzM2MTM5LUR1enkuanBnIiwic2xpZGVzaG93IjoiMjk4ODVmMWMifQ%3D%3D\" href='https:\/\/czerwonagora.pl\/wp-content\/uploads\/2022\/03\/A736139-Duzy.jpg'><img loading=\"lazy\" decoding=\"async\" width=\"300\" height=\"200\" src=\"https:\/\/czerwonagora.pl\/wp-content\/uploads\/2022\/03\/A736139-Duzy-300x200.jpg\" class=\"attachment-medium size-medium\" alt=\"osoby podczas otwarcia izby przyj\u0119\u0107 podczas przeci\u0119cia wst\u0119gi\" srcset=\"https:\/\/czerwonagora.pl\/wp-content\/uploads\/2022\/03\/A736139-Duzy-300x200.jpg 300w, https:\/\/czerwonagora.pl\/wp-content\/uploads\/2022\/03\/A736139-Duzy-1024x683.jpg 1024w, https:\/\/czerwonagora.pl\/wp-content\/uploads\/2022\/03\/A736139-Duzy-768x512.jpg 768w, https:\/\/czerwonagora.pl\/wp-content\/uploads\/2022\/03\/A736139-Duzy-1536x1024.jpg 1536w, https:\/\/czerwonagora.pl\/wp-content\/uploads\/2022\/03\/A736139-Duzy.jpg 1620w\" sizes=\"(max-width: 300px) 100vw, 300px\" \/><\/a>\n\t\t\t<\/div><\/figure><figure class='gallery-item'>\n\t\t\t<div class='gallery-icon landscape'>\n\t\t\t\t<a data-elementor-open-lightbox=\"yes\" data-elementor-lightbox-slideshow=\"29885f1c\" data-e-action-hash=\"#elementor-action%3Aaction%3Dlightbox%26settings%3DeyJpZCI6MTY0MjIsInVybCI6Imh0dHBzOlwvXC9jemVyd29uYWdvcmEucGxcL3dwLWNvbnRlbnRcL3VwbG9hZHNcLzIwMjJcLzAzXC9BNzM2MTUxLUR1enkuanBnIiwic2xpZGVzaG93IjoiMjk4ODVmMWMifQ%3D%3D\" href='https:\/\/czerwonagora.pl\/wp-content\/uploads\/2022\/03\/A736151-Duzy.jpg'><img loading=\"lazy\" decoding=\"async\" width=\"300\" height=\"200\" src=\"https:\/\/czerwonagora.pl\/wp-content\/uploads\/2022\/03\/A736151-Duzy-300x200.jpg\" class=\"attachment-medium size-medium\" alt=\"osoby ubrane w ubrania wizytowe i maseczki podczas uroczysto\u015bci otwarcie izby przyj\u0119\u0107\" srcset=\"https:\/\/czerwonagora.pl\/wp-content\/uploads\/2022\/03\/A736151-Duzy-300x200.jpg 300w, https:\/\/czerwonagora.pl\/wp-content\/uploads\/2022\/03\/A736151-Duzy-1024x683.jpg 1024w, https:\/\/czerwonagora.pl\/wp-content\/uploads\/2022\/03\/A736151-Duzy-768x512.jpg 768w, https:\/\/czerwonagora.pl\/wp-content\/uploads\/2022\/03\/A736151-Duzy-1536x1024.jpg 1536w, https:\/\/czerwonagora.pl\/wp-content\/uploads\/2022\/03\/A736151-Duzy.jpg 1620w\" sizes=\"(max-width: 300px) 100vw, 300px\" \/><\/a>\n\t\t\t<\/div><\/figure><figure class='gallery-item'>\n\t\t\t<div class='gallery-icon landscape'>\n\t\t\t\t<a data-elementor-open-lightbox=\"yes\" data-elementor-lightbox-slideshow=\"29885f1c\" data-e-action-hash=\"#elementor-action%3Aaction%3Dlightbox%26settings%3DeyJpZCI6MTY0MjMsInVybCI6Imh0dHBzOlwvXC9jemVyd29uYWdvcmEucGxcL3dwLWNvbnRlbnRcL3VwbG9hZHNcLzIwMjJcLzAzXC9BNzM2MTU4LUR1enkuanBnIiwic2xpZGVzaG93IjoiMjk4ODVmMWMifQ%3D%3D\" href='https:\/\/czerwonagora.pl\/wp-content\/uploads\/2022\/03\/A736158-Duzy.jpg'><img loading=\"lazy\" decoding=\"async\" width=\"300\" height=\"200\" src=\"https:\/\/czerwonagora.pl\/wp-content\/uploads\/2022\/03\/A736158-Duzy-300x200.jpg\" class=\"attachment-medium size-medium\" alt=\"Pan dyrektor przemawia przez mikrofon podczas otwarcia nowej izby przyj\u0119\u0107\" srcset=\"https:\/\/czerwonagora.pl\/wp-content\/uploads\/2022\/03\/A736158-Duzy-300x200.jpg 300w, https:\/\/czerwonagora.pl\/wp-content\/uploads\/2022\/03\/A736158-Duzy-1024x683.jpg 1024w, https:\/\/czerwonagora.pl\/wp-content\/uploads\/2022\/03\/A736158-Duzy-768x512.jpg 768w, https:\/\/czerwonagora.pl\/wp-content\/uploads\/2022\/03\/A736158-Duzy-1536x1024.jpg 1536w, https:\/\/czerwonagora.pl\/wp-content\/uploads\/2022\/03\/A736158-Duzy.jpg 1620w\" sizes=\"(max-width: 300px) 100vw, 300px\" \/><\/a>\n\t\t\t<\/div><\/figure><figure class='gallery-item'>\n\t\t\t<div class='gallery-icon landscape'>\n\t\t\t\t<a data-elementor-open-lightbox=\"yes\" data-elementor-lightbox-slideshow=\"29885f1c\" data-e-action-hash=\"#elementor-action%3Aaction%3Dlightbox%26settings%3DeyJpZCI6MTY0MjQsInVybCI6Imh0dHBzOlwvXC9jemVyd29uYWdvcmEucGxcL3dwLWNvbnRlbnRcL3VwbG9hZHNcLzIwMjJcLzAzXC9BNzM2MTY3LUR1enkuanBnIiwic2xpZGVzaG93IjoiMjk4ODVmMWMifQ%3D%3D\" href='https:\/\/czerwonagora.pl\/wp-content\/uploads\/2022\/03\/A736167-Duzy.jpg'><img loading=\"lazy\" decoding=\"async\" width=\"300\" height=\"200\" src=\"https:\/\/czerwonagora.pl\/wp-content\/uploads\/2022\/03\/A736167-Duzy-300x200.jpg\" class=\"attachment-medium size-medium\" alt=\"osoby ubrane w ubrania wizytowe i maseczki podczas uroczysto\u015bci otwarcie izby przyj\u0119\u0107\" srcset=\"https:\/\/czerwonagora.pl\/wp-content\/uploads\/2022\/03\/A736167-Duzy-300x200.jpg 300w, https:\/\/czerwonagora.pl\/wp-content\/uploads\/2022\/03\/A736167-Duzy-1024x683.jpg 1024w, https:\/\/czerwonagora.pl\/wp-content\/uploads\/2022\/03\/A736167-Duzy-768x512.jpg 768w, https:\/\/czerwonagora.pl\/wp-content\/uploads\/2022\/03\/A736167-Duzy-1536x1024.jpg 1536w, https:\/\/czerwonagora.pl\/wp-content\/uploads\/2022\/03\/A736167-Duzy.jpg 1620w\" sizes=\"(max-width: 300px) 100vw, 300px\" \/><\/a>\n\t\t\t<\/div><\/figure><figure class='gallery-item'>\n\t\t\t<div class='gallery-icon landscape'>\n\t\t\t\t<a data-elementor-open-lightbox=\"yes\" data-elementor-lightbox-slideshow=\"29885f1c\" data-e-action-hash=\"#elementor-action%3Aaction%3Dlightbox%26settings%3DeyJpZCI6MTY0MjUsInVybCI6Imh0dHBzOlwvXC9jemVyd29uYWdvcmEucGxcL3dwLWNvbnRlbnRcL3VwbG9hZHNcLzIwMjJcLzAzXC9BNzM2MTc1LUR1enkuanBnIiwic2xpZGVzaG93IjoiMjk4ODVmMWMifQ%3D%3D\" href='https:\/\/czerwonagora.pl\/wp-content\/uploads\/2022\/03\/A736175-Duzy.jpg'><img loading=\"lazy\" decoding=\"async\" width=\"300\" height=\"200\" src=\"https:\/\/czerwonagora.pl\/wp-content\/uploads\/2022\/03\/A736175-Duzy-300x200.jpg\" class=\"attachment-medium size-medium\" alt=\"osoby ubrane w ubrania wizytowe i maseczki podczas uroczysto\u015bci otwarcie izby przyj\u0119\u0107\" srcset=\"https:\/\/czerwonagora.pl\/wp-content\/uploads\/2022\/03\/A736175-Duzy-300x200.jpg 300w, https:\/\/czerwonagora.pl\/wp-content\/uploads\/2022\/03\/A736175-Duzy-1024x683.jpg 1024w, https:\/\/czerwonagora.pl\/wp-content\/uploads\/2022\/03\/A736175-Duzy-768x512.jpg 768w, https:\/\/czerwonagora.pl\/wp-content\/uploads\/2022\/03\/A736175-Duzy-1536x1024.jpg 1536w, https:\/\/czerwonagora.pl\/wp-content\/uploads\/2022\/03\/A736175-Duzy.jpg 1620w\" sizes=\"(max-width: 300px) 100vw, 300px\" \/><\/a>\n\t\t\t<\/div><\/figure><figure class='gallery-item'>\n\t\t\t<div class='gallery-icon landscape'>\n\t\t\t\t<a data-elementor-open-lightbox=\"yes\" data-elementor-lightbox-slideshow=\"29885f1c\" data-e-action-hash=\"#elementor-action%3Aaction%3Dlightbox%26settings%3DeyJpZCI6MTY0MjYsInVybCI6Imh0dHBzOlwvXC9jemVyd29uYWdvcmEucGxcL3dwLWNvbnRlbnRcL3VwbG9hZHNcLzIwMjJcLzAzXC9BNzM2MTkyLUR1enkuanBnIiwic2xpZGVzaG93IjoiMjk4ODVmMWMifQ%3D%3D\" href='https:\/\/czerwonagora.pl\/wp-content\/uploads\/2022\/03\/A736192-Duzy.jpg'><img loading=\"lazy\" decoding=\"async\" width=\"300\" height=\"200\" src=\"https:\/\/czerwonagora.pl\/wp-content\/uploads\/2022\/03\/A736192-Duzy-300x200.jpg\" class=\"attachment-medium size-medium\" alt=\"Pan dyrektor przemawia przez mikrofon podczas otwarcia nowej izby przyj\u0119\u0107\" srcset=\"https:\/\/czerwonagora.pl\/wp-content\/uploads\/2022\/03\/A736192-Duzy-300x200.jpg 300w, https:\/\/czerwonagora.pl\/wp-content\/uploads\/2022\/03\/A736192-Duzy-1024x683.jpg 1024w, https:\/\/czerwonagora.pl\/wp-content\/uploads\/2022\/03\/A736192-Duzy-768x512.jpg 768w, https:\/\/czerwonagora.pl\/wp-content\/uploads\/2022\/03\/A736192-Duzy-1536x1024.jpg 1536w, https:\/\/czerwonagora.pl\/wp-content\/uploads\/2022\/03\/A736192-Duzy.jpg 1620w\" sizes=\"(max-width: 300px) 100vw, 300px\" \/><\/a>\n\t\t\t<\/div><\/figure><figure class='gallery-item'>\n\t\t\t<div class='gallery-icon landscape'>\n\t\t\t\t<a data-elementor-open-lightbox=\"yes\" data-elementor-lightbox-slideshow=\"29885f1c\" data-e-action-hash=\"#elementor-action%3Aaction%3Dlightbox%26settings%3DeyJpZCI6MTY0MjcsInVybCI6Imh0dHBzOlwvXC9jemVyd29uYWdvcmEucGxcL3dwLWNvbnRlbnRcL3VwbG9hZHNcLzIwMjJcLzAzXC9BNzM2MjE4LUR1enkuanBnIiwic2xpZGVzaG93IjoiMjk4ODVmMWMifQ%3D%3D\" href='https:\/\/czerwonagora.pl\/wp-content\/uploads\/2022\/03\/A736218-Duzy.jpg'><img loading=\"lazy\" decoding=\"async\" width=\"300\" height=\"200\" src=\"https:\/\/czerwonagora.pl\/wp-content\/uploads\/2022\/03\/A736218-Duzy-300x200.jpg\" class=\"attachment-medium size-medium\" alt=\"ksi\u0105d\u017c przemawia przez mikrofon\" srcset=\"https:\/\/czerwonagora.pl\/wp-content\/uploads\/2022\/03\/A736218-Duzy-300x200.jpg 300w, https:\/\/czerwonagora.pl\/wp-content\/uploads\/2022\/03\/A736218-Duzy-1024x683.jpg 1024w, https:\/\/czerwonagora.pl\/wp-content\/uploads\/2022\/03\/A736218-Duzy-768x512.jpg 768w, https:\/\/czerwonagora.pl\/wp-content\/uploads\/2022\/03\/A736218-Duzy-1536x1024.jpg 1536w, https:\/\/czerwonagora.pl\/wp-content\/uploads\/2022\/03\/A736218-Duzy.jpg 1620w\" sizes=\"(max-width: 300px) 100vw, 300px\" \/><\/a>\n\t\t\t<\/div><\/figure><figure class='gallery-item'>\n\t\t\t<div class='gallery-icon landscape'>\n\t\t\t\t<a data-elementor-open-lightbox=\"yes\" data-elementor-lightbox-slideshow=\"29885f1c\" data-e-action-hash=\"#elementor-action%3Aaction%3Dlightbox%26settings%3DeyJpZCI6MTY0MjgsInVybCI6Imh0dHBzOlwvXC9jemVyd29uYWdvcmEucGxcL3dwLWNvbnRlbnRcL3VwbG9hZHNcLzIwMjJcLzAzXC9BNzM2MjIyLUR1enkuanBnIiwic2xpZGVzaG93IjoiMjk4ODVmMWMifQ%3D%3D\" href='https:\/\/czerwonagora.pl\/wp-content\/uploads\/2022\/03\/A736222-Duzy.jpg'><img loading=\"lazy\" decoding=\"async\" width=\"300\" height=\"200\" src=\"https:\/\/czerwonagora.pl\/wp-content\/uploads\/2022\/03\/A736222-Duzy-300x200.jpg\" class=\"attachment-medium size-medium\" alt=\"ksi\u0105d\u017c podczas po\u015bwi\u0119cenia otwarcie nowej izby przyj\u0119\u0107 w szpitalu\" srcset=\"https:\/\/czerwonagora.pl\/wp-content\/uploads\/2022\/03\/A736222-Duzy-300x200.jpg 300w, https:\/\/czerwonagora.pl\/wp-content\/uploads\/2022\/03\/A736222-Duzy-1024x683.jpg 1024w, https:\/\/czerwonagora.pl\/wp-content\/uploads\/2022\/03\/A736222-Duzy-768x512.jpg 768w, https:\/\/czerwonagora.pl\/wp-content\/uploads\/2022\/03\/A736222-Duzy-1536x1024.jpg 1536w, https:\/\/czerwonagora.pl\/wp-content\/uploads\/2022\/03\/A736222-Duzy.jpg 1620w\" sizes=\"(max-width: 300px) 100vw, 300px\" \/><\/a>\n\t\t\t<\/div><\/figure><figure class='gallery-item'>\n\t\t\t<div class='gallery-icon landscape'>\n\t\t\t\t<a data-elementor-open-lightbox=\"yes\" data-elementor-lightbox-slideshow=\"29885f1c\" data-e-action-hash=\"#elementor-action%3Aaction%3Dlightbox%26settings%3DeyJpZCI6MTY0MjksInVybCI6Imh0dHBzOlwvXC9jemVyd29uYWdvcmEucGxcL3dwLWNvbnRlbnRcL3VwbG9hZHNcLzIwMjJcLzAzXC9BNzM2MjI0LUR1enkuanBnIiwic2xpZGVzaG93IjoiMjk4ODVmMWMifQ%3D%3D\" href='https:\/\/czerwonagora.pl\/wp-content\/uploads\/2022\/03\/A736224-Duzy.jpg'><img loading=\"lazy\" decoding=\"async\" width=\"300\" height=\"200\" src=\"https:\/\/czerwonagora.pl\/wp-content\/uploads\/2022\/03\/A736224-Duzy-300x200.jpg\" class=\"attachment-medium size-medium\" alt=\"m\u0119\u017cczyzna ubrany w ubranie wizytowe przemawia przez mikrofon\" srcset=\"https:\/\/czerwonagora.pl\/wp-content\/uploads\/2022\/03\/A736224-Duzy-300x200.jpg 300w, https:\/\/czerwonagora.pl\/wp-content\/uploads\/2022\/03\/A736224-Duzy-1024x683.jpg 1024w, https:\/\/czerwonagora.pl\/wp-content\/uploads\/2022\/03\/A736224-Duzy-768x512.jpg 768w, https:\/\/czerwonagora.pl\/wp-content\/uploads\/2022\/03\/A736224-Duzy-1536x1024.jpg 1536w, https:\/\/czerwonagora.pl\/wp-content\/uploads\/2022\/03\/A736224-Duzy.jpg 1620w\" sizes=\"(max-width: 300px) 100vw, 300px\" \/><\/a>\n\t\t\t<\/div><\/figure><figure class='gallery-item'>\n\t\t\t<div class='gallery-icon landscape'>\n\t\t\t\t<a data-elementor-open-lightbox=\"yes\" data-elementor-lightbox-slideshow=\"29885f1c\" data-e-action-hash=\"#elementor-action%3Aaction%3Dlightbox%26settings%3DeyJpZCI6MTY0MzAsInVybCI6Imh0dHBzOlwvXC9jemVyd29uYWdvcmEucGxcL3dwLWNvbnRlbnRcL3VwbG9hZHNcLzIwMjJcLzAzXC9BNzM2MjI2LUR1enkuanBnIiwic2xpZGVzaG93IjoiMjk4ODVmMWMifQ%3D%3D\" href='https:\/\/czerwonagora.pl\/wp-content\/uploads\/2022\/03\/A736226-Duzy.jpg'><img loading=\"lazy\" decoding=\"async\" width=\"300\" height=\"200\" src=\"https:\/\/czerwonagora.pl\/wp-content\/uploads\/2022\/03\/A736226-Duzy-300x200.jpg\" class=\"attachment-medium size-medium\" alt=\"osoby ubrane w ubrania wizytowe i maseczki podczas uroczysto\u015bci otwarcie izby przyj\u0119\u0107\" srcset=\"https:\/\/czerwonagora.pl\/wp-content\/uploads\/2022\/03\/A736226-Duzy-300x200.jpg 300w, https:\/\/czerwonagora.pl\/wp-content\/uploads\/2022\/03\/A736226-Duzy-1024x683.jpg 1024w, https:\/\/czerwonagora.pl\/wp-content\/uploads\/2022\/03\/A736226-Duzy-768x512.jpg 768w, https:\/\/czerwonagora.pl\/wp-content\/uploads\/2022\/03\/A736226-Duzy-1536x1024.jpg 1536w, https:\/\/czerwonagora.pl\/wp-content\/uploads\/2022\/03\/A736226-Duzy.jpg 1620w\" sizes=\"(max-width: 300px) 100vw, 300px\" \/><\/a>\n\t\t\t<\/div><\/figure><figure class='gallery-item'>\n\t\t\t<div class='gallery-icon landscape'>\n\t\t\t\t<a data-elementor-open-lightbox=\"yes\" data-elementor-lightbox-slideshow=\"29885f1c\" data-e-action-hash=\"#elementor-action%3Aaction%3Dlightbox%26settings%3DeyJpZCI6MTY0MzEsInVybCI6Imh0dHBzOlwvXC9jemVyd29uYWdvcmEucGxcL3dwLWNvbnRlbnRcL3VwbG9hZHNcLzIwMjJcLzAzXC9BNzM2MjI5LUR1enkuanBnIiwic2xpZGVzaG93IjoiMjk4ODVmMWMifQ%3D%3D\" href='https:\/\/czerwonagora.pl\/wp-content\/uploads\/2022\/03\/A736229-Duzy.jpg'><img loading=\"lazy\" decoding=\"async\" width=\"300\" height=\"200\" src=\"https:\/\/czerwonagora.pl\/wp-content\/uploads\/2022\/03\/A736229-Duzy-300x200.jpg\" class=\"attachment-medium size-medium\" alt=\"dyrektor podczas uroczysto\u015bci otwarcia nowej izby przyj\u0119\u0107\" srcset=\"https:\/\/czerwonagora.pl\/wp-content\/uploads\/2022\/03\/A736229-Duzy-300x200.jpg 300w, https:\/\/czerwonagora.pl\/wp-content\/uploads\/2022\/03\/A736229-Duzy-1024x683.jpg 1024w, https:\/\/czerwonagora.pl\/wp-content\/uploads\/2022\/03\/A736229-Duzy-768x512.jpg 768w, https:\/\/czerwonagora.pl\/wp-content\/uploads\/2022\/03\/A736229-Duzy-1536x1024.jpg 1536w, https:\/\/czerwonagora.pl\/wp-content\/uploads\/2022\/03\/A736229-Duzy.jpg 1620w\" sizes=\"(max-width: 300px) 100vw, 300px\" \/><\/a>\n\t\t\t<\/div><\/figure><figure class='gallery-item'>\n\t\t\t<div class='gallery-icon landscape'>\n\t\t\t\t<a data-elementor-open-lightbox=\"yes\" data-elementor-lightbox-slideshow=\"29885f1c\" data-e-action-hash=\"#elementor-action%3Aaction%3Dlightbox%26settings%3DeyJpZCI6MTY0MzIsInVybCI6Imh0dHBzOlwvXC9jemVyd29uYWdvcmEucGxcL3dwLWNvbnRlbnRcL3VwbG9hZHNcLzIwMjJcLzAzXC9BNzM2MjMwLUR1enkuanBnIiwic2xpZGVzaG93IjoiMjk4ODVmMWMifQ%3D%3D\" href='https:\/\/czerwonagora.pl\/wp-content\/uploads\/2022\/03\/A736230-Duzy.jpg'><img loading=\"lazy\" decoding=\"async\" width=\"300\" height=\"200\" src=\"https:\/\/czerwonagora.pl\/wp-content\/uploads\/2022\/03\/A736230-Duzy-300x200.jpg\" class=\"attachment-medium size-medium\" alt=\"osoby ubrane w ubrania wizytowe i maseczki podczas uroczysto\u015bci otwarcie izby przyj\u0119\u0107\" srcset=\"https:\/\/czerwonagora.pl\/wp-content\/uploads\/2022\/03\/A736230-Duzy-300x200.jpg 300w, https:\/\/czerwonagora.pl\/wp-content\/uploads\/2022\/03\/A736230-Duzy-1024x683.jpg 1024w, https:\/\/czerwonagora.pl\/wp-content\/uploads\/2022\/03\/A736230-Duzy-768x512.jpg 768w, https:\/\/czerwonagora.pl\/wp-content\/uploads\/2022\/03\/A736230-Duzy-1536x1024.jpg 1536w, https:\/\/czerwonagora.pl\/wp-content\/uploads\/2022\/03\/A736230-Duzy.jpg 1620w\" sizes=\"(max-width: 300px) 100vw, 300px\" \/><\/a>\n\t\t\t<\/div><\/figure><figure class='gallery-item'>\n\t\t\t<div class='gallery-icon landscape'>\n\t\t\t\t<a data-elementor-open-lightbox=\"yes\" data-elementor-lightbox-slideshow=\"29885f1c\" data-e-action-hash=\"#elementor-action%3Aaction%3Dlightbox%26settings%3DeyJpZCI6MTY0MzMsInVybCI6Imh0dHBzOlwvXC9jemVyd29uYWdvcmEucGxcL3dwLWNvbnRlbnRcL3VwbG9hZHNcLzIwMjJcLzAzXC9BNzM2MjMyLUR1enkuanBnIiwic2xpZGVzaG93IjoiMjk4ODVmMWMifQ%3D%3D\" href='https:\/\/czerwonagora.pl\/wp-content\/uploads\/2022\/03\/A736232-Duzy.jpg'><img loading=\"lazy\" decoding=\"async\" width=\"300\" height=\"200\" src=\"https:\/\/czerwonagora.pl\/wp-content\/uploads\/2022\/03\/A736232-Duzy-300x200.jpg\" class=\"attachment-medium size-medium\" alt=\"osoby ubrane w ubrania wizytowe i maseczki podczas uroczysto\u015bci otwarcie izby przyj\u0119\u0107\" srcset=\"https:\/\/czerwonagora.pl\/wp-content\/uploads\/2022\/03\/A736232-Duzy-300x200.jpg 300w, https:\/\/czerwonagora.pl\/wp-content\/uploads\/2022\/03\/A736232-Duzy-1024x683.jpg 1024w, https:\/\/czerwonagora.pl\/wp-content\/uploads\/2022\/03\/A736232-Duzy-768x512.jpg 768w, https:\/\/czerwonagora.pl\/wp-content\/uploads\/2022\/03\/A736232-Duzy-1536x1024.jpg 1536w, https:\/\/czerwonagora.pl\/wp-content\/uploads\/2022\/03\/A736232-Duzy.jpg 1620w\" sizes=\"(max-width: 300px) 100vw, 300px\" \/><\/a>\n\t\t\t<\/div><\/figure><figure class='gallery-item'>\n\t\t\t<div class='gallery-icon landscape'>\n\t\t\t\t<a data-elementor-open-lightbox=\"yes\" data-elementor-lightbox-slideshow=\"29885f1c\" data-e-action-hash=\"#elementor-action%3Aaction%3Dlightbox%26settings%3DeyJpZCI6MTY0MzQsInVybCI6Imh0dHBzOlwvXC9jemVyd29uYWdvcmEucGxcL3dwLWNvbnRlbnRcL3VwbG9hZHNcLzIwMjJcLzAzXC9BNzM2MjM1LUR1enkuanBnIiwic2xpZGVzaG93IjoiMjk4ODVmMWMifQ%3D%3D\" href='https:\/\/czerwonagora.pl\/wp-content\/uploads\/2022\/03\/A736235-Duzy.jpg'><img loading=\"lazy\" decoding=\"async\" width=\"300\" height=\"200\" src=\"https:\/\/czerwonagora.pl\/wp-content\/uploads\/2022\/03\/A736235-Duzy-300x200.jpg\" class=\"attachment-medium size-medium\" alt=\"osoby ubrane w ubrania wizytowe i maseczki podczas uroczysto\u015bci otwarcie izby przyj\u0119\u0107\" srcset=\"https:\/\/czerwonagora.pl\/wp-content\/uploads\/2022\/03\/A736235-Duzy-300x200.jpg 300w, https:\/\/czerwonagora.pl\/wp-content\/uploads\/2022\/03\/A736235-Duzy-1024x683.jpg 1024w, https:\/\/czerwonagora.pl\/wp-content\/uploads\/2022\/03\/A736235-Duzy-768x512.jpg 768w, https:\/\/czerwonagora.pl\/wp-content\/uploads\/2022\/03\/A736235-Duzy-1536x1024.jpg 1536w, https:\/\/czerwonagora.pl\/wp-content\/uploads\/2022\/03\/A736235-Duzy.jpg 1620w\" sizes=\"(max-width: 300px) 100vw, 300px\" \/><\/a>\n\t\t\t<\/div><\/figure><figure class='gallery-item'>\n\t\t\t<div class='gallery-icon landscape'>\n\t\t\t\t<a data-elementor-open-lightbox=\"yes\" data-elementor-lightbox-slideshow=\"29885f1c\" data-e-action-hash=\"#elementor-action%3Aaction%3Dlightbox%26settings%3DeyJpZCI6MTY0MzUsInVybCI6Imh0dHBzOlwvXC9jemVyd29uYWdvcmEucGxcL3dwLWNvbnRlbnRcL3VwbG9hZHNcLzIwMjJcLzAzXC9BNzM2MjQxLUR1enkuanBnIiwic2xpZGVzaG93IjoiMjk4ODVmMWMifQ%3D%3D\" href='https:\/\/czerwonagora.pl\/wp-content\/uploads\/2022\/03\/A736241-Duzy.jpg'><img loading=\"lazy\" decoding=\"async\" width=\"300\" height=\"200\" src=\"https:\/\/czerwonagora.pl\/wp-content\/uploads\/2022\/03\/A736241-Duzy-300x200.jpg\" class=\"attachment-medium size-medium\" alt=\"m\u0119\u017cczyzna ubrany w ubranie wizytowe przemawia przez mikrofon\" srcset=\"https:\/\/czerwonagora.pl\/wp-content\/uploads\/2022\/03\/A736241-Duzy-300x200.jpg 300w, https:\/\/czerwonagora.pl\/wp-content\/uploads\/2022\/03\/A736241-Duzy-1024x683.jpg 1024w, https:\/\/czerwonagora.pl\/wp-content\/uploads\/2022\/03\/A736241-Duzy-768x512.jpg 768w, https:\/\/czerwonagora.pl\/wp-content\/uploads\/2022\/03\/A736241-Duzy-1536x1024.jpg 1536w, https:\/\/czerwonagora.pl\/wp-content\/uploads\/2022\/03\/A736241-Duzy.jpg 1620w\" sizes=\"(max-width: 300px) 100vw, 300px\" \/><\/a>\n\t\t\t<\/div><\/figure><figure class='gallery-item'>\n\t\t\t<div class='gallery-icon landscape'>\n\t\t\t\t<a data-elementor-open-lightbox=\"yes\" data-elementor-lightbox-slideshow=\"29885f1c\" data-e-action-hash=\"#elementor-action%3Aaction%3Dlightbox%26settings%3DeyJpZCI6MTY0MzYsInVybCI6Imh0dHBzOlwvXC9jemVyd29uYWdvcmEucGxcL3dwLWNvbnRlbnRcL3VwbG9hZHNcLzIwMjJcLzAzXC9BNzM2MjQ5LUR1enkuanBnIiwic2xpZGVzaG93IjoiMjk4ODVmMWMifQ%3D%3D\" href='https:\/\/czerwonagora.pl\/wp-content\/uploads\/2022\/03\/A736249-Duzy.jpg'><img loading=\"lazy\" decoding=\"async\" width=\"300\" height=\"200\" src=\"https:\/\/czerwonagora.pl\/wp-content\/uploads\/2022\/03\/A736249-Duzy-300x200.jpg\" class=\"attachment-medium size-medium\" alt=\"m\u0119\u017cczyzna ubrany w ubranie wizytowe przemawia przez mikrofon\" srcset=\"https:\/\/czerwonagora.pl\/wp-content\/uploads\/2022\/03\/A736249-Duzy-300x200.jpg 300w, https:\/\/czerwonagora.pl\/wp-content\/uploads\/2022\/03\/A736249-Duzy-1024x683.jpg 1024w, https:\/\/czerwonagora.pl\/wp-content\/uploads\/2022\/03\/A736249-Duzy-768x512.jpg 768w, https:\/\/czerwonagora.pl\/wp-content\/uploads\/2022\/03\/A736249-Duzy-1536x1024.jpg 1536w, https:\/\/czerwonagora.pl\/wp-content\/uploads\/2022\/03\/A736249-Duzy.jpg 1620w\" sizes=\"(max-width: 300px) 100vw, 300px\" \/><\/a>\n\t\t\t<\/div><\/figure><figure class='gallery-item'>\n\t\t\t<div class='gallery-icon landscape'>\n\t\t\t\t<a data-elementor-open-lightbox=\"yes\" data-elementor-lightbox-slideshow=\"29885f1c\" data-e-action-hash=\"#elementor-action%3Aaction%3Dlightbox%26settings%3DeyJpZCI6MTY0MzcsInVybCI6Imh0dHBzOlwvXC9jemVyd29uYWdvcmEucGxcL3dwLWNvbnRlbnRcL3VwbG9hZHNcLzIwMjJcLzAzXC9BNzM2MjUxLUR1enkuanBnIiwic2xpZGVzaG93IjoiMjk4ODVmMWMifQ%3D%3D\" href='https:\/\/czerwonagora.pl\/wp-content\/uploads\/2022\/03\/A736251-Duzy.jpg'><img loading=\"lazy\" decoding=\"async\" width=\"300\" height=\"200\" src=\"https:\/\/czerwonagora.pl\/wp-content\/uploads\/2022\/03\/A736251-Duzy-300x200.jpg\" class=\"attachment-medium size-medium\" alt=\"m\u0119\u017cczyzna ubrany w ubranie wizytowe przemawia przez mikrofon\" srcset=\"https:\/\/czerwonagora.pl\/wp-content\/uploads\/2022\/03\/A736251-Duzy-300x200.jpg 300w, https:\/\/czerwonagora.pl\/wp-content\/uploads\/2022\/03\/A736251-Duzy-1024x683.jpg 1024w, https:\/\/czerwonagora.pl\/wp-content\/uploads\/2022\/03\/A736251-Duzy-768x512.jpg 768w, https:\/\/czerwonagora.pl\/wp-content\/uploads\/2022\/03\/A736251-Duzy-1536x1024.jpg 1536w, https:\/\/czerwonagora.pl\/wp-content\/uploads\/2022\/03\/A736251-Duzy.jpg 1620w\" sizes=\"(max-width: 300px) 100vw, 300px\" \/><\/a>\n\t\t\t<\/div><\/figure><figure class='gallery-item'>\n\t\t\t<div class='gallery-icon landscape'>\n\t\t\t\t<a data-elementor-open-lightbox=\"yes\" data-elementor-lightbox-slideshow=\"29885f1c\" data-e-action-hash=\"#elementor-action%3Aaction%3Dlightbox%26settings%3DeyJpZCI6MTY0MzgsInVybCI6Imh0dHBzOlwvXC9jemVyd29uYWdvcmEucGxcL3dwLWNvbnRlbnRcL3VwbG9hZHNcLzIwMjJcLzAzXC9BNzM2MjU3LUR1enkuanBnIiwic2xpZGVzaG93IjoiMjk4ODVmMWMifQ%3D%3D\" href='https:\/\/czerwonagora.pl\/wp-content\/uploads\/2022\/03\/A736257-Duzy.jpg'><img loading=\"lazy\" decoding=\"async\" width=\"300\" height=\"200\" src=\"https:\/\/czerwonagora.pl\/wp-content\/uploads\/2022\/03\/A736257-Duzy-300x200.jpg\" class=\"attachment-medium size-medium\" alt=\"wr\u0119czenie nagrody dla Dyrektora\" srcset=\"https:\/\/czerwonagora.pl\/wp-content\/uploads\/2022\/03\/A736257-Duzy-300x200.jpg 300w, https:\/\/czerwonagora.pl\/wp-content\/uploads\/2022\/03\/A736257-Duzy-1024x683.jpg 1024w, https:\/\/czerwonagora.pl\/wp-content\/uploads\/2022\/03\/A736257-Duzy-768x512.jpg 768w, https:\/\/czerwonagora.pl\/wp-content\/uploads\/2022\/03\/A736257-Duzy-1536x1024.jpg 1536w, https:\/\/czerwonagora.pl\/wp-content\/uploads\/2022\/03\/A736257-Duzy.jpg 1620w\" sizes=\"(max-width: 300px) 100vw, 300px\" \/><\/a>\n\t\t\t<\/div><\/figure><figure class='gallery-item'>\n\t\t\t<div class='gallery-icon landscape'>\n\t\t\t\t<a data-elementor-open-lightbox=\"yes\" data-elementor-lightbox-slideshow=\"29885f1c\" data-e-action-hash=\"#elementor-action%3Aaction%3Dlightbox%26settings%3DeyJpZCI6MTY0MzksInVybCI6Imh0dHBzOlwvXC9jemVyd29uYWdvcmEucGxcL3dwLWNvbnRlbnRcL3VwbG9hZHNcLzIwMjJcLzAzXC9BNzM2MjczLUR1enkuanBnIiwic2xpZGVzaG93IjoiMjk4ODVmMWMifQ%3D%3D\" href='https:\/\/czerwonagora.pl\/wp-content\/uploads\/2022\/03\/A736273-Duzy.jpg'><img loading=\"lazy\" decoding=\"async\" width=\"300\" height=\"200\" src=\"https:\/\/czerwonagora.pl\/wp-content\/uploads\/2022\/03\/A736273-Duzy-300x200.jpg\" class=\"attachment-medium size-medium\" alt=\"m\u0119\u017cczyzna ubrany w ubranie wizytowe przemawia przez mikrofon\" srcset=\"https:\/\/czerwonagora.pl\/wp-content\/uploads\/2022\/03\/A736273-Duzy-300x200.jpg 300w, https:\/\/czerwonagora.pl\/wp-content\/uploads\/2022\/03\/A736273-Duzy-1024x683.jpg 1024w, https:\/\/czerwonagora.pl\/wp-content\/uploads\/2022\/03\/A736273-Duzy-768x512.jpg 768w, https:\/\/czerwonagora.pl\/wp-content\/uploads\/2022\/03\/A736273-Duzy-1536x1024.jpg 1536w, https:\/\/czerwonagora.pl\/wp-content\/uploads\/2022\/03\/A736273-Duzy.jpg 1620w\" sizes=\"(max-width: 300px) 100vw, 300px\" \/><\/a>\n\t\t\t<\/div><\/figure><figure class='gallery-item'>\n\t\t\t<div class='gallery-icon landscape'>\n\t\t\t\t<a data-elementor-open-lightbox=\"yes\" data-elementor-lightbox-slideshow=\"29885f1c\" data-e-action-hash=\"#elementor-action%3Aaction%3Dlightbox%26settings%3DeyJpZCI6MTY0NDAsInVybCI6Imh0dHBzOlwvXC9jemVyd29uYWdvcmEucGxcL3dwLWNvbnRlbnRcL3VwbG9hZHNcLzIwMjJcLzAzXC9BNzM2MzExLUR1enkuanBnIiwic2xpZGVzaG93IjoiMjk4ODVmMWMifQ%3D%3D\" href='https:\/\/czerwonagora.pl\/wp-content\/uploads\/2022\/03\/A736311-Duzy.jpg'><img loading=\"lazy\" decoding=\"async\" width=\"300\" height=\"200\" src=\"https:\/\/czerwonagora.pl\/wp-content\/uploads\/2022\/03\/A736311-Duzy-300x200.jpg\" class=\"attachment-medium size-medium\" alt=\"osoby ubrane w ubrania wizytowe i maseczki wraz z drektorem szpitala\" srcset=\"https:\/\/czerwonagora.pl\/wp-content\/uploads\/2022\/03\/A736311-Duzy-300x200.jpg 300w, https:\/\/czerwonagora.pl\/wp-content\/uploads\/2022\/03\/A736311-Duzy-1024x683.jpg 1024w, https:\/\/czerwonagora.pl\/wp-content\/uploads\/2022\/03\/A736311-Duzy-768x512.jpg 768w, https:\/\/czerwonagora.pl\/wp-content\/uploads\/2022\/03\/A736311-Duzy-1536x1024.jpg 1536w, https:\/\/czerwonagora.pl\/wp-content\/uploads\/2022\/03\/A736311-Duzy.jpg 1620w\" sizes=\"(max-width: 300px) 100vw, 300px\" \/><\/a>\n\t\t\t<\/div><\/figure><figure class='gallery-item'>\n\t\t\t<div class='gallery-icon landscape'>\n\t\t\t\t<a data-elementor-open-lightbox=\"yes\" data-elementor-lightbox-slideshow=\"29885f1c\" data-e-action-hash=\"#elementor-action%3Aaction%3Dlightbox%26settings%3DeyJpZCI6MTY0NDEsInVybCI6Imh0dHBzOlwvXC9jemVyd29uYWdvcmEucGxcL3dwLWNvbnRlbnRcL3VwbG9hZHNcLzIwMjJcLzAzXC9BNzM2MzEyLUR1enkuanBnIiwic2xpZGVzaG93IjoiMjk4ODVmMWMifQ%3D%3D\" href='https:\/\/czerwonagora.pl\/wp-content\/uploads\/2022\/03\/A736312-Duzy.jpg'><img loading=\"lazy\" decoding=\"async\" width=\"300\" height=\"200\" src=\"https:\/\/czerwonagora.pl\/wp-content\/uploads\/2022\/03\/A736312-Duzy-300x200.jpg\" class=\"attachment-medium size-medium\" alt=\"osoby ubrane w ubrania wizytowe i maseczki\" srcset=\"https:\/\/czerwonagora.pl\/wp-content\/uploads\/2022\/03\/A736312-Duzy-300x200.jpg 300w, https:\/\/czerwonagora.pl\/wp-content\/uploads\/2022\/03\/A736312-Duzy-1024x683.jpg 1024w, https:\/\/czerwonagora.pl\/wp-content\/uploads\/2022\/03\/A736312-Duzy-768x512.jpg 768w, https:\/\/czerwonagora.pl\/wp-content\/uploads\/2022\/03\/A736312-Duzy-1536x1024.jpg 1536w, https:\/\/czerwonagora.pl\/wp-content\/uploads\/2022\/03\/A736312-Duzy.jpg 1620w\" sizes=\"(max-width: 300px) 100vw, 300px\" \/><\/a>\n\t\t\t<\/div><\/figure><figure class='gallery-item'>\n\t\t\t<div class='gallery-icon landscape'>\n\t\t\t\t<a data-elementor-open-lightbox=\"yes\" data-elementor-lightbox-slideshow=\"29885f1c\" data-e-action-hash=\"#elementor-action%3Aaction%3Dlightbox%26settings%3DeyJpZCI6MTY0NDIsInVybCI6Imh0dHBzOlwvXC9jemVyd29uYWdvcmEucGxcL3dwLWNvbnRlbnRcL3VwbG9hZHNcLzIwMjJcLzAzXC9BNzM2MzEzRHV6eS5qcGciLCJzbGlkZXNob3ciOiIyOTg4NWYxYyJ9\" href='https:\/\/czerwonagora.pl\/wp-content\/uploads\/2022\/03\/A736313Duzy.jpg'><img loading=\"lazy\" decoding=\"async\" width=\"300\" height=\"200\" src=\"https:\/\/czerwonagora.pl\/wp-content\/uploads\/2022\/03\/A736313Duzy-300x200.jpg\" class=\"attachment-medium size-medium\" alt=\"osoby ubrane w ubrania wizytowe i maseczki dyrektor usmiecha si\u0119\" srcset=\"https:\/\/czerwonagora.pl\/wp-content\/uploads\/2022\/03\/A736313Duzy-300x200.jpg 300w, https:\/\/czerwonagora.pl\/wp-content\/uploads\/2022\/03\/A736313Duzy-1024x683.jpg 1024w, https:\/\/czerwonagora.pl\/wp-content\/uploads\/2022\/03\/A736313Duzy-768x512.jpg 768w, https:\/\/czerwonagora.pl\/wp-content\/uploads\/2022\/03\/A736313Duzy-1536x1024.jpg 1536w, https:\/\/czerwonagora.pl\/wp-content\/uploads\/2022\/03\/A736313Duzy.jpg 1620w\" sizes=\"(max-width: 300px) 100vw, 300px\" \/><\/a>\n\t\t\t<\/div><\/figure><figure class='gallery-item'>\n\t\t\t<div class='gallery-icon landscape'>\n\t\t\t\t<a data-elementor-open-lightbox=\"yes\" data-elementor-lightbox-slideshow=\"29885f1c\" data-e-action-hash=\"#elementor-action%3Aaction%3Dlightbox%26settings%3DeyJpZCI6MTY0NDMsInVybCI6Imh0dHBzOlwvXC9jemVyd29uYWdvcmEucGxcL3dwLWNvbnRlbnRcL3VwbG9hZHNcLzIwMjJcLzAzXC9BNzM2MzE3LUR1enkuanBnIiwic2xpZGVzaG93IjoiMjk4ODVmMWMifQ%3D%3D\" href='https:\/\/czerwonagora.pl\/wp-content\/uploads\/2022\/03\/A736317-Duzy.jpg'><img loading=\"lazy\" decoding=\"async\" width=\"300\" height=\"200\" src=\"https:\/\/czerwonagora.pl\/wp-content\/uploads\/2022\/03\/A736317-Duzy-300x200.jpg\" class=\"attachment-medium size-medium\" alt=\"osoby ubrane w ubrania wizytowe i maseczki\" srcset=\"https:\/\/czerwonagora.pl\/wp-content\/uploads\/2022\/03\/A736317-Duzy-300x200.jpg 300w, https:\/\/czerwonagora.pl\/wp-content\/uploads\/2022\/03\/A736317-Duzy-1024x683.jpg 1024w, https:\/\/czerwonagora.pl\/wp-content\/uploads\/2022\/03\/A736317-Duzy-768x512.jpg 768w, https:\/\/czerwonagora.pl\/wp-content\/uploads\/2022\/03\/A736317-Duzy-1536x1024.jpg 1536w, https:\/\/czerwonagora.pl\/wp-content\/uploads\/2022\/03\/A736317-Duzy.jpg 1620w\" sizes=\"(max-width: 300px) 100vw, 300px\" \/><\/a>\n\t\t\t<\/div><\/figure><figure class='gallery-item'>\n\t\t\t<div class='gallery-icon landscape'>\n\t\t\t\t<a data-elementor-open-lightbox=\"yes\" data-elementor-lightbox-slideshow=\"29885f1c\" data-e-action-hash=\"#elementor-action%3Aaction%3Dlightbox%26settings%3DeyJpZCI6MTY0NDQsInVybCI6Imh0dHBzOlwvXC9jemVyd29uYWdvcmEucGxcL3dwLWNvbnRlbnRcL3VwbG9hZHNcLzIwMjJcLzAzXC9BNzM2MzI0LUR1enkuanBnIiwic2xpZGVzaG93IjoiMjk4ODVmMWMifQ%3D%3D\" href='https:\/\/czerwonagora.pl\/wp-content\/uploads\/2022\/03\/A736324-Duzy.jpg'><img loading=\"lazy\" decoding=\"async\" width=\"300\" height=\"200\" src=\"https:\/\/czerwonagora.pl\/wp-content\/uploads\/2022\/03\/A736324-Duzy-300x200.jpg\" class=\"attachment-medium size-medium\" alt=\"osoby ubrane w ubrania wizytowe i maseczki\" srcset=\"https:\/\/czerwonagora.pl\/wp-content\/uploads\/2022\/03\/A736324-Duzy-300x200.jpg 300w, https:\/\/czerwonagora.pl\/wp-content\/uploads\/2022\/03\/A736324-Duzy-1024x683.jpg 1024w, https:\/\/czerwonagora.pl\/wp-content\/uploads\/2022\/03\/A736324-Duzy-768x512.jpg 768w, https:\/\/czerwonagora.pl\/wp-content\/uploads\/2022\/03\/A736324-Duzy-1536x1024.jpg 1536w, https:\/\/czerwonagora.pl\/wp-content\/uploads\/2022\/03\/A736324-Duzy.jpg 1620w\" sizes=\"(max-width: 300px) 100vw, 300px\" \/><\/a>\n\t\t\t<\/div><\/figure><figure class='gallery-item'>\n\t\t\t<div class='gallery-icon landscape'>\n\t\t\t\t<a data-elementor-open-lightbox=\"yes\" data-elementor-lightbox-slideshow=\"29885f1c\" data-e-action-hash=\"#elementor-action%3Aaction%3Dlightbox%26settings%3DeyJpZCI6MTY0NDUsInVybCI6Imh0dHBzOlwvXC9jemVyd29uYWdvcmEucGxcL3dwLWNvbnRlbnRcL3VwbG9hZHNcLzIwMjJcLzAzXC9BNzM2MzI5LUR1enkuanBnIiwic2xpZGVzaG93IjoiMjk4ODVmMWMifQ%3D%3D\" href='https:\/\/czerwonagora.pl\/wp-content\/uploads\/2022\/03\/A736329-Duzy.jpg'><img loading=\"lazy\" decoding=\"async\" width=\"300\" height=\"200\" src=\"https:\/\/czerwonagora.pl\/wp-content\/uploads\/2022\/03\/A736329-Duzy-300x200.jpg\" class=\"attachment-medium size-medium\" alt=\"osoby ubrane w ubrania wizytowe i maseczki\" srcset=\"https:\/\/czerwonagora.pl\/wp-content\/uploads\/2022\/03\/A736329-Duzy-300x200.jpg 300w, https:\/\/czerwonagora.pl\/wp-content\/uploads\/2022\/03\/A736329-Duzy-1024x683.jpg 1024w, https:\/\/czerwonagora.pl\/wp-content\/uploads\/2022\/03\/A736329-Duzy-768x512.jpg 768w, https:\/\/czerwonagora.pl\/wp-content\/uploads\/2022\/03\/A736329-Duzy-1536x1024.jpg 1536w, https:\/\/czerwonagora.pl\/wp-content\/uploads\/2022\/03\/A736329-Duzy.jpg 1620w\" sizes=\"(max-width: 300px) 100vw, 300px\" \/><\/a>\n\t\t\t<\/div><\/figure><figure class='gallery-item'>\n\t\t\t<div class='gallery-icon landscape'>\n\t\t\t\t<a data-elementor-open-lightbox=\"yes\" data-elementor-lightbox-slideshow=\"29885f1c\" data-e-action-hash=\"#elementor-action%3Aaction%3Dlightbox%26settings%3DeyJpZCI6MTY0NDYsInVybCI6Imh0dHBzOlwvXC9jemVyd29uYWdvcmEucGxcL3dwLWNvbnRlbnRcL3VwbG9hZHNcLzIwMjJcLzAzXC9BNzM2MzM1LUR1enkuanBnIiwic2xpZGVzaG93IjoiMjk4ODVmMWMifQ%3D%3D\" href='https:\/\/czerwonagora.pl\/wp-content\/uploads\/2022\/03\/A736335-Duzy.jpg'><img loading=\"lazy\" decoding=\"async\" width=\"300\" height=\"200\" src=\"https:\/\/czerwonagora.pl\/wp-content\/uploads\/2022\/03\/A736335-Duzy-300x200.jpg\" class=\"attachment-medium size-medium\" alt=\"osoby ubrane w ubrania wizytowe i maseczki\" srcset=\"https:\/\/czerwonagora.pl\/wp-content\/uploads\/2022\/03\/A736335-Duzy-300x200.jpg 300w, https:\/\/czerwonagora.pl\/wp-content\/uploads\/2022\/03\/A736335-Duzy-1024x683.jpg 1024w, https:\/\/czerwonagora.pl\/wp-content\/uploads\/2022\/03\/A736335-Duzy-768x512.jpg 768w, https:\/\/czerwonagora.pl\/wp-content\/uploads\/2022\/03\/A736335-Duzy-1536x1024.jpg 1536w, https:\/\/czerwonagora.pl\/wp-content\/uploads\/2022\/03\/A736335-Duzy.jpg 1620w\" sizes=\"(max-width: 300px) 100vw, 300px\" \/><\/a>\n\t\t\t<\/div><\/figure><figure class='gallery-item'>\n\t\t\t<div class='gallery-icon landscape'>\n\t\t\t\t<a data-elementor-open-lightbox=\"yes\" data-elementor-lightbox-slideshow=\"29885f1c\" data-e-action-hash=\"#elementor-action%3Aaction%3Dlightbox%26settings%3DeyJpZCI6MTY0NDcsInVybCI6Imh0dHBzOlwvXC9jemVyd29uYWdvcmEucGxcL3dwLWNvbnRlbnRcL3VwbG9hZHNcLzIwMjJcLzAzXC9BNzM2MzQzLUR1enkuanBnIiwic2xpZGVzaG93IjoiMjk4ODVmMWMifQ%3D%3D\" href='https:\/\/czerwonagora.pl\/wp-content\/uploads\/2022\/03\/A736343-Duzy.jpg'><img loading=\"lazy\" decoding=\"async\" width=\"300\" height=\"200\" src=\"https:\/\/czerwonagora.pl\/wp-content\/uploads\/2022\/03\/A736343-Duzy-300x200.jpg\" class=\"attachment-medium size-medium\" alt=\"osoby ubrane w ubrania wizytowe i maseczki\" srcset=\"https:\/\/czerwonagora.pl\/wp-content\/uploads\/2022\/03\/A736343-Duzy-300x200.jpg 300w, https:\/\/czerwonagora.pl\/wp-content\/uploads\/2022\/03\/A736343-Duzy-1024x683.jpg 1024w, https:\/\/czerwonagora.pl\/wp-content\/uploads\/2022\/03\/A736343-Duzy-768x512.jpg 768w, https:\/\/czerwonagora.pl\/wp-content\/uploads\/2022\/03\/A736343-Duzy-1536x1024.jpg 1536w, https:\/\/czerwonagora.pl\/wp-content\/uploads\/2022\/03\/A736343-Duzy.jpg 1620w\" sizes=\"(max-width: 300px) 100vw, 300px\" \/><\/a>\n\t\t\t<\/div><\/figure><figure class='gallery-item'>\n\t\t\t<div class='gallery-icon landscape'>\n\t\t\t\t<a data-elementor-open-lightbox=\"yes\" data-elementor-lightbox-slideshow=\"29885f1c\" data-e-action-hash=\"#elementor-action%3Aaction%3Dlightbox%26settings%3DeyJpZCI6MTY0NDgsInVybCI6Imh0dHBzOlwvXC9jemVyd29uYWdvcmEucGxcL3dwLWNvbnRlbnRcL3VwbG9hZHNcLzIwMjJcLzAzXC9BNzM2MzQ3LUR1enkuanBnIiwic2xpZGVzaG93IjoiMjk4ODVmMWMifQ%3D%3D\" href='https:\/\/czerwonagora.pl\/wp-content\/uploads\/2022\/03\/A736347-Duzy.jpg'><img loading=\"lazy\" decoding=\"async\" width=\"300\" height=\"200\" src=\"https:\/\/czerwonagora.pl\/wp-content\/uploads\/2022\/03\/A736347-Duzy-300x200.jpg\" class=\"attachment-medium size-medium\" alt=\"wizyt\u00f3wka na dzwiach pok\u00f3j lekarzy na oddziale szpitalnym\" srcset=\"https:\/\/czerwonagora.pl\/wp-content\/uploads\/2022\/03\/A736347-Duzy-300x200.jpg 300w, https:\/\/czerwonagora.pl\/wp-content\/uploads\/2022\/03\/A736347-Duzy-1024x683.jpg 1024w, https:\/\/czerwonagora.pl\/wp-content\/uploads\/2022\/03\/A736347-Duzy-768x512.jpg 768w, https:\/\/czerwonagora.pl\/wp-content\/uploads\/2022\/03\/A736347-Duzy-1536x1024.jpg 1536w, https:\/\/czerwonagora.pl\/wp-content\/uploads\/2022\/03\/A736347-Duzy.jpg 1620w\" sizes=\"(max-width: 300px) 100vw, 300px\" \/><\/a>\n\t\t\t<\/div><\/figure><figure class='gallery-item'>\n\t\t\t<div class='gallery-icon landscape'>\n\t\t\t\t<a data-elementor-open-lightbox=\"yes\" data-elementor-lightbox-slideshow=\"29885f1c\" data-e-action-hash=\"#elementor-action%3Aaction%3Dlightbox%26settings%3DeyJpZCI6MTY0NDksInVybCI6Imh0dHBzOlwvXC9jemVyd29uYWdvcmEucGxcL3dwLWNvbnRlbnRcL3VwbG9hZHNcLzIwMjJcLzAzXC9BNzM2MzU1LUR1enkuanBnIiwic2xpZGVzaG93IjoiMjk4ODVmMWMifQ%3D%3D\" href='https:\/\/czerwonagora.pl\/wp-content\/uploads\/2022\/03\/A736355-Duzy.jpg'><img loading=\"lazy\" decoding=\"async\" width=\"300\" height=\"200\" src=\"https:\/\/czerwonagora.pl\/wp-content\/uploads\/2022\/03\/A736355-Duzy-300x200.jpg\" class=\"attachment-medium size-medium\" alt=\"\u0142\u00f3zko medyczne koloru bia\u0142ego na sali chorych\" srcset=\"https:\/\/czerwonagora.pl\/wp-content\/uploads\/2022\/03\/A736355-Duzy-300x200.jpg 300w, https:\/\/czerwonagora.pl\/wp-content\/uploads\/2022\/03\/A736355-Duzy-1024x683.jpg 1024w, https:\/\/czerwonagora.pl\/wp-content\/uploads\/2022\/03\/A736355-Duzy-768x512.jpg 768w, https:\/\/czerwonagora.pl\/wp-content\/uploads\/2022\/03\/A736355-Duzy-1536x1024.jpg 1536w, https:\/\/czerwonagora.pl\/wp-content\/uploads\/2022\/03\/A736355-Duzy.jpg 1620w\" sizes=\"(max-width: 300px) 100vw, 300px\" \/><\/a>\n\t\t\t<\/div><\/figure><figure class='gallery-item'>\n\t\t\t<div class='gallery-icon landscape'>\n\t\t\t\t<a data-elementor-open-lightbox=\"yes\" data-elementor-lightbox-slideshow=\"29885f1c\" data-e-action-hash=\"#elementor-action%3Aaction%3Dlightbox%26settings%3DeyJpZCI6MTY0NTAsInVybCI6Imh0dHBzOlwvXC9jemVyd29uYWdvcmEucGxcL3dwLWNvbnRlbnRcL3VwbG9hZHNcLzIwMjJcLzAzXC9BNzM2MzU3LUR1enkuanBnIiwic2xpZGVzaG93IjoiMjk4ODVmMWMifQ%3D%3D\" href='https:\/\/czerwonagora.pl\/wp-content\/uploads\/2022\/03\/A736357-Duzy.jpg'><img loading=\"lazy\" decoding=\"async\" width=\"300\" height=\"200\" src=\"https:\/\/czerwonagora.pl\/wp-content\/uploads\/2022\/03\/A736357-Duzy-300x200.jpg\" class=\"attachment-medium size-medium\" alt=\"napis oddzia\u0142u szpitala czarne litery na bia\u0142ym tle\" srcset=\"https:\/\/czerwonagora.pl\/wp-content\/uploads\/2022\/03\/A736357-Duzy-300x200.jpg 300w, https:\/\/czerwonagora.pl\/wp-content\/uploads\/2022\/03\/A736357-Duzy-1024x683.jpg 1024w, https:\/\/czerwonagora.pl\/wp-content\/uploads\/2022\/03\/A736357-Duzy-768x512.jpg 768w, https:\/\/czerwonagora.pl\/wp-content\/uploads\/2022\/03\/A736357-Duzy-1536x1024.jpg 1536w, https:\/\/czerwonagora.pl\/wp-content\/uploads\/2022\/03\/A736357-Duzy.jpg 1620w\" sizes=\"(max-width: 300px) 100vw, 300px\" \/><\/a>\n\t\t\t<\/div><\/figure><figure class='gallery-item'>\n\t\t\t<div class='gallery-icon landscape'>\n\t\t\t\t<a data-elementor-open-lightbox=\"yes\" data-elementor-lightbox-slideshow=\"29885f1c\" data-e-action-hash=\"#elementor-action%3Aaction%3Dlightbox%26settings%3DeyJpZCI6MTY0NTEsInVybCI6Imh0dHBzOlwvXC9jemVyd29uYWdvcmEucGxcL3dwLWNvbnRlbnRcL3VwbG9hZHNcLzIwMjJcLzAzXC9BNzM2MzY1LUR1enkuanBnIiwic2xpZGVzaG93IjoiMjk4ODVmMWMifQ%3D%3D\" href='https:\/\/czerwonagora.pl\/wp-content\/uploads\/2022\/03\/A736365-Duzy.jpg'><img loading=\"lazy\" decoding=\"async\" width=\"300\" height=\"200\" src=\"https:\/\/czerwonagora.pl\/wp-content\/uploads\/2022\/03\/A736365-Duzy-300x200.jpg\" class=\"attachment-medium size-medium\" alt=\"korytarz oddzia\u0142u szpitala koloru pomora\u0144czowego\" srcset=\"https:\/\/czerwonagora.pl\/wp-content\/uploads\/2022\/03\/A736365-Duzy-300x200.jpg 300w, https:\/\/czerwonagora.pl\/wp-content\/uploads\/2022\/03\/A736365-Duzy-1024x683.jpg 1024w, https:\/\/czerwonagora.pl\/wp-content\/uploads\/2022\/03\/A736365-Duzy-768x512.jpg 768w, https:\/\/czerwonagora.pl\/wp-content\/uploads\/2022\/03\/A736365-Duzy-1536x1024.jpg 1536w, https:\/\/czerwonagora.pl\/wp-content\/uploads\/2022\/03\/A736365-Duzy.jpg 1620w\" sizes=\"(max-width: 300px) 100vw, 300px\" \/><\/a>\n\t\t\t<\/div><\/figure><figure class='gallery-item'>\n\t\t\t<div class='gallery-icon landscape'>\n\t\t\t\t<a data-elementor-open-lightbox=\"yes\" data-elementor-lightbox-slideshow=\"29885f1c\" data-e-action-hash=\"#elementor-action%3Aaction%3Dlightbox%26settings%3DeyJpZCI6MTY0NTIsInVybCI6Imh0dHBzOlwvXC9jemVyd29uYWdvcmEucGxcL3dwLWNvbnRlbnRcL3VwbG9hZHNcLzIwMjJcLzAzXC9BNzM2MzcwLUR1enkuanBnIiwic2xpZGVzaG93IjoiMjk4ODVmMWMifQ%3D%3D\" href='https:\/\/czerwonagora.pl\/wp-content\/uploads\/2022\/03\/A736370-Duzy.jpg'><img loading=\"lazy\" decoding=\"async\" width=\"300\" height=\"200\" src=\"https:\/\/czerwonagora.pl\/wp-content\/uploads\/2022\/03\/A736370-Duzy-300x200.jpg\" class=\"attachment-medium size-medium\" alt=\"korytarz oddzia\u0142u szpitala koloru oliwkowego\" srcset=\"https:\/\/czerwonagora.pl\/wp-content\/uploads\/2022\/03\/A736370-Duzy-300x200.jpg 300w, https:\/\/czerwonagora.pl\/wp-content\/uploads\/2022\/03\/A736370-Duzy-1024x683.jpg 1024w, https:\/\/czerwonagora.pl\/wp-content\/uploads\/2022\/03\/A736370-Duzy-768x512.jpg 768w, https:\/\/czerwonagora.pl\/wp-content\/uploads\/2022\/03\/A736370-Duzy-1536x1024.jpg 1536w, https:\/\/czerwonagora.pl\/wp-content\/uploads\/2022\/03\/A736370-Duzy.jpg 1620w\" sizes=\"(max-width: 300px) 100vw, 300px\" \/><\/a>\n\t\t\t<\/div><\/figure><figure class='gallery-item'>\n\t\t\t<div class='gallery-icon landscape'>\n\t\t\t\t<a data-elementor-open-lightbox=\"yes\" data-elementor-lightbox-slideshow=\"29885f1c\" data-e-action-hash=\"#elementor-action%3Aaction%3Dlightbox%26settings%3DeyJpZCI6MTY0NTMsInVybCI6Imh0dHBzOlwvXC9jemVyd29uYWdvcmEucGxcL3dwLWNvbnRlbnRcL3VwbG9hZHNcLzIwMjJcLzAzXC9BNzM2MzgzLUR1enkuanBnIiwic2xpZGVzaG93IjoiMjk4ODVmMWMifQ%3D%3D\" href='https:\/\/czerwonagora.pl\/wp-content\/uploads\/2022\/03\/A736383-Duzy.jpg'><img loading=\"lazy\" decoding=\"async\" width=\"300\" height=\"200\" src=\"https:\/\/czerwonagora.pl\/wp-content\/uploads\/2022\/03\/A736383-Duzy-300x200.jpg\" class=\"attachment-medium size-medium\" alt=\"trzy kobiety podczas krojenia torta\" srcset=\"https:\/\/czerwonagora.pl\/wp-content\/uploads\/2022\/03\/A736383-Duzy-300x200.jpg 300w, https:\/\/czerwonagora.pl\/wp-content\/uploads\/2022\/03\/A736383-Duzy-1024x683.jpg 1024w, https:\/\/czerwonagora.pl\/wp-content\/uploads\/2022\/03\/A736383-Duzy-768x512.jpg 768w, https:\/\/czerwonagora.pl\/wp-content\/uploads\/2022\/03\/A736383-Duzy-1536x1024.jpg 1536w, https:\/\/czerwonagora.pl\/wp-content\/uploads\/2022\/03\/A736383-Duzy.jpg 1620w\" sizes=\"(max-width: 300px) 100vw, 300px\" \/><\/a>\n\t\t\t<\/div><\/figure><figure class='gallery-item'>\n\t\t\t<div class='gallery-icon landscape'>\n\t\t\t\t<a data-elementor-open-lightbox=\"yes\" data-elementor-lightbox-slideshow=\"29885f1c\" data-e-action-hash=\"#elementor-action%3Aaction%3Dlightbox%26settings%3DeyJpZCI6MTY0NTQsInVybCI6Imh0dHBzOlwvXC9jemVyd29uYWdvcmEucGxcL3dwLWNvbnRlbnRcL3VwbG9hZHNcLzIwMjJcLzAzXC9BNzM2Mzg1LUR1enkuanBnIiwic2xpZGVzaG93IjoiMjk4ODVmMWMifQ%3D%3D\" href='https:\/\/czerwonagora.pl\/wp-content\/uploads\/2022\/03\/A736385-Duzy.jpg'><img loading=\"lazy\" decoding=\"async\" width=\"300\" height=\"200\" src=\"https:\/\/czerwonagora.pl\/wp-content\/uploads\/2022\/03\/A736385-Duzy-300x200.jpg\" class=\"attachment-medium size-medium\" alt=\"krojenie torta otwarcie izby przyj\u0119\u0107\" srcset=\"https:\/\/czerwonagora.pl\/wp-content\/uploads\/2022\/03\/A736385-Duzy-300x200.jpg 300w, https:\/\/czerwonagora.pl\/wp-content\/uploads\/2022\/03\/A736385-Duzy-1024x683.jpg 1024w, https:\/\/czerwonagora.pl\/wp-content\/uploads\/2022\/03\/A736385-Duzy-768x512.jpg 768w, https:\/\/czerwonagora.pl\/wp-content\/uploads\/2022\/03\/A736385-Duzy-1536x1024.jpg 1536w, https:\/\/czerwonagora.pl\/wp-content\/uploads\/2022\/03\/A736385-Duzy.jpg 1620w\" sizes=\"(max-width: 300px) 100vw, 300px\" \/><\/a>\n\t\t\t<\/div><\/figure><figure class='gallery-item'>\n\t\t\t<div class='gallery-icon landscape'>\n\t\t\t\t<a data-elementor-open-lightbox=\"yes\" data-elementor-lightbox-slideshow=\"29885f1c\" data-e-action-hash=\"#elementor-action%3Aaction%3Dlightbox%26settings%3DeyJpZCI6MTY0NTUsInVybCI6Imh0dHBzOlwvXC9jemVyd29uYWdvcmEucGxcL3dwLWNvbnRlbnRcL3VwbG9hZHNcLzIwMjJcLzAzXC9BNzM2Mzg5LUR1enkuanBnIiwic2xpZGVzaG93IjoiMjk4ODVmMWMifQ%3D%3D\" href='https:\/\/czerwonagora.pl\/wp-content\/uploads\/2022\/03\/A736389-Duzy.jpg'><img loading=\"lazy\" decoding=\"async\" width=\"300\" height=\"200\" src=\"https:\/\/czerwonagora.pl\/wp-content\/uploads\/2022\/03\/A736389-Duzy-300x200.jpg\" class=\"attachment-medium size-medium\" alt=\"dyrektor szpitala u\u015bmiecha si\u0119 przy krojeniu torta\" srcset=\"https:\/\/czerwonagora.pl\/wp-content\/uploads\/2022\/03\/A736389-Duzy-300x200.jpg 300w, https:\/\/czerwonagora.pl\/wp-content\/uploads\/2022\/03\/A736389-Duzy-1024x683.jpg 1024w, https:\/\/czerwonagora.pl\/wp-content\/uploads\/2022\/03\/A736389-Duzy-768x512.jpg 768w, https:\/\/czerwonagora.pl\/wp-content\/uploads\/2022\/03\/A736389-Duzy-1536x1024.jpg 1536w, https:\/\/czerwonagora.pl\/wp-content\/uploads\/2022\/03\/A736389-Duzy.jpg 1620w\" sizes=\"(max-width: 300px) 100vw, 300px\" \/><\/a>\n\t\t\t<\/div><\/figure><figure class='gallery-item'>\n\t\t\t<div class='gallery-icon landscape'>\n\t\t\t\t<a data-elementor-open-lightbox=\"yes\" data-elementor-lightbox-slideshow=\"29885f1c\" data-e-action-hash=\"#elementor-action%3Aaction%3Dlightbox%26settings%3DeyJpZCI6MTY0NTYsInVybCI6Imh0dHBzOlwvXC9jemVyd29uYWdvcmEucGxcL3dwLWNvbnRlbnRcL3VwbG9hZHNcLzIwMjJcLzAzXC9BNzM2Mzk3LUR1enkuanBnIiwic2xpZGVzaG93IjoiMjk4ODVmMWMifQ%3D%3D\" href='https:\/\/czerwonagora.pl\/wp-content\/uploads\/2022\/03\/A736397-Duzy.jpg'><img loading=\"lazy\" decoding=\"async\" width=\"300\" height=\"200\" src=\"https:\/\/czerwonagora.pl\/wp-content\/uploads\/2022\/03\/A736397-Duzy-300x200.jpg\" class=\"attachment-medium size-medium\" alt=\"pami\u0105tka z uroczystego otwarcia izby przyj\u0119\u0107\" srcset=\"https:\/\/czerwonagora.pl\/wp-content\/uploads\/2022\/03\/A736397-Duzy-300x200.jpg 300w, https:\/\/czerwonagora.pl\/wp-content\/uploads\/2022\/03\/A736397-Duzy-1024x683.jpg 1024w, https:\/\/czerwonagora.pl\/wp-content\/uploads\/2022\/03\/A736397-Duzy-768x512.jpg 768w, https:\/\/czerwonagora.pl\/wp-content\/uploads\/2022\/03\/A736397-Duzy-1536x1024.jpg 1536w, https:\/\/czerwonagora.pl\/wp-content\/uploads\/2022\/03\/A736397-Duzy.jpg 1620w\" sizes=\"(max-width: 300px) 100vw, 300px\" \/><\/a>\n\t\t\t<\/div><\/figure>\n\t\t<\/div>\n\t\t<\/div>\n\t\t\t\t\t\t<\/div>\n\t\t\t\t<\/div>\n\t\t\t\t\t<\/div>\n\t\t<\/div>\n\t\t\t\t\t<\/div>\n\t\t<\/section>\n\t\t\t\t<\/div>\n\t\t","protected":false},"excerpt":{"rendered":"<p>W czwartek, 10 marca Wojew\u00f3dzki Szpital Specjalistyczny im. \u015aw. Rafa\u0142a w Czerwonej G\u00f3rze otworzy\u0142 dwie nowe izby przyj\u0119\u0107, dwa oddzia\u0142y chor\u00f3b p\u0142uc i gru\u017alicy oraz Dzia\u0142 Bada\u0144 Czynno\u015bciowych Uk\u0142adu Oddechowego. To efekt budowy nowego pawilonu dla \u015awi\u0119tokrzyskiego Centrum Chor\u00f3b P\u0142uc i przebudowy istniej\u0105cych budynk\u00f3w szpitala. Plac\u00f3wka w Czerwonej G\u00f3rze w 2018 roku rozpocz\u0119\u0142a realizacj\u0119 projektu [&hellip;]<\/p>\n","protected":false},"author":1,"featured_media":16414,"comment_status":"closed","ping_status":"closed","sticky":false,"template":"","format":"standard","meta":{"zakra_page_container_layout":"customizer","zakra_page_sidebar_layout":"customizer","zakra_remove_content_margin":false,"zakra_sidebar":"customizer","zakra_transparent_header":"customizer","zakra_logo":0,"zakra_main_header_style":"default","zakra_menu_item_color":"","zakra_menu_item_hover_color":"","zakra_menu_item_active_color":"","zakra_menu_active_style":"","zakra_page_header":true,"footnotes":""},"categories":[39],"tags":[],"class_list":["post-16413","post","type-post","status-publish","format-standard","has-post-thumbnail","hentry","category-aktualnosci"],"yoast_head":"<!-- This site is optimized with the Yoast SEO plugin v27.4 - https:\/\/yoast.com\/product\/yoast-seo-wordpress\/ -->\n<title>Szpital w Czerwonej G\u00f3rze otwiera nowe izby przyj\u0119\u0107 i oddzia\u0142y - Wojew\u00f3dzki Szpital Specjalistyczny im. \u015aw. Rafa\u0142a w Czerwonej G\u00f3rze<\/title>\n<meta name=\"robots\" content=\"index, follow, max-snippet:-1, max-image-preview:large, max-video-preview:-1\" \/>\n<link rel=\"canonical\" href=\"https:\/\/czerwonagora.pl\/index.php\/2022\/03\/11\/szpital-w-czerwonej-gorze-otwiera-nowe-izby-przyjec-i-oddzialy\/\" \/>\n<meta property=\"og:locale\" content=\"pl_PL\" \/>\n<meta property=\"og:type\" content=\"article\" \/>\n<meta property=\"og:title\" content=\"Szpital w Czerwonej G\u00f3rze otwiera nowe izby przyj\u0119\u0107 i oddzia\u0142y - Wojew\u00f3dzki Szpital Specjalistyczny im. \u015aw. Rafa\u0142a w Czerwonej G\u00f3rze\" \/>\n<meta property=\"og:description\" content=\"W czwartek, 10 marca Wojew\u00f3dzki Szpital Specjalistyczny im. \u015aw. Rafa\u0142a w Czerwonej G\u00f3rze otworzy\u0142 dwie nowe izby przyj\u0119\u0107, dwa oddzia\u0142y chor\u00f3b p\u0142uc i gru\u017alicy oraz Dzia\u0142 Bada\u0144 Czynno\u015bciowych Uk\u0142adu Oddechowego. To efekt budowy nowego pawilonu dla \u015awi\u0119tokrzyskiego Centrum Chor\u00f3b P\u0142uc i przebudowy istniej\u0105cych budynk\u00f3w szpitala. Plac\u00f3wka w Czerwonej G\u00f3rze w 2018 roku rozpocz\u0119\u0142a realizacj\u0119 projektu [&hellip;]\" \/>\n<meta property=\"og:url\" content=\"https:\/\/czerwonagora.pl\/index.php\/2022\/03\/11\/szpital-w-czerwonej-gorze-otwiera-nowe-izby-przyjec-i-oddzialy\/\" \/>\n<meta property=\"og:site_name\" content=\"Wojew\u00f3dzki Szpital Specjalistyczny im. \u015aw. Rafa\u0142a w Czerwonej G\u00f3rze\" \/>\n<meta property=\"article:publisher\" content=\"https:\/\/www.facebook.com\/SzpitalCzerwonaGora\/\" \/>\n<meta property=\"article:published_time\" content=\"2022-03-11T10:49:07+00:00\" \/>\n<meta property=\"article:modified_time\" content=\"2022-03-11T10:54:14+00:00\" \/>\n<meta property=\"og:image\" content=\"https:\/\/czerwonagora.pl\/wp-content\/uploads\/2022\/03\/TAPETA-SCChP-2022-scaled.jpg\" \/>\n\t<meta property=\"og:image:width\" content=\"2560\" \/>\n\t<meta property=\"og:image:height\" content=\"1440\" \/>\n\t<meta property=\"og:image:type\" content=\"image\/jpeg\" \/>\n<meta name=\"author\" content=\"Krzysztof Kasprzyk\" \/>\n<meta name=\"twitter:card\" content=\"summary_large_image\" \/>\n<meta name=\"twitter:label1\" content=\"Napisane przez\" \/>\n\t<meta name=\"twitter:data1\" content=\"Krzysztof Kasprzyk\" \/>\n\t<meta name=\"twitter:label2\" content=\"Szacowany czas czytania\" \/>\n\t<meta name=\"twitter:data2\" content=\"13 minut\" \/>\n<script type=\"application\/ld+json\" class=\"yoast-schema-graph\">{\"@context\":\"https:\\\/\\\/schema.org\",\"@graph\":[{\"@type\":\"Article\",\"@id\":\"https:\\\/\\\/czerwonagora.pl\\\/index.php\\\/2022\\\/03\\\/11\\\/szpital-w-czerwonej-gorze-otwiera-nowe-izby-przyjec-i-oddzialy\\\/#article\",\"isPartOf\":{\"@id\":\"https:\\\/\\\/czerwonagora.pl\\\/index.php\\\/2022\\\/03\\\/11\\\/szpital-w-czerwonej-gorze-otwiera-nowe-izby-przyjec-i-oddzialy\\\/\"},\"author\":{\"name\":\"Krzysztof Kasprzyk\",\"@id\":\"https:\\\/\\\/czerwonagora.pl\\\/#\\\/schema\\\/person\\\/88ad471b758c11e595bd87abceaf3cfd\"},\"headline\":\"Szpital w Czerwonej G\u00f3rze otwiera nowe izby przyj\u0119\u0107 i oddzia\u0142y\",\"datePublished\":\"2022-03-11T10:49:07+00:00\",\"dateModified\":\"2022-03-11T10:54:14+00:00\",\"mainEntityOfPage\":{\"@id\":\"https:\\\/\\\/czerwonagora.pl\\\/index.php\\\/2022\\\/03\\\/11\\\/szpital-w-czerwonej-gorze-otwiera-nowe-izby-przyjec-i-oddzialy\\\/\"},\"wordCount\":848,\"publisher\":{\"@id\":\"https:\\\/\\\/czerwonagora.pl\\\/#organization\"},\"image\":{\"@id\":\"https:\\\/\\\/czerwonagora.pl\\\/index.php\\\/2022\\\/03\\\/11\\\/szpital-w-czerwonej-gorze-otwiera-nowe-izby-przyjec-i-oddzialy\\\/#primaryimage\"},\"thumbnailUrl\":\"https:\\\/\\\/czerwonagora.pl\\\/wp-content\\\/uploads\\\/2022\\\/03\\\/TAPETA-SCChP-2022-scaled.jpg\",\"articleSection\":[\"Aktualno\u015bci\"],\"inLanguage\":\"pl-PL\"},{\"@type\":\"WebPage\",\"@id\":\"https:\\\/\\\/czerwonagora.pl\\\/index.php\\\/2022\\\/03\\\/11\\\/szpital-w-czerwonej-gorze-otwiera-nowe-izby-przyjec-i-oddzialy\\\/\",\"url\":\"https:\\\/\\\/czerwonagora.pl\\\/index.php\\\/2022\\\/03\\\/11\\\/szpital-w-czerwonej-gorze-otwiera-nowe-izby-przyjec-i-oddzialy\\\/\",\"name\":\"Szpital w Czerwonej G\u00f3rze otwiera nowe izby przyj\u0119\u0107 i oddzia\u0142y - Wojew\u00f3dzki Szpital Specjalistyczny im. \u015aw. Rafa\u0142a w Czerwonej G\u00f3rze\",\"isPartOf\":{\"@id\":\"https:\\\/\\\/czerwonagora.pl\\\/#website\"},\"primaryImageOfPage\":{\"@id\":\"https:\\\/\\\/czerwonagora.pl\\\/index.php\\\/2022\\\/03\\\/11\\\/szpital-w-czerwonej-gorze-otwiera-nowe-izby-przyjec-i-oddzialy\\\/#primaryimage\"},\"image\":{\"@id\":\"https:\\\/\\\/czerwonagora.pl\\\/index.php\\\/2022\\\/03\\\/11\\\/szpital-w-czerwonej-gorze-otwiera-nowe-izby-przyjec-i-oddzialy\\\/#primaryimage\"},\"thumbnailUrl\":\"https:\\\/\\\/czerwonagora.pl\\\/wp-content\\\/uploads\\\/2022\\\/03\\\/TAPETA-SCChP-2022-scaled.jpg\",\"datePublished\":\"2022-03-11T10:49:07+00:00\",\"dateModified\":\"2022-03-11T10:54:14+00:00\",\"breadcrumb\":{\"@id\":\"https:\\\/\\\/czerwonagora.pl\\\/index.php\\\/2022\\\/03\\\/11\\\/szpital-w-czerwonej-gorze-otwiera-nowe-izby-przyjec-i-oddzialy\\\/#breadcrumb\"},\"inLanguage\":\"pl-PL\",\"potentialAction\":[{\"@type\":\"ReadAction\",\"target\":[\"https:\\\/\\\/czerwonagora.pl\\\/index.php\\\/2022\\\/03\\\/11\\\/szpital-w-czerwonej-gorze-otwiera-nowe-izby-przyjec-i-oddzialy\\\/\"]}]},{\"@type\":\"ImageObject\",\"inLanguage\":\"pl-PL\",\"@id\":\"https:\\\/\\\/czerwonagora.pl\\\/index.php\\\/2022\\\/03\\\/11\\\/szpital-w-czerwonej-gorze-otwiera-nowe-izby-przyjec-i-oddzialy\\\/#primaryimage\",\"url\":\"https:\\\/\\\/czerwonagora.pl\\\/wp-content\\\/uploads\\\/2022\\\/03\\\/TAPETA-SCChP-2022-scaled.jpg\",\"contentUrl\":\"https:\\\/\\\/czerwonagora.pl\\\/wp-content\\\/uploads\\\/2022\\\/03\\\/TAPETA-SCChP-2022-scaled.jpg\",\"width\":2560,\"height\":1440,\"caption\":\"plakat z otwarcia nowej izny przyj\u0119c oraz \u015aCCHP\"},{\"@type\":\"BreadcrumbList\",\"@id\":\"https:\\\/\\\/czerwonagora.pl\\\/index.php\\\/2022\\\/03\\\/11\\\/szpital-w-czerwonej-gorze-otwiera-nowe-izby-przyjec-i-oddzialy\\\/#breadcrumb\",\"itemListElement\":[{\"@type\":\"ListItem\",\"position\":1,\"name\":\"Strona g\u0142\u00f3wna\",\"item\":\"https:\\\/\\\/czerwonagora.pl\\\/\"},{\"@type\":\"ListItem\",\"position\":2,\"name\":\"Szpital w Czerwonej G\u00f3rze otwiera nowe izby przyj\u0119\u0107 i oddzia\u0142y\"}]},{\"@type\":\"WebSite\",\"@id\":\"https:\\\/\\\/czerwonagora.pl\\\/#website\",\"url\":\"https:\\\/\\\/czerwonagora.pl\\\/\",\"name\":\"Wojew\u00f3dzki Szpital Specjalistyczny im. \u015aw. Rafa\u0142a w Czerwonej G\u00f3rze\",\"description\":\"Wojew\u00f3dzki Szpital Specjalistyczny im. \u015aw. Rafa\u0142a w Czerwonej G\u00f3rze\",\"publisher\":{\"@id\":\"https:\\\/\\\/czerwonagora.pl\\\/#organization\"},\"potentialAction\":[{\"@type\":\"SearchAction\",\"target\":{\"@type\":\"EntryPoint\",\"urlTemplate\":\"https:\\\/\\\/czerwonagora.pl\\\/?s={search_term_string}\"},\"query-input\":{\"@type\":\"PropertyValueSpecification\",\"valueRequired\":true,\"valueName\":\"search_term_string\"}}],\"inLanguage\":\"pl-PL\"},{\"@type\":\"Organization\",\"@id\":\"https:\\\/\\\/czerwonagora.pl\\\/#organization\",\"name\":\"Wojew\u00f3dzki Szpital Specjalistyczny im. \u015aw. Rafa\u0142a w Czerwonej G\u00f3rze\",\"url\":\"https:\\\/\\\/czerwonagora.pl\\\/\",\"logo\":{\"@type\":\"ImageObject\",\"inLanguage\":\"pl-PL\",\"@id\":\"https:\\\/\\\/czerwonagora.pl\\\/#\\\/schema\\\/logo\\\/image\\\/\",\"url\":\"https:\\\/\\\/czerwonagora.pl\\\/wp-content\\\/uploads\\\/2021\\\/06\\\/Logo-WSS-DUZE-transparentne.png\",\"contentUrl\":\"https:\\\/\\\/czerwonagora.pl\\\/wp-content\\\/uploads\\\/2021\\\/06\\\/Logo-WSS-DUZE-transparentne.png\",\"width\":4210,\"height\":2975,\"caption\":\"Wojew\u00f3dzki Szpital Specjalistyczny im. \u015aw. Rafa\u0142a w Czerwonej G\u00f3rze\"},\"image\":{\"@id\":\"https:\\\/\\\/czerwonagora.pl\\\/#\\\/schema\\\/logo\\\/image\\\/\"},\"sameAs\":[\"https:\\\/\\\/www.facebook.com\\\/SzpitalCzerwonaGora\\\/\"]},{\"@type\":\"Person\",\"@id\":\"https:\\\/\\\/czerwonagora.pl\\\/#\\\/schema\\\/person\\\/88ad471b758c11e595bd87abceaf3cfd\",\"name\":\"Krzysztof Kasprzyk\",\"image\":{\"@type\":\"ImageObject\",\"inLanguage\":\"pl-PL\",\"@id\":\"https:\\\/\\\/czerwonagora.pl\\\/wp-content\\\/litespeed\\\/avatar\\\/758f42868e3c503ca9f38bee50fcfff3.jpg?ver=1777380282\",\"url\":\"https:\\\/\\\/czerwonagora.pl\\\/wp-content\\\/litespeed\\\/avatar\\\/758f42868e3c503ca9f38bee50fcfff3.jpg?ver=1777380282\",\"contentUrl\":\"https:\\\/\\\/czerwonagora.pl\\\/wp-content\\\/litespeed\\\/avatar\\\/758f42868e3c503ca9f38bee50fcfff3.jpg?ver=1777380282\",\"caption\":\"Krzysztof Kasprzyk\"},\"sameAs\":[\"https:\\\/\\\/czerwonagora.pl\"],\"url\":\"https:\\\/\\\/czerwonagora.pl\\\/index.php\\\/author\\\/maverick\\\/\"}]}<\/script>\n<!-- \/ Yoast SEO plugin. -->","yoast_head_json":{"title":"Szpital w Czerwonej G\u00f3rze otwiera nowe izby przyj\u0119\u0107 i oddzia\u0142y - Wojew\u00f3dzki Szpital Specjalistyczny im. \u015aw. Rafa\u0142a w Czerwonej G\u00f3rze","robots":{"index":"index","follow":"follow","max-snippet":"max-snippet:-1","max-image-preview":"max-image-preview:large","max-video-preview":"max-video-preview:-1"},"canonical":"https:\/\/czerwonagora.pl\/index.php\/2022\/03\/11\/szpital-w-czerwonej-gorze-otwiera-nowe-izby-przyjec-i-oddzialy\/","og_locale":"pl_PL","og_type":"article","og_title":"Szpital w Czerwonej G\u00f3rze otwiera nowe izby przyj\u0119\u0107 i oddzia\u0142y - Wojew\u00f3dzki Szpital Specjalistyczny im. \u015aw. Rafa\u0142a w Czerwonej G\u00f3rze","og_description":"W czwartek, 10 marca Wojew\u00f3dzki Szpital Specjalistyczny im. \u015aw. Rafa\u0142a w Czerwonej G\u00f3rze otworzy\u0142 dwie nowe izby przyj\u0119\u0107, dwa oddzia\u0142y chor\u00f3b p\u0142uc i gru\u017alicy oraz Dzia\u0142 Bada\u0144 Czynno\u015bciowych Uk\u0142adu Oddechowego. To efekt budowy nowego pawilonu dla \u015awi\u0119tokrzyskiego Centrum Chor\u00f3b P\u0142uc i przebudowy istniej\u0105cych budynk\u00f3w szpitala. Plac\u00f3wka w Czerwonej G\u00f3rze w 2018 roku rozpocz\u0119\u0142a realizacj\u0119 projektu [&hellip;]","og_url":"https:\/\/czerwonagora.pl\/index.php\/2022\/03\/11\/szpital-w-czerwonej-gorze-otwiera-nowe-izby-przyjec-i-oddzialy\/","og_site_name":"Wojew\u00f3dzki Szpital Specjalistyczny im. \u015aw. Rafa\u0142a w Czerwonej G\u00f3rze","article_publisher":"https:\/\/www.facebook.com\/SzpitalCzerwonaGora\/","article_published_time":"2022-03-11T10:49:07+00:00","article_modified_time":"2022-03-11T10:54:14+00:00","og_image":[{"width":2560,"height":1440,"url":"https:\/\/czerwonagora.pl\/wp-content\/uploads\/2022\/03\/TAPETA-SCChP-2022-scaled.jpg","type":"image\/jpeg"}],"author":"Krzysztof Kasprzyk","twitter_card":"summary_large_image","twitter_misc":{"Napisane przez":"Krzysztof Kasprzyk","Szacowany czas czytania":"13 minut"},"schema":{"@context":"https:\/\/schema.org","@graph":[{"@type":"Article","@id":"https:\/\/czerwonagora.pl\/index.php\/2022\/03\/11\/szpital-w-czerwonej-gorze-otwiera-nowe-izby-przyjec-i-oddzialy\/#article","isPartOf":{"@id":"https:\/\/czerwonagora.pl\/index.php\/2022\/03\/11\/szpital-w-czerwonej-gorze-otwiera-nowe-izby-przyjec-i-oddzialy\/"},"author":{"name":"Krzysztof Kasprzyk","@id":"https:\/\/czerwonagora.pl\/#\/schema\/person\/88ad471b758c11e595bd87abceaf3cfd"},"headline":"Szpital w Czerwonej G\u00f3rze otwiera nowe izby przyj\u0119\u0107 i oddzia\u0142y","datePublished":"2022-03-11T10:49:07+00:00","dateModified":"2022-03-11T10:54:14+00:00","mainEntityOfPage":{"@id":"https:\/\/czerwonagora.pl\/index.php\/2022\/03\/11\/szpital-w-czerwonej-gorze-otwiera-nowe-izby-przyjec-i-oddzialy\/"},"wordCount":848,"publisher":{"@id":"https:\/\/czerwonagora.pl\/#organization"},"image":{"@id":"https:\/\/czerwonagora.pl\/index.php\/2022\/03\/11\/szpital-w-czerwonej-gorze-otwiera-nowe-izby-przyjec-i-oddzialy\/#primaryimage"},"thumbnailUrl":"https:\/\/czerwonagora.pl\/wp-content\/uploads\/2022\/03\/TAPETA-SCChP-2022-scaled.jpg","articleSection":["Aktualno\u015bci"],"inLanguage":"pl-PL"},{"@type":"WebPage","@id":"https:\/\/czerwonagora.pl\/index.php\/2022\/03\/11\/szpital-w-czerwonej-gorze-otwiera-nowe-izby-przyjec-i-oddzialy\/","url":"https:\/\/czerwonagora.pl\/index.php\/2022\/03\/11\/szpital-w-czerwonej-gorze-otwiera-nowe-izby-przyjec-i-oddzialy\/","name":"Szpital w Czerwonej G\u00f3rze otwiera nowe izby przyj\u0119\u0107 i oddzia\u0142y - Wojew\u00f3dzki Szpital Specjalistyczny im. \u015aw. Rafa\u0142a w Czerwonej G\u00f3rze","isPartOf":{"@id":"https:\/\/czerwonagora.pl\/#website"},"primaryImageOfPage":{"@id":"https:\/\/czerwonagora.pl\/index.php\/2022\/03\/11\/szpital-w-czerwonej-gorze-otwiera-nowe-izby-przyjec-i-oddzialy\/#primaryimage"},"image":{"@id":"https:\/\/czerwonagora.pl\/index.php\/2022\/03\/11\/szpital-w-czerwonej-gorze-otwiera-nowe-izby-przyjec-i-oddzialy\/#primaryimage"},"thumbnailUrl":"https:\/\/czerwonagora.pl\/wp-content\/uploads\/2022\/03\/TAPETA-SCChP-2022-scaled.jpg","datePublished":"2022-03-11T10:49:07+00:00","dateModified":"2022-03-11T10:54:14+00:00","breadcrumb":{"@id":"https:\/\/czerwonagora.pl\/index.php\/2022\/03\/11\/szpital-w-czerwonej-gorze-otwiera-nowe-izby-przyjec-i-oddzialy\/#breadcrumb"},"inLanguage":"pl-PL","potentialAction":[{"@type":"ReadAction","target":["https:\/\/czerwonagora.pl\/index.php\/2022\/03\/11\/szpital-w-czerwonej-gorze-otwiera-nowe-izby-przyjec-i-oddzialy\/"]}]},{"@type":"ImageObject","inLanguage":"pl-PL","@id":"https:\/\/czerwonagora.pl\/index.php\/2022\/03\/11\/szpital-w-czerwonej-gorze-otwiera-nowe-izby-przyjec-i-oddzialy\/#primaryimage","url":"https:\/\/czerwonagora.pl\/wp-content\/uploads\/2022\/03\/TAPETA-SCChP-2022-scaled.jpg","contentUrl":"https:\/\/czerwonagora.pl\/wp-content\/uploads\/2022\/03\/TAPETA-SCChP-2022-scaled.jpg","width":2560,"height":1440,"caption":"plakat z otwarcia nowej izny przyj\u0119c oraz \u015aCCHP"},{"@type":"BreadcrumbList","@id":"https:\/\/czerwonagora.pl\/index.php\/2022\/03\/11\/szpital-w-czerwonej-gorze-otwiera-nowe-izby-przyjec-i-oddzialy\/#breadcrumb","itemListElement":[{"@type":"ListItem","position":1,"name":"Strona g\u0142\u00f3wna","item":"https:\/\/czerwonagora.pl\/"},{"@type":"ListItem","position":2,"name":"Szpital w Czerwonej G\u00f3rze otwiera nowe izby przyj\u0119\u0107 i oddzia\u0142y"}]},{"@type":"WebSite","@id":"https:\/\/czerwonagora.pl\/#website","url":"https:\/\/czerwonagora.pl\/","name":"Wojew\u00f3dzki Szpital Specjalistyczny im. \u015aw. Rafa\u0142a w Czerwonej G\u00f3rze","description":"Wojew\u00f3dzki Szpital Specjalistyczny im. \u015aw. Rafa\u0142a w Czerwonej G\u00f3rze","publisher":{"@id":"https:\/\/czerwonagora.pl\/#organization"},"potentialAction":[{"@type":"SearchAction","target":{"@type":"EntryPoint","urlTemplate":"https:\/\/czerwonagora.pl\/?s={search_term_string}"},"query-input":{"@type":"PropertyValueSpecification","valueRequired":true,"valueName":"search_term_string"}}],"inLanguage":"pl-PL"},{"@type":"Organization","@id":"https:\/\/czerwonagora.pl\/#organization","name":"Wojew\u00f3dzki Szpital Specjalistyczny im. \u015aw. Rafa\u0142a w Czerwonej G\u00f3rze","url":"https:\/\/czerwonagora.pl\/","logo":{"@type":"ImageObject","inLanguage":"pl-PL","@id":"https:\/\/czerwonagora.pl\/#\/schema\/logo\/image\/","url":"https:\/\/czerwonagora.pl\/wp-content\/uploads\/2021\/06\/Logo-WSS-DUZE-transparentne.png","contentUrl":"https:\/\/czerwonagora.pl\/wp-content\/uploads\/2021\/06\/Logo-WSS-DUZE-transparentne.png","width":4210,"height":2975,"caption":"Wojew\u00f3dzki Szpital Specjalistyczny im. \u015aw. Rafa\u0142a w Czerwonej G\u00f3rze"},"image":{"@id":"https:\/\/czerwonagora.pl\/#\/schema\/logo\/image\/"},"sameAs":["https:\/\/www.facebook.com\/SzpitalCzerwonaGora\/"]},{"@type":"Person","@id":"https:\/\/czerwonagora.pl\/#\/schema\/person\/88ad471b758c11e595bd87abceaf3cfd","name":"Krzysztof Kasprzyk","image":{"@type":"ImageObject","inLanguage":"pl-PL","@id":"https:\/\/czerwonagora.pl\/wp-content\/litespeed\/avatar\/758f42868e3c503ca9f38bee50fcfff3.jpg?ver=1777380282","url":"https:\/\/czerwonagora.pl\/wp-content\/litespeed\/avatar\/758f42868e3c503ca9f38bee50fcfff3.jpg?ver=1777380282","contentUrl":"https:\/\/czerwonagora.pl\/wp-content\/litespeed\/avatar\/758f42868e3c503ca9f38bee50fcfff3.jpg?ver=1777380282","caption":"Krzysztof Kasprzyk"},"sameAs":["https:\/\/czerwonagora.pl"],"url":"https:\/\/czerwonagora.pl\/index.php\/author\/maverick\/"}]}},"publishpress_future_action":{"enabled":false,"date":"2026-05-07 15:11:49","action":"change-status","newStatus":"draft","terms":[],"taxonomy":"category","extraData":[]},"publishpress_future_workflow_manual_trigger":{"enabledWorkflows":[]},"_links":{"self":[{"href":"https:\/\/czerwonagora.pl\/index.php\/wp-json\/wp\/v2\/posts\/16413","targetHints":{"allow":["GET"]}}],"collection":[{"href":"https:\/\/czerwonagora.pl\/index.php\/wp-json\/wp\/v2\/posts"}],"about":[{"href":"https:\/\/czerwonagora.pl\/index.php\/wp-json\/wp\/v2\/types\/post"}],"author":[{"embeddable":true,"href":"https:\/\/czerwonagora.pl\/index.php\/wp-json\/wp\/v2\/users\/1"}],"replies":[{"embeddable":true,"href":"https:\/\/czerwonagora.pl\/index.php\/wp-json\/wp\/v2\/comments?post=16413"}],"version-history":[{"count":5,"href":"https:\/\/czerwonagora.pl\/index.php\/wp-json\/wp\/v2\/posts\/16413\/revisions"}],"predecessor-version":[{"id":16460,"href":"https:\/\/czerwonagora.pl\/index.php\/wp-json\/wp\/v2\/posts\/16413\/revisions\/16460"}],"wp:featuredmedia":[{"embeddable":true,"href":"https:\/\/czerwonagora.pl\/index.php\/wp-json\/wp\/v2\/media\/16414"}],"wp:attachment":[{"href":"https:\/\/czerwonagora.pl\/index.php\/wp-json\/wp\/v2\/media?parent=16413"}],"wp:term":[{"taxonomy":"category","embeddable":true,"href":"https:\/\/czerwonagora.pl\/index.php\/wp-json\/wp\/v2\/categories?post=16413"},{"taxonomy":"post_tag","embeddable":true,"href":"https:\/\/czerwonagora.pl\/index.php\/wp-json\/wp\/v2\/tags?post=16413"}],"curies":[{"name":"wp","href":"https:\/\/api.w.org\/{rel}","templated":true}]}}