{"id":16964,"date":"2022-04-29T14:25:38","date_gmt":"2022-04-29T12:25:38","guid":{"rendered":"https:\/\/czerwonagora.pl\/?p=16964"},"modified":"2022-04-29T14:29:04","modified_gmt":"2022-04-29T12:29:04","slug":"konkurs-na-stanowisko-kierownika-zakladu-opiekunczo-leczniczego","status":"publish","type":"post","link":"https:\/\/czerwonagora.pl\/index.php\/2022\/04\/29\/konkurs-na-stanowisko-kierownika-zakladu-opiekunczo-leczniczego\/","title":{"rendered":"Konkurs\u00a0 na stanowisko Kierownika Zak\u0142adu Opieku\u0144czo \u2013 Leczniczego"},"content":{"rendered":"\t\t<div data-elementor-type=\"wp-post\" data-elementor-id=\"16964\" class=\"elementor elementor-16964\">\n\t\t\t\t\t\t<section class=\"elementor-section elementor-top-section elementor-element elementor-element-677c147 elementor-section-boxed elementor-section-height-default elementor-section-height-default\" data-id=\"677c147\" data-element_type=\"section\" data-e-type=\"section\">\n\t\t\t\t\t\t<div class=\"elementor-container elementor-column-gap-default\">\n\t\t\t\t\t<div class=\"elementor-column elementor-col-100 elementor-top-column elementor-element elementor-element-b6db2d4\" data-id=\"b6db2d4\" data-element_type=\"column\" data-e-type=\"column\">\n\t\t\t<div class=\"elementor-widget-wrap elementor-element-populated\">\n\t\t\t\t\t\t<div class=\"elementor-element elementor-element-8821811 elementor-widget elementor-widget-heading\" data-id=\"8821811\" data-element_type=\"widget\" data-e-type=\"widget\" data-widget_type=\"heading.default\">\n\t\t\t\t<div class=\"elementor-widget-container\">\n\t\t\t\t\t<h3 class=\"elementor-heading-title elementor-size-default\">DYREKTOR WOJEW\u00d3DZKIEGO SZPITALA SPECJALISTYCZNEGO\nim. \u015bw. Rafa\u0142a w Czerwonej G\u00f3rze \nog\u0142asza \nkonkurs  na stanowisko Kierownika Zak\u0142adu Opieku\u0144czo \u2013 Leczniczego\n<\/h3>\t\t\t\t<\/div>\n\t\t\t\t<\/div>\n\t\t\t\t<div class=\"elementor-element elementor-element-fc54224 elementor-widget elementor-widget-spacer\" data-id=\"fc54224\" data-element_type=\"widget\" data-e-type=\"widget\" data-widget_type=\"spacer.default\">\n\t\t\t\t<div class=\"elementor-widget-container\">\n\t\t\t\t\t\t\t<div class=\"elementor-spacer\">\n\t\t\t<div class=\"elementor-spacer-inner\"><\/div>\n\t\t<\/div>\n\t\t\t\t\t\t<\/div>\n\t\t\t\t<\/div>\n\t\t\t\t\t<\/div>\n\t\t<\/div>\n\t\t\t\t\t<\/div>\n\t\t<\/section>\n\t\t\t\t<section class=\"elementor-section elementor-top-section elementor-element elementor-element-5679c8d elementor-section-boxed elementor-section-height-default elementor-section-height-default\" data-id=\"5679c8d\" data-element_type=\"section\" data-e-type=\"section\">\n\t\t\t\t\t\t<div class=\"elementor-container elementor-column-gap-default\">\n\t\t\t\t\t<div class=\"elementor-column elementor-col-100 elementor-top-column elementor-element elementor-element-e287ceb\" data-id=\"e287ceb\" data-element_type=\"column\" data-e-type=\"column\">\n\t\t\t<div class=\"elementor-widget-wrap elementor-element-populated\">\n\t\t\t\t\t\t<section class=\"elementor-section elementor-inner-section elementor-element elementor-element-d4a92f1 elementor-section-boxed elementor-section-height-default elementor-section-height-default\" data-id=\"d4a92f1\" data-element_type=\"section\" data-e-type=\"section\">\n\t\t\t\t\t\t<div class=\"elementor-container elementor-column-gap-default\">\n\t\t\t\t\t<div class=\"elementor-column elementor-col-50 elementor-inner-column elementor-element elementor-element-5592ce1\" data-id=\"5592ce1\" data-element_type=\"column\" data-e-type=\"column\">\n\t\t\t<div class=\"elementor-widget-wrap elementor-element-populated\">\n\t\t\t\t\t\t<div class=\"elementor-element elementor-element-9211a0a elementor-view-default elementor-widget elementor-widget-icon\" data-id=\"9211a0a\" data-element_type=\"widget\" data-e-type=\"widget\" data-widget_type=\"icon.default\">\n\t\t\t\t<div class=\"elementor-widget-container\">\n\t\t\t\t\t\t\t<div class=\"elementor-icon-wrapper\">\n\t\t\t<div class=\"elementor-icon\">\n\t\t\t<i aria-hidden=\"true\" class=\"far fa-file-alt\"><\/i>\t\t\t<\/div>\n\t\t<\/div>\n\t\t\t\t\t\t<\/div>\n\t\t\t\t<\/div>\n\t\t\t\t\t<\/div>\n\t\t<\/div>\n\t\t\t\t<div class=\"elementor-column elementor-col-50 elementor-inner-column elementor-element elementor-element-69d94aa\" data-id=\"69d94aa\" data-element_type=\"column\" data-e-type=\"column\">\n\t\t\t<div class=\"elementor-widget-wrap elementor-element-populated\">\n\t\t\t\t\t\t<div class=\"elementor-element elementor-element-c3cbd83 elementor-widget elementor-widget-text-editor\" data-id=\"c3cbd83\" data-element_type=\"widget\" data-e-type=\"widget\" data-widget_type=\"text-editor.default\">\n\t\t\t\t<div class=\"elementor-widget-container\">\n\t\t\t\t\t\t\t\t\t<p>Kandydaci spe\u0142niaj\u0105cy wymogi kwalifikacyjne okre\u015blone w Rozporz\u0105dzeniu\u00a0 MZ<br \/>z dnia 20 lipca 2011r. w sprawie kwalifikacji wymaganych od pracownik\u00f3w na poszczeg\u00f3lnych rodzajach stanowisk pracy w podmiotach leczniczych nieb\u0119d\u0105cych przedsi\u0119biorcami <br \/>( Dz. U. Nr 151 poz. 896 z p\u00f3\u017a. zm.) proszeni s\u0105 o sk\u0142adanie nast\u0119puj\u0105cych dokument\u00f3w:<\/p><ul><li>podanie o przyj\u0119cie na stanowisko obj\u0119te konkursem;<\/li><li>opisany przez kandydata przebieg pracy zawodowej;<\/li><li>dokumenty stwierdzaj\u0105ce kwalifikacje zawodowe wymagane do zajmowania danego stanowiska;<\/li><li>prawo wykonywania zawodu;<\/li><li>opisana koncepcja kierowania Zak\u0142adem;<\/li><li>inne dokumenty, w szczeg\u00f3lno\u015bci potwierdzaj\u0105ce dorobek i kwalifikacje zawodowe kandydata;<\/li><li>o\u015bwiadczenie, \u017ce kandydat wyra\u017ca zgod\u0119 na przetwarzanie danych osobowych <br \/>w celach przeprowadzenia post\u0119powania konkursowego na dane stanowisko.<\/li><\/ul><p><strong>\u00a0<\/strong><\/p>\t\t\t\t\t\t\t\t<\/div>\n\t\t\t\t<\/div>\n\t\t\t\t\t<\/div>\n\t\t<\/div>\n\t\t\t\t\t<\/div>\n\t\t<\/section>\n\t\t\t\t\t<\/div>\n\t\t<\/div>\n\t\t\t\t\t<\/div>\n\t\t<\/section>\n\t\t\t\t<section class=\"elementor-section elementor-top-section elementor-element elementor-element-c0cbc9e elementor-section-boxed elementor-section-height-default elementor-section-height-default\" data-id=\"c0cbc9e\" data-element_type=\"section\" data-e-type=\"section\">\n\t\t\t\t\t\t<div class=\"elementor-container elementor-column-gap-default\">\n\t\t\t\t\t<div class=\"elementor-column elementor-col-100 elementor-top-column elementor-element elementor-element-23e9ddc\" data-id=\"23e9ddc\" data-element_type=\"column\" data-e-type=\"column\">\n\t\t\t<div class=\"elementor-widget-wrap elementor-element-populated\">\n\t\t\t\t\t\t<section class=\"elementor-section elementor-inner-section elementor-element elementor-element-52d1b9d elementor-section-boxed elementor-section-height-default elementor-section-height-default\" data-id=\"52d1b9d\" data-element_type=\"section\" data-e-type=\"section\">\n\t\t\t\t\t\t<div class=\"elementor-container elementor-column-gap-default\">\n\t\t\t\t\t<div class=\"elementor-column elementor-col-50 elementor-inner-column elementor-element elementor-element-0f29e14\" data-id=\"0f29e14\" data-element_type=\"column\" data-e-type=\"column\">\n\t\t\t<div class=\"elementor-widget-wrap elementor-element-populated\">\n\t\t\t\t\t\t<div class=\"elementor-element elementor-element-0d46846 elementor-view-default elementor-widget elementor-widget-icon\" data-id=\"0d46846\" data-element_type=\"widget\" data-e-type=\"widget\" data-widget_type=\"icon.default\">\n\t\t\t\t<div class=\"elementor-widget-container\">\n\t\t\t\t\t\t\t<div class=\"elementor-icon-wrapper\">\n\t\t\t<div class=\"elementor-icon\">\n\t\t\t<i aria-hidden=\"true\" class=\"fas fa-tasks\"><\/i>\t\t\t<\/div>\n\t\t<\/div>\n\t\t\t\t\t\t<\/div>\n\t\t\t\t<\/div>\n\t\t\t\t\t<\/div>\n\t\t<\/div>\n\t\t\t\t<div class=\"elementor-column elementor-col-50 elementor-inner-column elementor-element elementor-element-95de29b\" data-id=\"95de29b\" data-element_type=\"column\" data-e-type=\"column\">\n\t\t\t<div class=\"elementor-widget-wrap elementor-element-populated\">\n\t\t\t\t\t\t<div class=\"elementor-element elementor-element-a279e7b elementor-widget elementor-widget-text-editor\" data-id=\"a279e7b\" data-element_type=\"widget\" data-e-type=\"widget\" data-widget_type=\"text-editor.default\">\n\t\t\t\t<div class=\"elementor-widget-container\">\n\t\t\t\t\t\t\t\t\t<p>Do konkursu\u00a0 mo\u017ce przyst\u0105pi\u0107 osoba, kt\u00f3ra: <br \/>1) posiada obywatelstwo polskie, <br \/>2) ma pe\u0142n\u0105 zdolno\u015b\u0107 do czynno\u015bci prawnych, <br \/>3) korzysta z pe\u0142ni praw publicznych, <br \/>4) nie by\u0142a karana, <br \/>5) posiada\u00a0 wykszta\u0142cenie wy\u017csze \u2013 tytu\u0142 mgr piel\u0119gniarstwa oraz dyplom specjalisty w dziedzinie piel\u0119gniarstwa anestezjologicznego i intensywnej opieki lub piel\u0119gniarstwa opieki d\u0142ugoterminowej lub geriatrii,<\/p><p>6) posiada minimum 10 &#8211; letnia do\u015bwiadczenie zawodowe, w tym \u00a0udokumentowane 5 lat pracy<br \/>\u00a0z pacjentami wentylowanymi inwazyjnie i nieinwazyjnie.<\/p>\t\t\t\t\t\t\t\t<\/div>\n\t\t\t\t<\/div>\n\t\t\t\t\t<\/div>\n\t\t<\/div>\n\t\t\t\t\t<\/div>\n\t\t<\/section>\n\t\t\t\t\t<\/div>\n\t\t<\/div>\n\t\t\t\t\t<\/div>\n\t\t<\/section>\n\t\t\t\t<section class=\"elementor-section elementor-top-section elementor-element elementor-element-ae4db06 elementor-section-boxed elementor-section-height-default elementor-section-height-default\" data-id=\"ae4db06\" data-element_type=\"section\" data-e-type=\"section\">\n\t\t\t\t\t\t<div class=\"elementor-container elementor-column-gap-default\">\n\t\t\t\t\t<div class=\"elementor-column elementor-col-100 elementor-top-column elementor-element elementor-element-aff0571\" data-id=\"aff0571\" data-element_type=\"column\" data-e-type=\"column\">\n\t\t\t<div class=\"elementor-widget-wrap elementor-element-populated\">\n\t\t\t\t\t\t<div class=\"elementor-element elementor-element-2faed26 elementor-widget elementor-widget-text-editor\" data-id=\"2faed26\" data-element_type=\"widget\" data-e-type=\"widget\" data-widget_type=\"text-editor.default\">\n\t\t\t\t<div class=\"elementor-widget-container\">\n\t\t\t\t\t\t\t\t\t<p>Dokumenty mo\u017cna przesy\u0142a\u0107 na adres Szpitala lub sk\u0142ada\u0107 w Sekretariacie Szpitala do dnia <strong>20.05.2022r.<\/strong> z\u00a0 dopiskiem na kopercie\u201e <strong>Konkurs na stanowisko Kierownika Zak\u0142adu Opieku\u0144czo \u2013 Leczniczego\u201d.<\/strong><\/p><p>Na kopercie kandydat umieszcza swoje imi\u0119 i nazwisko oraz adres i telefon kontaktowy.<\/p><p>O terminie przeprowadzenia konkursu kandydaci zostan\u0105 powiadomieni indywidualnie.<\/p><p>Szczeg\u00f3\u0142owych informacji dotycz\u0105cych zatrudnienia udziela Dzia\u0142 Kadr pod numerem<br \/>\u00a0tel: (041) 34-655-45 w.230<\/p>\t\t\t\t\t\t\t\t<\/div>\n\t\t\t\t<\/div>\n\t\t\t\t\t<\/div>\n\t\t<\/div>\n\t\t\t\t\t<\/div>\n\t\t<\/section>\n\t\t\t\t<section class=\"elementor-section elementor-top-section elementor-element elementor-element-a6b5e58 elementor-section-boxed elementor-section-height-default elementor-section-height-default\" data-id=\"a6b5e58\" data-element_type=\"section\" data-e-type=\"section\">\n\t\t\t\t\t\t<div class=\"elementor-container elementor-column-gap-default\">\n\t\t\t\t\t<div class=\"elementor-column elementor-col-100 elementor-top-column elementor-element elementor-element-da606c8\" data-id=\"da606c8\" data-element_type=\"column\" data-e-type=\"column\">\n\t\t\t<div class=\"elementor-widget-wrap elementor-element-populated\">\n\t\t\t\t\t\t<div class=\"elementor-element elementor-element-f397fbd elementor-widget elementor-widget-text-editor\" data-id=\"f397fbd\" data-element_type=\"widget\" data-e-type=\"widget\" data-widget_type=\"text-editor.default\">\n\t\t\t\t<div class=\"elementor-widget-container\">\n\t\t\t\t\t\t\t\t\t<p><strong>KLAUZULA INFORMACYJNA <br \/>DOTYCZ\u0104CA REKRUTACJI W SYSTEMIE INTERNETOWYM <\/strong><\/p><p>Zgodnie z art. 13 ust. 1 i 2 rozporz\u0105dzenia Parlamentu Europejskiego i Rady (UE) 2016\/679 z 27.04.2016 r. w sprawie ochrony os\u00f3b fizycznych w zwi\u0105zku z przetwarzaniem danych osobowych i w sprawie swobodnego przep\u0142ywu takich danych oraz uchylenia dyrektywy 95\/46\/WE (og\u00f3lne rozporz\u0105dzenie o ochronie danych) (Dz. U. UE. L. z 2016 r. Nr 119, str. 1) \u2013 dalej RODO informuj\u0119, i\u017c:<\/p><p>1)\u00a0\u00a0\u00a0\u00a0\u00a0 Administratorem Pani\/Pana danych osobowych jest Wojew\u00f3dzki Szpital Specjalistyczny im. \u015bw. Rafa\u0142a w Czerwonej G\u00f3rze, ul. Czerwona G\u00f3ra 10, 26-060 Ch\u0119ciny, tel.: 41\u00a0346 55 45, e-mail: <a href=\"mailto:czerwonagora@czerwonagora.pl\">czerwonagora@czerwonagora.pl<\/a> NIP: 959-12-89-964, Regon: 000296213.<\/p><p>2)\u00a0\u00a0\u00a0\u00a0\u00a0 Inspektorem ochrony danych w Wojew\u00f3dzkim Szpitalu Specjalistycznym im. \u015bw. Rafa\u0142a w Czerwonej G\u00f3rze jest Pan Wies\u0142aw Loch e-mail <a href=\"mailto:iod@czerwonagora.pl\">iod@czerwonagora.pl<\/a>, nr.tel. 41\u00a0346 55 45 w. 211;<\/p><p>3) Pani\/Pana dane osobowe przetwarzane b\u0119d\u0105 w celu przeprowadzenia procesu rekrutacji na stanowisko \u00a0Kierownika Zak\u0142adu Opieku\u0144czo \u2013 Leczniczego na podstawie art. 6 ust. 1 lit. a RODO, na podstawie Pani\/Pana dobrowolnej zgody;<\/p><p>4)\u00a0\u00a0\u00a0\u00a0\u00a0 Odbiorc\u0105 Pani\/Pana danych osobowych jest WSS im. \u015bw. Rafa\u0142a w Czerwonej G\u00f3rze<\/p><p>*<em>(mo\u017cna wymieni\u0107 kategori\u0119 odbiorc\u00f3w o ile istniej\u0105)<\/em>;<\/p><p>5)\u00a0\u00a0\u00a0\u00a0\u00a0 Pani\/Pana dane osobowe b\u0119d\u0105 przechowywane przez okres niezb\u0119dny do przeprowadzenia rekrutacji. Dokumenty kandydata, kt\u00f3ry nie zostanie zatrudniony zostan\u0105 zniszczone niezw\u0142ocznie po zako\u0144czeniu procesu rekrutacji;<\/p><p>6)\u00a0\u00a0\u00a0\u00a0\u00a0 Posiada Pani\/Pan prawo dost\u0119pu do tre\u015bci swoich danych oraz prawo ich sprostowania, usuni\u0119cia, ograniczenia przetwarzania, prawo do przenoszenia danych, prawo wniesienia sprzeciwu, prawo do cofni\u0119cia zgody na ich przetwarzanie w dowolnym momencie bez wp\u0142ywu na zgodno\u015b\u0107 z prawem przetwarzania, kt\u00f3rego dokonano na podstawie zgody wyra\u017conej przed jej cofni\u0119ciem. O\u015bwiadczenie o cofni\u0119ciu zgody na przetwarzanie danych osobowych wymaga jego z\u0142o\u017cenia w formie pisemnej lub elektronicznej na adres mailowy <a href=\"mailto:iod@czerwonagora.pl\">iod@czerwonagora.pl<\/a>,<\/p><p>7)\u00a0\u00a0\u00a0\u00a0\u00a0 Ma Pan\/Pani prawo wniesienia skargi do Prezesa Urz\u0119du Ochrony Danych Osobowych, gdy uzna Pani\/Pan, i\u017c przetwarzanie danych osobowych Pani\/Pana dotycz\u0105cych narusza przepisy RODO;<\/p><p>8)\u00a0\u00a0\u00a0\u00a0\u00a0 Podanie przez Pana\/Pani\u0105 danych osobowych jest dobrowolne, ale konieczne dla cel\u00f3w zwi\u0105zanych z przeprowadzeniem procesu rekrutacji na stanowisko \u00a0Kierownika Zak\u0142adu Opieku\u0144czo \u2013 Leczniczego;<\/p><p><strong>Klauzula zawieraj\u0105ca zgod\u0119 na przetwarzanie danych osobowych (na CV)<\/strong><\/p><p>Na podstawie art. 7 ust. 1 RODO o\u015bwiadczam, i\u017c wyra\u017cam zgod\u0119 na przetwarzanie przez administratora, kt\u00f3rym jest Wojew\u00f3dzki Szpital Specjalistyczny im. \u015bw. Rafa\u0142a w Czerwonej G\u00f3rze, ul. Czerwona G\u00f3ra 10, 26-060 Ch\u0119ciny, tel.: 41\u00a0346 55 45, e-mail: <a href=\"mailto:czerwonagora@czerwonagora.pl\">czerwonagora@czerwonagora.pl<\/a> NIP: 959-12-89-964, Regon: 000296213, moich danych osobowych w celu przeprowadzenia procedury rekrutacji na stanowisko Kierownika Zak\u0142adu Opieku\u0144czo \u2013 Leczniczego. Powy\u017csza zgoda zosta\u0142a wyra\u017cona dobrowolnie zgodnie z art. 4 pkt 11 RODO.<\/p><p>\u00a0\u00a0\u00a0\u00a0\u00a0\u00a0\u00a0\u00a0\u00a0\u00a0\u00a0\u00a0\u00a0\u00a0\u00a0\u00a0\u00a0\u00a0\u00a0\u00a0\u00a0\u00a0\u00a0\u00a0\u00a0\u00a0\u00a0\u00a0\u00a0\u00a0\u00a0\u00a0\u00a0\u00a0\u00a0\u00a0\u00a0\u00a0\u00a0\u00a0\u00a0\u00a0\u00a0\u00a0\u00a0\u00a0\u00a0\u00a0\u00a0\u00a0\u00a0\u00a0\u00a0\u00a0\u00a0\u00a0\u00a0\u00a0\u00a0\u00a0\u00a0\u00a0\u00a0\u00a0\u00a0\u00a0\u00a0\u00a0\u00a0\u00a0\u00a0\u00a0\u00a0\u00a0\u00a0\u00a0\u00a0\u00a0\u00a0\u00a0\u00a0\u00a0\u00a0\u00a0\u00a0\u00a0\u00a0\u00a0\u00a0\u00a0\u00a0\u00a0\u00a0\u00a0\u00a0\u00a0\u00a0\u00a0\u00a0\u00a0\u00a0\u00a0\u00a0\u00a0\u00a0\u00a0\u00a0\u00a0\u00a0\u00a0\u00a0\u00a0\u00a0\u00a0\u00a0\u00a0\u00a0 &#8230;&#8230;&#8230;&#8230;&#8230;&#8230;&#8230;&#8230;&#8230;&#8230;&#8230;&#8230;&#8230;&#8230;&#8230;..<br \/>\u00a0\u00a0\u00a0\u00a0\u00a0 \u00a0 \u00a0 \u00a0 \u00a0 \u00a0 \u00a0 \u00a0 \u00a0 \u00a0 \u00a0 \u00a0 \u00a0 \u00a0 \u00a0 \u00a0 \u00a0 \u00a0 \u00a0 \u00a0 \u00a0 \u00a0 \u00a0 \u00a0 \u00a0 \u00a0 \u00a0 \u00a0 \u00a0 \u00a0 \u00a0 \u00a0 \u00a0 \u00a0 \u00a0 \u00a0 \u00a0 \u00a0 \u00a0 \u00a0 \u00a0 \u00a0 \u00a0 \u00a0 \u00a0 \u00a0 \u00a0 \u00a0 \u00a0 \u00a0 \u00a0 \u00a0 \u00a0 \u00a0\u00a0 (data i podpis kandydata do pracy)<\/p>\t\t\t\t\t\t\t\t<\/div>\n\t\t\t\t<\/div>\n\t\t\t\t\t<\/div>\n\t\t<\/div>\n\t\t\t\t\t<\/div>\n\t\t<\/section>\n\t\t\t\t<section class=\"elementor-section elementor-top-section elementor-element elementor-element-390f4ff elementor-section-boxed elementor-section-height-default elementor-section-height-default\" data-id=\"390f4ff\" data-element_type=\"section\" data-e-type=\"section\" data-settings=\"{&quot;background_background&quot;:&quot;classic&quot;}\">\n\t\t\t\t\t\t<div class=\"elementor-container elementor-column-gap-default\">\n\t\t\t\t\t<div class=\"elementor-column elementor-col-25 elementor-top-column elementor-element elementor-element-8b3ebb0\" data-id=\"8b3ebb0\" data-element_type=\"column\" data-e-type=\"column\">\n\t\t\t<div class=\"elementor-widget-wrap elementor-element-populated\">\n\t\t\t\t\t\t<div class=\"elementor-element elementor-element-4ead2c2 elementor-view-default elementor-widget elementor-widget-icon\" data-id=\"4ead2c2\" data-element_type=\"widget\" data-e-type=\"widget\" data-widget_type=\"icon.default\">\n\t\t\t\t<div class=\"elementor-widget-container\">\n\t\t\t\t\t\t\t<div class=\"elementor-icon-wrapper\">\n\t\t\t<div class=\"elementor-icon\">\n\t\t\t<i aria-hidden=\"true\" class=\"far fa-file-pdf\"><\/i>\t\t\t<\/div>\n\t\t<\/div>\n\t\t\t\t\t\t<\/div>\n\t\t\t\t<\/div>\n\t\t\t\t\t<\/div>\n\t\t<\/div>\n\t\t\t\t<div class=\"elementor-column elementor-col-50 elementor-top-column elementor-element elementor-element-3c7479e\" data-id=\"3c7479e\" data-element_type=\"column\" data-e-type=\"column\">\n\t\t\t<div class=\"elementor-widget-wrap elementor-element-populated\">\n\t\t\t\t\t\t<div class=\"elementor-element elementor-element-d87471a elementor-widget elementor-widget-text-editor\" data-id=\"d87471a\" data-element_type=\"widget\" data-e-type=\"widget\" data-widget_type=\"text-editor.default\">\n\t\t\t\t<div class=\"elementor-widget-container\">\n\t\t\t\t\t\t\t\t\t<p><strong>Dokumenty do pobrania<\/strong> &#8211; konkurs\u00a0 na stanowisko Kierownika Zak\u0142adu Opieku\u0144czo \u2013 Leczniczego<\/p>\t\t\t\t\t\t\t\t<\/div>\n\t\t\t\t<\/div>\n\t\t\t\t\t<\/div>\n\t\t<\/div>\n\t\t\t\t<div class=\"elementor-column elementor-col-25 elementor-top-column elementor-element elementor-element-f2d51b4\" data-id=\"f2d51b4\" data-element_type=\"column\" data-e-type=\"column\">\n\t\t\t<div class=\"elementor-widget-wrap elementor-element-populated\">\n\t\t\t\t\t\t<div class=\"elementor-element elementor-element-61fff46 elementor-align-center elementor-widget elementor-widget-button\" data-id=\"61fff46\" data-element_type=\"widget\" data-e-type=\"widget\" data-widget_type=\"button.default\">\n\t\t\t\t<div class=\"elementor-widget-container\">\n\t\t\t\t\t\t\t\t\t<div class=\"elementor-button-wrapper\">\n\t\t\t\t\t<a class=\"elementor-button elementor-button-link elementor-size-sm elementor-animation-grow\" href=\"https:\/\/czerwonagora.pl\/wp-content\/uploads\/2022\/04\/ZOL-Kierownik-2022.pdf\">\n\t\t\t\t\t\t<span class=\"elementor-button-content-wrapper\">\n\t\t\t\t\t\t\t\t\t<span class=\"elementor-button-text\">Pobierz<\/span>\n\t\t\t\t\t<\/span>\n\t\t\t\t\t<\/a>\n\t\t\t\t<\/div>\n\t\t\t\t\t\t\t\t<\/div>\n\t\t\t\t<\/div>\n\t\t\t\t\t<\/div>\n\t\t<\/div>\n\t\t\t\t\t<\/div>\n\t\t<\/section>\n\t\t\t\t<\/div>\n\t\t","protected":false},"excerpt":{"rendered":"<p>DYREKTOR WOJEW\u00d3DZKIEGO SZPITALA SPECJALISTYCZNEGO im. \u015bw. Rafa\u0142a w Czerwonej G\u00f3rze og\u0142asza konkurs na stanowisko Kierownika Zak\u0142adu Opieku\u0144czo \u2013 Leczniczego Kandydaci spe\u0142niaj\u0105cy wymogi kwalifikacyjne okre\u015blone w Rozporz\u0105dzeniu&nbsp; MZ z dnia 20 lipca 2011r. w sprawie kwalifikacji wymaganych od pracownik\u00f3w na poszczeg\u00f3lnych rodzajach stanowisk pracy w podmiotach leczniczych nieb\u0119d\u0105cych przedsi\u0119biorcami ( Dz. U. Nr 151 poz. 896 [&hellip;]<\/p>\n","protected":false},"author":9,"featured_media":8233,"comment_status":"closed","ping_status":"closed","sticky":false,"template":"","format":"standard","meta":{"zakra_page_container_layout":"customizer","zakra_page_sidebar_layout":"customizer","zakra_remove_content_margin":false,"zakra_sidebar":"customizer","zakra_transparent_header":"customizer","zakra_logo":0,"zakra_main_header_style":"default","zakra_menu_item_color":"","zakra_menu_item_hover_color":"","zakra_menu_item_active_color":"","zakra_menu_active_style":"","zakra_page_header":true,"footnotes":""},"categories":[42],"tags":[],"class_list":["post-16964","post","type-post","status-publish","format-standard","has-post-thumbnail","hentry","category-oferty-pracy"],"yoast_head":"<!-- This site is optimized with the Yoast SEO plugin v27.4 - https:\/\/yoast.com\/product\/yoast-seo-wordpress\/ -->\n<title>Konkurs\u00a0 na stanowisko Kierownika Zak\u0142adu Opieku\u0144czo \u2013 Leczniczego - Wojew\u00f3dzki Szpital Specjalistyczny im. \u015aw. Rafa\u0142a w Czerwonej G\u00f3rze<\/title>\n<meta name=\"robots\" content=\"index, follow, max-snippet:-1, max-image-preview:large, max-video-preview:-1\" \/>\n<link rel=\"canonical\" href=\"https:\/\/czerwonagora.pl\/index.php\/2022\/04\/29\/konkurs-na-stanowisko-kierownika-zakladu-opiekunczo-leczniczego\/\" \/>\n<meta property=\"og:locale\" content=\"pl_PL\" \/>\n<meta property=\"og:type\" content=\"article\" \/>\n<meta property=\"og:title\" content=\"Konkurs\u00a0 na stanowisko Kierownika Zak\u0142adu Opieku\u0144czo \u2013 Leczniczego - Wojew\u00f3dzki Szpital Specjalistyczny im. \u015aw. Rafa\u0142a w Czerwonej G\u00f3rze\" \/>\n<meta property=\"og:description\" content=\"DYREKTOR WOJEW\u00d3DZKIEGO SZPITALA SPECJALISTYCZNEGO im. \u015bw. Rafa\u0142a w Czerwonej G\u00f3rze og\u0142asza konkurs na stanowisko Kierownika Zak\u0142adu Opieku\u0144czo \u2013 Leczniczego Kandydaci spe\u0142niaj\u0105cy wymogi kwalifikacyjne okre\u015blone w Rozporz\u0105dzeniu&nbsp; MZ z dnia 20 lipca 2011r. w sprawie kwalifikacji wymaganych od pracownik\u00f3w na poszczeg\u00f3lnych rodzajach stanowisk pracy w podmiotach leczniczych nieb\u0119d\u0105cych przedsi\u0119biorcami ( Dz. U. Nr 151 poz. 896 [&hellip;]\" \/>\n<meta property=\"og:url\" content=\"https:\/\/czerwonagora.pl\/index.php\/2022\/04\/29\/konkurs-na-stanowisko-kierownika-zakladu-opiekunczo-leczniczego\/\" \/>\n<meta property=\"og:site_name\" content=\"Wojew\u00f3dzki Szpital Specjalistyczny im. \u015aw. Rafa\u0142a w Czerwonej G\u00f3rze\" \/>\n<meta property=\"article:publisher\" content=\"https:\/\/www.facebook.com\/SzpitalCzerwonaGora\/\" \/>\n<meta property=\"article:published_time\" content=\"2022-04-29T12:25:38+00:00\" \/>\n<meta property=\"article:modified_time\" content=\"2022-04-29T12:29:04+00:00\" \/>\n<meta property=\"og:image\" content=\"https:\/\/czerwonagora.pl\/wp-content\/uploads\/2021\/06\/Oferta_pracy_administracja-1.jpg\" \/>\n\t<meta property=\"og:image:width\" content=\"803\" \/>\n\t<meta property=\"og:image:height\" content=\"360\" \/>\n\t<meta property=\"og:image:type\" content=\"image\/jpeg\" \/>\n<meta name=\"author\" content=\"Jan Anderman\" \/>\n<meta name=\"twitter:card\" content=\"summary_large_image\" \/>\n<meta name=\"twitter:label1\" content=\"Napisane przez\" \/>\n\t<meta name=\"twitter:data1\" content=\"Jan Anderman\" \/>\n\t<meta name=\"twitter:label2\" content=\"Szacowany czas czytania\" \/>\n\t<meta name=\"twitter:data2\" content=\"5 minut\" \/>\n<script type=\"application\/ld+json\" class=\"yoast-schema-graph\">{\"@context\":\"https:\\\/\\\/schema.org\",\"@graph\":[{\"@type\":\"Article\",\"@id\":\"https:\\\/\\\/czerwonagora.pl\\\/index.php\\\/2022\\\/04\\\/29\\\/konkurs-na-stanowisko-kierownika-zakladu-opiekunczo-leczniczego\\\/#article\",\"isPartOf\":{\"@id\":\"https:\\\/\\\/czerwonagora.pl\\\/index.php\\\/2022\\\/04\\\/29\\\/konkurs-na-stanowisko-kierownika-zakladu-opiekunczo-leczniczego\\\/\"},\"author\":{\"name\":\"Jan Anderman\",\"@id\":\"https:\\\/\\\/czerwonagora.pl\\\/#\\\/schema\\\/person\\\/8b70983499a382afa6978e88bcfde1b8\"},\"headline\":\"Konkurs\u00a0 na stanowisko Kierownika Zak\u0142adu Opieku\u0144czo \u2013 Leczniczego\",\"datePublished\":\"2022-04-29T12:25:38+00:00\",\"dateModified\":\"2022-04-29T12:29:04+00:00\",\"mainEntityOfPage\":{\"@id\":\"https:\\\/\\\/czerwonagora.pl\\\/index.php\\\/2022\\\/04\\\/29\\\/konkurs-na-stanowisko-kierownika-zakladu-opiekunczo-leczniczego\\\/\"},\"wordCount\":980,\"publisher\":{\"@id\":\"https:\\\/\\\/czerwonagora.pl\\\/#organization\"},\"image\":{\"@id\":\"https:\\\/\\\/czerwonagora.pl\\\/index.php\\\/2022\\\/04\\\/29\\\/konkurs-na-stanowisko-kierownika-zakladu-opiekunczo-leczniczego\\\/#primaryimage\"},\"thumbnailUrl\":\"https:\\\/\\\/czerwonagora.pl\\\/wp-content\\\/uploads\\\/2021\\\/06\\\/Oferta_pracy_administracja-1.jpg\",\"articleSection\":[\"Oferty pracy\"],\"inLanguage\":\"pl-PL\"},{\"@type\":\"WebPage\",\"@id\":\"https:\\\/\\\/czerwonagora.pl\\\/index.php\\\/2022\\\/04\\\/29\\\/konkurs-na-stanowisko-kierownika-zakladu-opiekunczo-leczniczego\\\/\",\"url\":\"https:\\\/\\\/czerwonagora.pl\\\/index.php\\\/2022\\\/04\\\/29\\\/konkurs-na-stanowisko-kierownika-zakladu-opiekunczo-leczniczego\\\/\",\"name\":\"Konkurs\u00a0 na stanowisko Kierownika Zak\u0142adu Opieku\u0144czo \u2013 Leczniczego - Wojew\u00f3dzki Szpital Specjalistyczny im. \u015aw. Rafa\u0142a w Czerwonej G\u00f3rze\",\"isPartOf\":{\"@id\":\"https:\\\/\\\/czerwonagora.pl\\\/#website\"},\"primaryImageOfPage\":{\"@id\":\"https:\\\/\\\/czerwonagora.pl\\\/index.php\\\/2022\\\/04\\\/29\\\/konkurs-na-stanowisko-kierownika-zakladu-opiekunczo-leczniczego\\\/#primaryimage\"},\"image\":{\"@id\":\"https:\\\/\\\/czerwonagora.pl\\\/index.php\\\/2022\\\/04\\\/29\\\/konkurs-na-stanowisko-kierownika-zakladu-opiekunczo-leczniczego\\\/#primaryimage\"},\"thumbnailUrl\":\"https:\\\/\\\/czerwonagora.pl\\\/wp-content\\\/uploads\\\/2021\\\/06\\\/Oferta_pracy_administracja-1.jpg\",\"datePublished\":\"2022-04-29T12:25:38+00:00\",\"dateModified\":\"2022-04-29T12:29:04+00:00\",\"breadcrumb\":{\"@id\":\"https:\\\/\\\/czerwonagora.pl\\\/index.php\\\/2022\\\/04\\\/29\\\/konkurs-na-stanowisko-kierownika-zakladu-opiekunczo-leczniczego\\\/#breadcrumb\"},\"inLanguage\":\"pl-PL\",\"potentialAction\":[{\"@type\":\"ReadAction\",\"target\":[\"https:\\\/\\\/czerwonagora.pl\\\/index.php\\\/2022\\\/04\\\/29\\\/konkurs-na-stanowisko-kierownika-zakladu-opiekunczo-leczniczego\\\/\"]}]},{\"@type\":\"ImageObject\",\"inLanguage\":\"pl-PL\",\"@id\":\"https:\\\/\\\/czerwonagora.pl\\\/index.php\\\/2022\\\/04\\\/29\\\/konkurs-na-stanowisko-kierownika-zakladu-opiekunczo-leczniczego\\\/#primaryimage\",\"url\":\"https:\\\/\\\/czerwonagora.pl\\\/wp-content\\\/uploads\\\/2021\\\/06\\\/Oferta_pracy_administracja-1.jpg\",\"contentUrl\":\"https:\\\/\\\/czerwonagora.pl\\\/wp-content\\\/uploads\\\/2021\\\/06\\\/Oferta_pracy_administracja-1.jpg\",\"width\":803,\"height\":360,\"caption\":\"t\u0142o koloru niebieskiego na kt\u00f3rym znaduje si\u0119 zarys os\u00f3b ubranch w ubrania wizytowe z bia\u0142ym napisem Oferta pracy\"},{\"@type\":\"BreadcrumbList\",\"@id\":\"https:\\\/\\\/czerwonagora.pl\\\/index.php\\\/2022\\\/04\\\/29\\\/konkurs-na-stanowisko-kierownika-zakladu-opiekunczo-leczniczego\\\/#breadcrumb\",\"itemListElement\":[{\"@type\":\"ListItem\",\"position\":1,\"name\":\"Strona g\u0142\u00f3wna\",\"item\":\"https:\\\/\\\/czerwonagora.pl\\\/\"},{\"@type\":\"ListItem\",\"position\":2,\"name\":\"Konkurs\u00a0 na stanowisko Kierownika Zak\u0142adu Opieku\u0144czo \u2013 Leczniczego\"}]},{\"@type\":\"WebSite\",\"@id\":\"https:\\\/\\\/czerwonagora.pl\\\/#website\",\"url\":\"https:\\\/\\\/czerwonagora.pl\\\/\",\"name\":\"Wojew\u00f3dzki Szpital Specjalistyczny im. \u015aw. Rafa\u0142a w Czerwonej G\u00f3rze\",\"description\":\"Wojew\u00f3dzki Szpital Specjalistyczny im. \u015aw. Rafa\u0142a w Czerwonej G\u00f3rze\",\"publisher\":{\"@id\":\"https:\\\/\\\/czerwonagora.pl\\\/#organization\"},\"potentialAction\":[{\"@type\":\"SearchAction\",\"target\":{\"@type\":\"EntryPoint\",\"urlTemplate\":\"https:\\\/\\\/czerwonagora.pl\\\/?s={search_term_string}\"},\"query-input\":{\"@type\":\"PropertyValueSpecification\",\"valueRequired\":true,\"valueName\":\"search_term_string\"}}],\"inLanguage\":\"pl-PL\"},{\"@type\":\"Organization\",\"@id\":\"https:\\\/\\\/czerwonagora.pl\\\/#organization\",\"name\":\"Wojew\u00f3dzki Szpital Specjalistyczny im. \u015aw. Rafa\u0142a w Czerwonej G\u00f3rze\",\"url\":\"https:\\\/\\\/czerwonagora.pl\\\/\",\"logo\":{\"@type\":\"ImageObject\",\"inLanguage\":\"pl-PL\",\"@id\":\"https:\\\/\\\/czerwonagora.pl\\\/#\\\/schema\\\/logo\\\/image\\\/\",\"url\":\"https:\\\/\\\/czerwonagora.pl\\\/wp-content\\\/uploads\\\/2021\\\/06\\\/Logo-WSS-DUZE-transparentne.png\",\"contentUrl\":\"https:\\\/\\\/czerwonagora.pl\\\/wp-content\\\/uploads\\\/2021\\\/06\\\/Logo-WSS-DUZE-transparentne.png\",\"width\":4210,\"height\":2975,\"caption\":\"Wojew\u00f3dzki Szpital Specjalistyczny im. \u015aw. Rafa\u0142a w Czerwonej G\u00f3rze\"},\"image\":{\"@id\":\"https:\\\/\\\/czerwonagora.pl\\\/#\\\/schema\\\/logo\\\/image\\\/\"},\"sameAs\":[\"https:\\\/\\\/www.facebook.com\\\/SzpitalCzerwonaGora\\\/\"]},{\"@type\":\"Person\",\"@id\":\"https:\\\/\\\/czerwonagora.pl\\\/#\\\/schema\\\/person\\\/8b70983499a382afa6978e88bcfde1b8\",\"name\":\"Jan Anderman\",\"image\":{\"@type\":\"ImageObject\",\"inLanguage\":\"pl-PL\",\"@id\":\"https:\\\/\\\/czerwonagora.pl\\\/wp-content\\\/litespeed\\\/avatar\\\/d5bc867d497b251469db97f076802c5f.jpg?ver=1777380281\",\"url\":\"https:\\\/\\\/czerwonagora.pl\\\/wp-content\\\/litespeed\\\/avatar\\\/d5bc867d497b251469db97f076802c5f.jpg?ver=1777380281\",\"contentUrl\":\"https:\\\/\\\/czerwonagora.pl\\\/wp-content\\\/litespeed\\\/avatar\\\/d5bc867d497b251469db97f076802c5f.jpg?ver=1777380281\",\"caption\":\"Jan Anderman\"},\"url\":\"https:\\\/\\\/czerwonagora.pl\\\/index.php\\\/author\\\/anderman\\\/\"}]}<\/script>\n<!-- \/ Yoast SEO plugin. -->","yoast_head_json":{"title":"Konkurs\u00a0 na stanowisko Kierownika Zak\u0142adu Opieku\u0144czo \u2013 Leczniczego - Wojew\u00f3dzki Szpital Specjalistyczny im. \u015aw. Rafa\u0142a w Czerwonej G\u00f3rze","robots":{"index":"index","follow":"follow","max-snippet":"max-snippet:-1","max-image-preview":"max-image-preview:large","max-video-preview":"max-video-preview:-1"},"canonical":"https:\/\/czerwonagora.pl\/index.php\/2022\/04\/29\/konkurs-na-stanowisko-kierownika-zakladu-opiekunczo-leczniczego\/","og_locale":"pl_PL","og_type":"article","og_title":"Konkurs\u00a0 na stanowisko Kierownika Zak\u0142adu Opieku\u0144czo \u2013 Leczniczego - Wojew\u00f3dzki Szpital Specjalistyczny im. \u015aw. Rafa\u0142a w Czerwonej G\u00f3rze","og_description":"DYREKTOR WOJEW\u00d3DZKIEGO SZPITALA SPECJALISTYCZNEGO im. \u015bw. Rafa\u0142a w Czerwonej G\u00f3rze og\u0142asza konkurs na stanowisko Kierownika Zak\u0142adu Opieku\u0144czo \u2013 Leczniczego Kandydaci spe\u0142niaj\u0105cy wymogi kwalifikacyjne okre\u015blone w Rozporz\u0105dzeniu&nbsp; MZ z dnia 20 lipca 2011r. w sprawie kwalifikacji wymaganych od pracownik\u00f3w na poszczeg\u00f3lnych rodzajach stanowisk pracy w podmiotach leczniczych nieb\u0119d\u0105cych przedsi\u0119biorcami ( Dz. U. Nr 151 poz. 896 [&hellip;]","og_url":"https:\/\/czerwonagora.pl\/index.php\/2022\/04\/29\/konkurs-na-stanowisko-kierownika-zakladu-opiekunczo-leczniczego\/","og_site_name":"Wojew\u00f3dzki Szpital Specjalistyczny im. \u015aw. Rafa\u0142a w Czerwonej G\u00f3rze","article_publisher":"https:\/\/www.facebook.com\/SzpitalCzerwonaGora\/","article_published_time":"2022-04-29T12:25:38+00:00","article_modified_time":"2022-04-29T12:29:04+00:00","og_image":[{"width":803,"height":360,"url":"https:\/\/czerwonagora.pl\/wp-content\/uploads\/2021\/06\/Oferta_pracy_administracja-1.jpg","type":"image\/jpeg"}],"author":"Jan Anderman","twitter_card":"summary_large_image","twitter_misc":{"Napisane przez":"Jan Anderman","Szacowany czas czytania":"5 minut"},"schema":{"@context":"https:\/\/schema.org","@graph":[{"@type":"Article","@id":"https:\/\/czerwonagora.pl\/index.php\/2022\/04\/29\/konkurs-na-stanowisko-kierownika-zakladu-opiekunczo-leczniczego\/#article","isPartOf":{"@id":"https:\/\/czerwonagora.pl\/index.php\/2022\/04\/29\/konkurs-na-stanowisko-kierownika-zakladu-opiekunczo-leczniczego\/"},"author":{"name":"Jan Anderman","@id":"https:\/\/czerwonagora.pl\/#\/schema\/person\/8b70983499a382afa6978e88bcfde1b8"},"headline":"Konkurs\u00a0 na stanowisko Kierownika Zak\u0142adu Opieku\u0144czo \u2013 Leczniczego","datePublished":"2022-04-29T12:25:38+00:00","dateModified":"2022-04-29T12:29:04+00:00","mainEntityOfPage":{"@id":"https:\/\/czerwonagora.pl\/index.php\/2022\/04\/29\/konkurs-na-stanowisko-kierownika-zakladu-opiekunczo-leczniczego\/"},"wordCount":980,"publisher":{"@id":"https:\/\/czerwonagora.pl\/#organization"},"image":{"@id":"https:\/\/czerwonagora.pl\/index.php\/2022\/04\/29\/konkurs-na-stanowisko-kierownika-zakladu-opiekunczo-leczniczego\/#primaryimage"},"thumbnailUrl":"https:\/\/czerwonagora.pl\/wp-content\/uploads\/2021\/06\/Oferta_pracy_administracja-1.jpg","articleSection":["Oferty pracy"],"inLanguage":"pl-PL"},{"@type":"WebPage","@id":"https:\/\/czerwonagora.pl\/index.php\/2022\/04\/29\/konkurs-na-stanowisko-kierownika-zakladu-opiekunczo-leczniczego\/","url":"https:\/\/czerwonagora.pl\/index.php\/2022\/04\/29\/konkurs-na-stanowisko-kierownika-zakladu-opiekunczo-leczniczego\/","name":"Konkurs\u00a0 na stanowisko Kierownika Zak\u0142adu Opieku\u0144czo \u2013 Leczniczego - Wojew\u00f3dzki Szpital Specjalistyczny im. \u015aw. Rafa\u0142a w Czerwonej G\u00f3rze","isPartOf":{"@id":"https:\/\/czerwonagora.pl\/#website"},"primaryImageOfPage":{"@id":"https:\/\/czerwonagora.pl\/index.php\/2022\/04\/29\/konkurs-na-stanowisko-kierownika-zakladu-opiekunczo-leczniczego\/#primaryimage"},"image":{"@id":"https:\/\/czerwonagora.pl\/index.php\/2022\/04\/29\/konkurs-na-stanowisko-kierownika-zakladu-opiekunczo-leczniczego\/#primaryimage"},"thumbnailUrl":"https:\/\/czerwonagora.pl\/wp-content\/uploads\/2021\/06\/Oferta_pracy_administracja-1.jpg","datePublished":"2022-04-29T12:25:38+00:00","dateModified":"2022-04-29T12:29:04+00:00","breadcrumb":{"@id":"https:\/\/czerwonagora.pl\/index.php\/2022\/04\/29\/konkurs-na-stanowisko-kierownika-zakladu-opiekunczo-leczniczego\/#breadcrumb"},"inLanguage":"pl-PL","potentialAction":[{"@type":"ReadAction","target":["https:\/\/czerwonagora.pl\/index.php\/2022\/04\/29\/konkurs-na-stanowisko-kierownika-zakladu-opiekunczo-leczniczego\/"]}]},{"@type":"ImageObject","inLanguage":"pl-PL","@id":"https:\/\/czerwonagora.pl\/index.php\/2022\/04\/29\/konkurs-na-stanowisko-kierownika-zakladu-opiekunczo-leczniczego\/#primaryimage","url":"https:\/\/czerwonagora.pl\/wp-content\/uploads\/2021\/06\/Oferta_pracy_administracja-1.jpg","contentUrl":"https:\/\/czerwonagora.pl\/wp-content\/uploads\/2021\/06\/Oferta_pracy_administracja-1.jpg","width":803,"height":360,"caption":"t\u0142o koloru niebieskiego na kt\u00f3rym znaduje si\u0119 zarys os\u00f3b ubranch w ubrania wizytowe z bia\u0142ym napisem Oferta pracy"},{"@type":"BreadcrumbList","@id":"https:\/\/czerwonagora.pl\/index.php\/2022\/04\/29\/konkurs-na-stanowisko-kierownika-zakladu-opiekunczo-leczniczego\/#breadcrumb","itemListElement":[{"@type":"ListItem","position":1,"name":"Strona g\u0142\u00f3wna","item":"https:\/\/czerwonagora.pl\/"},{"@type":"ListItem","position":2,"name":"Konkurs\u00a0 na stanowisko Kierownika Zak\u0142adu Opieku\u0144czo \u2013 Leczniczego"}]},{"@type":"WebSite","@id":"https:\/\/czerwonagora.pl\/#website","url":"https:\/\/czerwonagora.pl\/","name":"Wojew\u00f3dzki Szpital Specjalistyczny im. \u015aw. Rafa\u0142a w Czerwonej G\u00f3rze","description":"Wojew\u00f3dzki Szpital Specjalistyczny im. \u015aw. Rafa\u0142a w Czerwonej G\u00f3rze","publisher":{"@id":"https:\/\/czerwonagora.pl\/#organization"},"potentialAction":[{"@type":"SearchAction","target":{"@type":"EntryPoint","urlTemplate":"https:\/\/czerwonagora.pl\/?s={search_term_string}"},"query-input":{"@type":"PropertyValueSpecification","valueRequired":true,"valueName":"search_term_string"}}],"inLanguage":"pl-PL"},{"@type":"Organization","@id":"https:\/\/czerwonagora.pl\/#organization","name":"Wojew\u00f3dzki Szpital Specjalistyczny im. \u015aw. Rafa\u0142a w Czerwonej G\u00f3rze","url":"https:\/\/czerwonagora.pl\/","logo":{"@type":"ImageObject","inLanguage":"pl-PL","@id":"https:\/\/czerwonagora.pl\/#\/schema\/logo\/image\/","url":"https:\/\/czerwonagora.pl\/wp-content\/uploads\/2021\/06\/Logo-WSS-DUZE-transparentne.png","contentUrl":"https:\/\/czerwonagora.pl\/wp-content\/uploads\/2021\/06\/Logo-WSS-DUZE-transparentne.png","width":4210,"height":2975,"caption":"Wojew\u00f3dzki Szpital Specjalistyczny im. \u015aw. Rafa\u0142a w Czerwonej G\u00f3rze"},"image":{"@id":"https:\/\/czerwonagora.pl\/#\/schema\/logo\/image\/"},"sameAs":["https:\/\/www.facebook.com\/SzpitalCzerwonaGora\/"]},{"@type":"Person","@id":"https:\/\/czerwonagora.pl\/#\/schema\/person\/8b70983499a382afa6978e88bcfde1b8","name":"Jan Anderman","image":{"@type":"ImageObject","inLanguage":"pl-PL","@id":"https:\/\/czerwonagora.pl\/wp-content\/litespeed\/avatar\/d5bc867d497b251469db97f076802c5f.jpg?ver=1777380281","url":"https:\/\/czerwonagora.pl\/wp-content\/litespeed\/avatar\/d5bc867d497b251469db97f076802c5f.jpg?ver=1777380281","contentUrl":"https:\/\/czerwonagora.pl\/wp-content\/litespeed\/avatar\/d5bc867d497b251469db97f076802c5f.jpg?ver=1777380281","caption":"Jan Anderman"},"url":"https:\/\/czerwonagora.pl\/index.php\/author\/anderman\/"}]}},"publishpress_future_action":{"enabled":false,"date":"2026-05-07 00:33:56","action":"change-status","newStatus":"draft","terms":[],"taxonomy":"category","extraData":[]},"publishpress_future_workflow_manual_trigger":{"enabledWorkflows":[]},"_links":{"self":[{"href":"https:\/\/czerwonagora.pl\/index.php\/wp-json\/wp\/v2\/posts\/16964","targetHints":{"allow":["GET"]}}],"collection":[{"href":"https:\/\/czerwonagora.pl\/index.php\/wp-json\/wp\/v2\/posts"}],"about":[{"href":"https:\/\/czerwonagora.pl\/index.php\/wp-json\/wp\/v2\/types\/post"}],"author":[{"embeddable":true,"href":"https:\/\/czerwonagora.pl\/index.php\/wp-json\/wp\/v2\/users\/9"}],"replies":[{"embeddable":true,"href":"https:\/\/czerwonagora.pl\/index.php\/wp-json\/wp\/v2\/comments?post=16964"}],"version-history":[{"count":9,"href":"https:\/\/czerwonagora.pl\/index.php\/wp-json\/wp\/v2\/posts\/16964\/revisions"}],"predecessor-version":[{"id":16975,"href":"https:\/\/czerwonagora.pl\/index.php\/wp-json\/wp\/v2\/posts\/16964\/revisions\/16975"}],"wp:featuredmedia":[{"embeddable":true,"href":"https:\/\/czerwonagora.pl\/index.php\/wp-json\/wp\/v2\/media\/8233"}],"wp:attachment":[{"href":"https:\/\/czerwonagora.pl\/index.php\/wp-json\/wp\/v2\/media?parent=16964"}],"wp:term":[{"taxonomy":"category","embeddable":true,"href":"https:\/\/czerwonagora.pl\/index.php\/wp-json\/wp\/v2\/categories?post=16964"},{"taxonomy":"post_tag","embeddable":true,"href":"https:\/\/czerwonagora.pl\/index.php\/wp-json\/wp\/v2\/tags?post=16964"}],"curies":[{"name":"wp","href":"https:\/\/api.w.org\/{rel}","templated":true}]}}