{"id":17644,"date":"2022-10-26T11:18:36","date_gmt":"2022-10-26T09:18:36","guid":{"rendered":"https:\/\/czerwonagora.pl\/?p=17644"},"modified":"2022-10-28T18:58:08","modified_gmt":"2022-10-28T16:58:08","slug":"ogloszenie-o-konkursie-na-stanowisko-pielegniarki-koordynujacej-oddzialu-vi-chirurgii-ogolnej-i-onkologicznej","status":"publish","type":"post","link":"https:\/\/czerwonagora.pl\/index.php\/2022\/10\/26\/ogloszenie-o-konkursie-na-stanowisko-pielegniarki-koordynujacej-oddzialu-vi-chirurgii-ogolnej-i-onkologicznej\/","title":{"rendered":"Og\u0142oszenie o konkursie na stanowisko Piel\u0119gniarki Koordynuj\u0105cej Oddzia\u0142u VI Chirurgii Og\u00f3lnej i Onkologicznej"},"content":{"rendered":"\t\t<div data-elementor-type=\"wp-post\" data-elementor-id=\"17644\" class=\"elementor elementor-17644\">\n\t\t\t\t\t\t<section class=\"elementor-section elementor-top-section elementor-element elementor-element-404ad46 elementor-section-boxed elementor-section-height-default elementor-section-height-default\" data-id=\"404ad46\" data-element_type=\"section\" data-e-type=\"section\">\n\t\t\t\t\t\t<div class=\"elementor-container elementor-column-gap-default\">\n\t\t\t\t\t<div class=\"elementor-column elementor-col-100 elementor-top-column elementor-element elementor-element-0bb7311\" data-id=\"0bb7311\" data-element_type=\"column\" data-e-type=\"column\">\n\t\t\t<div class=\"elementor-widget-wrap elementor-element-populated\">\n\t\t\t\t\t\t<div class=\"elementor-element elementor-element-64e2157 elementor-widget elementor-widget-text-editor\" data-id=\"64e2157\" data-element_type=\"widget\" data-e-type=\"widget\" data-widget_type=\"text-editor.default\">\n\t\t\t\t<div class=\"elementor-widget-container\">\n\t\t\t\t\t\t\t\t\t<center><strong>DYREKTOR WOJEW\u00d3DZKIEGO SZPITALA SPECJALISTYCZNEGO<\/strong><br>\n\n<strong> im. \u015bw. Rafa\u0142a w Czerwonej G\u00f3rze<br><\/strong>\n\nog\u0142asza<br>\n\n<strong>konkurs\u00a0 na stanowisko Piel\u0119gniarki Koordynuj\u0105cej Oddzia\u0142u VI Chirurgii Og\u00f3lnej i Onkologicznej<\/strong><\/center>\t\t\t\t\t\t\t\t<\/div>\n\t\t\t\t<\/div>\n\t\t\t\t<div class=\"elementor-element elementor-element-f571181 elementor-widget elementor-widget-text-editor\" data-id=\"f571181\" data-element_type=\"widget\" data-e-type=\"widget\" data-widget_type=\"text-editor.default\">\n\t\t\t\t<div class=\"elementor-widget-container\">\n\t\t\t\t\t\t\t\t\t<p>Kandydaci spe\u0142niaj\u0105cy wymogi kwalifikacyjne okre\u015blone w Rozporz\u0105dzeniu\u00a0 MZ<br \/>z dnia 20 lipca 2011r. w sprawie kwalifikacji wymaganych od pracownik\u00f3w na poszczeg\u00f3lnych rodzajach stanowisk pracy w podmiotach leczniczych nieb\u0119d\u0105cych przedsi\u0119biorcami<br \/>( Dz. U. Nr 151 poz. 896 z p\u00f3\u017a. zm.) proszeni s\u0105 o sk\u0142adanie nast\u0119puj\u0105cych dokument\u00f3w:<\/p><ul><li>podanie o przyj\u0119cie na stanowisko obj\u0119te konkursem;<\/li><li>opisany przez kandydata przebieg pracy zawodowej;<\/li><li>dokumenty potwierdzaj\u0105ce wykszta\u0142cenie i kwalifikacje zawodowe wymagane do zajmowania danego stanowiska;<\/li><li>prawo wykonywania zawodu;<\/li><li>opisana koncepcja kierowania Oddzia\u0142em VI Chirurgii Og\u00f3lnej i Onkologicznej;<\/li><li>inne dokumenty, w szczeg\u00f3lno\u015bci potwierdzaj\u0105ce dorobek i kwalifikacje zawodowe kandydata;<\/li><li>o\u015bwiadczenia, \u017ce kandydat\/ka :<\/li><\/ul><p>1)wyra\u017ca zgod\u0119 na przetwarzanie danych osobowych w celach przeprowadzenia post\u0119powania konkursowego na dane stanowisko,<br \/>2)posiada obywatelstwo polskie,<br \/>3)ma pe\u0142n\u0105 zdolno\u015b\u0107 do czynno\u015bci prawnych,<br \/>4)korzysta z pe\u0142ni praw publicznych,<br \/>5)nie by\u0142\/a karany\/a,<br \/>6)posiada\u00a0 wykszta\u0142cenie wy\u017csze \u2013 tytu\u0142 mgr piel\u0119gniarstwa oraz dyplom specjalisty w dziedzinie<br \/>piel\u0119gniarstwa chirurgicznego,<br \/>7)posiada do\u015bwiadczenie zawodowe.<\/p><p>Dokumenty mo\u017cna przesy\u0142a\u0107 na adres Szpitala lub sk\u0142ada\u0107 w Sekretariacie Szpitala do dnia <strong>10.11.2022r.<br \/><\/strong>z dopiskiem na kopercie\u201e <strong>Konkurs na stanowisko Piel\u0119gniarki Koordynuj\u0105cej Oddzia\u0142u VI Chirurgii Og\u00f3lnej i Onkologicznej\u201d.<\/strong><\/p><p>Na kopercie kandydat umieszcza swoje imi\u0119 i nazwisko oraz adres i telefon kontaktowy.<\/p><p>O terminie przeprowadzenia konkursu kandydaci zostan\u0105 powiadomieni indywidualnie.<\/p><p>Szczeg\u00f3\u0142owych informacji dotycz\u0105cych zatrudnienia udziela Dzia\u0142 Kadr pod numerem<br \/>tel: (041) 34-655-45 w.230<\/p><p>Ch\u0119ciny, dnia 2022-10-21<\/p>\t\t\t\t\t\t\t\t<\/div>\n\t\t\t\t<\/div>\n\t\t\t\t\t<\/div>\n\t\t<\/div>\n\t\t\t\t\t<\/div>\n\t\t<\/section>\n\t\t\t\t<section class=\"elementor-section elementor-top-section elementor-element elementor-element-1ecafbc elementor-section-boxed elementor-section-height-default elementor-section-height-default\" data-id=\"1ecafbc\" data-element_type=\"section\" data-e-type=\"section\" data-settings=\"{&quot;background_background&quot;:&quot;classic&quot;}\">\n\t\t\t\t\t\t<div class=\"elementor-container elementor-column-gap-default\">\n\t\t\t\t\t<div class=\"elementor-column elementor-col-25 elementor-top-column elementor-element elementor-element-a9fbaab\" data-id=\"a9fbaab\" data-element_type=\"column\" data-e-type=\"column\">\n\t\t\t<div class=\"elementor-widget-wrap elementor-element-populated\">\n\t\t\t\t\t\t<div class=\"elementor-element elementor-element-6f6f213 elementor-view-default elementor-widget elementor-widget-icon\" data-id=\"6f6f213\" data-element_type=\"widget\" data-e-type=\"widget\" data-widget_type=\"icon.default\">\n\t\t\t\t<div class=\"elementor-widget-container\">\n\t\t\t\t\t\t\t<div class=\"elementor-icon-wrapper\">\n\t\t\t<div class=\"elementor-icon\">\n\t\t\t<i aria-hidden=\"true\" class=\"far fa-file-pdf\"><\/i>\t\t\t<\/div>\n\t\t<\/div>\n\t\t\t\t\t\t<\/div>\n\t\t\t\t<\/div>\n\t\t\t\t\t<\/div>\n\t\t<\/div>\n\t\t\t\t<div class=\"elementor-column elementor-col-50 elementor-top-column elementor-element elementor-element-8a74300\" data-id=\"8a74300\" data-element_type=\"column\" data-e-type=\"column\">\n\t\t\t<div class=\"elementor-widget-wrap elementor-element-populated\">\n\t\t\t\t\t\t<div class=\"elementor-element elementor-element-7b13f42 elementor-widget elementor-widget-text-editor\" data-id=\"7b13f42\" data-element_type=\"widget\" data-e-type=\"widget\" data-widget_type=\"text-editor.default\">\n\t\t\t\t<div class=\"elementor-widget-container\">\n\t\t\t\t\t\t\t\t\t<p><strong>Dokumenty do pobrania<\/strong> &#8211; Og\u0142oszenie o konkursie ofert<\/p>\t\t\t\t\t\t\t\t<\/div>\n\t\t\t\t<\/div>\n\t\t\t\t\t<\/div>\n\t\t<\/div>\n\t\t\t\t<div class=\"elementor-column elementor-col-25 elementor-top-column elementor-element elementor-element-e88c93b\" data-id=\"e88c93b\" data-element_type=\"column\" data-e-type=\"column\">\n\t\t\t<div class=\"elementor-widget-wrap elementor-element-populated\">\n\t\t\t\t\t\t<div class=\"elementor-element elementor-element-986002c elementor-align-center elementor-widget elementor-widget-button\" data-id=\"986002c\" data-element_type=\"widget\" data-e-type=\"widget\" data-widget_type=\"button.default\">\n\t\t\t\t<div class=\"elementor-widget-container\">\n\t\t\t\t\t\t\t\t\t<div class=\"elementor-button-wrapper\">\n\t\t\t\t\t<a class=\"elementor-button elementor-button-link elementor-size-sm elementor-animation-grow\" href=\"https:\/\/czerwonagora.pl\/wp-content\/uploads\/2022\/10\/SKMBT_C22022102608170.pdf\">\n\t\t\t\t\t\t<span class=\"elementor-button-content-wrapper\">\n\t\t\t\t\t\t\t\t\t<span class=\"elementor-button-text\">Pobierz<\/span>\n\t\t\t\t\t<\/span>\n\t\t\t\t\t<\/a>\n\t\t\t\t<\/div>\n\t\t\t\t\t\t\t\t<\/div>\n\t\t\t\t<\/div>\n\t\t\t\t\t<\/div>\n\t\t<\/div>\n\t\t\t\t\t<\/div>\n\t\t<\/section>\n\t\t\t\t<\/div>\n\t\t","protected":false},"excerpt":{"rendered":"<p>DYREKTOR WOJEW\u00d3DZKIEGO SZPITALA SPECJALISTYCZNEGO im. \u015bw. Rafa\u0142a w Czerwonej G\u00f3rze og\u0142asza konkurs\u00a0 na stanowisko Piel\u0119gniarki Koordynuj\u0105cej Oddzia\u0142u VI Chirurgii Og\u00f3lnej i Onkologicznej Kandydaci spe\u0142niaj\u0105cy wymogi kwalifikacyjne okre\u015blone w Rozporz\u0105dzeniu\u00a0 MZz dnia 20 lipca 2011r. w sprawie kwalifikacji wymaganych od pracownik\u00f3w na poszczeg\u00f3lnych rodzajach stanowisk pracy w podmiotach leczniczych nieb\u0119d\u0105cych przedsi\u0119biorcami( Dz. U. Nr 151 poz. [&hellip;]<\/p>\n","protected":false},"author":9,"featured_media":11317,"comment_status":"closed","ping_status":"closed","sticky":false,"template":"","format":"standard","meta":{"zakra_page_container_layout":"customizer","zakra_page_sidebar_layout":"customizer","zakra_remove_content_margin":false,"zakra_sidebar":"customizer","zakra_transparent_header":"customizer","zakra_logo":0,"zakra_main_header_style":"default","zakra_menu_item_color":"","zakra_menu_item_hover_color":"","zakra_menu_item_active_color":"","zakra_menu_active_style":"","zakra_page_header":true,"footnotes":""},"categories":[42],"tags":[],"class_list":["post-17644","post","type-post","status-publish","format-standard","has-post-thumbnail","hentry","category-oferty-pracy"],"yoast_head":"<!-- This site is optimized with the Yoast SEO plugin v27.4 - https:\/\/yoast.com\/product\/yoast-seo-wordpress\/ -->\n<title>Og\u0142oszenie o konkursie na stanowisko Piel\u0119gniarki Koordynuj\u0105cej Oddzia\u0142u VI Chirurgii Og\u00f3lnej i Onkologicznej - Wojew\u00f3dzki Szpital Specjalistyczny im. \u015aw. Rafa\u0142a w Czerwonej G\u00f3rze<\/title>\n<meta name=\"robots\" content=\"index, follow, max-snippet:-1, max-image-preview:large, max-video-preview:-1\" \/>\n<link rel=\"canonical\" href=\"https:\/\/czerwonagora.pl\/index.php\/2022\/10\/26\/ogloszenie-o-konkursie-na-stanowisko-pielegniarki-koordynujacej-oddzialu-vi-chirurgii-ogolnej-i-onkologicznej\/\" \/>\n<meta property=\"og:locale\" content=\"pl_PL\" \/>\n<meta property=\"og:type\" content=\"article\" \/>\n<meta property=\"og:title\" content=\"Og\u0142oszenie o konkursie na stanowisko Piel\u0119gniarki Koordynuj\u0105cej Oddzia\u0142u VI Chirurgii Og\u00f3lnej i Onkologicznej - Wojew\u00f3dzki Szpital Specjalistyczny im. \u015aw. Rafa\u0142a w Czerwonej G\u00f3rze\" \/>\n<meta property=\"og:description\" content=\"DYREKTOR WOJEW\u00d3DZKIEGO SZPITALA SPECJALISTYCZNEGO im. \u015bw. Rafa\u0142a w Czerwonej G\u00f3rze og\u0142asza konkurs\u00a0 na stanowisko Piel\u0119gniarki Koordynuj\u0105cej Oddzia\u0142u VI Chirurgii Og\u00f3lnej i Onkologicznej Kandydaci spe\u0142niaj\u0105cy wymogi kwalifikacyjne okre\u015blone w Rozporz\u0105dzeniu\u00a0 MZz dnia 20 lipca 2011r. w sprawie kwalifikacji wymaganych od pracownik\u00f3w na poszczeg\u00f3lnych rodzajach stanowisk pracy w podmiotach leczniczych nieb\u0119d\u0105cych przedsi\u0119biorcami( Dz. U. Nr 151 poz. [&hellip;]\" \/>\n<meta property=\"og:url\" content=\"https:\/\/czerwonagora.pl\/index.php\/2022\/10\/26\/ogloszenie-o-konkursie-na-stanowisko-pielegniarki-koordynujacej-oddzialu-vi-chirurgii-ogolnej-i-onkologicznej\/\" \/>\n<meta property=\"og:site_name\" content=\"Wojew\u00f3dzki Szpital Specjalistyczny im. \u015aw. Rafa\u0142a w Czerwonej G\u00f3rze\" \/>\n<meta property=\"article:publisher\" content=\"https:\/\/www.facebook.com\/SzpitalCzerwonaGora\/\" \/>\n<meta property=\"article:published_time\" content=\"2022-10-26T09:18:36+00:00\" \/>\n<meta property=\"article:modified_time\" content=\"2022-10-28T16:58:08+00:00\" \/>\n<meta property=\"og:image\" content=\"https:\/\/czerwonagora.pl\/wp-content\/uploads\/2021\/07\/Ogloszenie.png\" \/>\n\t<meta property=\"og:image:width\" content=\"803\" \/>\n\t<meta property=\"og:image:height\" content=\"360\" \/>\n\t<meta property=\"og:image:type\" content=\"image\/png\" \/>\n<meta name=\"author\" content=\"Jan Anderman\" \/>\n<meta name=\"twitter:card\" content=\"summary_large_image\" \/>\n<meta name=\"twitter:label1\" content=\"Napisane przez\" \/>\n\t<meta name=\"twitter:data1\" content=\"Jan Anderman\" \/>\n<script type=\"application\/ld+json\" class=\"yoast-schema-graph\">{\"@context\":\"https:\\\/\\\/schema.org\",\"@graph\":[{\"@type\":\"Article\",\"@id\":\"https:\\\/\\\/czerwonagora.pl\\\/index.php\\\/2022\\\/10\\\/26\\\/ogloszenie-o-konkursie-na-stanowisko-pielegniarki-koordynujacej-oddzialu-vi-chirurgii-ogolnej-i-onkologicznej\\\/#article\",\"isPartOf\":{\"@id\":\"https:\\\/\\\/czerwonagora.pl\\\/index.php\\\/2022\\\/10\\\/26\\\/ogloszenie-o-konkursie-na-stanowisko-pielegniarki-koordynujacej-oddzialu-vi-chirurgii-ogolnej-i-onkologicznej\\\/\"},\"author\":{\"name\":\"Jan Anderman\",\"@id\":\"https:\\\/\\\/czerwonagora.pl\\\/#\\\/schema\\\/person\\\/8b70983499a382afa6978e88bcfde1b8\"},\"headline\":\"Og\u0142oszenie o konkursie na stanowisko Piel\u0119gniarki Koordynuj\u0105cej Oddzia\u0142u VI Chirurgii Og\u00f3lnej i Onkologicznej\",\"datePublished\":\"2022-10-26T09:18:36+00:00\",\"dateModified\":\"2022-10-28T16:58:08+00:00\",\"mainEntityOfPage\":{\"@id\":\"https:\\\/\\\/czerwonagora.pl\\\/index.php\\\/2022\\\/10\\\/26\\\/ogloszenie-o-konkursie-na-stanowisko-pielegniarki-koordynujacej-oddzialu-vi-chirurgii-ogolnej-i-onkologicznej\\\/\"},\"wordCount\":305,\"publisher\":{\"@id\":\"https:\\\/\\\/czerwonagora.pl\\\/#organization\"},\"image\":{\"@id\":\"https:\\\/\\\/czerwonagora.pl\\\/index.php\\\/2022\\\/10\\\/26\\\/ogloszenie-o-konkursie-na-stanowisko-pielegniarki-koordynujacej-oddzialu-vi-chirurgii-ogolnej-i-onkologicznej\\\/#primaryimage\"},\"thumbnailUrl\":\"https:\\\/\\\/czerwonagora.pl\\\/wp-content\\\/uploads\\\/2021\\\/07\\\/Ogloszenie.png\",\"articleSection\":[\"Oferty pracy\"],\"inLanguage\":\"pl-PL\"},{\"@type\":\"WebPage\",\"@id\":\"https:\\\/\\\/czerwonagora.pl\\\/index.php\\\/2022\\\/10\\\/26\\\/ogloszenie-o-konkursie-na-stanowisko-pielegniarki-koordynujacej-oddzialu-vi-chirurgii-ogolnej-i-onkologicznej\\\/\",\"url\":\"https:\\\/\\\/czerwonagora.pl\\\/index.php\\\/2022\\\/10\\\/26\\\/ogloszenie-o-konkursie-na-stanowisko-pielegniarki-koordynujacej-oddzialu-vi-chirurgii-ogolnej-i-onkologicznej\\\/\",\"name\":\"Og\u0142oszenie o konkursie na stanowisko Piel\u0119gniarki Koordynuj\u0105cej Oddzia\u0142u VI Chirurgii Og\u00f3lnej i Onkologicznej - Wojew\u00f3dzki Szpital Specjalistyczny im. \u015aw. Rafa\u0142a w Czerwonej G\u00f3rze\",\"isPartOf\":{\"@id\":\"https:\\\/\\\/czerwonagora.pl\\\/#website\"},\"primaryImageOfPage\":{\"@id\":\"https:\\\/\\\/czerwonagora.pl\\\/index.php\\\/2022\\\/10\\\/26\\\/ogloszenie-o-konkursie-na-stanowisko-pielegniarki-koordynujacej-oddzialu-vi-chirurgii-ogolnej-i-onkologicznej\\\/#primaryimage\"},\"image\":{\"@id\":\"https:\\\/\\\/czerwonagora.pl\\\/index.php\\\/2022\\\/10\\\/26\\\/ogloszenie-o-konkursie-na-stanowisko-pielegniarki-koordynujacej-oddzialu-vi-chirurgii-ogolnej-i-onkologicznej\\\/#primaryimage\"},\"thumbnailUrl\":\"https:\\\/\\\/czerwonagora.pl\\\/wp-content\\\/uploads\\\/2021\\\/07\\\/Ogloszenie.png\",\"datePublished\":\"2022-10-26T09:18:36+00:00\",\"dateModified\":\"2022-10-28T16:58:08+00:00\",\"breadcrumb\":{\"@id\":\"https:\\\/\\\/czerwonagora.pl\\\/index.php\\\/2022\\\/10\\\/26\\\/ogloszenie-o-konkursie-na-stanowisko-pielegniarki-koordynujacej-oddzialu-vi-chirurgii-ogolnej-i-onkologicznej\\\/#breadcrumb\"},\"inLanguage\":\"pl-PL\",\"potentialAction\":[{\"@type\":\"ReadAction\",\"target\":[\"https:\\\/\\\/czerwonagora.pl\\\/index.php\\\/2022\\\/10\\\/26\\\/ogloszenie-o-konkursie-na-stanowisko-pielegniarki-koordynujacej-oddzialu-vi-chirurgii-ogolnej-i-onkologicznej\\\/\"]}]},{\"@type\":\"ImageObject\",\"inLanguage\":\"pl-PL\",\"@id\":\"https:\\\/\\\/czerwonagora.pl\\\/index.php\\\/2022\\\/10\\\/26\\\/ogloszenie-o-konkursie-na-stanowisko-pielegniarki-koordynujacej-oddzialu-vi-chirurgii-ogolnej-i-onkologicznej\\\/#primaryimage\",\"url\":\"https:\\\/\\\/czerwonagora.pl\\\/wp-content\\\/uploads\\\/2021\\\/07\\\/Ogloszenie.png\",\"contentUrl\":\"https:\\\/\\\/czerwonagora.pl\\\/wp-content\\\/uploads\\\/2021\\\/07\\\/Ogloszenie.png\",\"width\":803,\"height\":360,\"caption\":\"logo szpitala na niebieskim tle z bia\u0142ymi literami Og\u0142oszenie\"},{\"@type\":\"BreadcrumbList\",\"@id\":\"https:\\\/\\\/czerwonagora.pl\\\/index.php\\\/2022\\\/10\\\/26\\\/ogloszenie-o-konkursie-na-stanowisko-pielegniarki-koordynujacej-oddzialu-vi-chirurgii-ogolnej-i-onkologicznej\\\/#breadcrumb\",\"itemListElement\":[{\"@type\":\"ListItem\",\"position\":1,\"name\":\"Strona g\u0142\u00f3wna\",\"item\":\"https:\\\/\\\/czerwonagora.pl\\\/\"},{\"@type\":\"ListItem\",\"position\":2,\"name\":\"Og\u0142oszenie o konkursie na stanowisko Piel\u0119gniarki Koordynuj\u0105cej Oddzia\u0142u VI Chirurgii Og\u00f3lnej i Onkologicznej\"}]},{\"@type\":\"WebSite\",\"@id\":\"https:\\\/\\\/czerwonagora.pl\\\/#website\",\"url\":\"https:\\\/\\\/czerwonagora.pl\\\/\",\"name\":\"Wojew\u00f3dzki Szpital Specjalistyczny im. \u015aw. Rafa\u0142a w Czerwonej G\u00f3rze\",\"description\":\"Wojew\u00f3dzki Szpital Specjalistyczny im. \u015aw. Rafa\u0142a w Czerwonej G\u00f3rze\",\"publisher\":{\"@id\":\"https:\\\/\\\/czerwonagora.pl\\\/#organization\"},\"potentialAction\":[{\"@type\":\"SearchAction\",\"target\":{\"@type\":\"EntryPoint\",\"urlTemplate\":\"https:\\\/\\\/czerwonagora.pl\\\/?s={search_term_string}\"},\"query-input\":{\"@type\":\"PropertyValueSpecification\",\"valueRequired\":true,\"valueName\":\"search_term_string\"}}],\"inLanguage\":\"pl-PL\"},{\"@type\":\"Organization\",\"@id\":\"https:\\\/\\\/czerwonagora.pl\\\/#organization\",\"name\":\"Wojew\u00f3dzki Szpital Specjalistyczny im. \u015aw. Rafa\u0142a w Czerwonej G\u00f3rze\",\"url\":\"https:\\\/\\\/czerwonagora.pl\\\/\",\"logo\":{\"@type\":\"ImageObject\",\"inLanguage\":\"pl-PL\",\"@id\":\"https:\\\/\\\/czerwonagora.pl\\\/#\\\/schema\\\/logo\\\/image\\\/\",\"url\":\"https:\\\/\\\/czerwonagora.pl\\\/wp-content\\\/uploads\\\/2021\\\/06\\\/Logo-WSS-DUZE-transparentne.png\",\"contentUrl\":\"https:\\\/\\\/czerwonagora.pl\\\/wp-content\\\/uploads\\\/2021\\\/06\\\/Logo-WSS-DUZE-transparentne.png\",\"width\":4210,\"height\":2975,\"caption\":\"Wojew\u00f3dzki Szpital Specjalistyczny im. \u015aw. Rafa\u0142a w Czerwonej G\u00f3rze\"},\"image\":{\"@id\":\"https:\\\/\\\/czerwonagora.pl\\\/#\\\/schema\\\/logo\\\/image\\\/\"},\"sameAs\":[\"https:\\\/\\\/www.facebook.com\\\/SzpitalCzerwonaGora\\\/\"]},{\"@type\":\"Person\",\"@id\":\"https:\\\/\\\/czerwonagora.pl\\\/#\\\/schema\\\/person\\\/8b70983499a382afa6978e88bcfde1b8\",\"name\":\"Jan Anderman\",\"image\":{\"@type\":\"ImageObject\",\"inLanguage\":\"pl-PL\",\"@id\":\"https:\\\/\\\/czerwonagora.pl\\\/wp-content\\\/litespeed\\\/avatar\\\/d5bc867d497b251469db97f076802c5f.jpg?ver=1777380281\",\"url\":\"https:\\\/\\\/czerwonagora.pl\\\/wp-content\\\/litespeed\\\/avatar\\\/d5bc867d497b251469db97f076802c5f.jpg?ver=1777380281\",\"contentUrl\":\"https:\\\/\\\/czerwonagora.pl\\\/wp-content\\\/litespeed\\\/avatar\\\/d5bc867d497b251469db97f076802c5f.jpg?ver=1777380281\",\"caption\":\"Jan Anderman\"},\"url\":\"https:\\\/\\\/czerwonagora.pl\\\/index.php\\\/author\\\/anderman\\\/\"}]}<\/script>\n<!-- \/ Yoast SEO plugin. -->","yoast_head_json":{"title":"Og\u0142oszenie o konkursie na stanowisko Piel\u0119gniarki Koordynuj\u0105cej Oddzia\u0142u VI Chirurgii Og\u00f3lnej i Onkologicznej - Wojew\u00f3dzki Szpital Specjalistyczny im. \u015aw. Rafa\u0142a w Czerwonej G\u00f3rze","robots":{"index":"index","follow":"follow","max-snippet":"max-snippet:-1","max-image-preview":"max-image-preview:large","max-video-preview":"max-video-preview:-1"},"canonical":"https:\/\/czerwonagora.pl\/index.php\/2022\/10\/26\/ogloszenie-o-konkursie-na-stanowisko-pielegniarki-koordynujacej-oddzialu-vi-chirurgii-ogolnej-i-onkologicznej\/","og_locale":"pl_PL","og_type":"article","og_title":"Og\u0142oszenie o konkursie na stanowisko Piel\u0119gniarki Koordynuj\u0105cej Oddzia\u0142u VI Chirurgii Og\u00f3lnej i Onkologicznej - Wojew\u00f3dzki Szpital Specjalistyczny im. \u015aw. Rafa\u0142a w Czerwonej G\u00f3rze","og_description":"DYREKTOR WOJEW\u00d3DZKIEGO SZPITALA SPECJALISTYCZNEGO im. \u015bw. Rafa\u0142a w Czerwonej G\u00f3rze og\u0142asza konkurs\u00a0 na stanowisko Piel\u0119gniarki Koordynuj\u0105cej Oddzia\u0142u VI Chirurgii Og\u00f3lnej i Onkologicznej Kandydaci spe\u0142niaj\u0105cy wymogi kwalifikacyjne okre\u015blone w Rozporz\u0105dzeniu\u00a0 MZz dnia 20 lipca 2011r. w sprawie kwalifikacji wymaganych od pracownik\u00f3w na poszczeg\u00f3lnych rodzajach stanowisk pracy w podmiotach leczniczych nieb\u0119d\u0105cych przedsi\u0119biorcami( Dz. U. Nr 151 poz. [&hellip;]","og_url":"https:\/\/czerwonagora.pl\/index.php\/2022\/10\/26\/ogloszenie-o-konkursie-na-stanowisko-pielegniarki-koordynujacej-oddzialu-vi-chirurgii-ogolnej-i-onkologicznej\/","og_site_name":"Wojew\u00f3dzki Szpital Specjalistyczny im. \u015aw. Rafa\u0142a w Czerwonej G\u00f3rze","article_publisher":"https:\/\/www.facebook.com\/SzpitalCzerwonaGora\/","article_published_time":"2022-10-26T09:18:36+00:00","article_modified_time":"2022-10-28T16:58:08+00:00","og_image":[{"width":803,"height":360,"url":"https:\/\/czerwonagora.pl\/wp-content\/uploads\/2021\/07\/Ogloszenie.png","type":"image\/png"}],"author":"Jan Anderman","twitter_card":"summary_large_image","twitter_misc":{"Napisane przez":"Jan Anderman"},"schema":{"@context":"https:\/\/schema.org","@graph":[{"@type":"Article","@id":"https:\/\/czerwonagora.pl\/index.php\/2022\/10\/26\/ogloszenie-o-konkursie-na-stanowisko-pielegniarki-koordynujacej-oddzialu-vi-chirurgii-ogolnej-i-onkologicznej\/#article","isPartOf":{"@id":"https:\/\/czerwonagora.pl\/index.php\/2022\/10\/26\/ogloszenie-o-konkursie-na-stanowisko-pielegniarki-koordynujacej-oddzialu-vi-chirurgii-ogolnej-i-onkologicznej\/"},"author":{"name":"Jan Anderman","@id":"https:\/\/czerwonagora.pl\/#\/schema\/person\/8b70983499a382afa6978e88bcfde1b8"},"headline":"Og\u0142oszenie o konkursie na stanowisko Piel\u0119gniarki Koordynuj\u0105cej Oddzia\u0142u VI Chirurgii Og\u00f3lnej i Onkologicznej","datePublished":"2022-10-26T09:18:36+00:00","dateModified":"2022-10-28T16:58:08+00:00","mainEntityOfPage":{"@id":"https:\/\/czerwonagora.pl\/index.php\/2022\/10\/26\/ogloszenie-o-konkursie-na-stanowisko-pielegniarki-koordynujacej-oddzialu-vi-chirurgii-ogolnej-i-onkologicznej\/"},"wordCount":305,"publisher":{"@id":"https:\/\/czerwonagora.pl\/#organization"},"image":{"@id":"https:\/\/czerwonagora.pl\/index.php\/2022\/10\/26\/ogloszenie-o-konkursie-na-stanowisko-pielegniarki-koordynujacej-oddzialu-vi-chirurgii-ogolnej-i-onkologicznej\/#primaryimage"},"thumbnailUrl":"https:\/\/czerwonagora.pl\/wp-content\/uploads\/2021\/07\/Ogloszenie.png","articleSection":["Oferty pracy"],"inLanguage":"pl-PL"},{"@type":"WebPage","@id":"https:\/\/czerwonagora.pl\/index.php\/2022\/10\/26\/ogloszenie-o-konkursie-na-stanowisko-pielegniarki-koordynujacej-oddzialu-vi-chirurgii-ogolnej-i-onkologicznej\/","url":"https:\/\/czerwonagora.pl\/index.php\/2022\/10\/26\/ogloszenie-o-konkursie-na-stanowisko-pielegniarki-koordynujacej-oddzialu-vi-chirurgii-ogolnej-i-onkologicznej\/","name":"Og\u0142oszenie o konkursie na stanowisko Piel\u0119gniarki Koordynuj\u0105cej Oddzia\u0142u VI Chirurgii Og\u00f3lnej i Onkologicznej - Wojew\u00f3dzki Szpital Specjalistyczny im. \u015aw. Rafa\u0142a w Czerwonej G\u00f3rze","isPartOf":{"@id":"https:\/\/czerwonagora.pl\/#website"},"primaryImageOfPage":{"@id":"https:\/\/czerwonagora.pl\/index.php\/2022\/10\/26\/ogloszenie-o-konkursie-na-stanowisko-pielegniarki-koordynujacej-oddzialu-vi-chirurgii-ogolnej-i-onkologicznej\/#primaryimage"},"image":{"@id":"https:\/\/czerwonagora.pl\/index.php\/2022\/10\/26\/ogloszenie-o-konkursie-na-stanowisko-pielegniarki-koordynujacej-oddzialu-vi-chirurgii-ogolnej-i-onkologicznej\/#primaryimage"},"thumbnailUrl":"https:\/\/czerwonagora.pl\/wp-content\/uploads\/2021\/07\/Ogloszenie.png","datePublished":"2022-10-26T09:18:36+00:00","dateModified":"2022-10-28T16:58:08+00:00","breadcrumb":{"@id":"https:\/\/czerwonagora.pl\/index.php\/2022\/10\/26\/ogloszenie-o-konkursie-na-stanowisko-pielegniarki-koordynujacej-oddzialu-vi-chirurgii-ogolnej-i-onkologicznej\/#breadcrumb"},"inLanguage":"pl-PL","potentialAction":[{"@type":"ReadAction","target":["https:\/\/czerwonagora.pl\/index.php\/2022\/10\/26\/ogloszenie-o-konkursie-na-stanowisko-pielegniarki-koordynujacej-oddzialu-vi-chirurgii-ogolnej-i-onkologicznej\/"]}]},{"@type":"ImageObject","inLanguage":"pl-PL","@id":"https:\/\/czerwonagora.pl\/index.php\/2022\/10\/26\/ogloszenie-o-konkursie-na-stanowisko-pielegniarki-koordynujacej-oddzialu-vi-chirurgii-ogolnej-i-onkologicznej\/#primaryimage","url":"https:\/\/czerwonagora.pl\/wp-content\/uploads\/2021\/07\/Ogloszenie.png","contentUrl":"https:\/\/czerwonagora.pl\/wp-content\/uploads\/2021\/07\/Ogloszenie.png","width":803,"height":360,"caption":"logo szpitala na niebieskim tle z bia\u0142ymi literami Og\u0142oszenie"},{"@type":"BreadcrumbList","@id":"https:\/\/czerwonagora.pl\/index.php\/2022\/10\/26\/ogloszenie-o-konkursie-na-stanowisko-pielegniarki-koordynujacej-oddzialu-vi-chirurgii-ogolnej-i-onkologicznej\/#breadcrumb","itemListElement":[{"@type":"ListItem","position":1,"name":"Strona g\u0142\u00f3wna","item":"https:\/\/czerwonagora.pl\/"},{"@type":"ListItem","position":2,"name":"Og\u0142oszenie o konkursie na stanowisko Piel\u0119gniarki Koordynuj\u0105cej Oddzia\u0142u VI Chirurgii Og\u00f3lnej i Onkologicznej"}]},{"@type":"WebSite","@id":"https:\/\/czerwonagora.pl\/#website","url":"https:\/\/czerwonagora.pl\/","name":"Wojew\u00f3dzki Szpital Specjalistyczny im. \u015aw. Rafa\u0142a w Czerwonej G\u00f3rze","description":"Wojew\u00f3dzki Szpital Specjalistyczny im. \u015aw. Rafa\u0142a w Czerwonej G\u00f3rze","publisher":{"@id":"https:\/\/czerwonagora.pl\/#organization"},"potentialAction":[{"@type":"SearchAction","target":{"@type":"EntryPoint","urlTemplate":"https:\/\/czerwonagora.pl\/?s={search_term_string}"},"query-input":{"@type":"PropertyValueSpecification","valueRequired":true,"valueName":"search_term_string"}}],"inLanguage":"pl-PL"},{"@type":"Organization","@id":"https:\/\/czerwonagora.pl\/#organization","name":"Wojew\u00f3dzki Szpital Specjalistyczny im. \u015aw. Rafa\u0142a w Czerwonej G\u00f3rze","url":"https:\/\/czerwonagora.pl\/","logo":{"@type":"ImageObject","inLanguage":"pl-PL","@id":"https:\/\/czerwonagora.pl\/#\/schema\/logo\/image\/","url":"https:\/\/czerwonagora.pl\/wp-content\/uploads\/2021\/06\/Logo-WSS-DUZE-transparentne.png","contentUrl":"https:\/\/czerwonagora.pl\/wp-content\/uploads\/2021\/06\/Logo-WSS-DUZE-transparentne.png","width":4210,"height":2975,"caption":"Wojew\u00f3dzki Szpital Specjalistyczny im. \u015aw. Rafa\u0142a w Czerwonej G\u00f3rze"},"image":{"@id":"https:\/\/czerwonagora.pl\/#\/schema\/logo\/image\/"},"sameAs":["https:\/\/www.facebook.com\/SzpitalCzerwonaGora\/"]},{"@type":"Person","@id":"https:\/\/czerwonagora.pl\/#\/schema\/person\/8b70983499a382afa6978e88bcfde1b8","name":"Jan Anderman","image":{"@type":"ImageObject","inLanguage":"pl-PL","@id":"https:\/\/czerwonagora.pl\/wp-content\/litespeed\/avatar\/d5bc867d497b251469db97f076802c5f.jpg?ver=1777380281","url":"https:\/\/czerwonagora.pl\/wp-content\/litespeed\/avatar\/d5bc867d497b251469db97f076802c5f.jpg?ver=1777380281","contentUrl":"https:\/\/czerwonagora.pl\/wp-content\/litespeed\/avatar\/d5bc867d497b251469db97f076802c5f.jpg?ver=1777380281","caption":"Jan Anderman"},"url":"https:\/\/czerwonagora.pl\/index.php\/author\/anderman\/"}]}},"publishpress_future_action":{"enabled":false,"date":"2026-05-07 05:26:59","action":"change-status","newStatus":"draft","terms":[],"taxonomy":"category","extraData":[]},"publishpress_future_workflow_manual_trigger":{"enabledWorkflows":[]},"_links":{"self":[{"href":"https:\/\/czerwonagora.pl\/index.php\/wp-json\/wp\/v2\/posts\/17644","targetHints":{"allow":["GET"]}}],"collection":[{"href":"https:\/\/czerwonagora.pl\/index.php\/wp-json\/wp\/v2\/posts"}],"about":[{"href":"https:\/\/czerwonagora.pl\/index.php\/wp-json\/wp\/v2\/types\/post"}],"author":[{"embeddable":true,"href":"https:\/\/czerwonagora.pl\/index.php\/wp-json\/wp\/v2\/users\/9"}],"replies":[{"embeddable":true,"href":"https:\/\/czerwonagora.pl\/index.php\/wp-json\/wp\/v2\/comments?post=17644"}],"version-history":[{"count":5,"href":"https:\/\/czerwonagora.pl\/index.php\/wp-json\/wp\/v2\/posts\/17644\/revisions"}],"predecessor-version":[{"id":17674,"href":"https:\/\/czerwonagora.pl\/index.php\/wp-json\/wp\/v2\/posts\/17644\/revisions\/17674"}],"wp:featuredmedia":[{"embeddable":true,"href":"https:\/\/czerwonagora.pl\/index.php\/wp-json\/wp\/v2\/media\/11317"}],"wp:attachment":[{"href":"https:\/\/czerwonagora.pl\/index.php\/wp-json\/wp\/v2\/media?parent=17644"}],"wp:term":[{"taxonomy":"category","embeddable":true,"href":"https:\/\/czerwonagora.pl\/index.php\/wp-json\/wp\/v2\/categories?post=17644"},{"taxonomy":"post_tag","embeddable":true,"href":"https:\/\/czerwonagora.pl\/index.php\/wp-json\/wp\/v2\/tags?post=17644"}],"curies":[{"name":"wp","href":"https:\/\/api.w.org\/{rel}","templated":true}]}}