{"id":17904,"date":"2022-11-22T14:06:43","date_gmt":"2022-11-22T13:06:43","guid":{"rendered":"https:\/\/czerwonagora.pl\/?p=17904"},"modified":"2022-11-22T14:11:17","modified_gmt":"2022-11-22T13:11:17","slug":"nabor-na-stanowisko-mlodszy-asystent-farmacji-w-aptece-szpitalnej","status":"publish","type":"post","link":"https:\/\/czerwonagora.pl\/index.php\/2022\/11\/22\/nabor-na-stanowisko-mlodszy-asystent-farmacji-w-aptece-szpitalnej\/","title":{"rendered":"Nab\u00f3r na stanowisko M\u0142odszy Asystent Farmacji w Aptece Szpitalnej"},"content":{"rendered":"\t\t<div data-elementor-type=\"wp-post\" data-elementor-id=\"17904\" class=\"elementor elementor-17904\">\n\t\t\t\t\t\t<section class=\"elementor-section elementor-top-section elementor-element elementor-element-cdadbaa elementor-section-boxed elementor-section-height-default elementor-section-height-default\" data-id=\"cdadbaa\" data-element_type=\"section\" data-e-type=\"section\">\n\t\t\t\t\t\t<div class=\"elementor-container elementor-column-gap-default\">\n\t\t\t\t\t<div class=\"elementor-column elementor-col-100 elementor-top-column elementor-element elementor-element-e4f9227\" data-id=\"e4f9227\" data-element_type=\"column\" data-e-type=\"column\">\n\t\t\t<div class=\"elementor-widget-wrap elementor-element-populated\">\n\t\t\t\t\t\t<div class=\"elementor-element elementor-element-6b41d5c elementor-widget elementor-widget-heading\" data-id=\"6b41d5c\" data-element_type=\"widget\" data-e-type=\"widget\" data-widget_type=\"heading.default\">\n\t\t\t\t<div class=\"elementor-widget-container\">\n\t\t\t\t\t<h3 class=\"elementor-heading-title elementor-size-default\">Dyrektor Wojew\u00f3dzkiego Szpitala Specjalistycznego \nim. \u015bw. Rafa\u0142a w Czerwonej G\u00f3rze og\u0142asza nab\u00f3r na stanowisko \nM\u0142odszy Asystent Farmacji w Aptece Szpitalnej\n<\/h3>\t\t\t\t<\/div>\n\t\t\t\t<\/div>\n\t\t\t\t<section class=\"elementor-section elementor-inner-section elementor-element elementor-element-c21665f elementor-section-boxed elementor-section-height-default elementor-section-height-default\" data-id=\"c21665f\" data-element_type=\"section\" data-e-type=\"section\">\n\t\t\t\t\t\t<div class=\"elementor-container elementor-column-gap-default\">\n\t\t\t\t\t<div class=\"elementor-column elementor-col-100 elementor-inner-column elementor-element elementor-element-5bc2690\" data-id=\"5bc2690\" data-element_type=\"column\" data-e-type=\"column\" data-settings=\"{&quot;background_background&quot;:&quot;classic&quot;}\">\n\t\t\t<div class=\"elementor-widget-wrap elementor-element-populated\">\n\t\t\t\t\t\t<div class=\"elementor-element elementor-element-92fdbcd elementor-widget elementor-widget-heading\" data-id=\"92fdbcd\" data-element_type=\"widget\" data-e-type=\"widget\" data-widget_type=\"heading.default\">\n\t\t\t\t<div class=\"elementor-widget-container\">\n\t\t\t\t\t<h3 class=\"elementor-heading-title elementor-size-default\">Forma zatrudnienia<\/h3>\t\t\t\t<\/div>\n\t\t\t\t<\/div>\n\t\t\t\t<div class=\"elementor-element elementor-element-ba55dbd elementor-widget elementor-widget-text-editor\" data-id=\"ba55dbd\" data-element_type=\"widget\" data-e-type=\"widget\" data-widget_type=\"text-editor.default\">\n\t\t\t\t<div class=\"elementor-widget-container\">\n\t\t\t\t\t\t\t\t\t<p>Umowa o prac\u0119 \u2013 wymiar etatu: ca\u0142y etat, liczba stanowisk pracy: 1<\/p>\t\t\t\t\t\t\t\t<\/div>\n\t\t\t\t<\/div>\n\t\t\t\t\t<\/div>\n\t\t<\/div>\n\t\t\t\t\t<\/div>\n\t\t<\/section>\n\t\t\t\t\t<\/div>\n\t\t<\/div>\n\t\t\t\t\t<\/div>\n\t\t<\/section>\n\t\t\t\t<section class=\"elementor-section elementor-top-section elementor-element elementor-element-e226bdf elementor-section-boxed elementor-section-height-default elementor-section-height-default\" data-id=\"e226bdf\" data-element_type=\"section\" data-e-type=\"section\">\n\t\t\t\t\t\t<div class=\"elementor-container elementor-column-gap-default\">\n\t\t\t\t\t<div class=\"elementor-column elementor-col-100 elementor-top-column elementor-element elementor-element-0bc1cfd\" data-id=\"0bc1cfd\" data-element_type=\"column\" data-e-type=\"column\">\n\t\t\t<div class=\"elementor-widget-wrap elementor-element-populated\">\n\t\t\t\t\t\t<section class=\"elementor-section elementor-inner-section elementor-element elementor-element-38f55c1 elementor-section-boxed elementor-section-height-default elementor-section-height-default\" data-id=\"38f55c1\" data-element_type=\"section\" data-e-type=\"section\">\n\t\t\t\t\t\t<div class=\"elementor-container elementor-column-gap-default\">\n\t\t\t\t\t<div class=\"elementor-column elementor-col-50 elementor-inner-column elementor-element elementor-element-174f9dd\" data-id=\"174f9dd\" data-element_type=\"column\" data-e-type=\"column\">\n\t\t\t<div class=\"elementor-widget-wrap elementor-element-populated\">\n\t\t\t\t\t\t<div class=\"elementor-element elementor-element-eb22328 elementor-view-default elementor-widget elementor-widget-icon\" data-id=\"eb22328\" data-element_type=\"widget\" data-e-type=\"widget\" data-widget_type=\"icon.default\">\n\t\t\t\t<div class=\"elementor-widget-container\">\n\t\t\t\t\t\t\t<div class=\"elementor-icon-wrapper\">\n\t\t\t<div class=\"elementor-icon\">\n\t\t\t<i aria-hidden=\"true\" class=\"fas fa-tasks\"><\/i>\t\t\t<\/div>\n\t\t<\/div>\n\t\t\t\t\t\t<\/div>\n\t\t\t\t<\/div>\n\t\t\t\t\t<\/div>\n\t\t<\/div>\n\t\t\t\t<div class=\"elementor-column elementor-col-50 elementor-inner-column elementor-element elementor-element-c472c12\" data-id=\"c472c12\" data-element_type=\"column\" data-e-type=\"column\">\n\t\t\t<div class=\"elementor-widget-wrap elementor-element-populated\">\n\t\t\t\t\t\t<div class=\"elementor-element elementor-element-1aae2b5 elementor-widget elementor-widget-text-editor\" data-id=\"1aae2b5\" data-element_type=\"widget\" data-e-type=\"widget\" data-widget_type=\"text-editor.default\">\n\t\t\t\t<div class=\"elementor-widget-container\">\n\t\t\t\t\t\t\t\t\t<p><strong>Wymagania zwi\u0105zane ze stanowiskiem pracy:<\/strong><\/p><ul><li>Wykszta\u0142cenie wy\u017csze \u2013 magister farmacji i odbyty sta\u017c,<\/li><li>Znajomo\u015b\u0107 standard\u00f3w i procedur obowi\u0105zuj\u0105cych przy produkcji leku cytostatycznego w aptece szpitalnej,<\/li><li>Dok\u0142adno\u015b\u0107, precyzja w pracy manualnej,<\/li><li>Bieg\u0142a obs\u0142uga szpitalnych system\u00f3w informatycznych, w tym programu Cato lub gotowo\u015b\u0107 do szkole\u0144 w tym zakresie.<\/li><\/ul><p><strong>Przyk\u0142adowe zadania:<\/strong><\/p><ul><li>Sporz\u0105dzanie lek\u00f3w cytostatycznych w boksie pod lo\u017c\u0105 laminarn\u0105,<\/li><li>Planowanie i dokumentowanie produkcji leku cytostatycznego.<\/li><\/ul>\t\t\t\t\t\t\t\t<\/div>\n\t\t\t\t<\/div>\n\t\t\t\t\t<\/div>\n\t\t<\/div>\n\t\t\t\t\t<\/div>\n\t\t<\/section>\n\t\t\t\t\t<\/div>\n\t\t<\/div>\n\t\t\t\t\t<\/div>\n\t\t<\/section>\n\t\t\t\t<section class=\"elementor-section elementor-top-section elementor-element elementor-element-54021d9 elementor-section-boxed elementor-section-height-default elementor-section-height-default\" data-id=\"54021d9\" data-element_type=\"section\" data-e-type=\"section\" data-settings=\"{&quot;background_background&quot;:&quot;classic&quot;}\">\n\t\t\t\t\t\t<div class=\"elementor-container elementor-column-gap-default\">\n\t\t\t\t\t<div class=\"elementor-column elementor-col-100 elementor-top-column elementor-element elementor-element-028f9ad\" data-id=\"028f9ad\" data-element_type=\"column\" data-e-type=\"column\">\n\t\t\t<div class=\"elementor-widget-wrap elementor-element-populated\">\n\t\t\t\t\t\t<section class=\"elementor-section elementor-inner-section elementor-element elementor-element-b8358a7 elementor-section-boxed elementor-section-height-default elementor-section-height-default\" data-id=\"b8358a7\" data-element_type=\"section\" data-e-type=\"section\">\n\t\t\t\t\t\t<div class=\"elementor-container elementor-column-gap-default\">\n\t\t\t\t\t<div class=\"elementor-column elementor-col-50 elementor-inner-column elementor-element elementor-element-38985b0\" data-id=\"38985b0\" data-element_type=\"column\" data-e-type=\"column\">\n\t\t\t<div class=\"elementor-widget-wrap elementor-element-populated\">\n\t\t\t\t\t\t<div class=\"elementor-element elementor-element-b1d2a1f elementor-widget elementor-widget-text-editor\" data-id=\"b1d2a1f\" data-element_type=\"widget\" data-e-type=\"widget\" data-widget_type=\"text-editor.default\">\n\t\t\t\t<div class=\"elementor-widget-container\">\n\t\t\t\t\t\t\t\t\t<p><strong>Wymagane dokumenty i o\u015bwiadczenia:<\/strong><\/p><ul><li>CV,<\/li><li>O\u015bwiadczenie o wyra\u017ceniu zgody na przetwarzanie danych osobowych do cel\u00f3w rekrutacji wg za\u0142\u0105czonego wzoru,<\/li><li>Kopie dokument\u00f3w potwierdzaj\u0105cych wykszta\u0142cenie.<\/li><\/ul>\t\t\t\t\t\t\t\t<\/div>\n\t\t\t\t<\/div>\n\t\t\t\t\t<\/div>\n\t\t<\/div>\n\t\t\t\t<div class=\"elementor-column elementor-col-50 elementor-inner-column elementor-element elementor-element-f9845a9\" data-id=\"f9845a9\" data-element_type=\"column\" data-e-type=\"column\">\n\t\t\t<div class=\"elementor-widget-wrap elementor-element-populated\">\n\t\t\t\t\t\t<div class=\"elementor-element elementor-element-506539b elementor-view-default elementor-widget elementor-widget-icon\" data-id=\"506539b\" data-element_type=\"widget\" data-e-type=\"widget\" data-widget_type=\"icon.default\">\n\t\t\t\t<div class=\"elementor-widget-container\">\n\t\t\t\t\t\t\t<div class=\"elementor-icon-wrapper\">\n\t\t\t<div class=\"elementor-icon\">\n\t\t\t<i aria-hidden=\"true\" class=\"far fa-file-alt\"><\/i>\t\t\t<\/div>\n\t\t<\/div>\n\t\t\t\t\t\t<\/div>\n\t\t\t\t<\/div>\n\t\t\t\t\t<\/div>\n\t\t<\/div>\n\t\t\t\t\t<\/div>\n\t\t<\/section>\n\t\t\t\t\t<\/div>\n\t\t<\/div>\n\t\t\t\t\t<\/div>\n\t\t<\/section>\n\t\t\t\t<section class=\"elementor-section elementor-top-section elementor-element elementor-element-fbbfcce elementor-section-boxed elementor-section-height-default elementor-section-height-default\" data-id=\"fbbfcce\" data-element_type=\"section\" data-e-type=\"section\">\n\t\t\t\t\t\t<div class=\"elementor-container elementor-column-gap-default\">\n\t\t\t\t\t<div class=\"elementor-column elementor-col-100 elementor-top-column elementor-element elementor-element-75dbc65\" data-id=\"75dbc65\" data-element_type=\"column\" data-e-type=\"column\">\n\t\t\t<div class=\"elementor-widget-wrap elementor-element-populated\">\n\t\t\t\t\t\t<div class=\"elementor-element elementor-element-0adcf89 elementor-widget elementor-widget-heading\" data-id=\"0adcf89\" data-element_type=\"widget\" data-e-type=\"widget\" data-widget_type=\"heading.default\">\n\t\t\t\t<div class=\"elementor-widget-container\">\n\t\t\t\t\t<h3 class=\"elementor-heading-title elementor-size-default\">Termin sk\u0142adania dokument\u00f3w: 2022-11-25<\/h3>\t\t\t\t<\/div>\n\t\t\t\t<\/div>\n\t\t\t\t\t<\/div>\n\t\t<\/div>\n\t\t\t\t\t<\/div>\n\t\t<\/section>\n\t\t\t\t<section class=\"elementor-section elementor-top-section elementor-element elementor-element-e813ab1 elementor-section-boxed elementor-section-height-default elementor-section-height-default\" data-id=\"e813ab1\" data-element_type=\"section\" data-e-type=\"section\">\n\t\t\t\t\t\t<div class=\"elementor-container elementor-column-gap-default\">\n\t\t\t\t\t<div class=\"elementor-column elementor-col-100 elementor-top-column elementor-element elementor-element-b30428e\" data-id=\"b30428e\" data-element_type=\"column\" data-e-type=\"column\" data-settings=\"{&quot;background_background&quot;:&quot;classic&quot;}\">\n\t\t\t<div class=\"elementor-widget-wrap elementor-element-populated\">\n\t\t\t\t\t\t<section class=\"elementor-section elementor-inner-section elementor-element elementor-element-5bd32fb elementor-section-boxed elementor-section-height-default elementor-section-height-default\" data-id=\"5bd32fb\" data-element_type=\"section\" data-e-type=\"section\">\n\t\t\t\t\t\t<div class=\"elementor-container elementor-column-gap-default\">\n\t\t\t\t\t<div class=\"elementor-column elementor-col-100 elementor-inner-column elementor-element elementor-element-40f3eca\" data-id=\"40f3eca\" data-element_type=\"column\" data-e-type=\"column\">\n\t\t\t<div class=\"elementor-widget-wrap elementor-element-populated\">\n\t\t\t\t\t\t<div class=\"elementor-element elementor-element-143b47d elementor-widget elementor-widget-text-editor\" data-id=\"143b47d\" data-element_type=\"widget\" data-e-type=\"widget\" data-widget_type=\"text-editor.default\">\n\t\t\t\t<div class=\"elementor-widget-container\">\n\t\t\t\t\t\t\t\t\t<p><strong>Miejsce sk\u0142adania dokument\u00f3w:<br \/><\/strong>DZIA\u0141 KADR<br \/>Wojew\u00f3dzki Szpital<br \/>Specjalistyczny im. \u015bw. Rafa\u0142a<br \/>Czerwona G\u00f3ra 10, 26-060 Ch\u0119ciny<br \/><strong>\u00a0lub poczt\u0105 elektroniczn\u0105 na adres:\u00a0\u00a0<\/strong><\/p>\t\t\t\t\t\t\t\t<\/div>\n\t\t\t\t<\/div>\n\t\t\t\t\t<\/div>\n\t\t<\/div>\n\t\t\t\t\t<\/div>\n\t\t<\/section>\n\t\t\t\t<div class=\"elementor-element elementor-element-6098541 elementor-widget elementor-widget-text-editor\" data-id=\"6098541\" data-element_type=\"widget\" data-e-type=\"widget\" data-widget_type=\"text-editor.default\">\n\t\t\t\t<div class=\"elementor-widget-container\">\n\t\t\t\t\t\t\t\t\t<p><span style=\"font-weight: bold;\"><a href=\"mailto:k.resztak@czerwonagora.pl\">k.resztak@czerwonagora.pl<\/a><\/span><\/p>\t\t\t\t\t\t\t\t<\/div>\n\t\t\t\t<\/div>\n\t\t\t\t\t<\/div>\n\t\t<\/div>\n\t\t\t\t\t<\/div>\n\t\t<\/section>\n\t\t\t\t<section class=\"elementor-section elementor-top-section elementor-element elementor-element-33f2219 elementor-section-boxed elementor-section-height-default elementor-section-height-default\" data-id=\"33f2219\" data-element_type=\"section\" data-e-type=\"section\">\n\t\t\t\t\t\t<div class=\"elementor-container elementor-column-gap-default\">\n\t\t\t\t\t<div class=\"elementor-column elementor-col-100 elementor-top-column elementor-element elementor-element-5b518db\" data-id=\"5b518db\" data-element_type=\"column\" data-e-type=\"column\">\n\t\t\t<div class=\"elementor-widget-wrap elementor-element-populated\">\n\t\t\t\t\t\t<div class=\"elementor-element elementor-element-f2a1c69 elementor-widget elementor-widget-text-editor\" data-id=\"f2a1c69\" data-element_type=\"widget\" data-e-type=\"widget\" data-widget_type=\"text-editor.default\">\n\t\t\t\t<div class=\"elementor-widget-container\">\n\t\t\t\t\t\t\t\t\t<p><strong>Inne informacje : <\/strong><\/p><ol><li>Prosimy o do\u0142\u0105czenie za\u0142\u0105czonej klauzuli informacyjnej dotycz\u0105cej rekrutacji. W przypadku braku powy\u017cszej klauzuli nie b\u0119dziemy mogli rozpatrzy\u0107 Pani\/Pana aplikacji, a dokumenty aplikacyjne zostan\u0105 zniszczone. Dokumenty przes\u0142ane w procesie rekrutacji nie podlegaj\u0105 zwrotowi.<\/li><\/ol><ol start=\"2\"><li>Oferty otrzymane po terminie nie b\u0119d\u0105 rozpatrywane.<\/li><li>Zastrzega si\u0119 mo\u017cliwo\u015b\u0107 kontaktu wy\u0142\u0105cznie z wybranymi kandydatami.<\/li><li>Kandydatki\/ kandydaci spe\u0142niaj\u0105cy wymogi formalne okre\u015blone w og\u0142oszeniu o zakwalifikowaniu si\u0119 do kolejnego etapu post\u0119powania rekrutacyjnego zostan\u0105 powiadomieni telefonicznie. Oferty odrzucone zostan\u0105 zniszczone.<\/li><\/ol><ul><li><strong>Miejsce wykonywania pracy:<\/strong><p>WSS im. \u015bw. Rafa\u0142a w Czerwonej G\u00f3rze, ul. Czerwona G\u00f3ra 10, 26-060 Ch\u0119ciny.<\/p><\/li><\/ul><p><strong>Dodatkowych informacji udziela Dzia\u0142 Kadr pod numerem telefonu: (041) 346\u201355\u201345 w. 123, 230.<\/strong><\/p>\t\t\t\t\t\t\t\t<\/div>\n\t\t\t\t<\/div>\n\t\t\t\t\t<\/div>\n\t\t<\/div>\n\t\t\t\t\t<\/div>\n\t\t<\/section>\n\t\t\t\t<section class=\"elementor-section elementor-top-section elementor-element elementor-element-c4560eb elementor-section-boxed elementor-section-height-default elementor-section-height-default\" data-id=\"c4560eb\" data-element_type=\"section\" data-e-type=\"section\">\n\t\t\t\t\t\t<div class=\"elementor-container elementor-column-gap-default\">\n\t\t\t\t\t<div class=\"elementor-column elementor-col-100 elementor-top-column elementor-element elementor-element-74069fb\" data-id=\"74069fb\" data-element_type=\"column\" data-e-type=\"column\">\n\t\t\t<div class=\"elementor-widget-wrap elementor-element-populated\">\n\t\t\t\t\t\t<div class=\"elementor-element elementor-element-8c2b7ea elementor-widget elementor-widget-text-editor\" data-id=\"8c2b7ea\" data-element_type=\"widget\" data-e-type=\"widget\" data-widget_type=\"text-editor.default\">\n\t\t\t\t<div class=\"elementor-widget-container\">\n\t\t\t\t\t\t\t\t\t<p><strong>KLAUZULA INFORMACYJNA <br \/>DOTYCZ\u0104CA REKRUTACJI W SYSTEMIE INTERNETOWYM <\/strong><\/p><p>Zgodnie z art. 13 ust. 1 i 2 rozporz\u0105dzenia Parlamentu Europejskiego i Rady (UE) 2016\/679 z 27.04.2016 r. w sprawie ochrony os\u00f3b fizycznych w zwi\u0105zku z przetwarzaniem danych osobowych i w sprawie swobodnego przep\u0142ywu takich danych oraz uchylenia dyrektywy 95\/46\/WE (og\u00f3lne rozporz\u0105dzenie o ochronie danych) (Dz. U. UE. L. z 2016 r. Nr 119, str. 1) \u2013 dalej RODO informuj\u0119, i\u017c:<\/p><p>1)\u00a0\u00a0\u00a0\u00a0\u00a0 Administratorem Pani\/Pana danych osobowych jest Wojew\u00f3dzki Szpital Specjalistyczny im. \u015aw. Rafa\u0142a w Czerwonej G\u00f3rze, ul. Czerwona G\u00f3ra 10, 26-060 Ch\u0119ciny, tel.: 41\u00a0346 55 45, e-mail: <a href=\"mailto:czerwonagora@czerwonagora.pl\">czerwonagora@czerwonagora.pl<\/a> NIP: 959-12-89-964, Regon: 000296213.<\/p><p>2)\u00a0\u00a0\u00a0\u00a0\u00a0 Inspektorem ochrony danych w Wojew\u00f3dzkim Szpitalu Specjalistycznym im. \u015aw. Rafa\u0142a w Czerwonej G\u00f3rze jest Pan Wies\u0142aw Loch e-mail <a href=\"mailto:iod@czerwonagora.pl\">iod@czerwonagora.pl<\/a>, nr.tel. 41\u00a0346 55 45 w. 211;<\/p><p>3) Pani\/Pana dane osobowe przetwarzane b\u0119d\u0105 w celu przeprowadzenia procesu rekrutacji na stanowisko M\u0142odszy Asystent Farmacji w Aptece Szpitalnej na podstawie art. 6 ust. 1 lit. a RODO, na podstawie Pani\/Pana dobrowolnej zgody;<\/p><p>4)\u00a0\u00a0\u00a0\u00a0\u00a0 Odbiorc\u0105 Pani\/Pana danych osobowych jest WSS im. \u015aw. Rafa\u0142a w Czerwonej G\u00f3rze<\/p><p>*<em>(mo\u017cna wymieni\u0107 kategori\u0119 odbiorc\u00f3w o ile istniej\u0105)<\/em>;<\/p><p>5)\u00a0\u00a0\u00a0\u00a0\u00a0 Pani\/Pana dane osobowe b\u0119d\u0105 przechowywane przez okres niezb\u0119dny do przeprowadzenia rekrutacji. Dokumenty kandydata, kt\u00f3ry nie zostanie zatrudniony zostan\u0105 zniszczone niezw\u0142ocznie po zako\u0144czeniu procesu rekrutacji;<\/p><p>6)\u00a0\u00a0\u00a0\u00a0\u00a0 Posiada Pani\/Pan prawo dost\u0119pu do tre\u015bci swoich danych oraz prawo ich sprostowania, usuni\u0119cia, ograniczenia przetwarzania, prawo do przenoszenia danych, prawo wniesienia sprzeciwu, prawo do cofni\u0119cia zgody na ich przetwarzanie w dowolnym momencie bez wp\u0142ywu na zgodno\u015b\u0107 z prawem przetwarzania, kt\u00f3rego dokonano na podstawie zgody wyra\u017conej przed jej cofni\u0119ciem. O\u015bwiadczenie o cofni\u0119ciu zgody na przetwarzanie danych osobowych wymaga jego z\u0142o\u017cenia w formie pisemnej lub elektronicznej na adres mailowy <a href=\"mailto:iod@czerwonagora.pl\">iod@czerwonagora.pl<\/a>,<\/p><p>7)\u00a0\u00a0\u00a0\u00a0\u00a0 Ma Pan\/Pani prawo wniesienia skargi do Prezesa Urz\u0119du Ochrony Danych Osobowych, gdy uzna Pani\/Pan, i\u017c przetwarzanie danych osobowych Pani\/Pana dotycz\u0105cych narusza przepisy RODO;<\/p><p>8)\u00a0\u00a0\u00a0\u00a0\u00a0 Podanie przez Pana\/Pani\u0105 danych osobowych jest dobrowolne, ale konieczne dla cel\u00f3w zwi\u0105zanych z przeprowadzeniem procesu rekrutacji na stanowisko M\u0142odszy Asystent Farmacji w Aptece Szpitalnej;<\/p><p><strong>\u00a0<\/strong><\/p><p><strong>Klauzula zawieraj\u0105ca zgod\u0119 na przetwarzanie danych osobowych (na CV)<\/strong><\/p><p>Na podstawie art. 7 ust. 1 RODO o\u015bwiadczam, i\u017c wyra\u017cam zgod\u0119 na przetwarzanie przez administratora, kt\u00f3rym jest Wojew\u00f3dzki Szpital Specjalistyczny im. \u015aw. Rafa\u0142a w Czerwonej G\u00f3rze, ul. Czerwona G\u00f3ra 10, 26-060 Ch\u0119ciny, tel.: 41\u00a0346 55 45, e-mail: <a href=\"mailto:czerwonagora@czerwonagora.pl\">czerwonagora@czerwonagora.pl<\/a> NIP: 959-12-89-964, Regon: 000296213, moich danych osobowych w celu przeprowadzenia procedury rekrutacji na stanowisko M\u0142odszy Asystent Farmacji w Aptece Szpitalnej. Powy\u017csza zgoda zosta\u0142a wyra\u017cona dobrowolnie zgodnie z art. 4 pkt 11 RODO.<\/p><p>\u00a0<\/p><p>\u00a0\u00a0\u00a0\u00a0\u00a0\u00a0\u00a0\u00a0\u00a0\u00a0\u00a0\u00a0\u00a0\u00a0\u00a0\u00a0\u00a0\u00a0\u00a0\u00a0\u00a0\u00a0\u00a0\u00a0\u00a0\u00a0\u00a0\u00a0\u00a0\u00a0\u00a0\u00a0\u00a0\u00a0\u00a0\u00a0\u00a0\u00a0\u00a0\u00a0\u00a0\u00a0\u00a0\u00a0\u00a0\u00a0\u00a0\u00a0\u00a0\u00a0\u00a0\u00a0\u00a0\u00a0\u00a0\u00a0\u00a0\u00a0\u00a0\u00a0\u00a0\u00a0\u00a0\u00a0\u00a0\u00a0\u00a0\u00a0\u00a0\u00a0\u00a0\u00a0\u00a0\u00a0\u00a0\u00a0\u00a0\u00a0\u00a0\u00a0\u00a0\u00a0\u00a0\u00a0\u00a0\u00a0\u00a0\u00a0\u00a0\u00a0\u00a0\u00a0\u00a0\u00a0\u00a0\u00a0\u00a0\u00a0\u00a0\u00a0\u00a0\u00a0\u00a0\u00a0\u00a0\u00a0\u00a0\u00a0\u00a0\u00a0\u00a0\u00a0 &#8230;&#8230;&#8230;&#8230;&#8230;&#8230;&#8230;&#8230;&#8230;&#8230;&#8230;&#8230;&#8230;&#8230;&#8230;..<br \/>\u00a0\u00a0\u00a0\u00a0\u00a0 \u00a0 \u00a0 \u00a0 \u00a0 \u00a0 \u00a0 \u00a0 \u00a0 \u00a0 \u00a0 \u00a0 \u00a0 \u00a0 \u00a0 \u00a0 \u00a0 \u00a0 \u00a0 \u00a0 \u00a0 \u00a0 \u00a0 \u00a0 \u00a0 \u00a0 \u00a0 \u00a0 \u00a0 \u00a0 \u00a0 \u00a0 \u00a0 \u00a0 \u00a0 \u00a0 \u00a0 \u00a0 \u00a0 \u00a0 \u00a0 \u00a0 \u00a0 \u00a0 \u00a0 \u00a0 \u00a0 \u00a0 \u00a0 \u00a0 \u00a0 (data i podpis kandydata do pracy)<\/p>\t\t\t\t\t\t\t\t<\/div>\n\t\t\t\t<\/div>\n\t\t\t\t\t<\/div>\n\t\t<\/div>\n\t\t\t\t\t<\/div>\n\t\t<\/section>\n\t\t\t\t<section class=\"elementor-section elementor-top-section elementor-element elementor-element-e40f9ad elementor-section-boxed elementor-section-height-default elementor-section-height-default\" data-id=\"e40f9ad\" data-element_type=\"section\" data-e-type=\"section\" data-settings=\"{&quot;background_background&quot;:&quot;classic&quot;}\">\n\t\t\t\t\t\t<div class=\"elementor-container elementor-column-gap-default\">\n\t\t\t\t\t<div class=\"elementor-column elementor-col-25 elementor-top-column elementor-element elementor-element-0ed3848\" data-id=\"0ed3848\" data-element_type=\"column\" data-e-type=\"column\">\n\t\t\t<div class=\"elementor-widget-wrap elementor-element-populated\">\n\t\t\t\t\t\t<div class=\"elementor-element elementor-element-b269ab5 elementor-view-default elementor-widget elementor-widget-icon\" data-id=\"b269ab5\" data-element_type=\"widget\" data-e-type=\"widget\" data-widget_type=\"icon.default\">\n\t\t\t\t<div class=\"elementor-widget-container\">\n\t\t\t\t\t\t\t<div class=\"elementor-icon-wrapper\">\n\t\t\t<div class=\"elementor-icon\">\n\t\t\t<i aria-hidden=\"true\" class=\"far fa-file-pdf\"><\/i>\t\t\t<\/div>\n\t\t<\/div>\n\t\t\t\t\t\t<\/div>\n\t\t\t\t<\/div>\n\t\t\t\t\t<\/div>\n\t\t<\/div>\n\t\t\t\t<div class=\"elementor-column elementor-col-50 elementor-top-column elementor-element elementor-element-e464c13\" data-id=\"e464c13\" data-element_type=\"column\" data-e-type=\"column\">\n\t\t\t<div class=\"elementor-widget-wrap elementor-element-populated\">\n\t\t\t\t\t\t<div class=\"elementor-element elementor-element-9d18db4 elementor-widget elementor-widget-text-editor\" data-id=\"9d18db4\" data-element_type=\"widget\" data-e-type=\"widget\" data-widget_type=\"text-editor.default\">\n\t\t\t\t<div class=\"elementor-widget-container\">\n\t\t\t\t\t\t\t\t\t<p><strong>Dokumenty do pobrania<\/strong> &#8211; Og\u0142oszenie o naborze na stanowisko M\u0142odszy Asystent Farmacji w Aptece Szpitalnej<\/p>\t\t\t\t\t\t\t\t<\/div>\n\t\t\t\t<\/div>\n\t\t\t\t\t<\/div>\n\t\t<\/div>\n\t\t\t\t<div class=\"elementor-column elementor-col-25 elementor-top-column elementor-element elementor-element-d8d3121\" data-id=\"d8d3121\" data-element_type=\"column\" data-e-type=\"column\">\n\t\t\t<div class=\"elementor-widget-wrap elementor-element-populated\">\n\t\t\t\t\t\t<div class=\"elementor-element elementor-element-e135b9a elementor-align-center elementor-widget elementor-widget-button\" data-id=\"e135b9a\" data-element_type=\"widget\" data-e-type=\"widget\" data-widget_type=\"button.default\">\n\t\t\t\t<div class=\"elementor-widget-container\">\n\t\t\t\t\t\t\t\t\t<div class=\"elementor-button-wrapper\">\n\t\t\t\t\t<a class=\"elementor-button elementor-button-link elementor-size-sm elementor-animation-grow\" href=\"https:\/\/czerwonagora.pl\/wp-content\/uploads\/2022\/11\/Ml.-asystent-Apteka.pdf\">\n\t\t\t\t\t\t<span class=\"elementor-button-content-wrapper\">\n\t\t\t\t\t\t\t\t\t<span class=\"elementor-button-text\">Pobierz<\/span>\n\t\t\t\t\t<\/span>\n\t\t\t\t\t<\/a>\n\t\t\t\t<\/div>\n\t\t\t\t\t\t\t\t<\/div>\n\t\t\t\t<\/div>\n\t\t\t\t\t<\/div>\n\t\t<\/div>\n\t\t\t\t\t<\/div>\n\t\t<\/section>\n\t\t\t\t<\/div>\n\t\t","protected":false},"excerpt":{"rendered":"<p>Dyrektor Wojew\u00f3dzkiego Szpitala Specjalistycznego im. \u015bw. Rafa\u0142a w Czerwonej G\u00f3rze og\u0142asza nab\u00f3r na stanowisko M\u0142odszy Asystent Farmacji w Aptece Szpitalnej Forma zatrudnienia Umowa o prac\u0119 \u2013 wymiar etatu: ca\u0142y etat, liczba stanowisk pracy: 1 Wymagania zwi\u0105zane ze stanowiskiem pracy: Wykszta\u0142cenie wy\u017csze \u2013 magister farmacji i odbyty sta\u017c, Znajomo\u015b\u0107 standard\u00f3w i procedur obowi\u0105zuj\u0105cych przy produkcji leku [&hellip;]<\/p>\n","protected":false},"author":9,"featured_media":8131,"comment_status":"closed","ping_status":"closed","sticky":false,"template":"","format":"standard","meta":{"zakra_page_container_layout":"customizer","zakra_page_sidebar_layout":"customizer","zakra_remove_content_margin":false,"zakra_sidebar":"customizer","zakra_transparent_header":"customizer","zakra_logo":0,"zakra_main_header_style":"default","zakra_menu_item_color":"","zakra_menu_item_hover_color":"","zakra_menu_item_active_color":"","zakra_menu_active_style":"","zakra_page_header":true,"footnotes":""},"categories":[42],"tags":[],"class_list":["post-17904","post","type-post","status-publish","format-standard","has-post-thumbnail","hentry","category-oferty-pracy"],"yoast_head":"<!-- This site is optimized with the Yoast SEO plugin v27.4 - https:\/\/yoast.com\/product\/yoast-seo-wordpress\/ -->\n<title>Nab\u00f3r na stanowisko M\u0142odszy Asystent Farmacji w Aptece Szpitalnej - Wojew\u00f3dzki Szpital Specjalistyczny im. \u015aw. Rafa\u0142a w Czerwonej G\u00f3rze<\/title>\n<meta name=\"robots\" content=\"index, follow, max-snippet:-1, max-image-preview:large, max-video-preview:-1\" \/>\n<link rel=\"canonical\" href=\"https:\/\/czerwonagora.pl\/index.php\/2022\/11\/22\/nabor-na-stanowisko-mlodszy-asystent-farmacji-w-aptece-szpitalnej\/\" \/>\n<meta property=\"og:locale\" content=\"pl_PL\" \/>\n<meta property=\"og:type\" content=\"article\" \/>\n<meta property=\"og:title\" content=\"Nab\u00f3r na stanowisko M\u0142odszy Asystent Farmacji w Aptece Szpitalnej - Wojew\u00f3dzki Szpital Specjalistyczny im. \u015aw. Rafa\u0142a w Czerwonej G\u00f3rze\" \/>\n<meta property=\"og:description\" content=\"Dyrektor Wojew\u00f3dzkiego Szpitala Specjalistycznego im. \u015bw. Rafa\u0142a w Czerwonej G\u00f3rze og\u0142asza nab\u00f3r na stanowisko M\u0142odszy Asystent Farmacji w Aptece Szpitalnej Forma zatrudnienia Umowa o prac\u0119 \u2013 wymiar etatu: ca\u0142y etat, liczba stanowisk pracy: 1 Wymagania zwi\u0105zane ze stanowiskiem pracy: Wykszta\u0142cenie wy\u017csze \u2013 magister farmacji i odbyty sta\u017c, Znajomo\u015b\u0107 standard\u00f3w i procedur obowi\u0105zuj\u0105cych przy produkcji leku [&hellip;]\" \/>\n<meta property=\"og:url\" content=\"https:\/\/czerwonagora.pl\/index.php\/2022\/11\/22\/nabor-na-stanowisko-mlodszy-asystent-farmacji-w-aptece-szpitalnej\/\" \/>\n<meta property=\"og:site_name\" content=\"Wojew\u00f3dzki Szpital Specjalistyczny im. \u015aw. Rafa\u0142a w Czerwonej G\u00f3rze\" \/>\n<meta property=\"article:publisher\" content=\"https:\/\/www.facebook.com\/SzpitalCzerwonaGora\/\" \/>\n<meta property=\"article:published_time\" content=\"2022-11-22T13:06:43+00:00\" \/>\n<meta property=\"article:modified_time\" content=\"2022-11-22T13:11:17+00:00\" \/>\n<meta property=\"og:image\" content=\"https:\/\/czerwonagora.pl\/wp-content\/uploads\/2021\/06\/LEK_Oferta_pracy.jpg\" \/>\n\t<meta property=\"og:image:width\" content=\"803\" \/>\n\t<meta property=\"og:image:height\" content=\"360\" \/>\n\t<meta property=\"og:image:type\" content=\"image\/jpeg\" \/>\n<meta name=\"author\" content=\"Jan Anderman\" \/>\n<meta name=\"twitter:card\" content=\"summary_large_image\" \/>\n<meta name=\"twitter:label1\" content=\"Napisane przez\" \/>\n\t<meta name=\"twitter:data1\" content=\"Jan Anderman\" \/>\n<script type=\"application\/ld+json\" class=\"yoast-schema-graph\">{\"@context\":\"https:\\\/\\\/schema.org\",\"@graph\":[{\"@type\":\"Article\",\"@id\":\"https:\\\/\\\/czerwonagora.pl\\\/index.php\\\/2022\\\/11\\\/22\\\/nabor-na-stanowisko-mlodszy-asystent-farmacji-w-aptece-szpitalnej\\\/#article\",\"isPartOf\":{\"@id\":\"https:\\\/\\\/czerwonagora.pl\\\/index.php\\\/2022\\\/11\\\/22\\\/nabor-na-stanowisko-mlodszy-asystent-farmacji-w-aptece-szpitalnej\\\/\"},\"author\":{\"name\":\"Jan Anderman\",\"@id\":\"https:\\\/\\\/czerwonagora.pl\\\/#\\\/schema\\\/person\\\/8b70983499a382afa6978e88bcfde1b8\"},\"headline\":\"Nab\u00f3r na stanowisko M\u0142odszy Asystent Farmacji w Aptece Szpitalnej\",\"datePublished\":\"2022-11-22T13:06:43+00:00\",\"dateModified\":\"2022-11-22T13:11:17+00:00\",\"mainEntityOfPage\":{\"@id\":\"https:\\\/\\\/czerwonagora.pl\\\/index.php\\\/2022\\\/11\\\/22\\\/nabor-na-stanowisko-mlodszy-asystent-farmacji-w-aptece-szpitalnej\\\/\"},\"wordCount\":771,\"publisher\":{\"@id\":\"https:\\\/\\\/czerwonagora.pl\\\/#organization\"},\"image\":{\"@id\":\"https:\\\/\\\/czerwonagora.pl\\\/index.php\\\/2022\\\/11\\\/22\\\/nabor-na-stanowisko-mlodszy-asystent-farmacji-w-aptece-szpitalnej\\\/#primaryimage\"},\"thumbnailUrl\":\"https:\\\/\\\/czerwonagora.pl\\\/wp-content\\\/uploads\\\/2021\\\/06\\\/LEK_Oferta_pracy.jpg\",\"articleSection\":[\"Oferty pracy\"],\"inLanguage\":\"pl-PL\"},{\"@type\":\"WebPage\",\"@id\":\"https:\\\/\\\/czerwonagora.pl\\\/index.php\\\/2022\\\/11\\\/22\\\/nabor-na-stanowisko-mlodszy-asystent-farmacji-w-aptece-szpitalnej\\\/\",\"url\":\"https:\\\/\\\/czerwonagora.pl\\\/index.php\\\/2022\\\/11\\\/22\\\/nabor-na-stanowisko-mlodszy-asystent-farmacji-w-aptece-szpitalnej\\\/\",\"name\":\"Nab\u00f3r na stanowisko M\u0142odszy Asystent Farmacji w Aptece Szpitalnej - Wojew\u00f3dzki Szpital Specjalistyczny im. \u015aw. Rafa\u0142a w Czerwonej G\u00f3rze\",\"isPartOf\":{\"@id\":\"https:\\\/\\\/czerwonagora.pl\\\/#website\"},\"primaryImageOfPage\":{\"@id\":\"https:\\\/\\\/czerwonagora.pl\\\/index.php\\\/2022\\\/11\\\/22\\\/nabor-na-stanowisko-mlodszy-asystent-farmacji-w-aptece-szpitalnej\\\/#primaryimage\"},\"image\":{\"@id\":\"https:\\\/\\\/czerwonagora.pl\\\/index.php\\\/2022\\\/11\\\/22\\\/nabor-na-stanowisko-mlodszy-asystent-farmacji-w-aptece-szpitalnej\\\/#primaryimage\"},\"thumbnailUrl\":\"https:\\\/\\\/czerwonagora.pl\\\/wp-content\\\/uploads\\\/2021\\\/06\\\/LEK_Oferta_pracy.jpg\",\"datePublished\":\"2022-11-22T13:06:43+00:00\",\"dateModified\":\"2022-11-22T13:11:17+00:00\",\"breadcrumb\":{\"@id\":\"https:\\\/\\\/czerwonagora.pl\\\/index.php\\\/2022\\\/11\\\/22\\\/nabor-na-stanowisko-mlodszy-asystent-farmacji-w-aptece-szpitalnej\\\/#breadcrumb\"},\"inLanguage\":\"pl-PL\",\"potentialAction\":[{\"@type\":\"ReadAction\",\"target\":[\"https:\\\/\\\/czerwonagora.pl\\\/index.php\\\/2022\\\/11\\\/22\\\/nabor-na-stanowisko-mlodszy-asystent-farmacji-w-aptece-szpitalnej\\\/\"]}]},{\"@type\":\"ImageObject\",\"inLanguage\":\"pl-PL\",\"@id\":\"https:\\\/\\\/czerwonagora.pl\\\/index.php\\\/2022\\\/11\\\/22\\\/nabor-na-stanowisko-mlodszy-asystent-farmacji-w-aptece-szpitalnej\\\/#primaryimage\",\"url\":\"https:\\\/\\\/czerwonagora.pl\\\/wp-content\\\/uploads\\\/2021\\\/06\\\/LEK_Oferta_pracy.jpg\",\"contentUrl\":\"https:\\\/\\\/czerwonagora.pl\\\/wp-content\\\/uploads\\\/2021\\\/06\\\/LEK_Oferta_pracy.jpg\",\"width\":803,\"height\":360,\"caption\":\"t\u0142o koloru niebieskiego na kt\u00f3rym znaduje si\u0119 zarys os\u00f3b ubranch w ubrania medyczne ze stetyskopami na szyi z bia\u0142ym napisem Oferta pracy\"},{\"@type\":\"BreadcrumbList\",\"@id\":\"https:\\\/\\\/czerwonagora.pl\\\/index.php\\\/2022\\\/11\\\/22\\\/nabor-na-stanowisko-mlodszy-asystent-farmacji-w-aptece-szpitalnej\\\/#breadcrumb\",\"itemListElement\":[{\"@type\":\"ListItem\",\"position\":1,\"name\":\"Strona g\u0142\u00f3wna\",\"item\":\"https:\\\/\\\/czerwonagora.pl\\\/\"},{\"@type\":\"ListItem\",\"position\":2,\"name\":\"Nab\u00f3r na stanowisko M\u0142odszy Asystent Farmacji w Aptece Szpitalnej\"}]},{\"@type\":\"WebSite\",\"@id\":\"https:\\\/\\\/czerwonagora.pl\\\/#website\",\"url\":\"https:\\\/\\\/czerwonagora.pl\\\/\",\"name\":\"Wojew\u00f3dzki Szpital Specjalistyczny im. \u015aw. Rafa\u0142a w Czerwonej G\u00f3rze\",\"description\":\"Wojew\u00f3dzki Szpital Specjalistyczny im. \u015aw. Rafa\u0142a w Czerwonej G\u00f3rze\",\"publisher\":{\"@id\":\"https:\\\/\\\/czerwonagora.pl\\\/#organization\"},\"potentialAction\":[{\"@type\":\"SearchAction\",\"target\":{\"@type\":\"EntryPoint\",\"urlTemplate\":\"https:\\\/\\\/czerwonagora.pl\\\/?s={search_term_string}\"},\"query-input\":{\"@type\":\"PropertyValueSpecification\",\"valueRequired\":true,\"valueName\":\"search_term_string\"}}],\"inLanguage\":\"pl-PL\"},{\"@type\":\"Organization\",\"@id\":\"https:\\\/\\\/czerwonagora.pl\\\/#organization\",\"name\":\"Wojew\u00f3dzki Szpital Specjalistyczny im. \u015aw. Rafa\u0142a w Czerwonej G\u00f3rze\",\"url\":\"https:\\\/\\\/czerwonagora.pl\\\/\",\"logo\":{\"@type\":\"ImageObject\",\"inLanguage\":\"pl-PL\",\"@id\":\"https:\\\/\\\/czerwonagora.pl\\\/#\\\/schema\\\/logo\\\/image\\\/\",\"url\":\"https:\\\/\\\/czerwonagora.pl\\\/wp-content\\\/uploads\\\/2021\\\/06\\\/Logo-WSS-DUZE-transparentne.png\",\"contentUrl\":\"https:\\\/\\\/czerwonagora.pl\\\/wp-content\\\/uploads\\\/2021\\\/06\\\/Logo-WSS-DUZE-transparentne.png\",\"width\":4210,\"height\":2975,\"caption\":\"Wojew\u00f3dzki Szpital Specjalistyczny im. \u015aw. Rafa\u0142a w Czerwonej G\u00f3rze\"},\"image\":{\"@id\":\"https:\\\/\\\/czerwonagora.pl\\\/#\\\/schema\\\/logo\\\/image\\\/\"},\"sameAs\":[\"https:\\\/\\\/www.facebook.com\\\/SzpitalCzerwonaGora\\\/\"]},{\"@type\":\"Person\",\"@id\":\"https:\\\/\\\/czerwonagora.pl\\\/#\\\/schema\\\/person\\\/8b70983499a382afa6978e88bcfde1b8\",\"name\":\"Jan Anderman\",\"image\":{\"@type\":\"ImageObject\",\"inLanguage\":\"pl-PL\",\"@id\":\"https:\\\/\\\/czerwonagora.pl\\\/wp-content\\\/litespeed\\\/avatar\\\/d5bc867d497b251469db97f076802c5f.jpg?ver=1777380281\",\"url\":\"https:\\\/\\\/czerwonagora.pl\\\/wp-content\\\/litespeed\\\/avatar\\\/d5bc867d497b251469db97f076802c5f.jpg?ver=1777380281\",\"contentUrl\":\"https:\\\/\\\/czerwonagora.pl\\\/wp-content\\\/litespeed\\\/avatar\\\/d5bc867d497b251469db97f076802c5f.jpg?ver=1777380281\",\"caption\":\"Jan Anderman\"},\"url\":\"https:\\\/\\\/czerwonagora.pl\\\/index.php\\\/author\\\/anderman\\\/\"}]}<\/script>\n<!-- \/ Yoast SEO plugin. -->","yoast_head_json":{"title":"Nab\u00f3r na stanowisko M\u0142odszy Asystent Farmacji w Aptece Szpitalnej - Wojew\u00f3dzki Szpital Specjalistyczny im. \u015aw. Rafa\u0142a w Czerwonej G\u00f3rze","robots":{"index":"index","follow":"follow","max-snippet":"max-snippet:-1","max-image-preview":"max-image-preview:large","max-video-preview":"max-video-preview:-1"},"canonical":"https:\/\/czerwonagora.pl\/index.php\/2022\/11\/22\/nabor-na-stanowisko-mlodszy-asystent-farmacji-w-aptece-szpitalnej\/","og_locale":"pl_PL","og_type":"article","og_title":"Nab\u00f3r na stanowisko M\u0142odszy Asystent Farmacji w Aptece Szpitalnej - Wojew\u00f3dzki Szpital Specjalistyczny im. \u015aw. Rafa\u0142a w Czerwonej G\u00f3rze","og_description":"Dyrektor Wojew\u00f3dzkiego Szpitala Specjalistycznego im. \u015bw. Rafa\u0142a w Czerwonej G\u00f3rze og\u0142asza nab\u00f3r na stanowisko M\u0142odszy Asystent Farmacji w Aptece Szpitalnej Forma zatrudnienia Umowa o prac\u0119 \u2013 wymiar etatu: ca\u0142y etat, liczba stanowisk pracy: 1 Wymagania zwi\u0105zane ze stanowiskiem pracy: Wykszta\u0142cenie wy\u017csze \u2013 magister farmacji i odbyty sta\u017c, Znajomo\u015b\u0107 standard\u00f3w i procedur obowi\u0105zuj\u0105cych przy produkcji leku [&hellip;]","og_url":"https:\/\/czerwonagora.pl\/index.php\/2022\/11\/22\/nabor-na-stanowisko-mlodszy-asystent-farmacji-w-aptece-szpitalnej\/","og_site_name":"Wojew\u00f3dzki Szpital Specjalistyczny im. \u015aw. Rafa\u0142a w Czerwonej G\u00f3rze","article_publisher":"https:\/\/www.facebook.com\/SzpitalCzerwonaGora\/","article_published_time":"2022-11-22T13:06:43+00:00","article_modified_time":"2022-11-22T13:11:17+00:00","og_image":[{"width":803,"height":360,"url":"https:\/\/czerwonagora.pl\/wp-content\/uploads\/2021\/06\/LEK_Oferta_pracy.jpg","type":"image\/jpeg"}],"author":"Jan Anderman","twitter_card":"summary_large_image","twitter_misc":{"Napisane przez":"Jan Anderman"},"schema":{"@context":"https:\/\/schema.org","@graph":[{"@type":"Article","@id":"https:\/\/czerwonagora.pl\/index.php\/2022\/11\/22\/nabor-na-stanowisko-mlodszy-asystent-farmacji-w-aptece-szpitalnej\/#article","isPartOf":{"@id":"https:\/\/czerwonagora.pl\/index.php\/2022\/11\/22\/nabor-na-stanowisko-mlodszy-asystent-farmacji-w-aptece-szpitalnej\/"},"author":{"name":"Jan Anderman","@id":"https:\/\/czerwonagora.pl\/#\/schema\/person\/8b70983499a382afa6978e88bcfde1b8"},"headline":"Nab\u00f3r na stanowisko M\u0142odszy Asystent Farmacji w Aptece Szpitalnej","datePublished":"2022-11-22T13:06:43+00:00","dateModified":"2022-11-22T13:11:17+00:00","mainEntityOfPage":{"@id":"https:\/\/czerwonagora.pl\/index.php\/2022\/11\/22\/nabor-na-stanowisko-mlodszy-asystent-farmacji-w-aptece-szpitalnej\/"},"wordCount":771,"publisher":{"@id":"https:\/\/czerwonagora.pl\/#organization"},"image":{"@id":"https:\/\/czerwonagora.pl\/index.php\/2022\/11\/22\/nabor-na-stanowisko-mlodszy-asystent-farmacji-w-aptece-szpitalnej\/#primaryimage"},"thumbnailUrl":"https:\/\/czerwonagora.pl\/wp-content\/uploads\/2021\/06\/LEK_Oferta_pracy.jpg","articleSection":["Oferty pracy"],"inLanguage":"pl-PL"},{"@type":"WebPage","@id":"https:\/\/czerwonagora.pl\/index.php\/2022\/11\/22\/nabor-na-stanowisko-mlodszy-asystent-farmacji-w-aptece-szpitalnej\/","url":"https:\/\/czerwonagora.pl\/index.php\/2022\/11\/22\/nabor-na-stanowisko-mlodszy-asystent-farmacji-w-aptece-szpitalnej\/","name":"Nab\u00f3r na stanowisko M\u0142odszy Asystent Farmacji w Aptece Szpitalnej - Wojew\u00f3dzki Szpital Specjalistyczny im. \u015aw. Rafa\u0142a w Czerwonej G\u00f3rze","isPartOf":{"@id":"https:\/\/czerwonagora.pl\/#website"},"primaryImageOfPage":{"@id":"https:\/\/czerwonagora.pl\/index.php\/2022\/11\/22\/nabor-na-stanowisko-mlodszy-asystent-farmacji-w-aptece-szpitalnej\/#primaryimage"},"image":{"@id":"https:\/\/czerwonagora.pl\/index.php\/2022\/11\/22\/nabor-na-stanowisko-mlodszy-asystent-farmacji-w-aptece-szpitalnej\/#primaryimage"},"thumbnailUrl":"https:\/\/czerwonagora.pl\/wp-content\/uploads\/2021\/06\/LEK_Oferta_pracy.jpg","datePublished":"2022-11-22T13:06:43+00:00","dateModified":"2022-11-22T13:11:17+00:00","breadcrumb":{"@id":"https:\/\/czerwonagora.pl\/index.php\/2022\/11\/22\/nabor-na-stanowisko-mlodszy-asystent-farmacji-w-aptece-szpitalnej\/#breadcrumb"},"inLanguage":"pl-PL","potentialAction":[{"@type":"ReadAction","target":["https:\/\/czerwonagora.pl\/index.php\/2022\/11\/22\/nabor-na-stanowisko-mlodszy-asystent-farmacji-w-aptece-szpitalnej\/"]}]},{"@type":"ImageObject","inLanguage":"pl-PL","@id":"https:\/\/czerwonagora.pl\/index.php\/2022\/11\/22\/nabor-na-stanowisko-mlodszy-asystent-farmacji-w-aptece-szpitalnej\/#primaryimage","url":"https:\/\/czerwonagora.pl\/wp-content\/uploads\/2021\/06\/LEK_Oferta_pracy.jpg","contentUrl":"https:\/\/czerwonagora.pl\/wp-content\/uploads\/2021\/06\/LEK_Oferta_pracy.jpg","width":803,"height":360,"caption":"t\u0142o koloru niebieskiego na kt\u00f3rym znaduje si\u0119 zarys os\u00f3b ubranch w ubrania medyczne ze stetyskopami na szyi z bia\u0142ym napisem Oferta pracy"},{"@type":"BreadcrumbList","@id":"https:\/\/czerwonagora.pl\/index.php\/2022\/11\/22\/nabor-na-stanowisko-mlodszy-asystent-farmacji-w-aptece-szpitalnej\/#breadcrumb","itemListElement":[{"@type":"ListItem","position":1,"name":"Strona g\u0142\u00f3wna","item":"https:\/\/czerwonagora.pl\/"},{"@type":"ListItem","position":2,"name":"Nab\u00f3r na stanowisko M\u0142odszy Asystent Farmacji w Aptece Szpitalnej"}]},{"@type":"WebSite","@id":"https:\/\/czerwonagora.pl\/#website","url":"https:\/\/czerwonagora.pl\/","name":"Wojew\u00f3dzki Szpital Specjalistyczny im. \u015aw. Rafa\u0142a w Czerwonej G\u00f3rze","description":"Wojew\u00f3dzki Szpital Specjalistyczny im. \u015aw. Rafa\u0142a w Czerwonej G\u00f3rze","publisher":{"@id":"https:\/\/czerwonagora.pl\/#organization"},"potentialAction":[{"@type":"SearchAction","target":{"@type":"EntryPoint","urlTemplate":"https:\/\/czerwonagora.pl\/?s={search_term_string}"},"query-input":{"@type":"PropertyValueSpecification","valueRequired":true,"valueName":"search_term_string"}}],"inLanguage":"pl-PL"},{"@type":"Organization","@id":"https:\/\/czerwonagora.pl\/#organization","name":"Wojew\u00f3dzki Szpital Specjalistyczny im. \u015aw. Rafa\u0142a w Czerwonej G\u00f3rze","url":"https:\/\/czerwonagora.pl\/","logo":{"@type":"ImageObject","inLanguage":"pl-PL","@id":"https:\/\/czerwonagora.pl\/#\/schema\/logo\/image\/","url":"https:\/\/czerwonagora.pl\/wp-content\/uploads\/2021\/06\/Logo-WSS-DUZE-transparentne.png","contentUrl":"https:\/\/czerwonagora.pl\/wp-content\/uploads\/2021\/06\/Logo-WSS-DUZE-transparentne.png","width":4210,"height":2975,"caption":"Wojew\u00f3dzki Szpital Specjalistyczny im. \u015aw. Rafa\u0142a w Czerwonej G\u00f3rze"},"image":{"@id":"https:\/\/czerwonagora.pl\/#\/schema\/logo\/image\/"},"sameAs":["https:\/\/www.facebook.com\/SzpitalCzerwonaGora\/"]},{"@type":"Person","@id":"https:\/\/czerwonagora.pl\/#\/schema\/person\/8b70983499a382afa6978e88bcfde1b8","name":"Jan Anderman","image":{"@type":"ImageObject","inLanguage":"pl-PL","@id":"https:\/\/czerwonagora.pl\/wp-content\/litespeed\/avatar\/d5bc867d497b251469db97f076802c5f.jpg?ver=1777380281","url":"https:\/\/czerwonagora.pl\/wp-content\/litespeed\/avatar\/d5bc867d497b251469db97f076802c5f.jpg?ver=1777380281","contentUrl":"https:\/\/czerwonagora.pl\/wp-content\/litespeed\/avatar\/d5bc867d497b251469db97f076802c5f.jpg?ver=1777380281","caption":"Jan Anderman"},"url":"https:\/\/czerwonagora.pl\/index.php\/author\/anderman\/"}]}},"publishpress_future_action":{"enabled":false,"date":"2026-05-07 09:00:43","action":"change-status","newStatus":"draft","terms":[],"taxonomy":"category","extraData":[]},"publishpress_future_workflow_manual_trigger":{"enabledWorkflows":[]},"_links":{"self":[{"href":"https:\/\/czerwonagora.pl\/index.php\/wp-json\/wp\/v2\/posts\/17904","targetHints":{"allow":["GET"]}}],"collection":[{"href":"https:\/\/czerwonagora.pl\/index.php\/wp-json\/wp\/v2\/posts"}],"about":[{"href":"https:\/\/czerwonagora.pl\/index.php\/wp-json\/wp\/v2\/types\/post"}],"author":[{"embeddable":true,"href":"https:\/\/czerwonagora.pl\/index.php\/wp-json\/wp\/v2\/users\/9"}],"replies":[{"embeddable":true,"href":"https:\/\/czerwonagora.pl\/index.php\/wp-json\/wp\/v2\/comments?post=17904"}],"version-history":[{"count":4,"href":"https:\/\/czerwonagora.pl\/index.php\/wp-json\/wp\/v2\/posts\/17904\/revisions"}],"predecessor-version":[{"id":17908,"href":"https:\/\/czerwonagora.pl\/index.php\/wp-json\/wp\/v2\/posts\/17904\/revisions\/17908"}],"wp:featuredmedia":[{"embeddable":true,"href":"https:\/\/czerwonagora.pl\/index.php\/wp-json\/wp\/v2\/media\/8131"}],"wp:attachment":[{"href":"https:\/\/czerwonagora.pl\/index.php\/wp-json\/wp\/v2\/media?parent=17904"}],"wp:term":[{"taxonomy":"category","embeddable":true,"href":"https:\/\/czerwonagora.pl\/index.php\/wp-json\/wp\/v2\/categories?post=17904"},{"taxonomy":"post_tag","embeddable":true,"href":"https:\/\/czerwonagora.pl\/index.php\/wp-json\/wp\/v2\/tags?post=17904"}],"curies":[{"name":"wp","href":"https:\/\/api.w.org\/{rel}","templated":true}]}}