{"id":17949,"date":"2022-11-30T08:57:13","date_gmt":"2022-11-30T07:57:13","guid":{"rendered":"https:\/\/czerwonagora.pl\/?p=17949"},"modified":"2022-11-30T09:04:21","modified_gmt":"2022-11-30T08:04:21","slug":"nabor-do-dzialu-dokumentacji-medycznej-i-rozliczen-z-nfz-na-stanowisko-sekretarka-medyczna-3","status":"publish","type":"post","link":"https:\/\/czerwonagora.pl\/index.php\/2022\/11\/30\/nabor-do-dzialu-dokumentacji-medycznej-i-rozliczen-z-nfz-na-stanowisko-sekretarka-medyczna-3\/","title":{"rendered":"Nab\u00f3r do Dzia\u0142u Dokumentacji Medycznej i Rozlicze\u0144 z NFZ na stanowisko Sekretarka Medyczna"},"content":{"rendered":"\t\t<div data-elementor-type=\"wp-post\" data-elementor-id=\"17949\" class=\"elementor elementor-17949\">\n\t\t\t\t\t\t<section class=\"elementor-section elementor-top-section elementor-element elementor-element-2c7af5f elementor-section-boxed elementor-section-height-default elementor-section-height-default\" data-id=\"2c7af5f\" data-element_type=\"section\" data-e-type=\"section\">\n\t\t\t\t\t\t<div class=\"elementor-container elementor-column-gap-default\">\n\t\t\t\t\t<div class=\"elementor-column elementor-col-100 elementor-top-column elementor-element elementor-element-0297615\" data-id=\"0297615\" data-element_type=\"column\" data-e-type=\"column\">\n\t\t\t<div class=\"elementor-widget-wrap elementor-element-populated\">\n\t\t\t\t\t\t<div class=\"elementor-element elementor-element-d813e01 elementor-widget elementor-widget-heading\" data-id=\"d813e01\" data-element_type=\"widget\" data-e-type=\"widget\" data-widget_type=\"heading.default\">\n\t\t\t\t<div class=\"elementor-widget-container\">\n\t\t\t\t\t<h3 class=\"elementor-heading-title elementor-size-default\">Dyrektor Wojew\u00f3dzkiego Szpitala Specjalistycznego\nim. \u015bw. Rafa\u0142a w Czerwonej G\u00f3rze\nog\u0142asza nab\u00f3r do Dzia\u0142u Dokumentacji Medycznej i Rozlicze\u0144 z NFZ \nna stanowisko Sekretarka Medyczna\n<\/h3>\t\t\t\t<\/div>\n\t\t\t\t<\/div>\n\t\t\t\t<section class=\"elementor-section elementor-inner-section elementor-element elementor-element-88f0769 elementor-section-boxed elementor-section-height-default elementor-section-height-default\" data-id=\"88f0769\" data-element_type=\"section\" data-e-type=\"section\">\n\t\t\t\t\t\t<div class=\"elementor-container elementor-column-gap-default\">\n\t\t\t\t\t<div class=\"elementor-column elementor-col-100 elementor-inner-column elementor-element elementor-element-a23734d\" data-id=\"a23734d\" data-element_type=\"column\" data-e-type=\"column\" data-settings=\"{&quot;background_background&quot;:&quot;classic&quot;}\">\n\t\t\t<div class=\"elementor-widget-wrap elementor-element-populated\">\n\t\t\t\t\t\t<div class=\"elementor-element elementor-element-51ec152 elementor-widget elementor-widget-heading\" data-id=\"51ec152\" data-element_type=\"widget\" data-e-type=\"widget\" data-widget_type=\"heading.default\">\n\t\t\t\t<div class=\"elementor-widget-container\">\n\t\t\t\t\t<h3 class=\"elementor-heading-title elementor-size-default\">Forma zatrudnienia<\/h3>\t\t\t\t<\/div>\n\t\t\t\t<\/div>\n\t\t\t\t<div class=\"elementor-element elementor-element-28d99d8 elementor-widget elementor-widget-text-editor\" data-id=\"28d99d8\" data-element_type=\"widget\" data-e-type=\"widget\" data-widget_type=\"text-editor.default\">\n\t\t\t\t<div class=\"elementor-widget-container\">\n\t\t\t\t\t\t\t\t\t<p>Umowa o prac\u0119 \u2013 wymiar etatu: ca\u0142y etat, liczba stanowisk pracy: 1<\/p>\t\t\t\t\t\t\t\t<\/div>\n\t\t\t\t<\/div>\n\t\t\t\t\t<\/div>\n\t\t<\/div>\n\t\t\t\t\t<\/div>\n\t\t<\/section>\n\t\t\t\t\t<\/div>\n\t\t<\/div>\n\t\t\t\t\t<\/div>\n\t\t<\/section>\n\t\t\t\t<section class=\"elementor-section elementor-top-section elementor-element elementor-element-dc7437e elementor-section-boxed elementor-section-height-default elementor-section-height-default\" data-id=\"dc7437e\" data-element_type=\"section\" data-e-type=\"section\">\n\t\t\t\t\t\t<div class=\"elementor-container elementor-column-gap-default\">\n\t\t\t\t\t<div class=\"elementor-column elementor-col-100 elementor-top-column elementor-element elementor-element-f91aaa8\" data-id=\"f91aaa8\" data-element_type=\"column\" data-e-type=\"column\">\n\t\t\t<div class=\"elementor-widget-wrap elementor-element-populated\">\n\t\t\t\t\t\t<section class=\"elementor-section elementor-inner-section elementor-element elementor-element-2dbb348 elementor-section-boxed elementor-section-height-default elementor-section-height-default\" data-id=\"2dbb348\" data-element_type=\"section\" data-e-type=\"section\">\n\t\t\t\t\t\t<div class=\"elementor-container elementor-column-gap-default\">\n\t\t\t\t\t<div class=\"elementor-column elementor-col-50 elementor-inner-column elementor-element elementor-element-779d8bc\" data-id=\"779d8bc\" data-element_type=\"column\" data-e-type=\"column\">\n\t\t\t<div class=\"elementor-widget-wrap elementor-element-populated\">\n\t\t\t\t\t\t<div class=\"elementor-element elementor-element-f80e5d1 elementor-view-default elementor-widget elementor-widget-icon\" data-id=\"f80e5d1\" data-element_type=\"widget\" data-e-type=\"widget\" data-widget_type=\"icon.default\">\n\t\t\t\t<div class=\"elementor-widget-container\">\n\t\t\t\t\t\t\t<div class=\"elementor-icon-wrapper\">\n\t\t\t<div class=\"elementor-icon\">\n\t\t\t<i aria-hidden=\"true\" class=\"fas fa-tasks\"><\/i>\t\t\t<\/div>\n\t\t<\/div>\n\t\t\t\t\t\t<\/div>\n\t\t\t\t<\/div>\n\t\t\t\t\t<\/div>\n\t\t<\/div>\n\t\t\t\t<div class=\"elementor-column elementor-col-50 elementor-inner-column elementor-element elementor-element-a1a8800\" data-id=\"a1a8800\" data-element_type=\"column\" data-e-type=\"column\">\n\t\t\t<div class=\"elementor-widget-wrap elementor-element-populated\">\n\t\t\t\t\t\t<div class=\"elementor-element elementor-element-227e5bb elementor-widget elementor-widget-text-editor\" data-id=\"227e5bb\" data-element_type=\"widget\" data-e-type=\"widget\" data-widget_type=\"text-editor.default\">\n\t\t\t\t<div class=\"elementor-widget-container\">\n\t\t\t\t\t\t\t\t\t<p><strong>Wymagania konieczne:<\/strong><\/p><ul><li>umiej\u0119tno\u015b\u0107 poprawnego redagowania pism,<\/li><li>umiej\u0119tno\u015b\u0107 analitycznego my\u015blenia,<\/li><li>umiej\u0119tno\u015b\u0107 pracy w zespole,<\/li><li>dyspozycyjno\u015b\u0107,<\/li><li>asertywno\u015b\u0107,<\/li><li>praktyczna znajomo\u015b\u0107 zagadnie\u0144 zwi\u0105zanych z obs\u0142ug\u0105 programu MS Office.<\/li><\/ul><p><strong>Mile widziane do\u015bwiadczenie zwi\u0105zane z s\u0142u\u017cb\u0105 zdrowia.\u00a0 <\/strong><\/p><p><strong>Obowi\u0105zki:<\/strong><\/p><ul><li>dbanie o prawid\u0142owy przep\u0142yw informacji medycznej pomi\u0119dzy poszczeg\u00f3lnymi zespo\u0142ami lekarzy, a pacjentami oraz administracj\u0105,<\/li><li>obs\u0142uga program\u00f3w komputerowych w zakresie uprawnie\u0144 pracy sekretarki medycznej,<\/li><li>sporz\u0105dzenie kart informacyjnych z przebiegu leczenia,<\/li><li>wprowadzanie do programu komputerowego wykonywanych procedur medycznych w celu poprawnego kodowania \u015bwiadcze\u0144 sprawozdawanych do NFZ,<\/li><li>kompletowanie i archiwizacja dokumentacji medycznej,<\/li><li>przekazywanie dokumentacji medycznej do Sk\u0142adnicy Akt Szpitala,<\/li><li>wykonywanie zestawie\u0144 dy\u017cur\u00f3w lekarskich,<\/li><li>weryfikacja pacjent\u00f3w w systemie eWU\u015a,<\/li><li>wprowadzanie danych do Ksi\u0105g Oczekuj\u0105cych,<\/li><li>prowadzenie korespondencji s\u0142u\u017cbowej przychodz\u0105cej i wychodz\u0105cej z oddzia\u0142u\/Izby Przyj\u0119\u0107<\/li><li>przygotowywanie druk\u00f3w wychodz\u0105cych w postaci wydruk\u00f3w systemowych dotycz\u0105cych przebiegu leczenia pacjent\u00f3w,<\/li><li>nadz\u00f3r nad administracyjn\u0105 obs\u0142ug\u0105 pacjenta.<\/li><\/ul><p><strong>Wykszta\u0142cenie<\/strong>: wymagane \u015brednie,<\/p><p><strong>Wymagania po\u017c\u0105dane<\/strong>:<\/p><ul><li>dok\u0142adno\u015b\u0107 i obowi\u0105zkowo\u015b\u0107,<\/li><li>komunikatywno\u015b\u0107 ,<\/li><li>odporno\u015b\u0107 na stres,<\/li><li>umiej\u0119tno\u015b\u0107 pracy pod presj\u0105 czasu,<\/li><\/ul><p>\u00a0<\/p>\t\t\t\t\t\t\t\t<\/div>\n\t\t\t\t<\/div>\n\t\t\t\t\t<\/div>\n\t\t<\/div>\n\t\t\t\t\t<\/div>\n\t\t<\/section>\n\t\t\t\t\t<\/div>\n\t\t<\/div>\n\t\t\t\t\t<\/div>\n\t\t<\/section>\n\t\t\t\t<section class=\"elementor-section elementor-top-section elementor-element elementor-element-3739ac8 elementor-section-boxed elementor-section-height-default elementor-section-height-default\" data-id=\"3739ac8\" data-element_type=\"section\" data-e-type=\"section\" data-settings=\"{&quot;background_background&quot;:&quot;classic&quot;}\">\n\t\t\t\t\t\t<div class=\"elementor-container elementor-column-gap-default\">\n\t\t\t\t\t<div class=\"elementor-column elementor-col-100 elementor-top-column elementor-element elementor-element-2a93350\" data-id=\"2a93350\" data-element_type=\"column\" data-e-type=\"column\">\n\t\t\t<div class=\"elementor-widget-wrap elementor-element-populated\">\n\t\t\t\t\t\t<section class=\"elementor-section elementor-inner-section elementor-element elementor-element-3615163 elementor-section-boxed elementor-section-height-default elementor-section-height-default\" data-id=\"3615163\" data-element_type=\"section\" data-e-type=\"section\">\n\t\t\t\t\t\t<div class=\"elementor-container elementor-column-gap-default\">\n\t\t\t\t\t<div class=\"elementor-column elementor-col-50 elementor-inner-column elementor-element elementor-element-969eee2\" data-id=\"969eee2\" data-element_type=\"column\" data-e-type=\"column\">\n\t\t\t<div class=\"elementor-widget-wrap elementor-element-populated\">\n\t\t\t\t\t\t<div class=\"elementor-element elementor-element-4046029 elementor-widget elementor-widget-text-editor\" data-id=\"4046029\" data-element_type=\"widget\" data-e-type=\"widget\" data-widget_type=\"text-editor.default\">\n\t\t\t\t<div class=\"elementor-widget-container\">\n\t\t\t\t\t\t\t\t\t<p><strong>Wymagane dokumenty i o\u015bwiadczenia: <\/strong><\/p><ul><li>CV,<\/li><li>Klauzula informacyjna dotycz\u0105ca rekrutacji w systemie internetowym wg za\u0142\u0105czonego wzoru,<\/li><\/ul>\t\t\t\t\t\t\t\t<\/div>\n\t\t\t\t<\/div>\n\t\t\t\t\t<\/div>\n\t\t<\/div>\n\t\t\t\t<div class=\"elementor-column elementor-col-50 elementor-inner-column elementor-element elementor-element-91b36c9\" data-id=\"91b36c9\" data-element_type=\"column\" data-e-type=\"column\">\n\t\t\t<div class=\"elementor-widget-wrap elementor-element-populated\">\n\t\t\t\t\t\t<div class=\"elementor-element elementor-element-a750530 elementor-view-default elementor-widget elementor-widget-icon\" data-id=\"a750530\" data-element_type=\"widget\" data-e-type=\"widget\" data-widget_type=\"icon.default\">\n\t\t\t\t<div class=\"elementor-widget-container\">\n\t\t\t\t\t\t\t<div class=\"elementor-icon-wrapper\">\n\t\t\t<div class=\"elementor-icon\">\n\t\t\t<i aria-hidden=\"true\" class=\"far fa-file-alt\"><\/i>\t\t\t<\/div>\n\t\t<\/div>\n\t\t\t\t\t\t<\/div>\n\t\t\t\t<\/div>\n\t\t\t\t\t<\/div>\n\t\t<\/div>\n\t\t\t\t\t<\/div>\n\t\t<\/section>\n\t\t\t\t\t<\/div>\n\t\t<\/div>\n\t\t\t\t\t<\/div>\n\t\t<\/section>\n\t\t\t\t<section class=\"elementor-section elementor-top-section elementor-element elementor-element-1e75179 elementor-section-boxed elementor-section-height-default elementor-section-height-default\" data-id=\"1e75179\" data-element_type=\"section\" data-e-type=\"section\">\n\t\t\t\t\t\t<div class=\"elementor-container elementor-column-gap-default\">\n\t\t\t\t\t<div class=\"elementor-column elementor-col-100 elementor-top-column elementor-element elementor-element-7931a40\" data-id=\"7931a40\" data-element_type=\"column\" data-e-type=\"column\">\n\t\t\t<div class=\"elementor-widget-wrap elementor-element-populated\">\n\t\t\t\t\t\t<div class=\"elementor-element elementor-element-89d485f elementor-widget elementor-widget-heading\" data-id=\"89d485f\" data-element_type=\"widget\" data-e-type=\"widget\" data-widget_type=\"heading.default\">\n\t\t\t\t<div class=\"elementor-widget-container\">\n\t\t\t\t\t<h3 class=\"elementor-heading-title elementor-size-default\">Termin sk\u0142adania dokument\u00f3w: 2022-12-02<\/h3>\t\t\t\t<\/div>\n\t\t\t\t<\/div>\n\t\t\t\t\t<\/div>\n\t\t<\/div>\n\t\t\t\t\t<\/div>\n\t\t<\/section>\n\t\t\t\t<section class=\"elementor-section elementor-top-section elementor-element elementor-element-92ebe98 elementor-section-boxed elementor-section-height-default elementor-section-height-default\" data-id=\"92ebe98\" data-element_type=\"section\" data-e-type=\"section\">\n\t\t\t\t\t\t<div class=\"elementor-container elementor-column-gap-default\">\n\t\t\t\t\t<div class=\"elementor-column elementor-col-100 elementor-top-column elementor-element elementor-element-8eca5d8\" data-id=\"8eca5d8\" data-element_type=\"column\" data-e-type=\"column\" data-settings=\"{&quot;background_background&quot;:&quot;classic&quot;}\">\n\t\t\t<div class=\"elementor-widget-wrap elementor-element-populated\">\n\t\t\t\t\t\t<section class=\"elementor-section elementor-inner-section elementor-element elementor-element-1f62c3d elementor-section-boxed elementor-section-height-default elementor-section-height-default\" data-id=\"1f62c3d\" data-element_type=\"section\" data-e-type=\"section\">\n\t\t\t\t\t\t<div class=\"elementor-container elementor-column-gap-default\">\n\t\t\t\t\t<div class=\"elementor-column elementor-col-100 elementor-inner-column elementor-element elementor-element-8f03ff9\" data-id=\"8f03ff9\" data-element_type=\"column\" data-e-type=\"column\">\n\t\t\t<div class=\"elementor-widget-wrap elementor-element-populated\">\n\t\t\t\t\t\t<div class=\"elementor-element elementor-element-648aa2e elementor-widget elementor-widget-text-editor\" data-id=\"648aa2e\" data-element_type=\"widget\" data-e-type=\"widget\" data-widget_type=\"text-editor.default\">\n\t\t\t\t<div class=\"elementor-widget-container\">\n\t\t\t\t\t\t\t\t\t<p><strong>Miejsce sk\u0142adania dokument\u00f3w:<br \/><\/strong>DZIA\u0141 KADR<br \/>Wojew\u00f3dzki Szpital<br \/>Specjalistyczny im. \u015bw. Rafa\u0142a<br \/>Czerwona G\u00f3ra 10, 26-060 Ch\u0119ciny<br \/><strong>\u00a0lub poczt\u0105 elektroniczn\u0105 na adres:\u00a0\u00a0<\/strong><\/p>\t\t\t\t\t\t\t\t<\/div>\n\t\t\t\t<\/div>\n\t\t\t\t\t<\/div>\n\t\t<\/div>\n\t\t\t\t\t<\/div>\n\t\t<\/section>\n\t\t\t\t<div class=\"elementor-element elementor-element-8bd5874 elementor-widget elementor-widget-text-editor\" data-id=\"8bd5874\" data-element_type=\"widget\" data-e-type=\"widget\" data-widget_type=\"text-editor.default\">\n\t\t\t\t<div class=\"elementor-widget-container\">\n\t\t\t\t\t\t\t\t\t<p><span style=\"font-weight: bold;\"><a href=\"mailto:k.resztak@czerwonagora.pl\">k.resztak@czerwonagora.pl<\/a><\/span><\/p>\t\t\t\t\t\t\t\t<\/div>\n\t\t\t\t<\/div>\n\t\t\t\t\t<\/div>\n\t\t<\/div>\n\t\t\t\t\t<\/div>\n\t\t<\/section>\n\t\t\t\t<section class=\"elementor-section elementor-top-section elementor-element elementor-element-2ee7c79 elementor-section-boxed elementor-section-height-default elementor-section-height-default\" data-id=\"2ee7c79\" data-element_type=\"section\" data-e-type=\"section\">\n\t\t\t\t\t\t<div class=\"elementor-container elementor-column-gap-default\">\n\t\t\t\t\t<div class=\"elementor-column elementor-col-100 elementor-top-column elementor-element elementor-element-e928436\" data-id=\"e928436\" data-element_type=\"column\" data-e-type=\"column\">\n\t\t\t<div class=\"elementor-widget-wrap elementor-element-populated\">\n\t\t\t\t\t\t<div class=\"elementor-element elementor-element-84b6714 elementor-widget elementor-widget-text-editor\" data-id=\"84b6714\" data-element_type=\"widget\" data-e-type=\"widget\" data-widget_type=\"text-editor.default\">\n\t\t\t\t<div class=\"elementor-widget-container\">\n\t\t\t\t\t\t\t\t\t<p><strong>Inne informacje : <\/strong><\/p><p><strong>Inne informacje : <\/strong><\/p><ul><li>Prosimy o do\u0142\u0105czenie za\u0142\u0105czonej klauzuli informacyjnej dotycz\u0105cej rekrutacji. W przypadku braku powy\u017cszej klauzuli nie b\u0119dziemy mogli rozpatrzy\u0107 Pani\/Pana aplikacji, a\u00a0dokumenty aplikacyjne zostan\u0105 zniszczone. Dokumenty przes\u0142ane w procesie rekrutacji nie podlegaj\u0105 zwrotowi.<\/li><li>Oferty otrzymane po terminie nie b\u0119d\u0105 rozpatrywane.<\/li><li>Zastrzega si\u0119 mo\u017cliwo\u015b\u0107 kontaktu wy\u0142\u0105cznie z wybranymi kandydatami.<\/li><li>Kandydatki\/ kandydaci spe\u0142niaj\u0105cy wymogi formalne okre\u015blone w og\u0142oszeniu o zakwalifikowaniu si\u0119 do kolejnego etapu post\u0119powania rekrutacyjnego zostan\u0105 powiadomieni telefonicznie. Oferty odrzucone zostan\u0105 zniszczone.<\/li><li><strong>Miejsce wykonywania pracy:<\/strong><p>WSS im. \u015bw. Rafa\u0142a w Czerwonej G\u00f3rze, ul. Czerwona G\u00f3ra 10, 26-060 Ch\u0119ciny.<\/p><\/li><\/ul><p><strong>Dodatkowych informacji udziela Dzia\u0142 Kadr pod numerem telefonu: (041) 346\u201355\u201345 w. 123, 230.<\/strong><\/p>\t\t\t\t\t\t\t\t<\/div>\n\t\t\t\t<\/div>\n\t\t\t\t\t<\/div>\n\t\t<\/div>\n\t\t\t\t\t<\/div>\n\t\t<\/section>\n\t\t\t\t<section class=\"elementor-section elementor-top-section elementor-element elementor-element-f919dad elementor-section-boxed elementor-section-height-default elementor-section-height-default\" data-id=\"f919dad\" data-element_type=\"section\" data-e-type=\"section\">\n\t\t\t\t\t\t<div class=\"elementor-container elementor-column-gap-default\">\n\t\t\t\t\t<div class=\"elementor-column elementor-col-100 elementor-top-column elementor-element elementor-element-6f75144\" data-id=\"6f75144\" data-element_type=\"column\" data-e-type=\"column\">\n\t\t\t<div class=\"elementor-widget-wrap elementor-element-populated\">\n\t\t\t\t\t\t<div class=\"elementor-element elementor-element-26fb286 elementor-widget elementor-widget-text-editor\" data-id=\"26fb286\" data-element_type=\"widget\" data-e-type=\"widget\" data-widget_type=\"text-editor.default\">\n\t\t\t\t<div class=\"elementor-widget-container\">\n\t\t\t\t\t\t\t\t\t<p><strong>KLAUZULA INFORMACYJNA <br \/>DOTYCZ\u0104CA REKRUTACJI W SYSTEMIE INTERNETOWYM <\/strong><\/p><p>Zgodnie z art. 13 ust. 1 i 2 rozporz\u0105dzenia Parlamentu Europejskiego i Rady (UE) 2016\/679 z 27.04.2016 r. w sprawie ochrony os\u00f3b fizycznych w zwi\u0105zku z przetwarzaniem danych osobowych i w sprawie swobodnego przep\u0142ywu takich danych oraz uchylenia dyrektywy 95\/46\/WE (og\u00f3lne rozporz\u0105dzenie o ochronie danych) (Dz. U. UE. L. z 2016 r. Nr 119, str. 1) \u2013 dalej RODO informuj\u0119, i\u017c:<\/p><p>1)\u00a0\u00a0\u00a0\u00a0\u00a0 Administratorem Pani\/Pana danych osobowych jest Wojew\u00f3dzki Szpital Specjalistyczny im. \u015bw. Rafa\u0142a w Czerwonej G\u00f3rze, ul. Czerwona G\u00f3ra 10, 26-060 Ch\u0119ciny, tel.: 41\u00a0346 55 45, e-mail: <a href=\"mailto:czerwonagora@czerwonagora.pl\">czerwonagora@czerwonagora.pl<\/a> NIP: 959-12-89-964, Regon: 000296213.<\/p><p>2)\u00a0\u00a0\u00a0\u00a0\u00a0 Inspektorem ochrony danych w Wojew\u00f3dzkim Szpitalu Specjalistycznym im. \u015bw. Rafa\u0142a w Czerwonej G\u00f3rze jest Pan Wies\u0142aw Loch e-mail <a href=\"mailto:iod@czerwonagora.pl\">iod@czerwonagora.pl<\/a>, nr.tel. 41\u00a0346 55 45 w. 211;<\/p><p>3) Pani\/Pana dane osobowe przetwarzane b\u0119d\u0105 w celu przeprowadzenia procesu rekrutacji na stanowisko Sekretarki Medycznej \u00a0na podstawie art. 6 ust. 1 lit. a RODO, na podstawie Pani\/Pana dobrowolnej zgody;<\/p><p>4)\u00a0\u00a0\u00a0\u00a0\u00a0 Odbiorc\u0105 Pani\/Pana danych osobowych jest WSS im. \u015bw. Rafa\u0142a w Czerwonej G\u00f3rze<\/p><p>*<em>(mo\u017cna wymieni\u0107 kategori\u0119 odbiorc\u00f3w o ile istniej\u0105)<\/em>;<\/p><p>5)\u00a0\u00a0\u00a0\u00a0\u00a0 Pani\/Pana dane osobowe b\u0119d\u0105 przechowywane przez okres niezb\u0119dny do przeprowadzenia rekrutacji. Dokumenty kandydata, kt\u00f3ry nie zostanie zatrudniony zostan\u0105 zniszczone niezw\u0142ocznie po zako\u0144czeniu procesu rekrutacji;<\/p><p>6)\u00a0\u00a0\u00a0\u00a0\u00a0 Posiada Pani\/Pan prawo dost\u0119pu do tre\u015bci swoich danych oraz prawo ich sprostowania, usuni\u0119cia, ograniczenia przetwarzania, prawo do przenoszenia danych, prawo wniesienia sprzeciwu, prawo do cofni\u0119cia zgody na ich przetwarzanie w dowolnym momencie bez wp\u0142ywu na zgodno\u015b\u0107 z prawem przetwarzania, kt\u00f3rego dokonano na podstawie zgody wyra\u017conej przed jej cofni\u0119ciem. O\u015bwiadczenie o cofni\u0119ciu zgody na przetwarzanie danych osobowych wymaga jego z\u0142o\u017cenia w formie pisemnej lub elektronicznej na adres mailowy <a href=\"mailto:iod@czerwonagora.pl\">iod@czerwonagora.pl<\/a>,<\/p><p>7)\u00a0\u00a0\u00a0\u00a0\u00a0 Ma Pan\/Pani prawo wniesienia skargi do Prezesa Urz\u0119du Ochrony Danych Osobowych, gdy uzna Pani\/Pan, i\u017c przetwarzanie danych osobowych Pani\/Pana dotycz\u0105cych narusza przepisy RODO;<\/p><p>8)\u00a0\u00a0\u00a0\u00a0\u00a0 Podanie przez Pana\/Pani\u0105 danych osobowych jest dobrowolne, ale konieczne dla cel\u00f3w zwi\u0105zanych z przeprowadzeniem procesu rekrutacji na stanowisko Sekretarki Medycznej;<\/p><p><strong>Klauzula zawieraj\u0105ca zgod\u0119 na przetwarzanie danych osobowych (na CV)<\/strong><\/p><p>Na podstawie art. 7 ust. 1 RODO o\u015bwiadczam, i\u017c wyra\u017cam zgod\u0119 na przetwarzanie przez administratora, kt\u00f3rym jest Wojew\u00f3dzki Szpital Specjalistyczny im. \u015bw. Rafa\u0142a w Czerwonej G\u00f3rze, ul. Czerwona G\u00f3ra 10, 26-060 Ch\u0119ciny, tel.: 41\u00a0346 55 45, e-mail: <a href=\"mailto:czerwonagora@czerwonagora.pl\">czerwonagora@czerwonagora.pl<\/a> NIP: 959-12-89-964, Regon: 000296213, moich danych osobowych w celu przeprowadzenia procedury rekrutacji na stanowisko Sekretarki Medycznej. Powy\u017csza zgoda zosta\u0142a wyra\u017cona dobrowolnie zgodnie z art. 4 pkt 11 RODO.<\/p><p>\u00a0<\/p><p>\u00a0\u00a0\u00a0\u00a0\u00a0\u00a0\u00a0\u00a0\u00a0\u00a0\u00a0\u00a0\u00a0\u00a0\u00a0\u00a0\u00a0\u00a0\u00a0\u00a0\u00a0\u00a0\u00a0\u00a0\u00a0\u00a0\u00a0\u00a0\u00a0\u00a0\u00a0\u00a0\u00a0\u00a0\u00a0\u00a0\u00a0\u00a0\u00a0\u00a0\u00a0\u00a0\u00a0\u00a0\u00a0\u00a0\u00a0\u00a0\u00a0\u00a0\u00a0\u00a0\u00a0\u00a0\u00a0\u00a0\u00a0\u00a0\u00a0\u00a0\u00a0\u00a0\u00a0\u00a0\u00a0\u00a0\u00a0\u00a0\u00a0\u00a0\u00a0\u00a0\u00a0\u00a0\u00a0\u00a0\u00a0\u00a0\u00a0\u00a0\u00a0\u00a0\u00a0\u00a0\u00a0\u00a0\u00a0\u00a0\u00a0\u00a0\u00a0\u00a0\u00a0\u00a0\u00a0\u00a0\u00a0\u00a0\u00a0\u00a0\u00a0\u00a0\u00a0\u00a0\u00a0\u00a0\u00a0\u00a0\u00a0\u00a0\u00a0\u00a0 &#8230;&#8230;&#8230;&#8230;&#8230;&#8230;&#8230;&#8230;&#8230;&#8230;&#8230;&#8230;&#8230;&#8230;&#8230;..<br \/>\u00a0\u00a0\u00a0\u00a0\u00a0 \u00a0 \u00a0 \u00a0 \u00a0 \u00a0 \u00a0 \u00a0 \u00a0 \u00a0 \u00a0 \u00a0 \u00a0 \u00a0 \u00a0 \u00a0 \u00a0 \u00a0 \u00a0 \u00a0 \u00a0 \u00a0 \u00a0 \u00a0 \u00a0 \u00a0 \u00a0 \u00a0 \u00a0 \u00a0 \u00a0 \u00a0 \u00a0 \u00a0 \u00a0 \u00a0 \u00a0 \u00a0 \u00a0 \u00a0 \u00a0 \u00a0 \u00a0 \u00a0 \u00a0 \u00a0 \u00a0 \u00a0 \u00a0 \u00a0 \u00a0 (data i podpis kandydata do pracy)<\/p>\t\t\t\t\t\t\t\t<\/div>\n\t\t\t\t<\/div>\n\t\t\t\t\t<\/div>\n\t\t<\/div>\n\t\t\t\t\t<\/div>\n\t\t<\/section>\n\t\t\t\t<section class=\"elementor-section elementor-top-section elementor-element elementor-element-dce3d4a elementor-section-boxed elementor-section-height-default elementor-section-height-default\" data-id=\"dce3d4a\" data-element_type=\"section\" data-e-type=\"section\" data-settings=\"{&quot;background_background&quot;:&quot;classic&quot;}\">\n\t\t\t\t\t\t<div class=\"elementor-container elementor-column-gap-default\">\n\t\t\t\t\t<div class=\"elementor-column elementor-col-25 elementor-top-column elementor-element elementor-element-f123776\" data-id=\"f123776\" data-element_type=\"column\" data-e-type=\"column\">\n\t\t\t<div class=\"elementor-widget-wrap elementor-element-populated\">\n\t\t\t\t\t\t<div class=\"elementor-element elementor-element-e37d3e0 elementor-view-default elementor-widget elementor-widget-icon\" data-id=\"e37d3e0\" data-element_type=\"widget\" data-e-type=\"widget\" data-widget_type=\"icon.default\">\n\t\t\t\t<div class=\"elementor-widget-container\">\n\t\t\t\t\t\t\t<div class=\"elementor-icon-wrapper\">\n\t\t\t<div class=\"elementor-icon\">\n\t\t\t<i aria-hidden=\"true\" class=\"far fa-file-pdf\"><\/i>\t\t\t<\/div>\n\t\t<\/div>\n\t\t\t\t\t\t<\/div>\n\t\t\t\t<\/div>\n\t\t\t\t\t<\/div>\n\t\t<\/div>\n\t\t\t\t<div class=\"elementor-column elementor-col-50 elementor-top-column elementor-element elementor-element-7b1db57\" data-id=\"7b1db57\" data-element_type=\"column\" data-e-type=\"column\">\n\t\t\t<div class=\"elementor-widget-wrap elementor-element-populated\">\n\t\t\t\t\t\t<div class=\"elementor-element elementor-element-a0ed57a elementor-widget elementor-widget-text-editor\" data-id=\"a0ed57a\" data-element_type=\"widget\" data-e-type=\"widget\" data-widget_type=\"text-editor.default\">\n\t\t\t\t<div class=\"elementor-widget-container\">\n\t\t\t\t\t\t\t\t\t<p><strong>Dokumenty do pobrania<\/strong> &#8211; Og\u0142oszenie o naborze do Dzia\u0142u Dokumentacji Medycznej i Rozlicze\u0144 z NFZ <br \/>na stanowisko Sekretarka Medyczna<\/p>\t\t\t\t\t\t\t\t<\/div>\n\t\t\t\t<\/div>\n\t\t\t\t\t<\/div>\n\t\t<\/div>\n\t\t\t\t<div class=\"elementor-column elementor-col-25 elementor-top-column elementor-element elementor-element-641a308\" data-id=\"641a308\" data-element_type=\"column\" data-e-type=\"column\">\n\t\t\t<div class=\"elementor-widget-wrap elementor-element-populated\">\n\t\t\t\t\t\t<div class=\"elementor-element elementor-element-7770f7c elementor-align-center elementor-widget elementor-widget-button\" data-id=\"7770f7c\" data-element_type=\"widget\" data-e-type=\"widget\" data-widget_type=\"button.default\">\n\t\t\t\t<div class=\"elementor-widget-container\">\n\t\t\t\t\t\t\t\t\t<div class=\"elementor-button-wrapper\">\n\t\t\t\t\t<a class=\"elementor-button elementor-button-link elementor-size-sm elementor-animation-grow\" href=\"https:\/\/czerwonagora.pl\/wp-content\/uploads\/2022\/11\/ogloszenie_sekretarka_medyczna-Ogloszenie-listopad.pdf\">\n\t\t\t\t\t\t<span class=\"elementor-button-content-wrapper\">\n\t\t\t\t\t\t\t\t\t<span class=\"elementor-button-text\">Pobierz<\/span>\n\t\t\t\t\t<\/span>\n\t\t\t\t\t<\/a>\n\t\t\t\t<\/div>\n\t\t\t\t\t\t\t\t<\/div>\n\t\t\t\t<\/div>\n\t\t\t\t\t<\/div>\n\t\t<\/div>\n\t\t\t\t\t<\/div>\n\t\t<\/section>\n\t\t\t\t<\/div>\n\t\t","protected":false},"excerpt":{"rendered":"<p>Dyrektor Wojew\u00f3dzkiego Szpitala Specjalistycznego im. \u015bw. Rafa\u0142a w Czerwonej G\u00f3rze og\u0142asza nab\u00f3r do Dzia\u0142u Dokumentacji Medycznej i Rozlicze\u0144 z NFZ na stanowisko Sekretarka Medyczna Forma zatrudnienia Umowa o prac\u0119 \u2013 wymiar etatu: ca\u0142y etat, liczba stanowisk pracy: 1 Wymagania konieczne: umiej\u0119tno\u015b\u0107 poprawnego redagowania pism, umiej\u0119tno\u015b\u0107 analitycznego my\u015blenia, umiej\u0119tno\u015b\u0107 pracy w zespole, dyspozycyjno\u015b\u0107, asertywno\u015b\u0107, praktyczna znajomo\u015b\u0107 [&hellip;]<\/p>\n","protected":false},"author":9,"featured_media":8131,"comment_status":"closed","ping_status":"closed","sticky":false,"template":"","format":"standard","meta":{"zakra_page_container_layout":"customizer","zakra_page_sidebar_layout":"customizer","zakra_remove_content_margin":false,"zakra_sidebar":"customizer","zakra_transparent_header":"customizer","zakra_logo":0,"zakra_main_header_style":"default","zakra_menu_item_color":"","zakra_menu_item_hover_color":"","zakra_menu_item_active_color":"","zakra_menu_active_style":"","zakra_page_header":true,"footnotes":""},"categories":[42],"tags":[],"class_list":["post-17949","post","type-post","status-publish","format-standard","has-post-thumbnail","hentry","category-oferty-pracy"],"yoast_head":"<!-- This site is optimized with the Yoast SEO plugin v27.4 - https:\/\/yoast.com\/product\/yoast-seo-wordpress\/ -->\n<title>Nab\u00f3r do Dzia\u0142u Dokumentacji Medycznej i Rozlicze\u0144 z NFZ na stanowisko Sekretarka Medyczna - Wojew\u00f3dzki Szpital Specjalistyczny im. \u015aw. Rafa\u0142a w Czerwonej G\u00f3rze<\/title>\n<meta name=\"robots\" content=\"index, follow, max-snippet:-1, max-image-preview:large, max-video-preview:-1\" \/>\n<link rel=\"canonical\" href=\"https:\/\/czerwonagora.pl\/index.php\/2022\/11\/30\/nabor-do-dzialu-dokumentacji-medycznej-i-rozliczen-z-nfz-na-stanowisko-sekretarka-medyczna-3\/\" \/>\n<meta property=\"og:locale\" content=\"pl_PL\" \/>\n<meta property=\"og:type\" content=\"article\" \/>\n<meta property=\"og:title\" content=\"Nab\u00f3r do Dzia\u0142u Dokumentacji Medycznej i Rozlicze\u0144 z NFZ na stanowisko Sekretarka Medyczna - Wojew\u00f3dzki Szpital Specjalistyczny im. \u015aw. Rafa\u0142a w Czerwonej G\u00f3rze\" \/>\n<meta property=\"og:description\" content=\"Dyrektor Wojew\u00f3dzkiego Szpitala Specjalistycznego im. \u015bw. Rafa\u0142a w Czerwonej G\u00f3rze og\u0142asza nab\u00f3r do Dzia\u0142u Dokumentacji Medycznej i Rozlicze\u0144 z NFZ na stanowisko Sekretarka Medyczna Forma zatrudnienia Umowa o prac\u0119 \u2013 wymiar etatu: ca\u0142y etat, liczba stanowisk pracy: 1 Wymagania konieczne: umiej\u0119tno\u015b\u0107 poprawnego redagowania pism, umiej\u0119tno\u015b\u0107 analitycznego my\u015blenia, umiej\u0119tno\u015b\u0107 pracy w zespole, dyspozycyjno\u015b\u0107, asertywno\u015b\u0107, praktyczna znajomo\u015b\u0107 [&hellip;]\" \/>\n<meta property=\"og:url\" content=\"https:\/\/czerwonagora.pl\/index.php\/2022\/11\/30\/nabor-do-dzialu-dokumentacji-medycznej-i-rozliczen-z-nfz-na-stanowisko-sekretarka-medyczna-3\/\" \/>\n<meta property=\"og:site_name\" content=\"Wojew\u00f3dzki Szpital Specjalistyczny im. \u015aw. Rafa\u0142a w Czerwonej G\u00f3rze\" \/>\n<meta property=\"article:publisher\" content=\"https:\/\/www.facebook.com\/SzpitalCzerwonaGora\/\" \/>\n<meta property=\"article:published_time\" content=\"2022-11-30T07:57:13+00:00\" \/>\n<meta property=\"article:modified_time\" content=\"2022-11-30T08:04:21+00:00\" \/>\n<meta property=\"og:image\" content=\"https:\/\/czerwonagora.pl\/wp-content\/uploads\/2021\/06\/LEK_Oferta_pracy.jpg\" \/>\n\t<meta property=\"og:image:width\" content=\"803\" \/>\n\t<meta property=\"og:image:height\" content=\"360\" \/>\n\t<meta property=\"og:image:type\" content=\"image\/jpeg\" \/>\n<meta name=\"author\" content=\"Jan Anderman\" \/>\n<meta name=\"twitter:card\" content=\"summary_large_image\" \/>\n<meta name=\"twitter:label1\" content=\"Napisane przez\" \/>\n\t<meta name=\"twitter:data1\" content=\"Jan Anderman\" \/>\n<script type=\"application\/ld+json\" class=\"yoast-schema-graph\">{\"@context\":\"https:\\\/\\\/schema.org\",\"@graph\":[{\"@type\":\"Article\",\"@id\":\"https:\\\/\\\/czerwonagora.pl\\\/index.php\\\/2022\\\/11\\\/30\\\/nabor-do-dzialu-dokumentacji-medycznej-i-rozliczen-z-nfz-na-stanowisko-sekretarka-medyczna-3\\\/#article\",\"isPartOf\":{\"@id\":\"https:\\\/\\\/czerwonagora.pl\\\/index.php\\\/2022\\\/11\\\/30\\\/nabor-do-dzialu-dokumentacji-medycznej-i-rozliczen-z-nfz-na-stanowisko-sekretarka-medyczna-3\\\/\"},\"author\":{\"name\":\"Jan Anderman\",\"@id\":\"https:\\\/\\\/czerwonagora.pl\\\/#\\\/schema\\\/person\\\/8b70983499a382afa6978e88bcfde1b8\"},\"headline\":\"Nab\u00f3r do Dzia\u0142u Dokumentacji Medycznej i Rozlicze\u0144 z NFZ na stanowisko Sekretarka Medyczna\",\"datePublished\":\"2022-11-30T07:57:13+00:00\",\"dateModified\":\"2022-11-30T08:04:21+00:00\",\"mainEntityOfPage\":{\"@id\":\"https:\\\/\\\/czerwonagora.pl\\\/index.php\\\/2022\\\/11\\\/30\\\/nabor-do-dzialu-dokumentacji-medycznej-i-rozliczen-z-nfz-na-stanowisko-sekretarka-medyczna-3\\\/\"},\"wordCount\":870,\"publisher\":{\"@id\":\"https:\\\/\\\/czerwonagora.pl\\\/#organization\"},\"image\":{\"@id\":\"https:\\\/\\\/czerwonagora.pl\\\/index.php\\\/2022\\\/11\\\/30\\\/nabor-do-dzialu-dokumentacji-medycznej-i-rozliczen-z-nfz-na-stanowisko-sekretarka-medyczna-3\\\/#primaryimage\"},\"thumbnailUrl\":\"https:\\\/\\\/czerwonagora.pl\\\/wp-content\\\/uploads\\\/2021\\\/06\\\/LEK_Oferta_pracy.jpg\",\"articleSection\":[\"Oferty pracy\"],\"inLanguage\":\"pl-PL\"},{\"@type\":\"WebPage\",\"@id\":\"https:\\\/\\\/czerwonagora.pl\\\/index.php\\\/2022\\\/11\\\/30\\\/nabor-do-dzialu-dokumentacji-medycznej-i-rozliczen-z-nfz-na-stanowisko-sekretarka-medyczna-3\\\/\",\"url\":\"https:\\\/\\\/czerwonagora.pl\\\/index.php\\\/2022\\\/11\\\/30\\\/nabor-do-dzialu-dokumentacji-medycznej-i-rozliczen-z-nfz-na-stanowisko-sekretarka-medyczna-3\\\/\",\"name\":\"Nab\u00f3r do Dzia\u0142u Dokumentacji Medycznej i Rozlicze\u0144 z NFZ na stanowisko Sekretarka Medyczna - Wojew\u00f3dzki Szpital Specjalistyczny im. \u015aw. Rafa\u0142a w Czerwonej G\u00f3rze\",\"isPartOf\":{\"@id\":\"https:\\\/\\\/czerwonagora.pl\\\/#website\"},\"primaryImageOfPage\":{\"@id\":\"https:\\\/\\\/czerwonagora.pl\\\/index.php\\\/2022\\\/11\\\/30\\\/nabor-do-dzialu-dokumentacji-medycznej-i-rozliczen-z-nfz-na-stanowisko-sekretarka-medyczna-3\\\/#primaryimage\"},\"image\":{\"@id\":\"https:\\\/\\\/czerwonagora.pl\\\/index.php\\\/2022\\\/11\\\/30\\\/nabor-do-dzialu-dokumentacji-medycznej-i-rozliczen-z-nfz-na-stanowisko-sekretarka-medyczna-3\\\/#primaryimage\"},\"thumbnailUrl\":\"https:\\\/\\\/czerwonagora.pl\\\/wp-content\\\/uploads\\\/2021\\\/06\\\/LEK_Oferta_pracy.jpg\",\"datePublished\":\"2022-11-30T07:57:13+00:00\",\"dateModified\":\"2022-11-30T08:04:21+00:00\",\"breadcrumb\":{\"@id\":\"https:\\\/\\\/czerwonagora.pl\\\/index.php\\\/2022\\\/11\\\/30\\\/nabor-do-dzialu-dokumentacji-medycznej-i-rozliczen-z-nfz-na-stanowisko-sekretarka-medyczna-3\\\/#breadcrumb\"},\"inLanguage\":\"pl-PL\",\"potentialAction\":[{\"@type\":\"ReadAction\",\"target\":[\"https:\\\/\\\/czerwonagora.pl\\\/index.php\\\/2022\\\/11\\\/30\\\/nabor-do-dzialu-dokumentacji-medycznej-i-rozliczen-z-nfz-na-stanowisko-sekretarka-medyczna-3\\\/\"]}]},{\"@type\":\"ImageObject\",\"inLanguage\":\"pl-PL\",\"@id\":\"https:\\\/\\\/czerwonagora.pl\\\/index.php\\\/2022\\\/11\\\/30\\\/nabor-do-dzialu-dokumentacji-medycznej-i-rozliczen-z-nfz-na-stanowisko-sekretarka-medyczna-3\\\/#primaryimage\",\"url\":\"https:\\\/\\\/czerwonagora.pl\\\/wp-content\\\/uploads\\\/2021\\\/06\\\/LEK_Oferta_pracy.jpg\",\"contentUrl\":\"https:\\\/\\\/czerwonagora.pl\\\/wp-content\\\/uploads\\\/2021\\\/06\\\/LEK_Oferta_pracy.jpg\",\"width\":803,\"height\":360,\"caption\":\"t\u0142o koloru niebieskiego na kt\u00f3rym znaduje si\u0119 zarys os\u00f3b ubranch w ubrania medyczne ze stetyskopami na szyi z bia\u0142ym napisem Oferta pracy\"},{\"@type\":\"BreadcrumbList\",\"@id\":\"https:\\\/\\\/czerwonagora.pl\\\/index.php\\\/2022\\\/11\\\/30\\\/nabor-do-dzialu-dokumentacji-medycznej-i-rozliczen-z-nfz-na-stanowisko-sekretarka-medyczna-3\\\/#breadcrumb\",\"itemListElement\":[{\"@type\":\"ListItem\",\"position\":1,\"name\":\"Strona g\u0142\u00f3wna\",\"item\":\"https:\\\/\\\/czerwonagora.pl\\\/\"},{\"@type\":\"ListItem\",\"position\":2,\"name\":\"Nab\u00f3r do Dzia\u0142u Dokumentacji Medycznej i Rozlicze\u0144 z NFZ na stanowisko Sekretarka Medyczna\"}]},{\"@type\":\"WebSite\",\"@id\":\"https:\\\/\\\/czerwonagora.pl\\\/#website\",\"url\":\"https:\\\/\\\/czerwonagora.pl\\\/\",\"name\":\"Wojew\u00f3dzki Szpital Specjalistyczny im. \u015aw. Rafa\u0142a w Czerwonej G\u00f3rze\",\"description\":\"Wojew\u00f3dzki Szpital Specjalistyczny im. \u015aw. Rafa\u0142a w Czerwonej G\u00f3rze\",\"publisher\":{\"@id\":\"https:\\\/\\\/czerwonagora.pl\\\/#organization\"},\"potentialAction\":[{\"@type\":\"SearchAction\",\"target\":{\"@type\":\"EntryPoint\",\"urlTemplate\":\"https:\\\/\\\/czerwonagora.pl\\\/?s={search_term_string}\"},\"query-input\":{\"@type\":\"PropertyValueSpecification\",\"valueRequired\":true,\"valueName\":\"search_term_string\"}}],\"inLanguage\":\"pl-PL\"},{\"@type\":\"Organization\",\"@id\":\"https:\\\/\\\/czerwonagora.pl\\\/#organization\",\"name\":\"Wojew\u00f3dzki Szpital Specjalistyczny im. \u015aw. Rafa\u0142a w Czerwonej G\u00f3rze\",\"url\":\"https:\\\/\\\/czerwonagora.pl\\\/\",\"logo\":{\"@type\":\"ImageObject\",\"inLanguage\":\"pl-PL\",\"@id\":\"https:\\\/\\\/czerwonagora.pl\\\/#\\\/schema\\\/logo\\\/image\\\/\",\"url\":\"https:\\\/\\\/czerwonagora.pl\\\/wp-content\\\/uploads\\\/2021\\\/06\\\/Logo-WSS-DUZE-transparentne.png\",\"contentUrl\":\"https:\\\/\\\/czerwonagora.pl\\\/wp-content\\\/uploads\\\/2021\\\/06\\\/Logo-WSS-DUZE-transparentne.png\",\"width\":4210,\"height\":2975,\"caption\":\"Wojew\u00f3dzki Szpital Specjalistyczny im. \u015aw. Rafa\u0142a w Czerwonej G\u00f3rze\"},\"image\":{\"@id\":\"https:\\\/\\\/czerwonagora.pl\\\/#\\\/schema\\\/logo\\\/image\\\/\"},\"sameAs\":[\"https:\\\/\\\/www.facebook.com\\\/SzpitalCzerwonaGora\\\/\"]},{\"@type\":\"Person\",\"@id\":\"https:\\\/\\\/czerwonagora.pl\\\/#\\\/schema\\\/person\\\/8b70983499a382afa6978e88bcfde1b8\",\"name\":\"Jan Anderman\",\"image\":{\"@type\":\"ImageObject\",\"inLanguage\":\"pl-PL\",\"@id\":\"https:\\\/\\\/czerwonagora.pl\\\/wp-content\\\/litespeed\\\/avatar\\\/d5bc867d497b251469db97f076802c5f.jpg?ver=1777380281\",\"url\":\"https:\\\/\\\/czerwonagora.pl\\\/wp-content\\\/litespeed\\\/avatar\\\/d5bc867d497b251469db97f076802c5f.jpg?ver=1777380281\",\"contentUrl\":\"https:\\\/\\\/czerwonagora.pl\\\/wp-content\\\/litespeed\\\/avatar\\\/d5bc867d497b251469db97f076802c5f.jpg?ver=1777380281\",\"caption\":\"Jan Anderman\"},\"url\":\"https:\\\/\\\/czerwonagora.pl\\\/index.php\\\/author\\\/anderman\\\/\"}]}<\/script>\n<!-- \/ Yoast SEO plugin. -->","yoast_head_json":{"title":"Nab\u00f3r do Dzia\u0142u Dokumentacji Medycznej i Rozlicze\u0144 z NFZ na stanowisko Sekretarka Medyczna - Wojew\u00f3dzki Szpital Specjalistyczny im. \u015aw. Rafa\u0142a w Czerwonej G\u00f3rze","robots":{"index":"index","follow":"follow","max-snippet":"max-snippet:-1","max-image-preview":"max-image-preview:large","max-video-preview":"max-video-preview:-1"},"canonical":"https:\/\/czerwonagora.pl\/index.php\/2022\/11\/30\/nabor-do-dzialu-dokumentacji-medycznej-i-rozliczen-z-nfz-na-stanowisko-sekretarka-medyczna-3\/","og_locale":"pl_PL","og_type":"article","og_title":"Nab\u00f3r do Dzia\u0142u Dokumentacji Medycznej i Rozlicze\u0144 z NFZ na stanowisko Sekretarka Medyczna - Wojew\u00f3dzki Szpital Specjalistyczny im. \u015aw. Rafa\u0142a w Czerwonej G\u00f3rze","og_description":"Dyrektor Wojew\u00f3dzkiego Szpitala Specjalistycznego im. \u015bw. Rafa\u0142a w Czerwonej G\u00f3rze og\u0142asza nab\u00f3r do Dzia\u0142u Dokumentacji Medycznej i Rozlicze\u0144 z NFZ na stanowisko Sekretarka Medyczna Forma zatrudnienia Umowa o prac\u0119 \u2013 wymiar etatu: ca\u0142y etat, liczba stanowisk pracy: 1 Wymagania konieczne: umiej\u0119tno\u015b\u0107 poprawnego redagowania pism, umiej\u0119tno\u015b\u0107 analitycznego my\u015blenia, umiej\u0119tno\u015b\u0107 pracy w zespole, dyspozycyjno\u015b\u0107, asertywno\u015b\u0107, praktyczna znajomo\u015b\u0107 [&hellip;]","og_url":"https:\/\/czerwonagora.pl\/index.php\/2022\/11\/30\/nabor-do-dzialu-dokumentacji-medycznej-i-rozliczen-z-nfz-na-stanowisko-sekretarka-medyczna-3\/","og_site_name":"Wojew\u00f3dzki Szpital Specjalistyczny im. \u015aw. Rafa\u0142a w Czerwonej G\u00f3rze","article_publisher":"https:\/\/www.facebook.com\/SzpitalCzerwonaGora\/","article_published_time":"2022-11-30T07:57:13+00:00","article_modified_time":"2022-11-30T08:04:21+00:00","og_image":[{"width":803,"height":360,"url":"https:\/\/czerwonagora.pl\/wp-content\/uploads\/2021\/06\/LEK_Oferta_pracy.jpg","type":"image\/jpeg"}],"author":"Jan Anderman","twitter_card":"summary_large_image","twitter_misc":{"Napisane przez":"Jan Anderman"},"schema":{"@context":"https:\/\/schema.org","@graph":[{"@type":"Article","@id":"https:\/\/czerwonagora.pl\/index.php\/2022\/11\/30\/nabor-do-dzialu-dokumentacji-medycznej-i-rozliczen-z-nfz-na-stanowisko-sekretarka-medyczna-3\/#article","isPartOf":{"@id":"https:\/\/czerwonagora.pl\/index.php\/2022\/11\/30\/nabor-do-dzialu-dokumentacji-medycznej-i-rozliczen-z-nfz-na-stanowisko-sekretarka-medyczna-3\/"},"author":{"name":"Jan Anderman","@id":"https:\/\/czerwonagora.pl\/#\/schema\/person\/8b70983499a382afa6978e88bcfde1b8"},"headline":"Nab\u00f3r do Dzia\u0142u Dokumentacji Medycznej i Rozlicze\u0144 z NFZ na stanowisko Sekretarka Medyczna","datePublished":"2022-11-30T07:57:13+00:00","dateModified":"2022-11-30T08:04:21+00:00","mainEntityOfPage":{"@id":"https:\/\/czerwonagora.pl\/index.php\/2022\/11\/30\/nabor-do-dzialu-dokumentacji-medycznej-i-rozliczen-z-nfz-na-stanowisko-sekretarka-medyczna-3\/"},"wordCount":870,"publisher":{"@id":"https:\/\/czerwonagora.pl\/#organization"},"image":{"@id":"https:\/\/czerwonagora.pl\/index.php\/2022\/11\/30\/nabor-do-dzialu-dokumentacji-medycznej-i-rozliczen-z-nfz-na-stanowisko-sekretarka-medyczna-3\/#primaryimage"},"thumbnailUrl":"https:\/\/czerwonagora.pl\/wp-content\/uploads\/2021\/06\/LEK_Oferta_pracy.jpg","articleSection":["Oferty pracy"],"inLanguage":"pl-PL"},{"@type":"WebPage","@id":"https:\/\/czerwonagora.pl\/index.php\/2022\/11\/30\/nabor-do-dzialu-dokumentacji-medycznej-i-rozliczen-z-nfz-na-stanowisko-sekretarka-medyczna-3\/","url":"https:\/\/czerwonagora.pl\/index.php\/2022\/11\/30\/nabor-do-dzialu-dokumentacji-medycznej-i-rozliczen-z-nfz-na-stanowisko-sekretarka-medyczna-3\/","name":"Nab\u00f3r do Dzia\u0142u Dokumentacji Medycznej i Rozlicze\u0144 z NFZ na stanowisko Sekretarka Medyczna - Wojew\u00f3dzki Szpital Specjalistyczny im. \u015aw. Rafa\u0142a w Czerwonej G\u00f3rze","isPartOf":{"@id":"https:\/\/czerwonagora.pl\/#website"},"primaryImageOfPage":{"@id":"https:\/\/czerwonagora.pl\/index.php\/2022\/11\/30\/nabor-do-dzialu-dokumentacji-medycznej-i-rozliczen-z-nfz-na-stanowisko-sekretarka-medyczna-3\/#primaryimage"},"image":{"@id":"https:\/\/czerwonagora.pl\/index.php\/2022\/11\/30\/nabor-do-dzialu-dokumentacji-medycznej-i-rozliczen-z-nfz-na-stanowisko-sekretarka-medyczna-3\/#primaryimage"},"thumbnailUrl":"https:\/\/czerwonagora.pl\/wp-content\/uploads\/2021\/06\/LEK_Oferta_pracy.jpg","datePublished":"2022-11-30T07:57:13+00:00","dateModified":"2022-11-30T08:04:21+00:00","breadcrumb":{"@id":"https:\/\/czerwonagora.pl\/index.php\/2022\/11\/30\/nabor-do-dzialu-dokumentacji-medycznej-i-rozliczen-z-nfz-na-stanowisko-sekretarka-medyczna-3\/#breadcrumb"},"inLanguage":"pl-PL","potentialAction":[{"@type":"ReadAction","target":["https:\/\/czerwonagora.pl\/index.php\/2022\/11\/30\/nabor-do-dzialu-dokumentacji-medycznej-i-rozliczen-z-nfz-na-stanowisko-sekretarka-medyczna-3\/"]}]},{"@type":"ImageObject","inLanguage":"pl-PL","@id":"https:\/\/czerwonagora.pl\/index.php\/2022\/11\/30\/nabor-do-dzialu-dokumentacji-medycznej-i-rozliczen-z-nfz-na-stanowisko-sekretarka-medyczna-3\/#primaryimage","url":"https:\/\/czerwonagora.pl\/wp-content\/uploads\/2021\/06\/LEK_Oferta_pracy.jpg","contentUrl":"https:\/\/czerwonagora.pl\/wp-content\/uploads\/2021\/06\/LEK_Oferta_pracy.jpg","width":803,"height":360,"caption":"t\u0142o koloru niebieskiego na kt\u00f3rym znaduje si\u0119 zarys os\u00f3b ubranch w ubrania medyczne ze stetyskopami na szyi z bia\u0142ym napisem Oferta pracy"},{"@type":"BreadcrumbList","@id":"https:\/\/czerwonagora.pl\/index.php\/2022\/11\/30\/nabor-do-dzialu-dokumentacji-medycznej-i-rozliczen-z-nfz-na-stanowisko-sekretarka-medyczna-3\/#breadcrumb","itemListElement":[{"@type":"ListItem","position":1,"name":"Strona g\u0142\u00f3wna","item":"https:\/\/czerwonagora.pl\/"},{"@type":"ListItem","position":2,"name":"Nab\u00f3r do Dzia\u0142u Dokumentacji Medycznej i Rozlicze\u0144 z NFZ na stanowisko Sekretarka Medyczna"}]},{"@type":"WebSite","@id":"https:\/\/czerwonagora.pl\/#website","url":"https:\/\/czerwonagora.pl\/","name":"Wojew\u00f3dzki Szpital Specjalistyczny im. \u015aw. Rafa\u0142a w Czerwonej G\u00f3rze","description":"Wojew\u00f3dzki Szpital Specjalistyczny im. \u015aw. Rafa\u0142a w Czerwonej G\u00f3rze","publisher":{"@id":"https:\/\/czerwonagora.pl\/#organization"},"potentialAction":[{"@type":"SearchAction","target":{"@type":"EntryPoint","urlTemplate":"https:\/\/czerwonagora.pl\/?s={search_term_string}"},"query-input":{"@type":"PropertyValueSpecification","valueRequired":true,"valueName":"search_term_string"}}],"inLanguage":"pl-PL"},{"@type":"Organization","@id":"https:\/\/czerwonagora.pl\/#organization","name":"Wojew\u00f3dzki Szpital Specjalistyczny im. \u015aw. Rafa\u0142a w Czerwonej G\u00f3rze","url":"https:\/\/czerwonagora.pl\/","logo":{"@type":"ImageObject","inLanguage":"pl-PL","@id":"https:\/\/czerwonagora.pl\/#\/schema\/logo\/image\/","url":"https:\/\/czerwonagora.pl\/wp-content\/uploads\/2021\/06\/Logo-WSS-DUZE-transparentne.png","contentUrl":"https:\/\/czerwonagora.pl\/wp-content\/uploads\/2021\/06\/Logo-WSS-DUZE-transparentne.png","width":4210,"height":2975,"caption":"Wojew\u00f3dzki Szpital Specjalistyczny im. \u015aw. Rafa\u0142a w Czerwonej G\u00f3rze"},"image":{"@id":"https:\/\/czerwonagora.pl\/#\/schema\/logo\/image\/"},"sameAs":["https:\/\/www.facebook.com\/SzpitalCzerwonaGora\/"]},{"@type":"Person","@id":"https:\/\/czerwonagora.pl\/#\/schema\/person\/8b70983499a382afa6978e88bcfde1b8","name":"Jan Anderman","image":{"@type":"ImageObject","inLanguage":"pl-PL","@id":"https:\/\/czerwonagora.pl\/wp-content\/litespeed\/avatar\/d5bc867d497b251469db97f076802c5f.jpg?ver=1777380281","url":"https:\/\/czerwonagora.pl\/wp-content\/litespeed\/avatar\/d5bc867d497b251469db97f076802c5f.jpg?ver=1777380281","contentUrl":"https:\/\/czerwonagora.pl\/wp-content\/litespeed\/avatar\/d5bc867d497b251469db97f076802c5f.jpg?ver=1777380281","caption":"Jan Anderman"},"url":"https:\/\/czerwonagora.pl\/index.php\/author\/anderman\/"}]}},"publishpress_future_action":{"enabled":false,"date":"2026-05-07 12:43:51","action":"change-status","newStatus":"draft","terms":[],"taxonomy":"category","extraData":[]},"publishpress_future_workflow_manual_trigger":{"enabledWorkflows":[]},"_links":{"self":[{"href":"https:\/\/czerwonagora.pl\/index.php\/wp-json\/wp\/v2\/posts\/17949","targetHints":{"allow":["GET"]}}],"collection":[{"href":"https:\/\/czerwonagora.pl\/index.php\/wp-json\/wp\/v2\/posts"}],"about":[{"href":"https:\/\/czerwonagora.pl\/index.php\/wp-json\/wp\/v2\/types\/post"}],"author":[{"embeddable":true,"href":"https:\/\/czerwonagora.pl\/index.php\/wp-json\/wp\/v2\/users\/9"}],"replies":[{"embeddable":true,"href":"https:\/\/czerwonagora.pl\/index.php\/wp-json\/wp\/v2\/comments?post=17949"}],"version-history":[{"count":5,"href":"https:\/\/czerwonagora.pl\/index.php\/wp-json\/wp\/v2\/posts\/17949\/revisions"}],"predecessor-version":[{"id":18011,"href":"https:\/\/czerwonagora.pl\/index.php\/wp-json\/wp\/v2\/posts\/17949\/revisions\/18011"}],"wp:featuredmedia":[{"embeddable":true,"href":"https:\/\/czerwonagora.pl\/index.php\/wp-json\/wp\/v2\/media\/8131"}],"wp:attachment":[{"href":"https:\/\/czerwonagora.pl\/index.php\/wp-json\/wp\/v2\/media?parent=17949"}],"wp:term":[{"taxonomy":"category","embeddable":true,"href":"https:\/\/czerwonagora.pl\/index.php\/wp-json\/wp\/v2\/categories?post=17949"},{"taxonomy":"post_tag","embeddable":true,"href":"https:\/\/czerwonagora.pl\/index.php\/wp-json\/wp\/v2\/tags?post=17949"}],"curies":[{"name":"wp","href":"https:\/\/api.w.org\/{rel}","templated":true}]}}