{"id":18068,"date":"2022-12-15T11:50:02","date_gmt":"2022-12-15T10:50:02","guid":{"rendered":"https:\/\/czerwonagora.pl\/?p=18068"},"modified":"2022-12-15T11:50:03","modified_gmt":"2022-12-15T10:50:03","slug":"przy-szpitalu-w-czerwonej-gorze-powstanie-nowy-parking","status":"publish","type":"post","link":"https:\/\/czerwonagora.pl\/index.php\/2022\/12\/15\/przy-szpitalu-w-czerwonej-gorze-powstanie-nowy-parking\/","title":{"rendered":"<strong>Przy szpitalu w Czerwonej G\u00f3rze powstanie nowy parking<\/strong>"},"content":{"rendered":"\n<p><strong>Wojew\u00f3dzki Szpital Specjalistyczny im. \u015aw. Rafa\u0142a w Czerwonej G\u00f3rze rozpocz\u0105\u0142 budow\u0119 nowego parkingu. Zwi\u0119kszenie liczby miejsc postojowych jest niezb\u0119dne w zwi\u0105zku z rozbudow\u0105 szpitala o nowe zak\u0142ady &#8211; \u015awi\u0119tokrzyskie Centrum Chor\u00f3b P\u0142uc oraz Zak\u0142ad Opieku\u0144czo-Leczniczy.<\/strong><\/p>\n\n\n\n<p>Pierwszy etap inwestycji, kt\u00f3ry jest obecnie realizowany w Wojew\u00f3dzkim Szpitalu Specjalistycznym im. \u015aw. Rafa\u0142a w Czerwonej G\u00f3rze, obejmie budow\u0119 85 nowych miejsc parkingowych dla personelu i pacjent\u00f3w. Zostan\u0105 one zlokalizowane na terenie niedaleko wjazdu do szpitala.<\/p>\n\n\n\n<p>&#8211; Zrealizowane inwestycje takie jak budowa \u015awi\u0119tokrzyskiego Centrum Chor\u00f3b P\u0142uc czy Zak\u0142adu Opieku\u0144czo Leczniczego bezpo\u015brednio wp\u0142ywaj\u0105 na zwi\u0119kszon\u0105 liczb\u0119 pacjent\u00f3w korzystaj\u0105cych z opieki naszego szpitala, co przek\u0142ada si\u0119 na wi\u0119ksz\u0105 liczb\u0119 samochod\u00f3w \u2013 t\u0142umaczy dyrektor Wojew\u00f3dzkiego Szpitala Specjalistycznego im. \u015aw. Rafa\u0142a dr Youssef Sleiman.<\/p>\n\n\n\n<p>Po\u0142o\u017cenie Wojew\u00f3dzkiego Szpitala Specjalistycznego w Czerwonej G\u00f3rze, cho\u0107 niew\u0105tpliwie korzystne dla leczonych pacjent\u00f3w, jest zarazem pewnym utrudnieniem komunikacyjnym. Szpital znajduje si\u0119 na uboczu g\u0142\u00f3wnych szlak\u00f3w transportu publicznego, a tendencja do przemieszczania si\u0119 prywatnym transportem dodatkowo sprawia, \u017ce ruch samochodowy i zarazem zapotrzebowanie na miejsca parkingowe wok\u00f3\u0142 szpitala stale rosn\u0105.<\/p>\n\n\n\n<figure class=\"wp-block-image size-large\"><img fetchpriority=\"high\" decoding=\"async\" width=\"1024\" height=\"768\" src=\"https:\/\/czerwonagora.pl\/wp-content\/uploads\/2022\/12\/parking2-1024x768.jpg\" alt=\"\" class=\"wp-image-18070\" srcset=\"https:\/\/czerwonagora.pl\/wp-content\/uploads\/2022\/12\/parking2-1024x768.jpg 1024w, https:\/\/czerwonagora.pl\/wp-content\/uploads\/2022\/12\/parking2-300x225.jpg 300w, https:\/\/czerwonagora.pl\/wp-content\/uploads\/2022\/12\/parking2-768x576.jpg 768w, https:\/\/czerwonagora.pl\/wp-content\/uploads\/2022\/12\/parking2-1536x1152.jpg 1536w, https:\/\/czerwonagora.pl\/wp-content\/uploads\/2022\/12\/parking2.jpg 2000w\" sizes=\"(max-width: 1024px) 100vw, 1024px\" \/><\/figure>\n\n\n\n<p>Samochodami przyje\u017cd\u017caj\u0105 do szpitala zar\u00f3wno pracownicy, jak i pacjenci leczeni stacjonarnie i ambulatoryjnie oraz odwiedzaj\u0105cy ich bliscy. &#8211; Osoby b\u0119d\u0105ce pacjentami szpitala cz\u0119sto wybieraj\u0105 jako \u015brodek transportu prywatny samoch\u00f3d, co podyktowanie jest nie tylko wygod\u0105 i komfortem podr\u00f3\u017cowania, ale tak\u017ce tym, \u017ce s\u0105 to cz\u0119sto pacjenci onkologiczni czy pacjenci ze schorzeniami uk\u0142adu oddechowego, dla kt\u00f3rych taka forma dojazdu jest niej obci\u0105\u017caj\u0105ca \u2013 podkre\u015bla dyrektor Wojew\u00f3dzkiego Szpitala Specjalistycznego dr Youssef Sleiman.<\/p>\n\n\n\n<p>Ca\u0142kowity koszt inwestycji to 654 tysi\u0105ce z\u0142otych. Szpital otrzyma\u0142 dofinansowanie na ten cel z Urz\u0119du Marsza\u0142kowskiego Wojew\u00f3dztwa \u015awi\u0119tokrzyskiego w kwocie 350 tysi\u0119cy z\u0142otych. 304 tysi\u0105ce z\u0142otych pochodzi z bud\u017cetu szpitala. Planowo budowa parkingu powinna zako\u0144czy\u0107 si\u0119 w trzecim kwartale 2023 roku.<\/p>\n","protected":false},"excerpt":{"rendered":"<p>Wojew\u00f3dzki Szpital Specjalistyczny im. \u015aw. Rafa\u0142a w Czerwonej G\u00f3rze rozpocz\u0105\u0142 budow\u0119 nowego parkingu. Zwi\u0119kszenie liczby miejsc postojowych jest niezb\u0119dne w zwi\u0105zku z rozbudow\u0105 szpitala o nowe zak\u0142ady &#8211; \u015awi\u0119tokrzyskie Centrum Chor\u00f3b P\u0142uc oraz Zak\u0142ad Opieku\u0144czo-Leczniczy. Pierwszy etap inwestycji, kt\u00f3ry jest obecnie realizowany w Wojew\u00f3dzkim Szpitalu Specjalistycznym im. \u015aw. Rafa\u0142a w Czerwonej G\u00f3rze, obejmie budow\u0119 85 [&hellip;]<\/p>\n","protected":false},"author":8,"featured_media":18069,"comment_status":"closed","ping_status":"closed","sticky":false,"template":"","format":"standard","meta":{"zakra_page_container_layout":"customizer","zakra_page_sidebar_layout":"customizer","zakra_remove_content_margin":false,"zakra_sidebar":"customizer","zakra_transparent_header":"customizer","zakra_logo":0,"zakra_main_header_style":"default","zakra_menu_item_color":"","zakra_menu_item_hover_color":"","zakra_menu_item_active_color":"","zakra_menu_active_style":"","zakra_page_header":true,"footnotes":""},"categories":[39],"tags":[],"class_list":["post-18068","post","type-post","status-publish","format-standard","has-post-thumbnail","hentry","category-aktualnosci"],"yoast_head":"<!-- This site is optimized with the Yoast SEO plugin v27.4 - https:\/\/yoast.com\/product\/yoast-seo-wordpress\/ -->\n<title>Przy szpitalu w Czerwonej G\u00f3rze powstanie nowy parking<\/title>\n<meta name=\"description\" content=\"Wojew\u00f3dzki Szpital Specjalistyczny im. \u015aw. Rafa\u0142a w Czerwonej G\u00f3rze rozpocz\u0105\u0142 budow\u0119 nowego parkingu dla samochod\u00f3w.\" \/>\n<meta name=\"robots\" content=\"index, follow, max-snippet:-1, max-image-preview:large, max-video-preview:-1\" \/>\n<link rel=\"canonical\" href=\"https:\/\/czerwonagora.pl\/index.php\/2022\/12\/15\/przy-szpitalu-w-czerwonej-gorze-powstanie-nowy-parking\/\" \/>\n<meta property=\"og:locale\" content=\"pl_PL\" \/>\n<meta property=\"og:type\" content=\"article\" \/>\n<meta property=\"og:title\" content=\"Przy szpitalu w Czerwonej G\u00f3rze powstanie nowy parking\" \/>\n<meta property=\"og:description\" content=\"Wojew\u00f3dzki Szpital Specjalistyczny im. \u015aw. Rafa\u0142a w Czerwonej G\u00f3rze rozpocz\u0105\u0142 budow\u0119 nowego parkingu dla samochod\u00f3w.\" \/>\n<meta property=\"og:url\" content=\"https:\/\/czerwonagora.pl\/index.php\/2022\/12\/15\/przy-szpitalu-w-czerwonej-gorze-powstanie-nowy-parking\/\" \/>\n<meta property=\"og:site_name\" content=\"Wojew\u00f3dzki Szpital Specjalistyczny im. \u015aw. Rafa\u0142a w Czerwonej G\u00f3rze\" \/>\n<meta property=\"article:publisher\" content=\"https:\/\/www.facebook.com\/SzpitalCzerwonaGora\/\" \/>\n<meta property=\"article:published_time\" content=\"2022-12-15T10:50:02+00:00\" \/>\n<meta property=\"article:modified_time\" content=\"2022-12-15T10:50:03+00:00\" \/>\n<meta property=\"og:image\" content=\"https:\/\/czerwonagora.pl\/wp-content\/uploads\/2022\/12\/parking.jpg\" \/>\n\t<meta property=\"og:image:width\" content=\"2312\" \/>\n\t<meta property=\"og:image:height\" content=\"1734\" \/>\n\t<meta property=\"og:image:type\" content=\"image\/jpeg\" \/>\n<meta name=\"author\" content=\"Pawe\u0142 Wi\u0119cek\" \/>\n<meta name=\"twitter:card\" content=\"summary_large_image\" \/>\n<meta name=\"twitter:label1\" content=\"Napisane przez\" \/>\n\t<meta name=\"twitter:data1\" content=\"Pawe\u0142 Wi\u0119cek\" \/>\n\t<meta name=\"twitter:label2\" content=\"Szacowany czas czytania\" \/>\n\t<meta name=\"twitter:data2\" content=\"2 minuty\" \/>\n<script type=\"application\/ld+json\" class=\"yoast-schema-graph\">{\"@context\":\"https:\\\/\\\/schema.org\",\"@graph\":[{\"@type\":\"Article\",\"@id\":\"https:\\\/\\\/czerwonagora.pl\\\/index.php\\\/2022\\\/12\\\/15\\\/przy-szpitalu-w-czerwonej-gorze-powstanie-nowy-parking\\\/#article\",\"isPartOf\":{\"@id\":\"https:\\\/\\\/czerwonagora.pl\\\/index.php\\\/2022\\\/12\\\/15\\\/przy-szpitalu-w-czerwonej-gorze-powstanie-nowy-parking\\\/\"},\"author\":{\"name\":\"Pawe\u0142 Wi\u0119cek\",\"@id\":\"https:\\\/\\\/czerwonagora.pl\\\/#\\\/schema\\\/person\\\/8a59ddcbab34628c327513f8d1cd204d\"},\"headline\":\"Przy szpitalu w Czerwonej G\u00f3rze powstanie nowy parking\",\"datePublished\":\"2022-12-15T10:50:02+00:00\",\"dateModified\":\"2022-12-15T10:50:03+00:00\",\"mainEntityOfPage\":{\"@id\":\"https:\\\/\\\/czerwonagora.pl\\\/index.php\\\/2022\\\/12\\\/15\\\/przy-szpitalu-w-czerwonej-gorze-powstanie-nowy-parking\\\/\"},\"wordCount\":348,\"publisher\":{\"@id\":\"https:\\\/\\\/czerwonagora.pl\\\/#organization\"},\"image\":{\"@id\":\"https:\\\/\\\/czerwonagora.pl\\\/index.php\\\/2022\\\/12\\\/15\\\/przy-szpitalu-w-czerwonej-gorze-powstanie-nowy-parking\\\/#primaryimage\"},\"thumbnailUrl\":\"https:\\\/\\\/czerwonagora.pl\\\/wp-content\\\/uploads\\\/2022\\\/12\\\/parking.jpg\",\"articleSection\":[\"Aktualno\u015bci\"],\"inLanguage\":\"pl-PL\"},{\"@type\":\"WebPage\",\"@id\":\"https:\\\/\\\/czerwonagora.pl\\\/index.php\\\/2022\\\/12\\\/15\\\/przy-szpitalu-w-czerwonej-gorze-powstanie-nowy-parking\\\/\",\"url\":\"https:\\\/\\\/czerwonagora.pl\\\/index.php\\\/2022\\\/12\\\/15\\\/przy-szpitalu-w-czerwonej-gorze-powstanie-nowy-parking\\\/\",\"name\":\"Przy szpitalu w Czerwonej G\u00f3rze powstanie nowy parking\",\"isPartOf\":{\"@id\":\"https:\\\/\\\/czerwonagora.pl\\\/#website\"},\"primaryImageOfPage\":{\"@id\":\"https:\\\/\\\/czerwonagora.pl\\\/index.php\\\/2022\\\/12\\\/15\\\/przy-szpitalu-w-czerwonej-gorze-powstanie-nowy-parking\\\/#primaryimage\"},\"image\":{\"@id\":\"https:\\\/\\\/czerwonagora.pl\\\/index.php\\\/2022\\\/12\\\/15\\\/przy-szpitalu-w-czerwonej-gorze-powstanie-nowy-parking\\\/#primaryimage\"},\"thumbnailUrl\":\"https:\\\/\\\/czerwonagora.pl\\\/wp-content\\\/uploads\\\/2022\\\/12\\\/parking.jpg\",\"datePublished\":\"2022-12-15T10:50:02+00:00\",\"dateModified\":\"2022-12-15T10:50:03+00:00\",\"description\":\"Wojew\u00f3dzki Szpital Specjalistyczny im. \u015aw. Rafa\u0142a w Czerwonej G\u00f3rze rozpocz\u0105\u0142 budow\u0119 nowego parkingu dla samochod\u00f3w.\",\"breadcrumb\":{\"@id\":\"https:\\\/\\\/czerwonagora.pl\\\/index.php\\\/2022\\\/12\\\/15\\\/przy-szpitalu-w-czerwonej-gorze-powstanie-nowy-parking\\\/#breadcrumb\"},\"inLanguage\":\"pl-PL\",\"potentialAction\":[{\"@type\":\"ReadAction\",\"target\":[\"https:\\\/\\\/czerwonagora.pl\\\/index.php\\\/2022\\\/12\\\/15\\\/przy-szpitalu-w-czerwonej-gorze-powstanie-nowy-parking\\\/\"]}]},{\"@type\":\"ImageObject\",\"inLanguage\":\"pl-PL\",\"@id\":\"https:\\\/\\\/czerwonagora.pl\\\/index.php\\\/2022\\\/12\\\/15\\\/przy-szpitalu-w-czerwonej-gorze-powstanie-nowy-parking\\\/#primaryimage\",\"url\":\"https:\\\/\\\/czerwonagora.pl\\\/wp-content\\\/uploads\\\/2022\\\/12\\\/parking.jpg\",\"contentUrl\":\"https:\\\/\\\/czerwonagora.pl\\\/wp-content\\\/uploads\\\/2022\\\/12\\\/parking.jpg\",\"width\":2312,\"height\":1734},{\"@type\":\"BreadcrumbList\",\"@id\":\"https:\\\/\\\/czerwonagora.pl\\\/index.php\\\/2022\\\/12\\\/15\\\/przy-szpitalu-w-czerwonej-gorze-powstanie-nowy-parking\\\/#breadcrumb\",\"itemListElement\":[{\"@type\":\"ListItem\",\"position\":1,\"name\":\"Strona g\u0142\u00f3wna\",\"item\":\"https:\\\/\\\/czerwonagora.pl\\\/\"},{\"@type\":\"ListItem\",\"position\":2,\"name\":\"Przy szpitalu w Czerwonej G\u00f3rze powstanie nowy parking\"}]},{\"@type\":\"WebSite\",\"@id\":\"https:\\\/\\\/czerwonagora.pl\\\/#website\",\"url\":\"https:\\\/\\\/czerwonagora.pl\\\/\",\"name\":\"Wojew\u00f3dzki Szpital Specjalistyczny im. \u015aw. Rafa\u0142a w Czerwonej G\u00f3rze\",\"description\":\"Wojew\u00f3dzki Szpital Specjalistyczny im. \u015aw. Rafa\u0142a w Czerwonej G\u00f3rze\",\"publisher\":{\"@id\":\"https:\\\/\\\/czerwonagora.pl\\\/#organization\"},\"potentialAction\":[{\"@type\":\"SearchAction\",\"target\":{\"@type\":\"EntryPoint\",\"urlTemplate\":\"https:\\\/\\\/czerwonagora.pl\\\/?s={search_term_string}\"},\"query-input\":{\"@type\":\"PropertyValueSpecification\",\"valueRequired\":true,\"valueName\":\"search_term_string\"}}],\"inLanguage\":\"pl-PL\"},{\"@type\":\"Organization\",\"@id\":\"https:\\\/\\\/czerwonagora.pl\\\/#organization\",\"name\":\"Wojew\u00f3dzki Szpital Specjalistyczny im. \u015aw. Rafa\u0142a w Czerwonej G\u00f3rze\",\"url\":\"https:\\\/\\\/czerwonagora.pl\\\/\",\"logo\":{\"@type\":\"ImageObject\",\"inLanguage\":\"pl-PL\",\"@id\":\"https:\\\/\\\/czerwonagora.pl\\\/#\\\/schema\\\/logo\\\/image\\\/\",\"url\":\"https:\\\/\\\/czerwonagora.pl\\\/wp-content\\\/uploads\\\/2021\\\/06\\\/Logo-WSS-DUZE-transparentne.png\",\"contentUrl\":\"https:\\\/\\\/czerwonagora.pl\\\/wp-content\\\/uploads\\\/2021\\\/06\\\/Logo-WSS-DUZE-transparentne.png\",\"width\":4210,\"height\":2975,\"caption\":\"Wojew\u00f3dzki Szpital Specjalistyczny im. \u015aw. Rafa\u0142a w Czerwonej G\u00f3rze\"},\"image\":{\"@id\":\"https:\\\/\\\/czerwonagora.pl\\\/#\\\/schema\\\/logo\\\/image\\\/\"},\"sameAs\":[\"https:\\\/\\\/www.facebook.com\\\/SzpitalCzerwonaGora\\\/\"]},{\"@type\":\"Person\",\"@id\":\"https:\\\/\\\/czerwonagora.pl\\\/#\\\/schema\\\/person\\\/8a59ddcbab34628c327513f8d1cd204d\",\"name\":\"Pawe\u0142 Wi\u0119cek\",\"image\":{\"@type\":\"ImageObject\",\"inLanguage\":\"pl-PL\",\"@id\":\"https:\\\/\\\/czerwonagora.pl\\\/wp-content\\\/litespeed\\\/avatar\\\/63e21f6535ac26580501c1127a4e1775.jpg?ver=1777380282\",\"url\":\"https:\\\/\\\/czerwonagora.pl\\\/wp-content\\\/litespeed\\\/avatar\\\/63e21f6535ac26580501c1127a4e1775.jpg?ver=1777380282\",\"contentUrl\":\"https:\\\/\\\/czerwonagora.pl\\\/wp-content\\\/litespeed\\\/avatar\\\/63e21f6535ac26580501c1127a4e1775.jpg?ver=1777380282\",\"caption\":\"Pawe\u0142 Wi\u0119cek\"},\"sameAs\":[\"http:\\\/\\\/www.czerwonagora.pl\"],\"url\":\"https:\\\/\\\/czerwonagora.pl\\\/index.php\\\/author\\\/wiecek\\\/\"}]}<\/script>\n<!-- \/ Yoast SEO plugin. -->","yoast_head_json":{"title":"Przy szpitalu w Czerwonej G\u00f3rze powstanie nowy parking","description":"Wojew\u00f3dzki Szpital Specjalistyczny im. \u015aw. Rafa\u0142a w Czerwonej G\u00f3rze rozpocz\u0105\u0142 budow\u0119 nowego parkingu dla samochod\u00f3w.","robots":{"index":"index","follow":"follow","max-snippet":"max-snippet:-1","max-image-preview":"max-image-preview:large","max-video-preview":"max-video-preview:-1"},"canonical":"https:\/\/czerwonagora.pl\/index.php\/2022\/12\/15\/przy-szpitalu-w-czerwonej-gorze-powstanie-nowy-parking\/","og_locale":"pl_PL","og_type":"article","og_title":"Przy szpitalu w Czerwonej G\u00f3rze powstanie nowy parking","og_description":"Wojew\u00f3dzki Szpital Specjalistyczny im. \u015aw. Rafa\u0142a w Czerwonej G\u00f3rze rozpocz\u0105\u0142 budow\u0119 nowego parkingu dla samochod\u00f3w.","og_url":"https:\/\/czerwonagora.pl\/index.php\/2022\/12\/15\/przy-szpitalu-w-czerwonej-gorze-powstanie-nowy-parking\/","og_site_name":"Wojew\u00f3dzki Szpital Specjalistyczny im. \u015aw. Rafa\u0142a w Czerwonej G\u00f3rze","article_publisher":"https:\/\/www.facebook.com\/SzpitalCzerwonaGora\/","article_published_time":"2022-12-15T10:50:02+00:00","article_modified_time":"2022-12-15T10:50:03+00:00","og_image":[{"width":2312,"height":1734,"url":"https:\/\/czerwonagora.pl\/wp-content\/uploads\/2022\/12\/parking.jpg","type":"image\/jpeg"}],"author":"Pawe\u0142 Wi\u0119cek","twitter_card":"summary_large_image","twitter_misc":{"Napisane przez":"Pawe\u0142 Wi\u0119cek","Szacowany czas czytania":"2 minuty"},"schema":{"@context":"https:\/\/schema.org","@graph":[{"@type":"Article","@id":"https:\/\/czerwonagora.pl\/index.php\/2022\/12\/15\/przy-szpitalu-w-czerwonej-gorze-powstanie-nowy-parking\/#article","isPartOf":{"@id":"https:\/\/czerwonagora.pl\/index.php\/2022\/12\/15\/przy-szpitalu-w-czerwonej-gorze-powstanie-nowy-parking\/"},"author":{"name":"Pawe\u0142 Wi\u0119cek","@id":"https:\/\/czerwonagora.pl\/#\/schema\/person\/8a59ddcbab34628c327513f8d1cd204d"},"headline":"Przy szpitalu w Czerwonej G\u00f3rze powstanie nowy parking","datePublished":"2022-12-15T10:50:02+00:00","dateModified":"2022-12-15T10:50:03+00:00","mainEntityOfPage":{"@id":"https:\/\/czerwonagora.pl\/index.php\/2022\/12\/15\/przy-szpitalu-w-czerwonej-gorze-powstanie-nowy-parking\/"},"wordCount":348,"publisher":{"@id":"https:\/\/czerwonagora.pl\/#organization"},"image":{"@id":"https:\/\/czerwonagora.pl\/index.php\/2022\/12\/15\/przy-szpitalu-w-czerwonej-gorze-powstanie-nowy-parking\/#primaryimage"},"thumbnailUrl":"https:\/\/czerwonagora.pl\/wp-content\/uploads\/2022\/12\/parking.jpg","articleSection":["Aktualno\u015bci"],"inLanguage":"pl-PL"},{"@type":"WebPage","@id":"https:\/\/czerwonagora.pl\/index.php\/2022\/12\/15\/przy-szpitalu-w-czerwonej-gorze-powstanie-nowy-parking\/","url":"https:\/\/czerwonagora.pl\/index.php\/2022\/12\/15\/przy-szpitalu-w-czerwonej-gorze-powstanie-nowy-parking\/","name":"Przy szpitalu w Czerwonej G\u00f3rze powstanie nowy parking","isPartOf":{"@id":"https:\/\/czerwonagora.pl\/#website"},"primaryImageOfPage":{"@id":"https:\/\/czerwonagora.pl\/index.php\/2022\/12\/15\/przy-szpitalu-w-czerwonej-gorze-powstanie-nowy-parking\/#primaryimage"},"image":{"@id":"https:\/\/czerwonagora.pl\/index.php\/2022\/12\/15\/przy-szpitalu-w-czerwonej-gorze-powstanie-nowy-parking\/#primaryimage"},"thumbnailUrl":"https:\/\/czerwonagora.pl\/wp-content\/uploads\/2022\/12\/parking.jpg","datePublished":"2022-12-15T10:50:02+00:00","dateModified":"2022-12-15T10:50:03+00:00","description":"Wojew\u00f3dzki Szpital Specjalistyczny im. \u015aw. Rafa\u0142a w Czerwonej G\u00f3rze rozpocz\u0105\u0142 budow\u0119 nowego parkingu dla samochod\u00f3w.","breadcrumb":{"@id":"https:\/\/czerwonagora.pl\/index.php\/2022\/12\/15\/przy-szpitalu-w-czerwonej-gorze-powstanie-nowy-parking\/#breadcrumb"},"inLanguage":"pl-PL","potentialAction":[{"@type":"ReadAction","target":["https:\/\/czerwonagora.pl\/index.php\/2022\/12\/15\/przy-szpitalu-w-czerwonej-gorze-powstanie-nowy-parking\/"]}]},{"@type":"ImageObject","inLanguage":"pl-PL","@id":"https:\/\/czerwonagora.pl\/index.php\/2022\/12\/15\/przy-szpitalu-w-czerwonej-gorze-powstanie-nowy-parking\/#primaryimage","url":"https:\/\/czerwonagora.pl\/wp-content\/uploads\/2022\/12\/parking.jpg","contentUrl":"https:\/\/czerwonagora.pl\/wp-content\/uploads\/2022\/12\/parking.jpg","width":2312,"height":1734},{"@type":"BreadcrumbList","@id":"https:\/\/czerwonagora.pl\/index.php\/2022\/12\/15\/przy-szpitalu-w-czerwonej-gorze-powstanie-nowy-parking\/#breadcrumb","itemListElement":[{"@type":"ListItem","position":1,"name":"Strona g\u0142\u00f3wna","item":"https:\/\/czerwonagora.pl\/"},{"@type":"ListItem","position":2,"name":"Przy szpitalu w Czerwonej G\u00f3rze powstanie nowy parking"}]},{"@type":"WebSite","@id":"https:\/\/czerwonagora.pl\/#website","url":"https:\/\/czerwonagora.pl\/","name":"Wojew\u00f3dzki Szpital Specjalistyczny im. \u015aw. Rafa\u0142a w Czerwonej G\u00f3rze","description":"Wojew\u00f3dzki Szpital Specjalistyczny im. \u015aw. Rafa\u0142a w Czerwonej G\u00f3rze","publisher":{"@id":"https:\/\/czerwonagora.pl\/#organization"},"potentialAction":[{"@type":"SearchAction","target":{"@type":"EntryPoint","urlTemplate":"https:\/\/czerwonagora.pl\/?s={search_term_string}"},"query-input":{"@type":"PropertyValueSpecification","valueRequired":true,"valueName":"search_term_string"}}],"inLanguage":"pl-PL"},{"@type":"Organization","@id":"https:\/\/czerwonagora.pl\/#organization","name":"Wojew\u00f3dzki Szpital Specjalistyczny im. \u015aw. Rafa\u0142a w Czerwonej G\u00f3rze","url":"https:\/\/czerwonagora.pl\/","logo":{"@type":"ImageObject","inLanguage":"pl-PL","@id":"https:\/\/czerwonagora.pl\/#\/schema\/logo\/image\/","url":"https:\/\/czerwonagora.pl\/wp-content\/uploads\/2021\/06\/Logo-WSS-DUZE-transparentne.png","contentUrl":"https:\/\/czerwonagora.pl\/wp-content\/uploads\/2021\/06\/Logo-WSS-DUZE-transparentne.png","width":4210,"height":2975,"caption":"Wojew\u00f3dzki Szpital Specjalistyczny im. \u015aw. Rafa\u0142a w Czerwonej G\u00f3rze"},"image":{"@id":"https:\/\/czerwonagora.pl\/#\/schema\/logo\/image\/"},"sameAs":["https:\/\/www.facebook.com\/SzpitalCzerwonaGora\/"]},{"@type":"Person","@id":"https:\/\/czerwonagora.pl\/#\/schema\/person\/8a59ddcbab34628c327513f8d1cd204d","name":"Pawe\u0142 Wi\u0119cek","image":{"@type":"ImageObject","inLanguage":"pl-PL","@id":"https:\/\/czerwonagora.pl\/wp-content\/litespeed\/avatar\/63e21f6535ac26580501c1127a4e1775.jpg?ver=1777380282","url":"https:\/\/czerwonagora.pl\/wp-content\/litespeed\/avatar\/63e21f6535ac26580501c1127a4e1775.jpg?ver=1777380282","contentUrl":"https:\/\/czerwonagora.pl\/wp-content\/litespeed\/avatar\/63e21f6535ac26580501c1127a4e1775.jpg?ver=1777380282","caption":"Pawe\u0142 Wi\u0119cek"},"sameAs":["http:\/\/www.czerwonagora.pl"],"url":"https:\/\/czerwonagora.pl\/index.php\/author\/wiecek\/"}]}},"publishpress_future_action":{"enabled":false,"date":"2026-05-06 23:44:44","action":"change-status","newStatus":"draft","terms":[],"taxonomy":"category","extraData":[]},"publishpress_future_workflow_manual_trigger":{"enabledWorkflows":[]},"_links":{"self":[{"href":"https:\/\/czerwonagora.pl\/index.php\/wp-json\/wp\/v2\/posts\/18068","targetHints":{"allow":["GET"]}}],"collection":[{"href":"https:\/\/czerwonagora.pl\/index.php\/wp-json\/wp\/v2\/posts"}],"about":[{"href":"https:\/\/czerwonagora.pl\/index.php\/wp-json\/wp\/v2\/types\/post"}],"author":[{"embeddable":true,"href":"https:\/\/czerwonagora.pl\/index.php\/wp-json\/wp\/v2\/users\/8"}],"replies":[{"embeddable":true,"href":"https:\/\/czerwonagora.pl\/index.php\/wp-json\/wp\/v2\/comments?post=18068"}],"version-history":[{"count":1,"href":"https:\/\/czerwonagora.pl\/index.php\/wp-json\/wp\/v2\/posts\/18068\/revisions"}],"predecessor-version":[{"id":18071,"href":"https:\/\/czerwonagora.pl\/index.php\/wp-json\/wp\/v2\/posts\/18068\/revisions\/18071"}],"wp:featuredmedia":[{"embeddable":true,"href":"https:\/\/czerwonagora.pl\/index.php\/wp-json\/wp\/v2\/media\/18069"}],"wp:attachment":[{"href":"https:\/\/czerwonagora.pl\/index.php\/wp-json\/wp\/v2\/media?parent=18068"}],"wp:term":[{"taxonomy":"category","embeddable":true,"href":"https:\/\/czerwonagora.pl\/index.php\/wp-json\/wp\/v2\/categories?post=18068"},{"taxonomy":"post_tag","embeddable":true,"href":"https:\/\/czerwonagora.pl\/index.php\/wp-json\/wp\/v2\/tags?post=18068"}],"curies":[{"name":"wp","href":"https:\/\/api.w.org\/{rel}","templated":true}]}}