{"id":18385,"date":"2023-02-02T15:49:20","date_gmt":"2023-02-02T14:49:20","guid":{"rendered":"https:\/\/czerwonagora.pl\/?p=18385"},"modified":"2023-02-03T17:43:17","modified_gmt":"2023-02-03T16:43:17","slug":"szpital-w-czerwonej-gorze-bierze-udzial-w-pilotazowym-programie-leczenia-gruzlicy-wielolekoopornej","status":"publish","type":"post","link":"https:\/\/czerwonagora.pl\/index.php\/2023\/02\/02\/szpital-w-czerwonej-gorze-bierze-udzial-w-pilotazowym-programie-leczenia-gruzlicy-wielolekoopornej\/","title":{"rendered":"Szpital w Czerwonej G\u00f3rze bierze udzia\u0142 w pilota\u017cowym programie leczenia gru\u017alicy wielolekoopornej"},"content":{"rendered":"\n<p><strong>Wojew\u00f3dzki Szpital Specjalistyczny im. \u015aw. Rafa\u0142a w Czerwonej G\u00f3rze jako jedyna jednostka w wojew\u00f3dztwie \u015bwi\u0119tokrzyskim przyst\u0105pi\u0142a do pilota\u017cowego programu leczenia gru\u017alicy wielolekoopornej (MDR-TB). Program ma pom\u00f3c w sprawdzeniu ambulatoryjnego modelu leczenia pacjent\u00f3w z t\u0105 chorob\u0105 oraz zapewni\u0107 harmonizacj\u0119 leczenia ze standardami WHO.<\/strong><\/p>\n\n\n\n<p>Program leczenia pacjent\u00f3w z MDR-TB wystartowa\u0142 na pocz\u0105tku pa\u017adziernika 2022 roku. Umowy z Narodowym Funduszem Zdrowia na \u015bwiadczenie opieki i leczenia ambulatoryjnego podpisa\u0142o prawie 40 szpitali w ca\u0142ym kraju. W\u015br\u00f3d nich jest Wojew\u00f3dzki Szpital Specjalistyczny im. \u015aw. Rafa\u0142a w Czerwonej G\u00f3rze.<\/p>\n\n\n\n<p>&#8211; Program zak\u0142ada ograniczenie hospitalizacji pacjent\u00f3w z gru\u017alic\u0105 wielolekooporn\u0105 na rzecz leczenia ambulatoryjnego z wykorzystaniem telemonitoringu pacjent\u00f3w \u2013 informuje dyrektor Wojew\u00f3dzkiego Szpitala Specjalistycznego im. \u015aw. Rafa\u0142a w Czerwonej G\u00f3rze Youssef Sleiman.<\/p>\n\n\n\n<p>Do programu mog\u0105 by\u0107 zakwalifikowani pe\u0142noletni pacjenci, kt\u00f3rzy maj\u0105 udokumentowane rozpoznanie wst\u0119pne MDR-TB lub udokumentowan\u0105 histori\u0119 leczenia. Program obejmuje tak\u017ce obywateli Ukrainy, kt\u00f3rzy przebywaj\u0105 w Polsce w zwi\u0105zku z trwaj\u0105c\u0105 wojn\u0105, co umo\u017cliwi im kontynuowanie terapii, kt\u00f3rej byli poddawani w swojej ojczy\u017anie.<\/p>\n\n\n\n<figure class=\"wp-block-image size-large\"><img fetchpriority=\"high\" decoding=\"async\" width=\"1024\" height=\"768\" src=\"https:\/\/czerwonagora.pl\/wp-content\/uploads\/2023\/02\/IMG_3012-1024x768.jpg\" alt=\"\" class=\"wp-image-18387\" srcset=\"https:\/\/czerwonagora.pl\/wp-content\/uploads\/2023\/02\/IMG_3012-1024x768.jpg 1024w, https:\/\/czerwonagora.pl\/wp-content\/uploads\/2023\/02\/IMG_3012-300x225.jpg 300w, https:\/\/czerwonagora.pl\/wp-content\/uploads\/2023\/02\/IMG_3012-768x576.jpg 768w, https:\/\/czerwonagora.pl\/wp-content\/uploads\/2023\/02\/IMG_3012-1536x1152.jpg 1536w, https:\/\/czerwonagora.pl\/wp-content\/uploads\/2023\/02\/IMG_3012-2048x1536.jpg 2048w\" sizes=\"(max-width: 1024px) 100vw, 1024px\" \/><\/figure>\n\n\n\n<p>Kwalifikacja pacjent\u00f3w odbywa si\u0119 w poradni Chor\u00f3b P\u0142uc i Gru\u017alicy Wojew\u00f3dzkiej Przychodni Specjalistycznej Szpitala w Czerwonej G\u00f3rze zlokalizowanej w Kielcach ul. Jagiello\u0144ska 72 po analizie rozpoznania. Przy kwalifikacji do leczenia w programie pilota\u017cowym bierze si\u0119 pod uwag\u0119 tak\u017ce choroby wsp\u00f3\u0142istniej\u0105ce, dotychczasowy przebieg gru\u017alicy i inne czynniki.<\/p>\n\n\n\n<p>&#8211; Zakwalifikowani pacjenci odb\u0119d\u0105 porad\u0119 lekarsk\u0105, diagnostyczn\u0105 i kwalifikacyjn\u0105. Minimum raz w miesi\u0105cu b\u0119d\u0105 mieli w naszej poradni wizyty kontrolne. W poradni b\u0119d\u0105 wydawane im leki, kt\u00f3re nast\u0119pnie b\u0119d\u0105 przyjmowa\u0107, pod nadzorem personelu poradni . B\u0119dzie si\u0119 to odbywa\u0107 z wykorzystaniem telemonitoringu \u2013 t\u0142umaczy Youssef Sleiman, dyrektor szpitala w Czerwonej G\u00f3rze.<\/p>\n\n\n\n<p>Ponadto pacjenci zostan\u0105 obj\u0119ci w ramach programu badaniami mikrobiologicznymi plwociny oraz wszelkimi innymi niezb\u0119dnymi badaniami dodatkowymi, kt\u00f3re pomog\u0105 w wykryciu dzia\u0142a\u0144 niepo\u017c\u0105danych przyjmowanych lek\u00f3w.<\/p>\n\n\n\n<figure class=\"wp-block-image size-large\"><img decoding=\"async\" width=\"1024\" height=\"768\" src=\"https:\/\/czerwonagora.pl\/wp-content\/uploads\/2023\/02\/IMG_2989-1024x768.jpg\" alt=\"\" class=\"wp-image-18388\" srcset=\"https:\/\/czerwonagora.pl\/wp-content\/uploads\/2023\/02\/IMG_2989-1024x768.jpg 1024w, https:\/\/czerwonagora.pl\/wp-content\/uploads\/2023\/02\/IMG_2989-300x225.jpg 300w, https:\/\/czerwonagora.pl\/wp-content\/uploads\/2023\/02\/IMG_2989-768x576.jpg 768w, https:\/\/czerwonagora.pl\/wp-content\/uploads\/2023\/02\/IMG_2989-1536x1152.jpg 1536w, https:\/\/czerwonagora.pl\/wp-content\/uploads\/2023\/02\/IMG_2989-2048x1536.jpg 2048w\" sizes=\"(max-width: 1024px) 100vw, 1024px\" \/><\/figure>\n\n\n\n<p>Po zako\u0144czonym procesie leczenia zostanie przeprowadzona rozszerzona ocena wynik\u00f3w leczenia. Dane z terapii pacjent\u00f3w b\u0119d\u0105 wysy\u0142ane do centralnego o\u015brodka koordynuj\u0105cego, kt\u00f3rym jest Instytut Gru\u017alicy i Chor\u00f3b P\u0142uc w Warszawie.<\/p>\n\n\n\n<p>Program pilota\u017cowy zako\u0144czy si\u0119 30 wrze\u015bnia 2024 roku. Po tej dacie nast\u0105pi trzymiesi\u0119czny okres ewaluacji programu i osi\u0105gni\u0119tych dzi\u0119ki niemu wynik\u00f3w.<\/p>\n\n\n\n<p>Obecnie gru\u017alica wielolekooporna jest leczona w szpitalach, a kuracja trwa nawet 24 miesi\u0105ce. Leczenie ambulatoryjne pozytywnie wp\u0142ynie na system opieki zdrowotnej i pozwoli pacjentom na prowadzenie normalnego \u017cycia rodzinnego, towarzyskiego i zawodowego. Nowe schematy leczenia, opracowane we wsp\u00f3\u0142pracy z Lekarzami bez Granic s\u0105 mniej toksyczne, efektywniejsze i hamuj\u0105 zaka\u017ano\u015b\u0107 pacjent\u00f3w, nie pozwalaj\u0105c na dalsze rozprzestrzenianie si\u0119 choroby. Dzi\u0119ki temu nie ma konieczno\u015bci izolowania chorych od spo\u0142ecze\u0144stwa, a sama terapia pilota\u017cowa jest tak\u017ce znacznie kr\u00f3tsza od standardowej.<\/p>\n\n\n\n<p><\/p>\n\n\n\n<p><\/p>\n","protected":false},"excerpt":{"rendered":"<p>Wojew\u00f3dzki Szpital Specjalistyczny im. \u015aw. Rafa\u0142a w Czerwonej G\u00f3rze jako jedyna jednostka w wojew\u00f3dztwie \u015bwi\u0119tokrzyskim przyst\u0105pi\u0142a do pilota\u017cowego programu leczenia gru\u017alicy wielolekoopornej (MDR-TB). Program ma pom\u00f3c w sprawdzeniu ambulatoryjnego modelu leczenia pacjent\u00f3w z t\u0105 chorob\u0105 oraz zapewni\u0107 harmonizacj\u0119 leczenia ze standardami WHO. Program leczenia pacjent\u00f3w z MDR-TB wystartowa\u0142 na pocz\u0105tku pa\u017adziernika 2022 roku. Umowy z [&hellip;]<\/p>\n","protected":false},"author":8,"featured_media":18386,"comment_status":"closed","ping_status":"closed","sticky":false,"template":"","format":"standard","meta":{"zakra_page_container_layout":"customizer","zakra_page_sidebar_layout":"customizer","zakra_remove_content_margin":false,"zakra_sidebar":"customizer","zakra_transparent_header":"customizer","zakra_logo":0,"zakra_main_header_style":"default","zakra_menu_item_color":"","zakra_menu_item_hover_color":"","zakra_menu_item_active_color":"","zakra_menu_active_style":"","zakra_page_header":true,"footnotes":""},"categories":[39],"tags":[],"class_list":["post-18385","post","type-post","status-publish","format-standard","has-post-thumbnail","hentry","category-aktualnosci"],"yoast_head":"<!-- This site is optimized with the Yoast SEO plugin v27.4 - https:\/\/yoast.com\/product\/yoast-seo-wordpress\/ -->\n<title>Szpital w Czerwonej G\u00f3rze bierze udzia\u0142 w pilota\u017cowym programie leczenia gru\u017alicy wielolekoopornej<\/title>\n<meta name=\"description\" content=\"Wojew\u00f3dzki Szpital Specjalistyczny im. \u015aw. Rafa\u0142a w Czerwonej G\u00f3rze jako jedyna jednostka w wojew\u00f3dztwie \u015bwi\u0119tokrzyskim przyst\u0105pi\u0142a do pilota\u017cowego programu leczenia gru\u017alicy wielolekoopornej (MDR-TB). Program ma pom\u00f3c w sprawdzeniu ambulatoryjnego modelu leczenia pacjent\u00f3w z t\u0105 chorob\u0105 oraz zapewni\u0107 harmonizacj\u0119 leczenia ze standardami WHO.\" \/>\n<meta name=\"robots\" content=\"index, follow, max-snippet:-1, max-image-preview:large, max-video-preview:-1\" \/>\n<link rel=\"canonical\" href=\"https:\/\/czerwonagora.pl\/index.php\/2023\/02\/02\/szpital-w-czerwonej-gorze-bierze-udzial-w-pilotazowym-programie-leczenia-gruzlicy-wielolekoopornej\/\" \/>\n<meta property=\"og:locale\" content=\"pl_PL\" \/>\n<meta property=\"og:type\" content=\"article\" \/>\n<meta property=\"og:title\" content=\"Szpital w Czerwonej G\u00f3rze bierze udzia\u0142 w pilota\u017cowym programie leczenia gru\u017alicy wielolekoopornej\" \/>\n<meta property=\"og:description\" content=\"Wojew\u00f3dzki Szpital Specjalistyczny im. \u015aw. Rafa\u0142a w Czerwonej G\u00f3rze jako jedyna jednostka w wojew\u00f3dztwie \u015bwi\u0119tokrzyskim przyst\u0105pi\u0142a do pilota\u017cowego programu leczenia gru\u017alicy wielolekoopornej (MDR-TB). Program ma pom\u00f3c w sprawdzeniu ambulatoryjnego modelu leczenia pacjent\u00f3w z t\u0105 chorob\u0105 oraz zapewni\u0107 harmonizacj\u0119 leczenia ze standardami WHO.\" \/>\n<meta property=\"og:url\" content=\"https:\/\/czerwonagora.pl\/index.php\/2023\/02\/02\/szpital-w-czerwonej-gorze-bierze-udzial-w-pilotazowym-programie-leczenia-gruzlicy-wielolekoopornej\/\" \/>\n<meta property=\"og:site_name\" content=\"Wojew\u00f3dzki Szpital Specjalistyczny im. \u015aw. Rafa\u0142a w Czerwonej G\u00f3rze\" \/>\n<meta property=\"article:publisher\" content=\"https:\/\/www.facebook.com\/SzpitalCzerwonaGora\/\" \/>\n<meta property=\"article:published_time\" content=\"2023-02-02T14:49:20+00:00\" \/>\n<meta property=\"article:modified_time\" content=\"2023-02-03T16:43:17+00:00\" \/>\n<meta property=\"og:image\" content=\"https:\/\/czerwonagora.pl\/wp-content\/uploads\/2023\/02\/IMG_2991-scaled.jpg\" \/>\n\t<meta property=\"og:image:width\" content=\"2560\" \/>\n\t<meta property=\"og:image:height\" content=\"1920\" \/>\n\t<meta property=\"og:image:type\" content=\"image\/jpeg\" \/>\n<meta name=\"author\" content=\"Pawe\u0142 Wi\u0119cek\" \/>\n<meta name=\"twitter:card\" content=\"summary_large_image\" \/>\n<meta name=\"twitter:label1\" content=\"Napisane przez\" \/>\n\t<meta name=\"twitter:data1\" content=\"Pawe\u0142 Wi\u0119cek\" \/>\n\t<meta name=\"twitter:label2\" content=\"Szacowany czas czytania\" \/>\n\t<meta name=\"twitter:data2\" content=\"3 minuty\" \/>\n<script type=\"application\/ld+json\" class=\"yoast-schema-graph\">{\"@context\":\"https:\\\/\\\/schema.org\",\"@graph\":[{\"@type\":\"Article\",\"@id\":\"https:\\\/\\\/czerwonagora.pl\\\/index.php\\\/2023\\\/02\\\/02\\\/szpital-w-czerwonej-gorze-bierze-udzial-w-pilotazowym-programie-leczenia-gruzlicy-wielolekoopornej\\\/#article\",\"isPartOf\":{\"@id\":\"https:\\\/\\\/czerwonagora.pl\\\/index.php\\\/2023\\\/02\\\/02\\\/szpital-w-czerwonej-gorze-bierze-udzial-w-pilotazowym-programie-leczenia-gruzlicy-wielolekoopornej\\\/\"},\"author\":{\"name\":\"Pawe\u0142 Wi\u0119cek\",\"@id\":\"https:\\\/\\\/czerwonagora.pl\\\/#\\\/schema\\\/person\\\/8a59ddcbab34628c327513f8d1cd204d\"},\"headline\":\"Szpital w Czerwonej G\u00f3rze bierze udzia\u0142 w pilota\u017cowym programie leczenia gru\u017alicy wielolekoopornej\",\"datePublished\":\"2023-02-02T14:49:20+00:00\",\"dateModified\":\"2023-02-03T16:43:17+00:00\",\"mainEntityOfPage\":{\"@id\":\"https:\\\/\\\/czerwonagora.pl\\\/index.php\\\/2023\\\/02\\\/02\\\/szpital-w-czerwonej-gorze-bierze-udzial-w-pilotazowym-programie-leczenia-gruzlicy-wielolekoopornej\\\/\"},\"wordCount\":509,\"publisher\":{\"@id\":\"https:\\\/\\\/czerwonagora.pl\\\/#organization\"},\"image\":{\"@id\":\"https:\\\/\\\/czerwonagora.pl\\\/index.php\\\/2023\\\/02\\\/02\\\/szpital-w-czerwonej-gorze-bierze-udzial-w-pilotazowym-programie-leczenia-gruzlicy-wielolekoopornej\\\/#primaryimage\"},\"thumbnailUrl\":\"https:\\\/\\\/czerwonagora.pl\\\/wp-content\\\/uploads\\\/2023\\\/02\\\/IMG_2991-scaled.jpg\",\"articleSection\":[\"Aktualno\u015bci\"],\"inLanguage\":\"pl-PL\"},{\"@type\":\"WebPage\",\"@id\":\"https:\\\/\\\/czerwonagora.pl\\\/index.php\\\/2023\\\/02\\\/02\\\/szpital-w-czerwonej-gorze-bierze-udzial-w-pilotazowym-programie-leczenia-gruzlicy-wielolekoopornej\\\/\",\"url\":\"https:\\\/\\\/czerwonagora.pl\\\/index.php\\\/2023\\\/02\\\/02\\\/szpital-w-czerwonej-gorze-bierze-udzial-w-pilotazowym-programie-leczenia-gruzlicy-wielolekoopornej\\\/\",\"name\":\"Szpital w Czerwonej G\u00f3rze bierze udzia\u0142 w pilota\u017cowym programie leczenia gru\u017alicy wielolekoopornej\",\"isPartOf\":{\"@id\":\"https:\\\/\\\/czerwonagora.pl\\\/#website\"},\"primaryImageOfPage\":{\"@id\":\"https:\\\/\\\/czerwonagora.pl\\\/index.php\\\/2023\\\/02\\\/02\\\/szpital-w-czerwonej-gorze-bierze-udzial-w-pilotazowym-programie-leczenia-gruzlicy-wielolekoopornej\\\/#primaryimage\"},\"image\":{\"@id\":\"https:\\\/\\\/czerwonagora.pl\\\/index.php\\\/2023\\\/02\\\/02\\\/szpital-w-czerwonej-gorze-bierze-udzial-w-pilotazowym-programie-leczenia-gruzlicy-wielolekoopornej\\\/#primaryimage\"},\"thumbnailUrl\":\"https:\\\/\\\/czerwonagora.pl\\\/wp-content\\\/uploads\\\/2023\\\/02\\\/IMG_2991-scaled.jpg\",\"datePublished\":\"2023-02-02T14:49:20+00:00\",\"dateModified\":\"2023-02-03T16:43:17+00:00\",\"description\":\"Wojew\u00f3dzki Szpital Specjalistyczny im. \u015aw. Rafa\u0142a w Czerwonej G\u00f3rze jako jedyna jednostka w wojew\u00f3dztwie \u015bwi\u0119tokrzyskim przyst\u0105pi\u0142a do pilota\u017cowego programu leczenia gru\u017alicy wielolekoopornej (MDR-TB). Program ma pom\u00f3c w sprawdzeniu ambulatoryjnego modelu leczenia pacjent\u00f3w z t\u0105 chorob\u0105 oraz zapewni\u0107 harmonizacj\u0119 leczenia ze standardami WHO.\",\"breadcrumb\":{\"@id\":\"https:\\\/\\\/czerwonagora.pl\\\/index.php\\\/2023\\\/02\\\/02\\\/szpital-w-czerwonej-gorze-bierze-udzial-w-pilotazowym-programie-leczenia-gruzlicy-wielolekoopornej\\\/#breadcrumb\"},\"inLanguage\":\"pl-PL\",\"potentialAction\":[{\"@type\":\"ReadAction\",\"target\":[\"https:\\\/\\\/czerwonagora.pl\\\/index.php\\\/2023\\\/02\\\/02\\\/szpital-w-czerwonej-gorze-bierze-udzial-w-pilotazowym-programie-leczenia-gruzlicy-wielolekoopornej\\\/\"]}]},{\"@type\":\"ImageObject\",\"inLanguage\":\"pl-PL\",\"@id\":\"https:\\\/\\\/czerwonagora.pl\\\/index.php\\\/2023\\\/02\\\/02\\\/szpital-w-czerwonej-gorze-bierze-udzial-w-pilotazowym-programie-leczenia-gruzlicy-wielolekoopornej\\\/#primaryimage\",\"url\":\"https:\\\/\\\/czerwonagora.pl\\\/wp-content\\\/uploads\\\/2023\\\/02\\\/IMG_2991-scaled.jpg\",\"contentUrl\":\"https:\\\/\\\/czerwonagora.pl\\\/wp-content\\\/uploads\\\/2023\\\/02\\\/IMG_2991-scaled.jpg\",\"width\":2560,\"height\":1920},{\"@type\":\"BreadcrumbList\",\"@id\":\"https:\\\/\\\/czerwonagora.pl\\\/index.php\\\/2023\\\/02\\\/02\\\/szpital-w-czerwonej-gorze-bierze-udzial-w-pilotazowym-programie-leczenia-gruzlicy-wielolekoopornej\\\/#breadcrumb\",\"itemListElement\":[{\"@type\":\"ListItem\",\"position\":1,\"name\":\"Strona g\u0142\u00f3wna\",\"item\":\"https:\\\/\\\/czerwonagora.pl\\\/\"},{\"@type\":\"ListItem\",\"position\":2,\"name\":\"Szpital w Czerwonej G\u00f3rze bierze udzia\u0142 w pilota\u017cowym programie leczenia gru\u017alicy wielolekoopornej\"}]},{\"@type\":\"WebSite\",\"@id\":\"https:\\\/\\\/czerwonagora.pl\\\/#website\",\"url\":\"https:\\\/\\\/czerwonagora.pl\\\/\",\"name\":\"Wojew\u00f3dzki Szpital Specjalistyczny im. \u015aw. Rafa\u0142a w Czerwonej G\u00f3rze\",\"description\":\"Wojew\u00f3dzki Szpital Specjalistyczny im. \u015aw. Rafa\u0142a w Czerwonej G\u00f3rze\",\"publisher\":{\"@id\":\"https:\\\/\\\/czerwonagora.pl\\\/#organization\"},\"potentialAction\":[{\"@type\":\"SearchAction\",\"target\":{\"@type\":\"EntryPoint\",\"urlTemplate\":\"https:\\\/\\\/czerwonagora.pl\\\/?s={search_term_string}\"},\"query-input\":{\"@type\":\"PropertyValueSpecification\",\"valueRequired\":true,\"valueName\":\"search_term_string\"}}],\"inLanguage\":\"pl-PL\"},{\"@type\":\"Organization\",\"@id\":\"https:\\\/\\\/czerwonagora.pl\\\/#organization\",\"name\":\"Wojew\u00f3dzki Szpital Specjalistyczny im. \u015aw. Rafa\u0142a w Czerwonej G\u00f3rze\",\"url\":\"https:\\\/\\\/czerwonagora.pl\\\/\",\"logo\":{\"@type\":\"ImageObject\",\"inLanguage\":\"pl-PL\",\"@id\":\"https:\\\/\\\/czerwonagora.pl\\\/#\\\/schema\\\/logo\\\/image\\\/\",\"url\":\"https:\\\/\\\/czerwonagora.pl\\\/wp-content\\\/uploads\\\/2021\\\/06\\\/Logo-WSS-DUZE-transparentne.png\",\"contentUrl\":\"https:\\\/\\\/czerwonagora.pl\\\/wp-content\\\/uploads\\\/2021\\\/06\\\/Logo-WSS-DUZE-transparentne.png\",\"width\":4210,\"height\":2975,\"caption\":\"Wojew\u00f3dzki Szpital Specjalistyczny im. \u015aw. Rafa\u0142a w Czerwonej G\u00f3rze\"},\"image\":{\"@id\":\"https:\\\/\\\/czerwonagora.pl\\\/#\\\/schema\\\/logo\\\/image\\\/\"},\"sameAs\":[\"https:\\\/\\\/www.facebook.com\\\/SzpitalCzerwonaGora\\\/\"]},{\"@type\":\"Person\",\"@id\":\"https:\\\/\\\/czerwonagora.pl\\\/#\\\/schema\\\/person\\\/8a59ddcbab34628c327513f8d1cd204d\",\"name\":\"Pawe\u0142 Wi\u0119cek\",\"image\":{\"@type\":\"ImageObject\",\"inLanguage\":\"pl-PL\",\"@id\":\"https:\\\/\\\/czerwonagora.pl\\\/wp-content\\\/litespeed\\\/avatar\\\/63e21f6535ac26580501c1127a4e1775.jpg?ver=1777380282\",\"url\":\"https:\\\/\\\/czerwonagora.pl\\\/wp-content\\\/litespeed\\\/avatar\\\/63e21f6535ac26580501c1127a4e1775.jpg?ver=1777380282\",\"contentUrl\":\"https:\\\/\\\/czerwonagora.pl\\\/wp-content\\\/litespeed\\\/avatar\\\/63e21f6535ac26580501c1127a4e1775.jpg?ver=1777380282\",\"caption\":\"Pawe\u0142 Wi\u0119cek\"},\"sameAs\":[\"http:\\\/\\\/www.czerwonagora.pl\"],\"url\":\"https:\\\/\\\/czerwonagora.pl\\\/index.php\\\/author\\\/wiecek\\\/\"}]}<\/script>\n<!-- \/ Yoast SEO plugin. -->","yoast_head_json":{"title":"Szpital w Czerwonej G\u00f3rze bierze udzia\u0142 w pilota\u017cowym programie leczenia gru\u017alicy wielolekoopornej","description":"Wojew\u00f3dzki Szpital Specjalistyczny im. \u015aw. Rafa\u0142a w Czerwonej G\u00f3rze jako jedyna jednostka w wojew\u00f3dztwie \u015bwi\u0119tokrzyskim przyst\u0105pi\u0142a do pilota\u017cowego programu leczenia gru\u017alicy wielolekoopornej (MDR-TB). Program ma pom\u00f3c w sprawdzeniu ambulatoryjnego modelu leczenia pacjent\u00f3w z t\u0105 chorob\u0105 oraz zapewni\u0107 harmonizacj\u0119 leczenia ze standardami WHO.","robots":{"index":"index","follow":"follow","max-snippet":"max-snippet:-1","max-image-preview":"max-image-preview:large","max-video-preview":"max-video-preview:-1"},"canonical":"https:\/\/czerwonagora.pl\/index.php\/2023\/02\/02\/szpital-w-czerwonej-gorze-bierze-udzial-w-pilotazowym-programie-leczenia-gruzlicy-wielolekoopornej\/","og_locale":"pl_PL","og_type":"article","og_title":"Szpital w Czerwonej G\u00f3rze bierze udzia\u0142 w pilota\u017cowym programie leczenia gru\u017alicy wielolekoopornej","og_description":"Wojew\u00f3dzki Szpital Specjalistyczny im. \u015aw. Rafa\u0142a w Czerwonej G\u00f3rze jako jedyna jednostka w wojew\u00f3dztwie \u015bwi\u0119tokrzyskim przyst\u0105pi\u0142a do pilota\u017cowego programu leczenia gru\u017alicy wielolekoopornej (MDR-TB). Program ma pom\u00f3c w sprawdzeniu ambulatoryjnego modelu leczenia pacjent\u00f3w z t\u0105 chorob\u0105 oraz zapewni\u0107 harmonizacj\u0119 leczenia ze standardami WHO.","og_url":"https:\/\/czerwonagora.pl\/index.php\/2023\/02\/02\/szpital-w-czerwonej-gorze-bierze-udzial-w-pilotazowym-programie-leczenia-gruzlicy-wielolekoopornej\/","og_site_name":"Wojew\u00f3dzki Szpital Specjalistyczny im. \u015aw. Rafa\u0142a w Czerwonej G\u00f3rze","article_publisher":"https:\/\/www.facebook.com\/SzpitalCzerwonaGora\/","article_published_time":"2023-02-02T14:49:20+00:00","article_modified_time":"2023-02-03T16:43:17+00:00","og_image":[{"width":2560,"height":1920,"url":"https:\/\/czerwonagora.pl\/wp-content\/uploads\/2023\/02\/IMG_2991-scaled.jpg","type":"image\/jpeg"}],"author":"Pawe\u0142 Wi\u0119cek","twitter_card":"summary_large_image","twitter_misc":{"Napisane przez":"Pawe\u0142 Wi\u0119cek","Szacowany czas czytania":"3 minuty"},"schema":{"@context":"https:\/\/schema.org","@graph":[{"@type":"Article","@id":"https:\/\/czerwonagora.pl\/index.php\/2023\/02\/02\/szpital-w-czerwonej-gorze-bierze-udzial-w-pilotazowym-programie-leczenia-gruzlicy-wielolekoopornej\/#article","isPartOf":{"@id":"https:\/\/czerwonagora.pl\/index.php\/2023\/02\/02\/szpital-w-czerwonej-gorze-bierze-udzial-w-pilotazowym-programie-leczenia-gruzlicy-wielolekoopornej\/"},"author":{"name":"Pawe\u0142 Wi\u0119cek","@id":"https:\/\/czerwonagora.pl\/#\/schema\/person\/8a59ddcbab34628c327513f8d1cd204d"},"headline":"Szpital w Czerwonej G\u00f3rze bierze udzia\u0142 w pilota\u017cowym programie leczenia gru\u017alicy wielolekoopornej","datePublished":"2023-02-02T14:49:20+00:00","dateModified":"2023-02-03T16:43:17+00:00","mainEntityOfPage":{"@id":"https:\/\/czerwonagora.pl\/index.php\/2023\/02\/02\/szpital-w-czerwonej-gorze-bierze-udzial-w-pilotazowym-programie-leczenia-gruzlicy-wielolekoopornej\/"},"wordCount":509,"publisher":{"@id":"https:\/\/czerwonagora.pl\/#organization"},"image":{"@id":"https:\/\/czerwonagora.pl\/index.php\/2023\/02\/02\/szpital-w-czerwonej-gorze-bierze-udzial-w-pilotazowym-programie-leczenia-gruzlicy-wielolekoopornej\/#primaryimage"},"thumbnailUrl":"https:\/\/czerwonagora.pl\/wp-content\/uploads\/2023\/02\/IMG_2991-scaled.jpg","articleSection":["Aktualno\u015bci"],"inLanguage":"pl-PL"},{"@type":"WebPage","@id":"https:\/\/czerwonagora.pl\/index.php\/2023\/02\/02\/szpital-w-czerwonej-gorze-bierze-udzial-w-pilotazowym-programie-leczenia-gruzlicy-wielolekoopornej\/","url":"https:\/\/czerwonagora.pl\/index.php\/2023\/02\/02\/szpital-w-czerwonej-gorze-bierze-udzial-w-pilotazowym-programie-leczenia-gruzlicy-wielolekoopornej\/","name":"Szpital w Czerwonej G\u00f3rze bierze udzia\u0142 w pilota\u017cowym programie leczenia gru\u017alicy wielolekoopornej","isPartOf":{"@id":"https:\/\/czerwonagora.pl\/#website"},"primaryImageOfPage":{"@id":"https:\/\/czerwonagora.pl\/index.php\/2023\/02\/02\/szpital-w-czerwonej-gorze-bierze-udzial-w-pilotazowym-programie-leczenia-gruzlicy-wielolekoopornej\/#primaryimage"},"image":{"@id":"https:\/\/czerwonagora.pl\/index.php\/2023\/02\/02\/szpital-w-czerwonej-gorze-bierze-udzial-w-pilotazowym-programie-leczenia-gruzlicy-wielolekoopornej\/#primaryimage"},"thumbnailUrl":"https:\/\/czerwonagora.pl\/wp-content\/uploads\/2023\/02\/IMG_2991-scaled.jpg","datePublished":"2023-02-02T14:49:20+00:00","dateModified":"2023-02-03T16:43:17+00:00","description":"Wojew\u00f3dzki Szpital Specjalistyczny im. \u015aw. Rafa\u0142a w Czerwonej G\u00f3rze jako jedyna jednostka w wojew\u00f3dztwie \u015bwi\u0119tokrzyskim przyst\u0105pi\u0142a do pilota\u017cowego programu leczenia gru\u017alicy wielolekoopornej (MDR-TB). Program ma pom\u00f3c w sprawdzeniu ambulatoryjnego modelu leczenia pacjent\u00f3w z t\u0105 chorob\u0105 oraz zapewni\u0107 harmonizacj\u0119 leczenia ze standardami WHO.","breadcrumb":{"@id":"https:\/\/czerwonagora.pl\/index.php\/2023\/02\/02\/szpital-w-czerwonej-gorze-bierze-udzial-w-pilotazowym-programie-leczenia-gruzlicy-wielolekoopornej\/#breadcrumb"},"inLanguage":"pl-PL","potentialAction":[{"@type":"ReadAction","target":["https:\/\/czerwonagora.pl\/index.php\/2023\/02\/02\/szpital-w-czerwonej-gorze-bierze-udzial-w-pilotazowym-programie-leczenia-gruzlicy-wielolekoopornej\/"]}]},{"@type":"ImageObject","inLanguage":"pl-PL","@id":"https:\/\/czerwonagora.pl\/index.php\/2023\/02\/02\/szpital-w-czerwonej-gorze-bierze-udzial-w-pilotazowym-programie-leczenia-gruzlicy-wielolekoopornej\/#primaryimage","url":"https:\/\/czerwonagora.pl\/wp-content\/uploads\/2023\/02\/IMG_2991-scaled.jpg","contentUrl":"https:\/\/czerwonagora.pl\/wp-content\/uploads\/2023\/02\/IMG_2991-scaled.jpg","width":2560,"height":1920},{"@type":"BreadcrumbList","@id":"https:\/\/czerwonagora.pl\/index.php\/2023\/02\/02\/szpital-w-czerwonej-gorze-bierze-udzial-w-pilotazowym-programie-leczenia-gruzlicy-wielolekoopornej\/#breadcrumb","itemListElement":[{"@type":"ListItem","position":1,"name":"Strona g\u0142\u00f3wna","item":"https:\/\/czerwonagora.pl\/"},{"@type":"ListItem","position":2,"name":"Szpital w Czerwonej G\u00f3rze bierze udzia\u0142 w pilota\u017cowym programie leczenia gru\u017alicy wielolekoopornej"}]},{"@type":"WebSite","@id":"https:\/\/czerwonagora.pl\/#website","url":"https:\/\/czerwonagora.pl\/","name":"Wojew\u00f3dzki Szpital Specjalistyczny im. \u015aw. Rafa\u0142a w Czerwonej G\u00f3rze","description":"Wojew\u00f3dzki Szpital Specjalistyczny im. \u015aw. Rafa\u0142a w Czerwonej G\u00f3rze","publisher":{"@id":"https:\/\/czerwonagora.pl\/#organization"},"potentialAction":[{"@type":"SearchAction","target":{"@type":"EntryPoint","urlTemplate":"https:\/\/czerwonagora.pl\/?s={search_term_string}"},"query-input":{"@type":"PropertyValueSpecification","valueRequired":true,"valueName":"search_term_string"}}],"inLanguage":"pl-PL"},{"@type":"Organization","@id":"https:\/\/czerwonagora.pl\/#organization","name":"Wojew\u00f3dzki Szpital Specjalistyczny im. \u015aw. Rafa\u0142a w Czerwonej G\u00f3rze","url":"https:\/\/czerwonagora.pl\/","logo":{"@type":"ImageObject","inLanguage":"pl-PL","@id":"https:\/\/czerwonagora.pl\/#\/schema\/logo\/image\/","url":"https:\/\/czerwonagora.pl\/wp-content\/uploads\/2021\/06\/Logo-WSS-DUZE-transparentne.png","contentUrl":"https:\/\/czerwonagora.pl\/wp-content\/uploads\/2021\/06\/Logo-WSS-DUZE-transparentne.png","width":4210,"height":2975,"caption":"Wojew\u00f3dzki Szpital Specjalistyczny im. \u015aw. Rafa\u0142a w Czerwonej G\u00f3rze"},"image":{"@id":"https:\/\/czerwonagora.pl\/#\/schema\/logo\/image\/"},"sameAs":["https:\/\/www.facebook.com\/SzpitalCzerwonaGora\/"]},{"@type":"Person","@id":"https:\/\/czerwonagora.pl\/#\/schema\/person\/8a59ddcbab34628c327513f8d1cd204d","name":"Pawe\u0142 Wi\u0119cek","image":{"@type":"ImageObject","inLanguage":"pl-PL","@id":"https:\/\/czerwonagora.pl\/wp-content\/litespeed\/avatar\/63e21f6535ac26580501c1127a4e1775.jpg?ver=1777380282","url":"https:\/\/czerwonagora.pl\/wp-content\/litespeed\/avatar\/63e21f6535ac26580501c1127a4e1775.jpg?ver=1777380282","contentUrl":"https:\/\/czerwonagora.pl\/wp-content\/litespeed\/avatar\/63e21f6535ac26580501c1127a4e1775.jpg?ver=1777380282","caption":"Pawe\u0142 Wi\u0119cek"},"sameAs":["http:\/\/www.czerwonagora.pl"],"url":"https:\/\/czerwonagora.pl\/index.php\/author\/wiecek\/"}]}},"publishpress_future_action":{"enabled":false,"date":"2026-05-09 14:33:27","action":"change-status","newStatus":"draft","terms":[],"taxonomy":"category","extraData":[]},"publishpress_future_workflow_manual_trigger":{"enabledWorkflows":[]},"_links":{"self":[{"href":"https:\/\/czerwonagora.pl\/index.php\/wp-json\/wp\/v2\/posts\/18385","targetHints":{"allow":["GET"]}}],"collection":[{"href":"https:\/\/czerwonagora.pl\/index.php\/wp-json\/wp\/v2\/posts"}],"about":[{"href":"https:\/\/czerwonagora.pl\/index.php\/wp-json\/wp\/v2\/types\/post"}],"author":[{"embeddable":true,"href":"https:\/\/czerwonagora.pl\/index.php\/wp-json\/wp\/v2\/users\/8"}],"replies":[{"embeddable":true,"href":"https:\/\/czerwonagora.pl\/index.php\/wp-json\/wp\/v2\/comments?post=18385"}],"version-history":[{"count":2,"href":"https:\/\/czerwonagora.pl\/index.php\/wp-json\/wp\/v2\/posts\/18385\/revisions"}],"predecessor-version":[{"id":18397,"href":"https:\/\/czerwonagora.pl\/index.php\/wp-json\/wp\/v2\/posts\/18385\/revisions\/18397"}],"wp:featuredmedia":[{"embeddable":true,"href":"https:\/\/czerwonagora.pl\/index.php\/wp-json\/wp\/v2\/media\/18386"}],"wp:attachment":[{"href":"https:\/\/czerwonagora.pl\/index.php\/wp-json\/wp\/v2\/media?parent=18385"}],"wp:term":[{"taxonomy":"category","embeddable":true,"href":"https:\/\/czerwonagora.pl\/index.php\/wp-json\/wp\/v2\/categories?post=18385"},{"taxonomy":"post_tag","embeddable":true,"href":"https:\/\/czerwonagora.pl\/index.php\/wp-json\/wp\/v2\/tags?post=18385"}],"curies":[{"name":"wp","href":"https:\/\/api.w.org\/{rel}","templated":true}]}}