{"id":18786,"date":"2023-03-20T13:15:01","date_gmt":"2023-03-20T12:15:01","guid":{"rendered":"https:\/\/czerwonagora.pl\/?p=18786"},"modified":"2023-03-20T13:17:02","modified_gmt":"2023-03-20T12:17:02","slug":"oferta-pracy-dla-lekarza-specjalisty-w-dziedzinie-chirurgii-ogolnej","status":"publish","type":"post","link":"https:\/\/czerwonagora.pl\/index.php\/2023\/03\/20\/oferta-pracy-dla-lekarza-specjalisty-w-dziedzinie-chirurgii-ogolnej\/","title":{"rendered":"Oferta pracy dla lekarza specjalisty w dziedzinie chirurgii og\u00f3lnej"},"content":{"rendered":"\t\t<div data-elementor-type=\"wp-post\" data-elementor-id=\"18786\" class=\"elementor elementor-18786\">\n\t\t\t\t\t\t<section class=\"elementor-section elementor-top-section elementor-element elementor-element-6df2000 elementor-section-boxed elementor-section-height-default elementor-section-height-default\" data-id=\"6df2000\" data-element_type=\"section\" data-e-type=\"section\" data-settings=\"{&quot;background_background&quot;:&quot;classic&quot;}\">\n\t\t\t\t\t\t<div class=\"elementor-container elementor-column-gap-default\">\n\t\t\t\t\t<div class=\"elementor-column elementor-col-25 elementor-top-column elementor-element elementor-element-52fcee7\" data-id=\"52fcee7\" data-element_type=\"column\" data-e-type=\"column\">\n\t\t\t<div class=\"elementor-widget-wrap elementor-element-populated\">\n\t\t\t\t\t\t<div class=\"elementor-element elementor-element-29a9feb elementor-view-default elementor-widget elementor-widget-icon\" data-id=\"29a9feb\" data-element_type=\"widget\" data-e-type=\"widget\" data-widget_type=\"icon.default\">\n\t\t\t\t<div class=\"elementor-widget-container\">\n\t\t\t\t\t\t\t<div class=\"elementor-icon-wrapper\">\n\t\t\t<div class=\"elementor-icon\">\n\t\t\t<i aria-hidden=\"true\" class=\"far fa-file-pdf\"><\/i>\t\t\t<\/div>\n\t\t<\/div>\n\t\t\t\t\t\t<\/div>\n\t\t\t\t<\/div>\n\t\t\t\t\t<\/div>\n\t\t<\/div>\n\t\t\t\t<div class=\"elementor-column elementor-col-50 elementor-top-column elementor-element elementor-element-4ffc9c6\" data-id=\"4ffc9c6\" data-element_type=\"column\" data-e-type=\"column\">\n\t\t\t<div class=\"elementor-widget-wrap elementor-element-populated\">\n\t\t\t\t\t\t<div class=\"elementor-element elementor-element-967cb9e elementor-widget elementor-widget-text-editor\" data-id=\"967cb9e\" data-element_type=\"widget\" data-e-type=\"widget\" data-widget_type=\"text-editor.default\">\n\t\t\t\t<div class=\"elementor-widget-container\">\n\t\t\t\t\t\t\t\t\t<p><strong>Dokumenty do pobrania<\/strong> &#8211;\u00a0<span style=\"font-style: inherit; font-weight: inherit; color: var( --e-global-color-text ); background-color: var( --e-global-color-de8f7a7 );\">Oferta pracy dla lekarza specjalisty w dziedzinie chirurgii og\u00f3lnej<\/span><\/p>\t\t\t\t\t\t\t\t<\/div>\n\t\t\t\t<\/div>\n\t\t\t\t\t<\/div>\n\t\t<\/div>\n\t\t\t\t<div class=\"elementor-column elementor-col-25 elementor-top-column elementor-element elementor-element-3c2d41c\" data-id=\"3c2d41c\" data-element_type=\"column\" data-e-type=\"column\">\n\t\t\t<div class=\"elementor-widget-wrap elementor-element-populated\">\n\t\t\t\t\t\t<div class=\"elementor-element elementor-element-fb0466a elementor-align-center elementor-widget elementor-widget-button\" data-id=\"fb0466a\" data-element_type=\"widget\" data-e-type=\"widget\" data-widget_type=\"button.default\">\n\t\t\t\t<div class=\"elementor-widget-container\">\n\t\t\t\t\t\t\t\t\t<div class=\"elementor-button-wrapper\">\n\t\t\t\t\t<a class=\"elementor-button elementor-button-link elementor-size-sm elementor-animation-grow\" href=\"https:\/\/czerwonagora.pl\/wp-content\/uploads\/2023\/03\/Ogloszenie-Specjalista-w-dziedzinie-chirurgii.pdf\">\n\t\t\t\t\t\t<span class=\"elementor-button-content-wrapper\">\n\t\t\t\t\t\t\t\t\t<span class=\"elementor-button-text\">Pobierz<\/span>\n\t\t\t\t\t<\/span>\n\t\t\t\t\t<\/a>\n\t\t\t\t<\/div>\n\t\t\t\t\t\t\t\t<\/div>\n\t\t\t\t<\/div>\n\t\t\t\t\t<\/div>\n\t\t<\/div>\n\t\t\t\t\t<\/div>\n\t\t<\/section>\n\t\t\t\t<\/div>\n\t\t","protected":false},"excerpt":{"rendered":"<p>Dokumenty do pobrania &#8211;\u00a0Oferta pracy dla lekarza specjalisty w dziedzinie chirurgii og\u00f3lnej Pobierz<\/p>\n","protected":false},"author":9,"featured_media":8131,"comment_status":"closed","ping_status":"closed","sticky":false,"template":"","format":"standard","meta":{"zakra_page_container_layout":"customizer","zakra_page_sidebar_layout":"customizer","zakra_remove_content_margin":false,"zakra_sidebar":"customizer","zakra_transparent_header":"customizer","zakra_logo":0,"zakra_main_header_style":"default","zakra_menu_item_color":"","zakra_menu_item_hover_color":"","zakra_menu_item_active_color":"","zakra_menu_active_style":"","zakra_page_header":true,"footnotes":""},"categories":[42],"tags":[],"class_list":["post-18786","post","type-post","status-publish","format-standard","has-post-thumbnail","hentry","category-oferty-pracy"],"yoast_head":"<!-- This site is optimized with the Yoast SEO plugin v27.4 - https:\/\/yoast.com\/product\/yoast-seo-wordpress\/ -->\n<title>Oferta pracy dla lekarza specjalisty w dziedzinie chirurgii og\u00f3lnej - Wojew\u00f3dzki Szpital Specjalistyczny im. \u015aw. Rafa\u0142a w Czerwonej G\u00f3rze<\/title>\n<meta name=\"robots\" content=\"index, follow, max-snippet:-1, max-image-preview:large, max-video-preview:-1\" \/>\n<link rel=\"canonical\" href=\"https:\/\/czerwonagora.pl\/index.php\/2023\/03\/20\/oferta-pracy-dla-lekarza-specjalisty-w-dziedzinie-chirurgii-ogolnej\/\" \/>\n<meta property=\"og:locale\" content=\"pl_PL\" \/>\n<meta property=\"og:type\" content=\"article\" \/>\n<meta property=\"og:title\" content=\"Oferta pracy dla lekarza specjalisty w dziedzinie chirurgii og\u00f3lnej - Wojew\u00f3dzki Szpital Specjalistyczny im. \u015aw. Rafa\u0142a w Czerwonej G\u00f3rze\" \/>\n<meta property=\"og:description\" content=\"Dokumenty do pobrania &#8211;\u00a0Oferta pracy dla lekarza specjalisty w dziedzinie chirurgii og\u00f3lnej Pobierz\" \/>\n<meta property=\"og:url\" content=\"https:\/\/czerwonagora.pl\/index.php\/2023\/03\/20\/oferta-pracy-dla-lekarza-specjalisty-w-dziedzinie-chirurgii-ogolnej\/\" \/>\n<meta property=\"og:site_name\" content=\"Wojew\u00f3dzki Szpital Specjalistyczny im. \u015aw. Rafa\u0142a w Czerwonej G\u00f3rze\" \/>\n<meta property=\"article:publisher\" content=\"https:\/\/www.facebook.com\/SzpitalCzerwonaGora\/\" \/>\n<meta property=\"article:published_time\" content=\"2023-03-20T12:15:01+00:00\" \/>\n<meta property=\"article:modified_time\" content=\"2023-03-20T12:17:02+00:00\" \/>\n<meta property=\"og:image\" content=\"https:\/\/czerwonagora.pl\/wp-content\/uploads\/2021\/06\/LEK_Oferta_pracy.jpg\" \/>\n\t<meta property=\"og:image:width\" content=\"803\" \/>\n\t<meta property=\"og:image:height\" content=\"360\" \/>\n\t<meta property=\"og:image:type\" content=\"image\/jpeg\" \/>\n<meta name=\"author\" content=\"Jan Anderman\" \/>\n<meta name=\"twitter:card\" content=\"summary_large_image\" \/>\n<meta name=\"twitter:label1\" content=\"Napisane przez\" \/>\n\t<meta name=\"twitter:data1\" content=\"Jan Anderman\" \/>\n\t<meta name=\"twitter:label2\" content=\"Szacowany czas czytania\" \/>\n\t<meta name=\"twitter:data2\" content=\"1 minuta\" \/>\n<script type=\"application\/ld+json\" class=\"yoast-schema-graph\">{\"@context\":\"https:\\\/\\\/schema.org\",\"@graph\":[{\"@type\":\"Article\",\"@id\":\"https:\\\/\\\/czerwonagora.pl\\\/index.php\\\/2023\\\/03\\\/20\\\/oferta-pracy-dla-lekarza-specjalisty-w-dziedzinie-chirurgii-ogolnej\\\/#article\",\"isPartOf\":{\"@id\":\"https:\\\/\\\/czerwonagora.pl\\\/index.php\\\/2023\\\/03\\\/20\\\/oferta-pracy-dla-lekarza-specjalisty-w-dziedzinie-chirurgii-ogolnej\\\/\"},\"author\":{\"name\":\"Jan Anderman\",\"@id\":\"https:\\\/\\\/czerwonagora.pl\\\/#\\\/schema\\\/person\\\/8b70983499a382afa6978e88bcfde1b8\"},\"headline\":\"Oferta pracy dla lekarza specjalisty w dziedzinie chirurgii og\u00f3lnej\",\"datePublished\":\"2023-03-20T12:15:01+00:00\",\"dateModified\":\"2023-03-20T12:17:02+00:00\",\"mainEntityOfPage\":{\"@id\":\"https:\\\/\\\/czerwonagora.pl\\\/index.php\\\/2023\\\/03\\\/20\\\/oferta-pracy-dla-lekarza-specjalisty-w-dziedzinie-chirurgii-ogolnej\\\/\"},\"wordCount\":25,\"publisher\":{\"@id\":\"https:\\\/\\\/czerwonagora.pl\\\/#organization\"},\"image\":{\"@id\":\"https:\\\/\\\/czerwonagora.pl\\\/index.php\\\/2023\\\/03\\\/20\\\/oferta-pracy-dla-lekarza-specjalisty-w-dziedzinie-chirurgii-ogolnej\\\/#primaryimage\"},\"thumbnailUrl\":\"https:\\\/\\\/czerwonagora.pl\\\/wp-content\\\/uploads\\\/2021\\\/06\\\/LEK_Oferta_pracy.jpg\",\"articleSection\":[\"Oferty pracy\"],\"inLanguage\":\"pl-PL\"},{\"@type\":\"WebPage\",\"@id\":\"https:\\\/\\\/czerwonagora.pl\\\/index.php\\\/2023\\\/03\\\/20\\\/oferta-pracy-dla-lekarza-specjalisty-w-dziedzinie-chirurgii-ogolnej\\\/\",\"url\":\"https:\\\/\\\/czerwonagora.pl\\\/index.php\\\/2023\\\/03\\\/20\\\/oferta-pracy-dla-lekarza-specjalisty-w-dziedzinie-chirurgii-ogolnej\\\/\",\"name\":\"Oferta pracy dla lekarza specjalisty w dziedzinie chirurgii og\u00f3lnej - Wojew\u00f3dzki Szpital Specjalistyczny im. \u015aw. Rafa\u0142a w Czerwonej G\u00f3rze\",\"isPartOf\":{\"@id\":\"https:\\\/\\\/czerwonagora.pl\\\/#website\"},\"primaryImageOfPage\":{\"@id\":\"https:\\\/\\\/czerwonagora.pl\\\/index.php\\\/2023\\\/03\\\/20\\\/oferta-pracy-dla-lekarza-specjalisty-w-dziedzinie-chirurgii-ogolnej\\\/#primaryimage\"},\"image\":{\"@id\":\"https:\\\/\\\/czerwonagora.pl\\\/index.php\\\/2023\\\/03\\\/20\\\/oferta-pracy-dla-lekarza-specjalisty-w-dziedzinie-chirurgii-ogolnej\\\/#primaryimage\"},\"thumbnailUrl\":\"https:\\\/\\\/czerwonagora.pl\\\/wp-content\\\/uploads\\\/2021\\\/06\\\/LEK_Oferta_pracy.jpg\",\"datePublished\":\"2023-03-20T12:15:01+00:00\",\"dateModified\":\"2023-03-20T12:17:02+00:00\",\"breadcrumb\":{\"@id\":\"https:\\\/\\\/czerwonagora.pl\\\/index.php\\\/2023\\\/03\\\/20\\\/oferta-pracy-dla-lekarza-specjalisty-w-dziedzinie-chirurgii-ogolnej\\\/#breadcrumb\"},\"inLanguage\":\"pl-PL\",\"potentialAction\":[{\"@type\":\"ReadAction\",\"target\":[\"https:\\\/\\\/czerwonagora.pl\\\/index.php\\\/2023\\\/03\\\/20\\\/oferta-pracy-dla-lekarza-specjalisty-w-dziedzinie-chirurgii-ogolnej\\\/\"]}]},{\"@type\":\"ImageObject\",\"inLanguage\":\"pl-PL\",\"@id\":\"https:\\\/\\\/czerwonagora.pl\\\/index.php\\\/2023\\\/03\\\/20\\\/oferta-pracy-dla-lekarza-specjalisty-w-dziedzinie-chirurgii-ogolnej\\\/#primaryimage\",\"url\":\"https:\\\/\\\/czerwonagora.pl\\\/wp-content\\\/uploads\\\/2021\\\/06\\\/LEK_Oferta_pracy.jpg\",\"contentUrl\":\"https:\\\/\\\/czerwonagora.pl\\\/wp-content\\\/uploads\\\/2021\\\/06\\\/LEK_Oferta_pracy.jpg\",\"width\":803,\"height\":360,\"caption\":\"t\u0142o koloru niebieskiego na kt\u00f3rym znaduje si\u0119 zarys os\u00f3b ubranch w ubrania medyczne ze stetyskopami na szyi z bia\u0142ym napisem Oferta pracy\"},{\"@type\":\"BreadcrumbList\",\"@id\":\"https:\\\/\\\/czerwonagora.pl\\\/index.php\\\/2023\\\/03\\\/20\\\/oferta-pracy-dla-lekarza-specjalisty-w-dziedzinie-chirurgii-ogolnej\\\/#breadcrumb\",\"itemListElement\":[{\"@type\":\"ListItem\",\"position\":1,\"name\":\"Strona g\u0142\u00f3wna\",\"item\":\"https:\\\/\\\/czerwonagora.pl\\\/\"},{\"@type\":\"ListItem\",\"position\":2,\"name\":\"Oferta pracy dla lekarza specjalisty w dziedzinie chirurgii og\u00f3lnej\"}]},{\"@type\":\"WebSite\",\"@id\":\"https:\\\/\\\/czerwonagora.pl\\\/#website\",\"url\":\"https:\\\/\\\/czerwonagora.pl\\\/\",\"name\":\"Wojew\u00f3dzki Szpital Specjalistyczny im. \u015aw. Rafa\u0142a w Czerwonej G\u00f3rze\",\"description\":\"Wojew\u00f3dzki Szpital Specjalistyczny im. \u015aw. Rafa\u0142a w Czerwonej G\u00f3rze\",\"publisher\":{\"@id\":\"https:\\\/\\\/czerwonagora.pl\\\/#organization\"},\"potentialAction\":[{\"@type\":\"SearchAction\",\"target\":{\"@type\":\"EntryPoint\",\"urlTemplate\":\"https:\\\/\\\/czerwonagora.pl\\\/?s={search_term_string}\"},\"query-input\":{\"@type\":\"PropertyValueSpecification\",\"valueRequired\":true,\"valueName\":\"search_term_string\"}}],\"inLanguage\":\"pl-PL\"},{\"@type\":\"Organization\",\"@id\":\"https:\\\/\\\/czerwonagora.pl\\\/#organization\",\"name\":\"Wojew\u00f3dzki Szpital Specjalistyczny im. \u015aw. Rafa\u0142a w Czerwonej G\u00f3rze\",\"url\":\"https:\\\/\\\/czerwonagora.pl\\\/\",\"logo\":{\"@type\":\"ImageObject\",\"inLanguage\":\"pl-PL\",\"@id\":\"https:\\\/\\\/czerwonagora.pl\\\/#\\\/schema\\\/logo\\\/image\\\/\",\"url\":\"https:\\\/\\\/czerwonagora.pl\\\/wp-content\\\/uploads\\\/2021\\\/06\\\/Logo-WSS-DUZE-transparentne.png\",\"contentUrl\":\"https:\\\/\\\/czerwonagora.pl\\\/wp-content\\\/uploads\\\/2021\\\/06\\\/Logo-WSS-DUZE-transparentne.png\",\"width\":4210,\"height\":2975,\"caption\":\"Wojew\u00f3dzki Szpital Specjalistyczny im. \u015aw. Rafa\u0142a w Czerwonej G\u00f3rze\"},\"image\":{\"@id\":\"https:\\\/\\\/czerwonagora.pl\\\/#\\\/schema\\\/logo\\\/image\\\/\"},\"sameAs\":[\"https:\\\/\\\/www.facebook.com\\\/SzpitalCzerwonaGora\\\/\"]},{\"@type\":\"Person\",\"@id\":\"https:\\\/\\\/czerwonagora.pl\\\/#\\\/schema\\\/person\\\/8b70983499a382afa6978e88bcfde1b8\",\"name\":\"Jan Anderman\",\"image\":{\"@type\":\"ImageObject\",\"inLanguage\":\"pl-PL\",\"@id\":\"https:\\\/\\\/czerwonagora.pl\\\/wp-content\\\/litespeed\\\/avatar\\\/d5bc867d497b251469db97f076802c5f.jpg?ver=1777380281\",\"url\":\"https:\\\/\\\/czerwonagora.pl\\\/wp-content\\\/litespeed\\\/avatar\\\/d5bc867d497b251469db97f076802c5f.jpg?ver=1777380281\",\"contentUrl\":\"https:\\\/\\\/czerwonagora.pl\\\/wp-content\\\/litespeed\\\/avatar\\\/d5bc867d497b251469db97f076802c5f.jpg?ver=1777380281\",\"caption\":\"Jan Anderman\"},\"url\":\"https:\\\/\\\/czerwonagora.pl\\\/index.php\\\/author\\\/anderman\\\/\"}]}<\/script>\n<!-- \/ Yoast SEO plugin. -->","yoast_head_json":{"title":"Oferta pracy dla lekarza specjalisty w dziedzinie chirurgii og\u00f3lnej - Wojew\u00f3dzki Szpital Specjalistyczny im. \u015aw. Rafa\u0142a w Czerwonej G\u00f3rze","robots":{"index":"index","follow":"follow","max-snippet":"max-snippet:-1","max-image-preview":"max-image-preview:large","max-video-preview":"max-video-preview:-1"},"canonical":"https:\/\/czerwonagora.pl\/index.php\/2023\/03\/20\/oferta-pracy-dla-lekarza-specjalisty-w-dziedzinie-chirurgii-ogolnej\/","og_locale":"pl_PL","og_type":"article","og_title":"Oferta pracy dla lekarza specjalisty w dziedzinie chirurgii og\u00f3lnej - Wojew\u00f3dzki Szpital Specjalistyczny im. \u015aw. Rafa\u0142a w Czerwonej G\u00f3rze","og_description":"Dokumenty do pobrania &#8211;\u00a0Oferta pracy dla lekarza specjalisty w dziedzinie chirurgii og\u00f3lnej Pobierz","og_url":"https:\/\/czerwonagora.pl\/index.php\/2023\/03\/20\/oferta-pracy-dla-lekarza-specjalisty-w-dziedzinie-chirurgii-ogolnej\/","og_site_name":"Wojew\u00f3dzki Szpital Specjalistyczny im. \u015aw. Rafa\u0142a w Czerwonej G\u00f3rze","article_publisher":"https:\/\/www.facebook.com\/SzpitalCzerwonaGora\/","article_published_time":"2023-03-20T12:15:01+00:00","article_modified_time":"2023-03-20T12:17:02+00:00","og_image":[{"width":803,"height":360,"url":"https:\/\/czerwonagora.pl\/wp-content\/uploads\/2021\/06\/LEK_Oferta_pracy.jpg","type":"image\/jpeg"}],"author":"Jan Anderman","twitter_card":"summary_large_image","twitter_misc":{"Napisane przez":"Jan Anderman","Szacowany czas czytania":"1 minuta"},"schema":{"@context":"https:\/\/schema.org","@graph":[{"@type":"Article","@id":"https:\/\/czerwonagora.pl\/index.php\/2023\/03\/20\/oferta-pracy-dla-lekarza-specjalisty-w-dziedzinie-chirurgii-ogolnej\/#article","isPartOf":{"@id":"https:\/\/czerwonagora.pl\/index.php\/2023\/03\/20\/oferta-pracy-dla-lekarza-specjalisty-w-dziedzinie-chirurgii-ogolnej\/"},"author":{"name":"Jan Anderman","@id":"https:\/\/czerwonagora.pl\/#\/schema\/person\/8b70983499a382afa6978e88bcfde1b8"},"headline":"Oferta pracy dla lekarza specjalisty w dziedzinie chirurgii og\u00f3lnej","datePublished":"2023-03-20T12:15:01+00:00","dateModified":"2023-03-20T12:17:02+00:00","mainEntityOfPage":{"@id":"https:\/\/czerwonagora.pl\/index.php\/2023\/03\/20\/oferta-pracy-dla-lekarza-specjalisty-w-dziedzinie-chirurgii-ogolnej\/"},"wordCount":25,"publisher":{"@id":"https:\/\/czerwonagora.pl\/#organization"},"image":{"@id":"https:\/\/czerwonagora.pl\/index.php\/2023\/03\/20\/oferta-pracy-dla-lekarza-specjalisty-w-dziedzinie-chirurgii-ogolnej\/#primaryimage"},"thumbnailUrl":"https:\/\/czerwonagora.pl\/wp-content\/uploads\/2021\/06\/LEK_Oferta_pracy.jpg","articleSection":["Oferty pracy"],"inLanguage":"pl-PL"},{"@type":"WebPage","@id":"https:\/\/czerwonagora.pl\/index.php\/2023\/03\/20\/oferta-pracy-dla-lekarza-specjalisty-w-dziedzinie-chirurgii-ogolnej\/","url":"https:\/\/czerwonagora.pl\/index.php\/2023\/03\/20\/oferta-pracy-dla-lekarza-specjalisty-w-dziedzinie-chirurgii-ogolnej\/","name":"Oferta pracy dla lekarza specjalisty w dziedzinie chirurgii og\u00f3lnej - Wojew\u00f3dzki Szpital Specjalistyczny im. \u015aw. Rafa\u0142a w Czerwonej G\u00f3rze","isPartOf":{"@id":"https:\/\/czerwonagora.pl\/#website"},"primaryImageOfPage":{"@id":"https:\/\/czerwonagora.pl\/index.php\/2023\/03\/20\/oferta-pracy-dla-lekarza-specjalisty-w-dziedzinie-chirurgii-ogolnej\/#primaryimage"},"image":{"@id":"https:\/\/czerwonagora.pl\/index.php\/2023\/03\/20\/oferta-pracy-dla-lekarza-specjalisty-w-dziedzinie-chirurgii-ogolnej\/#primaryimage"},"thumbnailUrl":"https:\/\/czerwonagora.pl\/wp-content\/uploads\/2021\/06\/LEK_Oferta_pracy.jpg","datePublished":"2023-03-20T12:15:01+00:00","dateModified":"2023-03-20T12:17:02+00:00","breadcrumb":{"@id":"https:\/\/czerwonagora.pl\/index.php\/2023\/03\/20\/oferta-pracy-dla-lekarza-specjalisty-w-dziedzinie-chirurgii-ogolnej\/#breadcrumb"},"inLanguage":"pl-PL","potentialAction":[{"@type":"ReadAction","target":["https:\/\/czerwonagora.pl\/index.php\/2023\/03\/20\/oferta-pracy-dla-lekarza-specjalisty-w-dziedzinie-chirurgii-ogolnej\/"]}]},{"@type":"ImageObject","inLanguage":"pl-PL","@id":"https:\/\/czerwonagora.pl\/index.php\/2023\/03\/20\/oferta-pracy-dla-lekarza-specjalisty-w-dziedzinie-chirurgii-ogolnej\/#primaryimage","url":"https:\/\/czerwonagora.pl\/wp-content\/uploads\/2021\/06\/LEK_Oferta_pracy.jpg","contentUrl":"https:\/\/czerwonagora.pl\/wp-content\/uploads\/2021\/06\/LEK_Oferta_pracy.jpg","width":803,"height":360,"caption":"t\u0142o koloru niebieskiego na kt\u00f3rym znaduje si\u0119 zarys os\u00f3b ubranch w ubrania medyczne ze stetyskopami na szyi z bia\u0142ym napisem Oferta pracy"},{"@type":"BreadcrumbList","@id":"https:\/\/czerwonagora.pl\/index.php\/2023\/03\/20\/oferta-pracy-dla-lekarza-specjalisty-w-dziedzinie-chirurgii-ogolnej\/#breadcrumb","itemListElement":[{"@type":"ListItem","position":1,"name":"Strona g\u0142\u00f3wna","item":"https:\/\/czerwonagora.pl\/"},{"@type":"ListItem","position":2,"name":"Oferta pracy dla lekarza specjalisty w dziedzinie chirurgii og\u00f3lnej"}]},{"@type":"WebSite","@id":"https:\/\/czerwonagora.pl\/#website","url":"https:\/\/czerwonagora.pl\/","name":"Wojew\u00f3dzki Szpital Specjalistyczny im. \u015aw. Rafa\u0142a w Czerwonej G\u00f3rze","description":"Wojew\u00f3dzki Szpital Specjalistyczny im. \u015aw. Rafa\u0142a w Czerwonej G\u00f3rze","publisher":{"@id":"https:\/\/czerwonagora.pl\/#organization"},"potentialAction":[{"@type":"SearchAction","target":{"@type":"EntryPoint","urlTemplate":"https:\/\/czerwonagora.pl\/?s={search_term_string}"},"query-input":{"@type":"PropertyValueSpecification","valueRequired":true,"valueName":"search_term_string"}}],"inLanguage":"pl-PL"},{"@type":"Organization","@id":"https:\/\/czerwonagora.pl\/#organization","name":"Wojew\u00f3dzki Szpital Specjalistyczny im. \u015aw. Rafa\u0142a w Czerwonej G\u00f3rze","url":"https:\/\/czerwonagora.pl\/","logo":{"@type":"ImageObject","inLanguage":"pl-PL","@id":"https:\/\/czerwonagora.pl\/#\/schema\/logo\/image\/","url":"https:\/\/czerwonagora.pl\/wp-content\/uploads\/2021\/06\/Logo-WSS-DUZE-transparentne.png","contentUrl":"https:\/\/czerwonagora.pl\/wp-content\/uploads\/2021\/06\/Logo-WSS-DUZE-transparentne.png","width":4210,"height":2975,"caption":"Wojew\u00f3dzki Szpital Specjalistyczny im. \u015aw. Rafa\u0142a w Czerwonej G\u00f3rze"},"image":{"@id":"https:\/\/czerwonagora.pl\/#\/schema\/logo\/image\/"},"sameAs":["https:\/\/www.facebook.com\/SzpitalCzerwonaGora\/"]},{"@type":"Person","@id":"https:\/\/czerwonagora.pl\/#\/schema\/person\/8b70983499a382afa6978e88bcfde1b8","name":"Jan Anderman","image":{"@type":"ImageObject","inLanguage":"pl-PL","@id":"https:\/\/czerwonagora.pl\/wp-content\/litespeed\/avatar\/d5bc867d497b251469db97f076802c5f.jpg?ver=1777380281","url":"https:\/\/czerwonagora.pl\/wp-content\/litespeed\/avatar\/d5bc867d497b251469db97f076802c5f.jpg?ver=1777380281","contentUrl":"https:\/\/czerwonagora.pl\/wp-content\/litespeed\/avatar\/d5bc867d497b251469db97f076802c5f.jpg?ver=1777380281","caption":"Jan Anderman"},"url":"https:\/\/czerwonagora.pl\/index.php\/author\/anderman\/"}]}},"publishpress_future_action":{"enabled":false,"date":"2026-05-07 04:19:55","action":"change-status","newStatus":"draft","terms":[],"taxonomy":"category","extraData":[]},"publishpress_future_workflow_manual_trigger":{"enabledWorkflows":[]},"_links":{"self":[{"href":"https:\/\/czerwonagora.pl\/index.php\/wp-json\/wp\/v2\/posts\/18786","targetHints":{"allow":["GET"]}}],"collection":[{"href":"https:\/\/czerwonagora.pl\/index.php\/wp-json\/wp\/v2\/posts"}],"about":[{"href":"https:\/\/czerwonagora.pl\/index.php\/wp-json\/wp\/v2\/types\/post"}],"author":[{"embeddable":true,"href":"https:\/\/czerwonagora.pl\/index.php\/wp-json\/wp\/v2\/users\/9"}],"replies":[{"embeddable":true,"href":"https:\/\/czerwonagora.pl\/index.php\/wp-json\/wp\/v2\/comments?post=18786"}],"version-history":[{"count":4,"href":"https:\/\/czerwonagora.pl\/index.php\/wp-json\/wp\/v2\/posts\/18786\/revisions"}],"predecessor-version":[{"id":18791,"href":"https:\/\/czerwonagora.pl\/index.php\/wp-json\/wp\/v2\/posts\/18786\/revisions\/18791"}],"wp:featuredmedia":[{"embeddable":true,"href":"https:\/\/czerwonagora.pl\/index.php\/wp-json\/wp\/v2\/media\/8131"}],"wp:attachment":[{"href":"https:\/\/czerwonagora.pl\/index.php\/wp-json\/wp\/v2\/media?parent=18786"}],"wp:term":[{"taxonomy":"category","embeddable":true,"href":"https:\/\/czerwonagora.pl\/index.php\/wp-json\/wp\/v2\/categories?post=18786"},{"taxonomy":"post_tag","embeddable":true,"href":"https:\/\/czerwonagora.pl\/index.php\/wp-json\/wp\/v2\/tags?post=18786"}],"curies":[{"name":"wp","href":"https:\/\/api.w.org\/{rel}","templated":true}]}}