{"id":19203,"date":"2023-05-30T07:47:50","date_gmt":"2023-05-30T05:47:50","guid":{"rendered":"https:\/\/czerwonagora.pl\/?p=19203"},"modified":"2023-05-30T07:49:09","modified_gmt":"2023-05-30T05:49:09","slug":"ogloszenie-o-naborze-na-stanowisko-pielegniarki-epidemiologicznej-2","status":"publish","type":"post","link":"https:\/\/czerwonagora.pl\/index.php\/2023\/05\/30\/ogloszenie-o-naborze-na-stanowisko-pielegniarki-epidemiologicznej-2\/","title":{"rendered":"Og\u0142oszenie o naborze na stanowisko Piel\u0119gniarki Epidemiologicznej"},"content":{"rendered":"\t\t<div data-elementor-type=\"wp-post\" data-elementor-id=\"19203\" class=\"elementor elementor-19203\">\n\t\t\t\t\t\t<section class=\"elementor-section elementor-top-section elementor-element elementor-element-a972ffc elementor-section-boxed elementor-section-height-default elementor-section-height-default\" data-id=\"a972ffc\" data-element_type=\"section\" data-e-type=\"section\">\n\t\t\t\t\t\t<div class=\"elementor-container elementor-column-gap-default\">\n\t\t\t\t\t<div class=\"elementor-column elementor-col-100 elementor-top-column elementor-element elementor-element-93f7307\" data-id=\"93f7307\" data-element_type=\"column\" data-e-type=\"column\">\n\t\t\t<div class=\"elementor-widget-wrap elementor-element-populated\">\n\t\t\t\t\t\t<div class=\"elementor-element elementor-element-c2c8bbf elementor-widget elementor-widget-heading\" data-id=\"c2c8bbf\" data-element_type=\"widget\" data-e-type=\"widget\" data-widget_type=\"heading.default\">\n\t\t\t\t<div class=\"elementor-widget-container\">\n\t\t\t\t\t<h3 class=\"elementor-heading-title elementor-size-default\">\n  Dyrektor  Wojew\u00f3dzkiego Szpitala Specjalistycznego\nim. \u015bw. Rafa\u0142a w Czerwonej G\u00f3rze\nog\u0142asza nab\u00f3r na stanowisko Piel\u0119gniarki Epidemiologicznej<\/h3>\t\t\t\t<\/div>\n\t\t\t\t<\/div>\n\t\t\t\t\t<\/div>\n\t\t<\/div>\n\t\t\t\t\t<\/div>\n\t\t<\/section>\n\t\t\t\t<section class=\"elementor-section elementor-top-section elementor-element elementor-element-2bfb0b2 elementor-section-boxed elementor-section-height-default elementor-section-height-default\" data-id=\"2bfb0b2\" data-element_type=\"section\" data-e-type=\"section\" data-settings=\"{&quot;background_background&quot;:&quot;classic&quot;}\">\n\t\t\t\t\t\t<div class=\"elementor-container elementor-column-gap-default\">\n\t\t\t\t\t<div class=\"elementor-column elementor-col-100 elementor-top-column elementor-element elementor-element-d8d6e61\" data-id=\"d8d6e61\" data-element_type=\"column\" data-e-type=\"column\">\n\t\t\t<div class=\"elementor-widget-wrap elementor-element-populated\">\n\t\t\t\t\t\t<div class=\"elementor-element elementor-element-4334ed6 elementor-widget elementor-widget-text-editor\" data-id=\"4334ed6\" data-element_type=\"widget\" data-e-type=\"widget\" data-widget_type=\"text-editor.default\">\n\t\t\t\t<div class=\"elementor-widget-container\">\n\t\t\t\t\t\t\t\t\t<p style=\"text-align: center;\"><strong>Forma zatrudnienia:<\/strong><\/p><p style=\"text-align: center;\">Umowa o prac\u0119, pe\u0142ny wymiar etatu, liczba stanowisk pracy: 1<\/p>\t\t\t\t\t\t\t\t<\/div>\n\t\t\t\t<\/div>\n\t\t\t\t\t<\/div>\n\t\t<\/div>\n\t\t\t\t\t<\/div>\n\t\t<\/section>\n\t\t\t\t<section class=\"elementor-section elementor-top-section elementor-element elementor-element-c88596b elementor-section-boxed elementor-section-height-default elementor-section-height-default\" data-id=\"c88596b\" data-element_type=\"section\" data-e-type=\"section\">\n\t\t\t\t\t\t<div class=\"elementor-container elementor-column-gap-default\">\n\t\t\t\t\t<div class=\"elementor-column elementor-col-100 elementor-top-column elementor-element elementor-element-459cd92\" data-id=\"459cd92\" data-element_type=\"column\" data-e-type=\"column\">\n\t\t\t<div class=\"elementor-widget-wrap elementor-element-populated\">\n\t\t\t\t\t\t<section class=\"elementor-section elementor-inner-section elementor-element elementor-element-db33c4a elementor-section-boxed elementor-section-height-default elementor-section-height-default\" data-id=\"db33c4a\" data-element_type=\"section\" data-e-type=\"section\">\n\t\t\t\t\t\t<div class=\"elementor-container elementor-column-gap-default\">\n\t\t\t\t\t<div class=\"elementor-column elementor-col-50 elementor-inner-column elementor-element elementor-element-bf4dd84\" data-id=\"bf4dd84\" data-element_type=\"column\" data-e-type=\"column\">\n\t\t\t<div class=\"elementor-widget-wrap elementor-element-populated\">\n\t\t\t\t\t\t<div class=\"elementor-element elementor-element-f319ad2 elementor-view-default elementor-widget elementor-widget-icon\" data-id=\"f319ad2\" data-element_type=\"widget\" data-e-type=\"widget\" data-widget_type=\"icon.default\">\n\t\t\t\t<div class=\"elementor-widget-container\">\n\t\t\t\t\t\t\t<div class=\"elementor-icon-wrapper\">\n\t\t\t<div class=\"elementor-icon\">\n\t\t\t<i aria-hidden=\"true\" class=\"fas fa-tasks\"><\/i>\t\t\t<\/div>\n\t\t<\/div>\n\t\t\t\t\t\t<\/div>\n\t\t\t\t<\/div>\n\t\t\t\t\t<\/div>\n\t\t<\/div>\n\t\t\t\t<div class=\"elementor-column elementor-col-50 elementor-inner-column elementor-element elementor-element-e36af15\" data-id=\"e36af15\" data-element_type=\"column\" data-e-type=\"column\">\n\t\t\t<div class=\"elementor-widget-wrap elementor-element-populated\">\n\t\t\t\t\t\t<div class=\"elementor-element elementor-element-ff2cb7d elementor-widget elementor-widget-text-editor\" data-id=\"ff2cb7d\" data-element_type=\"widget\" data-e-type=\"widget\" data-widget_type=\"text-editor.default\">\n\t\t\t\t<div class=\"elementor-widget-container\">\n\t\t\t\t\t\t\t\t\t<p><strong>Wymagania zwi\u0105zane ze stanowiskiem pracy:<\/strong><\/p><ul><li>Wykszta\u0142cenie wy\u017csze na kierunku piel\u0119gniarstwo,<\/li><li>Specjalizacja w dziedzinie piel\u0119gniarstwa epidemiologicznego,<\/li><li>Aktualne prawo wykonywania zawodu,<\/li><li>Umiej\u0119tno\u015b\u0107 pracy w zespole, dok\u0142adno\u015b\u0107, obowi\u0105zkowo\u015b\u0107, komunikatywno\u015b\u0107, odporno\u015b\u0107 na stres, umiej\u0119tno\u015b\u0107 pracy pod presj\u0105 czasu.<\/li><\/ul>\t\t\t\t\t\t\t\t<\/div>\n\t\t\t\t<\/div>\n\t\t\t\t\t<\/div>\n\t\t<\/div>\n\t\t\t\t\t<\/div>\n\t\t<\/section>\n\t\t\t\t\t<\/div>\n\t\t<\/div>\n\t\t\t\t\t<\/div>\n\t\t<\/section>\n\t\t\t\t<section class=\"elementor-section elementor-top-section elementor-element elementor-element-b772deb elementor-section-boxed elementor-section-height-default elementor-section-height-default\" data-id=\"b772deb\" data-element_type=\"section\" data-e-type=\"section\" data-settings=\"{&quot;background_background&quot;:&quot;classic&quot;}\">\n\t\t\t\t\t\t<div class=\"elementor-container elementor-column-gap-default\">\n\t\t\t\t\t<div class=\"elementor-column elementor-col-100 elementor-top-column elementor-element elementor-element-5d899cd\" data-id=\"5d899cd\" data-element_type=\"column\" data-e-type=\"column\">\n\t\t\t<div class=\"elementor-widget-wrap elementor-element-populated\">\n\t\t\t\t\t\t<section class=\"elementor-section elementor-inner-section elementor-element elementor-element-59408f6 elementor-section-boxed elementor-section-height-default elementor-section-height-default\" data-id=\"59408f6\" data-element_type=\"section\" data-e-type=\"section\">\n\t\t\t\t\t\t<div class=\"elementor-container elementor-column-gap-default\">\n\t\t\t\t\t<div class=\"elementor-column elementor-col-50 elementor-inner-column elementor-element elementor-element-c573318\" data-id=\"c573318\" data-element_type=\"column\" data-e-type=\"column\">\n\t\t\t<div class=\"elementor-widget-wrap elementor-element-populated\">\n\t\t\t\t\t\t<div class=\"elementor-element elementor-element-64a7bdf elementor-widget elementor-widget-text-editor\" data-id=\"64a7bdf\" data-element_type=\"widget\" data-e-type=\"widget\" data-widget_type=\"text-editor.default\">\n\t\t\t\t<div class=\"elementor-widget-container\">\n\t\t\t\t\t\t\t\t\t<p><strong>Wymagane dokumenty i o\u015bwiadczenia:<\/strong><\/p><ul><li>CV,<\/li><li>O\u015bwiadczenie o wyra\u017ceniu zgody na przetwarzanie danych osobowych do cel\u00f3w rekrutacji wg za\u0142\u0105czonego wzoru,<\/li><li>Kopie dokument\u00f3w potwierdzaj\u0105cych wykszta\u0142cenie i kwalifikacje.<\/li><\/ul>\t\t\t\t\t\t\t\t<\/div>\n\t\t\t\t<\/div>\n\t\t\t\t\t<\/div>\n\t\t<\/div>\n\t\t\t\t<div class=\"elementor-column elementor-col-50 elementor-inner-column elementor-element elementor-element-a5da660\" data-id=\"a5da660\" data-element_type=\"column\" data-e-type=\"column\">\n\t\t\t<div class=\"elementor-widget-wrap elementor-element-populated\">\n\t\t\t\t\t\t<div class=\"elementor-element elementor-element-1f2f9bb elementor-view-default elementor-widget elementor-widget-icon\" data-id=\"1f2f9bb\" data-element_type=\"widget\" data-e-type=\"widget\" data-widget_type=\"icon.default\">\n\t\t\t\t<div class=\"elementor-widget-container\">\n\t\t\t\t\t\t\t<div class=\"elementor-icon-wrapper\">\n\t\t\t<div class=\"elementor-icon\">\n\t\t\t<i aria-hidden=\"true\" class=\"far fa-file-alt\"><\/i>\t\t\t<\/div>\n\t\t<\/div>\n\t\t\t\t\t\t<\/div>\n\t\t\t\t<\/div>\n\t\t\t\t\t<\/div>\n\t\t<\/div>\n\t\t\t\t\t<\/div>\n\t\t<\/section>\n\t\t\t\t\t<\/div>\n\t\t<\/div>\n\t\t\t\t\t<\/div>\n\t\t<\/section>\n\t\t\t\t<section class=\"elementor-section elementor-top-section elementor-element elementor-element-9c3e87c elementor-section-boxed elementor-section-height-default elementor-section-height-default\" data-id=\"9c3e87c\" data-element_type=\"section\" data-e-type=\"section\">\n\t\t\t\t\t\t<div class=\"elementor-container elementor-column-gap-default\">\n\t\t\t\t\t<div class=\"elementor-column elementor-col-100 elementor-top-column elementor-element elementor-element-b917bc3\" data-id=\"b917bc3\" data-element_type=\"column\" data-e-type=\"column\">\n\t\t\t<div class=\"elementor-widget-wrap elementor-element-populated\">\n\t\t\t\t\t\t<div class=\"elementor-element elementor-element-fec2abb elementor-widget elementor-widget-heading\" data-id=\"fec2abb\" data-element_type=\"widget\" data-e-type=\"widget\" data-widget_type=\"heading.default\">\n\t\t\t\t<div class=\"elementor-widget-container\">\n\t\t\t\t\t<h3 class=\"elementor-heading-title elementor-size-default\">Termin sk\u0142adania dokument\u00f3w: 2023-06-24<\/h3>\t\t\t\t<\/div>\n\t\t\t\t<\/div>\n\t\t\t\t\t<\/div>\n\t\t<\/div>\n\t\t\t\t\t<\/div>\n\t\t<\/section>\n\t\t\t\t<section class=\"elementor-section elementor-top-section elementor-element elementor-element-ae5439d elementor-section-boxed elementor-section-height-default elementor-section-height-default\" data-id=\"ae5439d\" data-element_type=\"section\" data-e-type=\"section\">\n\t\t\t\t\t\t<div class=\"elementor-container elementor-column-gap-default\">\n\t\t\t\t\t<div class=\"elementor-column elementor-col-100 elementor-top-column elementor-element elementor-element-aed9dd7\" data-id=\"aed9dd7\" data-element_type=\"column\" data-e-type=\"column\" data-settings=\"{&quot;background_background&quot;:&quot;classic&quot;}\">\n\t\t\t<div class=\"elementor-widget-wrap elementor-element-populated\">\n\t\t\t\t\t\t<section class=\"elementor-section elementor-inner-section elementor-element elementor-element-5dbc32b elementor-section-boxed elementor-section-height-default elementor-section-height-default\" data-id=\"5dbc32b\" data-element_type=\"section\" data-e-type=\"section\">\n\t\t\t\t\t\t<div class=\"elementor-container elementor-column-gap-default\">\n\t\t\t\t\t<div class=\"elementor-column elementor-col-100 elementor-inner-column elementor-element elementor-element-20a48da\" data-id=\"20a48da\" data-element_type=\"column\" data-e-type=\"column\">\n\t\t\t<div class=\"elementor-widget-wrap elementor-element-populated\">\n\t\t\t\t\t\t<div class=\"elementor-element elementor-element-83437bf elementor-widget elementor-widget-text-editor\" data-id=\"83437bf\" data-element_type=\"widget\" data-e-type=\"widget\" data-widget_type=\"text-editor.default\">\n\t\t\t\t<div class=\"elementor-widget-container\">\n\t\t\t\t\t\t\t\t\t<p><strong>Miejsce sk\u0142adania dokument\u00f3w:<br \/><\/strong>DZIA\u0141 KADR<br \/>Wojew\u00f3dzki Szpital<br \/>Specjalistyczny im. \u015bw. Rafa\u0142a<br \/>Czerwona G\u00f3ra 10, 26-060 Ch\u0119ciny<br \/><strong>\u00a0lub poczt\u0105 elektroniczn\u0105 na adres:\u00a0\u00a0<\/strong><\/p>\t\t\t\t\t\t\t\t<\/div>\n\t\t\t\t<\/div>\n\t\t\t\t\t<\/div>\n\t\t<\/div>\n\t\t\t\t\t<\/div>\n\t\t<\/section>\n\t\t\t\t<div class=\"elementor-element elementor-element-0e128b5 elementor-widget elementor-widget-text-editor\" data-id=\"0e128b5\" data-element_type=\"widget\" data-e-type=\"widget\" data-widget_type=\"text-editor.default\">\n\t\t\t\t<div class=\"elementor-widget-container\">\n\t\t\t\t\t\t\t\t\t<p><span style=\"font-weight: bold;\"><a href=\"mailto:k.resztak@czerwonagora.pl\">k.resztak@czerwonagora.pl<\/a><\/span><\/p>\t\t\t\t\t\t\t\t<\/div>\n\t\t\t\t<\/div>\n\t\t\t\t\t<\/div>\n\t\t<\/div>\n\t\t\t\t\t<\/div>\n\t\t<\/section>\n\t\t\t\t<section class=\"elementor-section elementor-top-section elementor-element elementor-element-5fd5e76 elementor-section-boxed elementor-section-height-default elementor-section-height-default\" data-id=\"5fd5e76\" data-element_type=\"section\" data-e-type=\"section\">\n\t\t\t\t\t\t<div class=\"elementor-container elementor-column-gap-default\">\n\t\t\t\t\t<div class=\"elementor-column elementor-col-100 elementor-top-column elementor-element elementor-element-02ed317\" data-id=\"02ed317\" data-element_type=\"column\" data-e-type=\"column\">\n\t\t\t<div class=\"elementor-widget-wrap elementor-element-populated\">\n\t\t\t\t\t\t<div class=\"elementor-element elementor-element-dc3e2d0 elementor-widget elementor-widget-text-editor\" data-id=\"dc3e2d0\" data-element_type=\"widget\" data-e-type=\"widget\" data-widget_type=\"text-editor.default\">\n\t\t\t\t<div class=\"elementor-widget-container\">\n\t\t\t\t\t\t\t\t\t<p><strong>Inne informacje : <\/strong><\/p><ul><li>Prosimy o do\u0142\u0105czenie za\u0142\u0105czonej klauzuli informacyjnej dotycz\u0105cej rekrutacji. W przypadku braku powy\u017cszej klauzuli nie b\u0119dziemy mogli rozpatrzy\u0107 Pani\/Pana aplikacji, a\u00a0dokumenty aplikacyjne zostan\u0105 zniszczone. Dokumenty przes\u0142ane w procesie rekrutacji nie podlegaj\u0105 zwrotowi.<\/li><li>Oferty otrzymane po terminie nie b\u0119d\u0105 rozpatrywane.<\/li><li>Zastrzega si\u0119 mo\u017cliwo\u015b\u0107 kontaktu wy\u0142\u0105cznie z wybranymi kandydatami.<\/li><li>Kandydatki\/ kandydaci spe\u0142niaj\u0105cy wymogi formalne okre\u015blone w og\u0142oszeniu o zakwalifikowaniu si\u0119 do kolejnego etapu post\u0119powania rekrutacyjnego zostan\u0105 powiadomieni telefonicznie. Oferty odrzucone zostan\u0105 zniszczone.<\/li><\/ul><ul><li><strong>Miejsce wykonywania pracy:<\/strong><p>WSS im. \u015bw. Rafa\u0142a w Czerwonej G\u00f3rze, ul. Czerwona G\u00f3ra 10, 26-060 Ch\u0119ciny.<\/p><\/li><\/ul><p><strong>Dodatkowych informacji udziela Dzia\u0142 Kadr pod numerem telefonu: (041) 346\u201355\u201345 w. 123, 230.<\/strong><\/p>\t\t\t\t\t\t\t\t<\/div>\n\t\t\t\t<\/div>\n\t\t\t\t\t<\/div>\n\t\t<\/div>\n\t\t\t\t\t<\/div>\n\t\t<\/section>\n\t\t\t\t<section class=\"elementor-section elementor-top-section elementor-element elementor-element-f7a1426 elementor-section-boxed elementor-section-height-default elementor-section-height-default\" data-id=\"f7a1426\" data-element_type=\"section\" data-e-type=\"section\">\n\t\t\t\t\t\t<div class=\"elementor-container elementor-column-gap-default\">\n\t\t\t\t\t<div class=\"elementor-column elementor-col-100 elementor-top-column elementor-element elementor-element-3ec0ffa\" data-id=\"3ec0ffa\" data-element_type=\"column\" data-e-type=\"column\">\n\t\t\t<div class=\"elementor-widget-wrap elementor-element-populated\">\n\t\t\t\t\t\t<div class=\"elementor-element elementor-element-70135f7 elementor-widget elementor-widget-text-editor\" data-id=\"70135f7\" data-element_type=\"widget\" data-e-type=\"widget\" data-widget_type=\"text-editor.default\">\n\t\t\t\t<div class=\"elementor-widget-container\">\n\t\t\t\t\t\t\t\t\t<p><strong>KLAUZULA INFORMACYJNA <br \/>DOTYCZ\u0104CA REKRUTACJI W SYSTEMIE INTERNETOWYM <\/strong><\/p><p>Zgodnie z art. 13 ust. 1 i 2 rozporz\u0105dzenia Parlamentu Europejskiego i Rady (UE) 2016\/679 z 27.04.2016 r. w sprawie ochrony os\u00f3b fizycznych w zwi\u0105zku z przetwarzaniem danych osobowych i w sprawie swobodnego przep\u0142ywu takich danych oraz uchylenia dyrektywy 95\/46\/WE (og\u00f3lne rozporz\u0105dzenie o ochronie danych) (Dz. U. UE. L. z 2016 r. Nr 119, str. 1) \u2013 dalej RODO informuj\u0119, i\u017c:<\/p><p>1)\u00a0\u00a0\u00a0\u00a0\u00a0 Administratorem Pani\/Pana danych osobowych jest Wojew\u00f3dzki Szpital Specjalistyczny im. \u015bw. Rafa\u0142a w Czerwonej G\u00f3rze, ul. Czerwona G\u00f3ra 10, 26-060 Ch\u0119ciny, tel.: 41\u00a0346 55 45, e-mail: <a href=\"mailto:czerwonagora@czerwonagora.pl\">czerwonagora@czerwonagora.pl<\/a> NIP: 959-12-89-964, Regon: 000296213.<\/p><p>2)\u00a0\u00a0\u00a0\u00a0\u00a0 Inspektorem ochrony danych w Wojew\u00f3dzkim Szpitalu Specjalistycznym im. \u015bw. Rafa\u0142a w Czerwonej G\u00f3rze jest Pan Wies\u0142aw Loch e-mail <a href=\"mailto:iod@czerwonagora.pl\">iod@czerwonagora.pl<\/a>, nr.tel. 41\u00a0346 55 45 w. 211;<\/p><p>3) Pani\/Pana dane osobowe przetwarzane b\u0119d\u0105 w celu przeprowadzenia procesu rekrutacji na stanowisko Piel\u0119gniarki Epidemiologicznej na podstawie art. 6 ust. 1 lit. a RODO, na podstawie Pani\/Pana dobrowolnej zgody;<\/p><p>4)\u00a0\u00a0\u00a0\u00a0\u00a0 Odbiorc\u0105 Pani\/Pana danych osobowych jest WSS im. \u015bw. Rafa\u0142a w Czerwonej G\u00f3rze<\/p><p>*<em>(mo\u017cna wymieni\u0107 kategori\u0119 odbiorc\u00f3w o ile istniej\u0105)<\/em>;<\/p><p>5)\u00a0\u00a0\u00a0\u00a0\u00a0 Pani\/Pana dane osobowe b\u0119d\u0105 przechowywane przez okres niezb\u0119dny do przeprowadzenia rekrutacji. Dokumenty kandydata, kt\u00f3ry nie zostanie zatrudniony zostan\u0105 zniszczone niezw\u0142ocznie po zako\u0144czeniu procesu rekrutacji;<\/p><p>6)\u00a0\u00a0\u00a0\u00a0\u00a0 Posiada Pani\/Pan prawo dost\u0119pu do tre\u015bci swoich danych oraz prawo ich sprostowania, usuni\u0119cia, ograniczenia przetwarzania, prawo do przenoszenia danych, prawo wniesienia sprzeciwu, prawo do cofni\u0119cia zgody na ich przetwarzanie w dowolnym momencie bez wp\u0142ywu na zgodno\u015b\u0107 z prawem przetwarzania, kt\u00f3rego dokonano na podstawie zgody wyra\u017conej przed jej cofni\u0119ciem. O\u015bwiadczenie o cofni\u0119ciu zgody na przetwarzanie danych osobowych wymaga jego z\u0142o\u017cenia w formie pisemnej lub elektronicznej na adres mailowy <a href=\"mailto:iod@czerwonagora.pl\">iod@czerwonagora.pl<\/a>,<\/p><p>7)\u00a0\u00a0\u00a0\u00a0\u00a0 Ma Pan\/Pani prawo wniesienia skargi do Prezesa Urz\u0119du Ochrony Danych Osobowych, gdy uzna Pani\/Pan, i\u017c przetwarzanie danych osobowych Pani\/Pana dotycz\u0105cych narusza przepisy RODO;<\/p><p>8)\u00a0\u00a0\u00a0\u00a0\u00a0 Podanie przez Pana\/Pani\u0105 danych osobowych jest dobrowolne, ale konieczne dla cel\u00f3w zwi\u0105zanych z przeprowadzeniem procesu rekrutacji na stanowisko Piel\u0119gniarki Epidemiologicznej;<\/p><p><strong>Klauzula zawieraj\u0105ca zgod\u0119 na przetwarzanie danych osobowych (na CV)<\/strong><\/p><p>Na podstawie art. 7 ust. 1 RODO o\u015bwiadczam, i\u017c wyra\u017cam zgod\u0119 na przetwarzanie przez administratora, kt\u00f3rym jest Wojew\u00f3dzki Szpital Specjalistyczny im. \u015bw. Rafa\u0142a w Czerwonej G\u00f3rze, ul. Czerwona G\u00f3ra 10, 26-060 Ch\u0119ciny, tel.: 41\u00a0346 55 45, e-mail: <a href=\"mailto:czerwonagora@czerwonagora.pl\">czerwonagora@czerwonagora.pl<\/a> NIP: 959-12-89-964, Regon: 000296213, moich danych osobowych w celu przeprowadzenia procedury rekrutacji na stanowisko Piel\u0119gniarki Epidemiologicznej. Powy\u017csza zgoda zosta\u0142a wyra\u017cona dobrowolnie zgodnie z art. 4 pkt 11 RODO.<\/p><p>&#8230;&#8230;&#8230;&#8230;&#8230;&#8230;&#8230;&#8230;&#8230;&#8230;&#8230;&#8230;&#8230;&#8230;&#8230;..<\/p><p>(data i podpis kandydata do pracy)<\/p>\t\t\t\t\t\t\t\t<\/div>\n\t\t\t\t<\/div>\n\t\t\t\t\t<\/div>\n\t\t<\/div>\n\t\t\t\t\t<\/div>\n\t\t<\/section>\n\t\t\t\t<section class=\"elementor-section elementor-top-section elementor-element elementor-element-c4aa656 elementor-section-boxed elementor-section-height-default elementor-section-height-default\" data-id=\"c4aa656\" data-element_type=\"section\" data-e-type=\"section\" data-settings=\"{&quot;background_background&quot;:&quot;classic&quot;}\">\n\t\t\t\t\t\t<div class=\"elementor-container elementor-column-gap-default\">\n\t\t\t\t\t<div class=\"elementor-column elementor-col-25 elementor-top-column elementor-element elementor-element-1bc483b\" data-id=\"1bc483b\" data-element_type=\"column\" data-e-type=\"column\">\n\t\t\t<div class=\"elementor-widget-wrap elementor-element-populated\">\n\t\t\t\t\t\t<div class=\"elementor-element elementor-element-c584c63 elementor-view-default elementor-widget elementor-widget-icon\" data-id=\"c584c63\" data-element_type=\"widget\" data-e-type=\"widget\" data-widget_type=\"icon.default\">\n\t\t\t\t<div class=\"elementor-widget-container\">\n\t\t\t\t\t\t\t<div class=\"elementor-icon-wrapper\">\n\t\t\t<div class=\"elementor-icon\">\n\t\t\t<i aria-hidden=\"true\" class=\"far fa-file-pdf\"><\/i>\t\t\t<\/div>\n\t\t<\/div>\n\t\t\t\t\t\t<\/div>\n\t\t\t\t<\/div>\n\t\t\t\t\t<\/div>\n\t\t<\/div>\n\t\t\t\t<div class=\"elementor-column elementor-col-50 elementor-top-column elementor-element elementor-element-016947b\" data-id=\"016947b\" data-element_type=\"column\" data-e-type=\"column\">\n\t\t\t<div class=\"elementor-widget-wrap elementor-element-populated\">\n\t\t\t\t\t\t<div class=\"elementor-element elementor-element-de5b963 elementor-widget elementor-widget-text-editor\" data-id=\"de5b963\" data-element_type=\"widget\" data-e-type=\"widget\" data-widget_type=\"text-editor.default\">\n\t\t\t\t<div class=\"elementor-widget-container\">\n\t\t\t\t\t\t\t\t\t<p><strong>Dokumenty do pobrania<\/strong> &#8211; Og\u0142oszenie o naborze na stanowisko Piel\u0119gniarki Epidemiologicznej<\/p>\t\t\t\t\t\t\t\t<\/div>\n\t\t\t\t<\/div>\n\t\t\t\t\t<\/div>\n\t\t<\/div>\n\t\t\t\t<div class=\"elementor-column elementor-col-25 elementor-top-column elementor-element elementor-element-67d81d7\" data-id=\"67d81d7\" data-element_type=\"column\" data-e-type=\"column\">\n\t\t\t<div class=\"elementor-widget-wrap elementor-element-populated\">\n\t\t\t\t\t\t<div class=\"elementor-element elementor-element-7a71e58 elementor-align-center elementor-widget elementor-widget-button\" data-id=\"7a71e58\" data-element_type=\"widget\" data-e-type=\"widget\" data-widget_type=\"button.default\">\n\t\t\t\t<div class=\"elementor-widget-container\">\n\t\t\t\t\t\t\t\t\t<div class=\"elementor-button-wrapper\">\n\t\t\t\t\t<a class=\"elementor-button elementor-button-link elementor-size-sm elementor-animation-grow\" href=\"https:\/\/czerwonagora.pl\/wp-content\/uploads\/2023\/05\/Ogloszenie-Pielegniarka-Epidemiologiczna.pdf\">\n\t\t\t\t\t\t<span class=\"elementor-button-content-wrapper\">\n\t\t\t\t\t\t\t\t\t<span class=\"elementor-button-text\">Pobierz<\/span>\n\t\t\t\t\t<\/span>\n\t\t\t\t\t<\/a>\n\t\t\t\t<\/div>\n\t\t\t\t\t\t\t\t<\/div>\n\t\t\t\t<\/div>\n\t\t\t\t\t<\/div>\n\t\t<\/div>\n\t\t\t\t\t<\/div>\n\t\t<\/section>\n\t\t\t\t<\/div>\n\t\t","protected":false},"excerpt":{"rendered":"<p>Dyrektor Wojew\u00f3dzkiego Szpitala Specjalistycznego im. \u015bw. Rafa\u0142a w Czerwonej G\u00f3rze og\u0142asza nab\u00f3r na stanowisko Piel\u0119gniarki Epidemiologicznej Forma zatrudnienia: Umowa o prac\u0119, pe\u0142ny wymiar etatu, liczba stanowisk pracy: 1 Wymagania zwi\u0105zane ze stanowiskiem pracy: Wykszta\u0142cenie wy\u017csze na kierunku piel\u0119gniarstwo, Specjalizacja w dziedzinie piel\u0119gniarstwa epidemiologicznego, Aktualne prawo wykonywania zawodu, Umiej\u0119tno\u015b\u0107 pracy w zespole, dok\u0142adno\u015b\u0107, obowi\u0105zkowo\u015b\u0107, komunikatywno\u015b\u0107, odporno\u015b\u0107 [&hellip;]<\/p>\n","protected":false},"author":9,"featured_media":8638,"comment_status":"closed","ping_status":"closed","sticky":false,"template":"","format":"standard","meta":{"zakra_page_container_layout":"customizer","zakra_page_sidebar_layout":"customizer","zakra_remove_content_margin":false,"zakra_sidebar":"customizer","zakra_transparent_header":"customizer","zakra_logo":0,"zakra_main_header_style":"default","zakra_menu_item_color":"","zakra_menu_item_hover_color":"","zakra_menu_item_active_color":"","zakra_menu_active_style":"","zakra_page_header":true,"footnotes":""},"categories":[42],"tags":[],"class_list":["post-19203","post","type-post","status-publish","format-standard","has-post-thumbnail","hentry","category-oferty-pracy"],"yoast_head":"<!-- This site is optimized with the Yoast SEO plugin v27.4 - https:\/\/yoast.com\/product\/yoast-seo-wordpress\/ -->\n<title>Og\u0142oszenie o naborze na stanowisko Piel\u0119gniarki Epidemiologicznej - Wojew\u00f3dzki Szpital Specjalistyczny im. \u015aw. Rafa\u0142a w Czerwonej G\u00f3rze<\/title>\n<meta name=\"robots\" content=\"index, follow, max-snippet:-1, max-image-preview:large, max-video-preview:-1\" \/>\n<link rel=\"canonical\" href=\"https:\/\/czerwonagora.pl\/index.php\/2023\/05\/30\/ogloszenie-o-naborze-na-stanowisko-pielegniarki-epidemiologicznej-2\/\" \/>\n<meta property=\"og:locale\" content=\"pl_PL\" \/>\n<meta property=\"og:type\" content=\"article\" \/>\n<meta property=\"og:title\" content=\"Og\u0142oszenie o naborze na stanowisko Piel\u0119gniarki Epidemiologicznej - Wojew\u00f3dzki Szpital Specjalistyczny im. \u015aw. Rafa\u0142a w Czerwonej G\u00f3rze\" \/>\n<meta property=\"og:description\" content=\"Dyrektor Wojew\u00f3dzkiego Szpitala Specjalistycznego im. \u015bw. Rafa\u0142a w Czerwonej G\u00f3rze og\u0142asza nab\u00f3r na stanowisko Piel\u0119gniarki Epidemiologicznej Forma zatrudnienia: Umowa o prac\u0119, pe\u0142ny wymiar etatu, liczba stanowisk pracy: 1 Wymagania zwi\u0105zane ze stanowiskiem pracy: Wykszta\u0142cenie wy\u017csze na kierunku piel\u0119gniarstwo, Specjalizacja w dziedzinie piel\u0119gniarstwa epidemiologicznego, Aktualne prawo wykonywania zawodu, Umiej\u0119tno\u015b\u0107 pracy w zespole, dok\u0142adno\u015b\u0107, obowi\u0105zkowo\u015b\u0107, komunikatywno\u015b\u0107, odporno\u015b\u0107 [&hellip;]\" \/>\n<meta property=\"og:url\" content=\"https:\/\/czerwonagora.pl\/index.php\/2023\/05\/30\/ogloszenie-o-naborze-na-stanowisko-pielegniarki-epidemiologicznej-2\/\" \/>\n<meta property=\"og:site_name\" content=\"Wojew\u00f3dzki Szpital Specjalistyczny im. \u015aw. Rafa\u0142a w Czerwonej G\u00f3rze\" \/>\n<meta property=\"article:publisher\" content=\"https:\/\/www.facebook.com\/SzpitalCzerwonaGora\/\" \/>\n<meta property=\"article:published_time\" content=\"2023-05-30T05:47:50+00:00\" \/>\n<meta property=\"article:modified_time\" content=\"2023-05-30T05:49:09+00:00\" \/>\n<meta property=\"og:image\" content=\"https:\/\/czerwonagora.pl\/wp-content\/uploads\/2021\/07\/Oferta_pracy_pielegniarka.jpg\" \/>\n\t<meta property=\"og:image:width\" content=\"803\" \/>\n\t<meta property=\"og:image:height\" content=\"360\" \/>\n\t<meta property=\"og:image:type\" content=\"image\/jpeg\" \/>\n<meta name=\"author\" content=\"Jan Anderman\" \/>\n<meta name=\"twitter:card\" content=\"summary_large_image\" \/>\n<meta name=\"twitter:label1\" content=\"Napisane przez\" \/>\n\t<meta name=\"twitter:data1\" content=\"Jan Anderman\" \/>\n\t<meta name=\"twitter:label2\" content=\"Szacowany czas czytania\" \/>\n\t<meta name=\"twitter:data2\" content=\"4 minuty\" \/>\n<script type=\"application\/ld+json\" class=\"yoast-schema-graph\">{\"@context\":\"https:\\\/\\\/schema.org\",\"@graph\":[{\"@type\":\"Article\",\"@id\":\"https:\\\/\\\/czerwonagora.pl\\\/index.php\\\/2023\\\/05\\\/30\\\/ogloszenie-o-naborze-na-stanowisko-pielegniarki-epidemiologicznej-2\\\/#article\",\"isPartOf\":{\"@id\":\"https:\\\/\\\/czerwonagora.pl\\\/index.php\\\/2023\\\/05\\\/30\\\/ogloszenie-o-naborze-na-stanowisko-pielegniarki-epidemiologicznej-2\\\/\"},\"author\":{\"name\":\"Jan Anderman\",\"@id\":\"https:\\\/\\\/czerwonagora.pl\\\/#\\\/schema\\\/person\\\/8b70983499a382afa6978e88bcfde1b8\"},\"headline\":\"Og\u0142oszenie o naborze na stanowisko Piel\u0119gniarki Epidemiologicznej\",\"datePublished\":\"2023-05-30T05:47:50+00:00\",\"dateModified\":\"2023-05-30T05:49:09+00:00\",\"mainEntityOfPage\":{\"@id\":\"https:\\\/\\\/czerwonagora.pl\\\/index.php\\\/2023\\\/05\\\/30\\\/ogloszenie-o-naborze-na-stanowisko-pielegniarki-epidemiologicznej-2\\\/\"},\"wordCount\":719,\"publisher\":{\"@id\":\"https:\\\/\\\/czerwonagora.pl\\\/#organization\"},\"image\":{\"@id\":\"https:\\\/\\\/czerwonagora.pl\\\/index.php\\\/2023\\\/05\\\/30\\\/ogloszenie-o-naborze-na-stanowisko-pielegniarki-epidemiologicznej-2\\\/#primaryimage\"},\"thumbnailUrl\":\"https:\\\/\\\/czerwonagora.pl\\\/wp-content\\\/uploads\\\/2021\\\/07\\\/Oferta_pracy_pielegniarka.jpg\",\"articleSection\":[\"Oferty pracy\"],\"inLanguage\":\"pl-PL\"},{\"@type\":\"WebPage\",\"@id\":\"https:\\\/\\\/czerwonagora.pl\\\/index.php\\\/2023\\\/05\\\/30\\\/ogloszenie-o-naborze-na-stanowisko-pielegniarki-epidemiologicznej-2\\\/\",\"url\":\"https:\\\/\\\/czerwonagora.pl\\\/index.php\\\/2023\\\/05\\\/30\\\/ogloszenie-o-naborze-na-stanowisko-pielegniarki-epidemiologicznej-2\\\/\",\"name\":\"Og\u0142oszenie o naborze na stanowisko Piel\u0119gniarki Epidemiologicznej - Wojew\u00f3dzki Szpital Specjalistyczny im. \u015aw. Rafa\u0142a w Czerwonej G\u00f3rze\",\"isPartOf\":{\"@id\":\"https:\\\/\\\/czerwonagora.pl\\\/#website\"},\"primaryImageOfPage\":{\"@id\":\"https:\\\/\\\/czerwonagora.pl\\\/index.php\\\/2023\\\/05\\\/30\\\/ogloszenie-o-naborze-na-stanowisko-pielegniarki-epidemiologicznej-2\\\/#primaryimage\"},\"image\":{\"@id\":\"https:\\\/\\\/czerwonagora.pl\\\/index.php\\\/2023\\\/05\\\/30\\\/ogloszenie-o-naborze-na-stanowisko-pielegniarki-epidemiologicznej-2\\\/#primaryimage\"},\"thumbnailUrl\":\"https:\\\/\\\/czerwonagora.pl\\\/wp-content\\\/uploads\\\/2021\\\/07\\\/Oferta_pracy_pielegniarka.jpg\",\"datePublished\":\"2023-05-30T05:47:50+00:00\",\"dateModified\":\"2023-05-30T05:49:09+00:00\",\"breadcrumb\":{\"@id\":\"https:\\\/\\\/czerwonagora.pl\\\/index.php\\\/2023\\\/05\\\/30\\\/ogloszenie-o-naborze-na-stanowisko-pielegniarki-epidemiologicznej-2\\\/#breadcrumb\"},\"inLanguage\":\"pl-PL\",\"potentialAction\":[{\"@type\":\"ReadAction\",\"target\":[\"https:\\\/\\\/czerwonagora.pl\\\/index.php\\\/2023\\\/05\\\/30\\\/ogloszenie-o-naborze-na-stanowisko-pielegniarki-epidemiologicznej-2\\\/\"]}]},{\"@type\":\"ImageObject\",\"inLanguage\":\"pl-PL\",\"@id\":\"https:\\\/\\\/czerwonagora.pl\\\/index.php\\\/2023\\\/05\\\/30\\\/ogloszenie-o-naborze-na-stanowisko-pielegniarki-epidemiologicznej-2\\\/#primaryimage\",\"url\":\"https:\\\/\\\/czerwonagora.pl\\\/wp-content\\\/uploads\\\/2021\\\/07\\\/Oferta_pracy_pielegniarka.jpg\",\"contentUrl\":\"https:\\\/\\\/czerwonagora.pl\\\/wp-content\\\/uploads\\\/2021\\\/07\\\/Oferta_pracy_pielegniarka.jpg\",\"width\":803,\"height\":360,\"caption\":\"logo na niebieskim tle na kt\u00f3rym znajduja sie dwie osoby ubrana na bia\u0142o oraz tekstem koloru bia\u0142ego Oferta Pracy\"},{\"@type\":\"BreadcrumbList\",\"@id\":\"https:\\\/\\\/czerwonagora.pl\\\/index.php\\\/2023\\\/05\\\/30\\\/ogloszenie-o-naborze-na-stanowisko-pielegniarki-epidemiologicznej-2\\\/#breadcrumb\",\"itemListElement\":[{\"@type\":\"ListItem\",\"position\":1,\"name\":\"Strona g\u0142\u00f3wna\",\"item\":\"https:\\\/\\\/czerwonagora.pl\\\/\"},{\"@type\":\"ListItem\",\"position\":2,\"name\":\"Og\u0142oszenie o naborze na stanowisko Piel\u0119gniarki Epidemiologicznej\"}]},{\"@type\":\"WebSite\",\"@id\":\"https:\\\/\\\/czerwonagora.pl\\\/#website\",\"url\":\"https:\\\/\\\/czerwonagora.pl\\\/\",\"name\":\"Wojew\u00f3dzki Szpital Specjalistyczny im. \u015aw. Rafa\u0142a w Czerwonej G\u00f3rze\",\"description\":\"Wojew\u00f3dzki Szpital Specjalistyczny im. \u015aw. Rafa\u0142a w Czerwonej G\u00f3rze\",\"publisher\":{\"@id\":\"https:\\\/\\\/czerwonagora.pl\\\/#organization\"},\"potentialAction\":[{\"@type\":\"SearchAction\",\"target\":{\"@type\":\"EntryPoint\",\"urlTemplate\":\"https:\\\/\\\/czerwonagora.pl\\\/?s={search_term_string}\"},\"query-input\":{\"@type\":\"PropertyValueSpecification\",\"valueRequired\":true,\"valueName\":\"search_term_string\"}}],\"inLanguage\":\"pl-PL\"},{\"@type\":\"Organization\",\"@id\":\"https:\\\/\\\/czerwonagora.pl\\\/#organization\",\"name\":\"Wojew\u00f3dzki Szpital Specjalistyczny im. \u015aw. Rafa\u0142a w Czerwonej G\u00f3rze\",\"url\":\"https:\\\/\\\/czerwonagora.pl\\\/\",\"logo\":{\"@type\":\"ImageObject\",\"inLanguage\":\"pl-PL\",\"@id\":\"https:\\\/\\\/czerwonagora.pl\\\/#\\\/schema\\\/logo\\\/image\\\/\",\"url\":\"https:\\\/\\\/czerwonagora.pl\\\/wp-content\\\/uploads\\\/2021\\\/06\\\/Logo-WSS-DUZE-transparentne.png\",\"contentUrl\":\"https:\\\/\\\/czerwonagora.pl\\\/wp-content\\\/uploads\\\/2021\\\/06\\\/Logo-WSS-DUZE-transparentne.png\",\"width\":4210,\"height\":2975,\"caption\":\"Wojew\u00f3dzki Szpital Specjalistyczny im. \u015aw. Rafa\u0142a w Czerwonej G\u00f3rze\"},\"image\":{\"@id\":\"https:\\\/\\\/czerwonagora.pl\\\/#\\\/schema\\\/logo\\\/image\\\/\"},\"sameAs\":[\"https:\\\/\\\/www.facebook.com\\\/SzpitalCzerwonaGora\\\/\"]},{\"@type\":\"Person\",\"@id\":\"https:\\\/\\\/czerwonagora.pl\\\/#\\\/schema\\\/person\\\/8b70983499a382afa6978e88bcfde1b8\",\"name\":\"Jan Anderman\",\"image\":{\"@type\":\"ImageObject\",\"inLanguage\":\"pl-PL\",\"@id\":\"https:\\\/\\\/czerwonagora.pl\\\/wp-content\\\/litespeed\\\/avatar\\\/d5bc867d497b251469db97f076802c5f.jpg?ver=1777380281\",\"url\":\"https:\\\/\\\/czerwonagora.pl\\\/wp-content\\\/litespeed\\\/avatar\\\/d5bc867d497b251469db97f076802c5f.jpg?ver=1777380281\",\"contentUrl\":\"https:\\\/\\\/czerwonagora.pl\\\/wp-content\\\/litespeed\\\/avatar\\\/d5bc867d497b251469db97f076802c5f.jpg?ver=1777380281\",\"caption\":\"Jan Anderman\"},\"url\":\"https:\\\/\\\/czerwonagora.pl\\\/index.php\\\/author\\\/anderman\\\/\"}]}<\/script>\n<!-- \/ Yoast SEO plugin. -->","yoast_head_json":{"title":"Og\u0142oszenie o naborze na stanowisko Piel\u0119gniarki Epidemiologicznej - Wojew\u00f3dzki Szpital Specjalistyczny im. \u015aw. Rafa\u0142a w Czerwonej G\u00f3rze","robots":{"index":"index","follow":"follow","max-snippet":"max-snippet:-1","max-image-preview":"max-image-preview:large","max-video-preview":"max-video-preview:-1"},"canonical":"https:\/\/czerwonagora.pl\/index.php\/2023\/05\/30\/ogloszenie-o-naborze-na-stanowisko-pielegniarki-epidemiologicznej-2\/","og_locale":"pl_PL","og_type":"article","og_title":"Og\u0142oszenie o naborze na stanowisko Piel\u0119gniarki Epidemiologicznej - Wojew\u00f3dzki Szpital Specjalistyczny im. \u015aw. Rafa\u0142a w Czerwonej G\u00f3rze","og_description":"Dyrektor Wojew\u00f3dzkiego Szpitala Specjalistycznego im. \u015bw. Rafa\u0142a w Czerwonej G\u00f3rze og\u0142asza nab\u00f3r na stanowisko Piel\u0119gniarki Epidemiologicznej Forma zatrudnienia: Umowa o prac\u0119, pe\u0142ny wymiar etatu, liczba stanowisk pracy: 1 Wymagania zwi\u0105zane ze stanowiskiem pracy: Wykszta\u0142cenie wy\u017csze na kierunku piel\u0119gniarstwo, Specjalizacja w dziedzinie piel\u0119gniarstwa epidemiologicznego, Aktualne prawo wykonywania zawodu, Umiej\u0119tno\u015b\u0107 pracy w zespole, dok\u0142adno\u015b\u0107, obowi\u0105zkowo\u015b\u0107, komunikatywno\u015b\u0107, odporno\u015b\u0107 [&hellip;]","og_url":"https:\/\/czerwonagora.pl\/index.php\/2023\/05\/30\/ogloszenie-o-naborze-na-stanowisko-pielegniarki-epidemiologicznej-2\/","og_site_name":"Wojew\u00f3dzki Szpital Specjalistyczny im. \u015aw. Rafa\u0142a w Czerwonej G\u00f3rze","article_publisher":"https:\/\/www.facebook.com\/SzpitalCzerwonaGora\/","article_published_time":"2023-05-30T05:47:50+00:00","article_modified_time":"2023-05-30T05:49:09+00:00","og_image":[{"width":803,"height":360,"url":"https:\/\/czerwonagora.pl\/wp-content\/uploads\/2021\/07\/Oferta_pracy_pielegniarka.jpg","type":"image\/jpeg"}],"author":"Jan Anderman","twitter_card":"summary_large_image","twitter_misc":{"Napisane przez":"Jan Anderman","Szacowany czas czytania":"4 minuty"},"schema":{"@context":"https:\/\/schema.org","@graph":[{"@type":"Article","@id":"https:\/\/czerwonagora.pl\/index.php\/2023\/05\/30\/ogloszenie-o-naborze-na-stanowisko-pielegniarki-epidemiologicznej-2\/#article","isPartOf":{"@id":"https:\/\/czerwonagora.pl\/index.php\/2023\/05\/30\/ogloszenie-o-naborze-na-stanowisko-pielegniarki-epidemiologicznej-2\/"},"author":{"name":"Jan Anderman","@id":"https:\/\/czerwonagora.pl\/#\/schema\/person\/8b70983499a382afa6978e88bcfde1b8"},"headline":"Og\u0142oszenie o naborze na stanowisko Piel\u0119gniarki Epidemiologicznej","datePublished":"2023-05-30T05:47:50+00:00","dateModified":"2023-05-30T05:49:09+00:00","mainEntityOfPage":{"@id":"https:\/\/czerwonagora.pl\/index.php\/2023\/05\/30\/ogloszenie-o-naborze-na-stanowisko-pielegniarki-epidemiologicznej-2\/"},"wordCount":719,"publisher":{"@id":"https:\/\/czerwonagora.pl\/#organization"},"image":{"@id":"https:\/\/czerwonagora.pl\/index.php\/2023\/05\/30\/ogloszenie-o-naborze-na-stanowisko-pielegniarki-epidemiologicznej-2\/#primaryimage"},"thumbnailUrl":"https:\/\/czerwonagora.pl\/wp-content\/uploads\/2021\/07\/Oferta_pracy_pielegniarka.jpg","articleSection":["Oferty pracy"],"inLanguage":"pl-PL"},{"@type":"WebPage","@id":"https:\/\/czerwonagora.pl\/index.php\/2023\/05\/30\/ogloszenie-o-naborze-na-stanowisko-pielegniarki-epidemiologicznej-2\/","url":"https:\/\/czerwonagora.pl\/index.php\/2023\/05\/30\/ogloszenie-o-naborze-na-stanowisko-pielegniarki-epidemiologicznej-2\/","name":"Og\u0142oszenie o naborze na stanowisko Piel\u0119gniarki Epidemiologicznej - Wojew\u00f3dzki Szpital Specjalistyczny im. \u015aw. Rafa\u0142a w Czerwonej G\u00f3rze","isPartOf":{"@id":"https:\/\/czerwonagora.pl\/#website"},"primaryImageOfPage":{"@id":"https:\/\/czerwonagora.pl\/index.php\/2023\/05\/30\/ogloszenie-o-naborze-na-stanowisko-pielegniarki-epidemiologicznej-2\/#primaryimage"},"image":{"@id":"https:\/\/czerwonagora.pl\/index.php\/2023\/05\/30\/ogloszenie-o-naborze-na-stanowisko-pielegniarki-epidemiologicznej-2\/#primaryimage"},"thumbnailUrl":"https:\/\/czerwonagora.pl\/wp-content\/uploads\/2021\/07\/Oferta_pracy_pielegniarka.jpg","datePublished":"2023-05-30T05:47:50+00:00","dateModified":"2023-05-30T05:49:09+00:00","breadcrumb":{"@id":"https:\/\/czerwonagora.pl\/index.php\/2023\/05\/30\/ogloszenie-o-naborze-na-stanowisko-pielegniarki-epidemiologicznej-2\/#breadcrumb"},"inLanguage":"pl-PL","potentialAction":[{"@type":"ReadAction","target":["https:\/\/czerwonagora.pl\/index.php\/2023\/05\/30\/ogloszenie-o-naborze-na-stanowisko-pielegniarki-epidemiologicznej-2\/"]}]},{"@type":"ImageObject","inLanguage":"pl-PL","@id":"https:\/\/czerwonagora.pl\/index.php\/2023\/05\/30\/ogloszenie-o-naborze-na-stanowisko-pielegniarki-epidemiologicznej-2\/#primaryimage","url":"https:\/\/czerwonagora.pl\/wp-content\/uploads\/2021\/07\/Oferta_pracy_pielegniarka.jpg","contentUrl":"https:\/\/czerwonagora.pl\/wp-content\/uploads\/2021\/07\/Oferta_pracy_pielegniarka.jpg","width":803,"height":360,"caption":"logo na niebieskim tle na kt\u00f3rym znajduja sie dwie osoby ubrana na bia\u0142o oraz tekstem koloru bia\u0142ego Oferta Pracy"},{"@type":"BreadcrumbList","@id":"https:\/\/czerwonagora.pl\/index.php\/2023\/05\/30\/ogloszenie-o-naborze-na-stanowisko-pielegniarki-epidemiologicznej-2\/#breadcrumb","itemListElement":[{"@type":"ListItem","position":1,"name":"Strona g\u0142\u00f3wna","item":"https:\/\/czerwonagora.pl\/"},{"@type":"ListItem","position":2,"name":"Og\u0142oszenie o naborze na stanowisko Piel\u0119gniarki Epidemiologicznej"}]},{"@type":"WebSite","@id":"https:\/\/czerwonagora.pl\/#website","url":"https:\/\/czerwonagora.pl\/","name":"Wojew\u00f3dzki Szpital Specjalistyczny im. \u015aw. Rafa\u0142a w Czerwonej G\u00f3rze","description":"Wojew\u00f3dzki Szpital Specjalistyczny im. \u015aw. Rafa\u0142a w Czerwonej G\u00f3rze","publisher":{"@id":"https:\/\/czerwonagora.pl\/#organization"},"potentialAction":[{"@type":"SearchAction","target":{"@type":"EntryPoint","urlTemplate":"https:\/\/czerwonagora.pl\/?s={search_term_string}"},"query-input":{"@type":"PropertyValueSpecification","valueRequired":true,"valueName":"search_term_string"}}],"inLanguage":"pl-PL"},{"@type":"Organization","@id":"https:\/\/czerwonagora.pl\/#organization","name":"Wojew\u00f3dzki Szpital Specjalistyczny im. \u015aw. Rafa\u0142a w Czerwonej G\u00f3rze","url":"https:\/\/czerwonagora.pl\/","logo":{"@type":"ImageObject","inLanguage":"pl-PL","@id":"https:\/\/czerwonagora.pl\/#\/schema\/logo\/image\/","url":"https:\/\/czerwonagora.pl\/wp-content\/uploads\/2021\/06\/Logo-WSS-DUZE-transparentne.png","contentUrl":"https:\/\/czerwonagora.pl\/wp-content\/uploads\/2021\/06\/Logo-WSS-DUZE-transparentne.png","width":4210,"height":2975,"caption":"Wojew\u00f3dzki Szpital Specjalistyczny im. \u015aw. Rafa\u0142a w Czerwonej G\u00f3rze"},"image":{"@id":"https:\/\/czerwonagora.pl\/#\/schema\/logo\/image\/"},"sameAs":["https:\/\/www.facebook.com\/SzpitalCzerwonaGora\/"]},{"@type":"Person","@id":"https:\/\/czerwonagora.pl\/#\/schema\/person\/8b70983499a382afa6978e88bcfde1b8","name":"Jan Anderman","image":{"@type":"ImageObject","inLanguage":"pl-PL","@id":"https:\/\/czerwonagora.pl\/wp-content\/litespeed\/avatar\/d5bc867d497b251469db97f076802c5f.jpg?ver=1777380281","url":"https:\/\/czerwonagora.pl\/wp-content\/litespeed\/avatar\/d5bc867d497b251469db97f076802c5f.jpg?ver=1777380281","contentUrl":"https:\/\/czerwonagora.pl\/wp-content\/litespeed\/avatar\/d5bc867d497b251469db97f076802c5f.jpg?ver=1777380281","caption":"Jan Anderman"},"url":"https:\/\/czerwonagora.pl\/index.php\/author\/anderman\/"}]}},"publishpress_future_action":{"enabled":false,"date":"2026-05-08 21:20:27","action":"change-status","newStatus":"draft","terms":[],"taxonomy":"category","extraData":[]},"publishpress_future_workflow_manual_trigger":{"enabledWorkflows":[]},"_links":{"self":[{"href":"https:\/\/czerwonagora.pl\/index.php\/wp-json\/wp\/v2\/posts\/19203","targetHints":{"allow":["GET"]}}],"collection":[{"href":"https:\/\/czerwonagora.pl\/index.php\/wp-json\/wp\/v2\/posts"}],"about":[{"href":"https:\/\/czerwonagora.pl\/index.php\/wp-json\/wp\/v2\/types\/post"}],"author":[{"embeddable":true,"href":"https:\/\/czerwonagora.pl\/index.php\/wp-json\/wp\/v2\/users\/9"}],"replies":[{"embeddable":true,"href":"https:\/\/czerwonagora.pl\/index.php\/wp-json\/wp\/v2\/comments?post=19203"}],"version-history":[{"count":5,"href":"https:\/\/czerwonagora.pl\/index.php\/wp-json\/wp\/v2\/posts\/19203\/revisions"}],"predecessor-version":[{"id":19209,"href":"https:\/\/czerwonagora.pl\/index.php\/wp-json\/wp\/v2\/posts\/19203\/revisions\/19209"}],"wp:featuredmedia":[{"embeddable":true,"href":"https:\/\/czerwonagora.pl\/index.php\/wp-json\/wp\/v2\/media\/8638"}],"wp:attachment":[{"href":"https:\/\/czerwonagora.pl\/index.php\/wp-json\/wp\/v2\/media?parent=19203"}],"wp:term":[{"taxonomy":"category","embeddable":true,"href":"https:\/\/czerwonagora.pl\/index.php\/wp-json\/wp\/v2\/categories?post=19203"},{"taxonomy":"post_tag","embeddable":true,"href":"https:\/\/czerwonagora.pl\/index.php\/wp-json\/wp\/v2\/tags?post=19203"}],"curies":[{"name":"wp","href":"https:\/\/api.w.org\/{rel}","templated":true}]}}