{"id":19740,"date":"2023-10-16T12:09:34","date_gmt":"2023-10-16T10:09:34","guid":{"rendered":"https:\/\/czerwonagora.pl\/?p=19740"},"modified":"2023-10-16T12:09:35","modified_gmt":"2023-10-16T10:09:35","slug":"wojewoda-przekazal-deski-ortopedyczne-podmiotom-leczniczym","status":"publish","type":"post","link":"https:\/\/czerwonagora.pl\/index.php\/2023\/10\/16\/wojewoda-przekazal-deski-ortopedyczne-podmiotom-leczniczym\/","title":{"rendered":"Wojewoda przekaza\u0142 deski ortopedyczne podmiotom leczniczym"},"content":{"rendered":"\n<p><strong>W ramach obchod\u00f3w <\/strong>&#8222;<strong>Dnia Ratownika Medycznego&#8221; wojewoda \u015bwi\u0119tokrzyski Zbigniew Koniusz przekaza\u0142 nieodp\u0142atnie sprz\u0119t medyczny w postaci specjalistycznej deski ortopedycznej na rzecz Wojew\u00f3dzkiego Szpitala Specjalistycznego im. \u015aw. Rafa\u0142a w Czerwonej G\u00f3rze.<\/strong><\/p>\n\n\n\n<p>W pi\u0105tek, 13 pa\u017adziernika przed gmachem \u015awi\u0119tokrzyskiego Urz\u0119du Wojew\u00f3dzkiego w Kielcach odby\u0142a si\u0119 uroczysto\u015b\u0107, podczas kt\u00f3rej wojewoda Zbigniew Koniusz przekaza\u0142 nieodp\u0142atnie podmiotom leczniczym, gdzie funkcjonuj\u0105 szpitalne oddzia\u0142y ratunkowe lub izby przyj\u0119\u0107, specjalistyczny sprz\u0119t ratowniczy w postaci 23 desek ortopedycznych o warto\u015bci blisko 100 tys. z\u0142.<\/p>\n\n\n\n<figure class=\"wp-block-image size-large\"><img fetchpriority=\"high\" decoding=\"async\" width=\"768\" height=\"1024\" src=\"https:\/\/czerwonagora.pl\/wp-content\/uploads\/2023\/10\/20231013_091853-768x1024.jpg\" alt=\"\" class=\"wp-image-19742\" srcset=\"https:\/\/czerwonagora.pl\/wp-content\/uploads\/2023\/10\/20231013_091853-768x1024.jpg 768w, https:\/\/czerwonagora.pl\/wp-content\/uploads\/2023\/10\/20231013_091853-225x300.jpg 225w, https:\/\/czerwonagora.pl\/wp-content\/uploads\/2023\/10\/20231013_091853-1152x1536.jpg 1152w, https:\/\/czerwonagora.pl\/wp-content\/uploads\/2023\/10\/20231013_091853-1536x2048.jpg 1536w, https:\/\/czerwonagora.pl\/wp-content\/uploads\/2023\/10\/20231013_091853-scaled.jpg 1920w\" sizes=\"(max-width: 768px) 100vw, 768px\" \/><\/figure>\n\n\n\n<p>Jedna z desek trafi\u0142a do Wojew\u00f3dzkiego Szpitala Specjalistycznego im. \u015aw. Rafa\u0142a w Czerwonej G\u00f3rze. Sprz\u0119t z r\u0105k wojewody odebra\u0142a zast\u0119pca dyrektora ds. plan\u00f3w i finans\u00f3w Emilia Jaworska.<\/p>\n\n\n\n<p>Z przeprowadzonej przez s\u0142u\u017cby wojewody analizy wynika, \u017ce aktualna liczba desek ortopedycznych, kt\u00f3rymi dysponuj\u0105 szpitalne oddzia\u0142y ratunkowe oraz izby przyj\u0119\u0107 w podmiotach leczniczych wsp\u00f3\u0142pracuj\u0105cych z zespo\u0142ami ratownictwa medycznego z terenu wojew\u00f3dztwa \u015bwi\u0119tokrzyskiego, jest niewystarczaj\u0105ca w sytuacjach wyst\u0105pienia zagro\u017ce\u0144 o r\u00f3\u017cnym charakterze, a szczeg\u00f3lnie w przypadku zdarze\u0144 z du\u017c\u0105 liczb\u0105 poszkodowanych.<\/p>\n","protected":false},"excerpt":{"rendered":"<p>W ramach obchod\u00f3w &#8222;Dnia Ratownika Medycznego&#8221; wojewoda \u015bwi\u0119tokrzyski Zbigniew Koniusz przekaza\u0142 nieodp\u0142atnie sprz\u0119t medyczny w postaci specjalistycznej deski ortopedycznej na rzecz Wojew\u00f3dzkiego Szpitala Specjalistycznego im. \u015aw. Rafa\u0142a w Czerwonej G\u00f3rze. W pi\u0105tek, 13 pa\u017adziernika przed gmachem \u015awi\u0119tokrzyskiego Urz\u0119du Wojew\u00f3dzkiego w Kielcach odby\u0142a si\u0119 uroczysto\u015b\u0107, podczas kt\u00f3rej wojewoda Zbigniew Koniusz przekaza\u0142 nieodp\u0142atnie podmiotom leczniczym, gdzie funkcjonuj\u0105 [&hellip;]<\/p>\n","protected":false},"author":8,"featured_media":19741,"comment_status":"closed","ping_status":"closed","sticky":false,"template":"","format":"standard","meta":{"zakra_page_container_layout":"customizer","zakra_page_sidebar_layout":"customizer","zakra_remove_content_margin":false,"zakra_sidebar":"customizer","zakra_transparent_header":"customizer","zakra_logo":0,"zakra_main_header_style":"default","zakra_menu_item_color":"","zakra_menu_item_hover_color":"","zakra_menu_item_active_color":"","zakra_menu_active_style":"","zakra_page_header":true,"footnotes":""},"categories":[39],"tags":[],"class_list":["post-19740","post","type-post","status-publish","format-standard","has-post-thumbnail","hentry","category-aktualnosci"],"yoast_head":"<!-- This site is optimized with the Yoast SEO plugin v27.4 - https:\/\/yoast.com\/product\/yoast-seo-wordpress\/ -->\n<title>Deska ortopedyczna dla szpitala w Czerwonej G\u00f3rze<\/title>\n<meta name=\"description\" content=\"Wojewoda \u015bwi\u0119tokrzyski Zbigniew Koniusz przekaza\u0142 nieodp\u0142atnie desk\u0119 ortopedyczn\u0105 na rzecz Wojew\u00f3dzkiego Szpitala Specjalistycznego im. \u015aw. Rafa\u0142a w Czerwonej G\u00f3rze.\" \/>\n<meta name=\"robots\" content=\"index, follow, max-snippet:-1, max-image-preview:large, max-video-preview:-1\" \/>\n<link rel=\"canonical\" href=\"https:\/\/czerwonagora.pl\/index.php\/2023\/10\/16\/wojewoda-przekazal-deski-ortopedyczne-podmiotom-leczniczym\/\" \/>\n<meta property=\"og:locale\" content=\"pl_PL\" \/>\n<meta property=\"og:type\" content=\"article\" \/>\n<meta property=\"og:title\" content=\"Deska ortopedyczna dla szpitala w Czerwonej G\u00f3rze\" \/>\n<meta property=\"og:description\" content=\"Wojewoda \u015bwi\u0119tokrzyski Zbigniew Koniusz przekaza\u0142 nieodp\u0142atnie desk\u0119 ortopedyczn\u0105 na rzecz Wojew\u00f3dzkiego Szpitala Specjalistycznego im. \u015aw. Rafa\u0142a w Czerwonej G\u00f3rze.\" \/>\n<meta property=\"og:url\" content=\"https:\/\/czerwonagora.pl\/index.php\/2023\/10\/16\/wojewoda-przekazal-deski-ortopedyczne-podmiotom-leczniczym\/\" \/>\n<meta property=\"og:site_name\" content=\"Wojew\u00f3dzki Szpital Specjalistyczny im. \u015aw. Rafa\u0142a w Czerwonej G\u00f3rze\" \/>\n<meta property=\"article:publisher\" content=\"https:\/\/www.facebook.com\/SzpitalCzerwonaGora\/\" \/>\n<meta property=\"article:published_time\" content=\"2023-10-16T10:09:34+00:00\" \/>\n<meta property=\"article:modified_time\" content=\"2023-10-16T10:09:35+00:00\" \/>\n<meta property=\"og:image\" content=\"https:\/\/czerwonagora.pl\/wp-content\/uploads\/2023\/10\/1-48817.jpg\" \/>\n\t<meta property=\"og:image:width\" content=\"900\" \/>\n\t<meta property=\"og:image:height\" content=\"602\" \/>\n\t<meta property=\"og:image:type\" content=\"image\/jpeg\" \/>\n<meta name=\"author\" content=\"Pawe\u0142 Wi\u0119cek\" \/>\n<meta name=\"twitter:card\" content=\"summary_large_image\" \/>\n<meta name=\"twitter:label1\" content=\"Napisane przez\" \/>\n\t<meta name=\"twitter:data1\" content=\"Pawe\u0142 Wi\u0119cek\" \/>\n\t<meta name=\"twitter:label2\" content=\"Szacowany czas czytania\" \/>\n\t<meta name=\"twitter:data2\" content=\"2 minuty\" \/>\n<script type=\"application\/ld+json\" class=\"yoast-schema-graph\">{\"@context\":\"https:\\\/\\\/schema.org\",\"@graph\":[{\"@type\":\"Article\",\"@id\":\"https:\\\/\\\/czerwonagora.pl\\\/index.php\\\/2023\\\/10\\\/16\\\/wojewoda-przekazal-deski-ortopedyczne-podmiotom-leczniczym\\\/#article\",\"isPartOf\":{\"@id\":\"https:\\\/\\\/czerwonagora.pl\\\/index.php\\\/2023\\\/10\\\/16\\\/wojewoda-przekazal-deski-ortopedyczne-podmiotom-leczniczym\\\/\"},\"author\":{\"name\":\"Pawe\u0142 Wi\u0119cek\",\"@id\":\"https:\\\/\\\/czerwonagora.pl\\\/#\\\/schema\\\/person\\\/8a59ddcbab34628c327513f8d1cd204d\"},\"headline\":\"Wojewoda przekaza\u0142 deski ortopedyczne podmiotom leczniczym\",\"datePublished\":\"2023-10-16T10:09:34+00:00\",\"dateModified\":\"2023-10-16T10:09:35+00:00\",\"mainEntityOfPage\":{\"@id\":\"https:\\\/\\\/czerwonagora.pl\\\/index.php\\\/2023\\\/10\\\/16\\\/wojewoda-przekazal-deski-ortopedyczne-podmiotom-leczniczym\\\/\"},\"wordCount\":197,\"publisher\":{\"@id\":\"https:\\\/\\\/czerwonagora.pl\\\/#organization\"},\"image\":{\"@id\":\"https:\\\/\\\/czerwonagora.pl\\\/index.php\\\/2023\\\/10\\\/16\\\/wojewoda-przekazal-deski-ortopedyczne-podmiotom-leczniczym\\\/#primaryimage\"},\"thumbnailUrl\":\"https:\\\/\\\/czerwonagora.pl\\\/wp-content\\\/uploads\\\/2023\\\/10\\\/1-48817.jpg\",\"articleSection\":[\"Aktualno\u015bci\"],\"inLanguage\":\"pl-PL\"},{\"@type\":\"WebPage\",\"@id\":\"https:\\\/\\\/czerwonagora.pl\\\/index.php\\\/2023\\\/10\\\/16\\\/wojewoda-przekazal-deski-ortopedyczne-podmiotom-leczniczym\\\/\",\"url\":\"https:\\\/\\\/czerwonagora.pl\\\/index.php\\\/2023\\\/10\\\/16\\\/wojewoda-przekazal-deski-ortopedyczne-podmiotom-leczniczym\\\/\",\"name\":\"Deska ortopedyczna dla szpitala w Czerwonej G\u00f3rze\",\"isPartOf\":{\"@id\":\"https:\\\/\\\/czerwonagora.pl\\\/#website\"},\"primaryImageOfPage\":{\"@id\":\"https:\\\/\\\/czerwonagora.pl\\\/index.php\\\/2023\\\/10\\\/16\\\/wojewoda-przekazal-deski-ortopedyczne-podmiotom-leczniczym\\\/#primaryimage\"},\"image\":{\"@id\":\"https:\\\/\\\/czerwonagora.pl\\\/index.php\\\/2023\\\/10\\\/16\\\/wojewoda-przekazal-deski-ortopedyczne-podmiotom-leczniczym\\\/#primaryimage\"},\"thumbnailUrl\":\"https:\\\/\\\/czerwonagora.pl\\\/wp-content\\\/uploads\\\/2023\\\/10\\\/1-48817.jpg\",\"datePublished\":\"2023-10-16T10:09:34+00:00\",\"dateModified\":\"2023-10-16T10:09:35+00:00\",\"description\":\"Wojewoda \u015bwi\u0119tokrzyski Zbigniew Koniusz przekaza\u0142 nieodp\u0142atnie desk\u0119 ortopedyczn\u0105 na rzecz Wojew\u00f3dzkiego Szpitala Specjalistycznego im. \u015aw. Rafa\u0142a w Czerwonej G\u00f3rze.\",\"breadcrumb\":{\"@id\":\"https:\\\/\\\/czerwonagora.pl\\\/index.php\\\/2023\\\/10\\\/16\\\/wojewoda-przekazal-deski-ortopedyczne-podmiotom-leczniczym\\\/#breadcrumb\"},\"inLanguage\":\"pl-PL\",\"potentialAction\":[{\"@type\":\"ReadAction\",\"target\":[\"https:\\\/\\\/czerwonagora.pl\\\/index.php\\\/2023\\\/10\\\/16\\\/wojewoda-przekazal-deski-ortopedyczne-podmiotom-leczniczym\\\/\"]}]},{\"@type\":\"ImageObject\",\"inLanguage\":\"pl-PL\",\"@id\":\"https:\\\/\\\/czerwonagora.pl\\\/index.php\\\/2023\\\/10\\\/16\\\/wojewoda-przekazal-deski-ortopedyczne-podmiotom-leczniczym\\\/#primaryimage\",\"url\":\"https:\\\/\\\/czerwonagora.pl\\\/wp-content\\\/uploads\\\/2023\\\/10\\\/1-48817.jpg\",\"contentUrl\":\"https:\\\/\\\/czerwonagora.pl\\\/wp-content\\\/uploads\\\/2023\\\/10\\\/1-48817.jpg\",\"width\":900,\"height\":602},{\"@type\":\"BreadcrumbList\",\"@id\":\"https:\\\/\\\/czerwonagora.pl\\\/index.php\\\/2023\\\/10\\\/16\\\/wojewoda-przekazal-deski-ortopedyczne-podmiotom-leczniczym\\\/#breadcrumb\",\"itemListElement\":[{\"@type\":\"ListItem\",\"position\":1,\"name\":\"Strona g\u0142\u00f3wna\",\"item\":\"https:\\\/\\\/czerwonagora.pl\\\/\"},{\"@type\":\"ListItem\",\"position\":2,\"name\":\"Wojewoda przekaza\u0142 deski ortopedyczne podmiotom leczniczym\"}]},{\"@type\":\"WebSite\",\"@id\":\"https:\\\/\\\/czerwonagora.pl\\\/#website\",\"url\":\"https:\\\/\\\/czerwonagora.pl\\\/\",\"name\":\"Wojew\u00f3dzki Szpital Specjalistyczny im. \u015aw. Rafa\u0142a w Czerwonej G\u00f3rze\",\"description\":\"Wojew\u00f3dzki Szpital Specjalistyczny im. \u015aw. Rafa\u0142a w Czerwonej G\u00f3rze\",\"publisher\":{\"@id\":\"https:\\\/\\\/czerwonagora.pl\\\/#organization\"},\"potentialAction\":[{\"@type\":\"SearchAction\",\"target\":{\"@type\":\"EntryPoint\",\"urlTemplate\":\"https:\\\/\\\/czerwonagora.pl\\\/?s={search_term_string}\"},\"query-input\":{\"@type\":\"PropertyValueSpecification\",\"valueRequired\":true,\"valueName\":\"search_term_string\"}}],\"inLanguage\":\"pl-PL\"},{\"@type\":\"Organization\",\"@id\":\"https:\\\/\\\/czerwonagora.pl\\\/#organization\",\"name\":\"Wojew\u00f3dzki Szpital Specjalistyczny im. \u015aw. Rafa\u0142a w Czerwonej G\u00f3rze\",\"url\":\"https:\\\/\\\/czerwonagora.pl\\\/\",\"logo\":{\"@type\":\"ImageObject\",\"inLanguage\":\"pl-PL\",\"@id\":\"https:\\\/\\\/czerwonagora.pl\\\/#\\\/schema\\\/logo\\\/image\\\/\",\"url\":\"https:\\\/\\\/czerwonagora.pl\\\/wp-content\\\/uploads\\\/2021\\\/06\\\/Logo-WSS-DUZE-transparentne.png\",\"contentUrl\":\"https:\\\/\\\/czerwonagora.pl\\\/wp-content\\\/uploads\\\/2021\\\/06\\\/Logo-WSS-DUZE-transparentne.png\",\"width\":4210,\"height\":2975,\"caption\":\"Wojew\u00f3dzki Szpital Specjalistyczny im. \u015aw. Rafa\u0142a w Czerwonej G\u00f3rze\"},\"image\":{\"@id\":\"https:\\\/\\\/czerwonagora.pl\\\/#\\\/schema\\\/logo\\\/image\\\/\"},\"sameAs\":[\"https:\\\/\\\/www.facebook.com\\\/SzpitalCzerwonaGora\\\/\"]},{\"@type\":\"Person\",\"@id\":\"https:\\\/\\\/czerwonagora.pl\\\/#\\\/schema\\\/person\\\/8a59ddcbab34628c327513f8d1cd204d\",\"name\":\"Pawe\u0142 Wi\u0119cek\",\"image\":{\"@type\":\"ImageObject\",\"inLanguage\":\"pl-PL\",\"@id\":\"https:\\\/\\\/czerwonagora.pl\\\/wp-content\\\/litespeed\\\/avatar\\\/63e21f6535ac26580501c1127a4e1775.jpg?ver=1777380282\",\"url\":\"https:\\\/\\\/czerwonagora.pl\\\/wp-content\\\/litespeed\\\/avatar\\\/63e21f6535ac26580501c1127a4e1775.jpg?ver=1777380282\",\"contentUrl\":\"https:\\\/\\\/czerwonagora.pl\\\/wp-content\\\/litespeed\\\/avatar\\\/63e21f6535ac26580501c1127a4e1775.jpg?ver=1777380282\",\"caption\":\"Pawe\u0142 Wi\u0119cek\"},\"sameAs\":[\"http:\\\/\\\/www.czerwonagora.pl\"],\"url\":\"https:\\\/\\\/czerwonagora.pl\\\/index.php\\\/author\\\/wiecek\\\/\"}]}<\/script>\n<!-- \/ Yoast SEO plugin. -->","yoast_head_json":{"title":"Deska ortopedyczna dla szpitala w Czerwonej G\u00f3rze","description":"Wojewoda \u015bwi\u0119tokrzyski Zbigniew Koniusz przekaza\u0142 nieodp\u0142atnie desk\u0119 ortopedyczn\u0105 na rzecz Wojew\u00f3dzkiego Szpitala Specjalistycznego im. \u015aw. Rafa\u0142a w Czerwonej G\u00f3rze.","robots":{"index":"index","follow":"follow","max-snippet":"max-snippet:-1","max-image-preview":"max-image-preview:large","max-video-preview":"max-video-preview:-1"},"canonical":"https:\/\/czerwonagora.pl\/index.php\/2023\/10\/16\/wojewoda-przekazal-deski-ortopedyczne-podmiotom-leczniczym\/","og_locale":"pl_PL","og_type":"article","og_title":"Deska ortopedyczna dla szpitala w Czerwonej G\u00f3rze","og_description":"Wojewoda \u015bwi\u0119tokrzyski Zbigniew Koniusz przekaza\u0142 nieodp\u0142atnie desk\u0119 ortopedyczn\u0105 na rzecz Wojew\u00f3dzkiego Szpitala Specjalistycznego im. \u015aw. Rafa\u0142a w Czerwonej G\u00f3rze.","og_url":"https:\/\/czerwonagora.pl\/index.php\/2023\/10\/16\/wojewoda-przekazal-deski-ortopedyczne-podmiotom-leczniczym\/","og_site_name":"Wojew\u00f3dzki Szpital Specjalistyczny im. \u015aw. Rafa\u0142a w Czerwonej G\u00f3rze","article_publisher":"https:\/\/www.facebook.com\/SzpitalCzerwonaGora\/","article_published_time":"2023-10-16T10:09:34+00:00","article_modified_time":"2023-10-16T10:09:35+00:00","og_image":[{"width":900,"height":602,"url":"https:\/\/czerwonagora.pl\/wp-content\/uploads\/2023\/10\/1-48817.jpg","type":"image\/jpeg"}],"author":"Pawe\u0142 Wi\u0119cek","twitter_card":"summary_large_image","twitter_misc":{"Napisane przez":"Pawe\u0142 Wi\u0119cek","Szacowany czas czytania":"2 minuty"},"schema":{"@context":"https:\/\/schema.org","@graph":[{"@type":"Article","@id":"https:\/\/czerwonagora.pl\/index.php\/2023\/10\/16\/wojewoda-przekazal-deski-ortopedyczne-podmiotom-leczniczym\/#article","isPartOf":{"@id":"https:\/\/czerwonagora.pl\/index.php\/2023\/10\/16\/wojewoda-przekazal-deski-ortopedyczne-podmiotom-leczniczym\/"},"author":{"name":"Pawe\u0142 Wi\u0119cek","@id":"https:\/\/czerwonagora.pl\/#\/schema\/person\/8a59ddcbab34628c327513f8d1cd204d"},"headline":"Wojewoda przekaza\u0142 deski ortopedyczne podmiotom leczniczym","datePublished":"2023-10-16T10:09:34+00:00","dateModified":"2023-10-16T10:09:35+00:00","mainEntityOfPage":{"@id":"https:\/\/czerwonagora.pl\/index.php\/2023\/10\/16\/wojewoda-przekazal-deski-ortopedyczne-podmiotom-leczniczym\/"},"wordCount":197,"publisher":{"@id":"https:\/\/czerwonagora.pl\/#organization"},"image":{"@id":"https:\/\/czerwonagora.pl\/index.php\/2023\/10\/16\/wojewoda-przekazal-deski-ortopedyczne-podmiotom-leczniczym\/#primaryimage"},"thumbnailUrl":"https:\/\/czerwonagora.pl\/wp-content\/uploads\/2023\/10\/1-48817.jpg","articleSection":["Aktualno\u015bci"],"inLanguage":"pl-PL"},{"@type":"WebPage","@id":"https:\/\/czerwonagora.pl\/index.php\/2023\/10\/16\/wojewoda-przekazal-deski-ortopedyczne-podmiotom-leczniczym\/","url":"https:\/\/czerwonagora.pl\/index.php\/2023\/10\/16\/wojewoda-przekazal-deski-ortopedyczne-podmiotom-leczniczym\/","name":"Deska ortopedyczna dla szpitala w Czerwonej G\u00f3rze","isPartOf":{"@id":"https:\/\/czerwonagora.pl\/#website"},"primaryImageOfPage":{"@id":"https:\/\/czerwonagora.pl\/index.php\/2023\/10\/16\/wojewoda-przekazal-deski-ortopedyczne-podmiotom-leczniczym\/#primaryimage"},"image":{"@id":"https:\/\/czerwonagora.pl\/index.php\/2023\/10\/16\/wojewoda-przekazal-deski-ortopedyczne-podmiotom-leczniczym\/#primaryimage"},"thumbnailUrl":"https:\/\/czerwonagora.pl\/wp-content\/uploads\/2023\/10\/1-48817.jpg","datePublished":"2023-10-16T10:09:34+00:00","dateModified":"2023-10-16T10:09:35+00:00","description":"Wojewoda \u015bwi\u0119tokrzyski Zbigniew Koniusz przekaza\u0142 nieodp\u0142atnie desk\u0119 ortopedyczn\u0105 na rzecz Wojew\u00f3dzkiego Szpitala Specjalistycznego im. \u015aw. Rafa\u0142a w Czerwonej G\u00f3rze.","breadcrumb":{"@id":"https:\/\/czerwonagora.pl\/index.php\/2023\/10\/16\/wojewoda-przekazal-deski-ortopedyczne-podmiotom-leczniczym\/#breadcrumb"},"inLanguage":"pl-PL","potentialAction":[{"@type":"ReadAction","target":["https:\/\/czerwonagora.pl\/index.php\/2023\/10\/16\/wojewoda-przekazal-deski-ortopedyczne-podmiotom-leczniczym\/"]}]},{"@type":"ImageObject","inLanguage":"pl-PL","@id":"https:\/\/czerwonagora.pl\/index.php\/2023\/10\/16\/wojewoda-przekazal-deski-ortopedyczne-podmiotom-leczniczym\/#primaryimage","url":"https:\/\/czerwonagora.pl\/wp-content\/uploads\/2023\/10\/1-48817.jpg","contentUrl":"https:\/\/czerwonagora.pl\/wp-content\/uploads\/2023\/10\/1-48817.jpg","width":900,"height":602},{"@type":"BreadcrumbList","@id":"https:\/\/czerwonagora.pl\/index.php\/2023\/10\/16\/wojewoda-przekazal-deski-ortopedyczne-podmiotom-leczniczym\/#breadcrumb","itemListElement":[{"@type":"ListItem","position":1,"name":"Strona g\u0142\u00f3wna","item":"https:\/\/czerwonagora.pl\/"},{"@type":"ListItem","position":2,"name":"Wojewoda przekaza\u0142 deski ortopedyczne podmiotom leczniczym"}]},{"@type":"WebSite","@id":"https:\/\/czerwonagora.pl\/#website","url":"https:\/\/czerwonagora.pl\/","name":"Wojew\u00f3dzki Szpital Specjalistyczny im. \u015aw. Rafa\u0142a w Czerwonej G\u00f3rze","description":"Wojew\u00f3dzki Szpital Specjalistyczny im. \u015aw. Rafa\u0142a w Czerwonej G\u00f3rze","publisher":{"@id":"https:\/\/czerwonagora.pl\/#organization"},"potentialAction":[{"@type":"SearchAction","target":{"@type":"EntryPoint","urlTemplate":"https:\/\/czerwonagora.pl\/?s={search_term_string}"},"query-input":{"@type":"PropertyValueSpecification","valueRequired":true,"valueName":"search_term_string"}}],"inLanguage":"pl-PL"},{"@type":"Organization","@id":"https:\/\/czerwonagora.pl\/#organization","name":"Wojew\u00f3dzki Szpital Specjalistyczny im. \u015aw. Rafa\u0142a w Czerwonej G\u00f3rze","url":"https:\/\/czerwonagora.pl\/","logo":{"@type":"ImageObject","inLanguage":"pl-PL","@id":"https:\/\/czerwonagora.pl\/#\/schema\/logo\/image\/","url":"https:\/\/czerwonagora.pl\/wp-content\/uploads\/2021\/06\/Logo-WSS-DUZE-transparentne.png","contentUrl":"https:\/\/czerwonagora.pl\/wp-content\/uploads\/2021\/06\/Logo-WSS-DUZE-transparentne.png","width":4210,"height":2975,"caption":"Wojew\u00f3dzki Szpital Specjalistyczny im. \u015aw. Rafa\u0142a w Czerwonej G\u00f3rze"},"image":{"@id":"https:\/\/czerwonagora.pl\/#\/schema\/logo\/image\/"},"sameAs":["https:\/\/www.facebook.com\/SzpitalCzerwonaGora\/"]},{"@type":"Person","@id":"https:\/\/czerwonagora.pl\/#\/schema\/person\/8a59ddcbab34628c327513f8d1cd204d","name":"Pawe\u0142 Wi\u0119cek","image":{"@type":"ImageObject","inLanguage":"pl-PL","@id":"https:\/\/czerwonagora.pl\/wp-content\/litespeed\/avatar\/63e21f6535ac26580501c1127a4e1775.jpg?ver=1777380282","url":"https:\/\/czerwonagora.pl\/wp-content\/litespeed\/avatar\/63e21f6535ac26580501c1127a4e1775.jpg?ver=1777380282","contentUrl":"https:\/\/czerwonagora.pl\/wp-content\/litespeed\/avatar\/63e21f6535ac26580501c1127a4e1775.jpg?ver=1777380282","caption":"Pawe\u0142 Wi\u0119cek"},"sameAs":["http:\/\/www.czerwonagora.pl"],"url":"https:\/\/czerwonagora.pl\/index.php\/author\/wiecek\/"}]}},"publishpress_future_action":{"enabled":false,"date":"2026-05-05 21:05:23","action":"change-status","newStatus":"draft","terms":[],"taxonomy":"category","extraData":[]},"publishpress_future_workflow_manual_trigger":{"enabledWorkflows":[]},"_links":{"self":[{"href":"https:\/\/czerwonagora.pl\/index.php\/wp-json\/wp\/v2\/posts\/19740","targetHints":{"allow":["GET"]}}],"collection":[{"href":"https:\/\/czerwonagora.pl\/index.php\/wp-json\/wp\/v2\/posts"}],"about":[{"href":"https:\/\/czerwonagora.pl\/index.php\/wp-json\/wp\/v2\/types\/post"}],"author":[{"embeddable":true,"href":"https:\/\/czerwonagora.pl\/index.php\/wp-json\/wp\/v2\/users\/8"}],"replies":[{"embeddable":true,"href":"https:\/\/czerwonagora.pl\/index.php\/wp-json\/wp\/v2\/comments?post=19740"}],"version-history":[{"count":1,"href":"https:\/\/czerwonagora.pl\/index.php\/wp-json\/wp\/v2\/posts\/19740\/revisions"}],"predecessor-version":[{"id":19743,"href":"https:\/\/czerwonagora.pl\/index.php\/wp-json\/wp\/v2\/posts\/19740\/revisions\/19743"}],"wp:featuredmedia":[{"embeddable":true,"href":"https:\/\/czerwonagora.pl\/index.php\/wp-json\/wp\/v2\/media\/19741"}],"wp:attachment":[{"href":"https:\/\/czerwonagora.pl\/index.php\/wp-json\/wp\/v2\/media?parent=19740"}],"wp:term":[{"taxonomy":"category","embeddable":true,"href":"https:\/\/czerwonagora.pl\/index.php\/wp-json\/wp\/v2\/categories?post=19740"},{"taxonomy":"post_tag","embeddable":true,"href":"https:\/\/czerwonagora.pl\/index.php\/wp-json\/wp\/v2\/tags?post=19740"}],"curies":[{"name":"wp","href":"https:\/\/api.w.org\/{rel}","templated":true}]}}