{"id":20180,"date":"2023-11-22T12:41:52","date_gmt":"2023-11-22T11:41:52","guid":{"rendered":"https:\/\/czerwonagora.pl\/?p=20180"},"modified":"2023-11-22T12:41:53","modified_gmt":"2023-11-22T11:41:53","slug":"szpital-w-czerwonej-gorze-wprowadzi-kolejne-nowoczesne-rozwiazania-cyfrowe","status":"publish","type":"post","link":"https:\/\/czerwonagora.pl\/index.php\/2023\/11\/22\/szpital-w-czerwonej-gorze-wprowadzi-kolejne-nowoczesne-rozwiazania-cyfrowe\/","title":{"rendered":"Szpital w Czerwonej G\u00f3rze wprowadzi kolejne nowoczesne rozwi\u0105zania cyfrowe"},"content":{"rendered":"\n<p><strong>Wojew\u00f3dzki Szpital Specjalistyczny im. \u015aw. Rafa\u0142a w Czerwonej G\u00f3rze przyst\u0105pi\u0142 do projektu &#8222;InPlaMed-II&#8221; zwi\u0105zanego z dalsz\u0105 informatyzacj\u0105 plac\u00f3wek medycznych w wojew\u00f3dztwie \u015bwi\u0119tokrzyskim. Dyrektor Youssef Sleiman podpisa\u0142 w tej sprawie umow\u0119 o partnerstwie z marsza\u0142kiem Andrzejem B\u0119tkowskim oraz wicemarsza\u0142kiem Markiem Bogus\u0142awskim. <\/strong> <\/p>\n\n\n\n<figure class=\"wp-block-image size-full\"><img fetchpriority=\"high\" decoding=\"async\" width=\"1024\" height=\"683\" src=\"https:\/\/czerwonagora.pl\/wp-content\/uploads\/2023\/11\/inplamed.jpg\" alt=\"\" class=\"wp-image-20181\" srcset=\"https:\/\/czerwonagora.pl\/wp-content\/uploads\/2023\/11\/inplamed.jpg 1024w, https:\/\/czerwonagora.pl\/wp-content\/uploads\/2023\/11\/inplamed-300x200.jpg 300w, https:\/\/czerwonagora.pl\/wp-content\/uploads\/2023\/11\/inplamed-768x512.jpg 768w\" sizes=\"(max-width: 1024px) 100vw, 1024px\" \/><\/figure>\n\n\n\n<p>We wtorek podczas konferencji zorganizowanej w Regionalnym Centrum Naukowo-Technologicznym w Podzamczu podsumowano 5 lat realizacji projektu &#8222;Informatyzacja Plac\u00f3wek Medycznych Wojew\u00f3dztwa \u015awi\u0119tokrzyskiego&#8221;. Dzi\u0119ki unijnemu wsparciu finansowemu o warto\u015bci ponad 57 mln z\u0142 wprowadzono nowoczesne cyfrowe rozwi\u0105zania w 20 plac\u00f3wkach medycznych w regionie, w tym w Wojew\u00f3dzkim Szpitalu Specjalistycznym im. \u015aw. Rafa\u0142a w Czerwonej G\u00f3rze. <\/p>\n\n\n\n<p>W ramach projektu w plac\u00f3wkach zdrowotnych rozbudowano serwerownie, zapewniaj\u0105c mo\u017cliwo\u015b\u0107 gromadzenia i przechowywania danych medycznych w formie elektronicznej. Zakupiono serwery, macierze, urz\u0105dzenia zabezpieczaj\u0105ce i monitoruj\u0105ce sie\u0107 i systemy, urz\u0105dzenia zapewniaj\u0105ce bezpiecze\u0144stwo przechowywania danych, backup\u00f3w i archiwizacji. Zakupiono r\u00f3wnie\u017c urz\u0105dzenia zapewniaj\u0105ce utrzymanie pracy system\u00f3w w przypadku awarii oraz agregaty pr\u0105dotw\u00f3rcze. R\u00f3wnoleg\u0142ym dzia\u0142aniem by\u0142o wdro\u017cenie nowych lub rozbudowa istniej\u0105cych system\u00f3w informatycznych, wspieraj\u0105cych obs\u0142ug\u0119 pacjent\u00f3w i prac\u0119 podmiot\u00f3w leczniczych, radiologiczne systemy informacyjne, systemy transmisji obraz\u00f3w, systemy laboratoryjne, obiegu dokument\u00f3w. Tam gdzie by\u0142a taka potrzeba i mo\u017cliwo\u015bci techniczne, nast\u0105pi\u0142o ucyfrowienie posiadanych urz\u0105dze\u0144 diagnostyki.<\/p>\n\n\n\n<p>5 lat realizacji informatycznego projektu w \u015bwi\u0119tokrzyskich jednostkach medycznych podsumowa\u0142 marsza\u0142ek wojew\u00f3dztwa Andrzej B\u0119tkowski. \u2013 Dzisiaj z perspektywy czasu wyra\u017anie wida\u0107, jak realizacja olbrzymiego przedsi\u0119wzi\u0119cia cyfryzacji us\u0142ug, obiegu dokument\u00f3w, diagnostyki w \u015bwi\u0119tokrzyskich szpitalach by\u0142a potrzebna wszystkim \u2013 nam, naszym szpitalom, naszemu spo\u0142ecze\u0144stwu \u2013 podkre\u015bli\u0142 marsza\u0142ek Andrzej B\u0119tkowski.<\/p>\n\n\n\n<p>\u2013 Zrealizowali\u015bmy wsp\u00f3lnie du\u017ce informatyczne przedsi\u0119wzi\u0119cie wspieraj\u0105ce \u015bwi\u0119tokrzyskie plac\u00f3wki medyczne, kt\u00f3re ewaluuje i wymaga ci\u0105g\u0142ych dzia\u0142a\u0144 aktualizuj\u0105cych czy dostosowawczych do zmieniaj\u0105cej si\u0119 sytuacji. Zawsze w projektach informatycznych d\u0142u\u017cszy okres realizacji to przepa\u015b\u0107 przy bardzo szybko nast\u0119puj\u0105cych zmianach w obszarze my\u015bli technologicznej. Osi\u0105gni\u0119te efekty mobilizuj\u0105 wszystkich do dalszego aktywnego dzia\u0142ania, czego przejawem jest projekt InPlaMed-II w nowej perspektywie unijnej &#8211; zaznaczy\u0142 wicemarsza\u0142ek Marek Bogus\u0142awski. <\/p>\n\n\n\n<p>Planowana jest kontynuacja projektu i jego dofinansowanie udzielone w ramach programu regionalnego Fundusze Europejskie dla \u015awi\u0119tokrzyskiego 2021-2027. We wtorek marsza\u0142ek wojew\u00f3dztwa Andrzej B\u0119tkowski i wicemarsza\u0142ek Marek Bogus\u0142awski podpisali umowy o partnerstwie w projekcie \u201eInPlaMed-II\u201d z przedstawicielami 23 plac\u00f3wek zdrowotnych. Koszty kwalifikowalne tego projektu to oko\u0142o 120 mln z\u0142, dzi\u0119ki tym pieni\u0105dzom wprowadzone zostan\u0105 nowe e-us\u0142ugi medyczne, m.in. rozwi\u0105zania z dziedziny telemedycyny, z zastosowania sztucznej inteligencji i mo\u017cliwo\u015bci ponownego u\u017cycia danych, cyberbezpiecze\u0144stwa oraz zakupu sprz\u0119tu informatycznego.<\/p>\n\n\n\n<p>Umow\u0119 w imieniu Wojew\u00f3dzkiego Szpitala Specjalistycznego im. \u015aw. Rafa\u0142a w Czerwonej G\u00f3rze podpisa\u0142 dyrektor Youssef Sleiman. <\/p>\n\n\n\n<p><\/p>\n\n\n\n<p> <\/p>\n\n\n\n<p><\/p>\n\n\n\n<p><\/p>\n","protected":false},"excerpt":{"rendered":"<p>Wojew\u00f3dzki Szpital Specjalistyczny im. \u015aw. Rafa\u0142a w Czerwonej G\u00f3rze przyst\u0105pi\u0142 do projektu &#8222;InPlaMed-II&#8221; zwi\u0105zanego z dalsz\u0105 informatyzacj\u0105 plac\u00f3wek medycznych w wojew\u00f3dztwie \u015bwi\u0119tokrzyskim. Dyrektor Youssef Sleiman podpisa\u0142 w tej sprawie umow\u0119 o partnerstwie z marsza\u0142kiem Andrzejem B\u0119tkowskim oraz wicemarsza\u0142kiem Markiem Bogus\u0142awskim. We wtorek podczas konferencji zorganizowanej w Regionalnym Centrum Naukowo-Technologicznym w Podzamczu podsumowano 5 lat realizacji [&hellip;]<\/p>\n","protected":false},"author":8,"featured_media":20181,"comment_status":"closed","ping_status":"closed","sticky":false,"template":"","format":"standard","meta":{"zakra_page_container_layout":"customizer","zakra_page_sidebar_layout":"customizer","zakra_remove_content_margin":false,"zakra_sidebar":"customizer","zakra_transparent_header":"customizer","zakra_logo":0,"zakra_main_header_style":"default","zakra_menu_item_color":"","zakra_menu_item_hover_color":"","zakra_menu_item_active_color":"","zakra_menu_active_style":"","zakra_page_header":true,"footnotes":""},"categories":[39],"tags":[],"class_list":["post-20180","post","type-post","status-publish","format-standard","has-post-thumbnail","hentry","category-aktualnosci"],"yoast_head":"<!-- This site is optimized with the Yoast SEO plugin v27.4 - https:\/\/yoast.com\/product\/yoast-seo-wordpress\/ -->\n<title>Szpital w Czerwonej G\u00f3rze wprowadzi kolejne nowoczesne rozwi\u0105zania cyfrowe<\/title>\n<meta name=\"description\" content=\"Wojew\u00f3dzki Szpital Specjalistyczny im. \u015aw. Rafa\u0142a w Czerwonej G\u00f3rze przyst\u0105pi\u0142 do projektu &quot;InPlaMed-II&quot; zwi\u0105zanego z dalsz\u0105 informatyzacj\u0105 plac\u00f3wek medycznych w wojew\u00f3dztwie \u015bwi\u0119tokrzyskim.\" \/>\n<meta name=\"robots\" content=\"index, follow, max-snippet:-1, max-image-preview:large, max-video-preview:-1\" \/>\n<link rel=\"canonical\" href=\"https:\/\/czerwonagora.pl\/index.php\/2023\/11\/22\/szpital-w-czerwonej-gorze-wprowadzi-kolejne-nowoczesne-rozwiazania-cyfrowe\/\" \/>\n<meta property=\"og:locale\" content=\"pl_PL\" \/>\n<meta property=\"og:type\" content=\"article\" \/>\n<meta property=\"og:title\" content=\"Szpital w Czerwonej G\u00f3rze wprowadzi kolejne nowoczesne rozwi\u0105zania cyfrowe\" \/>\n<meta property=\"og:description\" content=\"Wojew\u00f3dzki Szpital Specjalistyczny im. \u015aw. Rafa\u0142a w Czerwonej G\u00f3rze przyst\u0105pi\u0142 do projektu &quot;InPlaMed-II&quot; zwi\u0105zanego z dalsz\u0105 informatyzacj\u0105 plac\u00f3wek medycznych w wojew\u00f3dztwie \u015bwi\u0119tokrzyskim.\" \/>\n<meta property=\"og:url\" content=\"https:\/\/czerwonagora.pl\/index.php\/2023\/11\/22\/szpital-w-czerwonej-gorze-wprowadzi-kolejne-nowoczesne-rozwiazania-cyfrowe\/\" \/>\n<meta property=\"og:site_name\" content=\"Wojew\u00f3dzki Szpital Specjalistyczny im. \u015aw. Rafa\u0142a w Czerwonej G\u00f3rze\" \/>\n<meta property=\"article:publisher\" content=\"https:\/\/www.facebook.com\/SzpitalCzerwonaGora\/\" \/>\n<meta property=\"article:published_time\" content=\"2023-11-22T11:41:52+00:00\" \/>\n<meta property=\"article:modified_time\" content=\"2023-11-22T11:41:53+00:00\" \/>\n<meta property=\"og:image\" content=\"https:\/\/czerwonagora.pl\/wp-content\/uploads\/2023\/11\/inplamed.jpg\" \/>\n\t<meta property=\"og:image:width\" content=\"1024\" \/>\n\t<meta property=\"og:image:height\" content=\"683\" \/>\n\t<meta property=\"og:image:type\" content=\"image\/jpeg\" \/>\n<meta name=\"author\" content=\"Pawe\u0142 Wi\u0119cek\" \/>\n<meta name=\"twitter:card\" content=\"summary_large_image\" \/>\n<meta name=\"twitter:label1\" content=\"Napisane przez\" \/>\n\t<meta name=\"twitter:data1\" content=\"Pawe\u0142 Wi\u0119cek\" \/>\n\t<meta name=\"twitter:label2\" content=\"Szacowany czas czytania\" \/>\n\t<meta name=\"twitter:data2\" content=\"3 minuty\" \/>\n<script type=\"application\/ld+json\" class=\"yoast-schema-graph\">{\"@context\":\"https:\\\/\\\/schema.org\",\"@graph\":[{\"@type\":\"Article\",\"@id\":\"https:\\\/\\\/czerwonagora.pl\\\/index.php\\\/2023\\\/11\\\/22\\\/szpital-w-czerwonej-gorze-wprowadzi-kolejne-nowoczesne-rozwiazania-cyfrowe\\\/#article\",\"isPartOf\":{\"@id\":\"https:\\\/\\\/czerwonagora.pl\\\/index.php\\\/2023\\\/11\\\/22\\\/szpital-w-czerwonej-gorze-wprowadzi-kolejne-nowoczesne-rozwiazania-cyfrowe\\\/\"},\"author\":{\"name\":\"Pawe\u0142 Wi\u0119cek\",\"@id\":\"https:\\\/\\\/czerwonagora.pl\\\/#\\\/schema\\\/person\\\/8a59ddcbab34628c327513f8d1cd204d\"},\"headline\":\"Szpital w Czerwonej G\u00f3rze wprowadzi kolejne nowoczesne rozwi\u0105zania cyfrowe\",\"datePublished\":\"2023-11-22T11:41:52+00:00\",\"dateModified\":\"2023-11-22T11:41:53+00:00\",\"mainEntityOfPage\":{\"@id\":\"https:\\\/\\\/czerwonagora.pl\\\/index.php\\\/2023\\\/11\\\/22\\\/szpital-w-czerwonej-gorze-wprowadzi-kolejne-nowoczesne-rozwiazania-cyfrowe\\\/\"},\"wordCount\":502,\"publisher\":{\"@id\":\"https:\\\/\\\/czerwonagora.pl\\\/#organization\"},\"image\":{\"@id\":\"https:\\\/\\\/czerwonagora.pl\\\/index.php\\\/2023\\\/11\\\/22\\\/szpital-w-czerwonej-gorze-wprowadzi-kolejne-nowoczesne-rozwiazania-cyfrowe\\\/#primaryimage\"},\"thumbnailUrl\":\"https:\\\/\\\/czerwonagora.pl\\\/wp-content\\\/uploads\\\/2023\\\/11\\\/inplamed.jpg\",\"articleSection\":[\"Aktualno\u015bci\"],\"inLanguage\":\"pl-PL\"},{\"@type\":\"WebPage\",\"@id\":\"https:\\\/\\\/czerwonagora.pl\\\/index.php\\\/2023\\\/11\\\/22\\\/szpital-w-czerwonej-gorze-wprowadzi-kolejne-nowoczesne-rozwiazania-cyfrowe\\\/\",\"url\":\"https:\\\/\\\/czerwonagora.pl\\\/index.php\\\/2023\\\/11\\\/22\\\/szpital-w-czerwonej-gorze-wprowadzi-kolejne-nowoczesne-rozwiazania-cyfrowe\\\/\",\"name\":\"Szpital w Czerwonej G\u00f3rze wprowadzi kolejne nowoczesne rozwi\u0105zania cyfrowe\",\"isPartOf\":{\"@id\":\"https:\\\/\\\/czerwonagora.pl\\\/#website\"},\"primaryImageOfPage\":{\"@id\":\"https:\\\/\\\/czerwonagora.pl\\\/index.php\\\/2023\\\/11\\\/22\\\/szpital-w-czerwonej-gorze-wprowadzi-kolejne-nowoczesne-rozwiazania-cyfrowe\\\/#primaryimage\"},\"image\":{\"@id\":\"https:\\\/\\\/czerwonagora.pl\\\/index.php\\\/2023\\\/11\\\/22\\\/szpital-w-czerwonej-gorze-wprowadzi-kolejne-nowoczesne-rozwiazania-cyfrowe\\\/#primaryimage\"},\"thumbnailUrl\":\"https:\\\/\\\/czerwonagora.pl\\\/wp-content\\\/uploads\\\/2023\\\/11\\\/inplamed.jpg\",\"datePublished\":\"2023-11-22T11:41:52+00:00\",\"dateModified\":\"2023-11-22T11:41:53+00:00\",\"description\":\"Wojew\u00f3dzki Szpital Specjalistyczny im. \u015aw. Rafa\u0142a w Czerwonej G\u00f3rze przyst\u0105pi\u0142 do projektu \\\"InPlaMed-II\\\" zwi\u0105zanego z dalsz\u0105 informatyzacj\u0105 plac\u00f3wek medycznych w wojew\u00f3dztwie \u015bwi\u0119tokrzyskim.\",\"breadcrumb\":{\"@id\":\"https:\\\/\\\/czerwonagora.pl\\\/index.php\\\/2023\\\/11\\\/22\\\/szpital-w-czerwonej-gorze-wprowadzi-kolejne-nowoczesne-rozwiazania-cyfrowe\\\/#breadcrumb\"},\"inLanguage\":\"pl-PL\",\"potentialAction\":[{\"@type\":\"ReadAction\",\"target\":[\"https:\\\/\\\/czerwonagora.pl\\\/index.php\\\/2023\\\/11\\\/22\\\/szpital-w-czerwonej-gorze-wprowadzi-kolejne-nowoczesne-rozwiazania-cyfrowe\\\/\"]}]},{\"@type\":\"ImageObject\",\"inLanguage\":\"pl-PL\",\"@id\":\"https:\\\/\\\/czerwonagora.pl\\\/index.php\\\/2023\\\/11\\\/22\\\/szpital-w-czerwonej-gorze-wprowadzi-kolejne-nowoczesne-rozwiazania-cyfrowe\\\/#primaryimage\",\"url\":\"https:\\\/\\\/czerwonagora.pl\\\/wp-content\\\/uploads\\\/2023\\\/11\\\/inplamed.jpg\",\"contentUrl\":\"https:\\\/\\\/czerwonagora.pl\\\/wp-content\\\/uploads\\\/2023\\\/11\\\/inplamed.jpg\",\"width\":1024,\"height\":683},{\"@type\":\"BreadcrumbList\",\"@id\":\"https:\\\/\\\/czerwonagora.pl\\\/index.php\\\/2023\\\/11\\\/22\\\/szpital-w-czerwonej-gorze-wprowadzi-kolejne-nowoczesne-rozwiazania-cyfrowe\\\/#breadcrumb\",\"itemListElement\":[{\"@type\":\"ListItem\",\"position\":1,\"name\":\"Strona g\u0142\u00f3wna\",\"item\":\"https:\\\/\\\/czerwonagora.pl\\\/\"},{\"@type\":\"ListItem\",\"position\":2,\"name\":\"Szpital w Czerwonej G\u00f3rze wprowadzi kolejne nowoczesne rozwi\u0105zania cyfrowe\"}]},{\"@type\":\"WebSite\",\"@id\":\"https:\\\/\\\/czerwonagora.pl\\\/#website\",\"url\":\"https:\\\/\\\/czerwonagora.pl\\\/\",\"name\":\"Wojew\u00f3dzki Szpital Specjalistyczny im. \u015aw. Rafa\u0142a w Czerwonej G\u00f3rze\",\"description\":\"Wojew\u00f3dzki Szpital Specjalistyczny im. \u015aw. Rafa\u0142a w Czerwonej G\u00f3rze\",\"publisher\":{\"@id\":\"https:\\\/\\\/czerwonagora.pl\\\/#organization\"},\"potentialAction\":[{\"@type\":\"SearchAction\",\"target\":{\"@type\":\"EntryPoint\",\"urlTemplate\":\"https:\\\/\\\/czerwonagora.pl\\\/?s={search_term_string}\"},\"query-input\":{\"@type\":\"PropertyValueSpecification\",\"valueRequired\":true,\"valueName\":\"search_term_string\"}}],\"inLanguage\":\"pl-PL\"},{\"@type\":\"Organization\",\"@id\":\"https:\\\/\\\/czerwonagora.pl\\\/#organization\",\"name\":\"Wojew\u00f3dzki Szpital Specjalistyczny im. \u015aw. Rafa\u0142a w Czerwonej G\u00f3rze\",\"url\":\"https:\\\/\\\/czerwonagora.pl\\\/\",\"logo\":{\"@type\":\"ImageObject\",\"inLanguage\":\"pl-PL\",\"@id\":\"https:\\\/\\\/czerwonagora.pl\\\/#\\\/schema\\\/logo\\\/image\\\/\",\"url\":\"https:\\\/\\\/czerwonagora.pl\\\/wp-content\\\/uploads\\\/2021\\\/06\\\/Logo-WSS-DUZE-transparentne.png\",\"contentUrl\":\"https:\\\/\\\/czerwonagora.pl\\\/wp-content\\\/uploads\\\/2021\\\/06\\\/Logo-WSS-DUZE-transparentne.png\",\"width\":4210,\"height\":2975,\"caption\":\"Wojew\u00f3dzki Szpital Specjalistyczny im. \u015aw. Rafa\u0142a w Czerwonej G\u00f3rze\"},\"image\":{\"@id\":\"https:\\\/\\\/czerwonagora.pl\\\/#\\\/schema\\\/logo\\\/image\\\/\"},\"sameAs\":[\"https:\\\/\\\/www.facebook.com\\\/SzpitalCzerwonaGora\\\/\"]},{\"@type\":\"Person\",\"@id\":\"https:\\\/\\\/czerwonagora.pl\\\/#\\\/schema\\\/person\\\/8a59ddcbab34628c327513f8d1cd204d\",\"name\":\"Pawe\u0142 Wi\u0119cek\",\"image\":{\"@type\":\"ImageObject\",\"inLanguage\":\"pl-PL\",\"@id\":\"https:\\\/\\\/czerwonagora.pl\\\/wp-content\\\/litespeed\\\/avatar\\\/63e21f6535ac26580501c1127a4e1775.jpg?ver=1777380282\",\"url\":\"https:\\\/\\\/czerwonagora.pl\\\/wp-content\\\/litespeed\\\/avatar\\\/63e21f6535ac26580501c1127a4e1775.jpg?ver=1777380282\",\"contentUrl\":\"https:\\\/\\\/czerwonagora.pl\\\/wp-content\\\/litespeed\\\/avatar\\\/63e21f6535ac26580501c1127a4e1775.jpg?ver=1777380282\",\"caption\":\"Pawe\u0142 Wi\u0119cek\"},\"sameAs\":[\"http:\\\/\\\/www.czerwonagora.pl\"],\"url\":\"https:\\\/\\\/czerwonagora.pl\\\/index.php\\\/author\\\/wiecek\\\/\"}]}<\/script>\n<!-- \/ Yoast SEO plugin. -->","yoast_head_json":{"title":"Szpital w Czerwonej G\u00f3rze wprowadzi kolejne nowoczesne rozwi\u0105zania cyfrowe","description":"Wojew\u00f3dzki Szpital Specjalistyczny im. \u015aw. Rafa\u0142a w Czerwonej G\u00f3rze przyst\u0105pi\u0142 do projektu \"InPlaMed-II\" zwi\u0105zanego z dalsz\u0105 informatyzacj\u0105 plac\u00f3wek medycznych w wojew\u00f3dztwie \u015bwi\u0119tokrzyskim.","robots":{"index":"index","follow":"follow","max-snippet":"max-snippet:-1","max-image-preview":"max-image-preview:large","max-video-preview":"max-video-preview:-1"},"canonical":"https:\/\/czerwonagora.pl\/index.php\/2023\/11\/22\/szpital-w-czerwonej-gorze-wprowadzi-kolejne-nowoczesne-rozwiazania-cyfrowe\/","og_locale":"pl_PL","og_type":"article","og_title":"Szpital w Czerwonej G\u00f3rze wprowadzi kolejne nowoczesne rozwi\u0105zania cyfrowe","og_description":"Wojew\u00f3dzki Szpital Specjalistyczny im. \u015aw. Rafa\u0142a w Czerwonej G\u00f3rze przyst\u0105pi\u0142 do projektu \"InPlaMed-II\" zwi\u0105zanego z dalsz\u0105 informatyzacj\u0105 plac\u00f3wek medycznych w wojew\u00f3dztwie \u015bwi\u0119tokrzyskim.","og_url":"https:\/\/czerwonagora.pl\/index.php\/2023\/11\/22\/szpital-w-czerwonej-gorze-wprowadzi-kolejne-nowoczesne-rozwiazania-cyfrowe\/","og_site_name":"Wojew\u00f3dzki Szpital Specjalistyczny im. \u015aw. Rafa\u0142a w Czerwonej G\u00f3rze","article_publisher":"https:\/\/www.facebook.com\/SzpitalCzerwonaGora\/","article_published_time":"2023-11-22T11:41:52+00:00","article_modified_time":"2023-11-22T11:41:53+00:00","og_image":[{"width":1024,"height":683,"url":"https:\/\/czerwonagora.pl\/wp-content\/uploads\/2023\/11\/inplamed.jpg","type":"image\/jpeg"}],"author":"Pawe\u0142 Wi\u0119cek","twitter_card":"summary_large_image","twitter_misc":{"Napisane przez":"Pawe\u0142 Wi\u0119cek","Szacowany czas czytania":"3 minuty"},"schema":{"@context":"https:\/\/schema.org","@graph":[{"@type":"Article","@id":"https:\/\/czerwonagora.pl\/index.php\/2023\/11\/22\/szpital-w-czerwonej-gorze-wprowadzi-kolejne-nowoczesne-rozwiazania-cyfrowe\/#article","isPartOf":{"@id":"https:\/\/czerwonagora.pl\/index.php\/2023\/11\/22\/szpital-w-czerwonej-gorze-wprowadzi-kolejne-nowoczesne-rozwiazania-cyfrowe\/"},"author":{"name":"Pawe\u0142 Wi\u0119cek","@id":"https:\/\/czerwonagora.pl\/#\/schema\/person\/8a59ddcbab34628c327513f8d1cd204d"},"headline":"Szpital w Czerwonej G\u00f3rze wprowadzi kolejne nowoczesne rozwi\u0105zania cyfrowe","datePublished":"2023-11-22T11:41:52+00:00","dateModified":"2023-11-22T11:41:53+00:00","mainEntityOfPage":{"@id":"https:\/\/czerwonagora.pl\/index.php\/2023\/11\/22\/szpital-w-czerwonej-gorze-wprowadzi-kolejne-nowoczesne-rozwiazania-cyfrowe\/"},"wordCount":502,"publisher":{"@id":"https:\/\/czerwonagora.pl\/#organization"},"image":{"@id":"https:\/\/czerwonagora.pl\/index.php\/2023\/11\/22\/szpital-w-czerwonej-gorze-wprowadzi-kolejne-nowoczesne-rozwiazania-cyfrowe\/#primaryimage"},"thumbnailUrl":"https:\/\/czerwonagora.pl\/wp-content\/uploads\/2023\/11\/inplamed.jpg","articleSection":["Aktualno\u015bci"],"inLanguage":"pl-PL"},{"@type":"WebPage","@id":"https:\/\/czerwonagora.pl\/index.php\/2023\/11\/22\/szpital-w-czerwonej-gorze-wprowadzi-kolejne-nowoczesne-rozwiazania-cyfrowe\/","url":"https:\/\/czerwonagora.pl\/index.php\/2023\/11\/22\/szpital-w-czerwonej-gorze-wprowadzi-kolejne-nowoczesne-rozwiazania-cyfrowe\/","name":"Szpital w Czerwonej G\u00f3rze wprowadzi kolejne nowoczesne rozwi\u0105zania cyfrowe","isPartOf":{"@id":"https:\/\/czerwonagora.pl\/#website"},"primaryImageOfPage":{"@id":"https:\/\/czerwonagora.pl\/index.php\/2023\/11\/22\/szpital-w-czerwonej-gorze-wprowadzi-kolejne-nowoczesne-rozwiazania-cyfrowe\/#primaryimage"},"image":{"@id":"https:\/\/czerwonagora.pl\/index.php\/2023\/11\/22\/szpital-w-czerwonej-gorze-wprowadzi-kolejne-nowoczesne-rozwiazania-cyfrowe\/#primaryimage"},"thumbnailUrl":"https:\/\/czerwonagora.pl\/wp-content\/uploads\/2023\/11\/inplamed.jpg","datePublished":"2023-11-22T11:41:52+00:00","dateModified":"2023-11-22T11:41:53+00:00","description":"Wojew\u00f3dzki Szpital Specjalistyczny im. \u015aw. Rafa\u0142a w Czerwonej G\u00f3rze przyst\u0105pi\u0142 do projektu \"InPlaMed-II\" zwi\u0105zanego z dalsz\u0105 informatyzacj\u0105 plac\u00f3wek medycznych w wojew\u00f3dztwie \u015bwi\u0119tokrzyskim.","breadcrumb":{"@id":"https:\/\/czerwonagora.pl\/index.php\/2023\/11\/22\/szpital-w-czerwonej-gorze-wprowadzi-kolejne-nowoczesne-rozwiazania-cyfrowe\/#breadcrumb"},"inLanguage":"pl-PL","potentialAction":[{"@type":"ReadAction","target":["https:\/\/czerwonagora.pl\/index.php\/2023\/11\/22\/szpital-w-czerwonej-gorze-wprowadzi-kolejne-nowoczesne-rozwiazania-cyfrowe\/"]}]},{"@type":"ImageObject","inLanguage":"pl-PL","@id":"https:\/\/czerwonagora.pl\/index.php\/2023\/11\/22\/szpital-w-czerwonej-gorze-wprowadzi-kolejne-nowoczesne-rozwiazania-cyfrowe\/#primaryimage","url":"https:\/\/czerwonagora.pl\/wp-content\/uploads\/2023\/11\/inplamed.jpg","contentUrl":"https:\/\/czerwonagora.pl\/wp-content\/uploads\/2023\/11\/inplamed.jpg","width":1024,"height":683},{"@type":"BreadcrumbList","@id":"https:\/\/czerwonagora.pl\/index.php\/2023\/11\/22\/szpital-w-czerwonej-gorze-wprowadzi-kolejne-nowoczesne-rozwiazania-cyfrowe\/#breadcrumb","itemListElement":[{"@type":"ListItem","position":1,"name":"Strona g\u0142\u00f3wna","item":"https:\/\/czerwonagora.pl\/"},{"@type":"ListItem","position":2,"name":"Szpital w Czerwonej G\u00f3rze wprowadzi kolejne nowoczesne rozwi\u0105zania cyfrowe"}]},{"@type":"WebSite","@id":"https:\/\/czerwonagora.pl\/#website","url":"https:\/\/czerwonagora.pl\/","name":"Wojew\u00f3dzki Szpital Specjalistyczny im. \u015aw. Rafa\u0142a w Czerwonej G\u00f3rze","description":"Wojew\u00f3dzki Szpital Specjalistyczny im. \u015aw. Rafa\u0142a w Czerwonej G\u00f3rze","publisher":{"@id":"https:\/\/czerwonagora.pl\/#organization"},"potentialAction":[{"@type":"SearchAction","target":{"@type":"EntryPoint","urlTemplate":"https:\/\/czerwonagora.pl\/?s={search_term_string}"},"query-input":{"@type":"PropertyValueSpecification","valueRequired":true,"valueName":"search_term_string"}}],"inLanguage":"pl-PL"},{"@type":"Organization","@id":"https:\/\/czerwonagora.pl\/#organization","name":"Wojew\u00f3dzki Szpital Specjalistyczny im. \u015aw. Rafa\u0142a w Czerwonej G\u00f3rze","url":"https:\/\/czerwonagora.pl\/","logo":{"@type":"ImageObject","inLanguage":"pl-PL","@id":"https:\/\/czerwonagora.pl\/#\/schema\/logo\/image\/","url":"https:\/\/czerwonagora.pl\/wp-content\/uploads\/2021\/06\/Logo-WSS-DUZE-transparentne.png","contentUrl":"https:\/\/czerwonagora.pl\/wp-content\/uploads\/2021\/06\/Logo-WSS-DUZE-transparentne.png","width":4210,"height":2975,"caption":"Wojew\u00f3dzki Szpital Specjalistyczny im. \u015aw. Rafa\u0142a w Czerwonej G\u00f3rze"},"image":{"@id":"https:\/\/czerwonagora.pl\/#\/schema\/logo\/image\/"},"sameAs":["https:\/\/www.facebook.com\/SzpitalCzerwonaGora\/"]},{"@type":"Person","@id":"https:\/\/czerwonagora.pl\/#\/schema\/person\/8a59ddcbab34628c327513f8d1cd204d","name":"Pawe\u0142 Wi\u0119cek","image":{"@type":"ImageObject","inLanguage":"pl-PL","@id":"https:\/\/czerwonagora.pl\/wp-content\/litespeed\/avatar\/63e21f6535ac26580501c1127a4e1775.jpg?ver=1777380282","url":"https:\/\/czerwonagora.pl\/wp-content\/litespeed\/avatar\/63e21f6535ac26580501c1127a4e1775.jpg?ver=1777380282","contentUrl":"https:\/\/czerwonagora.pl\/wp-content\/litespeed\/avatar\/63e21f6535ac26580501c1127a4e1775.jpg?ver=1777380282","caption":"Pawe\u0142 Wi\u0119cek"},"sameAs":["http:\/\/www.czerwonagora.pl"],"url":"https:\/\/czerwonagora.pl\/index.php\/author\/wiecek\/"}]}},"publishpress_future_action":{"enabled":false,"date":"2026-05-07 06:37:36","action":"change-status","newStatus":"draft","terms":[],"taxonomy":"category","extraData":[]},"publishpress_future_workflow_manual_trigger":{"enabledWorkflows":[]},"_links":{"self":[{"href":"https:\/\/czerwonagora.pl\/index.php\/wp-json\/wp\/v2\/posts\/20180","targetHints":{"allow":["GET"]}}],"collection":[{"href":"https:\/\/czerwonagora.pl\/index.php\/wp-json\/wp\/v2\/posts"}],"about":[{"href":"https:\/\/czerwonagora.pl\/index.php\/wp-json\/wp\/v2\/types\/post"}],"author":[{"embeddable":true,"href":"https:\/\/czerwonagora.pl\/index.php\/wp-json\/wp\/v2\/users\/8"}],"replies":[{"embeddable":true,"href":"https:\/\/czerwonagora.pl\/index.php\/wp-json\/wp\/v2\/comments?post=20180"}],"version-history":[{"count":1,"href":"https:\/\/czerwonagora.pl\/index.php\/wp-json\/wp\/v2\/posts\/20180\/revisions"}],"predecessor-version":[{"id":20182,"href":"https:\/\/czerwonagora.pl\/index.php\/wp-json\/wp\/v2\/posts\/20180\/revisions\/20182"}],"wp:featuredmedia":[{"embeddable":true,"href":"https:\/\/czerwonagora.pl\/index.php\/wp-json\/wp\/v2\/media\/20181"}],"wp:attachment":[{"href":"https:\/\/czerwonagora.pl\/index.php\/wp-json\/wp\/v2\/media?parent=20180"}],"wp:term":[{"taxonomy":"category","embeddable":true,"href":"https:\/\/czerwonagora.pl\/index.php\/wp-json\/wp\/v2\/categories?post=20180"},{"taxonomy":"post_tag","embeddable":true,"href":"https:\/\/czerwonagora.pl\/index.php\/wp-json\/wp\/v2\/tags?post=20180"}],"curies":[{"name":"wp","href":"https:\/\/api.w.org\/{rel}","templated":true}]}}