{"id":21019,"date":"2024-02-01T09:54:12","date_gmt":"2024-02-01T08:54:12","guid":{"rendered":"https:\/\/czerwonagora.pl\/?p=21019"},"modified":"2024-02-01T10:56:03","modified_gmt":"2024-02-01T09:56:03","slug":"dyrektor-szpitala-w-czerwonej-gorze-konsultantem-wojewodzkim-w-dziedzinie-chorob-pluc","status":"publish","type":"post","link":"https:\/\/czerwonagora.pl\/index.php\/2024\/02\/01\/dyrektor-szpitala-w-czerwonej-gorze-konsultantem-wojewodzkim-w-dziedzinie-chorob-pluc\/","title":{"rendered":"Dyrektor szpitala w Czerwonej G\u00f3rze ponownie powo\u0142any na konsultanta wojew\u00f3dzkiego w dziedzinie chor\u00f3b p\u0142uc"},"content":{"rendered":"\n<p><strong>Youssef Sleiman, dyrektor Wojew\u00f3dzkiego Szpitala Specjalistycznego im. \u015aw. Rafa\u0142a w Czerwonej G\u00f3rze, zosta\u0142 powo\u0142any na konsultanta wojew\u00f3dzkiego w dziedzinie chor\u00f3b p\u0142uc. <\/strong><\/p>\n\n\n\n<figure class=\"wp-block-image size-full\"><img fetchpriority=\"high\" decoding=\"async\" width=\"899\" height=\"598\" src=\"https:\/\/czerwonagora.pl\/wp-content\/uploads\/2024\/02\/ys2.jpg\" alt=\"\" class=\"wp-image-21020\" srcset=\"https:\/\/czerwonagora.pl\/wp-content\/uploads\/2024\/02\/ys2.jpg 899w, https:\/\/czerwonagora.pl\/wp-content\/uploads\/2024\/02\/ys2-300x200.jpg 300w, https:\/\/czerwonagora.pl\/wp-content\/uploads\/2024\/02\/ys2-768x511.jpg 768w\" sizes=\"(max-width: 899px) 100vw, 899px\" \/><figcaption class=\"wp-element-caption\">Od lewej: wojewoda \u015bwi\u0119tokrzyski J\u00f3zef Bryk oraz dyrektor WSS w Czerwonej G\u00f3rze Youssef Sleiman. <\/figcaption><\/figure>\n\n\n\n<p>Wojewoda \u015bwi\u0119tokrzyski J\u00f3zef Bryk powo\u0142a\u0142 konsultant\u00f3w wojew\u00f3dzkich w dziedzinie chor\u00f3b p\u0142uc oraz zdrowia publicznego. <\/p>\n\n\n\n<p>Lek. med. Youssef Sleiman odebra\u0142 nominacj\u0119 w dziedzinie chor\u00f3b p\u0142uc. To dyrektor Wojew\u00f3dzkiego Szpitala Specjalistycznego im. \u015aw. Rafa\u0142a w Czerwonej G\u00f3rze, a tak\u017ce kierownik Oddzia\u0142u III Chor\u00f3b P\u0142uc WSS w Czerwonej G\u00f3rze. Youssef Sleiman w przesz\u0142o\u015bci pe\u0142ni\u0142 ju\u017c t\u0119 funkcj\u0119. <\/p>\n\n\n\n<p>&#8211; Dzi\u0119kuj\u0119 panu wojewodzie za t\u0119 nominacj\u0119. To zaszczyt i jednocze\u015bnie zobowi\u0105zanie do intensywnej pracy na rzecz rozwoju pulmonologii w naszym regionie &#8211; m\u00f3wi Youssef Sleiman.  <\/p>\n\n\n\n<p>Kadencja konsultant\u00f3w trwa 5 lat. W systemie ochrony zdrowia pe\u0142ni\u0105 oni szereg odpowiedzialnych funkcji: kontrolnych, nadzorczych i opiniodawczych, m.in. prowadz\u0105 nadz\u00f3r nad stron\u0105 merytoryczn\u0105 doskonalenia zawodowego i szkolenia specjalistycznego lekarzy, sprawuj\u0105 kontrol\u0119 dost\u0119pno\u015bci \u015bwiadcze\u0144 zdrowotnych, wykonuj\u0105 przypisane im ustaw\u0105 zadania na obszarze danego wojew\u00f3dztwa.<\/p>\n\n\n\n<p><\/p>\n","protected":false},"excerpt":{"rendered":"<p>Youssef Sleiman, dyrektor Wojew\u00f3dzkiego Szpitala Specjalistycznego im. \u015aw. Rafa\u0142a w Czerwonej G\u00f3rze, zosta\u0142 powo\u0142any na konsultanta wojew\u00f3dzkiego w dziedzinie chor\u00f3b p\u0142uc. Wojewoda \u015bwi\u0119tokrzyski J\u00f3zef Bryk powo\u0142a\u0142 konsultant\u00f3w wojew\u00f3dzkich w dziedzinie chor\u00f3b p\u0142uc oraz zdrowia publicznego. Lek. med. Youssef Sleiman odebra\u0142 nominacj\u0119 w dziedzinie chor\u00f3b p\u0142uc. To dyrektor Wojew\u00f3dzkiego Szpitala Specjalistycznego im. \u015aw. Rafa\u0142a w Czerwonej [&hellip;]<\/p>\n","protected":false},"author":8,"featured_media":21021,"comment_status":"closed","ping_status":"closed","sticky":false,"template":"","format":"standard","meta":{"zakra_page_container_layout":"customizer","zakra_page_sidebar_layout":"customizer","zakra_remove_content_margin":false,"zakra_sidebar":"customizer","zakra_transparent_header":"customizer","zakra_logo":0,"zakra_main_header_style":"default","zakra_menu_item_color":"","zakra_menu_item_hover_color":"","zakra_menu_item_active_color":"","zakra_menu_active_style":"","zakra_page_header":true,"footnotes":""},"categories":[39],"tags":[],"class_list":["post-21019","post","type-post","status-publish","format-standard","has-post-thumbnail","hentry","category-aktualnosci"],"yoast_head":"<!-- This site is optimized with the Yoast SEO plugin v27.4 - https:\/\/yoast.com\/product\/yoast-seo-wordpress\/ -->\n<title>Dyrektor szpitala w Czerwonej G\u00f3rze konsultantem wojew\u00f3dzkim w dziedzinie chor\u00f3b p\u0142uc<\/title>\n<meta name=\"description\" content=\"Youssef Sleiman, dyrektor Wojew\u00f3dzkiego Szpitala Specjalistycznego im. \u015aw. Rafa\u0142a w Czerwonej G\u00f3rze, zosta\u0142 powo\u0142any na konsultanta wojew\u00f3dzkiego w dziedzinie chor\u00f3b p\u0142uc.\" \/>\n<meta name=\"robots\" content=\"index, follow, max-snippet:-1, max-image-preview:large, max-video-preview:-1\" \/>\n<link rel=\"canonical\" href=\"https:\/\/czerwonagora.pl\/index.php\/2024\/02\/01\/dyrektor-szpitala-w-czerwonej-gorze-konsultantem-wojewodzkim-w-dziedzinie-chorob-pluc\/\" \/>\n<meta property=\"og:locale\" content=\"pl_PL\" \/>\n<meta property=\"og:type\" content=\"article\" \/>\n<meta property=\"og:title\" content=\"Dyrektor szpitala w Czerwonej G\u00f3rze konsultantem wojew\u00f3dzkim w dziedzinie chor\u00f3b p\u0142uc\" \/>\n<meta property=\"og:description\" content=\"Youssef Sleiman, dyrektor Wojew\u00f3dzkiego Szpitala Specjalistycznego im. \u015aw. Rafa\u0142a w Czerwonej G\u00f3rze, zosta\u0142 powo\u0142any na konsultanta wojew\u00f3dzkiego w dziedzinie chor\u00f3b p\u0142uc.\" \/>\n<meta property=\"og:url\" content=\"https:\/\/czerwonagora.pl\/index.php\/2024\/02\/01\/dyrektor-szpitala-w-czerwonej-gorze-konsultantem-wojewodzkim-w-dziedzinie-chorob-pluc\/\" \/>\n<meta property=\"og:site_name\" content=\"Wojew\u00f3dzki Szpital Specjalistyczny im. \u015aw. Rafa\u0142a w Czerwonej G\u00f3rze\" \/>\n<meta property=\"article:publisher\" content=\"https:\/\/www.facebook.com\/SzpitalCzerwonaGora\/\" \/>\n<meta property=\"article:published_time\" content=\"2024-02-01T08:54:12+00:00\" \/>\n<meta property=\"article:modified_time\" content=\"2024-02-01T09:56:03+00:00\" \/>\n<meta property=\"og:image\" content=\"https:\/\/czerwonagora.pl\/wp-content\/uploads\/2024\/02\/ys.jpg\" \/>\n\t<meta property=\"og:image:width\" content=\"899\" \/>\n\t<meta property=\"og:image:height\" content=\"598\" \/>\n\t<meta property=\"og:image:type\" content=\"image\/jpeg\" \/>\n<meta name=\"author\" content=\"Pawe\u0142 Wi\u0119cek\" \/>\n<meta name=\"twitter:card\" content=\"summary_large_image\" \/>\n<meta name=\"twitter:label1\" content=\"Napisane przez\" \/>\n\t<meta name=\"twitter:data1\" content=\"Pawe\u0142 Wi\u0119cek\" \/>\n\t<meta name=\"twitter:label2\" content=\"Szacowany czas czytania\" \/>\n\t<meta name=\"twitter:data2\" content=\"2 minuty\" \/>\n<script type=\"application\/ld+json\" class=\"yoast-schema-graph\">{\"@context\":\"https:\\\/\\\/schema.org\",\"@graph\":[{\"@type\":\"Article\",\"@id\":\"https:\\\/\\\/czerwonagora.pl\\\/index.php\\\/2024\\\/02\\\/01\\\/dyrektor-szpitala-w-czerwonej-gorze-konsultantem-wojewodzkim-w-dziedzinie-chorob-pluc\\\/#article\",\"isPartOf\":{\"@id\":\"https:\\\/\\\/czerwonagora.pl\\\/index.php\\\/2024\\\/02\\\/01\\\/dyrektor-szpitala-w-czerwonej-gorze-konsultantem-wojewodzkim-w-dziedzinie-chorob-pluc\\\/\"},\"author\":{\"name\":\"Pawe\u0142 Wi\u0119cek\",\"@id\":\"https:\\\/\\\/czerwonagora.pl\\\/#\\\/schema\\\/person\\\/8a59ddcbab34628c327513f8d1cd204d\"},\"headline\":\"Dyrektor szpitala w Czerwonej G\u00f3rze ponownie powo\u0142any na konsultanta wojew\u00f3dzkiego w dziedzinie chor\u00f3b p\u0142uc\",\"datePublished\":\"2024-02-01T08:54:12+00:00\",\"dateModified\":\"2024-02-01T09:56:03+00:00\",\"mainEntityOfPage\":{\"@id\":\"https:\\\/\\\/czerwonagora.pl\\\/index.php\\\/2024\\\/02\\\/01\\\/dyrektor-szpitala-w-czerwonej-gorze-konsultantem-wojewodzkim-w-dziedzinie-chorob-pluc\\\/\"},\"wordCount\":218,\"publisher\":{\"@id\":\"https:\\\/\\\/czerwonagora.pl\\\/#organization\"},\"image\":{\"@id\":\"https:\\\/\\\/czerwonagora.pl\\\/index.php\\\/2024\\\/02\\\/01\\\/dyrektor-szpitala-w-czerwonej-gorze-konsultantem-wojewodzkim-w-dziedzinie-chorob-pluc\\\/#primaryimage\"},\"thumbnailUrl\":\"https:\\\/\\\/czerwonagora.pl\\\/wp-content\\\/uploads\\\/2024\\\/02\\\/ys.jpg\",\"articleSection\":[\"Aktualno\u015bci\"],\"inLanguage\":\"pl-PL\"},{\"@type\":\"WebPage\",\"@id\":\"https:\\\/\\\/czerwonagora.pl\\\/index.php\\\/2024\\\/02\\\/01\\\/dyrektor-szpitala-w-czerwonej-gorze-konsultantem-wojewodzkim-w-dziedzinie-chorob-pluc\\\/\",\"url\":\"https:\\\/\\\/czerwonagora.pl\\\/index.php\\\/2024\\\/02\\\/01\\\/dyrektor-szpitala-w-czerwonej-gorze-konsultantem-wojewodzkim-w-dziedzinie-chorob-pluc\\\/\",\"name\":\"Dyrektor szpitala w Czerwonej G\u00f3rze konsultantem wojew\u00f3dzkim w dziedzinie chor\u00f3b p\u0142uc\",\"isPartOf\":{\"@id\":\"https:\\\/\\\/czerwonagora.pl\\\/#website\"},\"primaryImageOfPage\":{\"@id\":\"https:\\\/\\\/czerwonagora.pl\\\/index.php\\\/2024\\\/02\\\/01\\\/dyrektor-szpitala-w-czerwonej-gorze-konsultantem-wojewodzkim-w-dziedzinie-chorob-pluc\\\/#primaryimage\"},\"image\":{\"@id\":\"https:\\\/\\\/czerwonagora.pl\\\/index.php\\\/2024\\\/02\\\/01\\\/dyrektor-szpitala-w-czerwonej-gorze-konsultantem-wojewodzkim-w-dziedzinie-chorob-pluc\\\/#primaryimage\"},\"thumbnailUrl\":\"https:\\\/\\\/czerwonagora.pl\\\/wp-content\\\/uploads\\\/2024\\\/02\\\/ys.jpg\",\"datePublished\":\"2024-02-01T08:54:12+00:00\",\"dateModified\":\"2024-02-01T09:56:03+00:00\",\"description\":\"Youssef Sleiman, dyrektor Wojew\u00f3dzkiego Szpitala Specjalistycznego im. \u015aw. Rafa\u0142a w Czerwonej G\u00f3rze, zosta\u0142 powo\u0142any na konsultanta wojew\u00f3dzkiego w dziedzinie chor\u00f3b p\u0142uc.\",\"breadcrumb\":{\"@id\":\"https:\\\/\\\/czerwonagora.pl\\\/index.php\\\/2024\\\/02\\\/01\\\/dyrektor-szpitala-w-czerwonej-gorze-konsultantem-wojewodzkim-w-dziedzinie-chorob-pluc\\\/#breadcrumb\"},\"inLanguage\":\"pl-PL\",\"potentialAction\":[{\"@type\":\"ReadAction\",\"target\":[\"https:\\\/\\\/czerwonagora.pl\\\/index.php\\\/2024\\\/02\\\/01\\\/dyrektor-szpitala-w-czerwonej-gorze-konsultantem-wojewodzkim-w-dziedzinie-chorob-pluc\\\/\"]}]},{\"@type\":\"ImageObject\",\"inLanguage\":\"pl-PL\",\"@id\":\"https:\\\/\\\/czerwonagora.pl\\\/index.php\\\/2024\\\/02\\\/01\\\/dyrektor-szpitala-w-czerwonej-gorze-konsultantem-wojewodzkim-w-dziedzinie-chorob-pluc\\\/#primaryimage\",\"url\":\"https:\\\/\\\/czerwonagora.pl\\\/wp-content\\\/uploads\\\/2024\\\/02\\\/ys.jpg\",\"contentUrl\":\"https:\\\/\\\/czerwonagora.pl\\\/wp-content\\\/uploads\\\/2024\\\/02\\\/ys.jpg\",\"width\":899,\"height\":598},{\"@type\":\"BreadcrumbList\",\"@id\":\"https:\\\/\\\/czerwonagora.pl\\\/index.php\\\/2024\\\/02\\\/01\\\/dyrektor-szpitala-w-czerwonej-gorze-konsultantem-wojewodzkim-w-dziedzinie-chorob-pluc\\\/#breadcrumb\",\"itemListElement\":[{\"@type\":\"ListItem\",\"position\":1,\"name\":\"Strona g\u0142\u00f3wna\",\"item\":\"https:\\\/\\\/czerwonagora.pl\\\/\"},{\"@type\":\"ListItem\",\"position\":2,\"name\":\"Dyrektor szpitala w Czerwonej G\u00f3rze ponownie powo\u0142any na konsultanta wojew\u00f3dzkiego w dziedzinie chor\u00f3b p\u0142uc\"}]},{\"@type\":\"WebSite\",\"@id\":\"https:\\\/\\\/czerwonagora.pl\\\/#website\",\"url\":\"https:\\\/\\\/czerwonagora.pl\\\/\",\"name\":\"Wojew\u00f3dzki Szpital Specjalistyczny im. \u015aw. Rafa\u0142a w Czerwonej G\u00f3rze\",\"description\":\"Wojew\u00f3dzki Szpital Specjalistyczny im. \u015aw. Rafa\u0142a w Czerwonej G\u00f3rze\",\"publisher\":{\"@id\":\"https:\\\/\\\/czerwonagora.pl\\\/#organization\"},\"potentialAction\":[{\"@type\":\"SearchAction\",\"target\":{\"@type\":\"EntryPoint\",\"urlTemplate\":\"https:\\\/\\\/czerwonagora.pl\\\/?s={search_term_string}\"},\"query-input\":{\"@type\":\"PropertyValueSpecification\",\"valueRequired\":true,\"valueName\":\"search_term_string\"}}],\"inLanguage\":\"pl-PL\"},{\"@type\":\"Organization\",\"@id\":\"https:\\\/\\\/czerwonagora.pl\\\/#organization\",\"name\":\"Wojew\u00f3dzki Szpital Specjalistyczny im. \u015aw. Rafa\u0142a w Czerwonej G\u00f3rze\",\"url\":\"https:\\\/\\\/czerwonagora.pl\\\/\",\"logo\":{\"@type\":\"ImageObject\",\"inLanguage\":\"pl-PL\",\"@id\":\"https:\\\/\\\/czerwonagora.pl\\\/#\\\/schema\\\/logo\\\/image\\\/\",\"url\":\"https:\\\/\\\/czerwonagora.pl\\\/wp-content\\\/uploads\\\/2021\\\/06\\\/Logo-WSS-DUZE-transparentne.png\",\"contentUrl\":\"https:\\\/\\\/czerwonagora.pl\\\/wp-content\\\/uploads\\\/2021\\\/06\\\/Logo-WSS-DUZE-transparentne.png\",\"width\":4210,\"height\":2975,\"caption\":\"Wojew\u00f3dzki Szpital Specjalistyczny im. \u015aw. Rafa\u0142a w Czerwonej G\u00f3rze\"},\"image\":{\"@id\":\"https:\\\/\\\/czerwonagora.pl\\\/#\\\/schema\\\/logo\\\/image\\\/\"},\"sameAs\":[\"https:\\\/\\\/www.facebook.com\\\/SzpitalCzerwonaGora\\\/\"]},{\"@type\":\"Person\",\"@id\":\"https:\\\/\\\/czerwonagora.pl\\\/#\\\/schema\\\/person\\\/8a59ddcbab34628c327513f8d1cd204d\",\"name\":\"Pawe\u0142 Wi\u0119cek\",\"image\":{\"@type\":\"ImageObject\",\"inLanguage\":\"pl-PL\",\"@id\":\"https:\\\/\\\/czerwonagora.pl\\\/wp-content\\\/litespeed\\\/avatar\\\/63e21f6535ac26580501c1127a4e1775.jpg?ver=1776775208\",\"url\":\"https:\\\/\\\/czerwonagora.pl\\\/wp-content\\\/litespeed\\\/avatar\\\/63e21f6535ac26580501c1127a4e1775.jpg?ver=1776775208\",\"contentUrl\":\"https:\\\/\\\/czerwonagora.pl\\\/wp-content\\\/litespeed\\\/avatar\\\/63e21f6535ac26580501c1127a4e1775.jpg?ver=1776775208\",\"caption\":\"Pawe\u0142 Wi\u0119cek\"},\"sameAs\":[\"http:\\\/\\\/www.czerwonagora.pl\"],\"url\":\"https:\\\/\\\/czerwonagora.pl\\\/index.php\\\/author\\\/wiecek\\\/\"}]}<\/script>\n<!-- \/ Yoast SEO plugin. -->","yoast_head_json":{"title":"Dyrektor szpitala w Czerwonej G\u00f3rze konsultantem wojew\u00f3dzkim w dziedzinie chor\u00f3b p\u0142uc","description":"Youssef Sleiman, dyrektor Wojew\u00f3dzkiego Szpitala Specjalistycznego im. \u015aw. Rafa\u0142a w Czerwonej G\u00f3rze, zosta\u0142 powo\u0142any na konsultanta wojew\u00f3dzkiego w dziedzinie chor\u00f3b p\u0142uc.","robots":{"index":"index","follow":"follow","max-snippet":"max-snippet:-1","max-image-preview":"max-image-preview:large","max-video-preview":"max-video-preview:-1"},"canonical":"https:\/\/czerwonagora.pl\/index.php\/2024\/02\/01\/dyrektor-szpitala-w-czerwonej-gorze-konsultantem-wojewodzkim-w-dziedzinie-chorob-pluc\/","og_locale":"pl_PL","og_type":"article","og_title":"Dyrektor szpitala w Czerwonej G\u00f3rze konsultantem wojew\u00f3dzkim w dziedzinie chor\u00f3b p\u0142uc","og_description":"Youssef Sleiman, dyrektor Wojew\u00f3dzkiego Szpitala Specjalistycznego im. \u015aw. Rafa\u0142a w Czerwonej G\u00f3rze, zosta\u0142 powo\u0142any na konsultanta wojew\u00f3dzkiego w dziedzinie chor\u00f3b p\u0142uc.","og_url":"https:\/\/czerwonagora.pl\/index.php\/2024\/02\/01\/dyrektor-szpitala-w-czerwonej-gorze-konsultantem-wojewodzkim-w-dziedzinie-chorob-pluc\/","og_site_name":"Wojew\u00f3dzki Szpital Specjalistyczny im. \u015aw. Rafa\u0142a w Czerwonej G\u00f3rze","article_publisher":"https:\/\/www.facebook.com\/SzpitalCzerwonaGora\/","article_published_time":"2024-02-01T08:54:12+00:00","article_modified_time":"2024-02-01T09:56:03+00:00","og_image":[{"width":899,"height":598,"url":"https:\/\/czerwonagora.pl\/wp-content\/uploads\/2024\/02\/ys.jpg","type":"image\/jpeg"}],"author":"Pawe\u0142 Wi\u0119cek","twitter_card":"summary_large_image","twitter_misc":{"Napisane przez":"Pawe\u0142 Wi\u0119cek","Szacowany czas czytania":"2 minuty"},"schema":{"@context":"https:\/\/schema.org","@graph":[{"@type":"Article","@id":"https:\/\/czerwonagora.pl\/index.php\/2024\/02\/01\/dyrektor-szpitala-w-czerwonej-gorze-konsultantem-wojewodzkim-w-dziedzinie-chorob-pluc\/#article","isPartOf":{"@id":"https:\/\/czerwonagora.pl\/index.php\/2024\/02\/01\/dyrektor-szpitala-w-czerwonej-gorze-konsultantem-wojewodzkim-w-dziedzinie-chorob-pluc\/"},"author":{"name":"Pawe\u0142 Wi\u0119cek","@id":"https:\/\/czerwonagora.pl\/#\/schema\/person\/8a59ddcbab34628c327513f8d1cd204d"},"headline":"Dyrektor szpitala w Czerwonej G\u00f3rze ponownie powo\u0142any na konsultanta wojew\u00f3dzkiego w dziedzinie chor\u00f3b p\u0142uc","datePublished":"2024-02-01T08:54:12+00:00","dateModified":"2024-02-01T09:56:03+00:00","mainEntityOfPage":{"@id":"https:\/\/czerwonagora.pl\/index.php\/2024\/02\/01\/dyrektor-szpitala-w-czerwonej-gorze-konsultantem-wojewodzkim-w-dziedzinie-chorob-pluc\/"},"wordCount":218,"publisher":{"@id":"https:\/\/czerwonagora.pl\/#organization"},"image":{"@id":"https:\/\/czerwonagora.pl\/index.php\/2024\/02\/01\/dyrektor-szpitala-w-czerwonej-gorze-konsultantem-wojewodzkim-w-dziedzinie-chorob-pluc\/#primaryimage"},"thumbnailUrl":"https:\/\/czerwonagora.pl\/wp-content\/uploads\/2024\/02\/ys.jpg","articleSection":["Aktualno\u015bci"],"inLanguage":"pl-PL"},{"@type":"WebPage","@id":"https:\/\/czerwonagora.pl\/index.php\/2024\/02\/01\/dyrektor-szpitala-w-czerwonej-gorze-konsultantem-wojewodzkim-w-dziedzinie-chorob-pluc\/","url":"https:\/\/czerwonagora.pl\/index.php\/2024\/02\/01\/dyrektor-szpitala-w-czerwonej-gorze-konsultantem-wojewodzkim-w-dziedzinie-chorob-pluc\/","name":"Dyrektor szpitala w Czerwonej G\u00f3rze konsultantem wojew\u00f3dzkim w dziedzinie chor\u00f3b p\u0142uc","isPartOf":{"@id":"https:\/\/czerwonagora.pl\/#website"},"primaryImageOfPage":{"@id":"https:\/\/czerwonagora.pl\/index.php\/2024\/02\/01\/dyrektor-szpitala-w-czerwonej-gorze-konsultantem-wojewodzkim-w-dziedzinie-chorob-pluc\/#primaryimage"},"image":{"@id":"https:\/\/czerwonagora.pl\/index.php\/2024\/02\/01\/dyrektor-szpitala-w-czerwonej-gorze-konsultantem-wojewodzkim-w-dziedzinie-chorob-pluc\/#primaryimage"},"thumbnailUrl":"https:\/\/czerwonagora.pl\/wp-content\/uploads\/2024\/02\/ys.jpg","datePublished":"2024-02-01T08:54:12+00:00","dateModified":"2024-02-01T09:56:03+00:00","description":"Youssef Sleiman, dyrektor Wojew\u00f3dzkiego Szpitala Specjalistycznego im. \u015aw. Rafa\u0142a w Czerwonej G\u00f3rze, zosta\u0142 powo\u0142any na konsultanta wojew\u00f3dzkiego w dziedzinie chor\u00f3b p\u0142uc.","breadcrumb":{"@id":"https:\/\/czerwonagora.pl\/index.php\/2024\/02\/01\/dyrektor-szpitala-w-czerwonej-gorze-konsultantem-wojewodzkim-w-dziedzinie-chorob-pluc\/#breadcrumb"},"inLanguage":"pl-PL","potentialAction":[{"@type":"ReadAction","target":["https:\/\/czerwonagora.pl\/index.php\/2024\/02\/01\/dyrektor-szpitala-w-czerwonej-gorze-konsultantem-wojewodzkim-w-dziedzinie-chorob-pluc\/"]}]},{"@type":"ImageObject","inLanguage":"pl-PL","@id":"https:\/\/czerwonagora.pl\/index.php\/2024\/02\/01\/dyrektor-szpitala-w-czerwonej-gorze-konsultantem-wojewodzkim-w-dziedzinie-chorob-pluc\/#primaryimage","url":"https:\/\/czerwonagora.pl\/wp-content\/uploads\/2024\/02\/ys.jpg","contentUrl":"https:\/\/czerwonagora.pl\/wp-content\/uploads\/2024\/02\/ys.jpg","width":899,"height":598},{"@type":"BreadcrumbList","@id":"https:\/\/czerwonagora.pl\/index.php\/2024\/02\/01\/dyrektor-szpitala-w-czerwonej-gorze-konsultantem-wojewodzkim-w-dziedzinie-chorob-pluc\/#breadcrumb","itemListElement":[{"@type":"ListItem","position":1,"name":"Strona g\u0142\u00f3wna","item":"https:\/\/czerwonagora.pl\/"},{"@type":"ListItem","position":2,"name":"Dyrektor szpitala w Czerwonej G\u00f3rze ponownie powo\u0142any na konsultanta wojew\u00f3dzkiego w dziedzinie chor\u00f3b p\u0142uc"}]},{"@type":"WebSite","@id":"https:\/\/czerwonagora.pl\/#website","url":"https:\/\/czerwonagora.pl\/","name":"Wojew\u00f3dzki Szpital Specjalistyczny im. \u015aw. Rafa\u0142a w Czerwonej G\u00f3rze","description":"Wojew\u00f3dzki Szpital Specjalistyczny im. \u015aw. Rafa\u0142a w Czerwonej G\u00f3rze","publisher":{"@id":"https:\/\/czerwonagora.pl\/#organization"},"potentialAction":[{"@type":"SearchAction","target":{"@type":"EntryPoint","urlTemplate":"https:\/\/czerwonagora.pl\/?s={search_term_string}"},"query-input":{"@type":"PropertyValueSpecification","valueRequired":true,"valueName":"search_term_string"}}],"inLanguage":"pl-PL"},{"@type":"Organization","@id":"https:\/\/czerwonagora.pl\/#organization","name":"Wojew\u00f3dzki Szpital Specjalistyczny im. \u015aw. Rafa\u0142a w Czerwonej G\u00f3rze","url":"https:\/\/czerwonagora.pl\/","logo":{"@type":"ImageObject","inLanguage":"pl-PL","@id":"https:\/\/czerwonagora.pl\/#\/schema\/logo\/image\/","url":"https:\/\/czerwonagora.pl\/wp-content\/uploads\/2021\/06\/Logo-WSS-DUZE-transparentne.png","contentUrl":"https:\/\/czerwonagora.pl\/wp-content\/uploads\/2021\/06\/Logo-WSS-DUZE-transparentne.png","width":4210,"height":2975,"caption":"Wojew\u00f3dzki Szpital Specjalistyczny im. \u015aw. Rafa\u0142a w Czerwonej G\u00f3rze"},"image":{"@id":"https:\/\/czerwonagora.pl\/#\/schema\/logo\/image\/"},"sameAs":["https:\/\/www.facebook.com\/SzpitalCzerwonaGora\/"]},{"@type":"Person","@id":"https:\/\/czerwonagora.pl\/#\/schema\/person\/8a59ddcbab34628c327513f8d1cd204d","name":"Pawe\u0142 Wi\u0119cek","image":{"@type":"ImageObject","inLanguage":"pl-PL","@id":"https:\/\/czerwonagora.pl\/wp-content\/litespeed\/avatar\/63e21f6535ac26580501c1127a4e1775.jpg?ver=1776775208","url":"https:\/\/czerwonagora.pl\/wp-content\/litespeed\/avatar\/63e21f6535ac26580501c1127a4e1775.jpg?ver=1776775208","contentUrl":"https:\/\/czerwonagora.pl\/wp-content\/litespeed\/avatar\/63e21f6535ac26580501c1127a4e1775.jpg?ver=1776775208","caption":"Pawe\u0142 Wi\u0119cek"},"sameAs":["http:\/\/www.czerwonagora.pl"],"url":"https:\/\/czerwonagora.pl\/index.php\/author\/wiecek\/"}]}},"publishpress_future_action":{"enabled":false,"date":"2026-05-05 05:42:25","action":"change-status","newStatus":"draft","terms":[],"taxonomy":"category","extraData":[]},"publishpress_future_workflow_manual_trigger":{"enabledWorkflows":[]},"_links":{"self":[{"href":"https:\/\/czerwonagora.pl\/index.php\/wp-json\/wp\/v2\/posts\/21019","targetHints":{"allow":["GET"]}}],"collection":[{"href":"https:\/\/czerwonagora.pl\/index.php\/wp-json\/wp\/v2\/posts"}],"about":[{"href":"https:\/\/czerwonagora.pl\/index.php\/wp-json\/wp\/v2\/types\/post"}],"author":[{"embeddable":true,"href":"https:\/\/czerwonagora.pl\/index.php\/wp-json\/wp\/v2\/users\/8"}],"replies":[{"embeddable":true,"href":"https:\/\/czerwonagora.pl\/index.php\/wp-json\/wp\/v2\/comments?post=21019"}],"version-history":[{"count":2,"href":"https:\/\/czerwonagora.pl\/index.php\/wp-json\/wp\/v2\/posts\/21019\/revisions"}],"predecessor-version":[{"id":21026,"href":"https:\/\/czerwonagora.pl\/index.php\/wp-json\/wp\/v2\/posts\/21019\/revisions\/21026"}],"wp:featuredmedia":[{"embeddable":true,"href":"https:\/\/czerwonagora.pl\/index.php\/wp-json\/wp\/v2\/media\/21021"}],"wp:attachment":[{"href":"https:\/\/czerwonagora.pl\/index.php\/wp-json\/wp\/v2\/media?parent=21019"}],"wp:term":[{"taxonomy":"category","embeddable":true,"href":"https:\/\/czerwonagora.pl\/index.php\/wp-json\/wp\/v2\/categories?post=21019"},{"taxonomy":"post_tag","embeddable":true,"href":"https:\/\/czerwonagora.pl\/index.php\/wp-json\/wp\/v2\/tags?post=21019"}],"curies":[{"name":"wp","href":"https:\/\/api.w.org\/{rel}","templated":true}]}}