{"id":21064,"date":"2024-02-02T08:39:38","date_gmt":"2024-02-02T07:39:38","guid":{"rendered":"https:\/\/czerwonagora.pl\/?p=21064"},"modified":"2024-02-02T08:40:52","modified_gmt":"2024-02-02T07:40:52","slug":"dyrektor-wojewodzkiego-szpitala-specjalistycznego-im-sw-rafala-w-czerwonej-gorze-oglasza-nabor-na-stanowisko-referenta-ds-osobowych-w-dziale-kadr-2","status":"publish","type":"post","link":"https:\/\/czerwonagora.pl\/index.php\/2024\/02\/02\/dyrektor-wojewodzkiego-szpitala-specjalistycznego-im-sw-rafala-w-czerwonej-gorze-oglasza-nabor-na-stanowisko-referenta-ds-osobowych-w-dziale-kadr-2\/","title":{"rendered":"Dyrektor Wojew\u00f3dzkiego Szpitala Specjalistycznego im. \u015bw. Rafa\u0142a w Czerwonej G\u00f3rze og\u0142asza nab\u00f3r na stanowisko Referenta ds. Osobowych w Dziale Kadr"},"content":{"rendered":"\t\t<div data-elementor-type=\"wp-post\" data-elementor-id=\"21064\" class=\"elementor elementor-21064\">\n\t\t\t\t\t\t<section class=\"elementor-section elementor-top-section elementor-element elementor-element-bac3deb elementor-section-boxed elementor-section-height-default elementor-section-height-default\" data-id=\"bac3deb\" data-element_type=\"section\" data-e-type=\"section\">\n\t\t\t\t\t\t<div class=\"elementor-container elementor-column-gap-default\">\n\t\t\t\t\t<div class=\"elementor-column elementor-col-100 elementor-top-column elementor-element elementor-element-2480d85\" data-id=\"2480d85\" data-element_type=\"column\" data-e-type=\"column\">\n\t\t\t<div class=\"elementor-widget-wrap elementor-element-populated\">\n\t\t\t\t\t\t<div class=\"elementor-element elementor-element-39a5074 elementor-widget elementor-widget-text-editor\" data-id=\"39a5074\" data-element_type=\"widget\" data-e-type=\"widget\" data-widget_type=\"text-editor.default\">\n\t\t\t\t<div class=\"elementor-widget-container\">\n\t\t\t\t\t\t\t\t\t<p><strong>Wymagania zwi\u0105zane ze stanowiskiem pracy:<\/strong><\/p><ul><li>wykszta\u0142cenie wy\u017csze,<\/li><li>do\u015bwiadczenie w pracy w Dziale Kadr i rozliczaniu grafik\u00f3w (czasu pracy),<\/li><li>znajomo\u015b\u0107 przepis\u00f3w dotycz\u0105cych prawa pracy i czasu pracy,<\/li><li>bardzo dobra obs\u0142uga komputera,<\/li><li>dyspozycyjno\u015b\u0107, umiej\u0119tno\u015b\u0107 pracy w zespole.<\/li><\/ul><p>\u00a0<\/p><p><strong>Przyk\u0142adowe zadania:<\/strong><\/p><ul><li>zak\u0142adanie i prowadzenie akt osobowych pracownik\u00f3w,<\/li><li>sporz\u0105dzanie kompletnej dokumentacji zwi\u0105zanej z nawi\u0105zywaniem i rozwi\u0105zywaniem um\u00f3w o pracy,<\/li><li>prowadzenie ewidencji czasu pracy pracownik\u00f3w,<\/li><li>prowadzenie ewidencji absencji pracownik\u00f3w,<\/li><li>sprawdzanie zgodno\u015bci opracowywanych przez kom\u00f3rki organizacyjne harmonogram\u00f3w pracy<\/li><\/ul><p>z zawartymi umowami i obowi\u0105zuj\u0105cymi przepisami prawnymi,<\/p><ul><li>kontrolowanie termin\u00f3w bada\u0144 lekarskich i kierowanie pracownik\u00f3w na badania profilaktyczne,<\/li><li>bie\u017c\u0105ca obs\u0142uga administracyjna kom\u00f3rki.<\/li><\/ul><p>\u00a0<\/p><p><strong>Forma zatrudnienia:<\/strong><\/p><p><u>Umowa o prac\u0119 na czas zast\u0119pstwa<\/u> \u2013 wymiar etatu: ca\u0142y etat, liczba stanowisk pracy:1 <br \/><br \/><\/p><p><strong>Miejsce wykonywania pracy: Dzia\u0142 Kadr WSS im. \u015bw. Rafa\u0142a w Czerwonej G\u00f3rze, <br \/>ul. Czerwona G\u00f3ra 10, 26-060 Ch\u0119ciny.<\/strong><\/p><p>\u00a0<\/p><p><strong>Wymagane dokumenty i o\u015bwiadczenia: <\/strong><\/p><ul><li>CV,<\/li><li>Klauzula informacyjna dotycz\u0105ca rekrutacji w systemie internetowym wg za\u0142\u0105czonego wzoru,<\/li><\/ul><p>\u00a0<\/p><p><strong>Termin sk\u0142adania dokument\u00f3w: 2024-02-09<\/strong><\/p><p><strong>\u00a0<\/strong><\/p><p><strong>Miejsce sk\u0142adania dokument\u00f3w:<\/strong><\/p><p>\u00a0\u00a0\u00a0\u00a0\u00a0\u00a0\u00a0\u00a0\u00a0 Wojew\u00f3dzki Szpital Specjalistyczny im. \u015bw. Rafa\u0142a<\/p><ol><li>Czerwona G\u00f3ra 10, 26-060 Ch\u0119ciny<strong> lub poczt\u0105 elektroniczn\u0105 na adres: <br \/>\u00a0\u00a0 \u00a0\u00a0\u00a0\u00a0\u00a0\u00a0\u00a0\u00a0\u00a0<a href=\"mailto:k.resztak@czerwonagora.pl\">k.resztak@czerwonagora.pl<\/a><\/strong><\/li><\/ol><p><strong>\u00a0<\/strong><\/p><p><strong>Inne informacje : <\/strong><\/p><ul><li>Prosimy o do\u0142\u0105czenie za\u0142\u0105czonej klauzuli informacyjnej dotycz\u0105cej rekrutacji. W przypadku braku powy\u017cszej klauzuli nie b\u0119dziemy mogli rozpatrzy\u0107 Pani\/Pana aplikacji, a\u00a0dokumenty aplikacyjne zostan\u0105 zniszczone. Dokumenty przes\u0142ane w procesie rekrutacji nie podlegaj\u0105 zwrotowi.<\/li><li>Oferty otrzymane po terminie nie b\u0119d\u0105 rozpatrywane.<\/li><li>Zastrzega si\u0119 mo\u017cliwo\u015b\u0107 kontaktu wy\u0142\u0105cznie z wybranymi kandydatami.<\/li><li>Kandydatki\/ kandydaci spe\u0142niaj\u0105cy wymogi formalne okre\u015blone w og\u0142oszeniu o zakwalifikowaniu si\u0119 do kolejnego etapu post\u0119powania rekrutacyjnego zostan\u0105 powiadomieni telefonicznie. Oferty odrzucone zostan\u0105 zniszczone.<\/li><\/ul><p><strong>\u00a0<\/strong><\/p><p><strong>\u00a0<\/strong><\/p><p><strong>Dodatkowych informacji udziela Dzia\u0142 Kadr pod numerem telefonu: (041) 346\u201355\u201345 w. 123, 230 <\/strong><\/p><p><strong>\u00a0<\/strong><\/p><p><strong>KLAUZULA INFORMACYJNA <br \/>DOTYCZ\u0104CA REKRUTACJI W SYSTEMIE INTERNETOWYM <\/strong><\/p><p>Zgodnie z art. 13 ust. 1 i 2 rozporz\u0105dzenia Parlamentu Europejskiego i Rady (UE) 2016\/679 z 27.04.2016 r. w sprawie ochrony os\u00f3b fizycznych w zwi\u0105zku z przetwarzaniem danych osobowych i w sprawie swobodnego przep\u0142ywu takich danych oraz uchylenia dyrektywy 95\/46\/WE (og\u00f3lne rozporz\u0105dzenie o ochronie danych) (Dz. U. UE. L. z 2016 r. Nr 119, str. 1) \u2013 dalej RODO informuj\u0119, i\u017c:<\/p><p>1)\u00a0\u00a0\u00a0\u00a0\u00a0 Administratorem Pani\/Pana danych osobowych jest Wojew\u00f3dzki Szpital Specjalistyczny im. \u015bw. Rafa\u0142a w Czerwonej G\u00f3rze, ul. Czerwona G\u00f3ra 10, 26-060 Ch\u0119ciny, tel.: 41\u00a0346 55 45, e-mail: <a href=\"mailto:czerwonagora@czerwonagora.pl\">czerwonagora@czerwonagora.pl<\/a> NIP: 959-12-89-964, Regon: 000296213.<\/p><p>2)\u00a0\u00a0\u00a0\u00a0\u00a0 Inspektorem ochrony danych w Wojew\u00f3dzkim Szpitalu Specjalistycznym im. \u015bw. Rafa\u0142a w Czerwonej G\u00f3rze jest Pan Wies\u0142aw Loch e-mail <a href=\"mailto:iod@czerwonagora.pl\">iod@czerwonagora.pl<\/a>, nr.tel. 41\u00a0346 55 45 w. 211;<\/p><p>3) Pani\/Pana dane osobowe przetwarzane b\u0119d\u0105 w celu przeprowadzenia procesu rekrutacji na stanowisko Referenta ds. Osobowych w Dziale Kadr na podstawie art. 6 ust. 1 lit. a RODO, na podstawie Pani\/Pana dobrowolnej zgody;<\/p><p>4)\u00a0\u00a0\u00a0\u00a0\u00a0 Odbiorc\u0105 Pani\/Pana danych osobowych jest WSS im. \u015bw. Rafa\u0142a w Czerwonej G\u00f3rze<\/p><p>*<em>(mo\u017cna wymieni\u0107 kategori\u0119 odbiorc\u00f3w o ile istniej\u0105)<\/em>;<\/p><p>5)\u00a0\u00a0\u00a0\u00a0\u00a0 Pani\/Pana dane osobowe b\u0119d\u0105 przechowywane przez okres niezb\u0119dny do przeprowadzenia rekrutacji. Dokumenty kandydata, kt\u00f3ry nie zostanie zatrudniony zostan\u0105 zniszczone niezw\u0142ocznie po zako\u0144czeniu procesu rekrutacji;<\/p><p>6)\u00a0\u00a0\u00a0\u00a0\u00a0 Posiada Pani\/Pan prawo dost\u0119pu do tre\u015bci swoich danych oraz prawo ich sprostowania, usuni\u0119cia, ograniczenia przetwarzania, prawo do przenoszenia danych, prawo wniesienia sprzeciwu, prawo do cofni\u0119cia zgody na ich przetwarzanie w dowolnym momencie bez wp\u0142ywu na zgodno\u015b\u0107 z prawem przetwarzania, kt\u00f3rego dokonano na podstawie zgody wyra\u017conej przed jej cofni\u0119ciem. O\u015bwiadczenie o cofni\u0119ciu zgody na przetwarzanie danych osobowych wymaga jego z\u0142o\u017cenia w formie pisemnej lub elektronicznej na adres mailowy <a href=\"mailto:iod@czerwonagora.pl\">iod@czerwonagora.pl<\/a>,<\/p><p>7)\u00a0\u00a0\u00a0\u00a0\u00a0 Ma Pan\/Pani prawo wniesienia skargi do Prezesa Urz\u0119du Ochrony Danych Osobowych, gdy uzna Pani\/Pan, i\u017c przetwarzanie danych osobowych Pani\/Pana dotycz\u0105cych narusza przepisy RODO;<\/p><p>8)\u00a0\u00a0\u00a0\u00a0\u00a0 Podanie przez Pana\/Pani\u0105 danych osobowych jest dobrowolne, ale konieczne dla cel\u00f3w zwi\u0105zanych z przeprowadzeniem procesu rekrutacji na stanowisko Referenta ds. Osobowych w Dziale Kadr;<\/p><p><strong>\u00a0<\/strong><\/p><p><strong>\u00a0<\/strong><\/p><p><strong>Klauzula zawieraj\u0105ca zgod\u0119 na przetwarzanie danych osobowych (na CV)<\/strong><\/p><p>Na podstawie art. 7 ust. 1 RODO o\u015bwiadczam, i\u017c wyra\u017cam zgod\u0119 na przetwarzanie przez administratora, kt\u00f3rym jest Wojew\u00f3dzki Szpital Specjalistyczny im. \u015bw. Rafa\u0142a w Czerwonej G\u00f3rze, ul. Czerwona G\u00f3ra 10, 26-060 Ch\u0119ciny, tel.: 41\u00a0346 55 45, e-mail: <a href=\"mailto:czerwonagora@czerwonagora.pl\">czerwonagora@czerwonagora.pl<\/a> NIP: 959-12-89-964, Regon: 000296213, moich danych osobowych w celu przeprowadzenia procedury rekrutacji na stanowisko Referenta ds. Osobowych w Dziale Kadr. Powy\u017csza zgoda zosta\u0142a wyra\u017cona dobrowolnie zgodnie z art. 4 pkt 11 RODO.<\/p><p>&#8230;&#8230;&#8230;&#8230;&#8230;&#8230;&#8230;&#8230;&#8230;&#8230;&#8230;&#8230;&#8230;&#8230;&#8230;..<br \/>\u00a0\u00a0\u00a0\u00a0\u00a0\u00a0 (data i podpis kandydata do pracy)<\/p>\t\t\t\t\t\t\t\t<\/div>\n\t\t\t\t<\/div>\n\t\t\t\t\t<\/div>\n\t\t<\/div>\n\t\t\t\t\t<\/div>\n\t\t<\/section>\n\t\t\t\t<section class=\"elementor-section elementor-top-section elementor-element elementor-element-af1612d elementor-section-boxed elementor-section-height-default elementor-section-height-default\" data-id=\"af1612d\" data-element_type=\"section\" data-e-type=\"section\" data-settings=\"{&quot;background_background&quot;:&quot;classic&quot;}\">\n\t\t\t\t\t\t<div class=\"elementor-container elementor-column-gap-default\">\n\t\t\t\t\t<div class=\"elementor-column elementor-col-25 elementor-top-column elementor-element elementor-element-2cf8eef\" data-id=\"2cf8eef\" data-element_type=\"column\" data-e-type=\"column\">\n\t\t\t<div class=\"elementor-widget-wrap elementor-element-populated\">\n\t\t\t\t\t\t<div class=\"elementor-element elementor-element-91c038e elementor-view-default elementor-widget elementor-widget-icon\" data-id=\"91c038e\" data-element_type=\"widget\" data-e-type=\"widget\" data-widget_type=\"icon.default\">\n\t\t\t\t<div class=\"elementor-widget-container\">\n\t\t\t\t\t\t\t<div class=\"elementor-icon-wrapper\">\n\t\t\t<div class=\"elementor-icon\">\n\t\t\t<i aria-hidden=\"true\" class=\"far fa-file-pdf\"><\/i>\t\t\t<\/div>\n\t\t<\/div>\n\t\t\t\t\t\t<\/div>\n\t\t\t\t<\/div>\n\t\t\t\t\t<\/div>\n\t\t<\/div>\n\t\t\t\t<div class=\"elementor-column elementor-col-50 elementor-top-column elementor-element elementor-element-8cb62e2\" data-id=\"8cb62e2\" data-element_type=\"column\" data-e-type=\"column\">\n\t\t\t<div class=\"elementor-widget-wrap elementor-element-populated\">\n\t\t\t\t\t\t<div class=\"elementor-element elementor-element-6d6f84e elementor-widget elementor-widget-text-editor\" data-id=\"6d6f84e\" data-element_type=\"widget\" data-e-type=\"widget\" data-widget_type=\"text-editor.default\">\n\t\t\t\t<div class=\"elementor-widget-container\">\n\t\t\t\t\t\t\t\t\t<p><strong>Dokumenty do pobrania<\/strong><\/p>\t\t\t\t\t\t\t\t<\/div>\n\t\t\t\t<\/div>\n\t\t\t\t\t<\/div>\n\t\t<\/div>\n\t\t\t\t<div class=\"elementor-column elementor-col-25 elementor-top-column elementor-element elementor-element-8d19ced\" data-id=\"8d19ced\" data-element_type=\"column\" data-e-type=\"column\">\n\t\t\t<div class=\"elementor-widget-wrap elementor-element-populated\">\n\t\t\t\t\t\t<div class=\"elementor-element elementor-element-0d4203d elementor-align-center elementor-widget elementor-widget-button\" data-id=\"0d4203d\" data-element_type=\"widget\" data-e-type=\"widget\" data-widget_type=\"button.default\">\n\t\t\t\t<div class=\"elementor-widget-container\">\n\t\t\t\t\t\t\t\t\t<div class=\"elementor-button-wrapper\">\n\t\t\t\t\t<a class=\"elementor-button elementor-button-link elementor-size-sm elementor-animation-grow\" href=\"https:\/\/czerwonagora.pl\/wp-content\/uploads\/2024\/02\/Referent-ds.-osobowych.pdf\">\n\t\t\t\t\t\t<span class=\"elementor-button-content-wrapper\">\n\t\t\t\t\t\t\t\t\t<span class=\"elementor-button-text\">Pobierz<\/span>\n\t\t\t\t\t<\/span>\n\t\t\t\t\t<\/a>\n\t\t\t\t<\/div>\n\t\t\t\t\t\t\t\t<\/div>\n\t\t\t\t<\/div>\n\t\t\t\t\t<\/div>\n\t\t<\/div>\n\t\t\t\t\t<\/div>\n\t\t<\/section>\n\t\t\t\t<\/div>\n\t\t","protected":false},"excerpt":{"rendered":"<p>Wymagania zwi\u0105zane ze stanowiskiem pracy: wykszta\u0142cenie wy\u017csze, do\u015bwiadczenie w pracy w Dziale Kadr i rozliczaniu grafik\u00f3w (czasu pracy), znajomo\u015b\u0107 przepis\u00f3w dotycz\u0105cych prawa pracy i czasu pracy, bardzo dobra obs\u0142uga komputera, dyspozycyjno\u015b\u0107, umiej\u0119tno\u015b\u0107 pracy w zespole. \u00a0 Przyk\u0142adowe zadania: zak\u0142adanie i prowadzenie akt osobowych pracownik\u00f3w, sporz\u0105dzanie kompletnej dokumentacji zwi\u0105zanej z nawi\u0105zywaniem i rozwi\u0105zywaniem um\u00f3w o pracy, [&hellip;]<\/p>\n","protected":false},"author":9,"featured_media":8233,"comment_status":"closed","ping_status":"closed","sticky":false,"template":"","format":"standard","meta":{"zakra_page_container_layout":"customizer","zakra_page_sidebar_layout":"customizer","zakra_remove_content_margin":false,"zakra_sidebar":"customizer","zakra_transparent_header":"customizer","zakra_logo":0,"zakra_main_header_style":"default","zakra_menu_item_color":"","zakra_menu_item_hover_color":"","zakra_menu_item_active_color":"","zakra_menu_active_style":"","zakra_page_header":true,"footnotes":""},"categories":[42],"tags":[],"class_list":["post-21064","post","type-post","status-publish","format-standard","has-post-thumbnail","hentry","category-oferty-pracy"],"yoast_head":"<!-- This site is optimized with the Yoast SEO plugin v27.4 - https:\/\/yoast.com\/product\/yoast-seo-wordpress\/ -->\n<title>Dyrektor Wojew\u00f3dzkiego Szpitala Specjalistycznego im. \u015bw. Rafa\u0142a w Czerwonej G\u00f3rze og\u0142asza nab\u00f3r na stanowisko Referenta ds. Osobowych w Dziale Kadr - Wojew\u00f3dzki Szpital Specjalistyczny im. \u015aw. Rafa\u0142a w Czerwonej G\u00f3rze<\/title>\n<meta name=\"robots\" content=\"index, follow, max-snippet:-1, max-image-preview:large, max-video-preview:-1\" \/>\n<link rel=\"canonical\" href=\"https:\/\/czerwonagora.pl\/index.php\/2024\/02\/02\/dyrektor-wojewodzkiego-szpitala-specjalistycznego-im-sw-rafala-w-czerwonej-gorze-oglasza-nabor-na-stanowisko-referenta-ds-osobowych-w-dziale-kadr-2\/\" \/>\n<meta property=\"og:locale\" content=\"pl_PL\" \/>\n<meta property=\"og:type\" content=\"article\" \/>\n<meta property=\"og:title\" content=\"Dyrektor Wojew\u00f3dzkiego Szpitala Specjalistycznego im. \u015bw. Rafa\u0142a w Czerwonej G\u00f3rze og\u0142asza nab\u00f3r na stanowisko Referenta ds. Osobowych w Dziale Kadr - Wojew\u00f3dzki Szpital Specjalistyczny im. \u015aw. Rafa\u0142a w Czerwonej G\u00f3rze\" \/>\n<meta property=\"og:description\" content=\"Wymagania zwi\u0105zane ze stanowiskiem pracy: wykszta\u0142cenie wy\u017csze, do\u015bwiadczenie w pracy w Dziale Kadr i rozliczaniu grafik\u00f3w (czasu pracy), znajomo\u015b\u0107 przepis\u00f3w dotycz\u0105cych prawa pracy i czasu pracy, bardzo dobra obs\u0142uga komputera, dyspozycyjno\u015b\u0107, umiej\u0119tno\u015b\u0107 pracy w zespole. \u00a0 Przyk\u0142adowe zadania: zak\u0142adanie i prowadzenie akt osobowych pracownik\u00f3w, sporz\u0105dzanie kompletnej dokumentacji zwi\u0105zanej z nawi\u0105zywaniem i rozwi\u0105zywaniem um\u00f3w o pracy, [&hellip;]\" \/>\n<meta property=\"og:url\" content=\"https:\/\/czerwonagora.pl\/index.php\/2024\/02\/02\/dyrektor-wojewodzkiego-szpitala-specjalistycznego-im-sw-rafala-w-czerwonej-gorze-oglasza-nabor-na-stanowisko-referenta-ds-osobowych-w-dziale-kadr-2\/\" \/>\n<meta property=\"og:site_name\" content=\"Wojew\u00f3dzki Szpital Specjalistyczny im. \u015aw. Rafa\u0142a w Czerwonej G\u00f3rze\" \/>\n<meta property=\"article:publisher\" content=\"https:\/\/www.facebook.com\/SzpitalCzerwonaGora\/\" \/>\n<meta property=\"article:published_time\" content=\"2024-02-02T07:39:38+00:00\" \/>\n<meta property=\"article:modified_time\" content=\"2024-02-02T07:40:52+00:00\" \/>\n<meta property=\"og:image\" content=\"https:\/\/czerwonagora.pl\/wp-content\/uploads\/2021\/06\/Oferta_pracy_administracja-1.jpg\" \/>\n\t<meta property=\"og:image:width\" content=\"803\" \/>\n\t<meta property=\"og:image:height\" content=\"360\" \/>\n\t<meta property=\"og:image:type\" content=\"image\/jpeg\" \/>\n<meta name=\"author\" content=\"Jan Anderman\" \/>\n<meta name=\"twitter:card\" content=\"summary_large_image\" \/>\n<meta name=\"twitter:label1\" content=\"Napisane przez\" \/>\n\t<meta name=\"twitter:data1\" content=\"Jan Anderman\" \/>\n\t<meta name=\"twitter:label2\" content=\"Szacowany czas czytania\" \/>\n\t<meta name=\"twitter:data2\" content=\"4 minuty\" \/>\n<script type=\"application\/ld+json\" class=\"yoast-schema-graph\">{\"@context\":\"https:\\\/\\\/schema.org\",\"@graph\":[{\"@type\":\"Article\",\"@id\":\"https:\\\/\\\/czerwonagora.pl\\\/index.php\\\/2024\\\/02\\\/02\\\/dyrektor-wojewodzkiego-szpitala-specjalistycznego-im-sw-rafala-w-czerwonej-gorze-oglasza-nabor-na-stanowisko-referenta-ds-osobowych-w-dziale-kadr-2\\\/#article\",\"isPartOf\":{\"@id\":\"https:\\\/\\\/czerwonagora.pl\\\/index.php\\\/2024\\\/02\\\/02\\\/dyrektor-wojewodzkiego-szpitala-specjalistycznego-im-sw-rafala-w-czerwonej-gorze-oglasza-nabor-na-stanowisko-referenta-ds-osobowych-w-dziale-kadr-2\\\/\"},\"author\":{\"name\":\"Jan Anderman\",\"@id\":\"https:\\\/\\\/czerwonagora.pl\\\/#\\\/schema\\\/person\\\/8b70983499a382afa6978e88bcfde1b8\"},\"headline\":\"Dyrektor Wojew\u00f3dzkiego Szpitala Specjalistycznego im. \u015bw. Rafa\u0142a w Czerwonej G\u00f3rze og\u0142asza nab\u00f3r na stanowisko Referenta ds. Osobowych w Dziale Kadr\",\"datePublished\":\"2024-02-02T07:39:38+00:00\",\"dateModified\":\"2024-02-02T07:40:52+00:00\",\"mainEntityOfPage\":{\"@id\":\"https:\\\/\\\/czerwonagora.pl\\\/index.php\\\/2024\\\/02\\\/02\\\/dyrektor-wojewodzkiego-szpitala-specjalistycznego-im-sw-rafala-w-czerwonej-gorze-oglasza-nabor-na-stanowisko-referenta-ds-osobowych-w-dziale-kadr-2\\\/\"},\"wordCount\":783,\"publisher\":{\"@id\":\"https:\\\/\\\/czerwonagora.pl\\\/#organization\"},\"image\":{\"@id\":\"https:\\\/\\\/czerwonagora.pl\\\/index.php\\\/2024\\\/02\\\/02\\\/dyrektor-wojewodzkiego-szpitala-specjalistycznego-im-sw-rafala-w-czerwonej-gorze-oglasza-nabor-na-stanowisko-referenta-ds-osobowych-w-dziale-kadr-2\\\/#primaryimage\"},\"thumbnailUrl\":\"https:\\\/\\\/czerwonagora.pl\\\/wp-content\\\/uploads\\\/2021\\\/06\\\/Oferta_pracy_administracja-1.jpg\",\"articleSection\":[\"Oferty pracy\"],\"inLanguage\":\"pl-PL\"},{\"@type\":\"WebPage\",\"@id\":\"https:\\\/\\\/czerwonagora.pl\\\/index.php\\\/2024\\\/02\\\/02\\\/dyrektor-wojewodzkiego-szpitala-specjalistycznego-im-sw-rafala-w-czerwonej-gorze-oglasza-nabor-na-stanowisko-referenta-ds-osobowych-w-dziale-kadr-2\\\/\",\"url\":\"https:\\\/\\\/czerwonagora.pl\\\/index.php\\\/2024\\\/02\\\/02\\\/dyrektor-wojewodzkiego-szpitala-specjalistycznego-im-sw-rafala-w-czerwonej-gorze-oglasza-nabor-na-stanowisko-referenta-ds-osobowych-w-dziale-kadr-2\\\/\",\"name\":\"Dyrektor Wojew\u00f3dzkiego Szpitala Specjalistycznego im. \u015bw. Rafa\u0142a w Czerwonej G\u00f3rze og\u0142asza nab\u00f3r na stanowisko Referenta ds. Osobowych w Dziale Kadr - Wojew\u00f3dzki Szpital Specjalistyczny im. \u015aw. Rafa\u0142a w Czerwonej G\u00f3rze\",\"isPartOf\":{\"@id\":\"https:\\\/\\\/czerwonagora.pl\\\/#website\"},\"primaryImageOfPage\":{\"@id\":\"https:\\\/\\\/czerwonagora.pl\\\/index.php\\\/2024\\\/02\\\/02\\\/dyrektor-wojewodzkiego-szpitala-specjalistycznego-im-sw-rafala-w-czerwonej-gorze-oglasza-nabor-na-stanowisko-referenta-ds-osobowych-w-dziale-kadr-2\\\/#primaryimage\"},\"image\":{\"@id\":\"https:\\\/\\\/czerwonagora.pl\\\/index.php\\\/2024\\\/02\\\/02\\\/dyrektor-wojewodzkiego-szpitala-specjalistycznego-im-sw-rafala-w-czerwonej-gorze-oglasza-nabor-na-stanowisko-referenta-ds-osobowych-w-dziale-kadr-2\\\/#primaryimage\"},\"thumbnailUrl\":\"https:\\\/\\\/czerwonagora.pl\\\/wp-content\\\/uploads\\\/2021\\\/06\\\/Oferta_pracy_administracja-1.jpg\",\"datePublished\":\"2024-02-02T07:39:38+00:00\",\"dateModified\":\"2024-02-02T07:40:52+00:00\",\"breadcrumb\":{\"@id\":\"https:\\\/\\\/czerwonagora.pl\\\/index.php\\\/2024\\\/02\\\/02\\\/dyrektor-wojewodzkiego-szpitala-specjalistycznego-im-sw-rafala-w-czerwonej-gorze-oglasza-nabor-na-stanowisko-referenta-ds-osobowych-w-dziale-kadr-2\\\/#breadcrumb\"},\"inLanguage\":\"pl-PL\",\"potentialAction\":[{\"@type\":\"ReadAction\",\"target\":[\"https:\\\/\\\/czerwonagora.pl\\\/index.php\\\/2024\\\/02\\\/02\\\/dyrektor-wojewodzkiego-szpitala-specjalistycznego-im-sw-rafala-w-czerwonej-gorze-oglasza-nabor-na-stanowisko-referenta-ds-osobowych-w-dziale-kadr-2\\\/\"]}]},{\"@type\":\"ImageObject\",\"inLanguage\":\"pl-PL\",\"@id\":\"https:\\\/\\\/czerwonagora.pl\\\/index.php\\\/2024\\\/02\\\/02\\\/dyrektor-wojewodzkiego-szpitala-specjalistycznego-im-sw-rafala-w-czerwonej-gorze-oglasza-nabor-na-stanowisko-referenta-ds-osobowych-w-dziale-kadr-2\\\/#primaryimage\",\"url\":\"https:\\\/\\\/czerwonagora.pl\\\/wp-content\\\/uploads\\\/2021\\\/06\\\/Oferta_pracy_administracja-1.jpg\",\"contentUrl\":\"https:\\\/\\\/czerwonagora.pl\\\/wp-content\\\/uploads\\\/2021\\\/06\\\/Oferta_pracy_administracja-1.jpg\",\"width\":803,\"height\":360,\"caption\":\"t\u0142o koloru niebieskiego na kt\u00f3rym znaduje si\u0119 zarys os\u00f3b ubranch w ubrania wizytowe z bia\u0142ym napisem Oferta pracy\"},{\"@type\":\"BreadcrumbList\",\"@id\":\"https:\\\/\\\/czerwonagora.pl\\\/index.php\\\/2024\\\/02\\\/02\\\/dyrektor-wojewodzkiego-szpitala-specjalistycznego-im-sw-rafala-w-czerwonej-gorze-oglasza-nabor-na-stanowisko-referenta-ds-osobowych-w-dziale-kadr-2\\\/#breadcrumb\",\"itemListElement\":[{\"@type\":\"ListItem\",\"position\":1,\"name\":\"Strona g\u0142\u00f3wna\",\"item\":\"https:\\\/\\\/czerwonagora.pl\\\/\"},{\"@type\":\"ListItem\",\"position\":2,\"name\":\"Dyrektor Wojew\u00f3dzkiego Szpitala Specjalistycznego im. \u015bw. Rafa\u0142a w Czerwonej G\u00f3rze og\u0142asza nab\u00f3r na stanowisko Referenta ds. Osobowych w Dziale Kadr\"}]},{\"@type\":\"WebSite\",\"@id\":\"https:\\\/\\\/czerwonagora.pl\\\/#website\",\"url\":\"https:\\\/\\\/czerwonagora.pl\\\/\",\"name\":\"Wojew\u00f3dzki Szpital Specjalistyczny im. \u015aw. Rafa\u0142a w Czerwonej G\u00f3rze\",\"description\":\"Wojew\u00f3dzki Szpital Specjalistyczny im. \u015aw. Rafa\u0142a w Czerwonej G\u00f3rze\",\"publisher\":{\"@id\":\"https:\\\/\\\/czerwonagora.pl\\\/#organization\"},\"potentialAction\":[{\"@type\":\"SearchAction\",\"target\":{\"@type\":\"EntryPoint\",\"urlTemplate\":\"https:\\\/\\\/czerwonagora.pl\\\/?s={search_term_string}\"},\"query-input\":{\"@type\":\"PropertyValueSpecification\",\"valueRequired\":true,\"valueName\":\"search_term_string\"}}],\"inLanguage\":\"pl-PL\"},{\"@type\":\"Organization\",\"@id\":\"https:\\\/\\\/czerwonagora.pl\\\/#organization\",\"name\":\"Wojew\u00f3dzki Szpital Specjalistyczny im. \u015aw. Rafa\u0142a w Czerwonej G\u00f3rze\",\"url\":\"https:\\\/\\\/czerwonagora.pl\\\/\",\"logo\":{\"@type\":\"ImageObject\",\"inLanguage\":\"pl-PL\",\"@id\":\"https:\\\/\\\/czerwonagora.pl\\\/#\\\/schema\\\/logo\\\/image\\\/\",\"url\":\"https:\\\/\\\/czerwonagora.pl\\\/wp-content\\\/uploads\\\/2021\\\/06\\\/Logo-WSS-DUZE-transparentne.png\",\"contentUrl\":\"https:\\\/\\\/czerwonagora.pl\\\/wp-content\\\/uploads\\\/2021\\\/06\\\/Logo-WSS-DUZE-transparentne.png\",\"width\":4210,\"height\":2975,\"caption\":\"Wojew\u00f3dzki Szpital Specjalistyczny im. \u015aw. Rafa\u0142a w Czerwonej G\u00f3rze\"},\"image\":{\"@id\":\"https:\\\/\\\/czerwonagora.pl\\\/#\\\/schema\\\/logo\\\/image\\\/\"},\"sameAs\":[\"https:\\\/\\\/www.facebook.com\\\/SzpitalCzerwonaGora\\\/\"]},{\"@type\":\"Person\",\"@id\":\"https:\\\/\\\/czerwonagora.pl\\\/#\\\/schema\\\/person\\\/8b70983499a382afa6978e88bcfde1b8\",\"name\":\"Jan Anderman\",\"image\":{\"@type\":\"ImageObject\",\"inLanguage\":\"pl-PL\",\"@id\":\"https:\\\/\\\/czerwonagora.pl\\\/wp-content\\\/litespeed\\\/avatar\\\/d5bc867d497b251469db97f076802c5f.jpg?ver=1777380281\",\"url\":\"https:\\\/\\\/czerwonagora.pl\\\/wp-content\\\/litespeed\\\/avatar\\\/d5bc867d497b251469db97f076802c5f.jpg?ver=1777380281\",\"contentUrl\":\"https:\\\/\\\/czerwonagora.pl\\\/wp-content\\\/litespeed\\\/avatar\\\/d5bc867d497b251469db97f076802c5f.jpg?ver=1777380281\",\"caption\":\"Jan Anderman\"},\"url\":\"https:\\\/\\\/czerwonagora.pl\\\/index.php\\\/author\\\/anderman\\\/\"}]}<\/script>\n<!-- \/ Yoast SEO plugin. -->","yoast_head_json":{"title":"Dyrektor Wojew\u00f3dzkiego Szpitala Specjalistycznego im. \u015bw. Rafa\u0142a w Czerwonej G\u00f3rze og\u0142asza nab\u00f3r na stanowisko Referenta ds. Osobowych w Dziale Kadr - Wojew\u00f3dzki Szpital Specjalistyczny im. \u015aw. Rafa\u0142a w Czerwonej G\u00f3rze","robots":{"index":"index","follow":"follow","max-snippet":"max-snippet:-1","max-image-preview":"max-image-preview:large","max-video-preview":"max-video-preview:-1"},"canonical":"https:\/\/czerwonagora.pl\/index.php\/2024\/02\/02\/dyrektor-wojewodzkiego-szpitala-specjalistycznego-im-sw-rafala-w-czerwonej-gorze-oglasza-nabor-na-stanowisko-referenta-ds-osobowych-w-dziale-kadr-2\/","og_locale":"pl_PL","og_type":"article","og_title":"Dyrektor Wojew\u00f3dzkiego Szpitala Specjalistycznego im. \u015bw. Rafa\u0142a w Czerwonej G\u00f3rze og\u0142asza nab\u00f3r na stanowisko Referenta ds. Osobowych w Dziale Kadr - Wojew\u00f3dzki Szpital Specjalistyczny im. \u015aw. Rafa\u0142a w Czerwonej G\u00f3rze","og_description":"Wymagania zwi\u0105zane ze stanowiskiem pracy: wykszta\u0142cenie wy\u017csze, do\u015bwiadczenie w pracy w Dziale Kadr i rozliczaniu grafik\u00f3w (czasu pracy), znajomo\u015b\u0107 przepis\u00f3w dotycz\u0105cych prawa pracy i czasu pracy, bardzo dobra obs\u0142uga komputera, dyspozycyjno\u015b\u0107, umiej\u0119tno\u015b\u0107 pracy w zespole. \u00a0 Przyk\u0142adowe zadania: zak\u0142adanie i prowadzenie akt osobowych pracownik\u00f3w, sporz\u0105dzanie kompletnej dokumentacji zwi\u0105zanej z nawi\u0105zywaniem i rozwi\u0105zywaniem um\u00f3w o pracy, [&hellip;]","og_url":"https:\/\/czerwonagora.pl\/index.php\/2024\/02\/02\/dyrektor-wojewodzkiego-szpitala-specjalistycznego-im-sw-rafala-w-czerwonej-gorze-oglasza-nabor-na-stanowisko-referenta-ds-osobowych-w-dziale-kadr-2\/","og_site_name":"Wojew\u00f3dzki Szpital Specjalistyczny im. \u015aw. Rafa\u0142a w Czerwonej G\u00f3rze","article_publisher":"https:\/\/www.facebook.com\/SzpitalCzerwonaGora\/","article_published_time":"2024-02-02T07:39:38+00:00","article_modified_time":"2024-02-02T07:40:52+00:00","og_image":[{"width":803,"height":360,"url":"https:\/\/czerwonagora.pl\/wp-content\/uploads\/2021\/06\/Oferta_pracy_administracja-1.jpg","type":"image\/jpeg"}],"author":"Jan Anderman","twitter_card":"summary_large_image","twitter_misc":{"Napisane przez":"Jan Anderman","Szacowany czas czytania":"4 minuty"},"schema":{"@context":"https:\/\/schema.org","@graph":[{"@type":"Article","@id":"https:\/\/czerwonagora.pl\/index.php\/2024\/02\/02\/dyrektor-wojewodzkiego-szpitala-specjalistycznego-im-sw-rafala-w-czerwonej-gorze-oglasza-nabor-na-stanowisko-referenta-ds-osobowych-w-dziale-kadr-2\/#article","isPartOf":{"@id":"https:\/\/czerwonagora.pl\/index.php\/2024\/02\/02\/dyrektor-wojewodzkiego-szpitala-specjalistycznego-im-sw-rafala-w-czerwonej-gorze-oglasza-nabor-na-stanowisko-referenta-ds-osobowych-w-dziale-kadr-2\/"},"author":{"name":"Jan Anderman","@id":"https:\/\/czerwonagora.pl\/#\/schema\/person\/8b70983499a382afa6978e88bcfde1b8"},"headline":"Dyrektor Wojew\u00f3dzkiego Szpitala Specjalistycznego im. \u015bw. Rafa\u0142a w Czerwonej G\u00f3rze og\u0142asza nab\u00f3r na stanowisko Referenta ds. Osobowych w Dziale Kadr","datePublished":"2024-02-02T07:39:38+00:00","dateModified":"2024-02-02T07:40:52+00:00","mainEntityOfPage":{"@id":"https:\/\/czerwonagora.pl\/index.php\/2024\/02\/02\/dyrektor-wojewodzkiego-szpitala-specjalistycznego-im-sw-rafala-w-czerwonej-gorze-oglasza-nabor-na-stanowisko-referenta-ds-osobowych-w-dziale-kadr-2\/"},"wordCount":783,"publisher":{"@id":"https:\/\/czerwonagora.pl\/#organization"},"image":{"@id":"https:\/\/czerwonagora.pl\/index.php\/2024\/02\/02\/dyrektor-wojewodzkiego-szpitala-specjalistycznego-im-sw-rafala-w-czerwonej-gorze-oglasza-nabor-na-stanowisko-referenta-ds-osobowych-w-dziale-kadr-2\/#primaryimage"},"thumbnailUrl":"https:\/\/czerwonagora.pl\/wp-content\/uploads\/2021\/06\/Oferta_pracy_administracja-1.jpg","articleSection":["Oferty pracy"],"inLanguage":"pl-PL"},{"@type":"WebPage","@id":"https:\/\/czerwonagora.pl\/index.php\/2024\/02\/02\/dyrektor-wojewodzkiego-szpitala-specjalistycznego-im-sw-rafala-w-czerwonej-gorze-oglasza-nabor-na-stanowisko-referenta-ds-osobowych-w-dziale-kadr-2\/","url":"https:\/\/czerwonagora.pl\/index.php\/2024\/02\/02\/dyrektor-wojewodzkiego-szpitala-specjalistycznego-im-sw-rafala-w-czerwonej-gorze-oglasza-nabor-na-stanowisko-referenta-ds-osobowych-w-dziale-kadr-2\/","name":"Dyrektor Wojew\u00f3dzkiego Szpitala Specjalistycznego im. \u015bw. Rafa\u0142a w Czerwonej G\u00f3rze og\u0142asza nab\u00f3r na stanowisko Referenta ds. Osobowych w Dziale Kadr - Wojew\u00f3dzki Szpital Specjalistyczny im. \u015aw. Rafa\u0142a w Czerwonej G\u00f3rze","isPartOf":{"@id":"https:\/\/czerwonagora.pl\/#website"},"primaryImageOfPage":{"@id":"https:\/\/czerwonagora.pl\/index.php\/2024\/02\/02\/dyrektor-wojewodzkiego-szpitala-specjalistycznego-im-sw-rafala-w-czerwonej-gorze-oglasza-nabor-na-stanowisko-referenta-ds-osobowych-w-dziale-kadr-2\/#primaryimage"},"image":{"@id":"https:\/\/czerwonagora.pl\/index.php\/2024\/02\/02\/dyrektor-wojewodzkiego-szpitala-specjalistycznego-im-sw-rafala-w-czerwonej-gorze-oglasza-nabor-na-stanowisko-referenta-ds-osobowych-w-dziale-kadr-2\/#primaryimage"},"thumbnailUrl":"https:\/\/czerwonagora.pl\/wp-content\/uploads\/2021\/06\/Oferta_pracy_administracja-1.jpg","datePublished":"2024-02-02T07:39:38+00:00","dateModified":"2024-02-02T07:40:52+00:00","breadcrumb":{"@id":"https:\/\/czerwonagora.pl\/index.php\/2024\/02\/02\/dyrektor-wojewodzkiego-szpitala-specjalistycznego-im-sw-rafala-w-czerwonej-gorze-oglasza-nabor-na-stanowisko-referenta-ds-osobowych-w-dziale-kadr-2\/#breadcrumb"},"inLanguage":"pl-PL","potentialAction":[{"@type":"ReadAction","target":["https:\/\/czerwonagora.pl\/index.php\/2024\/02\/02\/dyrektor-wojewodzkiego-szpitala-specjalistycznego-im-sw-rafala-w-czerwonej-gorze-oglasza-nabor-na-stanowisko-referenta-ds-osobowych-w-dziale-kadr-2\/"]}]},{"@type":"ImageObject","inLanguage":"pl-PL","@id":"https:\/\/czerwonagora.pl\/index.php\/2024\/02\/02\/dyrektor-wojewodzkiego-szpitala-specjalistycznego-im-sw-rafala-w-czerwonej-gorze-oglasza-nabor-na-stanowisko-referenta-ds-osobowych-w-dziale-kadr-2\/#primaryimage","url":"https:\/\/czerwonagora.pl\/wp-content\/uploads\/2021\/06\/Oferta_pracy_administracja-1.jpg","contentUrl":"https:\/\/czerwonagora.pl\/wp-content\/uploads\/2021\/06\/Oferta_pracy_administracja-1.jpg","width":803,"height":360,"caption":"t\u0142o koloru niebieskiego na kt\u00f3rym znaduje si\u0119 zarys os\u00f3b ubranch w ubrania wizytowe z bia\u0142ym napisem Oferta pracy"},{"@type":"BreadcrumbList","@id":"https:\/\/czerwonagora.pl\/index.php\/2024\/02\/02\/dyrektor-wojewodzkiego-szpitala-specjalistycznego-im-sw-rafala-w-czerwonej-gorze-oglasza-nabor-na-stanowisko-referenta-ds-osobowych-w-dziale-kadr-2\/#breadcrumb","itemListElement":[{"@type":"ListItem","position":1,"name":"Strona g\u0142\u00f3wna","item":"https:\/\/czerwonagora.pl\/"},{"@type":"ListItem","position":2,"name":"Dyrektor Wojew\u00f3dzkiego Szpitala Specjalistycznego im. \u015bw. Rafa\u0142a w Czerwonej G\u00f3rze og\u0142asza nab\u00f3r na stanowisko Referenta ds. Osobowych w Dziale Kadr"}]},{"@type":"WebSite","@id":"https:\/\/czerwonagora.pl\/#website","url":"https:\/\/czerwonagora.pl\/","name":"Wojew\u00f3dzki Szpital Specjalistyczny im. \u015aw. Rafa\u0142a w Czerwonej G\u00f3rze","description":"Wojew\u00f3dzki Szpital Specjalistyczny im. \u015aw. Rafa\u0142a w Czerwonej G\u00f3rze","publisher":{"@id":"https:\/\/czerwonagora.pl\/#organization"},"potentialAction":[{"@type":"SearchAction","target":{"@type":"EntryPoint","urlTemplate":"https:\/\/czerwonagora.pl\/?s={search_term_string}"},"query-input":{"@type":"PropertyValueSpecification","valueRequired":true,"valueName":"search_term_string"}}],"inLanguage":"pl-PL"},{"@type":"Organization","@id":"https:\/\/czerwonagora.pl\/#organization","name":"Wojew\u00f3dzki Szpital Specjalistyczny im. \u015aw. Rafa\u0142a w Czerwonej G\u00f3rze","url":"https:\/\/czerwonagora.pl\/","logo":{"@type":"ImageObject","inLanguage":"pl-PL","@id":"https:\/\/czerwonagora.pl\/#\/schema\/logo\/image\/","url":"https:\/\/czerwonagora.pl\/wp-content\/uploads\/2021\/06\/Logo-WSS-DUZE-transparentne.png","contentUrl":"https:\/\/czerwonagora.pl\/wp-content\/uploads\/2021\/06\/Logo-WSS-DUZE-transparentne.png","width":4210,"height":2975,"caption":"Wojew\u00f3dzki Szpital Specjalistyczny im. \u015aw. Rafa\u0142a w Czerwonej G\u00f3rze"},"image":{"@id":"https:\/\/czerwonagora.pl\/#\/schema\/logo\/image\/"},"sameAs":["https:\/\/www.facebook.com\/SzpitalCzerwonaGora\/"]},{"@type":"Person","@id":"https:\/\/czerwonagora.pl\/#\/schema\/person\/8b70983499a382afa6978e88bcfde1b8","name":"Jan Anderman","image":{"@type":"ImageObject","inLanguage":"pl-PL","@id":"https:\/\/czerwonagora.pl\/wp-content\/litespeed\/avatar\/d5bc867d497b251469db97f076802c5f.jpg?ver=1777380281","url":"https:\/\/czerwonagora.pl\/wp-content\/litespeed\/avatar\/d5bc867d497b251469db97f076802c5f.jpg?ver=1777380281","contentUrl":"https:\/\/czerwonagora.pl\/wp-content\/litespeed\/avatar\/d5bc867d497b251469db97f076802c5f.jpg?ver=1777380281","caption":"Jan Anderman"},"url":"https:\/\/czerwonagora.pl\/index.php\/author\/anderman\/"}]}},"publishpress_future_action":{"enabled":false,"date":"2026-05-09 00:21:10","action":"change-status","newStatus":"draft","terms":[],"taxonomy":"category","extraData":[]},"publishpress_future_workflow_manual_trigger":{"enabledWorkflows":[]},"_links":{"self":[{"href":"https:\/\/czerwonagora.pl\/index.php\/wp-json\/wp\/v2\/posts\/21064","targetHints":{"allow":["GET"]}}],"collection":[{"href":"https:\/\/czerwonagora.pl\/index.php\/wp-json\/wp\/v2\/posts"}],"about":[{"href":"https:\/\/czerwonagora.pl\/index.php\/wp-json\/wp\/v2\/types\/post"}],"author":[{"embeddable":true,"href":"https:\/\/czerwonagora.pl\/index.php\/wp-json\/wp\/v2\/users\/9"}],"replies":[{"embeddable":true,"href":"https:\/\/czerwonagora.pl\/index.php\/wp-json\/wp\/v2\/comments?post=21064"}],"version-history":[{"count":4,"href":"https:\/\/czerwonagora.pl\/index.php\/wp-json\/wp\/v2\/posts\/21064\/revisions"}],"predecessor-version":[{"id":21068,"href":"https:\/\/czerwonagora.pl\/index.php\/wp-json\/wp\/v2\/posts\/21064\/revisions\/21068"}],"wp:featuredmedia":[{"embeddable":true,"href":"https:\/\/czerwonagora.pl\/index.php\/wp-json\/wp\/v2\/media\/8233"}],"wp:attachment":[{"href":"https:\/\/czerwonagora.pl\/index.php\/wp-json\/wp\/v2\/media?parent=21064"}],"wp:term":[{"taxonomy":"category","embeddable":true,"href":"https:\/\/czerwonagora.pl\/index.php\/wp-json\/wp\/v2\/categories?post=21064"},{"taxonomy":"post_tag","embeddable":true,"href":"https:\/\/czerwonagora.pl\/index.php\/wp-json\/wp\/v2\/tags?post=21064"}],"curies":[{"name":"wp","href":"https:\/\/api.w.org\/{rel}","templated":true}]}}