{"id":21912,"date":"2024-04-10T11:05:00","date_gmt":"2024-04-10T09:05:00","guid":{"rendered":"https:\/\/czerwonagora.pl\/?p=21912"},"modified":"2024-04-10T11:03:31","modified_gmt":"2024-04-10T09:03:31","slug":"dzien-sluzby-zdrowia-i-swiatowy-dzien-zdrowia","status":"publish","type":"post","link":"https:\/\/czerwonagora.pl\/index.php\/2024\/04\/10\/dzien-sluzby-zdrowia-i-swiatowy-dzien-zdrowia\/","title":{"rendered":"Dzie\u0144 S\u0142u\u017cby Zdrowia i \u015awiatowy Dzie\u0144 Zdrowia"},"content":{"rendered":"\n<p><strong>7 kwietnia obchodzili\u015bmy \u015awiatowy Dzie\u0144 Zdrowia. Tematem przewodnim tegorocznych obchod\u00f3w by\u0142o has\u0142o \u201eMoje zdrowie, moje prawo\u201d. Z kolei na 10 kwietnia przypada Dzie\u0144 S\u0142u\u017cby Zdrowia.  <\/strong><\/p>\n\n\n\n<figure class=\"wp-block-image size-large\"><img fetchpriority=\"high\" decoding=\"async\" width=\"1024\" height=\"576\" src=\"https:\/\/czerwonagora.pl\/wp-content\/uploads\/2024\/04\/www-1-1024x576.jpg\" alt=\"\" class=\"wp-image-21947\" srcset=\"https:\/\/czerwonagora.pl\/wp-content\/uploads\/2024\/04\/www-1-1024x576.jpg 1024w, https:\/\/czerwonagora.pl\/wp-content\/uploads\/2024\/04\/www-1-300x169.jpg 300w, https:\/\/czerwonagora.pl\/wp-content\/uploads\/2024\/04\/www-1-768x432.jpg 768w, https:\/\/czerwonagora.pl\/wp-content\/uploads\/2024\/04\/www-1-1536x864.jpg 1536w, https:\/\/czerwonagora.pl\/wp-content\/uploads\/2024\/04\/www-1.jpg 1920w\" sizes=\"(max-width: 1024px) 100vw, 1024px\" \/><\/figure>\n\n\n\n<p>\u015awi\u0119to to zosta\u0142o ustanowione przez \u015awiatow\u0105 Organizacj\u0119 Zdrowia (WHO), aby zach\u0119ca\u0107 ludzi na ca\u0142ym \u015bwiecie do podejmowania dzia\u0142a\u0144 zmierzaj\u0105cych do poprawy zdrowia.<\/p>\n\n\n\n<p>Tegoroczne has\u0142o \u201eMoje zdrowie, moje prawo\u201d wybrano, aby przypomnie\u0107, \u017ce ka\u017cdy cz\u0142owiek na \u015bwiecie ma prawo do dost\u0119pu do wysokiej jako\u015bci us\u0142ug zdrowotnych, edukacji i informacji, a tak\u017ce do bezpiecznej wody pitnej, czystego powietrza, dobrego od\u017cywiania, wysokiej jako\u015bci warunk\u00f3w mieszkaniowych, godnych warunk\u00f3w pracy i \u015brodowiska oraz wolno\u015bci od dyskryminacji.<\/p>\n\n\n\n<p>Tegoroczne has\u0142o \u015awiatowego Dnia Zdrowia stanowi wezwanie dla instytucji rz\u0105dowych, aby ustanawia\u0107 przepisy gwarantuj\u0105ce ka\u017cdemu cz\u0142owiekowi prawo do zdrowia we wszystkich sektorach. Ponadto WHO zach\u0119ca ka\u017cdego z nas, aby pozna\u0107 swoje prawa, \u015bwiadomie podejmowa\u0107 decyzje dotycz\u0105ce w\u0142asnego zdrowia i anga\u017cowa\u0107 si\u0119 w dzia\u0142ania dotycz\u0105ce zdrowia we w\u0142asnym otoczeniu.<\/p>\n\n\n\n<p>&#8211; Obchody \u015awiatowego Dnia Zdrowia przypominaj\u0105 nam, jak\u0105 warto\u015b\u0107 w \u017cyciu ka\u017cdego cz\u0142owieka stanowi zdrowie. Zach\u0119cam wszystkich mieszka\u0144c\u00f3w regionu \u015bwi\u0119tokrzyskiego do wykonywania regularnych bada\u0144 profilaktycznych \u2013 podkre\u015bla Youssef Sleiman, dyrektor Wojew\u00f3dzkiego Szpitala Specjalistycznego im. \u015aw. Rafa\u0142a w Czerwonej G\u00f3rze.<\/p>\n\n\n\n<p>Z okazji Dnia S\u0142u\u017cby Zdrowia, kt\u00f3ry przypada na 10 kwietnia, Youssef Sleiman kieruje \u017cyczenia do personelu ca\u0142ego systemu ochrony zdrowia. &#8211; W Dniu S\u0142u\u017cby Zdrowia dzi\u0119kuj\u0119 wszystkim pracownikom naszego szpitala za po\u015bwi\u0119cenie, oddanie oraz profesjonalizm, a tak\u017ce zaanga\u017cowanie w codzienn\u0105 prac\u0119 na rzecz zdrowia i dobra pacjent\u00f3w. W tym szczeg\u00f3lnym dniu \u017cycz\u0119 Pa\u0144stwu zdrowia, energii do dzia\u0142ania oraz nieustaj\u0105cej pasji w wykonywaniu zawodowych obowi\u0105zk\u00f3w &#8211; m\u00f3wi Youssef Sleiman, dyrektor Wojew\u00f3dzkiego Szpitala Specjalistycznego im. \u015aw. Rafa\u0142a w Czerwonej G\u00f3rze.<\/p>\n\n\n\n<p><\/p>\n\n\n\n<p><\/p>\n","protected":false},"excerpt":{"rendered":"<p>7 kwietnia obchodzili\u015bmy \u015awiatowy Dzie\u0144 Zdrowia. Tematem przewodnim tegorocznych obchod\u00f3w by\u0142o has\u0142o \u201eMoje zdrowie, moje prawo\u201d. Z kolei na 10 kwietnia przypada Dzie\u0144 S\u0142u\u017cby Zdrowia. \u015awi\u0119to to zosta\u0142o ustanowione przez \u015awiatow\u0105 Organizacj\u0119 Zdrowia (WHO), aby zach\u0119ca\u0107 ludzi na ca\u0142ym \u015bwiecie do podejmowania dzia\u0142a\u0144 zmierzaj\u0105cych do poprawy zdrowia. Tegoroczne has\u0142o \u201eMoje zdrowie, moje prawo\u201d wybrano, aby [&hellip;]<\/p>\n","protected":false},"author":8,"featured_media":21946,"comment_status":"closed","ping_status":"closed","sticky":false,"template":"","format":"standard","meta":{"zakra_page_container_layout":"customizer","zakra_page_sidebar_layout":"customizer","zakra_remove_content_margin":false,"zakra_sidebar":"customizer","zakra_transparent_header":"customizer","zakra_logo":0,"zakra_main_header_style":"default","zakra_menu_item_color":"","zakra_menu_item_hover_color":"","zakra_menu_item_active_color":"","zakra_menu_active_style":"","zakra_page_header":true,"footnotes":""},"categories":[39],"tags":[],"class_list":["post-21912","post","type-post","status-publish","format-standard","has-post-thumbnail","hentry","category-aktualnosci"],"yoast_head":"<!-- This site is optimized with the Yoast SEO plugin v27.4 - https:\/\/yoast.com\/product\/yoast-seo-wordpress\/ -->\n<title>Dzie\u0144 S\u0142u\u017cby Zdrowia i \u015awiatowy Dzie\u0144 Zdrowia<\/title>\n<meta name=\"description\" content=\"7 kwietnia obchodzili\u015bmy \u015awiatowy Dzie\u0144 Zdrowia. Tematem przewodnim tegorocznych obchod\u00f3w by\u0142o has\u0142o \u201eMoje zdrowie, moje prawo\u201d. Z kolei na 10 kwietnia przypada Dzie\u0144 S\u0142u\u017cby Zdrowia.\" \/>\n<meta name=\"robots\" content=\"index, follow, max-snippet:-1, max-image-preview:large, max-video-preview:-1\" \/>\n<link rel=\"canonical\" href=\"https:\/\/czerwonagora.pl\/index.php\/2024\/04\/10\/dzien-sluzby-zdrowia-i-swiatowy-dzien-zdrowia\/\" \/>\n<meta property=\"og:locale\" content=\"pl_PL\" \/>\n<meta property=\"og:type\" content=\"article\" \/>\n<meta property=\"og:title\" content=\"Dzie\u0144 S\u0142u\u017cby Zdrowia i \u015awiatowy Dzie\u0144 Zdrowia\" \/>\n<meta property=\"og:description\" content=\"7 kwietnia obchodzili\u015bmy \u015awiatowy Dzie\u0144 Zdrowia. Tematem przewodnim tegorocznych obchod\u00f3w by\u0142o has\u0142o \u201eMoje zdrowie, moje prawo\u201d. Z kolei na 10 kwietnia przypada Dzie\u0144 S\u0142u\u017cby Zdrowia.\" \/>\n<meta property=\"og:url\" content=\"https:\/\/czerwonagora.pl\/index.php\/2024\/04\/10\/dzien-sluzby-zdrowia-i-swiatowy-dzien-zdrowia\/\" \/>\n<meta property=\"og:site_name\" content=\"Wojew\u00f3dzki Szpital Specjalistyczny im. \u015aw. Rafa\u0142a w Czerwonej G\u00f3rze\" \/>\n<meta property=\"article:publisher\" content=\"https:\/\/www.facebook.com\/SzpitalCzerwonaGora\/\" \/>\n<meta property=\"article:published_time\" content=\"2024-04-10T09:05:00+00:00\" \/>\n<meta property=\"og:image\" content=\"https:\/\/czerwonagora.pl\/wp-content\/uploads\/2024\/04\/www.jpg\" \/>\n\t<meta property=\"og:image:width\" content=\"1920\" \/>\n\t<meta property=\"og:image:height\" content=\"1080\" \/>\n\t<meta property=\"og:image:type\" content=\"image\/jpeg\" \/>\n<meta name=\"author\" content=\"Pawe\u0142 Wi\u0119cek\" \/>\n<meta name=\"twitter:card\" content=\"summary_large_image\" \/>\n<meta name=\"twitter:label1\" content=\"Napisane przez\" \/>\n\t<meta name=\"twitter:data1\" content=\"Pawe\u0142 Wi\u0119cek\" \/>\n\t<meta name=\"twitter:label2\" content=\"Szacowany czas czytania\" \/>\n\t<meta name=\"twitter:data2\" content=\"2 minuty\" \/>\n<script type=\"application\/ld+json\" class=\"yoast-schema-graph\">{\"@context\":\"https:\\\/\\\/schema.org\",\"@graph\":[{\"@type\":\"Article\",\"@id\":\"https:\\\/\\\/czerwonagora.pl\\\/index.php\\\/2024\\\/04\\\/10\\\/dzien-sluzby-zdrowia-i-swiatowy-dzien-zdrowia\\\/#article\",\"isPartOf\":{\"@id\":\"https:\\\/\\\/czerwonagora.pl\\\/index.php\\\/2024\\\/04\\\/10\\\/dzien-sluzby-zdrowia-i-swiatowy-dzien-zdrowia\\\/\"},\"author\":{\"name\":\"Pawe\u0142 Wi\u0119cek\",\"@id\":\"https:\\\/\\\/czerwonagora.pl\\\/#\\\/schema\\\/person\\\/8a59ddcbab34628c327513f8d1cd204d\"},\"headline\":\"Dzie\u0144 S\u0142u\u017cby Zdrowia i \u015awiatowy Dzie\u0144 Zdrowia\",\"datePublished\":\"2024-04-10T09:05:00+00:00\",\"mainEntityOfPage\":{\"@id\":\"https:\\\/\\\/czerwonagora.pl\\\/index.php\\\/2024\\\/04\\\/10\\\/dzien-sluzby-zdrowia-i-swiatowy-dzien-zdrowia\\\/\"},\"wordCount\":335,\"publisher\":{\"@id\":\"https:\\\/\\\/czerwonagora.pl\\\/#organization\"},\"image\":{\"@id\":\"https:\\\/\\\/czerwonagora.pl\\\/index.php\\\/2024\\\/04\\\/10\\\/dzien-sluzby-zdrowia-i-swiatowy-dzien-zdrowia\\\/#primaryimage\"},\"thumbnailUrl\":\"https:\\\/\\\/czerwonagora.pl\\\/wp-content\\\/uploads\\\/2024\\\/04\\\/www.jpg\",\"articleSection\":[\"Aktualno\u015bci\"],\"inLanguage\":\"pl-PL\"},{\"@type\":\"WebPage\",\"@id\":\"https:\\\/\\\/czerwonagora.pl\\\/index.php\\\/2024\\\/04\\\/10\\\/dzien-sluzby-zdrowia-i-swiatowy-dzien-zdrowia\\\/\",\"url\":\"https:\\\/\\\/czerwonagora.pl\\\/index.php\\\/2024\\\/04\\\/10\\\/dzien-sluzby-zdrowia-i-swiatowy-dzien-zdrowia\\\/\",\"name\":\"Dzie\u0144 S\u0142u\u017cby Zdrowia i \u015awiatowy Dzie\u0144 Zdrowia\",\"isPartOf\":{\"@id\":\"https:\\\/\\\/czerwonagora.pl\\\/#website\"},\"primaryImageOfPage\":{\"@id\":\"https:\\\/\\\/czerwonagora.pl\\\/index.php\\\/2024\\\/04\\\/10\\\/dzien-sluzby-zdrowia-i-swiatowy-dzien-zdrowia\\\/#primaryimage\"},\"image\":{\"@id\":\"https:\\\/\\\/czerwonagora.pl\\\/index.php\\\/2024\\\/04\\\/10\\\/dzien-sluzby-zdrowia-i-swiatowy-dzien-zdrowia\\\/#primaryimage\"},\"thumbnailUrl\":\"https:\\\/\\\/czerwonagora.pl\\\/wp-content\\\/uploads\\\/2024\\\/04\\\/www.jpg\",\"datePublished\":\"2024-04-10T09:05:00+00:00\",\"description\":\"7 kwietnia obchodzili\u015bmy \u015awiatowy Dzie\u0144 Zdrowia. Tematem przewodnim tegorocznych obchod\u00f3w by\u0142o has\u0142o \u201eMoje zdrowie, moje prawo\u201d. Z kolei na 10 kwietnia przypada Dzie\u0144 S\u0142u\u017cby Zdrowia.\",\"breadcrumb\":{\"@id\":\"https:\\\/\\\/czerwonagora.pl\\\/index.php\\\/2024\\\/04\\\/10\\\/dzien-sluzby-zdrowia-i-swiatowy-dzien-zdrowia\\\/#breadcrumb\"},\"inLanguage\":\"pl-PL\",\"potentialAction\":[{\"@type\":\"ReadAction\",\"target\":[\"https:\\\/\\\/czerwonagora.pl\\\/index.php\\\/2024\\\/04\\\/10\\\/dzien-sluzby-zdrowia-i-swiatowy-dzien-zdrowia\\\/\"]}]},{\"@type\":\"ImageObject\",\"inLanguage\":\"pl-PL\",\"@id\":\"https:\\\/\\\/czerwonagora.pl\\\/index.php\\\/2024\\\/04\\\/10\\\/dzien-sluzby-zdrowia-i-swiatowy-dzien-zdrowia\\\/#primaryimage\",\"url\":\"https:\\\/\\\/czerwonagora.pl\\\/wp-content\\\/uploads\\\/2024\\\/04\\\/www.jpg\",\"contentUrl\":\"https:\\\/\\\/czerwonagora.pl\\\/wp-content\\\/uploads\\\/2024\\\/04\\\/www.jpg\",\"width\":1920,\"height\":1080,\"caption\":\"xr:d:DAGCAJLeK-Q:2,j:5972197518807960766,t:24041008\"},{\"@type\":\"BreadcrumbList\",\"@id\":\"https:\\\/\\\/czerwonagora.pl\\\/index.php\\\/2024\\\/04\\\/10\\\/dzien-sluzby-zdrowia-i-swiatowy-dzien-zdrowia\\\/#breadcrumb\",\"itemListElement\":[{\"@type\":\"ListItem\",\"position\":1,\"name\":\"Strona g\u0142\u00f3wna\",\"item\":\"https:\\\/\\\/czerwonagora.pl\\\/\"},{\"@type\":\"ListItem\",\"position\":2,\"name\":\"Dzie\u0144 S\u0142u\u017cby Zdrowia i \u015awiatowy Dzie\u0144 Zdrowia\"}]},{\"@type\":\"WebSite\",\"@id\":\"https:\\\/\\\/czerwonagora.pl\\\/#website\",\"url\":\"https:\\\/\\\/czerwonagora.pl\\\/\",\"name\":\"Wojew\u00f3dzki Szpital Specjalistyczny im. \u015aw. Rafa\u0142a w Czerwonej G\u00f3rze\",\"description\":\"Wojew\u00f3dzki Szpital Specjalistyczny im. \u015aw. Rafa\u0142a w Czerwonej G\u00f3rze\",\"publisher\":{\"@id\":\"https:\\\/\\\/czerwonagora.pl\\\/#organization\"},\"potentialAction\":[{\"@type\":\"SearchAction\",\"target\":{\"@type\":\"EntryPoint\",\"urlTemplate\":\"https:\\\/\\\/czerwonagora.pl\\\/?s={search_term_string}\"},\"query-input\":{\"@type\":\"PropertyValueSpecification\",\"valueRequired\":true,\"valueName\":\"search_term_string\"}}],\"inLanguage\":\"pl-PL\"},{\"@type\":\"Organization\",\"@id\":\"https:\\\/\\\/czerwonagora.pl\\\/#organization\",\"name\":\"Wojew\u00f3dzki Szpital Specjalistyczny im. \u015aw. Rafa\u0142a w Czerwonej G\u00f3rze\",\"url\":\"https:\\\/\\\/czerwonagora.pl\\\/\",\"logo\":{\"@type\":\"ImageObject\",\"inLanguage\":\"pl-PL\",\"@id\":\"https:\\\/\\\/czerwonagora.pl\\\/#\\\/schema\\\/logo\\\/image\\\/\",\"url\":\"https:\\\/\\\/czerwonagora.pl\\\/wp-content\\\/uploads\\\/2021\\\/06\\\/Logo-WSS-DUZE-transparentne.png\",\"contentUrl\":\"https:\\\/\\\/czerwonagora.pl\\\/wp-content\\\/uploads\\\/2021\\\/06\\\/Logo-WSS-DUZE-transparentne.png\",\"width\":4210,\"height\":2975,\"caption\":\"Wojew\u00f3dzki Szpital Specjalistyczny im. \u015aw. Rafa\u0142a w Czerwonej G\u00f3rze\"},\"image\":{\"@id\":\"https:\\\/\\\/czerwonagora.pl\\\/#\\\/schema\\\/logo\\\/image\\\/\"},\"sameAs\":[\"https:\\\/\\\/www.facebook.com\\\/SzpitalCzerwonaGora\\\/\"]},{\"@type\":\"Person\",\"@id\":\"https:\\\/\\\/czerwonagora.pl\\\/#\\\/schema\\\/person\\\/8a59ddcbab34628c327513f8d1cd204d\",\"name\":\"Pawe\u0142 Wi\u0119cek\",\"image\":{\"@type\":\"ImageObject\",\"inLanguage\":\"pl-PL\",\"@id\":\"https:\\\/\\\/czerwonagora.pl\\\/wp-content\\\/litespeed\\\/avatar\\\/63e21f6535ac26580501c1127a4e1775.jpg?ver=1777380282\",\"url\":\"https:\\\/\\\/czerwonagora.pl\\\/wp-content\\\/litespeed\\\/avatar\\\/63e21f6535ac26580501c1127a4e1775.jpg?ver=1777380282\",\"contentUrl\":\"https:\\\/\\\/czerwonagora.pl\\\/wp-content\\\/litespeed\\\/avatar\\\/63e21f6535ac26580501c1127a4e1775.jpg?ver=1777380282\",\"caption\":\"Pawe\u0142 Wi\u0119cek\"},\"sameAs\":[\"http:\\\/\\\/www.czerwonagora.pl\"],\"url\":\"https:\\\/\\\/czerwonagora.pl\\\/index.php\\\/author\\\/wiecek\\\/\"}]}<\/script>\n<!-- \/ Yoast SEO plugin. -->","yoast_head_json":{"title":"Dzie\u0144 S\u0142u\u017cby Zdrowia i \u015awiatowy Dzie\u0144 Zdrowia","description":"7 kwietnia obchodzili\u015bmy \u015awiatowy Dzie\u0144 Zdrowia. Tematem przewodnim tegorocznych obchod\u00f3w by\u0142o has\u0142o \u201eMoje zdrowie, moje prawo\u201d. Z kolei na 10 kwietnia przypada Dzie\u0144 S\u0142u\u017cby Zdrowia.","robots":{"index":"index","follow":"follow","max-snippet":"max-snippet:-1","max-image-preview":"max-image-preview:large","max-video-preview":"max-video-preview:-1"},"canonical":"https:\/\/czerwonagora.pl\/index.php\/2024\/04\/10\/dzien-sluzby-zdrowia-i-swiatowy-dzien-zdrowia\/","og_locale":"pl_PL","og_type":"article","og_title":"Dzie\u0144 S\u0142u\u017cby Zdrowia i \u015awiatowy Dzie\u0144 Zdrowia","og_description":"7 kwietnia obchodzili\u015bmy \u015awiatowy Dzie\u0144 Zdrowia. Tematem przewodnim tegorocznych obchod\u00f3w by\u0142o has\u0142o \u201eMoje zdrowie, moje prawo\u201d. Z kolei na 10 kwietnia przypada Dzie\u0144 S\u0142u\u017cby Zdrowia.","og_url":"https:\/\/czerwonagora.pl\/index.php\/2024\/04\/10\/dzien-sluzby-zdrowia-i-swiatowy-dzien-zdrowia\/","og_site_name":"Wojew\u00f3dzki Szpital Specjalistyczny im. \u015aw. Rafa\u0142a w Czerwonej G\u00f3rze","article_publisher":"https:\/\/www.facebook.com\/SzpitalCzerwonaGora\/","article_published_time":"2024-04-10T09:05:00+00:00","og_image":[{"width":1920,"height":1080,"url":"https:\/\/czerwonagora.pl\/wp-content\/uploads\/2024\/04\/www.jpg","type":"image\/jpeg"}],"author":"Pawe\u0142 Wi\u0119cek","twitter_card":"summary_large_image","twitter_misc":{"Napisane przez":"Pawe\u0142 Wi\u0119cek","Szacowany czas czytania":"2 minuty"},"schema":{"@context":"https:\/\/schema.org","@graph":[{"@type":"Article","@id":"https:\/\/czerwonagora.pl\/index.php\/2024\/04\/10\/dzien-sluzby-zdrowia-i-swiatowy-dzien-zdrowia\/#article","isPartOf":{"@id":"https:\/\/czerwonagora.pl\/index.php\/2024\/04\/10\/dzien-sluzby-zdrowia-i-swiatowy-dzien-zdrowia\/"},"author":{"name":"Pawe\u0142 Wi\u0119cek","@id":"https:\/\/czerwonagora.pl\/#\/schema\/person\/8a59ddcbab34628c327513f8d1cd204d"},"headline":"Dzie\u0144 S\u0142u\u017cby Zdrowia i \u015awiatowy Dzie\u0144 Zdrowia","datePublished":"2024-04-10T09:05:00+00:00","mainEntityOfPage":{"@id":"https:\/\/czerwonagora.pl\/index.php\/2024\/04\/10\/dzien-sluzby-zdrowia-i-swiatowy-dzien-zdrowia\/"},"wordCount":335,"publisher":{"@id":"https:\/\/czerwonagora.pl\/#organization"},"image":{"@id":"https:\/\/czerwonagora.pl\/index.php\/2024\/04\/10\/dzien-sluzby-zdrowia-i-swiatowy-dzien-zdrowia\/#primaryimage"},"thumbnailUrl":"https:\/\/czerwonagora.pl\/wp-content\/uploads\/2024\/04\/www.jpg","articleSection":["Aktualno\u015bci"],"inLanguage":"pl-PL"},{"@type":"WebPage","@id":"https:\/\/czerwonagora.pl\/index.php\/2024\/04\/10\/dzien-sluzby-zdrowia-i-swiatowy-dzien-zdrowia\/","url":"https:\/\/czerwonagora.pl\/index.php\/2024\/04\/10\/dzien-sluzby-zdrowia-i-swiatowy-dzien-zdrowia\/","name":"Dzie\u0144 S\u0142u\u017cby Zdrowia i \u015awiatowy Dzie\u0144 Zdrowia","isPartOf":{"@id":"https:\/\/czerwonagora.pl\/#website"},"primaryImageOfPage":{"@id":"https:\/\/czerwonagora.pl\/index.php\/2024\/04\/10\/dzien-sluzby-zdrowia-i-swiatowy-dzien-zdrowia\/#primaryimage"},"image":{"@id":"https:\/\/czerwonagora.pl\/index.php\/2024\/04\/10\/dzien-sluzby-zdrowia-i-swiatowy-dzien-zdrowia\/#primaryimage"},"thumbnailUrl":"https:\/\/czerwonagora.pl\/wp-content\/uploads\/2024\/04\/www.jpg","datePublished":"2024-04-10T09:05:00+00:00","description":"7 kwietnia obchodzili\u015bmy \u015awiatowy Dzie\u0144 Zdrowia. Tematem przewodnim tegorocznych obchod\u00f3w by\u0142o has\u0142o \u201eMoje zdrowie, moje prawo\u201d. Z kolei na 10 kwietnia przypada Dzie\u0144 S\u0142u\u017cby Zdrowia.","breadcrumb":{"@id":"https:\/\/czerwonagora.pl\/index.php\/2024\/04\/10\/dzien-sluzby-zdrowia-i-swiatowy-dzien-zdrowia\/#breadcrumb"},"inLanguage":"pl-PL","potentialAction":[{"@type":"ReadAction","target":["https:\/\/czerwonagora.pl\/index.php\/2024\/04\/10\/dzien-sluzby-zdrowia-i-swiatowy-dzien-zdrowia\/"]}]},{"@type":"ImageObject","inLanguage":"pl-PL","@id":"https:\/\/czerwonagora.pl\/index.php\/2024\/04\/10\/dzien-sluzby-zdrowia-i-swiatowy-dzien-zdrowia\/#primaryimage","url":"https:\/\/czerwonagora.pl\/wp-content\/uploads\/2024\/04\/www.jpg","contentUrl":"https:\/\/czerwonagora.pl\/wp-content\/uploads\/2024\/04\/www.jpg","width":1920,"height":1080,"caption":"xr:d:DAGCAJLeK-Q:2,j:5972197518807960766,t:24041008"},{"@type":"BreadcrumbList","@id":"https:\/\/czerwonagora.pl\/index.php\/2024\/04\/10\/dzien-sluzby-zdrowia-i-swiatowy-dzien-zdrowia\/#breadcrumb","itemListElement":[{"@type":"ListItem","position":1,"name":"Strona g\u0142\u00f3wna","item":"https:\/\/czerwonagora.pl\/"},{"@type":"ListItem","position":2,"name":"Dzie\u0144 S\u0142u\u017cby Zdrowia i \u015awiatowy Dzie\u0144 Zdrowia"}]},{"@type":"WebSite","@id":"https:\/\/czerwonagora.pl\/#website","url":"https:\/\/czerwonagora.pl\/","name":"Wojew\u00f3dzki Szpital Specjalistyczny im. \u015aw. Rafa\u0142a w Czerwonej G\u00f3rze","description":"Wojew\u00f3dzki Szpital Specjalistyczny im. \u015aw. Rafa\u0142a w Czerwonej G\u00f3rze","publisher":{"@id":"https:\/\/czerwonagora.pl\/#organization"},"potentialAction":[{"@type":"SearchAction","target":{"@type":"EntryPoint","urlTemplate":"https:\/\/czerwonagora.pl\/?s={search_term_string}"},"query-input":{"@type":"PropertyValueSpecification","valueRequired":true,"valueName":"search_term_string"}}],"inLanguage":"pl-PL"},{"@type":"Organization","@id":"https:\/\/czerwonagora.pl\/#organization","name":"Wojew\u00f3dzki Szpital Specjalistyczny im. \u015aw. Rafa\u0142a w Czerwonej G\u00f3rze","url":"https:\/\/czerwonagora.pl\/","logo":{"@type":"ImageObject","inLanguage":"pl-PL","@id":"https:\/\/czerwonagora.pl\/#\/schema\/logo\/image\/","url":"https:\/\/czerwonagora.pl\/wp-content\/uploads\/2021\/06\/Logo-WSS-DUZE-transparentne.png","contentUrl":"https:\/\/czerwonagora.pl\/wp-content\/uploads\/2021\/06\/Logo-WSS-DUZE-transparentne.png","width":4210,"height":2975,"caption":"Wojew\u00f3dzki Szpital Specjalistyczny im. \u015aw. Rafa\u0142a w Czerwonej G\u00f3rze"},"image":{"@id":"https:\/\/czerwonagora.pl\/#\/schema\/logo\/image\/"},"sameAs":["https:\/\/www.facebook.com\/SzpitalCzerwonaGora\/"]},{"@type":"Person","@id":"https:\/\/czerwonagora.pl\/#\/schema\/person\/8a59ddcbab34628c327513f8d1cd204d","name":"Pawe\u0142 Wi\u0119cek","image":{"@type":"ImageObject","inLanguage":"pl-PL","@id":"https:\/\/czerwonagora.pl\/wp-content\/litespeed\/avatar\/63e21f6535ac26580501c1127a4e1775.jpg?ver=1777380282","url":"https:\/\/czerwonagora.pl\/wp-content\/litespeed\/avatar\/63e21f6535ac26580501c1127a4e1775.jpg?ver=1777380282","contentUrl":"https:\/\/czerwonagora.pl\/wp-content\/litespeed\/avatar\/63e21f6535ac26580501c1127a4e1775.jpg?ver=1777380282","caption":"Pawe\u0142 Wi\u0119cek"},"sameAs":["http:\/\/www.czerwonagora.pl"],"url":"https:\/\/czerwonagora.pl\/index.php\/author\/wiecek\/"}]}},"publishpress_future_action":{"enabled":false,"date":"2026-05-05 23:14:41","action":"change-status","newStatus":"draft","terms":[],"taxonomy":"category","extraData":[]},"publishpress_future_workflow_manual_trigger":{"enabledWorkflows":[]},"_links":{"self":[{"href":"https:\/\/czerwonagora.pl\/index.php\/wp-json\/wp\/v2\/posts\/21912","targetHints":{"allow":["GET"]}}],"collection":[{"href":"https:\/\/czerwonagora.pl\/index.php\/wp-json\/wp\/v2\/posts"}],"about":[{"href":"https:\/\/czerwonagora.pl\/index.php\/wp-json\/wp\/v2\/types\/post"}],"author":[{"embeddable":true,"href":"https:\/\/czerwonagora.pl\/index.php\/wp-json\/wp\/v2\/users\/8"}],"replies":[{"embeddable":true,"href":"https:\/\/czerwonagora.pl\/index.php\/wp-json\/wp\/v2\/comments?post=21912"}],"version-history":[{"count":3,"href":"https:\/\/czerwonagora.pl\/index.php\/wp-json\/wp\/v2\/posts\/21912\/revisions"}],"predecessor-version":[{"id":21949,"href":"https:\/\/czerwonagora.pl\/index.php\/wp-json\/wp\/v2\/posts\/21912\/revisions\/21949"}],"wp:featuredmedia":[{"embeddable":true,"href":"https:\/\/czerwonagora.pl\/index.php\/wp-json\/wp\/v2\/media\/21946"}],"wp:attachment":[{"href":"https:\/\/czerwonagora.pl\/index.php\/wp-json\/wp\/v2\/media?parent=21912"}],"wp:term":[{"taxonomy":"category","embeddable":true,"href":"https:\/\/czerwonagora.pl\/index.php\/wp-json\/wp\/v2\/categories?post=21912"},{"taxonomy":"post_tag","embeddable":true,"href":"https:\/\/czerwonagora.pl\/index.php\/wp-json\/wp\/v2\/tags?post=21912"}],"curies":[{"name":"wp","href":"https:\/\/api.w.org\/{rel}","templated":true}]}}