{"id":24574,"date":"2024-10-01T14:35:38","date_gmt":"2024-10-01T12:35:38","guid":{"rendered":"https:\/\/czerwonagora.pl\/?p=24574"},"modified":"2024-10-01T14:35:39","modified_gmt":"2024-10-01T12:35:39","slug":"lekarki-ze-szpitala-w-czerwonej-gorze-zdobywaja-uznanie-na-miedzynarodowych-konferencjach-naukowych","status":"publish","type":"post","link":"https:\/\/czerwonagora.pl\/index.php\/2024\/10\/01\/lekarki-ze-szpitala-w-czerwonej-gorze-zdobywaja-uznanie-na-miedzynarodowych-konferencjach-naukowych\/","title":{"rendered":"Lekarki ze szpitala w Czerwonej G\u00f3rze zdobywaj\u0105 uznanie na mi\u0119dzynarodowych konferencjach naukowych"},"content":{"rendered":"\n<p><strong>Lekarki z Kliniki Chor\u00f3b P\u0142uc i Alergologii Wojew\u00f3dzkiego Szpitala Specjalistycznego im. \u015aw. Rafa\u0142a w Czerwonej G\u00f3rze odnosz\u0105 znacz\u0105ce sukcesy na arenie mi\u0119dzynarodowej prezentuj\u0105c wyniki swoich bada\u0144 podczas presti\u017cowych wydarze\u0144 naukowych w Europie.<\/strong><\/p>\n\n\n\n<figure class=\"wp-block-image size-large\"><img fetchpriority=\"high\" decoding=\"async\" width=\"1024\" height=\"671\" src=\"https:\/\/czerwonagora.pl\/wp-content\/uploads\/2024\/10\/e92e9234-cd93-4e9c-a6ae-8a89f2e4146a-1-1024x671.jpg\" alt=\"\" class=\"wp-image-24576\" srcset=\"https:\/\/czerwonagora.pl\/wp-content\/uploads\/2024\/10\/e92e9234-cd93-4e9c-a6ae-8a89f2e4146a-1-1024x671.jpg 1024w, https:\/\/czerwonagora.pl\/wp-content\/uploads\/2024\/10\/e92e9234-cd93-4e9c-a6ae-8a89f2e4146a-1-300x196.jpg 300w, https:\/\/czerwonagora.pl\/wp-content\/uploads\/2024\/10\/e92e9234-cd93-4e9c-a6ae-8a89f2e4146a-1-768x503.jpg 768w, https:\/\/czerwonagora.pl\/wp-content\/uploads\/2024\/10\/e92e9234-cd93-4e9c-a6ae-8a89f2e4146a-1.jpg 1536w\" sizes=\"(max-width: 1024px) 100vw, 1024px\" \/><figcaption class=\"wp-element-caption\">Od lewej: Anna Mo\u015bcicka i Dominika Ochab-Krupnik z Kliniki Chor\u00f3b P\u0142uc i Alergologii <br>Wojew\u00f3dzkiego Szpitala Specjalistycznego im. \u015aw. Rafa\u0142a w Czerwonej G\u00f3rze. <\/figcaption><\/figure>\n\n\n\n<p>Podczas Kongresu Europejskiego Towarzystwa Chor\u00f3b P\u0142uc (ERS) w Wiedniu Dominika Ochab-Krupnik zaprezentowa\u0142a prac\u0119 po\u015bwi\u0119con\u0105 skuteczno\u015bci dupilumabu w leczeniu zespo\u0142u hipereozynofilowego. Cho\u0107 lek ten nie jest typowo stosowany w terapii tego schorzenia, wyniki bada\u0144 spotka\u0142y si\u0119 z du\u017cym uznaniem. Kongres ERS jest jednym z najwa\u017cniejszych wydarze\u0144 w dziedzinie pulmonologii gromadz\u0105cym ekspert\u00f3w z ca\u0142ego \u015bwiata.<\/p>\n\n\n\n<p>Nast\u0119pnie Dominika Ochab-Krupnik oraz Anna Mo\u015bcicka &#8211; jako jedyne lekarki z Polski &#8211; wzi\u0119\u0142y udzia\u0142 w Szkole Alergologii organizowanej przez Europejsk\u0105 Akademi\u0119 Alergologii i Immunologii Klinicznej (EAACI) w Bilbao. Podczas presti\u017cowego wydarzenia skupiono si\u0119 na nadwra\u017cliwo\u015bci na jad owad\u00f3w b\u0142onkoskrzyd\u0142ych oraz mastocytozie. W Hiszpanii zaprezentowano r\u00f3wnie\u017c badanie zrealizowane przez doktora Piotra \u0141acwika ze szpitala w Czerwonej G\u00f3rze, kt\u00f3re potwierdzi\u0142o stabilno\u015b\u0107 adrenaliny w autowstrzykiwaczach u\u017cywanych przez pacjent\u00f3w z ryzykiem reakcji anafilaktycznej, co ma istotne znaczenie dla bezpiecze\u0144stwa chorych.<\/p>\n\n\n\n<figure class=\"wp-block-image size-large\"><img decoding=\"async\" width=\"1024\" height=\"768\" src=\"https:\/\/czerwonagora.pl\/wp-content\/uploads\/2024\/10\/11d006a1-78b0-4c46-8b5f-23e24dee4bf6-1024x768.jpg\" alt=\"\" class=\"wp-image-24577\" srcset=\"https:\/\/czerwonagora.pl\/wp-content\/uploads\/2024\/10\/11d006a1-78b0-4c46-8b5f-23e24dee4bf6-1024x768.jpg 1024w, https:\/\/czerwonagora.pl\/wp-content\/uploads\/2024\/10\/11d006a1-78b0-4c46-8b5f-23e24dee4bf6-300x225.jpg 300w, https:\/\/czerwonagora.pl\/wp-content\/uploads\/2024\/10\/11d006a1-78b0-4c46-8b5f-23e24dee4bf6-768x576.jpg 768w, https:\/\/czerwonagora.pl\/wp-content\/uploads\/2024\/10\/11d006a1-78b0-4c46-8b5f-23e24dee4bf6-1536x1152.jpg 1536w, https:\/\/czerwonagora.pl\/wp-content\/uploads\/2024\/10\/11d006a1-78b0-4c46-8b5f-23e24dee4bf6.jpg 1600w\" sizes=\"(max-width: 1024px) 100vw, 1024px\" \/><\/figure>\n\n\n\n<p>\u2013 Udzia\u0142 w takich wydarzeniach to nie tylko mo\u017cliwo\u015b\u0107 prezentacji naszych bada\u0144, ale tak\u017ce szansa na zdobycie nowej wiedzy i wymian\u0119 do\u015bwiadcze\u0144 z najlepszymi specjalistami na \u015bwiecie \u2013 m\u00f3wi Dominika Ochab-Krupnik. \u2013 To dla nas wielki zaszczyt i motywacja do dalszej pracy, zw\u0142aszcza \u017ce nasze badania spotka\u0142y si\u0119 z tak du\u017cym zainteresowaniem \u2013 dodaje Anna Mo\u015bcicka.<\/p>\n\n\n\n<p>Dyrektor Wojew\u00f3dzkiego Szpitala Specjalistycznego im. \u015aw. Rafa\u0142a w Czerwonej G\u00f3rze Youssef Sleiman zwraca uwag\u0119 na ogromne znaczenie udzia\u0142u lekarzy w mi\u0119dzynarodowych wydarzeniach naukowych. \u2013 Naukowa aktywno\u015b\u0107 naszego personelu medycznego na arenie globalnej przek\u0142ada si\u0119 bezpo\u015brednio na wzrost profesjonalizmu i skuteczno\u015b\u0107 leczenia. Dzi\u0119ki takim wydarzeniom mo\u017cemy implementowa\u0107 najnowsze \u015bwiatowe standardy w leczeniu pacjent\u00f3w, co jest niezwykle istotne dla jako\u015bci opieki w naszym szpitalu \u2013 podkre\u015bla Youssef Sleiman.<\/p>\n\n\n\n<p>Udzia\u0142 polskich specjalist\u00f3w w takich wydarzeniach jak Kongres ERS czy Szko\u0142a Alergologii EAACI \u015bwiadczy o rosn\u0105cym znaczeniu bada\u0144 prowadzonych w Polsce. Poprzez wsp\u00f3\u0142prac\u0119 z ekspertami z ca\u0142ego \u015bwiata szpital w Czerwonej G\u00f3rze staje si\u0119 pionierem we wdra\u017caniu innowacyjnych metod leczenia i podnoszeniu standard\u00f3w opieki zdrowotnej.<\/p>\n\n\n\n<figure class=\"wp-block-image size-large\"><img decoding=\"async\" width=\"1024\" height=\"769\" src=\"https:\/\/czerwonagora.pl\/wp-content\/uploads\/2024\/10\/IMG_4226-1024x769.jpg\" alt=\"\" class=\"wp-image-24578\" srcset=\"https:\/\/czerwonagora.pl\/wp-content\/uploads\/2024\/10\/IMG_4226-1024x769.jpg 1024w, https:\/\/czerwonagora.pl\/wp-content\/uploads\/2024\/10\/IMG_4226-300x225.jpg 300w, https:\/\/czerwonagora.pl\/wp-content\/uploads\/2024\/10\/IMG_4226-768x577.jpg 768w, https:\/\/czerwonagora.pl\/wp-content\/uploads\/2024\/10\/IMG_4226-1536x1154.jpg 1536w, https:\/\/czerwonagora.pl\/wp-content\/uploads\/2024\/10\/IMG_4226.jpg 2048w\" sizes=\"(max-width: 1024px) 100vw, 1024px\" \/><\/figure>\n\n\n\n<figure class=\"wp-block-image size-full\"><img loading=\"lazy\" decoding=\"async\" width=\"1024\" height=\"903\" src=\"https:\/\/czerwonagora.pl\/wp-content\/uploads\/2024\/10\/IMG_4225.jpg\" alt=\"\" class=\"wp-image-24579\" srcset=\"https:\/\/czerwonagora.pl\/wp-content\/uploads\/2024\/10\/IMG_4225.jpg 1024w, https:\/\/czerwonagora.pl\/wp-content\/uploads\/2024\/10\/IMG_4225-300x265.jpg 300w, https:\/\/czerwonagora.pl\/wp-content\/uploads\/2024\/10\/IMG_4225-768x677.jpg 768w\" sizes=\"(max-width: 1024px) 100vw, 1024px\" \/><\/figure>\n","protected":false},"excerpt":{"rendered":"<p>Lekarki z Kliniki Chor\u00f3b P\u0142uc i Alergologii Wojew\u00f3dzkiego Szpitala Specjalistycznego im. \u015aw. Rafa\u0142a w Czerwonej G\u00f3rze odnosz\u0105 znacz\u0105ce sukcesy na arenie mi\u0119dzynarodowej prezentuj\u0105c wyniki swoich bada\u0144 podczas presti\u017cowych wydarze\u0144 naukowych w Europie. Podczas Kongresu Europejskiego Towarzystwa Chor\u00f3b P\u0142uc (ERS) w Wiedniu Dominika Ochab-Krupnik zaprezentowa\u0142a prac\u0119 po\u015bwi\u0119con\u0105 skuteczno\u015bci dupilumabu w leczeniu zespo\u0142u hipereozynofilowego. Cho\u0107 lek ten [&hellip;]<\/p>\n","protected":false},"author":8,"featured_media":24576,"comment_status":"closed","ping_status":"closed","sticky":false,"template":"","format":"standard","meta":{"zakra_page_container_layout":"customizer","zakra_page_sidebar_layout":"customizer","zakra_remove_content_margin":false,"zakra_sidebar":"customizer","zakra_transparent_header":"customizer","zakra_logo":0,"zakra_main_header_style":"default","zakra_menu_item_color":"","zakra_menu_item_hover_color":"","zakra_menu_item_active_color":"","zakra_menu_active_style":"","zakra_page_header":true,"footnotes":""},"categories":[39],"tags":[],"class_list":["post-24574","post","type-post","status-publish","format-standard","has-post-thumbnail","hentry","category-aktualnosci"],"yoast_head":"<!-- This site is optimized with the Yoast SEO plugin v27.4 - https:\/\/yoast.com\/product\/yoast-seo-wordpress\/ -->\n<title>Lekarki ze szpitala w Czerwonej G\u00f3rze zdobywaj\u0105 uznanie na mi\u0119dzynarodowych konferencjach naukowych<\/title>\n<meta name=\"description\" content=\"Lekarki z Kliniki Chor\u00f3b P\u0142uc i Alergologii Wojew\u00f3dzkiego Szpitala Specjalistycznego im. \u015aw. Rafa\u0142a w Czerwonej G\u00f3rze odnosz\u0105 znacz\u0105ce sukcesy na arenie mi\u0119dzynarodowej prezentuj\u0105c wyniki swoich bada\u0144 podczas presti\u017cowych wydarze\u0144 naukowych w Europie.\" \/>\n<meta name=\"robots\" content=\"index, follow, max-snippet:-1, max-image-preview:large, max-video-preview:-1\" \/>\n<link rel=\"canonical\" href=\"https:\/\/czerwonagora.pl\/index.php\/2024\/10\/01\/lekarki-ze-szpitala-w-czerwonej-gorze-zdobywaja-uznanie-na-miedzynarodowych-konferencjach-naukowych\/\" \/>\n<meta property=\"og:locale\" content=\"pl_PL\" \/>\n<meta property=\"og:type\" content=\"article\" \/>\n<meta property=\"og:title\" content=\"Lekarki ze szpitala w Czerwonej G\u00f3rze zdobywaj\u0105 uznanie na mi\u0119dzynarodowych konferencjach naukowych\" \/>\n<meta property=\"og:description\" content=\"Lekarki z Kliniki Chor\u00f3b P\u0142uc i Alergologii Wojew\u00f3dzkiego Szpitala Specjalistycznego im. \u015aw. Rafa\u0142a w Czerwonej G\u00f3rze odnosz\u0105 znacz\u0105ce sukcesy na arenie mi\u0119dzynarodowej prezentuj\u0105c wyniki swoich bada\u0144 podczas presti\u017cowych wydarze\u0144 naukowych w Europie.\" \/>\n<meta property=\"og:url\" content=\"https:\/\/czerwonagora.pl\/index.php\/2024\/10\/01\/lekarki-ze-szpitala-w-czerwonej-gorze-zdobywaja-uznanie-na-miedzynarodowych-konferencjach-naukowych\/\" \/>\n<meta property=\"og:site_name\" content=\"Wojew\u00f3dzki Szpital Specjalistyczny im. \u015aw. Rafa\u0142a w Czerwonej G\u00f3rze\" \/>\n<meta property=\"article:publisher\" content=\"https:\/\/www.facebook.com\/SzpitalCzerwonaGora\/\" \/>\n<meta property=\"article:published_time\" content=\"2024-10-01T12:35:38+00:00\" \/>\n<meta property=\"article:modified_time\" content=\"2024-10-01T12:35:39+00:00\" \/>\n<meta property=\"og:image\" content=\"https:\/\/czerwonagora.pl\/wp-content\/uploads\/2024\/10\/e92e9234-cd93-4e9c-a6ae-8a89f2e4146a-1.jpg\" \/>\n\t<meta property=\"og:image:width\" content=\"1536\" \/>\n\t<meta property=\"og:image:height\" content=\"1006\" \/>\n\t<meta property=\"og:image:type\" content=\"image\/jpeg\" \/>\n<meta name=\"author\" content=\"Pawe\u0142 Wi\u0119cek\" \/>\n<meta name=\"twitter:card\" content=\"summary_large_image\" \/>\n<meta name=\"twitter:label1\" content=\"Napisane przez\" \/>\n\t<meta name=\"twitter:data1\" content=\"Pawe\u0142 Wi\u0119cek\" \/>\n\t<meta name=\"twitter:label2\" content=\"Szacowany czas czytania\" \/>\n\t<meta name=\"twitter:data2\" content=\"4 minuty\" \/>\n<script type=\"application\/ld+json\" class=\"yoast-schema-graph\">{\"@context\":\"https:\\\/\\\/schema.org\",\"@graph\":[{\"@type\":\"Article\",\"@id\":\"https:\\\/\\\/czerwonagora.pl\\\/index.php\\\/2024\\\/10\\\/01\\\/lekarki-ze-szpitala-w-czerwonej-gorze-zdobywaja-uznanie-na-miedzynarodowych-konferencjach-naukowych\\\/#article\",\"isPartOf\":{\"@id\":\"https:\\\/\\\/czerwonagora.pl\\\/index.php\\\/2024\\\/10\\\/01\\\/lekarki-ze-szpitala-w-czerwonej-gorze-zdobywaja-uznanie-na-miedzynarodowych-konferencjach-naukowych\\\/\"},\"author\":{\"name\":\"Pawe\u0142 Wi\u0119cek\",\"@id\":\"https:\\\/\\\/czerwonagora.pl\\\/#\\\/schema\\\/person\\\/8a59ddcbab34628c327513f8d1cd204d\"},\"headline\":\"Lekarki ze szpitala w Czerwonej G\u00f3rze zdobywaj\u0105 uznanie na mi\u0119dzynarodowych konferencjach naukowych\",\"datePublished\":\"2024-10-01T12:35:38+00:00\",\"dateModified\":\"2024-10-01T12:35:39+00:00\",\"mainEntityOfPage\":{\"@id\":\"https:\\\/\\\/czerwonagora.pl\\\/index.php\\\/2024\\\/10\\\/01\\\/lekarki-ze-szpitala-w-czerwonej-gorze-zdobywaja-uznanie-na-miedzynarodowych-konferencjach-naukowych\\\/\"},\"wordCount\":431,\"publisher\":{\"@id\":\"https:\\\/\\\/czerwonagora.pl\\\/#organization\"},\"image\":{\"@id\":\"https:\\\/\\\/czerwonagora.pl\\\/index.php\\\/2024\\\/10\\\/01\\\/lekarki-ze-szpitala-w-czerwonej-gorze-zdobywaja-uznanie-na-miedzynarodowych-konferencjach-naukowych\\\/#primaryimage\"},\"thumbnailUrl\":\"https:\\\/\\\/czerwonagora.pl\\\/wp-content\\\/uploads\\\/2024\\\/10\\\/e92e9234-cd93-4e9c-a6ae-8a89f2e4146a-1.jpg\",\"articleSection\":[\"Aktualno\u015bci\"],\"inLanguage\":\"pl-PL\"},{\"@type\":\"WebPage\",\"@id\":\"https:\\\/\\\/czerwonagora.pl\\\/index.php\\\/2024\\\/10\\\/01\\\/lekarki-ze-szpitala-w-czerwonej-gorze-zdobywaja-uznanie-na-miedzynarodowych-konferencjach-naukowych\\\/\",\"url\":\"https:\\\/\\\/czerwonagora.pl\\\/index.php\\\/2024\\\/10\\\/01\\\/lekarki-ze-szpitala-w-czerwonej-gorze-zdobywaja-uznanie-na-miedzynarodowych-konferencjach-naukowych\\\/\",\"name\":\"Lekarki ze szpitala w Czerwonej G\u00f3rze zdobywaj\u0105 uznanie na mi\u0119dzynarodowych konferencjach naukowych\",\"isPartOf\":{\"@id\":\"https:\\\/\\\/czerwonagora.pl\\\/#website\"},\"primaryImageOfPage\":{\"@id\":\"https:\\\/\\\/czerwonagora.pl\\\/index.php\\\/2024\\\/10\\\/01\\\/lekarki-ze-szpitala-w-czerwonej-gorze-zdobywaja-uznanie-na-miedzynarodowych-konferencjach-naukowych\\\/#primaryimage\"},\"image\":{\"@id\":\"https:\\\/\\\/czerwonagora.pl\\\/index.php\\\/2024\\\/10\\\/01\\\/lekarki-ze-szpitala-w-czerwonej-gorze-zdobywaja-uznanie-na-miedzynarodowych-konferencjach-naukowych\\\/#primaryimage\"},\"thumbnailUrl\":\"https:\\\/\\\/czerwonagora.pl\\\/wp-content\\\/uploads\\\/2024\\\/10\\\/e92e9234-cd93-4e9c-a6ae-8a89f2e4146a-1.jpg\",\"datePublished\":\"2024-10-01T12:35:38+00:00\",\"dateModified\":\"2024-10-01T12:35:39+00:00\",\"description\":\"Lekarki z Kliniki Chor\u00f3b P\u0142uc i Alergologii Wojew\u00f3dzkiego Szpitala Specjalistycznego im. \u015aw. Rafa\u0142a w Czerwonej G\u00f3rze odnosz\u0105 znacz\u0105ce sukcesy na arenie mi\u0119dzynarodowej prezentuj\u0105c wyniki swoich bada\u0144 podczas presti\u017cowych wydarze\u0144 naukowych w Europie.\",\"breadcrumb\":{\"@id\":\"https:\\\/\\\/czerwonagora.pl\\\/index.php\\\/2024\\\/10\\\/01\\\/lekarki-ze-szpitala-w-czerwonej-gorze-zdobywaja-uznanie-na-miedzynarodowych-konferencjach-naukowych\\\/#breadcrumb\"},\"inLanguage\":\"pl-PL\",\"potentialAction\":[{\"@type\":\"ReadAction\",\"target\":[\"https:\\\/\\\/czerwonagora.pl\\\/index.php\\\/2024\\\/10\\\/01\\\/lekarki-ze-szpitala-w-czerwonej-gorze-zdobywaja-uznanie-na-miedzynarodowych-konferencjach-naukowych\\\/\"]}]},{\"@type\":\"ImageObject\",\"inLanguage\":\"pl-PL\",\"@id\":\"https:\\\/\\\/czerwonagora.pl\\\/index.php\\\/2024\\\/10\\\/01\\\/lekarki-ze-szpitala-w-czerwonej-gorze-zdobywaja-uznanie-na-miedzynarodowych-konferencjach-naukowych\\\/#primaryimage\",\"url\":\"https:\\\/\\\/czerwonagora.pl\\\/wp-content\\\/uploads\\\/2024\\\/10\\\/e92e9234-cd93-4e9c-a6ae-8a89f2e4146a-1.jpg\",\"contentUrl\":\"https:\\\/\\\/czerwonagora.pl\\\/wp-content\\\/uploads\\\/2024\\\/10\\\/e92e9234-cd93-4e9c-a6ae-8a89f2e4146a-1.jpg\",\"width\":1536,\"height\":1006},{\"@type\":\"BreadcrumbList\",\"@id\":\"https:\\\/\\\/czerwonagora.pl\\\/index.php\\\/2024\\\/10\\\/01\\\/lekarki-ze-szpitala-w-czerwonej-gorze-zdobywaja-uznanie-na-miedzynarodowych-konferencjach-naukowych\\\/#breadcrumb\",\"itemListElement\":[{\"@type\":\"ListItem\",\"position\":1,\"name\":\"Strona g\u0142\u00f3wna\",\"item\":\"https:\\\/\\\/czerwonagora.pl\\\/\"},{\"@type\":\"ListItem\",\"position\":2,\"name\":\"Lekarki ze szpitala w Czerwonej G\u00f3rze zdobywaj\u0105 uznanie na mi\u0119dzynarodowych konferencjach naukowych\"}]},{\"@type\":\"WebSite\",\"@id\":\"https:\\\/\\\/czerwonagora.pl\\\/#website\",\"url\":\"https:\\\/\\\/czerwonagora.pl\\\/\",\"name\":\"Wojew\u00f3dzki Szpital Specjalistyczny im. \u015aw. Rafa\u0142a w Czerwonej G\u00f3rze\",\"description\":\"Wojew\u00f3dzki Szpital Specjalistyczny im. \u015aw. Rafa\u0142a w Czerwonej G\u00f3rze\",\"publisher\":{\"@id\":\"https:\\\/\\\/czerwonagora.pl\\\/#organization\"},\"potentialAction\":[{\"@type\":\"SearchAction\",\"target\":{\"@type\":\"EntryPoint\",\"urlTemplate\":\"https:\\\/\\\/czerwonagora.pl\\\/?s={search_term_string}\"},\"query-input\":{\"@type\":\"PropertyValueSpecification\",\"valueRequired\":true,\"valueName\":\"search_term_string\"}}],\"inLanguage\":\"pl-PL\"},{\"@type\":\"Organization\",\"@id\":\"https:\\\/\\\/czerwonagora.pl\\\/#organization\",\"name\":\"Wojew\u00f3dzki Szpital Specjalistyczny im. \u015aw. Rafa\u0142a w Czerwonej G\u00f3rze\",\"url\":\"https:\\\/\\\/czerwonagora.pl\\\/\",\"logo\":{\"@type\":\"ImageObject\",\"inLanguage\":\"pl-PL\",\"@id\":\"https:\\\/\\\/czerwonagora.pl\\\/#\\\/schema\\\/logo\\\/image\\\/\",\"url\":\"https:\\\/\\\/czerwonagora.pl\\\/wp-content\\\/uploads\\\/2021\\\/06\\\/Logo-WSS-DUZE-transparentne.png\",\"contentUrl\":\"https:\\\/\\\/czerwonagora.pl\\\/wp-content\\\/uploads\\\/2021\\\/06\\\/Logo-WSS-DUZE-transparentne.png\",\"width\":4210,\"height\":2975,\"caption\":\"Wojew\u00f3dzki Szpital Specjalistyczny im. \u015aw. Rafa\u0142a w Czerwonej G\u00f3rze\"},\"image\":{\"@id\":\"https:\\\/\\\/czerwonagora.pl\\\/#\\\/schema\\\/logo\\\/image\\\/\"},\"sameAs\":[\"https:\\\/\\\/www.facebook.com\\\/SzpitalCzerwonaGora\\\/\"]},{\"@type\":\"Person\",\"@id\":\"https:\\\/\\\/czerwonagora.pl\\\/#\\\/schema\\\/person\\\/8a59ddcbab34628c327513f8d1cd204d\",\"name\":\"Pawe\u0142 Wi\u0119cek\",\"image\":{\"@type\":\"ImageObject\",\"inLanguage\":\"pl-PL\",\"@id\":\"https:\\\/\\\/czerwonagora.pl\\\/wp-content\\\/litespeed\\\/avatar\\\/63e21f6535ac26580501c1127a4e1775.jpg?ver=1776775208\",\"url\":\"https:\\\/\\\/czerwonagora.pl\\\/wp-content\\\/litespeed\\\/avatar\\\/63e21f6535ac26580501c1127a4e1775.jpg?ver=1776775208\",\"contentUrl\":\"https:\\\/\\\/czerwonagora.pl\\\/wp-content\\\/litespeed\\\/avatar\\\/63e21f6535ac26580501c1127a4e1775.jpg?ver=1776775208\",\"caption\":\"Pawe\u0142 Wi\u0119cek\"},\"sameAs\":[\"http:\\\/\\\/www.czerwonagora.pl\"],\"url\":\"https:\\\/\\\/czerwonagora.pl\\\/index.php\\\/author\\\/wiecek\\\/\"}]}<\/script>\n<!-- \/ Yoast SEO plugin. -->","yoast_head_json":{"title":"Lekarki ze szpitala w Czerwonej G\u00f3rze zdobywaj\u0105 uznanie na mi\u0119dzynarodowych konferencjach naukowych","description":"Lekarki z Kliniki Chor\u00f3b P\u0142uc i Alergologii Wojew\u00f3dzkiego Szpitala Specjalistycznego im. \u015aw. Rafa\u0142a w Czerwonej G\u00f3rze odnosz\u0105 znacz\u0105ce sukcesy na arenie mi\u0119dzynarodowej prezentuj\u0105c wyniki swoich bada\u0144 podczas presti\u017cowych wydarze\u0144 naukowych w Europie.","robots":{"index":"index","follow":"follow","max-snippet":"max-snippet:-1","max-image-preview":"max-image-preview:large","max-video-preview":"max-video-preview:-1"},"canonical":"https:\/\/czerwonagora.pl\/index.php\/2024\/10\/01\/lekarki-ze-szpitala-w-czerwonej-gorze-zdobywaja-uznanie-na-miedzynarodowych-konferencjach-naukowych\/","og_locale":"pl_PL","og_type":"article","og_title":"Lekarki ze szpitala w Czerwonej G\u00f3rze zdobywaj\u0105 uznanie na mi\u0119dzynarodowych konferencjach naukowych","og_description":"Lekarki z Kliniki Chor\u00f3b P\u0142uc i Alergologii Wojew\u00f3dzkiego Szpitala Specjalistycznego im. \u015aw. Rafa\u0142a w Czerwonej G\u00f3rze odnosz\u0105 znacz\u0105ce sukcesy na arenie mi\u0119dzynarodowej prezentuj\u0105c wyniki swoich bada\u0144 podczas presti\u017cowych wydarze\u0144 naukowych w Europie.","og_url":"https:\/\/czerwonagora.pl\/index.php\/2024\/10\/01\/lekarki-ze-szpitala-w-czerwonej-gorze-zdobywaja-uznanie-na-miedzynarodowych-konferencjach-naukowych\/","og_site_name":"Wojew\u00f3dzki Szpital Specjalistyczny im. \u015aw. Rafa\u0142a w Czerwonej G\u00f3rze","article_publisher":"https:\/\/www.facebook.com\/SzpitalCzerwonaGora\/","article_published_time":"2024-10-01T12:35:38+00:00","article_modified_time":"2024-10-01T12:35:39+00:00","og_image":[{"width":1536,"height":1006,"url":"https:\/\/czerwonagora.pl\/wp-content\/uploads\/2024\/10\/e92e9234-cd93-4e9c-a6ae-8a89f2e4146a-1.jpg","type":"image\/jpeg"}],"author":"Pawe\u0142 Wi\u0119cek","twitter_card":"summary_large_image","twitter_misc":{"Napisane przez":"Pawe\u0142 Wi\u0119cek","Szacowany czas czytania":"4 minuty"},"schema":{"@context":"https:\/\/schema.org","@graph":[{"@type":"Article","@id":"https:\/\/czerwonagora.pl\/index.php\/2024\/10\/01\/lekarki-ze-szpitala-w-czerwonej-gorze-zdobywaja-uznanie-na-miedzynarodowych-konferencjach-naukowych\/#article","isPartOf":{"@id":"https:\/\/czerwonagora.pl\/index.php\/2024\/10\/01\/lekarki-ze-szpitala-w-czerwonej-gorze-zdobywaja-uznanie-na-miedzynarodowych-konferencjach-naukowych\/"},"author":{"name":"Pawe\u0142 Wi\u0119cek","@id":"https:\/\/czerwonagora.pl\/#\/schema\/person\/8a59ddcbab34628c327513f8d1cd204d"},"headline":"Lekarki ze szpitala w Czerwonej G\u00f3rze zdobywaj\u0105 uznanie na mi\u0119dzynarodowych konferencjach naukowych","datePublished":"2024-10-01T12:35:38+00:00","dateModified":"2024-10-01T12:35:39+00:00","mainEntityOfPage":{"@id":"https:\/\/czerwonagora.pl\/index.php\/2024\/10\/01\/lekarki-ze-szpitala-w-czerwonej-gorze-zdobywaja-uznanie-na-miedzynarodowych-konferencjach-naukowych\/"},"wordCount":431,"publisher":{"@id":"https:\/\/czerwonagora.pl\/#organization"},"image":{"@id":"https:\/\/czerwonagora.pl\/index.php\/2024\/10\/01\/lekarki-ze-szpitala-w-czerwonej-gorze-zdobywaja-uznanie-na-miedzynarodowych-konferencjach-naukowych\/#primaryimage"},"thumbnailUrl":"https:\/\/czerwonagora.pl\/wp-content\/uploads\/2024\/10\/e92e9234-cd93-4e9c-a6ae-8a89f2e4146a-1.jpg","articleSection":["Aktualno\u015bci"],"inLanguage":"pl-PL"},{"@type":"WebPage","@id":"https:\/\/czerwonagora.pl\/index.php\/2024\/10\/01\/lekarki-ze-szpitala-w-czerwonej-gorze-zdobywaja-uznanie-na-miedzynarodowych-konferencjach-naukowych\/","url":"https:\/\/czerwonagora.pl\/index.php\/2024\/10\/01\/lekarki-ze-szpitala-w-czerwonej-gorze-zdobywaja-uznanie-na-miedzynarodowych-konferencjach-naukowych\/","name":"Lekarki ze szpitala w Czerwonej G\u00f3rze zdobywaj\u0105 uznanie na mi\u0119dzynarodowych konferencjach naukowych","isPartOf":{"@id":"https:\/\/czerwonagora.pl\/#website"},"primaryImageOfPage":{"@id":"https:\/\/czerwonagora.pl\/index.php\/2024\/10\/01\/lekarki-ze-szpitala-w-czerwonej-gorze-zdobywaja-uznanie-na-miedzynarodowych-konferencjach-naukowych\/#primaryimage"},"image":{"@id":"https:\/\/czerwonagora.pl\/index.php\/2024\/10\/01\/lekarki-ze-szpitala-w-czerwonej-gorze-zdobywaja-uznanie-na-miedzynarodowych-konferencjach-naukowych\/#primaryimage"},"thumbnailUrl":"https:\/\/czerwonagora.pl\/wp-content\/uploads\/2024\/10\/e92e9234-cd93-4e9c-a6ae-8a89f2e4146a-1.jpg","datePublished":"2024-10-01T12:35:38+00:00","dateModified":"2024-10-01T12:35:39+00:00","description":"Lekarki z Kliniki Chor\u00f3b P\u0142uc i Alergologii Wojew\u00f3dzkiego Szpitala Specjalistycznego im. \u015aw. Rafa\u0142a w Czerwonej G\u00f3rze odnosz\u0105 znacz\u0105ce sukcesy na arenie mi\u0119dzynarodowej prezentuj\u0105c wyniki swoich bada\u0144 podczas presti\u017cowych wydarze\u0144 naukowych w Europie.","breadcrumb":{"@id":"https:\/\/czerwonagora.pl\/index.php\/2024\/10\/01\/lekarki-ze-szpitala-w-czerwonej-gorze-zdobywaja-uznanie-na-miedzynarodowych-konferencjach-naukowych\/#breadcrumb"},"inLanguage":"pl-PL","potentialAction":[{"@type":"ReadAction","target":["https:\/\/czerwonagora.pl\/index.php\/2024\/10\/01\/lekarki-ze-szpitala-w-czerwonej-gorze-zdobywaja-uznanie-na-miedzynarodowych-konferencjach-naukowych\/"]}]},{"@type":"ImageObject","inLanguage":"pl-PL","@id":"https:\/\/czerwonagora.pl\/index.php\/2024\/10\/01\/lekarki-ze-szpitala-w-czerwonej-gorze-zdobywaja-uznanie-na-miedzynarodowych-konferencjach-naukowych\/#primaryimage","url":"https:\/\/czerwonagora.pl\/wp-content\/uploads\/2024\/10\/e92e9234-cd93-4e9c-a6ae-8a89f2e4146a-1.jpg","contentUrl":"https:\/\/czerwonagora.pl\/wp-content\/uploads\/2024\/10\/e92e9234-cd93-4e9c-a6ae-8a89f2e4146a-1.jpg","width":1536,"height":1006},{"@type":"BreadcrumbList","@id":"https:\/\/czerwonagora.pl\/index.php\/2024\/10\/01\/lekarki-ze-szpitala-w-czerwonej-gorze-zdobywaja-uznanie-na-miedzynarodowych-konferencjach-naukowych\/#breadcrumb","itemListElement":[{"@type":"ListItem","position":1,"name":"Strona g\u0142\u00f3wna","item":"https:\/\/czerwonagora.pl\/"},{"@type":"ListItem","position":2,"name":"Lekarki ze szpitala w Czerwonej G\u00f3rze zdobywaj\u0105 uznanie na mi\u0119dzynarodowych konferencjach naukowych"}]},{"@type":"WebSite","@id":"https:\/\/czerwonagora.pl\/#website","url":"https:\/\/czerwonagora.pl\/","name":"Wojew\u00f3dzki Szpital Specjalistyczny im. \u015aw. Rafa\u0142a w Czerwonej G\u00f3rze","description":"Wojew\u00f3dzki Szpital Specjalistyczny im. \u015aw. Rafa\u0142a w Czerwonej G\u00f3rze","publisher":{"@id":"https:\/\/czerwonagora.pl\/#organization"},"potentialAction":[{"@type":"SearchAction","target":{"@type":"EntryPoint","urlTemplate":"https:\/\/czerwonagora.pl\/?s={search_term_string}"},"query-input":{"@type":"PropertyValueSpecification","valueRequired":true,"valueName":"search_term_string"}}],"inLanguage":"pl-PL"},{"@type":"Organization","@id":"https:\/\/czerwonagora.pl\/#organization","name":"Wojew\u00f3dzki Szpital Specjalistyczny im. \u015aw. Rafa\u0142a w Czerwonej G\u00f3rze","url":"https:\/\/czerwonagora.pl\/","logo":{"@type":"ImageObject","inLanguage":"pl-PL","@id":"https:\/\/czerwonagora.pl\/#\/schema\/logo\/image\/","url":"https:\/\/czerwonagora.pl\/wp-content\/uploads\/2021\/06\/Logo-WSS-DUZE-transparentne.png","contentUrl":"https:\/\/czerwonagora.pl\/wp-content\/uploads\/2021\/06\/Logo-WSS-DUZE-transparentne.png","width":4210,"height":2975,"caption":"Wojew\u00f3dzki Szpital Specjalistyczny im. \u015aw. Rafa\u0142a w Czerwonej G\u00f3rze"},"image":{"@id":"https:\/\/czerwonagora.pl\/#\/schema\/logo\/image\/"},"sameAs":["https:\/\/www.facebook.com\/SzpitalCzerwonaGora\/"]},{"@type":"Person","@id":"https:\/\/czerwonagora.pl\/#\/schema\/person\/8a59ddcbab34628c327513f8d1cd204d","name":"Pawe\u0142 Wi\u0119cek","image":{"@type":"ImageObject","inLanguage":"pl-PL","@id":"https:\/\/czerwonagora.pl\/wp-content\/litespeed\/avatar\/63e21f6535ac26580501c1127a4e1775.jpg?ver=1776775208","url":"https:\/\/czerwonagora.pl\/wp-content\/litespeed\/avatar\/63e21f6535ac26580501c1127a4e1775.jpg?ver=1776775208","contentUrl":"https:\/\/czerwonagora.pl\/wp-content\/litespeed\/avatar\/63e21f6535ac26580501c1127a4e1775.jpg?ver=1776775208","caption":"Pawe\u0142 Wi\u0119cek"},"sameAs":["http:\/\/www.czerwonagora.pl"],"url":"https:\/\/czerwonagora.pl\/index.php\/author\/wiecek\/"}]}},"publishpress_future_action":{"enabled":false,"date":"2026-05-04 10:17:43","action":"change-status","newStatus":"draft","terms":[],"taxonomy":"category","extraData":[]},"publishpress_future_workflow_manual_trigger":{"enabledWorkflows":[]},"_links":{"self":[{"href":"https:\/\/czerwonagora.pl\/index.php\/wp-json\/wp\/v2\/posts\/24574","targetHints":{"allow":["GET"]}}],"collection":[{"href":"https:\/\/czerwonagora.pl\/index.php\/wp-json\/wp\/v2\/posts"}],"about":[{"href":"https:\/\/czerwonagora.pl\/index.php\/wp-json\/wp\/v2\/types\/post"}],"author":[{"embeddable":true,"href":"https:\/\/czerwonagora.pl\/index.php\/wp-json\/wp\/v2\/users\/8"}],"replies":[{"embeddable":true,"href":"https:\/\/czerwonagora.pl\/index.php\/wp-json\/wp\/v2\/comments?post=24574"}],"version-history":[{"count":1,"href":"https:\/\/czerwonagora.pl\/index.php\/wp-json\/wp\/v2\/posts\/24574\/revisions"}],"predecessor-version":[{"id":24580,"href":"https:\/\/czerwonagora.pl\/index.php\/wp-json\/wp\/v2\/posts\/24574\/revisions\/24580"}],"wp:featuredmedia":[{"embeddable":true,"href":"https:\/\/czerwonagora.pl\/index.php\/wp-json\/wp\/v2\/media\/24576"}],"wp:attachment":[{"href":"https:\/\/czerwonagora.pl\/index.php\/wp-json\/wp\/v2\/media?parent=24574"}],"wp:term":[{"taxonomy":"category","embeddable":true,"href":"https:\/\/czerwonagora.pl\/index.php\/wp-json\/wp\/v2\/categories?post=24574"},{"taxonomy":"post_tag","embeddable":true,"href":"https:\/\/czerwonagora.pl\/index.php\/wp-json\/wp\/v2\/tags?post=24574"}],"curies":[{"name":"wp","href":"https:\/\/api.w.org\/{rel}","templated":true}]}}