{"id":24707,"date":"2024-10-04T17:03:44","date_gmt":"2024-10-04T15:03:44","guid":{"rendered":"https:\/\/czerwonagora.pl\/?p=24707"},"modified":"2024-10-04T17:37:15","modified_gmt":"2024-10-04T15:37:15","slug":"swiatowy-dzien-onkologii-szpital-w-czerwonej-gorze-rozwija-kompetencje-w-zakresie-leczenia-onkologicznego","status":"publish","type":"post","link":"https:\/\/czerwonagora.pl\/index.php\/2024\/10\/04\/swiatowy-dzien-onkologii-szpital-w-czerwonej-gorze-rozwija-kompetencje-w-zakresie-leczenia-onkologicznego\/","title":{"rendered":"\u015awiatowy Dzie\u0144 Onkologii. Szpital w Czerwonej G\u00f3rze rozwija kompetencje w zakresie leczenia onkologicznego"},"content":{"rendered":"\n<p><strong>4 pa\u017adziernika obchodzimy \u015awiatowy Dzie\u0144 Onkologii. Wydarzenie ma na celu zwi\u0119kszenie \u015bwiadomo\u015bci na temat nowotwor\u00f3w, profilaktyki, diagnozowania oraz leczenia chor\u00f3b onkologicznych. Wojew\u00f3dzki Szpital Specjalistyczny im. \u015aw. Rafa\u0142a w Czerwonej G\u00f3rze systematycznie rozszerza zakres \u015bwiadcze\u0144 medycznych w zakresie onkologii.<\/strong><\/p>\n\n\n\n<figure class=\"wp-block-image size-large\"><img fetchpriority=\"high\" decoding=\"async\" width=\"1024\" height=\"722\" src=\"https:\/\/czerwonagora.pl\/wp-content\/uploads\/2024\/10\/Oddzial-Chemioterapii-Dziennej-i-Ambulatoryjnej-1024x722.jpg\" alt=\"\" class=\"wp-image-24708\" srcset=\"https:\/\/czerwonagora.pl\/wp-content\/uploads\/2024\/10\/Oddzial-Chemioterapii-Dziennej-i-Ambulatoryjnej-1024x722.jpg 1024w, https:\/\/czerwonagora.pl\/wp-content\/uploads\/2024\/10\/Oddzial-Chemioterapii-Dziennej-i-Ambulatoryjnej-300x211.jpg 300w, https:\/\/czerwonagora.pl\/wp-content\/uploads\/2024\/10\/Oddzial-Chemioterapii-Dziennej-i-Ambulatoryjnej-768x541.jpg 768w, https:\/\/czerwonagora.pl\/wp-content\/uploads\/2024\/10\/Oddzial-Chemioterapii-Dziennej-i-Ambulatoryjnej.jpg 1080w\" sizes=\"(max-width: 1024px) 100vw, 1024px\" \/><\/figure>\n\n\n\n<p>Statystyki wskazuj\u0105, \u017ce najcz\u0119\u015bciej wyst\u0119puj\u0105cymi nowotworami s\u0105: rak p\u0142uc, rak prostaty, rak jelita grubego oraz rak piersi u kobiet. W skutecznej walce z chorobami nowotworowymi ma pom\u00f3c Krajowa Sie\u0107 Onkologiczna. Jej priorytetem jest zapewnienie ka\u017cdemu pacjentowi niezale\u017cnie od miejsca zamieszkania kompleksowej opieki opartej o jednakowe standardy i wysok\u0105 jako\u015b\u0107.<\/p>\n\n\n\n<p>Wojew\u00f3dzki Szpital Specjalistyczny im. \u015aw. Rafa\u0142a w Czerwonej G\u00f3rze znajduje si\u0119 w wykazie szpitali zakwalifikowanych do Krajowej Sieci Onkologicznej na poziomie specjalistycznym (SOLO II).<\/p>\n\n\n\n<p>Na przestrzeni ostatnich lat plac\u00f3wka systematycznie rozszerza zakres \u015bwiadcze\u0144 medycznych w zakresie onkologii poprzez inwestycje w modernizacj\u0119 infrastruktury, zakup najnowocze\u015bniejszego sprz\u0119tu oraz profesjonalne szkolenia personelu medycznego. &nbsp;<\/p>\n\n\n\n<p>W 2022 roku powsta\u0142 Oddzia\u0142 Chemioterapii Dziennej i Ambulatoryjnej. Utworzono r\u00f3wnie\u017c Poradni\u0119 Onkologiczn\u0105 oraz Pracowni\u0119 Lek\u00f3w Cytostatycznych wraz z niezb\u0119dnym wyposa\u017ceniem. To prawdziwy prze\u0142om dla pacjent\u00f3w onkologicznych diagnozowanych w szpitalu. Obecnie pacjenci nie musz\u0105 je\u017adzi\u0107 do kilku r\u00f3\u017cnych o\u015brodk\u00f3w, poniewa\u017c ich leczenie jest kompleksowe i trwa od pocz\u0105tku do ko\u0144ca w szpitalu w Czerwonej G\u00f3rze. Oddzia\u0142 Chemioterapii Dziennej i Ambulatoryjnej dysponuje obecnie o\u015bmioma stanowiskami do podawania lek\u00f3w, docelowo b\u0119dzie ich dziesi\u0119\u0107. Pracuj\u0105 tu lekarze pulmonolodzy, lekarze onkolodzy kliniczni wraz z zespo\u0142em piel\u0119gniarskim, kt\u00f3rzy obs\u0142uguj\u0105 r\u00f3wnie\u017c Poradni\u0119 Onkologiczn\u0105.<\/p>\n\n\n\n<p>Od wrze\u015bnia 2023 r. w ramach Oddzia\u0142 III Chor\u00f3b P\u0142uc i Onkologii Pulmonologicznej rozszerzono zakres o \u015bwiadczenia w zakresie onkologii klinicznej. Jest to nast\u0119pny krok po rozpocz\u0119ciu dzia\u0142alno\u015bci Oddzia\u0142u Chemioterapii Dziennej i Ambulatoryjnej. Za\u0142o\u017ceniem jest zapewnienie bezpiecze\u0144stwa pacjent\u00f3w w zakresie III i IV stopnia powik\u0142a\u0144 poprzez zabezpieczenie \u0142\u00f3\u017cek w szpitalu dla pacjent\u00f3w leczonych chemioterapi\u0105 wymagaj\u0105cych hospitalizacji. Dodatkowo w Oddziale III realizowany jest program lekowy &#8222;Leczenie chorych na raka p\u0142uca oraz mi\u0119dzyb\u0142oniaka op\u0142ucnej&#8221;.<\/p>\n\n\n\n<p>W lecznicy wprowadzono tak\u017ce innowacyjne leczenia raka prostaty i nerek. Szpital w Czerwonej G\u00f3rze jako jeden z dw\u00f3ch o\u015brodk\u00f3w w wojew\u00f3dztwie wykonuje zabiegi prostatektomii radykalnej z zastosowaniem nowoczesnych technologii robotycznych w przypadku nowotworu prostaty. Ponadto w Oddziale VII Urologicznym realizowane s\u0105 zar\u00f3wno operacje otwarte, jak i laparoskopowe zwi\u0105zane z nowotworami nerek oraz chorobami anatomicznymi g\u00f3rnego uk\u0142adu moczowego.<\/p>\n\n\n\n<p>Wojew\u00f3dzki Szpital Specjalistyczny im. \u015aw. Rafa\u0142a w Czerwonej G\u00f3rze jako jedna z pierwszych plac\u00f3wek w wojew\u00f3dztwie \u015bwi\u0119tokrzyskim wprowadzi\u0142 ma\u0142oinwazyjn\u0105 metod\u0119 operacyjnego leczenia nowotworu jelita grubego z wykorzystaniem robota.<\/p>\n\n\n\n<p>W szpitalu pr\u0119\u017cnie rozwija si\u0119 Dzia\u0142 Endoskopii. Jednostka specjalizuje si\u0119 w zabiegach bronchoskopowych oraz endoskopowych przewodu pokarmowego w tym mukozektomii lub ESD wykonywanych u pacjent\u00f3w ze zdiagnozowan\u0105 w przewodzie pokarmowym (w obr\u0119bie prze\u0142yku, \u017co\u0142\u0105dka lub jelita grubego) zmian\u0105 przednowotworow\u0105 lub nowotworow\u0105 na bardzo wczesnym etapie zaawansowania.<\/p>\n\n\n\n<p>W Wojew\u00f3dzkim Szpitalu Specjalistycznym im. \u015aw. Rafa\u0142a w Czerwonej G\u00f3rze w ramach Oddzia\u0142u IX Ortopedii i Traumatologii Narz\u0105du Ruchu lekarze wykonuj\u0105 zabiegi operacyjne przerzut\u00f3w nowotworowych do uk\u0142adu kostnego. Przerzuty do ko\u015bci najcz\u0119\u015bciej pojawi\u0105 si\u0119 u os\u00f3b, kt\u00f3re choruj\u0105 na raka prostaty, p\u0142uca, piersi i nerki. Stosowana w szpitalu wsp\u00f3\u0142czesna technologia medyczna umo\u017cliwia w wielu przypadkach operacje nowotwor\u00f3w ko\u015bci bez amputacji, czyli z zachowaniem ko\u0144czyny przy zastosowaniu endoprotez resekcyjnych.<\/p>\n\n\n\n<p>&#8211; W przypadku wszelkiego rodzaju nowotwor\u00f3w kluczowe jest wczesne wykrywanie choroby. Dzi\u0119ki nowoczesnym technologiom w obszarze diagnostyki oraz leczenia i wyspecjalizowanej kadrze w naszym szpitalu pacjenci mog\u0105 liczy\u0107 na kompleksow\u0105 i skuteczn\u0105 opiek\u0119 medyczn\u0105 &#8211; zaznacza Youssef Sleiman, dyrektor Wojew\u00f3dzkiego Szpitala Specjalistycznego im. \u015aw. Rafa\u0142a w Czerwonej G\u00f3rze.<\/p>\n","protected":false},"excerpt":{"rendered":"<p>4 pa\u017adziernika obchodzimy \u015awiatowy Dzie\u0144 Onkologii. Wydarzenie ma na celu zwi\u0119kszenie \u015bwiadomo\u015bci na temat nowotwor\u00f3w, profilaktyki, diagnozowania oraz leczenia chor\u00f3b onkologicznych. Wojew\u00f3dzki Szpital Specjalistyczny im. \u015aw. Rafa\u0142a w Czerwonej G\u00f3rze systematycznie rozszerza zakres \u015bwiadcze\u0144 medycznych w zakresie onkologii. Statystyki wskazuj\u0105, \u017ce najcz\u0119\u015bciej wyst\u0119puj\u0105cymi nowotworami s\u0105: rak p\u0142uc, rak prostaty, rak jelita grubego oraz rak piersi [&hellip;]<\/p>\n","protected":false},"author":8,"featured_media":24708,"comment_status":"closed","ping_status":"closed","sticky":false,"template":"","format":"standard","meta":{"zakra_page_container_layout":"customizer","zakra_page_sidebar_layout":"customizer","zakra_remove_content_margin":false,"zakra_sidebar":"customizer","zakra_transparent_header":"customizer","zakra_logo":0,"zakra_main_header_style":"default","zakra_menu_item_color":"","zakra_menu_item_hover_color":"","zakra_menu_item_active_color":"","zakra_menu_active_style":"","zakra_page_header":true,"footnotes":""},"categories":[39],"tags":[],"class_list":["post-24707","post","type-post","status-publish","format-standard","has-post-thumbnail","hentry","category-aktualnosci"],"yoast_head":"<!-- This site is optimized with the Yoast SEO plugin v27.4 - https:\/\/yoast.com\/product\/yoast-seo-wordpress\/ -->\n<title>\u015awiatowy Dzie\u0144 Onkologii. Szpital w Czerwonej G\u00f3rze rozwija kompetencje w zakresie leczenia onkologicznego<\/title>\n<meta name=\"description\" content=\"4 pa\u017adziernika obchodzimy \u015awiatowy Dzie\u0144 Onkologii. Wydarzenie ma na celu zwi\u0119kszenie \u015bwiadomo\u015bci na temat nowotwor\u00f3w, profilaktyki, diagnozowania oraz leczenia chor\u00f3b onkologicznych. Wojew\u00f3dzki Szpital Specjalistyczny im. \u015aw. Rafa\u0142a w Czerwonej G\u00f3rze systematycznie rozszerza zakres \u015bwiadcze\u0144 medycznych w zakresie onkologii.\" \/>\n<meta name=\"robots\" content=\"index, follow, max-snippet:-1, max-image-preview:large, max-video-preview:-1\" \/>\n<link rel=\"canonical\" href=\"https:\/\/czerwonagora.pl\/index.php\/2024\/10\/04\/swiatowy-dzien-onkologii-szpital-w-czerwonej-gorze-rozwija-kompetencje-w-zakresie-leczenia-onkologicznego\/\" \/>\n<meta property=\"og:locale\" content=\"pl_PL\" \/>\n<meta property=\"og:type\" content=\"article\" \/>\n<meta property=\"og:title\" content=\"\u015awiatowy Dzie\u0144 Onkologii. Szpital w Czerwonej G\u00f3rze rozwija kompetencje w zakresie leczenia onkologicznego\" \/>\n<meta property=\"og:description\" content=\"4 pa\u017adziernika obchodzimy \u015awiatowy Dzie\u0144 Onkologii. Wydarzenie ma na celu zwi\u0119kszenie \u015bwiadomo\u015bci na temat nowotwor\u00f3w, profilaktyki, diagnozowania oraz leczenia chor\u00f3b onkologicznych. Wojew\u00f3dzki Szpital Specjalistyczny im. \u015aw. Rafa\u0142a w Czerwonej G\u00f3rze systematycznie rozszerza zakres \u015bwiadcze\u0144 medycznych w zakresie onkologii.\" \/>\n<meta property=\"og:url\" content=\"https:\/\/czerwonagora.pl\/index.php\/2024\/10\/04\/swiatowy-dzien-onkologii-szpital-w-czerwonej-gorze-rozwija-kompetencje-w-zakresie-leczenia-onkologicznego\/\" \/>\n<meta property=\"og:site_name\" content=\"Wojew\u00f3dzki Szpital Specjalistyczny im. \u015aw. Rafa\u0142a w Czerwonej G\u00f3rze\" \/>\n<meta property=\"article:publisher\" content=\"https:\/\/www.facebook.com\/SzpitalCzerwonaGora\/\" \/>\n<meta property=\"article:published_time\" content=\"2024-10-04T15:03:44+00:00\" \/>\n<meta property=\"article:modified_time\" content=\"2024-10-04T15:37:15+00:00\" \/>\n<meta property=\"og:image\" content=\"https:\/\/czerwonagora.pl\/wp-content\/uploads\/2024\/10\/Oddzial-Chemioterapii-Dziennej-i-Ambulatoryjnej.jpg\" \/>\n\t<meta property=\"og:image:width\" content=\"1080\" \/>\n\t<meta property=\"og:image:height\" content=\"761\" \/>\n\t<meta property=\"og:image:type\" content=\"image\/jpeg\" \/>\n<meta name=\"author\" content=\"Pawe\u0142 Wi\u0119cek\" \/>\n<meta name=\"twitter:card\" content=\"summary_large_image\" \/>\n<meta name=\"twitter:label1\" content=\"Napisane przez\" \/>\n\t<meta name=\"twitter:data1\" content=\"Pawe\u0142 Wi\u0119cek\" \/>\n\t<meta name=\"twitter:label2\" content=\"Szacowany czas czytania\" \/>\n\t<meta name=\"twitter:data2\" content=\"4 minuty\" \/>\n<script type=\"application\/ld+json\" class=\"yoast-schema-graph\">{\"@context\":\"https:\\\/\\\/schema.org\",\"@graph\":[{\"@type\":\"Article\",\"@id\":\"https:\\\/\\\/czerwonagora.pl\\\/index.php\\\/2024\\\/10\\\/04\\\/swiatowy-dzien-onkologii-szpital-w-czerwonej-gorze-rozwija-kompetencje-w-zakresie-leczenia-onkologicznego\\\/#article\",\"isPartOf\":{\"@id\":\"https:\\\/\\\/czerwonagora.pl\\\/index.php\\\/2024\\\/10\\\/04\\\/swiatowy-dzien-onkologii-szpital-w-czerwonej-gorze-rozwija-kompetencje-w-zakresie-leczenia-onkologicznego\\\/\"},\"author\":{\"name\":\"Pawe\u0142 Wi\u0119cek\",\"@id\":\"https:\\\/\\\/czerwonagora.pl\\\/#\\\/schema\\\/person\\\/8a59ddcbab34628c327513f8d1cd204d\"},\"headline\":\"\u015awiatowy Dzie\u0144 Onkologii. Szpital w Czerwonej G\u00f3rze rozwija kompetencje w zakresie leczenia onkologicznego\",\"datePublished\":\"2024-10-04T15:03:44+00:00\",\"dateModified\":\"2024-10-04T15:37:15+00:00\",\"mainEntityOfPage\":{\"@id\":\"https:\\\/\\\/czerwonagora.pl\\\/index.php\\\/2024\\\/10\\\/04\\\/swiatowy-dzien-onkologii-szpital-w-czerwonej-gorze-rozwija-kompetencje-w-zakresie-leczenia-onkologicznego\\\/\"},\"wordCount\":660,\"publisher\":{\"@id\":\"https:\\\/\\\/czerwonagora.pl\\\/#organization\"},\"image\":{\"@id\":\"https:\\\/\\\/czerwonagora.pl\\\/index.php\\\/2024\\\/10\\\/04\\\/swiatowy-dzien-onkologii-szpital-w-czerwonej-gorze-rozwija-kompetencje-w-zakresie-leczenia-onkologicznego\\\/#primaryimage\"},\"thumbnailUrl\":\"https:\\\/\\\/czerwonagora.pl\\\/wp-content\\\/uploads\\\/2024\\\/10\\\/Oddzial-Chemioterapii-Dziennej-i-Ambulatoryjnej.jpg\",\"articleSection\":[\"Aktualno\u015bci\"],\"inLanguage\":\"pl-PL\"},{\"@type\":\"WebPage\",\"@id\":\"https:\\\/\\\/czerwonagora.pl\\\/index.php\\\/2024\\\/10\\\/04\\\/swiatowy-dzien-onkologii-szpital-w-czerwonej-gorze-rozwija-kompetencje-w-zakresie-leczenia-onkologicznego\\\/\",\"url\":\"https:\\\/\\\/czerwonagora.pl\\\/index.php\\\/2024\\\/10\\\/04\\\/swiatowy-dzien-onkologii-szpital-w-czerwonej-gorze-rozwija-kompetencje-w-zakresie-leczenia-onkologicznego\\\/\",\"name\":\"\u015awiatowy Dzie\u0144 Onkologii. Szpital w Czerwonej G\u00f3rze rozwija kompetencje w zakresie leczenia onkologicznego\",\"isPartOf\":{\"@id\":\"https:\\\/\\\/czerwonagora.pl\\\/#website\"},\"primaryImageOfPage\":{\"@id\":\"https:\\\/\\\/czerwonagora.pl\\\/index.php\\\/2024\\\/10\\\/04\\\/swiatowy-dzien-onkologii-szpital-w-czerwonej-gorze-rozwija-kompetencje-w-zakresie-leczenia-onkologicznego\\\/#primaryimage\"},\"image\":{\"@id\":\"https:\\\/\\\/czerwonagora.pl\\\/index.php\\\/2024\\\/10\\\/04\\\/swiatowy-dzien-onkologii-szpital-w-czerwonej-gorze-rozwija-kompetencje-w-zakresie-leczenia-onkologicznego\\\/#primaryimage\"},\"thumbnailUrl\":\"https:\\\/\\\/czerwonagora.pl\\\/wp-content\\\/uploads\\\/2024\\\/10\\\/Oddzial-Chemioterapii-Dziennej-i-Ambulatoryjnej.jpg\",\"datePublished\":\"2024-10-04T15:03:44+00:00\",\"dateModified\":\"2024-10-04T15:37:15+00:00\",\"description\":\"4 pa\u017adziernika obchodzimy \u015awiatowy Dzie\u0144 Onkologii. Wydarzenie ma na celu zwi\u0119kszenie \u015bwiadomo\u015bci na temat nowotwor\u00f3w, profilaktyki, diagnozowania oraz leczenia chor\u00f3b onkologicznych. Wojew\u00f3dzki Szpital Specjalistyczny im. \u015aw. Rafa\u0142a w Czerwonej G\u00f3rze systematycznie rozszerza zakres \u015bwiadcze\u0144 medycznych w zakresie onkologii.\",\"breadcrumb\":{\"@id\":\"https:\\\/\\\/czerwonagora.pl\\\/index.php\\\/2024\\\/10\\\/04\\\/swiatowy-dzien-onkologii-szpital-w-czerwonej-gorze-rozwija-kompetencje-w-zakresie-leczenia-onkologicznego\\\/#breadcrumb\"},\"inLanguage\":\"pl-PL\",\"potentialAction\":[{\"@type\":\"ReadAction\",\"target\":[\"https:\\\/\\\/czerwonagora.pl\\\/index.php\\\/2024\\\/10\\\/04\\\/swiatowy-dzien-onkologii-szpital-w-czerwonej-gorze-rozwija-kompetencje-w-zakresie-leczenia-onkologicznego\\\/\"]}]},{\"@type\":\"ImageObject\",\"inLanguage\":\"pl-PL\",\"@id\":\"https:\\\/\\\/czerwonagora.pl\\\/index.php\\\/2024\\\/10\\\/04\\\/swiatowy-dzien-onkologii-szpital-w-czerwonej-gorze-rozwija-kompetencje-w-zakresie-leczenia-onkologicznego\\\/#primaryimage\",\"url\":\"https:\\\/\\\/czerwonagora.pl\\\/wp-content\\\/uploads\\\/2024\\\/10\\\/Oddzial-Chemioterapii-Dziennej-i-Ambulatoryjnej.jpg\",\"contentUrl\":\"https:\\\/\\\/czerwonagora.pl\\\/wp-content\\\/uploads\\\/2024\\\/10\\\/Oddzial-Chemioterapii-Dziennej-i-Ambulatoryjnej.jpg\",\"width\":1080,\"height\":761},{\"@type\":\"BreadcrumbList\",\"@id\":\"https:\\\/\\\/czerwonagora.pl\\\/index.php\\\/2024\\\/10\\\/04\\\/swiatowy-dzien-onkologii-szpital-w-czerwonej-gorze-rozwija-kompetencje-w-zakresie-leczenia-onkologicznego\\\/#breadcrumb\",\"itemListElement\":[{\"@type\":\"ListItem\",\"position\":1,\"name\":\"Strona g\u0142\u00f3wna\",\"item\":\"https:\\\/\\\/czerwonagora.pl\\\/\"},{\"@type\":\"ListItem\",\"position\":2,\"name\":\"\u015awiatowy Dzie\u0144 Onkologii. Szpital w Czerwonej G\u00f3rze rozwija kompetencje w zakresie leczenia onkologicznego\"}]},{\"@type\":\"WebSite\",\"@id\":\"https:\\\/\\\/czerwonagora.pl\\\/#website\",\"url\":\"https:\\\/\\\/czerwonagora.pl\\\/\",\"name\":\"Wojew\u00f3dzki Szpital Specjalistyczny im. \u015aw. Rafa\u0142a w Czerwonej G\u00f3rze\",\"description\":\"Wojew\u00f3dzki Szpital Specjalistyczny im. \u015aw. Rafa\u0142a w Czerwonej G\u00f3rze\",\"publisher\":{\"@id\":\"https:\\\/\\\/czerwonagora.pl\\\/#organization\"},\"potentialAction\":[{\"@type\":\"SearchAction\",\"target\":{\"@type\":\"EntryPoint\",\"urlTemplate\":\"https:\\\/\\\/czerwonagora.pl\\\/?s={search_term_string}\"},\"query-input\":{\"@type\":\"PropertyValueSpecification\",\"valueRequired\":true,\"valueName\":\"search_term_string\"}}],\"inLanguage\":\"pl-PL\"},{\"@type\":\"Organization\",\"@id\":\"https:\\\/\\\/czerwonagora.pl\\\/#organization\",\"name\":\"Wojew\u00f3dzki Szpital Specjalistyczny im. \u015aw. Rafa\u0142a w Czerwonej G\u00f3rze\",\"url\":\"https:\\\/\\\/czerwonagora.pl\\\/\",\"logo\":{\"@type\":\"ImageObject\",\"inLanguage\":\"pl-PL\",\"@id\":\"https:\\\/\\\/czerwonagora.pl\\\/#\\\/schema\\\/logo\\\/image\\\/\",\"url\":\"https:\\\/\\\/czerwonagora.pl\\\/wp-content\\\/uploads\\\/2021\\\/06\\\/Logo-WSS-DUZE-transparentne.png\",\"contentUrl\":\"https:\\\/\\\/czerwonagora.pl\\\/wp-content\\\/uploads\\\/2021\\\/06\\\/Logo-WSS-DUZE-transparentne.png\",\"width\":4210,\"height\":2975,\"caption\":\"Wojew\u00f3dzki Szpital Specjalistyczny im. \u015aw. Rafa\u0142a w Czerwonej G\u00f3rze\"},\"image\":{\"@id\":\"https:\\\/\\\/czerwonagora.pl\\\/#\\\/schema\\\/logo\\\/image\\\/\"},\"sameAs\":[\"https:\\\/\\\/www.facebook.com\\\/SzpitalCzerwonaGora\\\/\"]},{\"@type\":\"Person\",\"@id\":\"https:\\\/\\\/czerwonagora.pl\\\/#\\\/schema\\\/person\\\/8a59ddcbab34628c327513f8d1cd204d\",\"name\":\"Pawe\u0142 Wi\u0119cek\",\"image\":{\"@type\":\"ImageObject\",\"inLanguage\":\"pl-PL\",\"@id\":\"https:\\\/\\\/czerwonagora.pl\\\/wp-content\\\/litespeed\\\/avatar\\\/63e21f6535ac26580501c1127a4e1775.jpg?ver=1776775208\",\"url\":\"https:\\\/\\\/czerwonagora.pl\\\/wp-content\\\/litespeed\\\/avatar\\\/63e21f6535ac26580501c1127a4e1775.jpg?ver=1776775208\",\"contentUrl\":\"https:\\\/\\\/czerwonagora.pl\\\/wp-content\\\/litespeed\\\/avatar\\\/63e21f6535ac26580501c1127a4e1775.jpg?ver=1776775208\",\"caption\":\"Pawe\u0142 Wi\u0119cek\"},\"sameAs\":[\"http:\\\/\\\/www.czerwonagora.pl\"],\"url\":\"https:\\\/\\\/czerwonagora.pl\\\/index.php\\\/author\\\/wiecek\\\/\"}]}<\/script>\n<!-- \/ Yoast SEO plugin. -->","yoast_head_json":{"title":"\u015awiatowy Dzie\u0144 Onkologii. Szpital w Czerwonej G\u00f3rze rozwija kompetencje w zakresie leczenia onkologicznego","description":"4 pa\u017adziernika obchodzimy \u015awiatowy Dzie\u0144 Onkologii. Wydarzenie ma na celu zwi\u0119kszenie \u015bwiadomo\u015bci na temat nowotwor\u00f3w, profilaktyki, diagnozowania oraz leczenia chor\u00f3b onkologicznych. Wojew\u00f3dzki Szpital Specjalistyczny im. \u015aw. Rafa\u0142a w Czerwonej G\u00f3rze systematycznie rozszerza zakres \u015bwiadcze\u0144 medycznych w zakresie onkologii.","robots":{"index":"index","follow":"follow","max-snippet":"max-snippet:-1","max-image-preview":"max-image-preview:large","max-video-preview":"max-video-preview:-1"},"canonical":"https:\/\/czerwonagora.pl\/index.php\/2024\/10\/04\/swiatowy-dzien-onkologii-szpital-w-czerwonej-gorze-rozwija-kompetencje-w-zakresie-leczenia-onkologicznego\/","og_locale":"pl_PL","og_type":"article","og_title":"\u015awiatowy Dzie\u0144 Onkologii. Szpital w Czerwonej G\u00f3rze rozwija kompetencje w zakresie leczenia onkologicznego","og_description":"4 pa\u017adziernika obchodzimy \u015awiatowy Dzie\u0144 Onkologii. Wydarzenie ma na celu zwi\u0119kszenie \u015bwiadomo\u015bci na temat nowotwor\u00f3w, profilaktyki, diagnozowania oraz leczenia chor\u00f3b onkologicznych. Wojew\u00f3dzki Szpital Specjalistyczny im. \u015aw. Rafa\u0142a w Czerwonej G\u00f3rze systematycznie rozszerza zakres \u015bwiadcze\u0144 medycznych w zakresie onkologii.","og_url":"https:\/\/czerwonagora.pl\/index.php\/2024\/10\/04\/swiatowy-dzien-onkologii-szpital-w-czerwonej-gorze-rozwija-kompetencje-w-zakresie-leczenia-onkologicznego\/","og_site_name":"Wojew\u00f3dzki Szpital Specjalistyczny im. \u015aw. Rafa\u0142a w Czerwonej G\u00f3rze","article_publisher":"https:\/\/www.facebook.com\/SzpitalCzerwonaGora\/","article_published_time":"2024-10-04T15:03:44+00:00","article_modified_time":"2024-10-04T15:37:15+00:00","og_image":[{"width":1080,"height":761,"url":"https:\/\/czerwonagora.pl\/wp-content\/uploads\/2024\/10\/Oddzial-Chemioterapii-Dziennej-i-Ambulatoryjnej.jpg","type":"image\/jpeg"}],"author":"Pawe\u0142 Wi\u0119cek","twitter_card":"summary_large_image","twitter_misc":{"Napisane przez":"Pawe\u0142 Wi\u0119cek","Szacowany czas czytania":"4 minuty"},"schema":{"@context":"https:\/\/schema.org","@graph":[{"@type":"Article","@id":"https:\/\/czerwonagora.pl\/index.php\/2024\/10\/04\/swiatowy-dzien-onkologii-szpital-w-czerwonej-gorze-rozwija-kompetencje-w-zakresie-leczenia-onkologicznego\/#article","isPartOf":{"@id":"https:\/\/czerwonagora.pl\/index.php\/2024\/10\/04\/swiatowy-dzien-onkologii-szpital-w-czerwonej-gorze-rozwija-kompetencje-w-zakresie-leczenia-onkologicznego\/"},"author":{"name":"Pawe\u0142 Wi\u0119cek","@id":"https:\/\/czerwonagora.pl\/#\/schema\/person\/8a59ddcbab34628c327513f8d1cd204d"},"headline":"\u015awiatowy Dzie\u0144 Onkologii. Szpital w Czerwonej G\u00f3rze rozwija kompetencje w zakresie leczenia onkologicznego","datePublished":"2024-10-04T15:03:44+00:00","dateModified":"2024-10-04T15:37:15+00:00","mainEntityOfPage":{"@id":"https:\/\/czerwonagora.pl\/index.php\/2024\/10\/04\/swiatowy-dzien-onkologii-szpital-w-czerwonej-gorze-rozwija-kompetencje-w-zakresie-leczenia-onkologicznego\/"},"wordCount":660,"publisher":{"@id":"https:\/\/czerwonagora.pl\/#organization"},"image":{"@id":"https:\/\/czerwonagora.pl\/index.php\/2024\/10\/04\/swiatowy-dzien-onkologii-szpital-w-czerwonej-gorze-rozwija-kompetencje-w-zakresie-leczenia-onkologicznego\/#primaryimage"},"thumbnailUrl":"https:\/\/czerwonagora.pl\/wp-content\/uploads\/2024\/10\/Oddzial-Chemioterapii-Dziennej-i-Ambulatoryjnej.jpg","articleSection":["Aktualno\u015bci"],"inLanguage":"pl-PL"},{"@type":"WebPage","@id":"https:\/\/czerwonagora.pl\/index.php\/2024\/10\/04\/swiatowy-dzien-onkologii-szpital-w-czerwonej-gorze-rozwija-kompetencje-w-zakresie-leczenia-onkologicznego\/","url":"https:\/\/czerwonagora.pl\/index.php\/2024\/10\/04\/swiatowy-dzien-onkologii-szpital-w-czerwonej-gorze-rozwija-kompetencje-w-zakresie-leczenia-onkologicznego\/","name":"\u015awiatowy Dzie\u0144 Onkologii. Szpital w Czerwonej G\u00f3rze rozwija kompetencje w zakresie leczenia onkologicznego","isPartOf":{"@id":"https:\/\/czerwonagora.pl\/#website"},"primaryImageOfPage":{"@id":"https:\/\/czerwonagora.pl\/index.php\/2024\/10\/04\/swiatowy-dzien-onkologii-szpital-w-czerwonej-gorze-rozwija-kompetencje-w-zakresie-leczenia-onkologicznego\/#primaryimage"},"image":{"@id":"https:\/\/czerwonagora.pl\/index.php\/2024\/10\/04\/swiatowy-dzien-onkologii-szpital-w-czerwonej-gorze-rozwija-kompetencje-w-zakresie-leczenia-onkologicznego\/#primaryimage"},"thumbnailUrl":"https:\/\/czerwonagora.pl\/wp-content\/uploads\/2024\/10\/Oddzial-Chemioterapii-Dziennej-i-Ambulatoryjnej.jpg","datePublished":"2024-10-04T15:03:44+00:00","dateModified":"2024-10-04T15:37:15+00:00","description":"4 pa\u017adziernika obchodzimy \u015awiatowy Dzie\u0144 Onkologii. Wydarzenie ma na celu zwi\u0119kszenie \u015bwiadomo\u015bci na temat nowotwor\u00f3w, profilaktyki, diagnozowania oraz leczenia chor\u00f3b onkologicznych. Wojew\u00f3dzki Szpital Specjalistyczny im. \u015aw. Rafa\u0142a w Czerwonej G\u00f3rze systematycznie rozszerza zakres \u015bwiadcze\u0144 medycznych w zakresie onkologii.","breadcrumb":{"@id":"https:\/\/czerwonagora.pl\/index.php\/2024\/10\/04\/swiatowy-dzien-onkologii-szpital-w-czerwonej-gorze-rozwija-kompetencje-w-zakresie-leczenia-onkologicznego\/#breadcrumb"},"inLanguage":"pl-PL","potentialAction":[{"@type":"ReadAction","target":["https:\/\/czerwonagora.pl\/index.php\/2024\/10\/04\/swiatowy-dzien-onkologii-szpital-w-czerwonej-gorze-rozwija-kompetencje-w-zakresie-leczenia-onkologicznego\/"]}]},{"@type":"ImageObject","inLanguage":"pl-PL","@id":"https:\/\/czerwonagora.pl\/index.php\/2024\/10\/04\/swiatowy-dzien-onkologii-szpital-w-czerwonej-gorze-rozwija-kompetencje-w-zakresie-leczenia-onkologicznego\/#primaryimage","url":"https:\/\/czerwonagora.pl\/wp-content\/uploads\/2024\/10\/Oddzial-Chemioterapii-Dziennej-i-Ambulatoryjnej.jpg","contentUrl":"https:\/\/czerwonagora.pl\/wp-content\/uploads\/2024\/10\/Oddzial-Chemioterapii-Dziennej-i-Ambulatoryjnej.jpg","width":1080,"height":761},{"@type":"BreadcrumbList","@id":"https:\/\/czerwonagora.pl\/index.php\/2024\/10\/04\/swiatowy-dzien-onkologii-szpital-w-czerwonej-gorze-rozwija-kompetencje-w-zakresie-leczenia-onkologicznego\/#breadcrumb","itemListElement":[{"@type":"ListItem","position":1,"name":"Strona g\u0142\u00f3wna","item":"https:\/\/czerwonagora.pl\/"},{"@type":"ListItem","position":2,"name":"\u015awiatowy Dzie\u0144 Onkologii. Szpital w Czerwonej G\u00f3rze rozwija kompetencje w zakresie leczenia onkologicznego"}]},{"@type":"WebSite","@id":"https:\/\/czerwonagora.pl\/#website","url":"https:\/\/czerwonagora.pl\/","name":"Wojew\u00f3dzki Szpital Specjalistyczny im. \u015aw. Rafa\u0142a w Czerwonej G\u00f3rze","description":"Wojew\u00f3dzki Szpital Specjalistyczny im. \u015aw. Rafa\u0142a w Czerwonej G\u00f3rze","publisher":{"@id":"https:\/\/czerwonagora.pl\/#organization"},"potentialAction":[{"@type":"SearchAction","target":{"@type":"EntryPoint","urlTemplate":"https:\/\/czerwonagora.pl\/?s={search_term_string}"},"query-input":{"@type":"PropertyValueSpecification","valueRequired":true,"valueName":"search_term_string"}}],"inLanguage":"pl-PL"},{"@type":"Organization","@id":"https:\/\/czerwonagora.pl\/#organization","name":"Wojew\u00f3dzki Szpital Specjalistyczny im. \u015aw. Rafa\u0142a w Czerwonej G\u00f3rze","url":"https:\/\/czerwonagora.pl\/","logo":{"@type":"ImageObject","inLanguage":"pl-PL","@id":"https:\/\/czerwonagora.pl\/#\/schema\/logo\/image\/","url":"https:\/\/czerwonagora.pl\/wp-content\/uploads\/2021\/06\/Logo-WSS-DUZE-transparentne.png","contentUrl":"https:\/\/czerwonagora.pl\/wp-content\/uploads\/2021\/06\/Logo-WSS-DUZE-transparentne.png","width":4210,"height":2975,"caption":"Wojew\u00f3dzki Szpital Specjalistyczny im. \u015aw. Rafa\u0142a w Czerwonej G\u00f3rze"},"image":{"@id":"https:\/\/czerwonagora.pl\/#\/schema\/logo\/image\/"},"sameAs":["https:\/\/www.facebook.com\/SzpitalCzerwonaGora\/"]},{"@type":"Person","@id":"https:\/\/czerwonagora.pl\/#\/schema\/person\/8a59ddcbab34628c327513f8d1cd204d","name":"Pawe\u0142 Wi\u0119cek","image":{"@type":"ImageObject","inLanguage":"pl-PL","@id":"https:\/\/czerwonagora.pl\/wp-content\/litespeed\/avatar\/63e21f6535ac26580501c1127a4e1775.jpg?ver=1776775208","url":"https:\/\/czerwonagora.pl\/wp-content\/litespeed\/avatar\/63e21f6535ac26580501c1127a4e1775.jpg?ver=1776775208","contentUrl":"https:\/\/czerwonagora.pl\/wp-content\/litespeed\/avatar\/63e21f6535ac26580501c1127a4e1775.jpg?ver=1776775208","caption":"Pawe\u0142 Wi\u0119cek"},"sameAs":["http:\/\/www.czerwonagora.pl"],"url":"https:\/\/czerwonagora.pl\/index.php\/author\/wiecek\/"}]}},"publishpress_future_action":{"enabled":false,"date":"2026-05-05 02:09:30","action":"change-status","newStatus":"draft","terms":[],"taxonomy":"category","extraData":[]},"publishpress_future_workflow_manual_trigger":{"enabledWorkflows":[]},"_links":{"self":[{"href":"https:\/\/czerwonagora.pl\/index.php\/wp-json\/wp\/v2\/posts\/24707","targetHints":{"allow":["GET"]}}],"collection":[{"href":"https:\/\/czerwonagora.pl\/index.php\/wp-json\/wp\/v2\/posts"}],"about":[{"href":"https:\/\/czerwonagora.pl\/index.php\/wp-json\/wp\/v2\/types\/post"}],"author":[{"embeddable":true,"href":"https:\/\/czerwonagora.pl\/index.php\/wp-json\/wp\/v2\/users\/8"}],"replies":[{"embeddable":true,"href":"https:\/\/czerwonagora.pl\/index.php\/wp-json\/wp\/v2\/comments?post=24707"}],"version-history":[{"count":3,"href":"https:\/\/czerwonagora.pl\/index.php\/wp-json\/wp\/v2\/posts\/24707\/revisions"}],"predecessor-version":[{"id":24711,"href":"https:\/\/czerwonagora.pl\/index.php\/wp-json\/wp\/v2\/posts\/24707\/revisions\/24711"}],"wp:featuredmedia":[{"embeddable":true,"href":"https:\/\/czerwonagora.pl\/index.php\/wp-json\/wp\/v2\/media\/24708"}],"wp:attachment":[{"href":"https:\/\/czerwonagora.pl\/index.php\/wp-json\/wp\/v2\/media?parent=24707"}],"wp:term":[{"taxonomy":"category","embeddable":true,"href":"https:\/\/czerwonagora.pl\/index.php\/wp-json\/wp\/v2\/categories?post=24707"},{"taxonomy":"post_tag","embeddable":true,"href":"https:\/\/czerwonagora.pl\/index.php\/wp-json\/wp\/v2\/tags?post=24707"}],"curies":[{"name":"wp","href":"https:\/\/api.w.org\/{rel}","templated":true}]}}