{"id":25533,"date":"2024-12-05T13:42:52","date_gmt":"2024-12-05T12:42:52","guid":{"rendered":"https:\/\/czerwonagora.pl\/?p=25533"},"modified":"2024-12-05T13:42:52","modified_gmt":"2024-12-05T12:42:52","slug":"gruzlica-grozna-ale-uleczalna-jak-rozpoznac-i-leczyc-chorobe","status":"publish","type":"post","link":"https:\/\/czerwonagora.pl\/index.php\/2024\/12\/05\/gruzlica-grozna-ale-uleczalna-jak-rozpoznac-i-leczyc-chorobe\/","title":{"rendered":"Gru\u017alica \u2013 gro\u017ana, ale uleczalna. Jak rozpozna\u0107 i leczy\u0107 chorob\u0119?"},"content":{"rendered":"\n<p><strong>Gru\u017alica to jedna z najstarszych i najbardziej znanych chor\u00f3b zaka\u017anych, kt\u00f3ra wci\u0105\u017c stanowi globalny problem zdrowotny. Na \u015bwiecie co roku choruje na ni\u0105 oko\u0142o 10 milion\u00f3w ludzi, a w Polsce wska\u017anik zachorowa\u0144 wynosi 10 na 100 tysi\u0119cy mieszka\u0144c\u00f3w. Jak j\u0105 rozpozna\u0107, skutecznie leczy\u0107 i dlaczego profilaktyka odgrywa kluczow\u0105 rol\u0119? W ramach trwaj\u0105cych od 1 do 10 grudnia Dni Walki z Gru\u017alic\u0105 i Chorobami P\u0142uc opowiadaj\u0105 o tym eksperci z Wojew\u00f3dzkiego Szpitala Specjalistycznego im. \u015aw. Rafa\u0142a w Czerwonej G\u00f3rze.<\/strong><\/p>\n\n\n\n<figure class=\"wp-block-image size-large\"><img fetchpriority=\"high\" decoding=\"async\" width=\"1024\" height=\"768\" src=\"https:\/\/czerwonagora.pl\/wp-content\/uploads\/2024\/12\/IMG_6855-1024x768.jpg\" alt=\"\" class=\"wp-image-25541\" srcset=\"https:\/\/czerwonagora.pl\/wp-content\/uploads\/2024\/12\/IMG_6855-1024x768.jpg 1024w, https:\/\/czerwonagora.pl\/wp-content\/uploads\/2024\/12\/IMG_6855-300x225.jpg 300w, https:\/\/czerwonagora.pl\/wp-content\/uploads\/2024\/12\/IMG_6855-768x576.jpg 768w, https:\/\/czerwonagora.pl\/wp-content\/uploads\/2024\/12\/IMG_6855-1536x1152.jpg 1536w, https:\/\/czerwonagora.pl\/wp-content\/uploads\/2024\/12\/IMG_6855-2048x1536.jpg 2048w\" sizes=\"(max-width: 1024px) 100vw, 1024px\" \/><figcaption class=\"wp-element-caption\">Lekarz Miros\u0142awa Pa\u017adzierz, kierownik Oddzia\u0142u II Chor\u00f3b P\u0142uc i Gru\u017alicy <br>w Wojew\u00f3dzkim Szpitalu Specjalistycznym w Czerwonej G\u00f3rze.<\/figcaption><\/figure>\n\n\n\n<p><strong>Jak rozpozna\u0107 gru\u017alic\u0119?<\/strong><br>Gru\u017alica wywo\u0142ywana jest przez pr\u0105tka gru\u017alicy, bakteri\u0119 odkryt\u0105 przez Roberta Kocha. Cho\u0107 dost\u0119p do bada\u0144 diagnostycznych i skutecznych lek\u00f3w znacznie poprawi\u0142 rokowania pacjent\u00f3w, kluczowe jest wczesne rozpoznanie.<\/p>\n\n\n\n<p>&#8211; Najbardziej charakterystycznymi objawami gru\u017alicy s\u0105 przewlek\u0142y kaszel trwaj\u0105cy d\u0142u\u017cej ni\u017c trzy tygodnie, krwioplucie, duszno\u015b\u0107, utrata masy cia\u0142a oraz og\u00f3lne os\u0142abienie. W niekt\u00f3rych przypadkach mog\u0105 wyst\u0105pi\u0107 b\u00f3le w klatce piersiowej\u201d \u2013 wyja\u015bnia Miros\u0142awa Pa\u017adzierz, kierownik Oddzia\u0142u II Chor\u00f3b P\u0142uc i Gru\u017alicy w szpitalu w Czerwonej G\u00f3rze. &#8211; Ka\u017cda osoba z takimi objawami powinna zg\u0142osi\u0107 si\u0119 do lekarza, kt\u00f3ry zleci badanie RTG klatki piersiowej \u2013 podstawowe narz\u0119dzie w diagnozowaniu tej choroby &#8211; dodaje.<\/p>\n\n\n\n<p><strong>Leczenie gru\u017alicy: skuteczne, ale wymagaj\u0105ce<\/strong><br>Leczenie gru\u017alicy to proces z\u0142o\u017cony, ale mo\u017cliwy do przeprowadzenia z powodzeniem. Standardowa terapia trwa sze\u015b\u0107 miesi\u0119cy i obejmuje dwie fazy \u2013 intensywn\u0105 i podtrzymuj\u0105c\u0105.<\/p>\n\n\n\n<p>&#8211; W naszym szpitalu pacjenci sp\u0119dzaj\u0105 zwykle pierwsze dwa miesi\u0105ce w warunkach szpitalnych, gdzie podajemy im intensywn\u0105 terapi\u0119 antybiotykow\u0105. Po odpr\u0105tkowaniu, czyli ust\u0105pieniu zaka\u017ano\u015bci, dalsze leczenie kontynuowane jest ambulatoryjnie. W przypadkach gru\u017alicy wielolekoopornej, kt\u00f3ra dawniej wymaga\u0142a nawet dwuletniego leczenia, obecnie dzi\u0119ki wprowadzeniu nowych, skutecznych lek\u00f3w mo\u017cna skr\u00f3ci\u0107 czas leczenia do 6 miesi\u0119cy &#8211; m\u00f3wi lekarz Miros\u0142awa Pa\u017adzierz.<\/p>\n\n\n\n<p>W 2023 roku w szpitalu w Czerwonej G\u00f3rze leczono 188 pacjent\u00f3w z gru\u017alic\u0105. Aktualnie hospitalizowanych jest w szpitalu ok. 20 os\u00f3b, g\u0142\u00f3wnie m\u0119\u017cczyzn w wieku od 40 do 70 lat.<\/p>\n\n\n\n<p><strong>Profilaktyka \u2013 klucz do zdrowia<\/strong><br>Cho\u0107 gru\u017alica jest uleczalna, najlepszym sposobem na ograniczenie liczby zachorowa\u0144 jest profilaktyka. W Polsce noworodki s\u0105 szczepione przeciwko gru\u017alicy, co znacznie zmniejsza ryzyko ci\u0119\u017ckich powik\u0142a\u0144.<\/p>\n\n\n\n<p>&#8211; Szczepienie nie zapobiega zachorowaniu, ale chroni przed ci\u0119\u017ckimi postaciami, takimi jak gru\u017alicze zapalenie opon m\u00f3zgowo-rdzeniowych. Wa\u017cne jest tak\u017ce regularne wykonywanie bada\u0144 przesiewowych, takich jak RTG klatki piersiowej. Osoby doros\u0142e, szczeg\u00f3lnie te z grup ryzyka, powinny wykonywa\u0107 to badanie co dwa lata \u2013 podkre\u015bla lekarz Miros\u0142awa Pa\u017adzierz.<\/p>\n\n\n\n<p>Kluczowe znaczenie ma tak\u017ce unikanie czynnik\u00f3w ryzyka, takich jak na\u0142ogi, niedo\u017cywienie . Dba\u0142o\u015b\u0107 o higien\u0119, w\u0142a\u015bciw\u0105 diet\u0119 i zdrowy tryb \u017cycia mo\u017ce znacz\u0105co poprawi\u0107 odporno\u015b\u0107 organizmu i zmniejszy\u0107 ryzyko zachorowania. Nale\u017cy r\u00f3wnie\u017c pami\u0119ta\u0107, \u017ce d\u0142ugotrwa\u0142e leczenie immunosupresyjne innych chor\u00f3b oraz leczenie biologiczne niesie ryzyko rozwoju gru\u017alicy.<\/p>\n\n\n\n<p><strong>Wyj\u0105tkowe mo\u017cliwo\u015bci szpitala w Czerwonej G\u00f3rze<\/strong><br>Szpital w Czerwonej G\u00f3rze to jeden z najwa\u017cniejszych o\u015brodk\u00f3w leczenia chor\u00f3b p\u0142uc w Polsce. Dysponuje 30 \u0142\u00f3\u017ckami zaka\u017anymi przeznaczonymi dla pacjent\u00f3w z gru\u017alic\u0105, a dzi\u0119ki nowoczesnym metodom diagnostyki i leczenia zapewnia kompleksow\u0105 opiek\u0119.<\/p>\n\n\n\n<p>&#8211; Naszym celem jest nie tylko leczenie, ale tak\u017ce edukacja pacjent\u00f3w i spo\u0142ecze\u0144stwa na temat chor\u00f3b p\u0142uc. Zach\u0119cam wszystkich do udzia\u0142u w Dniach Walki z Gru\u017alic\u0105 i Chorobami P\u0142uc, kt\u00f3re odbywaj\u0105 si\u0119 od 1 do 10 grudnia. To doskona\u0142a okazja, aby dowiedzie\u0107 si\u0119 wi\u0119cej o profilaktyce i leczeniu &#8211; lekarz podkre\u015bla Miros\u0142awa Pa\u017adzierz.<\/p>\n\n\n\n<p>Gru\u017alica to choroba, kt\u00f3ra wci\u0105\u017c zbiera \u017cniwo, ale odpowiednia profilaktyka i szybkie wdro\u017cenie leczenia mog\u0105 znacz\u0105co zmniejszy\u0107 jej skutki. Pami\u0119tajmy o badaniach, zdrowym stylu \u017cycia i dbajmy o odporno\u015b\u0107 \u2013 nasze zdrowie jest tego warte.<\/p>\n","protected":false},"excerpt":{"rendered":"<p>Gru\u017alica to jedna z najstarszych i najbardziej znanych chor\u00f3b zaka\u017anych, kt\u00f3ra wci\u0105\u017c stanowi globalny problem zdrowotny. Na \u015bwiecie co roku choruje na ni\u0105 oko\u0142o 10 milion\u00f3w ludzi, a w Polsce wska\u017anik zachorowa\u0144 wynosi 10 na 100 tysi\u0119cy mieszka\u0144c\u00f3w. Jak j\u0105 rozpozna\u0107, skutecznie leczy\u0107 i dlaczego profilaktyka odgrywa kluczow\u0105 rol\u0119? W ramach trwaj\u0105cych od 1 do [&hellip;]<\/p>\n","protected":false},"author":8,"featured_media":25541,"comment_status":"closed","ping_status":"closed","sticky":false,"template":"","format":"standard","meta":{"zakra_page_container_layout":"customizer","zakra_page_sidebar_layout":"customizer","zakra_remove_content_margin":false,"zakra_sidebar":"customizer","zakra_transparent_header":"customizer","zakra_logo":0,"zakra_main_header_style":"default","zakra_menu_item_color":"","zakra_menu_item_hover_color":"","zakra_menu_item_active_color":"","zakra_menu_active_style":"","zakra_page_header":true,"footnotes":""},"categories":[39],"tags":[],"class_list":["post-25533","post","type-post","status-publish","format-standard","has-post-thumbnail","hentry","category-aktualnosci"],"yoast_head":"<!-- This site is optimized with the Yoast SEO plugin v27.4 - https:\/\/yoast.com\/product\/yoast-seo-wordpress\/ -->\n<title>Gru\u017alica \u2013 gro\u017ana, ale uleczalna. Jak rozpozna\u0107 i leczy\u0107 chorob\u0119?<\/title>\n<meta name=\"description\" content=\"Gru\u017alica to jedna z najstarszych i najbardziej znanych chor\u00f3b zaka\u017anych, kt\u00f3ra wci\u0105\u017c stanowi globalny problem zdrowotny. Na \u015bwiecie co roku choruje na ni\u0105 oko\u0142o 10 milion\u00f3w ludzi, a w Polsce wska\u017anik zachorowa\u0144 wynosi 10 na 100 tysi\u0119cy mieszka\u0144c\u00f3w. Jak j\u0105 rozpozna\u0107, skutecznie leczy\u0107 i dlaczego profilaktyka odgrywa kluczow\u0105 rol\u0119? W ramach trwaj\u0105cych od 1 do 10 grudnia Dni Walki z Gru\u017alic\u0105 i Chorobami P\u0142uc opowiadaj\u0105 o tym eksperci z Wojew\u00f3dzkiego Szpitala Specjalistycznego im. \u015aw. Rafa\u0142a w Czerwonej G\u00f3rze.\" \/>\n<meta name=\"robots\" content=\"index, follow, max-snippet:-1, max-image-preview:large, max-video-preview:-1\" \/>\n<link rel=\"canonical\" href=\"https:\/\/czerwonagora.pl\/index.php\/2024\/12\/05\/gruzlica-grozna-ale-uleczalna-jak-rozpoznac-i-leczyc-chorobe\/\" \/>\n<meta property=\"og:locale\" content=\"pl_PL\" \/>\n<meta property=\"og:type\" content=\"article\" \/>\n<meta property=\"og:title\" content=\"Gru\u017alica \u2013 gro\u017ana, ale uleczalna. Jak rozpozna\u0107 i leczy\u0107 chorob\u0119?\" \/>\n<meta property=\"og:description\" content=\"Gru\u017alica to jedna z najstarszych i najbardziej znanych chor\u00f3b zaka\u017anych, kt\u00f3ra wci\u0105\u017c stanowi globalny problem zdrowotny. Na \u015bwiecie co roku choruje na ni\u0105 oko\u0142o 10 milion\u00f3w ludzi, a w Polsce wska\u017anik zachorowa\u0144 wynosi 10 na 100 tysi\u0119cy mieszka\u0144c\u00f3w. Jak j\u0105 rozpozna\u0107, skutecznie leczy\u0107 i dlaczego profilaktyka odgrywa kluczow\u0105 rol\u0119? W ramach trwaj\u0105cych od 1 do 10 grudnia Dni Walki z Gru\u017alic\u0105 i Chorobami P\u0142uc opowiadaj\u0105 o tym eksperci z Wojew\u00f3dzkiego Szpitala Specjalistycznego im. \u015aw. Rafa\u0142a w Czerwonej G\u00f3rze.\" \/>\n<meta property=\"og:url\" content=\"https:\/\/czerwonagora.pl\/index.php\/2024\/12\/05\/gruzlica-grozna-ale-uleczalna-jak-rozpoznac-i-leczyc-chorobe\/\" \/>\n<meta property=\"og:site_name\" content=\"Wojew\u00f3dzki Szpital Specjalistyczny im. \u015aw. Rafa\u0142a w Czerwonej G\u00f3rze\" \/>\n<meta property=\"article:publisher\" content=\"https:\/\/www.facebook.com\/SzpitalCzerwonaGora\/\" \/>\n<meta property=\"article:published_time\" content=\"2024-12-05T12:42:52+00:00\" \/>\n<meta property=\"og:image\" content=\"https:\/\/czerwonagora.pl\/wp-content\/uploads\/2024\/12\/IMG_6855-scaled.jpg\" \/>\n\t<meta property=\"og:image:width\" content=\"2560\" \/>\n\t<meta property=\"og:image:height\" content=\"1920\" \/>\n\t<meta property=\"og:image:type\" content=\"image\/jpeg\" \/>\n<meta name=\"author\" content=\"Pawe\u0142 Wi\u0119cek\" \/>\n<meta name=\"twitter:card\" content=\"summary_large_image\" \/>\n<meta name=\"twitter:label1\" content=\"Napisane przez\" \/>\n\t<meta name=\"twitter:data1\" content=\"Pawe\u0142 Wi\u0119cek\" \/>\n\t<meta name=\"twitter:label2\" content=\"Szacowany czas czytania\" \/>\n\t<meta name=\"twitter:data2\" content=\"4 minuty\" \/>\n<script type=\"application\/ld+json\" class=\"yoast-schema-graph\">{\"@context\":\"https:\\\/\\\/schema.org\",\"@graph\":[{\"@type\":\"Article\",\"@id\":\"https:\\\/\\\/czerwonagora.pl\\\/index.php\\\/2024\\\/12\\\/05\\\/gruzlica-grozna-ale-uleczalna-jak-rozpoznac-i-leczyc-chorobe\\\/#article\",\"isPartOf\":{\"@id\":\"https:\\\/\\\/czerwonagora.pl\\\/index.php\\\/2024\\\/12\\\/05\\\/gruzlica-grozna-ale-uleczalna-jak-rozpoznac-i-leczyc-chorobe\\\/\"},\"author\":{\"name\":\"Pawe\u0142 Wi\u0119cek\",\"@id\":\"https:\\\/\\\/czerwonagora.pl\\\/#\\\/schema\\\/person\\\/8a59ddcbab34628c327513f8d1cd204d\"},\"headline\":\"Gru\u017alica \u2013 gro\u017ana, ale uleczalna. Jak rozpozna\u0107 i leczy\u0107 chorob\u0119?\",\"datePublished\":\"2024-12-05T12:42:52+00:00\",\"mainEntityOfPage\":{\"@id\":\"https:\\\/\\\/czerwonagora.pl\\\/index.php\\\/2024\\\/12\\\/05\\\/gruzlica-grozna-ale-uleczalna-jak-rozpoznac-i-leczyc-chorobe\\\/\"},\"wordCount\":704,\"publisher\":{\"@id\":\"https:\\\/\\\/czerwonagora.pl\\\/#organization\"},\"image\":{\"@id\":\"https:\\\/\\\/czerwonagora.pl\\\/index.php\\\/2024\\\/12\\\/05\\\/gruzlica-grozna-ale-uleczalna-jak-rozpoznac-i-leczyc-chorobe\\\/#primaryimage\"},\"thumbnailUrl\":\"https:\\\/\\\/czerwonagora.pl\\\/wp-content\\\/uploads\\\/2024\\\/12\\\/IMG_6855-scaled.jpg\",\"articleSection\":[\"Aktualno\u015bci\"],\"inLanguage\":\"pl-PL\"},{\"@type\":\"WebPage\",\"@id\":\"https:\\\/\\\/czerwonagora.pl\\\/index.php\\\/2024\\\/12\\\/05\\\/gruzlica-grozna-ale-uleczalna-jak-rozpoznac-i-leczyc-chorobe\\\/\",\"url\":\"https:\\\/\\\/czerwonagora.pl\\\/index.php\\\/2024\\\/12\\\/05\\\/gruzlica-grozna-ale-uleczalna-jak-rozpoznac-i-leczyc-chorobe\\\/\",\"name\":\"Gru\u017alica \u2013 gro\u017ana, ale uleczalna. Jak rozpozna\u0107 i leczy\u0107 chorob\u0119?\",\"isPartOf\":{\"@id\":\"https:\\\/\\\/czerwonagora.pl\\\/#website\"},\"primaryImageOfPage\":{\"@id\":\"https:\\\/\\\/czerwonagora.pl\\\/index.php\\\/2024\\\/12\\\/05\\\/gruzlica-grozna-ale-uleczalna-jak-rozpoznac-i-leczyc-chorobe\\\/#primaryimage\"},\"image\":{\"@id\":\"https:\\\/\\\/czerwonagora.pl\\\/index.php\\\/2024\\\/12\\\/05\\\/gruzlica-grozna-ale-uleczalna-jak-rozpoznac-i-leczyc-chorobe\\\/#primaryimage\"},\"thumbnailUrl\":\"https:\\\/\\\/czerwonagora.pl\\\/wp-content\\\/uploads\\\/2024\\\/12\\\/IMG_6855-scaled.jpg\",\"datePublished\":\"2024-12-05T12:42:52+00:00\",\"description\":\"Gru\u017alica to jedna z najstarszych i najbardziej znanych chor\u00f3b zaka\u017anych, kt\u00f3ra wci\u0105\u017c stanowi globalny problem zdrowotny. Na \u015bwiecie co roku choruje na ni\u0105 oko\u0142o 10 milion\u00f3w ludzi, a w Polsce wska\u017anik zachorowa\u0144 wynosi 10 na 100 tysi\u0119cy mieszka\u0144c\u00f3w. Jak j\u0105 rozpozna\u0107, skutecznie leczy\u0107 i dlaczego profilaktyka odgrywa kluczow\u0105 rol\u0119? W ramach trwaj\u0105cych od 1 do 10 grudnia Dni Walki z Gru\u017alic\u0105 i Chorobami P\u0142uc opowiadaj\u0105 o tym eksperci z Wojew\u00f3dzkiego Szpitala Specjalistycznego im. \u015aw. Rafa\u0142a w Czerwonej G\u00f3rze.\",\"breadcrumb\":{\"@id\":\"https:\\\/\\\/czerwonagora.pl\\\/index.php\\\/2024\\\/12\\\/05\\\/gruzlica-grozna-ale-uleczalna-jak-rozpoznac-i-leczyc-chorobe\\\/#breadcrumb\"},\"inLanguage\":\"pl-PL\",\"potentialAction\":[{\"@type\":\"ReadAction\",\"target\":[\"https:\\\/\\\/czerwonagora.pl\\\/index.php\\\/2024\\\/12\\\/05\\\/gruzlica-grozna-ale-uleczalna-jak-rozpoznac-i-leczyc-chorobe\\\/\"]}]},{\"@type\":\"ImageObject\",\"inLanguage\":\"pl-PL\",\"@id\":\"https:\\\/\\\/czerwonagora.pl\\\/index.php\\\/2024\\\/12\\\/05\\\/gruzlica-grozna-ale-uleczalna-jak-rozpoznac-i-leczyc-chorobe\\\/#primaryimage\",\"url\":\"https:\\\/\\\/czerwonagora.pl\\\/wp-content\\\/uploads\\\/2024\\\/12\\\/IMG_6855-scaled.jpg\",\"contentUrl\":\"https:\\\/\\\/czerwonagora.pl\\\/wp-content\\\/uploads\\\/2024\\\/12\\\/IMG_6855-scaled.jpg\",\"width\":2560,\"height\":1920},{\"@type\":\"BreadcrumbList\",\"@id\":\"https:\\\/\\\/czerwonagora.pl\\\/index.php\\\/2024\\\/12\\\/05\\\/gruzlica-grozna-ale-uleczalna-jak-rozpoznac-i-leczyc-chorobe\\\/#breadcrumb\",\"itemListElement\":[{\"@type\":\"ListItem\",\"position\":1,\"name\":\"Strona g\u0142\u00f3wna\",\"item\":\"https:\\\/\\\/czerwonagora.pl\\\/\"},{\"@type\":\"ListItem\",\"position\":2,\"name\":\"Gru\u017alica \u2013 gro\u017ana, ale uleczalna. Jak rozpozna\u0107 i leczy\u0107 chorob\u0119?\"}]},{\"@type\":\"WebSite\",\"@id\":\"https:\\\/\\\/czerwonagora.pl\\\/#website\",\"url\":\"https:\\\/\\\/czerwonagora.pl\\\/\",\"name\":\"Wojew\u00f3dzki Szpital Specjalistyczny im. \u015aw. Rafa\u0142a w Czerwonej G\u00f3rze\",\"description\":\"Wojew\u00f3dzki Szpital Specjalistyczny im. \u015aw. Rafa\u0142a w Czerwonej G\u00f3rze\",\"publisher\":{\"@id\":\"https:\\\/\\\/czerwonagora.pl\\\/#organization\"},\"potentialAction\":[{\"@type\":\"SearchAction\",\"target\":{\"@type\":\"EntryPoint\",\"urlTemplate\":\"https:\\\/\\\/czerwonagora.pl\\\/?s={search_term_string}\"},\"query-input\":{\"@type\":\"PropertyValueSpecification\",\"valueRequired\":true,\"valueName\":\"search_term_string\"}}],\"inLanguage\":\"pl-PL\"},{\"@type\":\"Organization\",\"@id\":\"https:\\\/\\\/czerwonagora.pl\\\/#organization\",\"name\":\"Wojew\u00f3dzki Szpital Specjalistyczny im. \u015aw. Rafa\u0142a w Czerwonej G\u00f3rze\",\"url\":\"https:\\\/\\\/czerwonagora.pl\\\/\",\"logo\":{\"@type\":\"ImageObject\",\"inLanguage\":\"pl-PL\",\"@id\":\"https:\\\/\\\/czerwonagora.pl\\\/#\\\/schema\\\/logo\\\/image\\\/\",\"url\":\"https:\\\/\\\/czerwonagora.pl\\\/wp-content\\\/uploads\\\/2021\\\/06\\\/Logo-WSS-DUZE-transparentne.png\",\"contentUrl\":\"https:\\\/\\\/czerwonagora.pl\\\/wp-content\\\/uploads\\\/2021\\\/06\\\/Logo-WSS-DUZE-transparentne.png\",\"width\":4210,\"height\":2975,\"caption\":\"Wojew\u00f3dzki Szpital Specjalistyczny im. \u015aw. Rafa\u0142a w Czerwonej G\u00f3rze\"},\"image\":{\"@id\":\"https:\\\/\\\/czerwonagora.pl\\\/#\\\/schema\\\/logo\\\/image\\\/\"},\"sameAs\":[\"https:\\\/\\\/www.facebook.com\\\/SzpitalCzerwonaGora\\\/\"]},{\"@type\":\"Person\",\"@id\":\"https:\\\/\\\/czerwonagora.pl\\\/#\\\/schema\\\/person\\\/8a59ddcbab34628c327513f8d1cd204d\",\"name\":\"Pawe\u0142 Wi\u0119cek\",\"image\":{\"@type\":\"ImageObject\",\"inLanguage\":\"pl-PL\",\"@id\":\"https:\\\/\\\/czerwonagora.pl\\\/wp-content\\\/litespeed\\\/avatar\\\/63e21f6535ac26580501c1127a4e1775.jpg?ver=1777380282\",\"url\":\"https:\\\/\\\/czerwonagora.pl\\\/wp-content\\\/litespeed\\\/avatar\\\/63e21f6535ac26580501c1127a4e1775.jpg?ver=1777380282\",\"contentUrl\":\"https:\\\/\\\/czerwonagora.pl\\\/wp-content\\\/litespeed\\\/avatar\\\/63e21f6535ac26580501c1127a4e1775.jpg?ver=1777380282\",\"caption\":\"Pawe\u0142 Wi\u0119cek\"},\"sameAs\":[\"http:\\\/\\\/www.czerwonagora.pl\"],\"url\":\"https:\\\/\\\/czerwonagora.pl\\\/index.php\\\/author\\\/wiecek\\\/\"}]}<\/script>\n<!-- \/ Yoast SEO plugin. -->","yoast_head_json":{"title":"Gru\u017alica \u2013 gro\u017ana, ale uleczalna. Jak rozpozna\u0107 i leczy\u0107 chorob\u0119?","description":"Gru\u017alica to jedna z najstarszych i najbardziej znanych chor\u00f3b zaka\u017anych, kt\u00f3ra wci\u0105\u017c stanowi globalny problem zdrowotny. Na \u015bwiecie co roku choruje na ni\u0105 oko\u0142o 10 milion\u00f3w ludzi, a w Polsce wska\u017anik zachorowa\u0144 wynosi 10 na 100 tysi\u0119cy mieszka\u0144c\u00f3w. Jak j\u0105 rozpozna\u0107, skutecznie leczy\u0107 i dlaczego profilaktyka odgrywa kluczow\u0105 rol\u0119? W ramach trwaj\u0105cych od 1 do 10 grudnia Dni Walki z Gru\u017alic\u0105 i Chorobami P\u0142uc opowiadaj\u0105 o tym eksperci z Wojew\u00f3dzkiego Szpitala Specjalistycznego im. \u015aw. Rafa\u0142a w Czerwonej G\u00f3rze.","robots":{"index":"index","follow":"follow","max-snippet":"max-snippet:-1","max-image-preview":"max-image-preview:large","max-video-preview":"max-video-preview:-1"},"canonical":"https:\/\/czerwonagora.pl\/index.php\/2024\/12\/05\/gruzlica-grozna-ale-uleczalna-jak-rozpoznac-i-leczyc-chorobe\/","og_locale":"pl_PL","og_type":"article","og_title":"Gru\u017alica \u2013 gro\u017ana, ale uleczalna. Jak rozpozna\u0107 i leczy\u0107 chorob\u0119?","og_description":"Gru\u017alica to jedna z najstarszych i najbardziej znanych chor\u00f3b zaka\u017anych, kt\u00f3ra wci\u0105\u017c stanowi globalny problem zdrowotny. Na \u015bwiecie co roku choruje na ni\u0105 oko\u0142o 10 milion\u00f3w ludzi, a w Polsce wska\u017anik zachorowa\u0144 wynosi 10 na 100 tysi\u0119cy mieszka\u0144c\u00f3w. Jak j\u0105 rozpozna\u0107, skutecznie leczy\u0107 i dlaczego profilaktyka odgrywa kluczow\u0105 rol\u0119? W ramach trwaj\u0105cych od 1 do 10 grudnia Dni Walki z Gru\u017alic\u0105 i Chorobami P\u0142uc opowiadaj\u0105 o tym eksperci z Wojew\u00f3dzkiego Szpitala Specjalistycznego im. \u015aw. Rafa\u0142a w Czerwonej G\u00f3rze.","og_url":"https:\/\/czerwonagora.pl\/index.php\/2024\/12\/05\/gruzlica-grozna-ale-uleczalna-jak-rozpoznac-i-leczyc-chorobe\/","og_site_name":"Wojew\u00f3dzki Szpital Specjalistyczny im. \u015aw. Rafa\u0142a w Czerwonej G\u00f3rze","article_publisher":"https:\/\/www.facebook.com\/SzpitalCzerwonaGora\/","article_published_time":"2024-12-05T12:42:52+00:00","og_image":[{"width":2560,"height":1920,"url":"https:\/\/czerwonagora.pl\/wp-content\/uploads\/2024\/12\/IMG_6855-scaled.jpg","type":"image\/jpeg"}],"author":"Pawe\u0142 Wi\u0119cek","twitter_card":"summary_large_image","twitter_misc":{"Napisane przez":"Pawe\u0142 Wi\u0119cek","Szacowany czas czytania":"4 minuty"},"schema":{"@context":"https:\/\/schema.org","@graph":[{"@type":"Article","@id":"https:\/\/czerwonagora.pl\/index.php\/2024\/12\/05\/gruzlica-grozna-ale-uleczalna-jak-rozpoznac-i-leczyc-chorobe\/#article","isPartOf":{"@id":"https:\/\/czerwonagora.pl\/index.php\/2024\/12\/05\/gruzlica-grozna-ale-uleczalna-jak-rozpoznac-i-leczyc-chorobe\/"},"author":{"name":"Pawe\u0142 Wi\u0119cek","@id":"https:\/\/czerwonagora.pl\/#\/schema\/person\/8a59ddcbab34628c327513f8d1cd204d"},"headline":"Gru\u017alica \u2013 gro\u017ana, ale uleczalna. Jak rozpozna\u0107 i leczy\u0107 chorob\u0119?","datePublished":"2024-12-05T12:42:52+00:00","mainEntityOfPage":{"@id":"https:\/\/czerwonagora.pl\/index.php\/2024\/12\/05\/gruzlica-grozna-ale-uleczalna-jak-rozpoznac-i-leczyc-chorobe\/"},"wordCount":704,"publisher":{"@id":"https:\/\/czerwonagora.pl\/#organization"},"image":{"@id":"https:\/\/czerwonagora.pl\/index.php\/2024\/12\/05\/gruzlica-grozna-ale-uleczalna-jak-rozpoznac-i-leczyc-chorobe\/#primaryimage"},"thumbnailUrl":"https:\/\/czerwonagora.pl\/wp-content\/uploads\/2024\/12\/IMG_6855-scaled.jpg","articleSection":["Aktualno\u015bci"],"inLanguage":"pl-PL"},{"@type":"WebPage","@id":"https:\/\/czerwonagora.pl\/index.php\/2024\/12\/05\/gruzlica-grozna-ale-uleczalna-jak-rozpoznac-i-leczyc-chorobe\/","url":"https:\/\/czerwonagora.pl\/index.php\/2024\/12\/05\/gruzlica-grozna-ale-uleczalna-jak-rozpoznac-i-leczyc-chorobe\/","name":"Gru\u017alica \u2013 gro\u017ana, ale uleczalna. Jak rozpozna\u0107 i leczy\u0107 chorob\u0119?","isPartOf":{"@id":"https:\/\/czerwonagora.pl\/#website"},"primaryImageOfPage":{"@id":"https:\/\/czerwonagora.pl\/index.php\/2024\/12\/05\/gruzlica-grozna-ale-uleczalna-jak-rozpoznac-i-leczyc-chorobe\/#primaryimage"},"image":{"@id":"https:\/\/czerwonagora.pl\/index.php\/2024\/12\/05\/gruzlica-grozna-ale-uleczalna-jak-rozpoznac-i-leczyc-chorobe\/#primaryimage"},"thumbnailUrl":"https:\/\/czerwonagora.pl\/wp-content\/uploads\/2024\/12\/IMG_6855-scaled.jpg","datePublished":"2024-12-05T12:42:52+00:00","description":"Gru\u017alica to jedna z najstarszych i najbardziej znanych chor\u00f3b zaka\u017anych, kt\u00f3ra wci\u0105\u017c stanowi globalny problem zdrowotny. Na \u015bwiecie co roku choruje na ni\u0105 oko\u0142o 10 milion\u00f3w ludzi, a w Polsce wska\u017anik zachorowa\u0144 wynosi 10 na 100 tysi\u0119cy mieszka\u0144c\u00f3w. Jak j\u0105 rozpozna\u0107, skutecznie leczy\u0107 i dlaczego profilaktyka odgrywa kluczow\u0105 rol\u0119? W ramach trwaj\u0105cych od 1 do 10 grudnia Dni Walki z Gru\u017alic\u0105 i Chorobami P\u0142uc opowiadaj\u0105 o tym eksperci z Wojew\u00f3dzkiego Szpitala Specjalistycznego im. \u015aw. Rafa\u0142a w Czerwonej G\u00f3rze.","breadcrumb":{"@id":"https:\/\/czerwonagora.pl\/index.php\/2024\/12\/05\/gruzlica-grozna-ale-uleczalna-jak-rozpoznac-i-leczyc-chorobe\/#breadcrumb"},"inLanguage":"pl-PL","potentialAction":[{"@type":"ReadAction","target":["https:\/\/czerwonagora.pl\/index.php\/2024\/12\/05\/gruzlica-grozna-ale-uleczalna-jak-rozpoznac-i-leczyc-chorobe\/"]}]},{"@type":"ImageObject","inLanguage":"pl-PL","@id":"https:\/\/czerwonagora.pl\/index.php\/2024\/12\/05\/gruzlica-grozna-ale-uleczalna-jak-rozpoznac-i-leczyc-chorobe\/#primaryimage","url":"https:\/\/czerwonagora.pl\/wp-content\/uploads\/2024\/12\/IMG_6855-scaled.jpg","contentUrl":"https:\/\/czerwonagora.pl\/wp-content\/uploads\/2024\/12\/IMG_6855-scaled.jpg","width":2560,"height":1920},{"@type":"BreadcrumbList","@id":"https:\/\/czerwonagora.pl\/index.php\/2024\/12\/05\/gruzlica-grozna-ale-uleczalna-jak-rozpoznac-i-leczyc-chorobe\/#breadcrumb","itemListElement":[{"@type":"ListItem","position":1,"name":"Strona g\u0142\u00f3wna","item":"https:\/\/czerwonagora.pl\/"},{"@type":"ListItem","position":2,"name":"Gru\u017alica \u2013 gro\u017ana, ale uleczalna. Jak rozpozna\u0107 i leczy\u0107 chorob\u0119?"}]},{"@type":"WebSite","@id":"https:\/\/czerwonagora.pl\/#website","url":"https:\/\/czerwonagora.pl\/","name":"Wojew\u00f3dzki Szpital Specjalistyczny im. \u015aw. Rafa\u0142a w Czerwonej G\u00f3rze","description":"Wojew\u00f3dzki Szpital Specjalistyczny im. \u015aw. Rafa\u0142a w Czerwonej G\u00f3rze","publisher":{"@id":"https:\/\/czerwonagora.pl\/#organization"},"potentialAction":[{"@type":"SearchAction","target":{"@type":"EntryPoint","urlTemplate":"https:\/\/czerwonagora.pl\/?s={search_term_string}"},"query-input":{"@type":"PropertyValueSpecification","valueRequired":true,"valueName":"search_term_string"}}],"inLanguage":"pl-PL"},{"@type":"Organization","@id":"https:\/\/czerwonagora.pl\/#organization","name":"Wojew\u00f3dzki Szpital Specjalistyczny im. \u015aw. Rafa\u0142a w Czerwonej G\u00f3rze","url":"https:\/\/czerwonagora.pl\/","logo":{"@type":"ImageObject","inLanguage":"pl-PL","@id":"https:\/\/czerwonagora.pl\/#\/schema\/logo\/image\/","url":"https:\/\/czerwonagora.pl\/wp-content\/uploads\/2021\/06\/Logo-WSS-DUZE-transparentne.png","contentUrl":"https:\/\/czerwonagora.pl\/wp-content\/uploads\/2021\/06\/Logo-WSS-DUZE-transparentne.png","width":4210,"height":2975,"caption":"Wojew\u00f3dzki Szpital Specjalistyczny im. \u015aw. Rafa\u0142a w Czerwonej G\u00f3rze"},"image":{"@id":"https:\/\/czerwonagora.pl\/#\/schema\/logo\/image\/"},"sameAs":["https:\/\/www.facebook.com\/SzpitalCzerwonaGora\/"]},{"@type":"Person","@id":"https:\/\/czerwonagora.pl\/#\/schema\/person\/8a59ddcbab34628c327513f8d1cd204d","name":"Pawe\u0142 Wi\u0119cek","image":{"@type":"ImageObject","inLanguage":"pl-PL","@id":"https:\/\/czerwonagora.pl\/wp-content\/litespeed\/avatar\/63e21f6535ac26580501c1127a4e1775.jpg?ver=1777380282","url":"https:\/\/czerwonagora.pl\/wp-content\/litespeed\/avatar\/63e21f6535ac26580501c1127a4e1775.jpg?ver=1777380282","contentUrl":"https:\/\/czerwonagora.pl\/wp-content\/litespeed\/avatar\/63e21f6535ac26580501c1127a4e1775.jpg?ver=1777380282","caption":"Pawe\u0142 Wi\u0119cek"},"sameAs":["http:\/\/www.czerwonagora.pl"],"url":"https:\/\/czerwonagora.pl\/index.php\/author\/wiecek\/"}]}},"publishpress_future_action":{"enabled":false,"date":"2026-05-06 17:59:18","action":"change-status","newStatus":"draft","terms":[],"taxonomy":"category","extraData":[]},"publishpress_future_workflow_manual_trigger":{"enabledWorkflows":[]},"_links":{"self":[{"href":"https:\/\/czerwonagora.pl\/index.php\/wp-json\/wp\/v2\/posts\/25533","targetHints":{"allow":["GET"]}}],"collection":[{"href":"https:\/\/czerwonagora.pl\/index.php\/wp-json\/wp\/v2\/posts"}],"about":[{"href":"https:\/\/czerwonagora.pl\/index.php\/wp-json\/wp\/v2\/types\/post"}],"author":[{"embeddable":true,"href":"https:\/\/czerwonagora.pl\/index.php\/wp-json\/wp\/v2\/users\/8"}],"replies":[{"embeddable":true,"href":"https:\/\/czerwonagora.pl\/index.php\/wp-json\/wp\/v2\/comments?post=25533"}],"version-history":[{"count":1,"href":"https:\/\/czerwonagora.pl\/index.php\/wp-json\/wp\/v2\/posts\/25533\/revisions"}],"predecessor-version":[{"id":25542,"href":"https:\/\/czerwonagora.pl\/index.php\/wp-json\/wp\/v2\/posts\/25533\/revisions\/25542"}],"wp:featuredmedia":[{"embeddable":true,"href":"https:\/\/czerwonagora.pl\/index.php\/wp-json\/wp\/v2\/media\/25541"}],"wp:attachment":[{"href":"https:\/\/czerwonagora.pl\/index.php\/wp-json\/wp\/v2\/media?parent=25533"}],"wp:term":[{"taxonomy":"category","embeddable":true,"href":"https:\/\/czerwonagora.pl\/index.php\/wp-json\/wp\/v2\/categories?post=25533"},{"taxonomy":"post_tag","embeddable":true,"href":"https:\/\/czerwonagora.pl\/index.php\/wp-json\/wp\/v2\/tags?post=25533"}],"curies":[{"name":"wp","href":"https:\/\/api.w.org\/{rel}","templated":true}]}}