{"id":26484,"date":"2025-03-02T18:09:46","date_gmt":"2025-03-02T17:09:46","guid":{"rendered":"https:\/\/czerwonagora.pl\/?p=26484"},"modified":"2025-03-02T20:08:07","modified_gmt":"2025-03-02T19:08:07","slug":"prawie-3-miliony-zlotych-dotacji-na-modernizacje-i-remont-szpitala-w-czerwonej-gorze","status":"publish","type":"post","link":"https:\/\/czerwonagora.pl\/index.php\/2025\/03\/02\/prawie-3-miliony-zlotych-dotacji-na-modernizacje-i-remont-szpitala-w-czerwonej-gorze\/","title":{"rendered":"Prawie 3 miliony z\u0142otych dotacji na modernizacj\u0119 i remont szpitala w Czerwonej G\u00f3rze"},"content":{"rendered":"\n<p><strong>Blisko 4,5 mln z\u0142otych trafi do \u015bwi\u0119tokrzyskich szpitali i plac\u00f3wek ochrony zdrowia na zakup nowoczesnego sprz\u0119tu, rozw\u00f3j infrastruktury oraz szkolenie personelu medycznego. Decyzj\u0119 o przyznaniu dotacji podj\u0105\u0142 Zarz\u0105d Wojew\u00f3dztwa \u015awi\u0119tokrzyskiego. Wojew\u00f3dzki Szpital Specjalistyczny im. \u015aw. Rafa\u0142a w Czerwonej G\u00f3rze otrzyma\u0142 z tej puli a\u017c trzy dotacje o \u0142\u0105cznej warto\u015bci 2,9 miliona z\u0142otych, kt\u00f3re pozwol\u0105 na przeprowadzenie kluczowych inwestycji.<\/strong><\/p>\n\n\n\n<figure class=\"wp-block-image size-full\"><img fetchpriority=\"high\" decoding=\"async\" width=\"768\" height=\"411\" src=\"https:\/\/czerwonagora.pl\/wp-content\/uploads\/2025\/03\/Zarzad-Wojewodztwa-Swietokrzyskiego-1-768x411-1.jpg\" alt=\"\" class=\"wp-image-26485\" srcset=\"https:\/\/czerwonagora.pl\/wp-content\/uploads\/2025\/03\/Zarzad-Wojewodztwa-Swietokrzyskiego-1-768x411-1.jpg 768w, https:\/\/czerwonagora.pl\/wp-content\/uploads\/2025\/03\/Zarzad-Wojewodztwa-Swietokrzyskiego-1-768x411-1-300x161.jpg 300w\" sizes=\"(max-width: 768px) 100vw, 768px\" \/><figcaption class=\"wp-element-caption\">Fot. Urz\u0105d Marsza\u0142kowski Wojew\u00f3dztwa \u015awi\u0119tokrzyskiego<\/figcaption><\/figure>\n\n\n\n<p>Dzi\u0119ki wsparciu samorz\u0105du wojew\u00f3dztwa Wojew\u00f3dzki Szpital Specjalistyczny im. \u015aw. Rafa\u0142a w Czerwonej G\u00f3rze zrealizuje szereg istotnych projekt\u00f3w, kt\u00f3re wp\u0142yn\u0105 na jako\u015b\u0107 i komfort leczenia pacjent\u00f3w.<\/p>\n\n\n\n<p>Pierwsza dotacja, w wysoko\u015bci 1 mln 605 tys. z\u0142, zostanie przeznaczona na modernizacj\u0119 infrastruktury technicznej i budowlanej. W ramach tych dzia\u0142a\u0144 zaplanowano m.in. wymian\u0119 pokrycia dachowego, modernizacj\u0119 systemu sygnalizacji po\u017caru, przebudow\u0119 rampy towarowej oraz termomodernizacj\u0119 budynku Stacji Uzdatniania Wody Dobrz\u0105czka.<\/p>\n\n\n\n<p>Kolejna dotacja, o warto\u015bci 544 tys. z\u0142, pozwoli na rozw\u00f3j infrastruktury rehabilitacyjnej, w tym wykonanie instalacji wentylacji mechanicznej i boks\u00f3w zabiegowych w Dziale Rehabilitacji Medycznej. Ostatnia, w wysoko\u015bci 771 tys. z\u0142, przeznaczona zostanie na niezb\u0119dne prace remontowe, kt\u00f3re obejm\u0105 m.in. remont Dzia\u0142u Diagnostyki Obrazowej, \u0142azienek w segmencie D oraz pomieszcze\u0144 szatni pracowniczych.<\/p>\n\n\n\n<p>\u2013 To ogromne wsparcie, kt\u00f3re pozwoli nam podnie\u015b\u0107 jako\u015b\u0107 \u015bwiadczonych us\u0142ug medycznych i zapewni\u0107 pacjentom jeszcze lepsze warunki leczenia. Ka\u017cda z tych inwestycji ma kluczowe znaczenie dla funkcjonowania naszej plac\u00f3wki. Dzi\u0119kujemy Zarz\u0105dowi Wojew\u00f3dztwa \u015awi\u0119tokrzyskiego za przyznane dotacje i zaanga\u017cowanie w dynamiczny rozw\u00f3j naszego szpitala \u2013 podkre\u015bla Youssef Sleiman, dyrektor Wojew\u00f3dzkiego Szpitala Specjalistycznego im. \u015aw. Rafa\u0142a w Czerwonej G\u00f3rze.<\/p>\n\n\n\n<p>\u015arodki finansowe przyznane \u015bwi\u0119tokrzyskim plac\u00f3wkom medycznym przyczyni\u0105 si\u0119 do zwi\u0119kszenia efektywno\u015bci leczenia oraz poprawy komfortu pacjent\u00f3w i personelu.<\/p>\n\n\n\n<p>Jak zaznacza marsza\u0142ek wojew\u00f3dztwa Renata Janik, takie wsparcie jest niezb\u0119dne, by system ochrony zdrowia w regionie rozwija\u0142 si\u0119 na miar\u0119 wsp\u00f3\u0142czesnych potrzeb. \u2013 \u015awi\u0119tokrzyskie szpitale i plac\u00f3wki medyczne odgrywaj\u0105 kluczow\u0105 rol\u0119 w systemie opieki zdrowotnej. Dzi\u0119ki naszemu wsparciu b\u0119d\u0105 one mog\u0142y zainwestowa\u0107 w nowoczesny sprz\u0119t, infrastruktur\u0119 oraz szkolenie personelu medycznego, co bezpo\u015brednio prze\u0142o\u017cy si\u0119 na zwi\u0119kszenie efektywno\u015bci i dost\u0119pno\u015bci us\u0142ug zdrowotnych &#8211; m\u00f3wi Renata Janik.<\/p>\n\n\n\n<p>&#8211; W obliczu rosn\u0105cych potrzeb zdrowotnych spo\u0142ecze\u0144stwa konieczne jest, aby\u015bmy wspierali nasze plac\u00f3wki w ich codziennej pracy. Przekazane w ostatnim czasie dotacje s\u0105 nie tylko wyrazem naszej troski o zdrowie mieszka\u0144c\u00f3w, ale tak\u017ce kolejnym krokiem w kierunku budowania silnego i sprawnego systemu ochrony zdrowia w wojew\u00f3dztwie \u015bwi\u0119tokrzyskim &#8211; zaznacza wicemarsza\u0142ek Marek Bogus\u0142awski.<\/p>\n","protected":false},"excerpt":{"rendered":"<p>Blisko 4,5 mln z\u0142otych trafi do \u015bwi\u0119tokrzyskich szpitali i plac\u00f3wek ochrony zdrowia na zakup nowoczesnego sprz\u0119tu, rozw\u00f3j infrastruktury oraz szkolenie personelu medycznego. Decyzj\u0119 o przyznaniu dotacji podj\u0105\u0142 Zarz\u0105d Wojew\u00f3dztwa \u015awi\u0119tokrzyskiego. Wojew\u00f3dzki Szpital Specjalistyczny im. \u015aw. Rafa\u0142a w Czerwonej G\u00f3rze otrzyma\u0142 z tej puli a\u017c trzy dotacje o \u0142\u0105cznej warto\u015bci 2,9 miliona z\u0142otych, kt\u00f3re pozwol\u0105 na [&hellip;]<\/p>\n","protected":false},"author":8,"featured_media":26485,"comment_status":"closed","ping_status":"closed","sticky":false,"template":"","format":"standard","meta":{"zakra_page_container_layout":"customizer","zakra_page_sidebar_layout":"customizer","zakra_remove_content_margin":false,"zakra_sidebar":"customizer","zakra_transparent_header":"customizer","zakra_logo":0,"zakra_main_header_style":"default","zakra_menu_item_color":"","zakra_menu_item_hover_color":"","zakra_menu_item_active_color":"","zakra_menu_active_style":"","zakra_page_header":true,"footnotes":""},"categories":[39],"tags":[],"class_list":["post-26484","post","type-post","status-publish","format-standard","has-post-thumbnail","hentry","category-aktualnosci"],"yoast_head":"<!-- This site is optimized with the Yoast SEO plugin v27.4 - https:\/\/yoast.com\/product\/yoast-seo-wordpress\/ -->\n<title>Prawie 3 miliony z\u0142otych dotacji na modernizacj\u0119 i remont szpitala w Czerwonej G\u00f3rze<\/title>\n<meta name=\"description\" content=\"Blisko 4,5 mln z\u0142otych trafi do \u015bwi\u0119tokrzyskich szpitali i plac\u00f3wek ochrony zdrowia na zakup nowoczesnego sprz\u0119tu, rozw\u00f3j infrastruktury oraz szkolenie personelu medycznego. Decyzj\u0119 o przyznaniu dotacji podj\u0105\u0142 Zarz\u0105d Wojew\u00f3dztwa \u015awi\u0119tokrzyskiego. Wojew\u00f3dzki Szpital Specjalistyczny im. \u015aw. Rafa\u0142a w Czerwonej G\u00f3rze otrzyma\u0142 z tej puli a\u017c trzy dotacje o \u0142\u0105cznej warto\u015bci 2,9 miliona z\u0142otych, kt\u00f3re pozwol\u0105 na przeprowadzenie kluczowych inwestycji.\" \/>\n<meta name=\"robots\" content=\"index, follow, max-snippet:-1, max-image-preview:large, max-video-preview:-1\" \/>\n<link rel=\"canonical\" href=\"https:\/\/czerwonagora.pl\/index.php\/2025\/03\/02\/prawie-3-miliony-zlotych-dotacji-na-modernizacje-i-remont-szpitala-w-czerwonej-gorze\/\" \/>\n<meta property=\"og:locale\" content=\"pl_PL\" \/>\n<meta property=\"og:type\" content=\"article\" \/>\n<meta property=\"og:title\" content=\"Prawie 3 miliony z\u0142otych dotacji na modernizacj\u0119 i remont szpitala w Czerwonej G\u00f3rze\" \/>\n<meta property=\"og:description\" content=\"Blisko 4,5 mln z\u0142otych trafi do \u015bwi\u0119tokrzyskich szpitali i plac\u00f3wek ochrony zdrowia na zakup nowoczesnego sprz\u0119tu, rozw\u00f3j infrastruktury oraz szkolenie personelu medycznego. Decyzj\u0119 o przyznaniu dotacji podj\u0105\u0142 Zarz\u0105d Wojew\u00f3dztwa \u015awi\u0119tokrzyskiego. Wojew\u00f3dzki Szpital Specjalistyczny im. \u015aw. Rafa\u0142a w Czerwonej G\u00f3rze otrzyma\u0142 z tej puli a\u017c trzy dotacje o \u0142\u0105cznej warto\u015bci 2,9 miliona z\u0142otych, kt\u00f3re pozwol\u0105 na przeprowadzenie kluczowych inwestycji.\" \/>\n<meta property=\"og:url\" content=\"https:\/\/czerwonagora.pl\/index.php\/2025\/03\/02\/prawie-3-miliony-zlotych-dotacji-na-modernizacje-i-remont-szpitala-w-czerwonej-gorze\/\" \/>\n<meta property=\"og:site_name\" content=\"Wojew\u00f3dzki Szpital Specjalistyczny im. \u015aw. Rafa\u0142a w Czerwonej G\u00f3rze\" \/>\n<meta property=\"article:publisher\" content=\"https:\/\/www.facebook.com\/SzpitalCzerwonaGora\/\" \/>\n<meta property=\"article:published_time\" content=\"2025-03-02T17:09:46+00:00\" \/>\n<meta property=\"article:modified_time\" content=\"2025-03-02T19:08:07+00:00\" \/>\n<meta property=\"og:image\" content=\"https:\/\/czerwonagora.pl\/wp-content\/uploads\/2025\/03\/Zarzad-Wojewodztwa-Swietokrzyskiego-1-768x411-1.jpg\" \/>\n\t<meta property=\"og:image:width\" content=\"768\" \/>\n\t<meta property=\"og:image:height\" content=\"411\" \/>\n\t<meta property=\"og:image:type\" content=\"image\/jpeg\" \/>\n<meta name=\"author\" content=\"Pawe\u0142 Wi\u0119cek\" \/>\n<meta name=\"twitter:card\" content=\"summary_large_image\" \/>\n<meta name=\"twitter:label1\" content=\"Napisane przez\" \/>\n\t<meta name=\"twitter:data1\" content=\"Pawe\u0142 Wi\u0119cek\" \/>\n\t<meta name=\"twitter:label2\" content=\"Szacowany czas czytania\" \/>\n\t<meta name=\"twitter:data2\" content=\"3 minuty\" \/>\n<script type=\"application\/ld+json\" class=\"yoast-schema-graph\">{\"@context\":\"https:\\\/\\\/schema.org\",\"@graph\":[{\"@type\":\"Article\",\"@id\":\"https:\\\/\\\/czerwonagora.pl\\\/index.php\\\/2025\\\/03\\\/02\\\/prawie-3-miliony-zlotych-dotacji-na-modernizacje-i-remont-szpitala-w-czerwonej-gorze\\\/#article\",\"isPartOf\":{\"@id\":\"https:\\\/\\\/czerwonagora.pl\\\/index.php\\\/2025\\\/03\\\/02\\\/prawie-3-miliony-zlotych-dotacji-na-modernizacje-i-remont-szpitala-w-czerwonej-gorze\\\/\"},\"author\":{\"name\":\"Pawe\u0142 Wi\u0119cek\",\"@id\":\"https:\\\/\\\/czerwonagora.pl\\\/#\\\/schema\\\/person\\\/8a59ddcbab34628c327513f8d1cd204d\"},\"headline\":\"Prawie 3 miliony z\u0142otych dotacji na modernizacj\u0119 i remont szpitala w Czerwonej G\u00f3rze\",\"datePublished\":\"2025-03-02T17:09:46+00:00\",\"dateModified\":\"2025-03-02T19:08:07+00:00\",\"mainEntityOfPage\":{\"@id\":\"https:\\\/\\\/czerwonagora.pl\\\/index.php\\\/2025\\\/03\\\/02\\\/prawie-3-miliony-zlotych-dotacji-na-modernizacje-i-remont-szpitala-w-czerwonej-gorze\\\/\"},\"wordCount\":469,\"publisher\":{\"@id\":\"https:\\\/\\\/czerwonagora.pl\\\/#organization\"},\"image\":{\"@id\":\"https:\\\/\\\/czerwonagora.pl\\\/index.php\\\/2025\\\/03\\\/02\\\/prawie-3-miliony-zlotych-dotacji-na-modernizacje-i-remont-szpitala-w-czerwonej-gorze\\\/#primaryimage\"},\"thumbnailUrl\":\"https:\\\/\\\/czerwonagora.pl\\\/wp-content\\\/uploads\\\/2025\\\/03\\\/Zarzad-Wojewodztwa-Swietokrzyskiego-1-768x411-1.jpg\",\"articleSection\":[\"Aktualno\u015bci\"],\"inLanguage\":\"pl-PL\"},{\"@type\":\"WebPage\",\"@id\":\"https:\\\/\\\/czerwonagora.pl\\\/index.php\\\/2025\\\/03\\\/02\\\/prawie-3-miliony-zlotych-dotacji-na-modernizacje-i-remont-szpitala-w-czerwonej-gorze\\\/\",\"url\":\"https:\\\/\\\/czerwonagora.pl\\\/index.php\\\/2025\\\/03\\\/02\\\/prawie-3-miliony-zlotych-dotacji-na-modernizacje-i-remont-szpitala-w-czerwonej-gorze\\\/\",\"name\":\"Prawie 3 miliony z\u0142otych dotacji na modernizacj\u0119 i remont szpitala w Czerwonej G\u00f3rze\",\"isPartOf\":{\"@id\":\"https:\\\/\\\/czerwonagora.pl\\\/#website\"},\"primaryImageOfPage\":{\"@id\":\"https:\\\/\\\/czerwonagora.pl\\\/index.php\\\/2025\\\/03\\\/02\\\/prawie-3-miliony-zlotych-dotacji-na-modernizacje-i-remont-szpitala-w-czerwonej-gorze\\\/#primaryimage\"},\"image\":{\"@id\":\"https:\\\/\\\/czerwonagora.pl\\\/index.php\\\/2025\\\/03\\\/02\\\/prawie-3-miliony-zlotych-dotacji-na-modernizacje-i-remont-szpitala-w-czerwonej-gorze\\\/#primaryimage\"},\"thumbnailUrl\":\"https:\\\/\\\/czerwonagora.pl\\\/wp-content\\\/uploads\\\/2025\\\/03\\\/Zarzad-Wojewodztwa-Swietokrzyskiego-1-768x411-1.jpg\",\"datePublished\":\"2025-03-02T17:09:46+00:00\",\"dateModified\":\"2025-03-02T19:08:07+00:00\",\"description\":\"Blisko 4,5 mln z\u0142otych trafi do \u015bwi\u0119tokrzyskich szpitali i plac\u00f3wek ochrony zdrowia na zakup nowoczesnego sprz\u0119tu, rozw\u00f3j infrastruktury oraz szkolenie personelu medycznego. Decyzj\u0119 o przyznaniu dotacji podj\u0105\u0142 Zarz\u0105d Wojew\u00f3dztwa \u015awi\u0119tokrzyskiego. Wojew\u00f3dzki Szpital Specjalistyczny im. \u015aw. Rafa\u0142a w Czerwonej G\u00f3rze otrzyma\u0142 z tej puli a\u017c trzy dotacje o \u0142\u0105cznej warto\u015bci 2,9 miliona z\u0142otych, kt\u00f3re pozwol\u0105 na przeprowadzenie kluczowych inwestycji.\",\"breadcrumb\":{\"@id\":\"https:\\\/\\\/czerwonagora.pl\\\/index.php\\\/2025\\\/03\\\/02\\\/prawie-3-miliony-zlotych-dotacji-na-modernizacje-i-remont-szpitala-w-czerwonej-gorze\\\/#breadcrumb\"},\"inLanguage\":\"pl-PL\",\"potentialAction\":[{\"@type\":\"ReadAction\",\"target\":[\"https:\\\/\\\/czerwonagora.pl\\\/index.php\\\/2025\\\/03\\\/02\\\/prawie-3-miliony-zlotych-dotacji-na-modernizacje-i-remont-szpitala-w-czerwonej-gorze\\\/\"]}]},{\"@type\":\"ImageObject\",\"inLanguage\":\"pl-PL\",\"@id\":\"https:\\\/\\\/czerwonagora.pl\\\/index.php\\\/2025\\\/03\\\/02\\\/prawie-3-miliony-zlotych-dotacji-na-modernizacje-i-remont-szpitala-w-czerwonej-gorze\\\/#primaryimage\",\"url\":\"https:\\\/\\\/czerwonagora.pl\\\/wp-content\\\/uploads\\\/2025\\\/03\\\/Zarzad-Wojewodztwa-Swietokrzyskiego-1-768x411-1.jpg\",\"contentUrl\":\"https:\\\/\\\/czerwonagora.pl\\\/wp-content\\\/uploads\\\/2025\\\/03\\\/Zarzad-Wojewodztwa-Swietokrzyskiego-1-768x411-1.jpg\",\"width\":768,\"height\":411},{\"@type\":\"BreadcrumbList\",\"@id\":\"https:\\\/\\\/czerwonagora.pl\\\/index.php\\\/2025\\\/03\\\/02\\\/prawie-3-miliony-zlotych-dotacji-na-modernizacje-i-remont-szpitala-w-czerwonej-gorze\\\/#breadcrumb\",\"itemListElement\":[{\"@type\":\"ListItem\",\"position\":1,\"name\":\"Strona g\u0142\u00f3wna\",\"item\":\"https:\\\/\\\/czerwonagora.pl\\\/\"},{\"@type\":\"ListItem\",\"position\":2,\"name\":\"Prawie 3 miliony z\u0142otych dotacji na modernizacj\u0119 i remont szpitala w Czerwonej G\u00f3rze\"}]},{\"@type\":\"WebSite\",\"@id\":\"https:\\\/\\\/czerwonagora.pl\\\/#website\",\"url\":\"https:\\\/\\\/czerwonagora.pl\\\/\",\"name\":\"Wojew\u00f3dzki Szpital Specjalistyczny im. \u015aw. Rafa\u0142a w Czerwonej G\u00f3rze\",\"description\":\"Wojew\u00f3dzki Szpital Specjalistyczny im. \u015aw. Rafa\u0142a w Czerwonej G\u00f3rze\",\"publisher\":{\"@id\":\"https:\\\/\\\/czerwonagora.pl\\\/#organization\"},\"potentialAction\":[{\"@type\":\"SearchAction\",\"target\":{\"@type\":\"EntryPoint\",\"urlTemplate\":\"https:\\\/\\\/czerwonagora.pl\\\/?s={search_term_string}\"},\"query-input\":{\"@type\":\"PropertyValueSpecification\",\"valueRequired\":true,\"valueName\":\"search_term_string\"}}],\"inLanguage\":\"pl-PL\"},{\"@type\":\"Organization\",\"@id\":\"https:\\\/\\\/czerwonagora.pl\\\/#organization\",\"name\":\"Wojew\u00f3dzki Szpital Specjalistyczny im. \u015aw. Rafa\u0142a w Czerwonej G\u00f3rze\",\"url\":\"https:\\\/\\\/czerwonagora.pl\\\/\",\"logo\":{\"@type\":\"ImageObject\",\"inLanguage\":\"pl-PL\",\"@id\":\"https:\\\/\\\/czerwonagora.pl\\\/#\\\/schema\\\/logo\\\/image\\\/\",\"url\":\"https:\\\/\\\/czerwonagora.pl\\\/wp-content\\\/uploads\\\/2021\\\/06\\\/Logo-WSS-DUZE-transparentne.png\",\"contentUrl\":\"https:\\\/\\\/czerwonagora.pl\\\/wp-content\\\/uploads\\\/2021\\\/06\\\/Logo-WSS-DUZE-transparentne.png\",\"width\":4210,\"height\":2975,\"caption\":\"Wojew\u00f3dzki Szpital Specjalistyczny im. \u015aw. Rafa\u0142a w Czerwonej G\u00f3rze\"},\"image\":{\"@id\":\"https:\\\/\\\/czerwonagora.pl\\\/#\\\/schema\\\/logo\\\/image\\\/\"},\"sameAs\":[\"https:\\\/\\\/www.facebook.com\\\/SzpitalCzerwonaGora\\\/\"]},{\"@type\":\"Person\",\"@id\":\"https:\\\/\\\/czerwonagora.pl\\\/#\\\/schema\\\/person\\\/8a59ddcbab34628c327513f8d1cd204d\",\"name\":\"Pawe\u0142 Wi\u0119cek\",\"image\":{\"@type\":\"ImageObject\",\"inLanguage\":\"pl-PL\",\"@id\":\"https:\\\/\\\/czerwonagora.pl\\\/wp-content\\\/litespeed\\\/avatar\\\/63e21f6535ac26580501c1127a4e1775.jpg?ver=1777380282\",\"url\":\"https:\\\/\\\/czerwonagora.pl\\\/wp-content\\\/litespeed\\\/avatar\\\/63e21f6535ac26580501c1127a4e1775.jpg?ver=1777380282\",\"contentUrl\":\"https:\\\/\\\/czerwonagora.pl\\\/wp-content\\\/litespeed\\\/avatar\\\/63e21f6535ac26580501c1127a4e1775.jpg?ver=1777380282\",\"caption\":\"Pawe\u0142 Wi\u0119cek\"},\"sameAs\":[\"http:\\\/\\\/www.czerwonagora.pl\"],\"url\":\"https:\\\/\\\/czerwonagora.pl\\\/index.php\\\/author\\\/wiecek\\\/\"}]}<\/script>\n<!-- \/ Yoast SEO plugin. -->","yoast_head_json":{"title":"Prawie 3 miliony z\u0142otych dotacji na modernizacj\u0119 i remont szpitala w Czerwonej G\u00f3rze","description":"Blisko 4,5 mln z\u0142otych trafi do \u015bwi\u0119tokrzyskich szpitali i plac\u00f3wek ochrony zdrowia na zakup nowoczesnego sprz\u0119tu, rozw\u00f3j infrastruktury oraz szkolenie personelu medycznego. Decyzj\u0119 o przyznaniu dotacji podj\u0105\u0142 Zarz\u0105d Wojew\u00f3dztwa \u015awi\u0119tokrzyskiego. Wojew\u00f3dzki Szpital Specjalistyczny im. \u015aw. Rafa\u0142a w Czerwonej G\u00f3rze otrzyma\u0142 z tej puli a\u017c trzy dotacje o \u0142\u0105cznej warto\u015bci 2,9 miliona z\u0142otych, kt\u00f3re pozwol\u0105 na przeprowadzenie kluczowych inwestycji.","robots":{"index":"index","follow":"follow","max-snippet":"max-snippet:-1","max-image-preview":"max-image-preview:large","max-video-preview":"max-video-preview:-1"},"canonical":"https:\/\/czerwonagora.pl\/index.php\/2025\/03\/02\/prawie-3-miliony-zlotych-dotacji-na-modernizacje-i-remont-szpitala-w-czerwonej-gorze\/","og_locale":"pl_PL","og_type":"article","og_title":"Prawie 3 miliony z\u0142otych dotacji na modernizacj\u0119 i remont szpitala w Czerwonej G\u00f3rze","og_description":"Blisko 4,5 mln z\u0142otych trafi do \u015bwi\u0119tokrzyskich szpitali i plac\u00f3wek ochrony zdrowia na zakup nowoczesnego sprz\u0119tu, rozw\u00f3j infrastruktury oraz szkolenie personelu medycznego. Decyzj\u0119 o przyznaniu dotacji podj\u0105\u0142 Zarz\u0105d Wojew\u00f3dztwa \u015awi\u0119tokrzyskiego. Wojew\u00f3dzki Szpital Specjalistyczny im. \u015aw. Rafa\u0142a w Czerwonej G\u00f3rze otrzyma\u0142 z tej puli a\u017c trzy dotacje o \u0142\u0105cznej warto\u015bci 2,9 miliona z\u0142otych, kt\u00f3re pozwol\u0105 na przeprowadzenie kluczowych inwestycji.","og_url":"https:\/\/czerwonagora.pl\/index.php\/2025\/03\/02\/prawie-3-miliony-zlotych-dotacji-na-modernizacje-i-remont-szpitala-w-czerwonej-gorze\/","og_site_name":"Wojew\u00f3dzki Szpital Specjalistyczny im. \u015aw. Rafa\u0142a w Czerwonej G\u00f3rze","article_publisher":"https:\/\/www.facebook.com\/SzpitalCzerwonaGora\/","article_published_time":"2025-03-02T17:09:46+00:00","article_modified_time":"2025-03-02T19:08:07+00:00","og_image":[{"width":768,"height":411,"url":"https:\/\/czerwonagora.pl\/wp-content\/uploads\/2025\/03\/Zarzad-Wojewodztwa-Swietokrzyskiego-1-768x411-1.jpg","type":"image\/jpeg"}],"author":"Pawe\u0142 Wi\u0119cek","twitter_card":"summary_large_image","twitter_misc":{"Napisane przez":"Pawe\u0142 Wi\u0119cek","Szacowany czas czytania":"3 minuty"},"schema":{"@context":"https:\/\/schema.org","@graph":[{"@type":"Article","@id":"https:\/\/czerwonagora.pl\/index.php\/2025\/03\/02\/prawie-3-miliony-zlotych-dotacji-na-modernizacje-i-remont-szpitala-w-czerwonej-gorze\/#article","isPartOf":{"@id":"https:\/\/czerwonagora.pl\/index.php\/2025\/03\/02\/prawie-3-miliony-zlotych-dotacji-na-modernizacje-i-remont-szpitala-w-czerwonej-gorze\/"},"author":{"name":"Pawe\u0142 Wi\u0119cek","@id":"https:\/\/czerwonagora.pl\/#\/schema\/person\/8a59ddcbab34628c327513f8d1cd204d"},"headline":"Prawie 3 miliony z\u0142otych dotacji na modernizacj\u0119 i remont szpitala w Czerwonej G\u00f3rze","datePublished":"2025-03-02T17:09:46+00:00","dateModified":"2025-03-02T19:08:07+00:00","mainEntityOfPage":{"@id":"https:\/\/czerwonagora.pl\/index.php\/2025\/03\/02\/prawie-3-miliony-zlotych-dotacji-na-modernizacje-i-remont-szpitala-w-czerwonej-gorze\/"},"wordCount":469,"publisher":{"@id":"https:\/\/czerwonagora.pl\/#organization"},"image":{"@id":"https:\/\/czerwonagora.pl\/index.php\/2025\/03\/02\/prawie-3-miliony-zlotych-dotacji-na-modernizacje-i-remont-szpitala-w-czerwonej-gorze\/#primaryimage"},"thumbnailUrl":"https:\/\/czerwonagora.pl\/wp-content\/uploads\/2025\/03\/Zarzad-Wojewodztwa-Swietokrzyskiego-1-768x411-1.jpg","articleSection":["Aktualno\u015bci"],"inLanguage":"pl-PL"},{"@type":"WebPage","@id":"https:\/\/czerwonagora.pl\/index.php\/2025\/03\/02\/prawie-3-miliony-zlotych-dotacji-na-modernizacje-i-remont-szpitala-w-czerwonej-gorze\/","url":"https:\/\/czerwonagora.pl\/index.php\/2025\/03\/02\/prawie-3-miliony-zlotych-dotacji-na-modernizacje-i-remont-szpitala-w-czerwonej-gorze\/","name":"Prawie 3 miliony z\u0142otych dotacji na modernizacj\u0119 i remont szpitala w Czerwonej G\u00f3rze","isPartOf":{"@id":"https:\/\/czerwonagora.pl\/#website"},"primaryImageOfPage":{"@id":"https:\/\/czerwonagora.pl\/index.php\/2025\/03\/02\/prawie-3-miliony-zlotych-dotacji-na-modernizacje-i-remont-szpitala-w-czerwonej-gorze\/#primaryimage"},"image":{"@id":"https:\/\/czerwonagora.pl\/index.php\/2025\/03\/02\/prawie-3-miliony-zlotych-dotacji-na-modernizacje-i-remont-szpitala-w-czerwonej-gorze\/#primaryimage"},"thumbnailUrl":"https:\/\/czerwonagora.pl\/wp-content\/uploads\/2025\/03\/Zarzad-Wojewodztwa-Swietokrzyskiego-1-768x411-1.jpg","datePublished":"2025-03-02T17:09:46+00:00","dateModified":"2025-03-02T19:08:07+00:00","description":"Blisko 4,5 mln z\u0142otych trafi do \u015bwi\u0119tokrzyskich szpitali i plac\u00f3wek ochrony zdrowia na zakup nowoczesnego sprz\u0119tu, rozw\u00f3j infrastruktury oraz szkolenie personelu medycznego. Decyzj\u0119 o przyznaniu dotacji podj\u0105\u0142 Zarz\u0105d Wojew\u00f3dztwa \u015awi\u0119tokrzyskiego. Wojew\u00f3dzki Szpital Specjalistyczny im. \u015aw. Rafa\u0142a w Czerwonej G\u00f3rze otrzyma\u0142 z tej puli a\u017c trzy dotacje o \u0142\u0105cznej warto\u015bci 2,9 miliona z\u0142otych, kt\u00f3re pozwol\u0105 na przeprowadzenie kluczowych inwestycji.","breadcrumb":{"@id":"https:\/\/czerwonagora.pl\/index.php\/2025\/03\/02\/prawie-3-miliony-zlotych-dotacji-na-modernizacje-i-remont-szpitala-w-czerwonej-gorze\/#breadcrumb"},"inLanguage":"pl-PL","potentialAction":[{"@type":"ReadAction","target":["https:\/\/czerwonagora.pl\/index.php\/2025\/03\/02\/prawie-3-miliony-zlotych-dotacji-na-modernizacje-i-remont-szpitala-w-czerwonej-gorze\/"]}]},{"@type":"ImageObject","inLanguage":"pl-PL","@id":"https:\/\/czerwonagora.pl\/index.php\/2025\/03\/02\/prawie-3-miliony-zlotych-dotacji-na-modernizacje-i-remont-szpitala-w-czerwonej-gorze\/#primaryimage","url":"https:\/\/czerwonagora.pl\/wp-content\/uploads\/2025\/03\/Zarzad-Wojewodztwa-Swietokrzyskiego-1-768x411-1.jpg","contentUrl":"https:\/\/czerwonagora.pl\/wp-content\/uploads\/2025\/03\/Zarzad-Wojewodztwa-Swietokrzyskiego-1-768x411-1.jpg","width":768,"height":411},{"@type":"BreadcrumbList","@id":"https:\/\/czerwonagora.pl\/index.php\/2025\/03\/02\/prawie-3-miliony-zlotych-dotacji-na-modernizacje-i-remont-szpitala-w-czerwonej-gorze\/#breadcrumb","itemListElement":[{"@type":"ListItem","position":1,"name":"Strona g\u0142\u00f3wna","item":"https:\/\/czerwonagora.pl\/"},{"@type":"ListItem","position":2,"name":"Prawie 3 miliony z\u0142otych dotacji na modernizacj\u0119 i remont szpitala w Czerwonej G\u00f3rze"}]},{"@type":"WebSite","@id":"https:\/\/czerwonagora.pl\/#website","url":"https:\/\/czerwonagora.pl\/","name":"Wojew\u00f3dzki Szpital Specjalistyczny im. \u015aw. Rafa\u0142a w Czerwonej G\u00f3rze","description":"Wojew\u00f3dzki Szpital Specjalistyczny im. \u015aw. Rafa\u0142a w Czerwonej G\u00f3rze","publisher":{"@id":"https:\/\/czerwonagora.pl\/#organization"},"potentialAction":[{"@type":"SearchAction","target":{"@type":"EntryPoint","urlTemplate":"https:\/\/czerwonagora.pl\/?s={search_term_string}"},"query-input":{"@type":"PropertyValueSpecification","valueRequired":true,"valueName":"search_term_string"}}],"inLanguage":"pl-PL"},{"@type":"Organization","@id":"https:\/\/czerwonagora.pl\/#organization","name":"Wojew\u00f3dzki Szpital Specjalistyczny im. \u015aw. Rafa\u0142a w Czerwonej G\u00f3rze","url":"https:\/\/czerwonagora.pl\/","logo":{"@type":"ImageObject","inLanguage":"pl-PL","@id":"https:\/\/czerwonagora.pl\/#\/schema\/logo\/image\/","url":"https:\/\/czerwonagora.pl\/wp-content\/uploads\/2021\/06\/Logo-WSS-DUZE-transparentne.png","contentUrl":"https:\/\/czerwonagora.pl\/wp-content\/uploads\/2021\/06\/Logo-WSS-DUZE-transparentne.png","width":4210,"height":2975,"caption":"Wojew\u00f3dzki Szpital Specjalistyczny im. \u015aw. Rafa\u0142a w Czerwonej G\u00f3rze"},"image":{"@id":"https:\/\/czerwonagora.pl\/#\/schema\/logo\/image\/"},"sameAs":["https:\/\/www.facebook.com\/SzpitalCzerwonaGora\/"]},{"@type":"Person","@id":"https:\/\/czerwonagora.pl\/#\/schema\/person\/8a59ddcbab34628c327513f8d1cd204d","name":"Pawe\u0142 Wi\u0119cek","image":{"@type":"ImageObject","inLanguage":"pl-PL","@id":"https:\/\/czerwonagora.pl\/wp-content\/litespeed\/avatar\/63e21f6535ac26580501c1127a4e1775.jpg?ver=1777380282","url":"https:\/\/czerwonagora.pl\/wp-content\/litespeed\/avatar\/63e21f6535ac26580501c1127a4e1775.jpg?ver=1777380282","contentUrl":"https:\/\/czerwonagora.pl\/wp-content\/litespeed\/avatar\/63e21f6535ac26580501c1127a4e1775.jpg?ver=1777380282","caption":"Pawe\u0142 Wi\u0119cek"},"sameAs":["http:\/\/www.czerwonagora.pl"],"url":"https:\/\/czerwonagora.pl\/index.php\/author\/wiecek\/"}]}},"publishpress_future_action":{"enabled":false,"date":"2026-05-09 11:29:58","action":"change-status","newStatus":"draft","terms":[],"taxonomy":"category","extraData":[]},"publishpress_future_workflow_manual_trigger":{"enabledWorkflows":[]},"_links":{"self":[{"href":"https:\/\/czerwonagora.pl\/index.php\/wp-json\/wp\/v2\/posts\/26484","targetHints":{"allow":["GET"]}}],"collection":[{"href":"https:\/\/czerwonagora.pl\/index.php\/wp-json\/wp\/v2\/posts"}],"about":[{"href":"https:\/\/czerwonagora.pl\/index.php\/wp-json\/wp\/v2\/types\/post"}],"author":[{"embeddable":true,"href":"https:\/\/czerwonagora.pl\/index.php\/wp-json\/wp\/v2\/users\/8"}],"replies":[{"embeddable":true,"href":"https:\/\/czerwonagora.pl\/index.php\/wp-json\/wp\/v2\/comments?post=26484"}],"version-history":[{"count":2,"href":"https:\/\/czerwonagora.pl\/index.php\/wp-json\/wp\/v2\/posts\/26484\/revisions"}],"predecessor-version":[{"id":26487,"href":"https:\/\/czerwonagora.pl\/index.php\/wp-json\/wp\/v2\/posts\/26484\/revisions\/26487"}],"wp:featuredmedia":[{"embeddable":true,"href":"https:\/\/czerwonagora.pl\/index.php\/wp-json\/wp\/v2\/media\/26485"}],"wp:attachment":[{"href":"https:\/\/czerwonagora.pl\/index.php\/wp-json\/wp\/v2\/media?parent=26484"}],"wp:term":[{"taxonomy":"category","embeddable":true,"href":"https:\/\/czerwonagora.pl\/index.php\/wp-json\/wp\/v2\/categories?post=26484"},{"taxonomy":"post_tag","embeddable":true,"href":"https:\/\/czerwonagora.pl\/index.php\/wp-json\/wp\/v2\/tags?post=26484"}],"curies":[{"name":"wp","href":"https:\/\/api.w.org\/{rel}","templated":true}]}}