{"id":27288,"date":"2025-04-10T16:31:00","date_gmt":"2025-04-10T14:31:00","guid":{"rendered":"https:\/\/czerwonagora.pl\/?p=27288"},"modified":"2025-04-10T16:31:00","modified_gmt":"2025-04-10T14:31:00","slug":"wielkanocny-kiermasz-ekonomii-spolecznej-po-raz-pierwszy-w-szpitalu-w-czerwonej-gorze","status":"publish","type":"post","link":"https:\/\/czerwonagora.pl\/index.php\/2025\/04\/10\/wielkanocny-kiermasz-ekonomii-spolecznej-po-raz-pierwszy-w-szpitalu-w-czerwonej-gorze\/","title":{"rendered":"Wielkanocny Kiermasz Ekonomii Spo\u0142ecznej po raz pierwszy w szpitalu w Czerwonej G\u00f3rze"},"content":{"rendered":"\n<p><strong>W Wojew\u00f3dzkim Szpitalu Specjalistycznym im. \u015aw. Rafa\u0142a w Czerwonej G\u00f3rze odby\u0142 si\u0119 po raz pierwszy Wielkanocny Kiermasz Ekonomii Spo\u0142ecznej zorganizowany przez Regionalny O\u015brodek Polityki Spo\u0142ecznej Urz\u0119du Marsza\u0142kowskiego Wojew\u00f3dztwa \u015awi\u0119tokrzyskiego. Wydarzenie przyci\u0105gn\u0119\u0142o wielu pracownik\u00f3w i pacjent\u00f3w, kt\u00f3rzy mieli okazj\u0119 wesprze\u0107 lokalne podmioty ekonomii spo\u0142ecznej oraz poczu\u0107 atmosfer\u0119 zbli\u017caj\u0105cych si\u0119 \u015awi\u0105t Wielkanocnych.<\/strong><\/p>\n\n\n\n<figure class=\"wp-block-image size-large\"><img fetchpriority=\"high\" decoding=\"async\" width=\"1024\" height=\"683\" src=\"https:\/\/czerwonagora.pl\/wp-content\/uploads\/2025\/04\/Wielkanocny-Kiermasz-Ekonomii-Spolecznej-2025_228-1024x683.jpg\" alt=\"\" class=\"wp-image-27289\" srcset=\"https:\/\/czerwonagora.pl\/wp-content\/uploads\/2025\/04\/Wielkanocny-Kiermasz-Ekonomii-Spolecznej-2025_228-1024x683.jpg 1024w, https:\/\/czerwonagora.pl\/wp-content\/uploads\/2025\/04\/Wielkanocny-Kiermasz-Ekonomii-Spolecznej-2025_228-300x200.jpg 300w, https:\/\/czerwonagora.pl\/wp-content\/uploads\/2025\/04\/Wielkanocny-Kiermasz-Ekonomii-Spolecznej-2025_228-768x512.jpg 768w, https:\/\/czerwonagora.pl\/wp-content\/uploads\/2025\/04\/Wielkanocny-Kiermasz-Ekonomii-Spolecznej-2025_228-1536x1024.jpg 1536w, https:\/\/czerwonagora.pl\/wp-content\/uploads\/2025\/04\/Wielkanocny-Kiermasz-Ekonomii-Spolecznej-2025_228-2048x1365.jpg 2048w\" sizes=\"(max-width: 1024px) 100vw, 1024px\" \/><\/figure>\n\n\n\n<p>Podczas kiermaszu mo\u017cna by\u0142o zakupi\u0107 wyj\u0105tkowe, r\u0119cznie wykonane ozdoby i dekoracje \u015bwi\u0105teczne \u2013 baranki, pisanki, stroiki czy palmy, przygotowane z niezwyk\u0142\u0105 staranno\u015bci\u0105 i artystyczn\u0105 wra\u017cliwo\u015bci\u0105 przez przedstawicieli takich instytucji jak: Warsztat Terapii Zaj\u0119ciowej w Piasku Wielkim, WTZ przy DPS im. \u015bw. Brata Alberta w Kielcach, WTZ w Zg\u00f3rsku oraz \u015awi\u0119tokrzyskie Centrum Psychiatrii w Morawicy.<\/p>\n\n\n\n<p>Doch\u00f3d ze sprzeda\u017cy przeznaczony zostanie na dzia\u0142alno\u015b\u0107 spo\u0142eczn\u0105 realizowan\u0105 przez wystawc\u00f3w \u2013 m.in. wsparcie os\u00f3b z niepe\u0142nosprawno\u015bciami oraz zagro\u017conych wykluczeniem spo\u0142ecznym.<\/p>\n\n\n\n<figure class=\"wp-block-image size-large\"><img decoding=\"async\" width=\"1024\" height=\"683\" src=\"https:\/\/czerwonagora.pl\/wp-content\/uploads\/2025\/04\/Wielkanocny-Kiermasz-Ekonomii-Spolecznej-2025_235-1024x683.jpg\" alt=\"\" class=\"wp-image-27290\" srcset=\"https:\/\/czerwonagora.pl\/wp-content\/uploads\/2025\/04\/Wielkanocny-Kiermasz-Ekonomii-Spolecznej-2025_235-1024x683.jpg 1024w, https:\/\/czerwonagora.pl\/wp-content\/uploads\/2025\/04\/Wielkanocny-Kiermasz-Ekonomii-Spolecznej-2025_235-300x200.jpg 300w, https:\/\/czerwonagora.pl\/wp-content\/uploads\/2025\/04\/Wielkanocny-Kiermasz-Ekonomii-Spolecznej-2025_235-768x512.jpg 768w, https:\/\/czerwonagora.pl\/wp-content\/uploads\/2025\/04\/Wielkanocny-Kiermasz-Ekonomii-Spolecznej-2025_235-1536x1024.jpg 1536w, https:\/\/czerwonagora.pl\/wp-content\/uploads\/2025\/04\/Wielkanocny-Kiermasz-Ekonomii-Spolecznej-2025_235-2048x1365.jpg 2048w\" sizes=\"(max-width: 1024px) 100vw, 1024px\" \/><\/figure>\n\n\n\n<p>\u2013 To by\u0142a wyj\u0105tkowa inicjatywa, kt\u00f3ry pokazuje, \u017ce idea ekonomii spo\u0142ecznej ma ogromn\u0105 si\u0142\u0119 oddzia\u0142ywania. Dzi\u0119kuj\u0119 wszystkim wystawcom za zaanga\u017cowanie, a naszym go\u015bciom za tak ciep\u0142e przyj\u0119cie i wsparcie. Ka\u017cdy zakup to realna pomoc i szansa na lepsze jutro dla os\u00f3b, kt\u00f3re dzi\u0119ki swojej pracy odzyskuj\u0105 wiar\u0119 w siebie i swoje mo\u017cliwo\u015bci \u2013 m\u00f3wi marsza\u0142ek wojew\u00f3dztwa \u015bwi\u0119tokrzyskiego Renata Janik.<\/p>\n\n\n\n<p>&#8211; Wielkanocny Kiermasz Ekonomii Spo\u0142ecznej to nie tylko mo\u017cliwo\u015b\u0107 \u015bwi\u0105tecznych zakup\u00f3w, ale przede wszystkim misja \u2013 promocja idei solidarno\u015bci, integracji spo\u0142ecznej i wspierania tych, kt\u00f3rzy potrzebuj\u0105 szansy na nowy start &#8211; podkre\u015bla El\u017cbieta Korus, dyrektor Regionalnego O\u015brodka Polityki Spo\u0142ecznej.<\/p>\n\n\n\n<figure class=\"wp-block-image size-large\"><img decoding=\"async\" width=\"1024\" height=\"683\" src=\"https:\/\/czerwonagora.pl\/wp-content\/uploads\/2025\/04\/Wielkanocny-Kiermasz-Ekonomii-Spolecznej-2025_241-1024x683.jpg\" alt=\"\" class=\"wp-image-27291\" srcset=\"https:\/\/czerwonagora.pl\/wp-content\/uploads\/2025\/04\/Wielkanocny-Kiermasz-Ekonomii-Spolecznej-2025_241-1024x683.jpg 1024w, https:\/\/czerwonagora.pl\/wp-content\/uploads\/2025\/04\/Wielkanocny-Kiermasz-Ekonomii-Spolecznej-2025_241-300x200.jpg 300w, https:\/\/czerwonagora.pl\/wp-content\/uploads\/2025\/04\/Wielkanocny-Kiermasz-Ekonomii-Spolecznej-2025_241-768x512.jpg 768w, https:\/\/czerwonagora.pl\/wp-content\/uploads\/2025\/04\/Wielkanocny-Kiermasz-Ekonomii-Spolecznej-2025_241-1536x1024.jpg 1536w, https:\/\/czerwonagora.pl\/wp-content\/uploads\/2025\/04\/Wielkanocny-Kiermasz-Ekonomii-Spolecznej-2025_241-2048x1365.jpg 2048w\" sizes=\"(max-width: 1024px) 100vw, 1024px\" \/><\/figure>\n\n\n\n<p>Dyrektor Wojew\u00f3dzkiego Szpitala Specjalistycznego im. \u015aw. Rafa\u0142a w Czerwonej G\u00f3rze Youssef Sleiman r\u00f3wnie\u017c wyrazi\u0142 swoje uznanie dla wydarzenia: &#8211; To dla nas ogromny zaszczyt, \u017ce mogli\u015bmy by\u0107 gospodarzem tak wa\u017cnego wydarzenia. Szpital to nie tylko miejsce leczenia, ale tak\u017ce przestrze\u0144 spotkania i budowania solidarno\u015bci. Ten kiermasz by\u0142 pi\u0119knym \u015bwiadectwem spo\u0142ecznego zaanga\u017cowania i dowodem na to, \u017ce wsp\u00f3lnie mo\u017cemy budowa\u0107 \u015bwiat bardziej wra\u017cliwy i otwarty na potrzeby drugiego cz\u0142owieka.<\/p>\n\n\n\n<figure class=\"wp-block-image size-large\"><img loading=\"lazy\" decoding=\"async\" width=\"1024\" height=\"683\" src=\"https:\/\/czerwonagora.pl\/wp-content\/uploads\/2025\/04\/Wielkanocny-Kiermasz-Ekonomii-Spolecznej-2025_242-1024x683.jpg\" alt=\"\" class=\"wp-image-27292\" srcset=\"https:\/\/czerwonagora.pl\/wp-content\/uploads\/2025\/04\/Wielkanocny-Kiermasz-Ekonomii-Spolecznej-2025_242-1024x683.jpg 1024w, https:\/\/czerwonagora.pl\/wp-content\/uploads\/2025\/04\/Wielkanocny-Kiermasz-Ekonomii-Spolecznej-2025_242-300x200.jpg 300w, https:\/\/czerwonagora.pl\/wp-content\/uploads\/2025\/04\/Wielkanocny-Kiermasz-Ekonomii-Spolecznej-2025_242-768x512.jpg 768w, https:\/\/czerwonagora.pl\/wp-content\/uploads\/2025\/04\/Wielkanocny-Kiermasz-Ekonomii-Spolecznej-2025_242-1536x1024.jpg 1536w, https:\/\/czerwonagora.pl\/wp-content\/uploads\/2025\/04\/Wielkanocny-Kiermasz-Ekonomii-Spolecznej-2025_242-2048x1365.jpg 2048w\" sizes=\"(max-width: 1024px) 100vw, 1024px\" \/><\/figure>\n\n\n\n<figure class=\"wp-block-image size-large\"><img loading=\"lazy\" decoding=\"async\" width=\"1024\" height=\"683\" src=\"https:\/\/czerwonagora.pl\/wp-content\/uploads\/2025\/04\/Wielkanocny-Kiermasz-Ekonomii-Spolecznej-2025_236-1024x683.jpg\" alt=\"\" class=\"wp-image-27293\" srcset=\"https:\/\/czerwonagora.pl\/wp-content\/uploads\/2025\/04\/Wielkanocny-Kiermasz-Ekonomii-Spolecznej-2025_236-1024x683.jpg 1024w, https:\/\/czerwonagora.pl\/wp-content\/uploads\/2025\/04\/Wielkanocny-Kiermasz-Ekonomii-Spolecznej-2025_236-300x200.jpg 300w, https:\/\/czerwonagora.pl\/wp-content\/uploads\/2025\/04\/Wielkanocny-Kiermasz-Ekonomii-Spolecznej-2025_236-768x512.jpg 768w, https:\/\/czerwonagora.pl\/wp-content\/uploads\/2025\/04\/Wielkanocny-Kiermasz-Ekonomii-Spolecznej-2025_236-1536x1024.jpg 1536w, https:\/\/czerwonagora.pl\/wp-content\/uploads\/2025\/04\/Wielkanocny-Kiermasz-Ekonomii-Spolecznej-2025_236-2048x1365.jpg 2048w\" sizes=\"(max-width: 1024px) 100vw, 1024px\" \/><\/figure>\n\n\n\n<figure class=\"wp-block-image size-large\"><img loading=\"lazy\" decoding=\"async\" width=\"1024\" height=\"683\" src=\"https:\/\/czerwonagora.pl\/wp-content\/uploads\/2025\/04\/Wielkanocny-Kiermasz-Ekonomii-Spolecznej-2025_226-1024x683.jpg\" alt=\"\" class=\"wp-image-27294\" srcset=\"https:\/\/czerwonagora.pl\/wp-content\/uploads\/2025\/04\/Wielkanocny-Kiermasz-Ekonomii-Spolecznej-2025_226-1024x683.jpg 1024w, https:\/\/czerwonagora.pl\/wp-content\/uploads\/2025\/04\/Wielkanocny-Kiermasz-Ekonomii-Spolecznej-2025_226-300x200.jpg 300w, https:\/\/czerwonagora.pl\/wp-content\/uploads\/2025\/04\/Wielkanocny-Kiermasz-Ekonomii-Spolecznej-2025_226-768x512.jpg 768w, https:\/\/czerwonagora.pl\/wp-content\/uploads\/2025\/04\/Wielkanocny-Kiermasz-Ekonomii-Spolecznej-2025_226-1536x1024.jpg 1536w, https:\/\/czerwonagora.pl\/wp-content\/uploads\/2025\/04\/Wielkanocny-Kiermasz-Ekonomii-Spolecznej-2025_226-2048x1365.jpg 2048w\" sizes=\"(max-width: 1024px) 100vw, 1024px\" \/><\/figure>\n","protected":false},"excerpt":{"rendered":"<p>W Wojew\u00f3dzkim Szpitalu Specjalistycznym im. \u015aw. Rafa\u0142a w Czerwonej G\u00f3rze odby\u0142 si\u0119 po raz pierwszy Wielkanocny Kiermasz Ekonomii Spo\u0142ecznej zorganizowany przez Regionalny O\u015brodek Polityki Spo\u0142ecznej Urz\u0119du Marsza\u0142kowskiego Wojew\u00f3dztwa \u015awi\u0119tokrzyskiego. Wydarzenie przyci\u0105gn\u0119\u0142o wielu pracownik\u00f3w i pacjent\u00f3w, kt\u00f3rzy mieli okazj\u0119 wesprze\u0107 lokalne podmioty ekonomii spo\u0142ecznej oraz poczu\u0107 atmosfer\u0119 zbli\u017caj\u0105cych si\u0119 \u015awi\u0105t Wielkanocnych. Podczas kiermaszu mo\u017cna by\u0142o zakupi\u0107 [&hellip;]<\/p>\n","protected":false},"author":8,"featured_media":27289,"comment_status":"closed","ping_status":"closed","sticky":false,"template":"","format":"standard","meta":{"zakra_page_container_layout":"customizer","zakra_page_sidebar_layout":"customizer","zakra_remove_content_margin":false,"zakra_sidebar":"customizer","zakra_transparent_header":"customizer","zakra_logo":0,"zakra_main_header_style":"default","zakra_menu_item_color":"","zakra_menu_item_hover_color":"","zakra_menu_item_active_color":"","zakra_menu_active_style":"","zakra_page_header":true,"footnotes":""},"categories":[39],"tags":[],"class_list":["post-27288","post","type-post","status-publish","format-standard","has-post-thumbnail","hentry","category-aktualnosci"],"yoast_head":"<!-- This site is optimized with the Yoast SEO plugin v27.4 - https:\/\/yoast.com\/product\/yoast-seo-wordpress\/ -->\n<title>Wielkanocny Kiermasz Ekonomii Spo\u0142ecznej po raz pierwszy w szpitalu w Czerwonej G\u00f3rze<\/title>\n<meta name=\"description\" content=\"W Wojew\u00f3dzkim Szpitalu Specjalistycznym im. \u015aw. Rafa\u0142a w Czerwonej G\u00f3rze odby\u0142 si\u0119 po raz pierwszy Wielkanocny Kiermasz Ekonomii Spo\u0142ecznej zorganizowany przez Regionalny O\u015brodek Polityki Spo\u0142ecznej Urz\u0119du Marsza\u0142kowskiego Wojew\u00f3dztwa \u015awi\u0119tokrzyskiego. Wydarzenie przyci\u0105gn\u0119\u0142o wielu pracownik\u00f3w i pacjent\u00f3w, kt\u00f3rzy mieli okazj\u0119 wesprze\u0107 lokalne podmioty ekonomii spo\u0142ecznej oraz poczu\u0107 atmosfer\u0119 zbli\u017caj\u0105cych si\u0119 \u015awi\u0105t Wielkanocnych.\" \/>\n<meta name=\"robots\" content=\"index, follow, max-snippet:-1, max-image-preview:large, max-video-preview:-1\" \/>\n<link rel=\"canonical\" href=\"https:\/\/czerwonagora.pl\/index.php\/2025\/04\/10\/wielkanocny-kiermasz-ekonomii-spolecznej-po-raz-pierwszy-w-szpitalu-w-czerwonej-gorze\/\" \/>\n<meta property=\"og:locale\" content=\"pl_PL\" \/>\n<meta property=\"og:type\" content=\"article\" \/>\n<meta property=\"og:title\" content=\"Wielkanocny Kiermasz Ekonomii Spo\u0142ecznej po raz pierwszy w szpitalu w Czerwonej G\u00f3rze\" \/>\n<meta property=\"og:description\" content=\"W Wojew\u00f3dzkim Szpitalu Specjalistycznym im. \u015aw. Rafa\u0142a w Czerwonej G\u00f3rze odby\u0142 si\u0119 po raz pierwszy Wielkanocny Kiermasz Ekonomii Spo\u0142ecznej zorganizowany przez Regionalny O\u015brodek Polityki Spo\u0142ecznej Urz\u0119du Marsza\u0142kowskiego Wojew\u00f3dztwa \u015awi\u0119tokrzyskiego. Wydarzenie przyci\u0105gn\u0119\u0142o wielu pracownik\u00f3w i pacjent\u00f3w, kt\u00f3rzy mieli okazj\u0119 wesprze\u0107 lokalne podmioty ekonomii spo\u0142ecznej oraz poczu\u0107 atmosfer\u0119 zbli\u017caj\u0105cych si\u0119 \u015awi\u0105t Wielkanocnych.\" \/>\n<meta property=\"og:url\" content=\"https:\/\/czerwonagora.pl\/index.php\/2025\/04\/10\/wielkanocny-kiermasz-ekonomii-spolecznej-po-raz-pierwszy-w-szpitalu-w-czerwonej-gorze\/\" \/>\n<meta property=\"og:site_name\" content=\"Wojew\u00f3dzki Szpital Specjalistyczny im. \u015aw. Rafa\u0142a w Czerwonej G\u00f3rze\" \/>\n<meta property=\"article:publisher\" content=\"https:\/\/www.facebook.com\/SzpitalCzerwonaGora\/\" \/>\n<meta property=\"article:published_time\" content=\"2025-04-10T14:31:00+00:00\" \/>\n<meta property=\"og:image\" content=\"https:\/\/czerwonagora.pl\/wp-content\/uploads\/2025\/04\/Wielkanocny-Kiermasz-Ekonomii-Spolecznej-2025_228-scaled.jpg\" \/>\n\t<meta property=\"og:image:width\" content=\"2560\" \/>\n\t<meta property=\"og:image:height\" content=\"1707\" \/>\n\t<meta property=\"og:image:type\" content=\"image\/jpeg\" \/>\n<meta name=\"author\" content=\"Pawe\u0142 Wi\u0119cek\" \/>\n<meta name=\"twitter:card\" content=\"summary_large_image\" \/>\n<meta name=\"twitter:label1\" content=\"Napisane przez\" \/>\n\t<meta name=\"twitter:data1\" content=\"Pawe\u0142 Wi\u0119cek\" \/>\n\t<meta name=\"twitter:label2\" content=\"Szacowany czas czytania\" \/>\n\t<meta name=\"twitter:data2\" content=\"4 minuty\" \/>\n<script type=\"application\/ld+json\" class=\"yoast-schema-graph\">{\"@context\":\"https:\\\/\\\/schema.org\",\"@graph\":[{\"@type\":\"Article\",\"@id\":\"https:\\\/\\\/czerwonagora.pl\\\/index.php\\\/2025\\\/04\\\/10\\\/wielkanocny-kiermasz-ekonomii-spolecznej-po-raz-pierwszy-w-szpitalu-w-czerwonej-gorze\\\/#article\",\"isPartOf\":{\"@id\":\"https:\\\/\\\/czerwonagora.pl\\\/index.php\\\/2025\\\/04\\\/10\\\/wielkanocny-kiermasz-ekonomii-spolecznej-po-raz-pierwszy-w-szpitalu-w-czerwonej-gorze\\\/\"},\"author\":{\"name\":\"Pawe\u0142 Wi\u0119cek\",\"@id\":\"https:\\\/\\\/czerwonagora.pl\\\/#\\\/schema\\\/person\\\/8a59ddcbab34628c327513f8d1cd204d\"},\"headline\":\"Wielkanocny Kiermasz Ekonomii Spo\u0142ecznej po raz pierwszy w szpitalu w Czerwonej G\u00f3rze\",\"datePublished\":\"2025-04-10T14:31:00+00:00\",\"mainEntityOfPage\":{\"@id\":\"https:\\\/\\\/czerwonagora.pl\\\/index.php\\\/2025\\\/04\\\/10\\\/wielkanocny-kiermasz-ekonomii-spolecznej-po-raz-pierwszy-w-szpitalu-w-czerwonej-gorze\\\/\"},\"wordCount\":387,\"publisher\":{\"@id\":\"https:\\\/\\\/czerwonagora.pl\\\/#organization\"},\"image\":{\"@id\":\"https:\\\/\\\/czerwonagora.pl\\\/index.php\\\/2025\\\/04\\\/10\\\/wielkanocny-kiermasz-ekonomii-spolecznej-po-raz-pierwszy-w-szpitalu-w-czerwonej-gorze\\\/#primaryimage\"},\"thumbnailUrl\":\"https:\\\/\\\/czerwonagora.pl\\\/wp-content\\\/uploads\\\/2025\\\/04\\\/Wielkanocny-Kiermasz-Ekonomii-Spolecznej-2025_228-scaled.jpg\",\"articleSection\":[\"Aktualno\u015bci\"],\"inLanguage\":\"pl-PL\"},{\"@type\":\"WebPage\",\"@id\":\"https:\\\/\\\/czerwonagora.pl\\\/index.php\\\/2025\\\/04\\\/10\\\/wielkanocny-kiermasz-ekonomii-spolecznej-po-raz-pierwszy-w-szpitalu-w-czerwonej-gorze\\\/\",\"url\":\"https:\\\/\\\/czerwonagora.pl\\\/index.php\\\/2025\\\/04\\\/10\\\/wielkanocny-kiermasz-ekonomii-spolecznej-po-raz-pierwszy-w-szpitalu-w-czerwonej-gorze\\\/\",\"name\":\"Wielkanocny Kiermasz Ekonomii Spo\u0142ecznej po raz pierwszy w szpitalu w Czerwonej G\u00f3rze\",\"isPartOf\":{\"@id\":\"https:\\\/\\\/czerwonagora.pl\\\/#website\"},\"primaryImageOfPage\":{\"@id\":\"https:\\\/\\\/czerwonagora.pl\\\/index.php\\\/2025\\\/04\\\/10\\\/wielkanocny-kiermasz-ekonomii-spolecznej-po-raz-pierwszy-w-szpitalu-w-czerwonej-gorze\\\/#primaryimage\"},\"image\":{\"@id\":\"https:\\\/\\\/czerwonagora.pl\\\/index.php\\\/2025\\\/04\\\/10\\\/wielkanocny-kiermasz-ekonomii-spolecznej-po-raz-pierwszy-w-szpitalu-w-czerwonej-gorze\\\/#primaryimage\"},\"thumbnailUrl\":\"https:\\\/\\\/czerwonagora.pl\\\/wp-content\\\/uploads\\\/2025\\\/04\\\/Wielkanocny-Kiermasz-Ekonomii-Spolecznej-2025_228-scaled.jpg\",\"datePublished\":\"2025-04-10T14:31:00+00:00\",\"description\":\"W Wojew\u00f3dzkim Szpitalu Specjalistycznym im. \u015aw. Rafa\u0142a w Czerwonej G\u00f3rze odby\u0142 si\u0119 po raz pierwszy Wielkanocny Kiermasz Ekonomii Spo\u0142ecznej zorganizowany przez Regionalny O\u015brodek Polityki Spo\u0142ecznej Urz\u0119du Marsza\u0142kowskiego Wojew\u00f3dztwa \u015awi\u0119tokrzyskiego. Wydarzenie przyci\u0105gn\u0119\u0142o wielu pracownik\u00f3w i pacjent\u00f3w, kt\u00f3rzy mieli okazj\u0119 wesprze\u0107 lokalne podmioty ekonomii spo\u0142ecznej oraz poczu\u0107 atmosfer\u0119 zbli\u017caj\u0105cych si\u0119 \u015awi\u0105t Wielkanocnych.\",\"breadcrumb\":{\"@id\":\"https:\\\/\\\/czerwonagora.pl\\\/index.php\\\/2025\\\/04\\\/10\\\/wielkanocny-kiermasz-ekonomii-spolecznej-po-raz-pierwszy-w-szpitalu-w-czerwonej-gorze\\\/#breadcrumb\"},\"inLanguage\":\"pl-PL\",\"potentialAction\":[{\"@type\":\"ReadAction\",\"target\":[\"https:\\\/\\\/czerwonagora.pl\\\/index.php\\\/2025\\\/04\\\/10\\\/wielkanocny-kiermasz-ekonomii-spolecznej-po-raz-pierwszy-w-szpitalu-w-czerwonej-gorze\\\/\"]}]},{\"@type\":\"ImageObject\",\"inLanguage\":\"pl-PL\",\"@id\":\"https:\\\/\\\/czerwonagora.pl\\\/index.php\\\/2025\\\/04\\\/10\\\/wielkanocny-kiermasz-ekonomii-spolecznej-po-raz-pierwszy-w-szpitalu-w-czerwonej-gorze\\\/#primaryimage\",\"url\":\"https:\\\/\\\/czerwonagora.pl\\\/wp-content\\\/uploads\\\/2025\\\/04\\\/Wielkanocny-Kiermasz-Ekonomii-Spolecznej-2025_228-scaled.jpg\",\"contentUrl\":\"https:\\\/\\\/czerwonagora.pl\\\/wp-content\\\/uploads\\\/2025\\\/04\\\/Wielkanocny-Kiermasz-Ekonomii-Spolecznej-2025_228-scaled.jpg\",\"width\":2560,\"height\":1707},{\"@type\":\"BreadcrumbList\",\"@id\":\"https:\\\/\\\/czerwonagora.pl\\\/index.php\\\/2025\\\/04\\\/10\\\/wielkanocny-kiermasz-ekonomii-spolecznej-po-raz-pierwszy-w-szpitalu-w-czerwonej-gorze\\\/#breadcrumb\",\"itemListElement\":[{\"@type\":\"ListItem\",\"position\":1,\"name\":\"Strona g\u0142\u00f3wna\",\"item\":\"https:\\\/\\\/czerwonagora.pl\\\/\"},{\"@type\":\"ListItem\",\"position\":2,\"name\":\"Wielkanocny Kiermasz Ekonomii Spo\u0142ecznej po raz pierwszy w szpitalu w Czerwonej G\u00f3rze\"}]},{\"@type\":\"WebSite\",\"@id\":\"https:\\\/\\\/czerwonagora.pl\\\/#website\",\"url\":\"https:\\\/\\\/czerwonagora.pl\\\/\",\"name\":\"Wojew\u00f3dzki Szpital Specjalistyczny im. \u015aw. Rafa\u0142a w Czerwonej G\u00f3rze\",\"description\":\"Wojew\u00f3dzki Szpital Specjalistyczny im. \u015aw. Rafa\u0142a w Czerwonej G\u00f3rze\",\"publisher\":{\"@id\":\"https:\\\/\\\/czerwonagora.pl\\\/#organization\"},\"potentialAction\":[{\"@type\":\"SearchAction\",\"target\":{\"@type\":\"EntryPoint\",\"urlTemplate\":\"https:\\\/\\\/czerwonagora.pl\\\/?s={search_term_string}\"},\"query-input\":{\"@type\":\"PropertyValueSpecification\",\"valueRequired\":true,\"valueName\":\"search_term_string\"}}],\"inLanguage\":\"pl-PL\"},{\"@type\":\"Organization\",\"@id\":\"https:\\\/\\\/czerwonagora.pl\\\/#organization\",\"name\":\"Wojew\u00f3dzki Szpital Specjalistyczny im. \u015aw. Rafa\u0142a w Czerwonej G\u00f3rze\",\"url\":\"https:\\\/\\\/czerwonagora.pl\\\/\",\"logo\":{\"@type\":\"ImageObject\",\"inLanguage\":\"pl-PL\",\"@id\":\"https:\\\/\\\/czerwonagora.pl\\\/#\\\/schema\\\/logo\\\/image\\\/\",\"url\":\"https:\\\/\\\/czerwonagora.pl\\\/wp-content\\\/uploads\\\/2021\\\/06\\\/Logo-WSS-DUZE-transparentne.png\",\"contentUrl\":\"https:\\\/\\\/czerwonagora.pl\\\/wp-content\\\/uploads\\\/2021\\\/06\\\/Logo-WSS-DUZE-transparentne.png\",\"width\":4210,\"height\":2975,\"caption\":\"Wojew\u00f3dzki Szpital Specjalistyczny im. \u015aw. Rafa\u0142a w Czerwonej G\u00f3rze\"},\"image\":{\"@id\":\"https:\\\/\\\/czerwonagora.pl\\\/#\\\/schema\\\/logo\\\/image\\\/\"},\"sameAs\":[\"https:\\\/\\\/www.facebook.com\\\/SzpitalCzerwonaGora\\\/\"]},{\"@type\":\"Person\",\"@id\":\"https:\\\/\\\/czerwonagora.pl\\\/#\\\/schema\\\/person\\\/8a59ddcbab34628c327513f8d1cd204d\",\"name\":\"Pawe\u0142 Wi\u0119cek\",\"image\":{\"@type\":\"ImageObject\",\"inLanguage\":\"pl-PL\",\"@id\":\"https:\\\/\\\/czerwonagora.pl\\\/wp-content\\\/litespeed\\\/avatar\\\/63e21f6535ac26580501c1127a4e1775.jpg?ver=1777380282\",\"url\":\"https:\\\/\\\/czerwonagora.pl\\\/wp-content\\\/litespeed\\\/avatar\\\/63e21f6535ac26580501c1127a4e1775.jpg?ver=1777380282\",\"contentUrl\":\"https:\\\/\\\/czerwonagora.pl\\\/wp-content\\\/litespeed\\\/avatar\\\/63e21f6535ac26580501c1127a4e1775.jpg?ver=1777380282\",\"caption\":\"Pawe\u0142 Wi\u0119cek\"},\"sameAs\":[\"http:\\\/\\\/www.czerwonagora.pl\"],\"url\":\"https:\\\/\\\/czerwonagora.pl\\\/index.php\\\/author\\\/wiecek\\\/\"}]}<\/script>\n<!-- \/ Yoast SEO plugin. -->","yoast_head_json":{"title":"Wielkanocny Kiermasz Ekonomii Spo\u0142ecznej po raz pierwszy w szpitalu w Czerwonej G\u00f3rze","description":"W Wojew\u00f3dzkim Szpitalu Specjalistycznym im. \u015aw. Rafa\u0142a w Czerwonej G\u00f3rze odby\u0142 si\u0119 po raz pierwszy Wielkanocny Kiermasz Ekonomii Spo\u0142ecznej zorganizowany przez Regionalny O\u015brodek Polityki Spo\u0142ecznej Urz\u0119du Marsza\u0142kowskiego Wojew\u00f3dztwa \u015awi\u0119tokrzyskiego. Wydarzenie przyci\u0105gn\u0119\u0142o wielu pracownik\u00f3w i pacjent\u00f3w, kt\u00f3rzy mieli okazj\u0119 wesprze\u0107 lokalne podmioty ekonomii spo\u0142ecznej oraz poczu\u0107 atmosfer\u0119 zbli\u017caj\u0105cych si\u0119 \u015awi\u0105t Wielkanocnych.","robots":{"index":"index","follow":"follow","max-snippet":"max-snippet:-1","max-image-preview":"max-image-preview:large","max-video-preview":"max-video-preview:-1"},"canonical":"https:\/\/czerwonagora.pl\/index.php\/2025\/04\/10\/wielkanocny-kiermasz-ekonomii-spolecznej-po-raz-pierwszy-w-szpitalu-w-czerwonej-gorze\/","og_locale":"pl_PL","og_type":"article","og_title":"Wielkanocny Kiermasz Ekonomii Spo\u0142ecznej po raz pierwszy w szpitalu w Czerwonej G\u00f3rze","og_description":"W Wojew\u00f3dzkim Szpitalu Specjalistycznym im. \u015aw. Rafa\u0142a w Czerwonej G\u00f3rze odby\u0142 si\u0119 po raz pierwszy Wielkanocny Kiermasz Ekonomii Spo\u0142ecznej zorganizowany przez Regionalny O\u015brodek Polityki Spo\u0142ecznej Urz\u0119du Marsza\u0142kowskiego Wojew\u00f3dztwa \u015awi\u0119tokrzyskiego. Wydarzenie przyci\u0105gn\u0119\u0142o wielu pracownik\u00f3w i pacjent\u00f3w, kt\u00f3rzy mieli okazj\u0119 wesprze\u0107 lokalne podmioty ekonomii spo\u0142ecznej oraz poczu\u0107 atmosfer\u0119 zbli\u017caj\u0105cych si\u0119 \u015awi\u0105t Wielkanocnych.","og_url":"https:\/\/czerwonagora.pl\/index.php\/2025\/04\/10\/wielkanocny-kiermasz-ekonomii-spolecznej-po-raz-pierwszy-w-szpitalu-w-czerwonej-gorze\/","og_site_name":"Wojew\u00f3dzki Szpital Specjalistyczny im. \u015aw. Rafa\u0142a w Czerwonej G\u00f3rze","article_publisher":"https:\/\/www.facebook.com\/SzpitalCzerwonaGora\/","article_published_time":"2025-04-10T14:31:00+00:00","og_image":[{"width":2560,"height":1707,"url":"https:\/\/czerwonagora.pl\/wp-content\/uploads\/2025\/04\/Wielkanocny-Kiermasz-Ekonomii-Spolecznej-2025_228-scaled.jpg","type":"image\/jpeg"}],"author":"Pawe\u0142 Wi\u0119cek","twitter_card":"summary_large_image","twitter_misc":{"Napisane przez":"Pawe\u0142 Wi\u0119cek","Szacowany czas czytania":"4 minuty"},"schema":{"@context":"https:\/\/schema.org","@graph":[{"@type":"Article","@id":"https:\/\/czerwonagora.pl\/index.php\/2025\/04\/10\/wielkanocny-kiermasz-ekonomii-spolecznej-po-raz-pierwszy-w-szpitalu-w-czerwonej-gorze\/#article","isPartOf":{"@id":"https:\/\/czerwonagora.pl\/index.php\/2025\/04\/10\/wielkanocny-kiermasz-ekonomii-spolecznej-po-raz-pierwszy-w-szpitalu-w-czerwonej-gorze\/"},"author":{"name":"Pawe\u0142 Wi\u0119cek","@id":"https:\/\/czerwonagora.pl\/#\/schema\/person\/8a59ddcbab34628c327513f8d1cd204d"},"headline":"Wielkanocny Kiermasz Ekonomii Spo\u0142ecznej po raz pierwszy w szpitalu w Czerwonej G\u00f3rze","datePublished":"2025-04-10T14:31:00+00:00","mainEntityOfPage":{"@id":"https:\/\/czerwonagora.pl\/index.php\/2025\/04\/10\/wielkanocny-kiermasz-ekonomii-spolecznej-po-raz-pierwszy-w-szpitalu-w-czerwonej-gorze\/"},"wordCount":387,"publisher":{"@id":"https:\/\/czerwonagora.pl\/#organization"},"image":{"@id":"https:\/\/czerwonagora.pl\/index.php\/2025\/04\/10\/wielkanocny-kiermasz-ekonomii-spolecznej-po-raz-pierwszy-w-szpitalu-w-czerwonej-gorze\/#primaryimage"},"thumbnailUrl":"https:\/\/czerwonagora.pl\/wp-content\/uploads\/2025\/04\/Wielkanocny-Kiermasz-Ekonomii-Spolecznej-2025_228-scaled.jpg","articleSection":["Aktualno\u015bci"],"inLanguage":"pl-PL"},{"@type":"WebPage","@id":"https:\/\/czerwonagora.pl\/index.php\/2025\/04\/10\/wielkanocny-kiermasz-ekonomii-spolecznej-po-raz-pierwszy-w-szpitalu-w-czerwonej-gorze\/","url":"https:\/\/czerwonagora.pl\/index.php\/2025\/04\/10\/wielkanocny-kiermasz-ekonomii-spolecznej-po-raz-pierwszy-w-szpitalu-w-czerwonej-gorze\/","name":"Wielkanocny Kiermasz Ekonomii Spo\u0142ecznej po raz pierwszy w szpitalu w Czerwonej G\u00f3rze","isPartOf":{"@id":"https:\/\/czerwonagora.pl\/#website"},"primaryImageOfPage":{"@id":"https:\/\/czerwonagora.pl\/index.php\/2025\/04\/10\/wielkanocny-kiermasz-ekonomii-spolecznej-po-raz-pierwszy-w-szpitalu-w-czerwonej-gorze\/#primaryimage"},"image":{"@id":"https:\/\/czerwonagora.pl\/index.php\/2025\/04\/10\/wielkanocny-kiermasz-ekonomii-spolecznej-po-raz-pierwszy-w-szpitalu-w-czerwonej-gorze\/#primaryimage"},"thumbnailUrl":"https:\/\/czerwonagora.pl\/wp-content\/uploads\/2025\/04\/Wielkanocny-Kiermasz-Ekonomii-Spolecznej-2025_228-scaled.jpg","datePublished":"2025-04-10T14:31:00+00:00","description":"W Wojew\u00f3dzkim Szpitalu Specjalistycznym im. \u015aw. Rafa\u0142a w Czerwonej G\u00f3rze odby\u0142 si\u0119 po raz pierwszy Wielkanocny Kiermasz Ekonomii Spo\u0142ecznej zorganizowany przez Regionalny O\u015brodek Polityki Spo\u0142ecznej Urz\u0119du Marsza\u0142kowskiego Wojew\u00f3dztwa \u015awi\u0119tokrzyskiego. Wydarzenie przyci\u0105gn\u0119\u0142o wielu pracownik\u00f3w i pacjent\u00f3w, kt\u00f3rzy mieli okazj\u0119 wesprze\u0107 lokalne podmioty ekonomii spo\u0142ecznej oraz poczu\u0107 atmosfer\u0119 zbli\u017caj\u0105cych si\u0119 \u015awi\u0105t Wielkanocnych.","breadcrumb":{"@id":"https:\/\/czerwonagora.pl\/index.php\/2025\/04\/10\/wielkanocny-kiermasz-ekonomii-spolecznej-po-raz-pierwszy-w-szpitalu-w-czerwonej-gorze\/#breadcrumb"},"inLanguage":"pl-PL","potentialAction":[{"@type":"ReadAction","target":["https:\/\/czerwonagora.pl\/index.php\/2025\/04\/10\/wielkanocny-kiermasz-ekonomii-spolecznej-po-raz-pierwszy-w-szpitalu-w-czerwonej-gorze\/"]}]},{"@type":"ImageObject","inLanguage":"pl-PL","@id":"https:\/\/czerwonagora.pl\/index.php\/2025\/04\/10\/wielkanocny-kiermasz-ekonomii-spolecznej-po-raz-pierwszy-w-szpitalu-w-czerwonej-gorze\/#primaryimage","url":"https:\/\/czerwonagora.pl\/wp-content\/uploads\/2025\/04\/Wielkanocny-Kiermasz-Ekonomii-Spolecznej-2025_228-scaled.jpg","contentUrl":"https:\/\/czerwonagora.pl\/wp-content\/uploads\/2025\/04\/Wielkanocny-Kiermasz-Ekonomii-Spolecznej-2025_228-scaled.jpg","width":2560,"height":1707},{"@type":"BreadcrumbList","@id":"https:\/\/czerwonagora.pl\/index.php\/2025\/04\/10\/wielkanocny-kiermasz-ekonomii-spolecznej-po-raz-pierwszy-w-szpitalu-w-czerwonej-gorze\/#breadcrumb","itemListElement":[{"@type":"ListItem","position":1,"name":"Strona g\u0142\u00f3wna","item":"https:\/\/czerwonagora.pl\/"},{"@type":"ListItem","position":2,"name":"Wielkanocny Kiermasz Ekonomii Spo\u0142ecznej po raz pierwszy w szpitalu w Czerwonej G\u00f3rze"}]},{"@type":"WebSite","@id":"https:\/\/czerwonagora.pl\/#website","url":"https:\/\/czerwonagora.pl\/","name":"Wojew\u00f3dzki Szpital Specjalistyczny im. \u015aw. Rafa\u0142a w Czerwonej G\u00f3rze","description":"Wojew\u00f3dzki Szpital Specjalistyczny im. \u015aw. Rafa\u0142a w Czerwonej G\u00f3rze","publisher":{"@id":"https:\/\/czerwonagora.pl\/#organization"},"potentialAction":[{"@type":"SearchAction","target":{"@type":"EntryPoint","urlTemplate":"https:\/\/czerwonagora.pl\/?s={search_term_string}"},"query-input":{"@type":"PropertyValueSpecification","valueRequired":true,"valueName":"search_term_string"}}],"inLanguage":"pl-PL"},{"@type":"Organization","@id":"https:\/\/czerwonagora.pl\/#organization","name":"Wojew\u00f3dzki Szpital Specjalistyczny im. \u015aw. Rafa\u0142a w Czerwonej G\u00f3rze","url":"https:\/\/czerwonagora.pl\/","logo":{"@type":"ImageObject","inLanguage":"pl-PL","@id":"https:\/\/czerwonagora.pl\/#\/schema\/logo\/image\/","url":"https:\/\/czerwonagora.pl\/wp-content\/uploads\/2021\/06\/Logo-WSS-DUZE-transparentne.png","contentUrl":"https:\/\/czerwonagora.pl\/wp-content\/uploads\/2021\/06\/Logo-WSS-DUZE-transparentne.png","width":4210,"height":2975,"caption":"Wojew\u00f3dzki Szpital Specjalistyczny im. \u015aw. Rafa\u0142a w Czerwonej G\u00f3rze"},"image":{"@id":"https:\/\/czerwonagora.pl\/#\/schema\/logo\/image\/"},"sameAs":["https:\/\/www.facebook.com\/SzpitalCzerwonaGora\/"]},{"@type":"Person","@id":"https:\/\/czerwonagora.pl\/#\/schema\/person\/8a59ddcbab34628c327513f8d1cd204d","name":"Pawe\u0142 Wi\u0119cek","image":{"@type":"ImageObject","inLanguage":"pl-PL","@id":"https:\/\/czerwonagora.pl\/wp-content\/litespeed\/avatar\/63e21f6535ac26580501c1127a4e1775.jpg?ver=1777380282","url":"https:\/\/czerwonagora.pl\/wp-content\/litespeed\/avatar\/63e21f6535ac26580501c1127a4e1775.jpg?ver=1777380282","contentUrl":"https:\/\/czerwonagora.pl\/wp-content\/litespeed\/avatar\/63e21f6535ac26580501c1127a4e1775.jpg?ver=1777380282","caption":"Pawe\u0142 Wi\u0119cek"},"sameAs":["http:\/\/www.czerwonagora.pl"],"url":"https:\/\/czerwonagora.pl\/index.php\/author\/wiecek\/"}]}},"publishpress_future_action":{"enabled":false,"date":"2026-05-06 01:41:17","action":"change-status","newStatus":"draft","terms":[],"taxonomy":"category","extraData":[]},"publishpress_future_workflow_manual_trigger":{"enabledWorkflows":[]},"_links":{"self":[{"href":"https:\/\/czerwonagora.pl\/index.php\/wp-json\/wp\/v2\/posts\/27288","targetHints":{"allow":["GET"]}}],"collection":[{"href":"https:\/\/czerwonagora.pl\/index.php\/wp-json\/wp\/v2\/posts"}],"about":[{"href":"https:\/\/czerwonagora.pl\/index.php\/wp-json\/wp\/v2\/types\/post"}],"author":[{"embeddable":true,"href":"https:\/\/czerwonagora.pl\/index.php\/wp-json\/wp\/v2\/users\/8"}],"replies":[{"embeddable":true,"href":"https:\/\/czerwonagora.pl\/index.php\/wp-json\/wp\/v2\/comments?post=27288"}],"version-history":[{"count":1,"href":"https:\/\/czerwonagora.pl\/index.php\/wp-json\/wp\/v2\/posts\/27288\/revisions"}],"predecessor-version":[{"id":27295,"href":"https:\/\/czerwonagora.pl\/index.php\/wp-json\/wp\/v2\/posts\/27288\/revisions\/27295"}],"wp:featuredmedia":[{"embeddable":true,"href":"https:\/\/czerwonagora.pl\/index.php\/wp-json\/wp\/v2\/media\/27289"}],"wp:attachment":[{"href":"https:\/\/czerwonagora.pl\/index.php\/wp-json\/wp\/v2\/media?parent=27288"}],"wp:term":[{"taxonomy":"category","embeddable":true,"href":"https:\/\/czerwonagora.pl\/index.php\/wp-json\/wp\/v2\/categories?post=27288"},{"taxonomy":"post_tag","embeddable":true,"href":"https:\/\/czerwonagora.pl\/index.php\/wp-json\/wp\/v2\/tags?post=27288"}],"curies":[{"name":"wp","href":"https:\/\/api.w.org\/{rel}","templated":true}]}}