{"id":31728,"date":"2026-04-27T13:10:42","date_gmt":"2026-04-27T11:10:42","guid":{"rendered":"https:\/\/czerwonagora.pl\/?p=31728"},"modified":"2026-04-27T13:21:39","modified_gmt":"2026-04-27T11:21:39","slug":"szpital-z-potwierdzona-jakoscia-certyfikat-iso-90012015-na-kolejne-lata","status":"publish","type":"post","link":"https:\/\/czerwonagora.pl\/index.php\/2026\/04\/27\/szpital-z-potwierdzona-jakoscia-certyfikat-iso-90012015-na-kolejne-lata\/","title":{"rendered":"Szpital z potwierdzon\u0105 jako\u015bci\u0105 &#8211; certyfikat ISO 9001:2015 na kolejne lata"},"content":{"rendered":"\t\t<div data-elementor-type=\"wp-post\" data-elementor-id=\"31728\" class=\"elementor elementor-31728\">\n\t\t\t\t\t\t<section class=\"elementor-section elementor-top-section elementor-element elementor-element-c0c7e54 elementor-section-boxed elementor-section-height-default elementor-section-height-default\" data-id=\"c0c7e54\" data-element_type=\"section\" data-e-type=\"section\">\n\t\t\t\t\t\t<div class=\"elementor-container elementor-column-gap-default\">\n\t\t\t\t\t<div class=\"elementor-column elementor-col-100 elementor-top-column elementor-element elementor-element-17da118\" data-id=\"17da118\" data-element_type=\"column\" data-e-type=\"column\">\n\t\t\t<div class=\"elementor-widget-wrap elementor-element-populated\">\n\t\t\t\t\t\t<div class=\"elementor-element elementor-element-d24de45 elementor-widget elementor-widget-text-editor\" data-id=\"d24de45\" data-element_type=\"widget\" data-e-type=\"widget\" data-widget_type=\"text-editor.default\">\n\t\t\t\t<div class=\"elementor-widget-container\">\n\t\t\t\t\t\t\t\t\t<p><b>Uzyskali\u015bmy certyfikat ISO 9001:2015 &#8211; potwierdzenie jako\u015bci, kt\u00f3r\u0105 wida\u0107 w praktyce<\/b><\/p>\n<p>W dniach 16-17 kwietnia 2026 roku w Wojew\u00f3dzkim Szpitalu Specjalistycznym im. \u015aw. Rafa\u0142a w Czerwonej G\u00f3rze przeprowadzony zosta\u0142 audyt certyfikuj\u0105cy System Zarz\u0105dzania Jako\u015bci\u0105 zgodny z wymaganiami normy PN-EN ISO 9001:2015. Audyt zosta\u0142 zrealizowany przez niezale\u017cn\u0105, akredytowan\u0105 jednostk\u0119 certyfikuj\u0105c\u0105.<\/p>\n<p>W jego wyniku Szpital uzyska\u0142 certyfikat ISO 9001:2015 na kolejny trzyletni okres. <b>Certyfikat ten potwierdza, \u017ce jako\u015b\u0107 i bezpiecze\u0144stwo udzielanych \u015bwiadcze\u0144 spe\u0142niaj\u0105 wymagania mi\u0119dzynarodowego standardu.<\/b><\/p>\n<p>Norma PN-EN ISO 9001:2015 opiera si\u0119 na podej\u015bciu procesowym oraz zarz\u0105dzaniu ryzykiem, co w praktyce oznacza sta\u0142e monitorowanie jako\u015bci, reagowanie na potrzeby pacjent\u00f3w oraz systematyczne doskonalenie organizacji pracy. Audyt potwierdzi\u0142 r\u00f3wnie\u017c zaanga\u017cowanie kierownictwa i personelu w utrzymanie i rozw\u00f3j systemu, co przek\u0142ada si\u0119 na stabilno\u015b\u0107 funkcjonowania Szpitala.<\/p>\n<p><b>Dla pacjent\u00f3w oznacza to, \u017ce proces leczenia, od przyj\u0119cia, przez diagnostyk\u0119 i terapi\u0119, przebiega wed\u0142ug jasno okre\u015blonych, uporz\u0105dkowanych zasad<\/b>. Przyj\u0119te rozwi\u0105zania wspieraj\u0105 personel w codziennej pracy, ograniczaj\u0105 ryzyko b\u0142\u0119d\u00f3w oraz zapewniaj\u0105 sp\u00f3jno\u015b\u0107 dzia\u0142a\u0144. Uzyskany certyfikat stanowi potwierdzenie, \u017ce Szpital dzia\u0142a zgodnie z wysokimi standardami jako\u015bci, z naciskiem na bezpiecze\u0144stwo i satysfakcj\u0119 pacjent\u00f3w.<\/p>\t\t\t\t\t\t\t\t<\/div>\n\t\t\t\t<\/div>\n\t\t\t\t\t<\/div>\n\t\t<\/div>\n\t\t\t\t\t<\/div>\n\t\t<\/section>\n\t\t\t\t<section class=\"elementor-section elementor-top-section elementor-element elementor-element-ed4aff0 elementor-section-boxed elementor-section-height-default elementor-section-height-default\" data-id=\"ed4aff0\" data-element_type=\"section\" data-e-type=\"section\">\n\t\t\t\t\t\t<div class=\"elementor-container elementor-column-gap-default\">\n\t\t\t\t\t<div class=\"elementor-column elementor-col-100 elementor-top-column elementor-element elementor-element-9af3966\" data-id=\"9af3966\" data-element_type=\"column\" data-e-type=\"column\">\n\t\t\t<div class=\"elementor-widget-wrap elementor-element-populated\">\n\t\t\t\t\t\t<div class=\"elementor-element elementor-element-814ae36 elementor-widget elementor-widget-image\" data-id=\"814ae36\" data-element_type=\"widget\" data-e-type=\"widget\" data-widget_type=\"image.default\">\n\t\t\t\t<div class=\"elementor-widget-container\">\n\t\t\t\t\t\t\t\t\t\t\t\t\t\t\t<img fetchpriority=\"high\" decoding=\"async\" width=\"724\" height=\"1024\" src=\"https:\/\/czerwonagora.pl\/wp-content\/uploads\/2026\/04\/Certyfikat-ISO-do-2026-1-724x1024.png\" class=\"attachment-large size-large wp-image-31730\" alt=\"\" srcset=\"https:\/\/czerwonagora.pl\/wp-content\/uploads\/2026\/04\/Certyfikat-ISO-do-2026-1-724x1024.png 724w, https:\/\/czerwonagora.pl\/wp-content\/uploads\/2026\/04\/Certyfikat-ISO-do-2026-1-212x300.png 212w, https:\/\/czerwonagora.pl\/wp-content\/uploads\/2026\/04\/Certyfikat-ISO-do-2026-1-768x1086.png 768w, https:\/\/czerwonagora.pl\/wp-content\/uploads\/2026\/04\/Certyfikat-ISO-do-2026-1-1086x1536.png 1086w, https:\/\/czerwonagora.pl\/wp-content\/uploads\/2026\/04\/Certyfikat-ISO-do-2026-1-1448x2048.png 1448w, https:\/\/czerwonagora.pl\/wp-content\/uploads\/2026\/04\/Certyfikat-ISO-do-2026-1.png 1653w\" sizes=\"(max-width: 724px) 100vw, 724px\" \/>\t\t\t\t\t\t\t\t\t\t\t\t\t\t\t<\/div>\n\t\t\t\t<\/div>\n\t\t\t\t\t<\/div>\n\t\t<\/div>\n\t\t\t\t\t<\/div>\n\t\t<\/section>\n\t\t\t\t<\/div>\n\t\t","protected":false},"excerpt":{"rendered":"<p>Uzyskali\u015bmy certyfikat ISO 9001:2015 &#8211; potwierdzenie jako\u015bci, kt\u00f3r\u0105 wida\u0107 w praktyce W dniach 16-17 kwietnia 2026 roku w Wojew\u00f3dzkim Szpitalu Specjalistycznym im. \u015aw. Rafa\u0142a w Czerwonej G\u00f3rze przeprowadzony zosta\u0142 audyt certyfikuj\u0105cy System Zarz\u0105dzania Jako\u015bci\u0105 zgodny z wymaganiami normy PN-EN ISO 9001:2015. Audyt zosta\u0142 zrealizowany przez niezale\u017cn\u0105, akredytowan\u0105 jednostk\u0119 certyfikuj\u0105c\u0105. W jego wyniku Szpital uzyska\u0142 certyfikat [&hellip;]<\/p>\n","protected":false},"author":13,"featured_media":31729,"comment_status":"closed","ping_status":"closed","sticky":false,"template":"","format":"standard","meta":{"zakra_page_container_layout":"customizer","zakra_page_sidebar_layout":"customizer","zakra_remove_content_margin":false,"zakra_sidebar":"customizer","zakra_transparent_header":"customizer","zakra_logo":0,"zakra_main_header_style":"default","zakra_menu_item_color":"","zakra_menu_item_hover_color":"","zakra_menu_item_active_color":"","zakra_menu_active_style":"","zakra_page_header":true,"footnotes":""},"categories":[39],"tags":[],"class_list":["post-31728","post","type-post","status-publish","format-standard","has-post-thumbnail","hentry","category-aktualnosci"],"yoast_head":"<!-- This site is optimized with the Yoast SEO plugin v27.4 - https:\/\/yoast.com\/product\/yoast-seo-wordpress\/ -->\n<title>Szpital z potwierdzon\u0105 jako\u015bci\u0105 - certyfikat ISO 9001:2015 na kolejne lata - Wojew\u00f3dzki Szpital Specjalistyczny im. \u015aw. Rafa\u0142a w Czerwonej G\u00f3rze<\/title>\n<meta name=\"robots\" content=\"index, follow, max-snippet:-1, max-image-preview:large, max-video-preview:-1\" \/>\n<link rel=\"canonical\" href=\"https:\/\/czerwonagora.pl\/index.php\/2026\/04\/27\/szpital-z-potwierdzona-jakoscia-certyfikat-iso-90012015-na-kolejne-lata\/\" \/>\n<meta property=\"og:locale\" content=\"pl_PL\" \/>\n<meta property=\"og:type\" content=\"article\" \/>\n<meta property=\"og:title\" content=\"Szpital z potwierdzon\u0105 jako\u015bci\u0105 - certyfikat ISO 9001:2015 na kolejne lata - Wojew\u00f3dzki Szpital Specjalistyczny im. \u015aw. Rafa\u0142a w Czerwonej G\u00f3rze\" \/>\n<meta property=\"og:description\" content=\"Uzyskali\u015bmy certyfikat ISO 9001:2015 &#8211; potwierdzenie jako\u015bci, kt\u00f3r\u0105 wida\u0107 w praktyce W dniach 16-17 kwietnia 2026 roku w Wojew\u00f3dzkim Szpitalu Specjalistycznym im. \u015aw. Rafa\u0142a w Czerwonej G\u00f3rze przeprowadzony zosta\u0142 audyt certyfikuj\u0105cy System Zarz\u0105dzania Jako\u015bci\u0105 zgodny z wymaganiami normy PN-EN ISO 9001:2015. Audyt zosta\u0142 zrealizowany przez niezale\u017cn\u0105, akredytowan\u0105 jednostk\u0119 certyfikuj\u0105c\u0105. W jego wyniku Szpital uzyska\u0142 certyfikat [&hellip;]\" \/>\n<meta property=\"og:url\" content=\"https:\/\/czerwonagora.pl\/index.php\/2026\/04\/27\/szpital-z-potwierdzona-jakoscia-certyfikat-iso-90012015-na-kolejne-lata\/\" \/>\n<meta property=\"og:site_name\" content=\"Wojew\u00f3dzki Szpital Specjalistyczny im. \u015aw. Rafa\u0142a w Czerwonej G\u00f3rze\" \/>\n<meta property=\"article:publisher\" content=\"https:\/\/www.facebook.com\/SzpitalCzerwonaGora\/\" \/>\n<meta property=\"article:published_time\" content=\"2026-04-27T11:10:42+00:00\" \/>\n<meta property=\"article:modified_time\" content=\"2026-04-27T11:21:39+00:00\" \/>\n<meta property=\"og:image\" content=\"https:\/\/czerwonagora.pl\/wp-content\/uploads\/2026\/04\/27.04-2.png\" \/>\n\t<meta property=\"og:image:width\" content=\"1920\" \/>\n\t<meta property=\"og:image:height\" content=\"1080\" \/>\n\t<meta property=\"og:image:type\" content=\"image\/png\" \/>\n<meta name=\"author\" content=\"Patrycja Zi\u0119tek\" \/>\n<meta name=\"twitter:card\" content=\"summary_large_image\" \/>\n<meta name=\"twitter:label1\" content=\"Napisane przez\" \/>\n\t<meta name=\"twitter:data1\" content=\"Patrycja Zi\u0119tek\" \/>\n\t<meta name=\"twitter:label2\" content=\"Szacowany czas czytania\" \/>\n\t<meta name=\"twitter:data2\" content=\"2 minuty\" \/>\n<script type=\"application\/ld+json\" class=\"yoast-schema-graph\">{\"@context\":\"https:\\\/\\\/schema.org\",\"@graph\":[{\"@type\":\"Article\",\"@id\":\"https:\\\/\\\/czerwonagora.pl\\\/index.php\\\/2026\\\/04\\\/27\\\/szpital-z-potwierdzona-jakoscia-certyfikat-iso-90012015-na-kolejne-lata\\\/#article\",\"isPartOf\":{\"@id\":\"https:\\\/\\\/czerwonagora.pl\\\/index.php\\\/2026\\\/04\\\/27\\\/szpital-z-potwierdzona-jakoscia-certyfikat-iso-90012015-na-kolejne-lata\\\/\"},\"author\":{\"name\":\"Patrycja Zi\u0119tek\",\"@id\":\"https:\\\/\\\/czerwonagora.pl\\\/#\\\/schema\\\/person\\\/68d84252d4fcad4581a345fb7dbce5d7\"},\"headline\":\"Szpital z potwierdzon\u0105 jako\u015bci\u0105 &#8211; certyfikat ISO 9001:2015 na kolejne lata\",\"datePublished\":\"2026-04-27T11:10:42+00:00\",\"dateModified\":\"2026-04-27T11:21:39+00:00\",\"mainEntityOfPage\":{\"@id\":\"https:\\\/\\\/czerwonagora.pl\\\/index.php\\\/2026\\\/04\\\/27\\\/szpital-z-potwierdzona-jakoscia-certyfikat-iso-90012015-na-kolejne-lata\\\/\"},\"wordCount\":217,\"publisher\":{\"@id\":\"https:\\\/\\\/czerwonagora.pl\\\/#organization\"},\"image\":{\"@id\":\"https:\\\/\\\/czerwonagora.pl\\\/index.php\\\/2026\\\/04\\\/27\\\/szpital-z-potwierdzona-jakoscia-certyfikat-iso-90012015-na-kolejne-lata\\\/#primaryimage\"},\"thumbnailUrl\":\"https:\\\/\\\/czerwonagora.pl\\\/wp-content\\\/uploads\\\/2026\\\/04\\\/27.04-2.png\",\"articleSection\":[\"Aktualno\u015bci\"],\"inLanguage\":\"pl-PL\"},{\"@type\":\"WebPage\",\"@id\":\"https:\\\/\\\/czerwonagora.pl\\\/index.php\\\/2026\\\/04\\\/27\\\/szpital-z-potwierdzona-jakoscia-certyfikat-iso-90012015-na-kolejne-lata\\\/\",\"url\":\"https:\\\/\\\/czerwonagora.pl\\\/index.php\\\/2026\\\/04\\\/27\\\/szpital-z-potwierdzona-jakoscia-certyfikat-iso-90012015-na-kolejne-lata\\\/\",\"name\":\"Szpital z potwierdzon\u0105 jako\u015bci\u0105 - certyfikat ISO 9001:2015 na kolejne lata - Wojew\u00f3dzki Szpital Specjalistyczny im. \u015aw. Rafa\u0142a w Czerwonej G\u00f3rze\",\"isPartOf\":{\"@id\":\"https:\\\/\\\/czerwonagora.pl\\\/#website\"},\"primaryImageOfPage\":{\"@id\":\"https:\\\/\\\/czerwonagora.pl\\\/index.php\\\/2026\\\/04\\\/27\\\/szpital-z-potwierdzona-jakoscia-certyfikat-iso-90012015-na-kolejne-lata\\\/#primaryimage\"},\"image\":{\"@id\":\"https:\\\/\\\/czerwonagora.pl\\\/index.php\\\/2026\\\/04\\\/27\\\/szpital-z-potwierdzona-jakoscia-certyfikat-iso-90012015-na-kolejne-lata\\\/#primaryimage\"},\"thumbnailUrl\":\"https:\\\/\\\/czerwonagora.pl\\\/wp-content\\\/uploads\\\/2026\\\/04\\\/27.04-2.png\",\"datePublished\":\"2026-04-27T11:10:42+00:00\",\"dateModified\":\"2026-04-27T11:21:39+00:00\",\"breadcrumb\":{\"@id\":\"https:\\\/\\\/czerwonagora.pl\\\/index.php\\\/2026\\\/04\\\/27\\\/szpital-z-potwierdzona-jakoscia-certyfikat-iso-90012015-na-kolejne-lata\\\/#breadcrumb\"},\"inLanguage\":\"pl-PL\",\"potentialAction\":[{\"@type\":\"ReadAction\",\"target\":[\"https:\\\/\\\/czerwonagora.pl\\\/index.php\\\/2026\\\/04\\\/27\\\/szpital-z-potwierdzona-jakoscia-certyfikat-iso-90012015-na-kolejne-lata\\\/\"]}]},{\"@type\":\"ImageObject\",\"inLanguage\":\"pl-PL\",\"@id\":\"https:\\\/\\\/czerwonagora.pl\\\/index.php\\\/2026\\\/04\\\/27\\\/szpital-z-potwierdzona-jakoscia-certyfikat-iso-90012015-na-kolejne-lata\\\/#primaryimage\",\"url\":\"https:\\\/\\\/czerwonagora.pl\\\/wp-content\\\/uploads\\\/2026\\\/04\\\/27.04-2.png\",\"contentUrl\":\"https:\\\/\\\/czerwonagora.pl\\\/wp-content\\\/uploads\\\/2026\\\/04\\\/27.04-2.png\",\"width\":1920,\"height\":1080},{\"@type\":\"BreadcrumbList\",\"@id\":\"https:\\\/\\\/czerwonagora.pl\\\/index.php\\\/2026\\\/04\\\/27\\\/szpital-z-potwierdzona-jakoscia-certyfikat-iso-90012015-na-kolejne-lata\\\/#breadcrumb\",\"itemListElement\":[{\"@type\":\"ListItem\",\"position\":1,\"name\":\"Strona g\u0142\u00f3wna\",\"item\":\"https:\\\/\\\/czerwonagora.pl\\\/\"},{\"@type\":\"ListItem\",\"position\":2,\"name\":\"Szpital z potwierdzon\u0105 jako\u015bci\u0105 &#8211; certyfikat ISO 9001:2015 na kolejne lata\"}]},{\"@type\":\"WebSite\",\"@id\":\"https:\\\/\\\/czerwonagora.pl\\\/#website\",\"url\":\"https:\\\/\\\/czerwonagora.pl\\\/\",\"name\":\"Wojew\u00f3dzki Szpital Specjalistyczny im. \u015aw. Rafa\u0142a w Czerwonej G\u00f3rze\",\"description\":\"Wojew\u00f3dzki Szpital Specjalistyczny im. \u015aw. Rafa\u0142a w Czerwonej G\u00f3rze\",\"publisher\":{\"@id\":\"https:\\\/\\\/czerwonagora.pl\\\/#organization\"},\"potentialAction\":[{\"@type\":\"SearchAction\",\"target\":{\"@type\":\"EntryPoint\",\"urlTemplate\":\"https:\\\/\\\/czerwonagora.pl\\\/?s={search_term_string}\"},\"query-input\":{\"@type\":\"PropertyValueSpecification\",\"valueRequired\":true,\"valueName\":\"search_term_string\"}}],\"inLanguage\":\"pl-PL\"},{\"@type\":\"Organization\",\"@id\":\"https:\\\/\\\/czerwonagora.pl\\\/#organization\",\"name\":\"Wojew\u00f3dzki Szpital Specjalistyczny im. \u015aw. Rafa\u0142a w Czerwonej G\u00f3rze\",\"url\":\"https:\\\/\\\/czerwonagora.pl\\\/\",\"logo\":{\"@type\":\"ImageObject\",\"inLanguage\":\"pl-PL\",\"@id\":\"https:\\\/\\\/czerwonagora.pl\\\/#\\\/schema\\\/logo\\\/image\\\/\",\"url\":\"https:\\\/\\\/czerwonagora.pl\\\/wp-content\\\/uploads\\\/2021\\\/06\\\/Logo-WSS-DUZE-transparentne.png\",\"contentUrl\":\"https:\\\/\\\/czerwonagora.pl\\\/wp-content\\\/uploads\\\/2021\\\/06\\\/Logo-WSS-DUZE-transparentne.png\",\"width\":4210,\"height\":2975,\"caption\":\"Wojew\u00f3dzki Szpital Specjalistyczny im. \u015aw. Rafa\u0142a w Czerwonej G\u00f3rze\"},\"image\":{\"@id\":\"https:\\\/\\\/czerwonagora.pl\\\/#\\\/schema\\\/logo\\\/image\\\/\"},\"sameAs\":[\"https:\\\/\\\/www.facebook.com\\\/SzpitalCzerwonaGora\\\/\"]},{\"@type\":\"Person\",\"@id\":\"https:\\\/\\\/czerwonagora.pl\\\/#\\\/schema\\\/person\\\/68d84252d4fcad4581a345fb7dbce5d7\",\"name\":\"Patrycja Zi\u0119tek\",\"image\":{\"@type\":\"ImageObject\",\"inLanguage\":\"pl-PL\",\"@id\":\"https:\\\/\\\/czerwonagora.pl\\\/wp-content\\\/litespeed\\\/avatar\\\/5d5b287d5a466cd50ca0ba7c9a2e17bf.jpg?ver=1777049722\",\"url\":\"https:\\\/\\\/czerwonagora.pl\\\/wp-content\\\/litespeed\\\/avatar\\\/5d5b287d5a466cd50ca0ba7c9a2e17bf.jpg?ver=1777049722\",\"contentUrl\":\"https:\\\/\\\/czerwonagora.pl\\\/wp-content\\\/litespeed\\\/avatar\\\/5d5b287d5a466cd50ca0ba7c9a2e17bf.jpg?ver=1777049722\",\"caption\":\"Patrycja Zi\u0119tek\"},\"url\":\"https:\\\/\\\/czerwonagora.pl\\\/index.php\\\/author\\\/p-zietek\\\/\"}]}<\/script>\n<!-- \/ Yoast SEO plugin. -->","yoast_head_json":{"title":"Szpital z potwierdzon\u0105 jako\u015bci\u0105 - certyfikat ISO 9001:2015 na kolejne lata - Wojew\u00f3dzki Szpital Specjalistyczny im. \u015aw. Rafa\u0142a w Czerwonej G\u00f3rze","robots":{"index":"index","follow":"follow","max-snippet":"max-snippet:-1","max-image-preview":"max-image-preview:large","max-video-preview":"max-video-preview:-1"},"canonical":"https:\/\/czerwonagora.pl\/index.php\/2026\/04\/27\/szpital-z-potwierdzona-jakoscia-certyfikat-iso-90012015-na-kolejne-lata\/","og_locale":"pl_PL","og_type":"article","og_title":"Szpital z potwierdzon\u0105 jako\u015bci\u0105 - certyfikat ISO 9001:2015 na kolejne lata - Wojew\u00f3dzki Szpital Specjalistyczny im. \u015aw. Rafa\u0142a w Czerwonej G\u00f3rze","og_description":"Uzyskali\u015bmy certyfikat ISO 9001:2015 &#8211; potwierdzenie jako\u015bci, kt\u00f3r\u0105 wida\u0107 w praktyce W dniach 16-17 kwietnia 2026 roku w Wojew\u00f3dzkim Szpitalu Specjalistycznym im. \u015aw. Rafa\u0142a w Czerwonej G\u00f3rze przeprowadzony zosta\u0142 audyt certyfikuj\u0105cy System Zarz\u0105dzania Jako\u015bci\u0105 zgodny z wymaganiami normy PN-EN ISO 9001:2015. Audyt zosta\u0142 zrealizowany przez niezale\u017cn\u0105, akredytowan\u0105 jednostk\u0119 certyfikuj\u0105c\u0105. W jego wyniku Szpital uzyska\u0142 certyfikat [&hellip;]","og_url":"https:\/\/czerwonagora.pl\/index.php\/2026\/04\/27\/szpital-z-potwierdzona-jakoscia-certyfikat-iso-90012015-na-kolejne-lata\/","og_site_name":"Wojew\u00f3dzki Szpital Specjalistyczny im. \u015aw. Rafa\u0142a w Czerwonej G\u00f3rze","article_publisher":"https:\/\/www.facebook.com\/SzpitalCzerwonaGora\/","article_published_time":"2026-04-27T11:10:42+00:00","article_modified_time":"2026-04-27T11:21:39+00:00","og_image":[{"width":1920,"height":1080,"url":"https:\/\/czerwonagora.pl\/wp-content\/uploads\/2026\/04\/27.04-2.png","type":"image\/png"}],"author":"Patrycja Zi\u0119tek","twitter_card":"summary_large_image","twitter_misc":{"Napisane przez":"Patrycja Zi\u0119tek","Szacowany czas czytania":"2 minuty"},"schema":{"@context":"https:\/\/schema.org","@graph":[{"@type":"Article","@id":"https:\/\/czerwonagora.pl\/index.php\/2026\/04\/27\/szpital-z-potwierdzona-jakoscia-certyfikat-iso-90012015-na-kolejne-lata\/#article","isPartOf":{"@id":"https:\/\/czerwonagora.pl\/index.php\/2026\/04\/27\/szpital-z-potwierdzona-jakoscia-certyfikat-iso-90012015-na-kolejne-lata\/"},"author":{"name":"Patrycja Zi\u0119tek","@id":"https:\/\/czerwonagora.pl\/#\/schema\/person\/68d84252d4fcad4581a345fb7dbce5d7"},"headline":"Szpital z potwierdzon\u0105 jako\u015bci\u0105 &#8211; certyfikat ISO 9001:2015 na kolejne lata","datePublished":"2026-04-27T11:10:42+00:00","dateModified":"2026-04-27T11:21:39+00:00","mainEntityOfPage":{"@id":"https:\/\/czerwonagora.pl\/index.php\/2026\/04\/27\/szpital-z-potwierdzona-jakoscia-certyfikat-iso-90012015-na-kolejne-lata\/"},"wordCount":217,"publisher":{"@id":"https:\/\/czerwonagora.pl\/#organization"},"image":{"@id":"https:\/\/czerwonagora.pl\/index.php\/2026\/04\/27\/szpital-z-potwierdzona-jakoscia-certyfikat-iso-90012015-na-kolejne-lata\/#primaryimage"},"thumbnailUrl":"https:\/\/czerwonagora.pl\/wp-content\/uploads\/2026\/04\/27.04-2.png","articleSection":["Aktualno\u015bci"],"inLanguage":"pl-PL"},{"@type":"WebPage","@id":"https:\/\/czerwonagora.pl\/index.php\/2026\/04\/27\/szpital-z-potwierdzona-jakoscia-certyfikat-iso-90012015-na-kolejne-lata\/","url":"https:\/\/czerwonagora.pl\/index.php\/2026\/04\/27\/szpital-z-potwierdzona-jakoscia-certyfikat-iso-90012015-na-kolejne-lata\/","name":"Szpital z potwierdzon\u0105 jako\u015bci\u0105 - certyfikat ISO 9001:2015 na kolejne lata - Wojew\u00f3dzki Szpital Specjalistyczny im. \u015aw. Rafa\u0142a w Czerwonej G\u00f3rze","isPartOf":{"@id":"https:\/\/czerwonagora.pl\/#website"},"primaryImageOfPage":{"@id":"https:\/\/czerwonagora.pl\/index.php\/2026\/04\/27\/szpital-z-potwierdzona-jakoscia-certyfikat-iso-90012015-na-kolejne-lata\/#primaryimage"},"image":{"@id":"https:\/\/czerwonagora.pl\/index.php\/2026\/04\/27\/szpital-z-potwierdzona-jakoscia-certyfikat-iso-90012015-na-kolejne-lata\/#primaryimage"},"thumbnailUrl":"https:\/\/czerwonagora.pl\/wp-content\/uploads\/2026\/04\/27.04-2.png","datePublished":"2026-04-27T11:10:42+00:00","dateModified":"2026-04-27T11:21:39+00:00","breadcrumb":{"@id":"https:\/\/czerwonagora.pl\/index.php\/2026\/04\/27\/szpital-z-potwierdzona-jakoscia-certyfikat-iso-90012015-na-kolejne-lata\/#breadcrumb"},"inLanguage":"pl-PL","potentialAction":[{"@type":"ReadAction","target":["https:\/\/czerwonagora.pl\/index.php\/2026\/04\/27\/szpital-z-potwierdzona-jakoscia-certyfikat-iso-90012015-na-kolejne-lata\/"]}]},{"@type":"ImageObject","inLanguage":"pl-PL","@id":"https:\/\/czerwonagora.pl\/index.php\/2026\/04\/27\/szpital-z-potwierdzona-jakoscia-certyfikat-iso-90012015-na-kolejne-lata\/#primaryimage","url":"https:\/\/czerwonagora.pl\/wp-content\/uploads\/2026\/04\/27.04-2.png","contentUrl":"https:\/\/czerwonagora.pl\/wp-content\/uploads\/2026\/04\/27.04-2.png","width":1920,"height":1080},{"@type":"BreadcrumbList","@id":"https:\/\/czerwonagora.pl\/index.php\/2026\/04\/27\/szpital-z-potwierdzona-jakoscia-certyfikat-iso-90012015-na-kolejne-lata\/#breadcrumb","itemListElement":[{"@type":"ListItem","position":1,"name":"Strona g\u0142\u00f3wna","item":"https:\/\/czerwonagora.pl\/"},{"@type":"ListItem","position":2,"name":"Szpital z potwierdzon\u0105 jako\u015bci\u0105 &#8211; certyfikat ISO 9001:2015 na kolejne lata"}]},{"@type":"WebSite","@id":"https:\/\/czerwonagora.pl\/#website","url":"https:\/\/czerwonagora.pl\/","name":"Wojew\u00f3dzki Szpital Specjalistyczny im. \u015aw. Rafa\u0142a w Czerwonej G\u00f3rze","description":"Wojew\u00f3dzki Szpital Specjalistyczny im. \u015aw. Rafa\u0142a w Czerwonej G\u00f3rze","publisher":{"@id":"https:\/\/czerwonagora.pl\/#organization"},"potentialAction":[{"@type":"SearchAction","target":{"@type":"EntryPoint","urlTemplate":"https:\/\/czerwonagora.pl\/?s={search_term_string}"},"query-input":{"@type":"PropertyValueSpecification","valueRequired":true,"valueName":"search_term_string"}}],"inLanguage":"pl-PL"},{"@type":"Organization","@id":"https:\/\/czerwonagora.pl\/#organization","name":"Wojew\u00f3dzki Szpital Specjalistyczny im. \u015aw. Rafa\u0142a w Czerwonej G\u00f3rze","url":"https:\/\/czerwonagora.pl\/","logo":{"@type":"ImageObject","inLanguage":"pl-PL","@id":"https:\/\/czerwonagora.pl\/#\/schema\/logo\/image\/","url":"https:\/\/czerwonagora.pl\/wp-content\/uploads\/2021\/06\/Logo-WSS-DUZE-transparentne.png","contentUrl":"https:\/\/czerwonagora.pl\/wp-content\/uploads\/2021\/06\/Logo-WSS-DUZE-transparentne.png","width":4210,"height":2975,"caption":"Wojew\u00f3dzki Szpital Specjalistyczny im. \u015aw. Rafa\u0142a w Czerwonej G\u00f3rze"},"image":{"@id":"https:\/\/czerwonagora.pl\/#\/schema\/logo\/image\/"},"sameAs":["https:\/\/www.facebook.com\/SzpitalCzerwonaGora\/"]},{"@type":"Person","@id":"https:\/\/czerwonagora.pl\/#\/schema\/person\/68d84252d4fcad4581a345fb7dbce5d7","name":"Patrycja Zi\u0119tek","image":{"@type":"ImageObject","inLanguage":"pl-PL","@id":"https:\/\/czerwonagora.pl\/wp-content\/litespeed\/avatar\/5d5b287d5a466cd50ca0ba7c9a2e17bf.jpg?ver=1777049722","url":"https:\/\/czerwonagora.pl\/wp-content\/litespeed\/avatar\/5d5b287d5a466cd50ca0ba7c9a2e17bf.jpg?ver=1777049722","contentUrl":"https:\/\/czerwonagora.pl\/wp-content\/litespeed\/avatar\/5d5b287d5a466cd50ca0ba7c9a2e17bf.jpg?ver=1777049722","caption":"Patrycja Zi\u0119tek"},"url":"https:\/\/czerwonagora.pl\/index.php\/author\/p-zietek\/"}]}},"publishpress_future_action":{"enabled":false,"date":"2026-05-04 16:18:30","action":"change-status","newStatus":"draft","terms":[],"taxonomy":"category","extraData":[]},"publishpress_future_workflow_manual_trigger":{"enabledWorkflows":[]},"_links":{"self":[{"href":"https:\/\/czerwonagora.pl\/index.php\/wp-json\/wp\/v2\/posts\/31728","targetHints":{"allow":["GET"]}}],"collection":[{"href":"https:\/\/czerwonagora.pl\/index.php\/wp-json\/wp\/v2\/posts"}],"about":[{"href":"https:\/\/czerwonagora.pl\/index.php\/wp-json\/wp\/v2\/types\/post"}],"author":[{"embeddable":true,"href":"https:\/\/czerwonagora.pl\/index.php\/wp-json\/wp\/v2\/users\/13"}],"replies":[{"embeddable":true,"href":"https:\/\/czerwonagora.pl\/index.php\/wp-json\/wp\/v2\/comments?post=31728"}],"version-history":[{"count":6,"href":"https:\/\/czerwonagora.pl\/index.php\/wp-json\/wp\/v2\/posts\/31728\/revisions"}],"predecessor-version":[{"id":31736,"href":"https:\/\/czerwonagora.pl\/index.php\/wp-json\/wp\/v2\/posts\/31728\/revisions\/31736"}],"wp:featuredmedia":[{"embeddable":true,"href":"https:\/\/czerwonagora.pl\/index.php\/wp-json\/wp\/v2\/media\/31729"}],"wp:attachment":[{"href":"https:\/\/czerwonagora.pl\/index.php\/wp-json\/wp\/v2\/media?parent=31728"}],"wp:term":[{"taxonomy":"category","embeddable":true,"href":"https:\/\/czerwonagora.pl\/index.php\/wp-json\/wp\/v2\/categories?post=31728"},{"taxonomy":"post_tag","embeddable":true,"href":"https:\/\/czerwonagora.pl\/index.php\/wp-json\/wp\/v2\/tags?post=31728"}],"curies":[{"name":"wp","href":"https:\/\/api.w.org\/{rel}","templated":true}]}}