{"id":31786,"date":"2026-04-29T09:20:00","date_gmt":"2026-04-29T07:20:00","guid":{"rendered":"https:\/\/czerwonagora.pl\/?p=31786"},"modified":"2026-04-30T09:18:38","modified_gmt":"2026-04-30T07:18:38","slug":"swiatowy-dzien-immunologii","status":"publish","type":"post","link":"https:\/\/czerwonagora.pl\/index.php\/2026\/04\/29\/swiatowy-dzien-immunologii\/","title":{"rendered":"\u015awiatowy Dzie\u0144 Immunologii"},"content":{"rendered":"\t\t<div data-elementor-type=\"wp-post\" data-elementor-id=\"31786\" class=\"elementor elementor-31786\">\n\t\t\t\t\t\t<section class=\"elementor-section elementor-top-section elementor-element elementor-element-cc073df elementor-section-boxed elementor-section-height-default elementor-section-height-default\" data-id=\"cc073df\" data-element_type=\"section\" data-e-type=\"section\">\n\t\t\t\t\t\t<div class=\"elementor-container elementor-column-gap-default\">\n\t\t\t\t\t<div class=\"elementor-column elementor-col-100 elementor-top-column elementor-element elementor-element-06ce1c3\" data-id=\"06ce1c3\" data-element_type=\"column\" data-e-type=\"column\">\n\t\t\t<div class=\"elementor-widget-wrap elementor-element-populated\">\n\t\t\t\t\t\t<div class=\"elementor-element elementor-element-42eb64e elementor-widget elementor-widget-text-editor\" data-id=\"42eb64e\" data-element_type=\"widget\" data-e-type=\"widget\" data-widget_type=\"text-editor.default\">\n\t\t\t\t<div class=\"elementor-widget-container\">\n\t\t\t\t\t\t\t\t\t<h4><b>\u015awiatowy Dzie\u0144 Immunologii<\/b><\/h4><p>29 kwietnia obchodzimy \u015awiatowy Dzie\u0144 Immunologii. To coroczne \u015bwi\u0119to ustanowione przez Europejsk\u0105 Federacj\u0119 Towarzystw Immunologicznych, kt\u00f3rego celem jest szerzenie wiedzy o uk\u0142adzie odporno\u015bciowym i schorzeniach, kt\u00f3re wynikaj\u0105 z jego nieprawid\u0142owego dzia\u0142ania.<\/p><h4><strong>Uk\u0142ad odporno\u015bciowy &#8211; czym jest i kiedy zawodzi?<\/strong><\/h4><p>Uk\u0142ad odporno\u015bciowy to najbardziej z\u0142o\u017cony system obronny organizmu. Jego zadaniem jest rozpoznawanie i neutralizowanie patogen\u00f3w, takich jak wirusy, bakterie i grzyby, a tak\u017ce eliminowanie kom\u00f3rek nowotworowych. Gdy dzia\u0142a prawid\u0142owo, pozostaje niezauwa\u017cony. Problemy zaczynaj\u0105 si\u0119 wtedy, gdy jest zbyt s\u0142aby, zbyt aktywny lub zaczyna atakowa\u0107 w\u0142asne tkanki organizmu.<\/p><p>W tym ostatnim przypadku m\u00f3wimy o chorobach autoimmunologicznych. Nale\u017c\u0105 do nich reumatoidalne zapalenie staw\u00f3w, tocze\u0144 uk\u0142adowy, twardzina, zapalenia mi\u0119\u015bni czy zesztywniaj\u0105ce zapalenie staw\u00f3w kr\u0119gos\u0142upa. Szacuje si\u0119, \u017ce choroby autoimmunologiczne dotykaj\u0105 oko\u0142o 5-8% populacji, a wi\u0119kszo\u015b\u0107 z nich diagnozowana jest z kilkuletnim op\u00f3\u017anieniem.<\/p><h4><strong>Kiedy warto zg\u0142osi\u0107 si\u0119 do specjalisty?<\/strong><\/h4><p>Do konsultacji z immunologiem klinicznym lub reumatologiem powinny sk\u0142oni\u0107 przede wszystkim: nawracaj\u0105ce infekcje, przewlek\u0142e zm\u0119czenie bez uchwytnej przyczyny, b\u00f3le i obrz\u0119ki staw\u00f3w, wysypki sk\u00f3rne o niejasnym pod\u0142o\u017cu, a tak\u017ce nieprawid\u0142owe wyniki bada\u0144 laboratoryjnych wskazuj\u0105ce na zaburzenia uk\u0142adu odporno\u015bciowego. Wczesna diagnoza w chorobach immunologicznych ma bezpo\u015bredni wp\u0142yw na skuteczno\u015b\u0107 leczenia i jako\u015b\u0107 \u017cycia pacjenta.<\/p><p>Oddzia\u0142 V Chor\u00f3b Wewn\u0119trznych, Reumatologii, Immunologii Klinicznej i Zaburze\u0144 Metabolicznych WSS im. \u015aw. Rafa\u0142a w Czerwonej G\u00f3rze<\/p><p>Kompleksow\u0105 diagnostyk\u0119 i leczenie schorze\u0144 immunologicznych prowadzi \u00a0w naszym szpitalu Oddzia\u0142 V Chor\u00f3b Wewn\u0119trznych, Reumatologii, Immunologii Klinicznej i Zaburze\u0144 Metabolicznych, zlokalizowany w Budynku A1 na III pi\u0119trze szpitala. Oddzia\u0142 oferuje r\u00f3wnie\u017c diagnostyk\u0119 i leczenie uk\u0142adu kr\u0105\u017cenia, uk\u0142adu oddechowego, uk\u0142adu pokarmowego, nerek i dr\u00f3g moczowych, uk\u0142adu krwiotw\u00f3rczego, zaburze\u0144 metabolicznych oraz gospodarki w\u0119glowodanowej (oty\u0142o\u015bci, cukrzycy).\u00a0<span style=\"font-style: inherit; font-weight: inherit; letter-spacing: 0.01em;\">Oddzia\u0142 V prowadzi r\u00f3wnie\u017c \u00a0diagnostyk\u0119 i leczenie chor\u00f3b reumatycznych.<\/span><\/p><p>Kadr\u0119 oddzia\u0142u stanowi\u0105 do\u015bwiadczeni lekarze specjali\u015bci w zakresie chor\u00f3b wewn\u0119trznych, reumatologii, diabetologii, hematologii oraz immunologii klinicznej. Oddzia\u0142em kieruje dr n.med. Agnieszka Stelmach-Go\u0142dy\u015b.<\/p><p>W strukturach Oddzia\u0142u V funkcjonuje r\u00f3wnie\u017c Pracownia Bada\u0144 Uk\u0142adu Kr\u0105\u017cenia.<\/p>\t\t\t\t\t\t\t\t<\/div>\n\t\t\t\t<\/div>\n\t\t\t\t\t<\/div>\n\t\t<\/div>\n\t\t\t\t\t<\/div>\n\t\t<\/section>\n\t\t\t\t<\/div>\n\t\t","protected":false},"excerpt":{"rendered":"<p>\u015awiatowy Dzie\u0144 Immunologii 29 kwietnia obchodzimy \u015awiatowy Dzie\u0144 Immunologii. To coroczne \u015bwi\u0119to ustanowione przez Europejsk\u0105 Federacj\u0119 Towarzystw Immunologicznych, kt\u00f3rego celem jest szerzenie wiedzy o uk\u0142adzie odporno\u015bciowym i schorzeniach, kt\u00f3re wynikaj\u0105 z jego nieprawid\u0142owego dzia\u0142ania. Uk\u0142ad odporno\u015bciowy &#8211; czym jest i kiedy zawodzi? Uk\u0142ad odporno\u015bciowy to najbardziej z\u0142o\u017cony system obronny organizmu. Jego zadaniem jest rozpoznawanie i [&hellip;]<\/p>\n","protected":false},"author":12,"featured_media":31791,"comment_status":"closed","ping_status":"closed","sticky":false,"template":"","format":"standard","meta":{"zakra_page_container_layout":"customizer","zakra_page_sidebar_layout":"customizer","zakra_remove_content_margin":false,"zakra_sidebar":"customizer","zakra_transparent_header":"customizer","zakra_logo":0,"zakra_main_header_style":"default","zakra_menu_item_color":"","zakra_menu_item_hover_color":"","zakra_menu_item_active_color":"","zakra_menu_active_style":"","zakra_page_header":true,"footnotes":""},"categories":[39],"tags":[],"class_list":["post-31786","post","type-post","status-publish","format-standard","has-post-thumbnail","hentry","category-aktualnosci"],"yoast_head":"<!-- This site is optimized with the Yoast SEO plugin v27.4 - https:\/\/yoast.com\/product\/yoast-seo-wordpress\/ -->\n<title>\u015awiatowy Dzie\u0144 Immunologii - Wojew\u00f3dzki Szpital Specjalistyczny im. \u015aw. Rafa\u0142a w Czerwonej G\u00f3rze<\/title>\n<meta name=\"robots\" content=\"index, follow, max-snippet:-1, max-image-preview:large, max-video-preview:-1\" \/>\n<link rel=\"canonical\" href=\"https:\/\/czerwonagora.pl\/index.php\/2026\/04\/29\/swiatowy-dzien-immunologii\/\" \/>\n<meta property=\"og:locale\" content=\"pl_PL\" \/>\n<meta property=\"og:type\" content=\"article\" \/>\n<meta property=\"og:title\" content=\"\u015awiatowy Dzie\u0144 Immunologii - Wojew\u00f3dzki Szpital Specjalistyczny im. \u015aw. Rafa\u0142a w Czerwonej G\u00f3rze\" \/>\n<meta property=\"og:description\" content=\"\u015awiatowy Dzie\u0144 Immunologii 29 kwietnia obchodzimy \u015awiatowy Dzie\u0144 Immunologii. To coroczne \u015bwi\u0119to ustanowione przez Europejsk\u0105 Federacj\u0119 Towarzystw Immunologicznych, kt\u00f3rego celem jest szerzenie wiedzy o uk\u0142adzie odporno\u015bciowym i schorzeniach, kt\u00f3re wynikaj\u0105 z jego nieprawid\u0142owego dzia\u0142ania. Uk\u0142ad odporno\u015bciowy &#8211; czym jest i kiedy zawodzi? Uk\u0142ad odporno\u015bciowy to najbardziej z\u0142o\u017cony system obronny organizmu. Jego zadaniem jest rozpoznawanie i [&hellip;]\" \/>\n<meta property=\"og:url\" content=\"https:\/\/czerwonagora.pl\/index.php\/2026\/04\/29\/swiatowy-dzien-immunologii\/\" \/>\n<meta property=\"og:site_name\" content=\"Wojew\u00f3dzki Szpital Specjalistyczny im. \u015aw. Rafa\u0142a w Czerwonej G\u00f3rze\" \/>\n<meta property=\"article:publisher\" content=\"https:\/\/www.facebook.com\/SzpitalCzerwonaGora\/\" \/>\n<meta property=\"article:published_time\" content=\"2026-04-29T07:20:00+00:00\" \/>\n<meta property=\"article:modified_time\" content=\"2026-04-30T07:18:38+00:00\" \/>\n<meta property=\"og:image\" content=\"https:\/\/czerwonagora.pl\/wp-content\/uploads\/2026\/04\/dzien_immunologii.jpeg\" \/>\n\t<meta property=\"og:image:width\" content=\"1600\" \/>\n\t<meta property=\"og:image:height\" content=\"900\" \/>\n\t<meta property=\"og:image:type\" content=\"image\/jpeg\" \/>\n<meta name=\"author\" content=\"Miko\u0142aj Miko\u0142ajczyk\" \/>\n<meta name=\"twitter:card\" content=\"summary_large_image\" \/>\n<meta name=\"twitter:label1\" content=\"Napisane przez\" \/>\n\t<meta name=\"twitter:data1\" content=\"Miko\u0142aj Miko\u0142ajczyk\" \/>\n\t<meta name=\"twitter:label2\" content=\"Szacowany czas czytania\" \/>\n\t<meta name=\"twitter:data2\" content=\"3 minuty\" \/>\n<script type=\"application\/ld+json\" class=\"yoast-schema-graph\">{\"@context\":\"https:\\\/\\\/schema.org\",\"@graph\":[{\"@type\":\"Article\",\"@id\":\"https:\\\/\\\/czerwonagora.pl\\\/index.php\\\/2026\\\/04\\\/29\\\/swiatowy-dzien-immunologii\\\/#article\",\"isPartOf\":{\"@id\":\"https:\\\/\\\/czerwonagora.pl\\\/index.php\\\/2026\\\/04\\\/29\\\/swiatowy-dzien-immunologii\\\/\"},\"author\":{\"name\":\"Miko\u0142aj Miko\u0142ajczyk\",\"@id\":\"https:\\\/\\\/czerwonagora.pl\\\/#\\\/schema\\\/person\\\/4a2cd8ea4e10435b2c65e0c6e9f4738b\"},\"headline\":\"\u015awiatowy Dzie\u0144 Immunologii\",\"datePublished\":\"2026-04-29T07:20:00+00:00\",\"dateModified\":\"2026-04-30T07:18:38+00:00\",\"mainEntityOfPage\":{\"@id\":\"https:\\\/\\\/czerwonagora.pl\\\/index.php\\\/2026\\\/04\\\/29\\\/swiatowy-dzien-immunologii\\\/\"},\"wordCount\":385,\"publisher\":{\"@id\":\"https:\\\/\\\/czerwonagora.pl\\\/#organization\"},\"image\":{\"@id\":\"https:\\\/\\\/czerwonagora.pl\\\/index.php\\\/2026\\\/04\\\/29\\\/swiatowy-dzien-immunologii\\\/#primaryimage\"},\"thumbnailUrl\":\"https:\\\/\\\/czerwonagora.pl\\\/wp-content\\\/uploads\\\/2026\\\/04\\\/dzien_immunologii.jpeg\",\"articleSection\":[\"Aktualno\u015bci\"],\"inLanguage\":\"pl-PL\"},{\"@type\":\"WebPage\",\"@id\":\"https:\\\/\\\/czerwonagora.pl\\\/index.php\\\/2026\\\/04\\\/29\\\/swiatowy-dzien-immunologii\\\/\",\"url\":\"https:\\\/\\\/czerwonagora.pl\\\/index.php\\\/2026\\\/04\\\/29\\\/swiatowy-dzien-immunologii\\\/\",\"name\":\"\u015awiatowy Dzie\u0144 Immunologii - Wojew\u00f3dzki Szpital Specjalistyczny im. \u015aw. Rafa\u0142a w Czerwonej G\u00f3rze\",\"isPartOf\":{\"@id\":\"https:\\\/\\\/czerwonagora.pl\\\/#website\"},\"primaryImageOfPage\":{\"@id\":\"https:\\\/\\\/czerwonagora.pl\\\/index.php\\\/2026\\\/04\\\/29\\\/swiatowy-dzien-immunologii\\\/#primaryimage\"},\"image\":{\"@id\":\"https:\\\/\\\/czerwonagora.pl\\\/index.php\\\/2026\\\/04\\\/29\\\/swiatowy-dzien-immunologii\\\/#primaryimage\"},\"thumbnailUrl\":\"https:\\\/\\\/czerwonagora.pl\\\/wp-content\\\/uploads\\\/2026\\\/04\\\/dzien_immunologii.jpeg\",\"datePublished\":\"2026-04-29T07:20:00+00:00\",\"dateModified\":\"2026-04-30T07:18:38+00:00\",\"breadcrumb\":{\"@id\":\"https:\\\/\\\/czerwonagora.pl\\\/index.php\\\/2026\\\/04\\\/29\\\/swiatowy-dzien-immunologii\\\/#breadcrumb\"},\"inLanguage\":\"pl-PL\",\"potentialAction\":[{\"@type\":\"ReadAction\",\"target\":[\"https:\\\/\\\/czerwonagora.pl\\\/index.php\\\/2026\\\/04\\\/29\\\/swiatowy-dzien-immunologii\\\/\"]}]},{\"@type\":\"ImageObject\",\"inLanguage\":\"pl-PL\",\"@id\":\"https:\\\/\\\/czerwonagora.pl\\\/index.php\\\/2026\\\/04\\\/29\\\/swiatowy-dzien-immunologii\\\/#primaryimage\",\"url\":\"https:\\\/\\\/czerwonagora.pl\\\/wp-content\\\/uploads\\\/2026\\\/04\\\/dzien_immunologii.jpeg\",\"contentUrl\":\"https:\\\/\\\/czerwonagora.pl\\\/wp-content\\\/uploads\\\/2026\\\/04\\\/dzien_immunologii.jpeg\",\"width\":1600,\"height\":900},{\"@type\":\"BreadcrumbList\",\"@id\":\"https:\\\/\\\/czerwonagora.pl\\\/index.php\\\/2026\\\/04\\\/29\\\/swiatowy-dzien-immunologii\\\/#breadcrumb\",\"itemListElement\":[{\"@type\":\"ListItem\",\"position\":1,\"name\":\"Strona g\u0142\u00f3wna\",\"item\":\"https:\\\/\\\/czerwonagora.pl\\\/\"},{\"@type\":\"ListItem\",\"position\":2,\"name\":\"\u015awiatowy Dzie\u0144 Immunologii\"}]},{\"@type\":\"WebSite\",\"@id\":\"https:\\\/\\\/czerwonagora.pl\\\/#website\",\"url\":\"https:\\\/\\\/czerwonagora.pl\\\/\",\"name\":\"Wojew\u00f3dzki Szpital Specjalistyczny im. \u015aw. Rafa\u0142a w Czerwonej G\u00f3rze\",\"description\":\"Wojew\u00f3dzki Szpital Specjalistyczny im. \u015aw. Rafa\u0142a w Czerwonej G\u00f3rze\",\"publisher\":{\"@id\":\"https:\\\/\\\/czerwonagora.pl\\\/#organization\"},\"potentialAction\":[{\"@type\":\"SearchAction\",\"target\":{\"@type\":\"EntryPoint\",\"urlTemplate\":\"https:\\\/\\\/czerwonagora.pl\\\/?s={search_term_string}\"},\"query-input\":{\"@type\":\"PropertyValueSpecification\",\"valueRequired\":true,\"valueName\":\"search_term_string\"}}],\"inLanguage\":\"pl-PL\"},{\"@type\":\"Organization\",\"@id\":\"https:\\\/\\\/czerwonagora.pl\\\/#organization\",\"name\":\"Wojew\u00f3dzki Szpital Specjalistyczny im. \u015aw. Rafa\u0142a w Czerwonej G\u00f3rze\",\"url\":\"https:\\\/\\\/czerwonagora.pl\\\/\",\"logo\":{\"@type\":\"ImageObject\",\"inLanguage\":\"pl-PL\",\"@id\":\"https:\\\/\\\/czerwonagora.pl\\\/#\\\/schema\\\/logo\\\/image\\\/\",\"url\":\"https:\\\/\\\/czerwonagora.pl\\\/wp-content\\\/uploads\\\/2021\\\/06\\\/Logo-WSS-DUZE-transparentne.png\",\"contentUrl\":\"https:\\\/\\\/czerwonagora.pl\\\/wp-content\\\/uploads\\\/2021\\\/06\\\/Logo-WSS-DUZE-transparentne.png\",\"width\":4210,\"height\":2975,\"caption\":\"Wojew\u00f3dzki Szpital Specjalistyczny im. \u015aw. Rafa\u0142a w Czerwonej G\u00f3rze\"},\"image\":{\"@id\":\"https:\\\/\\\/czerwonagora.pl\\\/#\\\/schema\\\/logo\\\/image\\\/\"},\"sameAs\":[\"https:\\\/\\\/www.facebook.com\\\/SzpitalCzerwonaGora\\\/\"]},{\"@type\":\"Person\",\"@id\":\"https:\\\/\\\/czerwonagora.pl\\\/#\\\/schema\\\/person\\\/4a2cd8ea4e10435b2c65e0c6e9f4738b\",\"name\":\"Miko\u0142aj Miko\u0142ajczyk\",\"image\":{\"@type\":\"ImageObject\",\"inLanguage\":\"pl-PL\",\"@id\":\"https:\\\/\\\/czerwonagora.pl\\\/wp-content\\\/litespeed\\\/avatar\\\/48ed4d719e5e64e3df35aeef2956d77c.jpg?ver=1777379096\",\"url\":\"https:\\\/\\\/czerwonagora.pl\\\/wp-content\\\/litespeed\\\/avatar\\\/48ed4d719e5e64e3df35aeef2956d77c.jpg?ver=1777379096\",\"contentUrl\":\"https:\\\/\\\/czerwonagora.pl\\\/wp-content\\\/litespeed\\\/avatar\\\/48ed4d719e5e64e3df35aeef2956d77c.jpg?ver=1777379096\",\"caption\":\"Miko\u0142aj Miko\u0142ajczyk\"},\"url\":\"https:\\\/\\\/czerwonagora.pl\\\/index.php\\\/author\\\/mikolajczyk\\\/\"}]}<\/script>\n<!-- \/ Yoast SEO plugin. -->","yoast_head_json":{"title":"\u015awiatowy Dzie\u0144 Immunologii - Wojew\u00f3dzki Szpital Specjalistyczny im. \u015aw. Rafa\u0142a w Czerwonej G\u00f3rze","robots":{"index":"index","follow":"follow","max-snippet":"max-snippet:-1","max-image-preview":"max-image-preview:large","max-video-preview":"max-video-preview:-1"},"canonical":"https:\/\/czerwonagora.pl\/index.php\/2026\/04\/29\/swiatowy-dzien-immunologii\/","og_locale":"pl_PL","og_type":"article","og_title":"\u015awiatowy Dzie\u0144 Immunologii - Wojew\u00f3dzki Szpital Specjalistyczny im. \u015aw. Rafa\u0142a w Czerwonej G\u00f3rze","og_description":"\u015awiatowy Dzie\u0144 Immunologii 29 kwietnia obchodzimy \u015awiatowy Dzie\u0144 Immunologii. To coroczne \u015bwi\u0119to ustanowione przez Europejsk\u0105 Federacj\u0119 Towarzystw Immunologicznych, kt\u00f3rego celem jest szerzenie wiedzy o uk\u0142adzie odporno\u015bciowym i schorzeniach, kt\u00f3re wynikaj\u0105 z jego nieprawid\u0142owego dzia\u0142ania. Uk\u0142ad odporno\u015bciowy &#8211; czym jest i kiedy zawodzi? Uk\u0142ad odporno\u015bciowy to najbardziej z\u0142o\u017cony system obronny organizmu. Jego zadaniem jest rozpoznawanie i [&hellip;]","og_url":"https:\/\/czerwonagora.pl\/index.php\/2026\/04\/29\/swiatowy-dzien-immunologii\/","og_site_name":"Wojew\u00f3dzki Szpital Specjalistyczny im. \u015aw. Rafa\u0142a w Czerwonej G\u00f3rze","article_publisher":"https:\/\/www.facebook.com\/SzpitalCzerwonaGora\/","article_published_time":"2026-04-29T07:20:00+00:00","article_modified_time":"2026-04-30T07:18:38+00:00","og_image":[{"width":1600,"height":900,"url":"https:\/\/czerwonagora.pl\/wp-content\/uploads\/2026\/04\/dzien_immunologii.jpeg","type":"image\/jpeg"}],"author":"Miko\u0142aj Miko\u0142ajczyk","twitter_card":"summary_large_image","twitter_misc":{"Napisane przez":"Miko\u0142aj Miko\u0142ajczyk","Szacowany czas czytania":"3 minuty"},"schema":{"@context":"https:\/\/schema.org","@graph":[{"@type":"Article","@id":"https:\/\/czerwonagora.pl\/index.php\/2026\/04\/29\/swiatowy-dzien-immunologii\/#article","isPartOf":{"@id":"https:\/\/czerwonagora.pl\/index.php\/2026\/04\/29\/swiatowy-dzien-immunologii\/"},"author":{"name":"Miko\u0142aj Miko\u0142ajczyk","@id":"https:\/\/czerwonagora.pl\/#\/schema\/person\/4a2cd8ea4e10435b2c65e0c6e9f4738b"},"headline":"\u015awiatowy Dzie\u0144 Immunologii","datePublished":"2026-04-29T07:20:00+00:00","dateModified":"2026-04-30T07:18:38+00:00","mainEntityOfPage":{"@id":"https:\/\/czerwonagora.pl\/index.php\/2026\/04\/29\/swiatowy-dzien-immunologii\/"},"wordCount":385,"publisher":{"@id":"https:\/\/czerwonagora.pl\/#organization"},"image":{"@id":"https:\/\/czerwonagora.pl\/index.php\/2026\/04\/29\/swiatowy-dzien-immunologii\/#primaryimage"},"thumbnailUrl":"https:\/\/czerwonagora.pl\/wp-content\/uploads\/2026\/04\/dzien_immunologii.jpeg","articleSection":["Aktualno\u015bci"],"inLanguage":"pl-PL"},{"@type":"WebPage","@id":"https:\/\/czerwonagora.pl\/index.php\/2026\/04\/29\/swiatowy-dzien-immunologii\/","url":"https:\/\/czerwonagora.pl\/index.php\/2026\/04\/29\/swiatowy-dzien-immunologii\/","name":"\u015awiatowy Dzie\u0144 Immunologii - Wojew\u00f3dzki Szpital Specjalistyczny im. \u015aw. Rafa\u0142a w Czerwonej G\u00f3rze","isPartOf":{"@id":"https:\/\/czerwonagora.pl\/#website"},"primaryImageOfPage":{"@id":"https:\/\/czerwonagora.pl\/index.php\/2026\/04\/29\/swiatowy-dzien-immunologii\/#primaryimage"},"image":{"@id":"https:\/\/czerwonagora.pl\/index.php\/2026\/04\/29\/swiatowy-dzien-immunologii\/#primaryimage"},"thumbnailUrl":"https:\/\/czerwonagora.pl\/wp-content\/uploads\/2026\/04\/dzien_immunologii.jpeg","datePublished":"2026-04-29T07:20:00+00:00","dateModified":"2026-04-30T07:18:38+00:00","breadcrumb":{"@id":"https:\/\/czerwonagora.pl\/index.php\/2026\/04\/29\/swiatowy-dzien-immunologii\/#breadcrumb"},"inLanguage":"pl-PL","potentialAction":[{"@type":"ReadAction","target":["https:\/\/czerwonagora.pl\/index.php\/2026\/04\/29\/swiatowy-dzien-immunologii\/"]}]},{"@type":"ImageObject","inLanguage":"pl-PL","@id":"https:\/\/czerwonagora.pl\/index.php\/2026\/04\/29\/swiatowy-dzien-immunologii\/#primaryimage","url":"https:\/\/czerwonagora.pl\/wp-content\/uploads\/2026\/04\/dzien_immunologii.jpeg","contentUrl":"https:\/\/czerwonagora.pl\/wp-content\/uploads\/2026\/04\/dzien_immunologii.jpeg","width":1600,"height":900},{"@type":"BreadcrumbList","@id":"https:\/\/czerwonagora.pl\/index.php\/2026\/04\/29\/swiatowy-dzien-immunologii\/#breadcrumb","itemListElement":[{"@type":"ListItem","position":1,"name":"Strona g\u0142\u00f3wna","item":"https:\/\/czerwonagora.pl\/"},{"@type":"ListItem","position":2,"name":"\u015awiatowy Dzie\u0144 Immunologii"}]},{"@type":"WebSite","@id":"https:\/\/czerwonagora.pl\/#website","url":"https:\/\/czerwonagora.pl\/","name":"Wojew\u00f3dzki Szpital Specjalistyczny im. \u015aw. Rafa\u0142a w Czerwonej G\u00f3rze","description":"Wojew\u00f3dzki Szpital Specjalistyczny im. \u015aw. Rafa\u0142a w Czerwonej G\u00f3rze","publisher":{"@id":"https:\/\/czerwonagora.pl\/#organization"},"potentialAction":[{"@type":"SearchAction","target":{"@type":"EntryPoint","urlTemplate":"https:\/\/czerwonagora.pl\/?s={search_term_string}"},"query-input":{"@type":"PropertyValueSpecification","valueRequired":true,"valueName":"search_term_string"}}],"inLanguage":"pl-PL"},{"@type":"Organization","@id":"https:\/\/czerwonagora.pl\/#organization","name":"Wojew\u00f3dzki Szpital Specjalistyczny im. \u015aw. Rafa\u0142a w Czerwonej G\u00f3rze","url":"https:\/\/czerwonagora.pl\/","logo":{"@type":"ImageObject","inLanguage":"pl-PL","@id":"https:\/\/czerwonagora.pl\/#\/schema\/logo\/image\/","url":"https:\/\/czerwonagora.pl\/wp-content\/uploads\/2021\/06\/Logo-WSS-DUZE-transparentne.png","contentUrl":"https:\/\/czerwonagora.pl\/wp-content\/uploads\/2021\/06\/Logo-WSS-DUZE-transparentne.png","width":4210,"height":2975,"caption":"Wojew\u00f3dzki Szpital Specjalistyczny im. \u015aw. Rafa\u0142a w Czerwonej G\u00f3rze"},"image":{"@id":"https:\/\/czerwonagora.pl\/#\/schema\/logo\/image\/"},"sameAs":["https:\/\/www.facebook.com\/SzpitalCzerwonaGora\/"]},{"@type":"Person","@id":"https:\/\/czerwonagora.pl\/#\/schema\/person\/4a2cd8ea4e10435b2c65e0c6e9f4738b","name":"Miko\u0142aj Miko\u0142ajczyk","image":{"@type":"ImageObject","inLanguage":"pl-PL","@id":"https:\/\/czerwonagora.pl\/wp-content\/litespeed\/avatar\/48ed4d719e5e64e3df35aeef2956d77c.jpg?ver=1777379096","url":"https:\/\/czerwonagora.pl\/wp-content\/litespeed\/avatar\/48ed4d719e5e64e3df35aeef2956d77c.jpg?ver=1777379096","contentUrl":"https:\/\/czerwonagora.pl\/wp-content\/litespeed\/avatar\/48ed4d719e5e64e3df35aeef2956d77c.jpg?ver=1777379096","caption":"Miko\u0142aj Miko\u0142ajczyk"},"url":"https:\/\/czerwonagora.pl\/index.php\/author\/mikolajczyk\/"}]}},"publishpress_future_action":{"enabled":false,"date":"2026-05-07 12:06:34","action":"change-status","newStatus":"draft","terms":[],"taxonomy":"category","extraData":[]},"publishpress_future_workflow_manual_trigger":{"enabledWorkflows":[]},"_links":{"self":[{"href":"https:\/\/czerwonagora.pl\/index.php\/wp-json\/wp\/v2\/posts\/31786","targetHints":{"allow":["GET"]}}],"collection":[{"href":"https:\/\/czerwonagora.pl\/index.php\/wp-json\/wp\/v2\/posts"}],"about":[{"href":"https:\/\/czerwonagora.pl\/index.php\/wp-json\/wp\/v2\/types\/post"}],"author":[{"embeddable":true,"href":"https:\/\/czerwonagora.pl\/index.php\/wp-json\/wp\/v2\/users\/12"}],"replies":[{"embeddable":true,"href":"https:\/\/czerwonagora.pl\/index.php\/wp-json\/wp\/v2\/comments?post=31786"}],"version-history":[{"count":4,"href":"https:\/\/czerwonagora.pl\/index.php\/wp-json\/wp\/v2\/posts\/31786\/revisions"}],"predecessor-version":[{"id":31790,"href":"https:\/\/czerwonagora.pl\/index.php\/wp-json\/wp\/v2\/posts\/31786\/revisions\/31790"}],"wp:featuredmedia":[{"embeddable":true,"href":"https:\/\/czerwonagora.pl\/index.php\/wp-json\/wp\/v2\/media\/31791"}],"wp:attachment":[{"href":"https:\/\/czerwonagora.pl\/index.php\/wp-json\/wp\/v2\/media?parent=31786"}],"wp:term":[{"taxonomy":"category","embeddable":true,"href":"https:\/\/czerwonagora.pl\/index.php\/wp-json\/wp\/v2\/categories?post=31786"},{"taxonomy":"post_tag","embeddable":true,"href":"https:\/\/czerwonagora.pl\/index.php\/wp-json\/wp\/v2\/tags?post=31786"}],"curies":[{"name":"wp","href":"https:\/\/api.w.org\/{rel}","templated":true}]}}