{"id":4485,"date":"2021-06-09T12:59:06","date_gmt":"2021-06-09T10:59:06","guid":{"rendered":"https:\/\/czerwonagora.pl\/?p=4485"},"modified":"2021-08-03T09:56:22","modified_gmt":"2021-08-03T07:56:22","slug":"rzadowa-agencja-rezerw-materialowych-przekazala-dla-szpitala-nowe-lozka","status":"publish","type":"post","link":"https:\/\/czerwonagora.pl\/index.php\/2021\/06\/09\/rzadowa-agencja-rezerw-materialowych-przekazala-dla-szpitala-nowe-lozka\/","title":{"rendered":"Rz\u0105dowa Agencja Rezerw Materia\u0142owych przekaza\u0142a dla Szpitala nowe \u0142\u00f3\u017cka"},"content":{"rendered":"\t\t<div data-elementor-type=\"wp-post\" data-elementor-id=\"4485\" class=\"elementor elementor-4485\">\n\t\t\t\t\t\t<section class=\"elementor-section elementor-top-section elementor-element elementor-element-ee6810d elementor-section-full_width elementor-section-height-default elementor-section-height-default\" data-id=\"ee6810d\" data-element_type=\"section\" data-e-type=\"section\">\n\t\t\t\t\t\t<div class=\"elementor-container elementor-column-gap-default\">\n\t\t\t\t\t<div class=\"elementor-column elementor-col-50 elementor-top-column elementor-element elementor-element-ddfbace\" data-id=\"ddfbace\" data-element_type=\"column\" data-e-type=\"column\">\n\t\t\t<div class=\"elementor-widget-wrap elementor-element-populated\">\n\t\t\t\t\t\t<div class=\"elementor-element elementor-element-d640d0b elementor-widget elementor-widget-image\" data-id=\"d640d0b\" data-element_type=\"widget\" data-e-type=\"widget\" data-widget_type=\"image.default\">\n\t\t\t\t<div class=\"elementor-widget-container\">\n\t\t\t\t\t\t\t\t\t\t\t\t\t\t\t<img fetchpriority=\"high\" decoding=\"async\" width=\"1152\" height=\"768\" src=\"https:\/\/czerwonagora.pl\/wp-content\/uploads\/2021\/06\/001.jpg\" class=\"attachment-full size-full wp-image-4486\" alt=\"Roz\u0142adunek \u0142\u00f3\u017cek medycznych dka szpitla Dyrektor Szpitala ubrany w granitur koloru czarnego i maseczk\u0119 ochronn\u0105 sciska d\u0142o\u0144 Wojewodzie \u015awi\u0119tokrzyskiemu, kt\u00f3ry si\u0119 u\u015bmiecha.\" srcset=\"https:\/\/czerwonagora.pl\/wp-content\/uploads\/2021\/06\/001.jpg 1152w, https:\/\/czerwonagora.pl\/wp-content\/uploads\/2021\/06\/001-300x200.jpg 300w, https:\/\/czerwonagora.pl\/wp-content\/uploads\/2021\/06\/001-1024x683.jpg 1024w, https:\/\/czerwonagora.pl\/wp-content\/uploads\/2021\/06\/001-768x512.jpg 768w\" sizes=\"(max-width: 1152px) 100vw, 1152px\" \/>\t\t\t\t\t\t\t\t\t\t\t\t\t\t\t<\/div>\n\t\t\t\t<\/div>\n\t\t\t\t<div class=\"elementor-element elementor-element-877ecf8 elementor-widget elementor-widget-heading\" data-id=\"877ecf8\" data-element_type=\"widget\" data-e-type=\"widget\" data-widget_type=\"heading.default\">\n\t\t\t\t<div class=\"elementor-widget-container\">\n\t\t\t\t\t<h2 class=\"elementor-heading-title elementor-size-default\">Rz\u0105dowa Agencja Rezerw Materia\u0142owych przekaza\u0142a dla Szpitala nowe \u0142\u00f3\u017cka<\/h2>\t\t\t\t<\/div>\n\t\t\t\t<\/div>\n\t\t\t\t\t<\/div>\n\t\t<\/div>\n\t\t\t\t<div class=\"elementor-column elementor-col-50 elementor-top-column elementor-element elementor-element-261d902\" data-id=\"261d902\" data-element_type=\"column\" data-e-type=\"column\">\n\t\t\t<div class=\"elementor-widget-wrap elementor-element-populated\">\n\t\t\t\t\t\t<div class=\"elementor-element elementor-element-50e08abc elementor-widget elementor-widget-text-editor\" data-id=\"50e08abc\" data-element_type=\"widget\" data-e-type=\"widget\" data-widget_type=\"text-editor.default\">\n\t\t\t\t<div class=\"elementor-widget-container\">\n\t\t\t\t\t\t\t\t\t<p>W dniu 08.06.2021 w siedzibie Wojew\u00f3dzkiego Szpitala Specjalistycznego im. \u015aw. Rafa\u0142a <br \/>w Czerwonej G\u00f3rze Pan Zbigniew Koniusz Wojewoda \u015awi\u0119tokrzyski osobi\u015bcie z\u0142o\u017cy\u0142 podzi\u0119kowania personelowi naszego szpitala za ratowanie \u017cycia i zdrowia pacjent\u00f3w w dobie pandemii koronawirusa. Dyrektorowi Szpitala przekaza\u0142 okoliczno\u015bciowy grawerton, natomiast Lekarzom i Piel\u0119gniarkom wr\u0119czy\u0142 symboliczny dow\u00f3d wdzi\u0119czno\u015bci w postaci czerwonych r\u00f3\u017c. Wizyta Pana Wojewody zbieg\u0142a si\u0119 z dostaw\u0105 do naszego Szpitala 50 \u0142\u00f3\u017cek szpitalnych wraz z materacami przekazanych <br \/>z Rz\u0105dowej Agencji Rezerw Strategicznych. Pan Wojewoda aktywnie wspiera\u0142 proces ich pozyskania. \u0141\u00f3\u017cka stanowi\u0107 b\u0119d\u0105 wyposa\u017cenie oddzia\u0142\u00f3w szpitalnych \u015awi\u0119tokrzyskiego Centrum Chor\u00f3b P\u0142uc w Czerwonej G\u00f3rze, zosta\u0142y przekazane w celu zapobiegania, przeciwdzia\u0142ania i zwalczania COVID-19, innych chor\u00f3b zaka\u017anych oraz wywo\u0142anych nimi sytuacji kryzysowych.<\/p><p>Jest to pierwsza transza z planowanej dla naszego Szpitala dostawy 100 \u0142\u00f3\u017cek.<\/p>\t\t\t\t\t\t\t\t<\/div>\n\t\t\t\t<\/div>\n\t\t\t\t\t<\/div>\n\t\t<\/div>\n\t\t\t\t\t<\/div>\n\t\t<\/section>\n\t\t\t\t<section class=\"elementor-section elementor-top-section elementor-element elementor-element-103958a2 elementor-section-boxed elementor-section-height-default elementor-section-height-default\" data-id=\"103958a2\" data-element_type=\"section\" data-e-type=\"section\" data-settings=\"{&quot;background_background&quot;:&quot;classic&quot;}\">\n\t\t\t\t\t\t<div class=\"elementor-container elementor-column-gap-default\">\n\t\t\t\t\t<div class=\"elementor-column elementor-col-100 elementor-top-column elementor-element elementor-element-13c41e20\" data-id=\"13c41e20\" data-element_type=\"column\" data-e-type=\"column\">\n\t\t\t<div class=\"elementor-widget-wrap elementor-element-populated\">\n\t\t\t\t\t\t<div class=\"elementor-element elementor-element-611dbbe7 gallery-spacing-custom elementor-invisible elementor-widget elementor-widget-image-gallery\" data-id=\"611dbbe7\" data-element_type=\"widget\" data-e-type=\"widget\" data-settings=\"{&quot;_animation&quot;:&quot;fadeIn&quot;,&quot;_animation_delay&quot;:200}\" data-widget_type=\"image-gallery.default\">\n\t\t\t\t<div class=\"elementor-widget-container\">\n\t\t\t\t\t\t\t<div class=\"elementor-image-gallery\">\n\t\t\t<div id='gallery-1' class='gallery galleryid-4485 gallery-columns-4 gallery-size-medium'><figure class='gallery-item'>\n\t\t\t<div class='gallery-icon landscape'>\n\t\t\t\t<a data-elementor-open-lightbox=\"yes\" data-elementor-lightbox-slideshow=\"611dbbe7\" data-e-action-hash=\"#elementor-action%3Aaction%3Dlightbox%26settings%3DeyJpZCI6NDQ4NiwidXJsIjoiaHR0cHM6XC9cL2N6ZXJ3b25hZ29yYS5wbFwvd3AtY29udGVudFwvdXBsb2Fkc1wvMjAyMVwvMDZcLzAwMS5qcGciLCJzbGlkZXNob3ciOiI2MTFkYmJlNyJ9\" href='https:\/\/czerwonagora.pl\/wp-content\/uploads\/2021\/06\/001.jpg'><img decoding=\"async\" width=\"300\" height=\"200\" src=\"https:\/\/czerwonagora.pl\/wp-content\/uploads\/2021\/06\/001-300x200.jpg\" class=\"attachment-medium size-medium\" alt=\"Roz\u0142adunek \u0142\u00f3\u017cek medycznych dka szpitla Dyrektor Szpitala ubrany w granitur koloru czarnego i maseczk\u0119 ochronn\u0105 sciska d\u0142o\u0144 Wojewodzie \u015awi\u0119tokrzyskiemu, kt\u00f3ry si\u0119 u\u015bmiecha.\" srcset=\"https:\/\/czerwonagora.pl\/wp-content\/uploads\/2021\/06\/001-300x200.jpg 300w, https:\/\/czerwonagora.pl\/wp-content\/uploads\/2021\/06\/001-1024x683.jpg 1024w, https:\/\/czerwonagora.pl\/wp-content\/uploads\/2021\/06\/001-768x512.jpg 768w, https:\/\/czerwonagora.pl\/wp-content\/uploads\/2021\/06\/001.jpg 1152w\" sizes=\"(max-width: 300px) 100vw, 300px\" \/><\/a>\n\t\t\t<\/div><\/figure><figure class='gallery-item'>\n\t\t\t<div class='gallery-icon landscape'>\n\t\t\t\t<a data-elementor-open-lightbox=\"yes\" data-elementor-lightbox-slideshow=\"611dbbe7\" data-e-action-hash=\"#elementor-action%3Aaction%3Dlightbox%26settings%3DeyJpZCI6NDQ4NywidXJsIjoiaHR0cHM6XC9cL2N6ZXJ3b25hZ29yYS5wbFwvd3AtY29udGVudFwvdXBsb2Fkc1wvMjAyMVwvMDZcLzAwMi5qcGciLCJzbGlkZXNob3ciOiI2MTFkYmJlNyJ9\" href='https:\/\/czerwonagora.pl\/wp-content\/uploads\/2021\/06\/002.jpg'><img decoding=\"async\" width=\"300\" height=\"200\" src=\"https:\/\/czerwonagora.pl\/wp-content\/uploads\/2021\/06\/002-300x200.jpg\" class=\"attachment-medium size-medium\" alt=\"Dyrektor szpitala ubrany w ubranie wizytowe w asyscie Wojewody \u015awi\u0119tokrzyskiego na oddziale szpitala.\" srcset=\"https:\/\/czerwonagora.pl\/wp-content\/uploads\/2021\/06\/002-300x200.jpg 300w, https:\/\/czerwonagora.pl\/wp-content\/uploads\/2021\/06\/002-1024x683.jpg 1024w, https:\/\/czerwonagora.pl\/wp-content\/uploads\/2021\/06\/002-768x512.jpg 768w, https:\/\/czerwonagora.pl\/wp-content\/uploads\/2021\/06\/002.jpg 1152w\" sizes=\"(max-width: 300px) 100vw, 300px\" \/><\/a>\n\t\t\t<\/div><\/figure><figure class='gallery-item'>\n\t\t\t<div class='gallery-icon landscape'>\n\t\t\t\t<a data-elementor-open-lightbox=\"yes\" data-elementor-lightbox-slideshow=\"611dbbe7\" data-e-action-hash=\"#elementor-action%3Aaction%3Dlightbox%26settings%3DeyJpZCI6NDQ4OCwidXJsIjoiaHR0cHM6XC9cL2N6ZXJ3b25hZ29yYS5wbFwvd3AtY29udGVudFwvdXBsb2Fkc1wvMjAyMVwvMDZcLzAwMy5qcGciLCJzbGlkZXNob3ciOiI2MTFkYmJlNyJ9\" href='https:\/\/czerwonagora.pl\/wp-content\/uploads\/2021\/06\/003.jpg'><img loading=\"lazy\" decoding=\"async\" width=\"300\" height=\"200\" src=\"https:\/\/czerwonagora.pl\/wp-content\/uploads\/2021\/06\/003-300x200.jpg\" class=\"attachment-medium size-medium\" alt=\"Dw\u00f3ch m\u0119\u017cczyzn, jeden trzymaj\u0105cy mikrofon, drugi stoj\u0105cy obok tablicy, uczestniczy w formalnym wydarzeniu w pomieszczeniu z tablic\u0105 i mikrofonem na stole. obaj nosz\u0105 maski.\" srcset=\"https:\/\/czerwonagora.pl\/wp-content\/uploads\/2021\/06\/003-300x200.jpg 300w, https:\/\/czerwonagora.pl\/wp-content\/uploads\/2021\/06\/003-1024x683.jpg 1024w, https:\/\/czerwonagora.pl\/wp-content\/uploads\/2021\/06\/003-768x512.jpg 768w, https:\/\/czerwonagora.pl\/wp-content\/uploads\/2021\/06\/003.jpg 1152w\" sizes=\"(max-width: 300px) 100vw, 300px\" \/><\/a>\n\t\t\t<\/div><\/figure><figure class='gallery-item'>\n\t\t\t<div class='gallery-icon landscape'>\n\t\t\t\t<a data-elementor-open-lightbox=\"yes\" data-elementor-lightbox-slideshow=\"611dbbe7\" data-e-action-hash=\"#elementor-action%3Aaction%3Dlightbox%26settings%3DeyJpZCI6NDQ4OSwidXJsIjoiaHR0cHM6XC9cL2N6ZXJ3b25hZ29yYS5wbFwvd3AtY29udGVudFwvdXBsb2Fkc1wvMjAyMVwvMDZcLzAwNC5qcGciLCJzbGlkZXNob3ciOiI2MTFkYmJlNyJ9\" href='https:\/\/czerwonagora.pl\/wp-content\/uploads\/2021\/06\/004.jpg'><img loading=\"lazy\" decoding=\"async\" width=\"300\" height=\"200\" src=\"https:\/\/czerwonagora.pl\/wp-content\/uploads\/2021\/06\/004-300x200.jpg\" class=\"attachment-medium size-medium\" alt=\"Dw\u00f3ch m\u00f3wc\u00f3w stoi z przodu sali konferencyjnej i przemawia do publiczno\u015bci siedz\u0105cej w rz\u0119dach krzese\u0142, z emblematem czerwonego krzy\u017ca na \u015bcianie i banerami informacyjnymi z boku.\" srcset=\"https:\/\/czerwonagora.pl\/wp-content\/uploads\/2021\/06\/004-300x200.jpg 300w, https:\/\/czerwonagora.pl\/wp-content\/uploads\/2021\/06\/004-1024x683.jpg 1024w, https:\/\/czerwonagora.pl\/wp-content\/uploads\/2021\/06\/004-768x512.jpg 768w, https:\/\/czerwonagora.pl\/wp-content\/uploads\/2021\/06\/004.jpg 1152w\" sizes=\"(max-width: 300px) 100vw, 300px\" \/><\/a>\n\t\t\t<\/div><\/figure><figure class='gallery-item'>\n\t\t\t<div class='gallery-icon landscape'>\n\t\t\t\t<a data-elementor-open-lightbox=\"yes\" data-elementor-lightbox-slideshow=\"611dbbe7\" data-e-action-hash=\"#elementor-action%3Aaction%3Dlightbox%26settings%3DeyJpZCI6NDQ5MCwidXJsIjoiaHR0cHM6XC9cL2N6ZXJ3b25hZ29yYS5wbFwvd3AtY29udGVudFwvdXBsb2Fkc1wvMjAyMVwvMDZcLzAwNS5qcGciLCJzbGlkZXNob3ciOiI2MTFkYmJlNyJ9\" href='https:\/\/czerwonagora.pl\/wp-content\/uploads\/2021\/06\/005.jpg'><img loading=\"lazy\" decoding=\"async\" width=\"300\" height=\"200\" src=\"https:\/\/czerwonagora.pl\/wp-content\/uploads\/2021\/06\/005-300x200.jpg\" class=\"attachment-medium size-medium\" alt=\"Grupa os\u00f3b nosz\u0105cych maski na twarz, siedz\u0105cych w odst\u0119pach w sali wyk\u0142adowej z rz\u0119dami drewnianych siedze\u0144.\" srcset=\"https:\/\/czerwonagora.pl\/wp-content\/uploads\/2021\/06\/005-300x200.jpg 300w, https:\/\/czerwonagora.pl\/wp-content\/uploads\/2021\/06\/005-1024x683.jpg 1024w, https:\/\/czerwonagora.pl\/wp-content\/uploads\/2021\/06\/005-768x512.jpg 768w, https:\/\/czerwonagora.pl\/wp-content\/uploads\/2021\/06\/005.jpg 1152w\" sizes=\"(max-width: 300px) 100vw, 300px\" \/><\/a>\n\t\t\t<\/div><\/figure><figure class='gallery-item'>\n\t\t\t<div class='gallery-icon landscape'>\n\t\t\t\t<a data-elementor-open-lightbox=\"yes\" data-elementor-lightbox-slideshow=\"611dbbe7\" data-e-action-hash=\"#elementor-action%3Aaction%3Dlightbox%26settings%3DeyJpZCI6NDQ5MSwidXJsIjoiaHR0cHM6XC9cL2N6ZXJ3b25hZ29yYS5wbFwvd3AtY29udGVudFwvdXBsb2Fkc1wvMjAyMVwvMDZcLzAwNi5qcGciLCJzbGlkZXNob3ciOiI2MTFkYmJlNyJ9\" href='https:\/\/czerwonagora.pl\/wp-content\/uploads\/2021\/06\/006.jpg'><img loading=\"lazy\" decoding=\"async\" width=\"300\" height=\"200\" src=\"https:\/\/czerwonagora.pl\/wp-content\/uploads\/2021\/06\/006-300x200.jpg\" class=\"attachment-medium size-medium\" alt=\"Sala konferencyjna Wojewoda \u015awi\u0119tokrzyskie ubrany w garnitur koloru czarnego sk\u0142ada podzi\u0119kowania Dyrektorowi Szpitala w czerowej G\u00f3rze ubranegfo w garnitur koloru czarnego.\" srcset=\"https:\/\/czerwonagora.pl\/wp-content\/uploads\/2021\/06\/006-300x200.jpg 300w, https:\/\/czerwonagora.pl\/wp-content\/uploads\/2021\/06\/006-1024x683.jpg 1024w, https:\/\/czerwonagora.pl\/wp-content\/uploads\/2021\/06\/006-768x512.jpg 768w, https:\/\/czerwonagora.pl\/wp-content\/uploads\/2021\/06\/006.jpg 1152w\" sizes=\"(max-width: 300px) 100vw, 300px\" \/><\/a>\n\t\t\t<\/div><\/figure><figure class='gallery-item'>\n\t\t\t<div class='gallery-icon landscape'>\n\t\t\t\t<a data-elementor-open-lightbox=\"yes\" data-elementor-lightbox-slideshow=\"611dbbe7\" data-e-action-hash=\"#elementor-action%3Aaction%3Dlightbox%26settings%3DeyJpZCI6NDQ5MiwidXJsIjoiaHR0cHM6XC9cL2N6ZXJ3b25hZ29yYS5wbFwvd3AtY29udGVudFwvdXBsb2Fkc1wvMjAyMVwvMDZcLzAwNy5qcGciLCJzbGlkZXNob3ciOiI2MTFkYmJlNyJ9\" href='https:\/\/czerwonagora.pl\/wp-content\/uploads\/2021\/06\/007.jpg'><img loading=\"lazy\" decoding=\"async\" width=\"300\" height=\"200\" src=\"https:\/\/czerwonagora.pl\/wp-content\/uploads\/2021\/06\/007-300x200.jpg\" class=\"attachment-medium size-medium\" alt=\"Podzi\u0119kowania Wojewodu=y \u015awi\u0119tokrzyskiego dla Szpitala w czerowej G\u00f3rze.\" srcset=\"https:\/\/czerwonagora.pl\/wp-content\/uploads\/2021\/06\/007-300x200.jpg 300w, https:\/\/czerwonagora.pl\/wp-content\/uploads\/2021\/06\/007-1024x683.jpg 1024w, https:\/\/czerwonagora.pl\/wp-content\/uploads\/2021\/06\/007-768x512.jpg 768w, https:\/\/czerwonagora.pl\/wp-content\/uploads\/2021\/06\/007.jpg 1152w\" sizes=\"(max-width: 300px) 100vw, 300px\" \/><\/a>\n\t\t\t<\/div><\/figure><figure class='gallery-item'>\n\t\t\t<div class='gallery-icon landscape'>\n\t\t\t\t<a data-elementor-open-lightbox=\"yes\" data-elementor-lightbox-slideshow=\"611dbbe7\" data-e-action-hash=\"#elementor-action%3Aaction%3Dlightbox%26settings%3DeyJpZCI6NDQ5MywidXJsIjoiaHR0cHM6XC9cL2N6ZXJ3b25hZ29yYS5wbFwvd3AtY29udGVudFwvdXBsb2Fkc1wvMjAyMVwvMDZcLzAwOC5qcGciLCJzbGlkZXNob3ciOiI2MTFkYmJlNyJ9\" href='https:\/\/czerwonagora.pl\/wp-content\/uploads\/2021\/06\/008.jpg'><img loading=\"lazy\" decoding=\"async\" width=\"300\" height=\"200\" src=\"https:\/\/czerwonagora.pl\/wp-content\/uploads\/2021\/06\/008-300x200.jpg\" class=\"attachment-medium size-medium\" alt=\"Sala konferencyjna Wojewoda \u015awi\u0119tokrzyski ubrany w garnitur koloru czarnego oraz w maseczce ocronnej na twarzy sk\u0142ada \u017cyczenia piel\u0119gniarce ubranej w odzie\u017c ochronn\u0105 i przekazuje kwaity r\u00f3\u017c\u0119 koloru czerwonego.\" srcset=\"https:\/\/czerwonagora.pl\/wp-content\/uploads\/2021\/06\/008-300x200.jpg 300w, https:\/\/czerwonagora.pl\/wp-content\/uploads\/2021\/06\/008-1024x683.jpg 1024w, https:\/\/czerwonagora.pl\/wp-content\/uploads\/2021\/06\/008-768x512.jpg 768w, https:\/\/czerwonagora.pl\/wp-content\/uploads\/2021\/06\/008.jpg 1152w\" sizes=\"(max-width: 300px) 100vw, 300px\" \/><\/a>\n\t\t\t<\/div><\/figure><figure class='gallery-item'>\n\t\t\t<div class='gallery-icon landscape'>\n\t\t\t\t<a data-elementor-open-lightbox=\"yes\" data-elementor-lightbox-slideshow=\"611dbbe7\" data-e-action-hash=\"#elementor-action%3Aaction%3Dlightbox%26settings%3DeyJpZCI6NDQ5NCwidXJsIjoiaHR0cHM6XC9cL2N6ZXJ3b25hZ29yYS5wbFwvd3AtY29udGVudFwvdXBsb2Fkc1wvMjAyMVwvMDZcLzAwOS5qcGciLCJzbGlkZXNob3ciOiI2MTFkYmJlNyJ9\" href='https:\/\/czerwonagora.pl\/wp-content\/uploads\/2021\/06\/009.jpg'><img loading=\"lazy\" decoding=\"async\" width=\"300\" height=\"200\" src=\"https:\/\/czerwonagora.pl\/wp-content\/uploads\/2021\/06\/009-300x200.jpg\" class=\"attachment-medium size-medium\" alt=\"Sala konferencyjna Wojewoda \u015awi\u0119tokrzyski ubrany w garnitur koloru czarnego oraz w maseczce ocronnej na twarzy sk\u0142ada \u017cyczenia piel\u0119gniarce ubranej w odzie\u017c ochronn\u0105 i przekazuje kwaity r\u00f3\u017c\u0119 koloru czerwonego.\" srcset=\"https:\/\/czerwonagora.pl\/wp-content\/uploads\/2021\/06\/009-300x200.jpg 300w, https:\/\/czerwonagora.pl\/wp-content\/uploads\/2021\/06\/009-1024x683.jpg 1024w, https:\/\/czerwonagora.pl\/wp-content\/uploads\/2021\/06\/009-768x512.jpg 768w, https:\/\/czerwonagora.pl\/wp-content\/uploads\/2021\/06\/009.jpg 1152w\" sizes=\"(max-width: 300px) 100vw, 300px\" \/><\/a>\n\t\t\t<\/div><\/figure><figure class='gallery-item'>\n\t\t\t<div class='gallery-icon landscape'>\n\t\t\t\t<a data-elementor-open-lightbox=\"yes\" data-elementor-lightbox-slideshow=\"611dbbe7\" data-e-action-hash=\"#elementor-action%3Aaction%3Dlightbox%26settings%3DeyJpZCI6NDQ5NSwidXJsIjoiaHR0cHM6XC9cL2N6ZXJ3b25hZ29yYS5wbFwvd3AtY29udGVudFwvdXBsb2Fkc1wvMjAyMVwvMDZcLzAxMC5qcGciLCJzbGlkZXNob3ciOiI2MTFkYmJlNyJ9\" href='https:\/\/czerwonagora.pl\/wp-content\/uploads\/2021\/06\/010.jpg'><img loading=\"lazy\" decoding=\"async\" width=\"300\" height=\"200\" src=\"https:\/\/czerwonagora.pl\/wp-content\/uploads\/2021\/06\/010-300x200.jpg\" class=\"attachment-medium size-medium\" alt=\"Sala konferencyjna przemawia Wojewoda Swi\u0119tokrzyski ubrany w garnitur koloru czarnego oraz w maseczce ochronnej kolori=u czarnego na twarzy w asyscie Dyrektora Szpitala.\" srcset=\"https:\/\/czerwonagora.pl\/wp-content\/uploads\/2021\/06\/010-300x200.jpg 300w, https:\/\/czerwonagora.pl\/wp-content\/uploads\/2021\/06\/010-1024x683.jpg 1024w, https:\/\/czerwonagora.pl\/wp-content\/uploads\/2021\/06\/010-768x512.jpg 768w, https:\/\/czerwonagora.pl\/wp-content\/uploads\/2021\/06\/010.jpg 1152w\" sizes=\"(max-width: 300px) 100vw, 300px\" \/><\/a>\n\t\t\t<\/div><\/figure><figure class='gallery-item'>\n\t\t\t<div class='gallery-icon portrait'>\n\t\t\t\t<a data-elementor-open-lightbox=\"yes\" data-elementor-lightbox-slideshow=\"611dbbe7\" data-e-action-hash=\"#elementor-action%3Aaction%3Dlightbox%26settings%3DeyJpZCI6NDQ5NiwidXJsIjoiaHR0cHM6XC9cL2N6ZXJ3b25hZ29yYS5wbFwvd3AtY29udGVudFwvdXBsb2Fkc1wvMjAyMVwvMDZcLzAxMS1yb3RhdGVkLmpwZyIsInNsaWRlc2hvdyI6IjYxMWRiYmU3In0%3D\" href='https:\/\/czerwonagora.pl\/wp-content\/uploads\/2021\/06\/011-rotated.jpg'><img loading=\"lazy\" decoding=\"async\" width=\"200\" height=\"300\" src=\"https:\/\/czerwonagora.pl\/wp-content\/uploads\/2021\/06\/011-200x300.jpg\" class=\"attachment-medium size-medium\" alt=\"Grupa m\u0119\u017cczyzn w bia\u0142ych strojach roboczych, wy\u0142adowywuj\u0105ca materacje z samochodu dostawczego.\" srcset=\"https:\/\/czerwonagora.pl\/wp-content\/uploads\/2021\/06\/011-200x300.jpg 200w, https:\/\/czerwonagora.pl\/wp-content\/uploads\/2021\/06\/011-683x1024.jpg 683w, https:\/\/czerwonagora.pl\/wp-content\/uploads\/2021\/06\/011-rotated.jpg 768w\" sizes=\"(max-width: 200px) 100vw, 200px\" \/><\/a>\n\t\t\t<\/div><\/figure><figure class='gallery-item'>\n\t\t\t<div class='gallery-icon portrait'>\n\t\t\t\t<a data-elementor-open-lightbox=\"yes\" data-elementor-lightbox-slideshow=\"611dbbe7\" data-e-action-hash=\"#elementor-action%3Aaction%3Dlightbox%26settings%3DeyJpZCI6NDQ5NywidXJsIjoiaHR0cHM6XC9cL2N6ZXJ3b25hZ29yYS5wbFwvd3AtY29udGVudFwvdXBsb2Fkc1wvMjAyMVwvMDZcLzAxMi1yb3RhdGVkLmpwZyIsInNsaWRlc2hvdyI6IjYxMWRiYmU3In0%3D\" href='https:\/\/czerwonagora.pl\/wp-content\/uploads\/2021\/06\/012-rotated.jpg'><img loading=\"lazy\" decoding=\"async\" width=\"200\" height=\"300\" src=\"https:\/\/czerwonagora.pl\/wp-content\/uploads\/2021\/06\/012-200x300.jpg\" class=\"attachment-medium size-medium\" alt=\"Pracownicy ubrani w bia\u0142e stroje robocze, przygotowywuj\u0105cy si\u0119 do roz\u0142adunku samochodu dostawczego.\" srcset=\"https:\/\/czerwonagora.pl\/wp-content\/uploads\/2021\/06\/012-200x300.jpg 200w, https:\/\/czerwonagora.pl\/wp-content\/uploads\/2021\/06\/012-683x1024.jpg 683w, https:\/\/czerwonagora.pl\/wp-content\/uploads\/2021\/06\/012-rotated.jpg 768w\" sizes=\"(max-width: 200px) 100vw, 200px\" \/><\/a>\n\t\t\t<\/div><\/figure>\n\t\t<\/div>\n\t\t<\/div>\n\t\t\t\t\t\t<\/div>\n\t\t\t\t<\/div>\n\t\t\t\t\t<\/div>\n\t\t<\/div>\n\t\t\t\t\t<\/div>\n\t\t<\/section>\n\t\t\t\t<\/div>\n\t\t","protected":false},"excerpt":{"rendered":"<p>Rz\u0105dowa Agencja Rezerw Materia\u0142owych przekaza\u0142a dla Szpitala nowe \u0142\u00f3\u017cka W dniu 08.06.2021 w siedzibie Wojew\u00f3dzkiego Szpitala Specjalistycznego im. \u015aw. Rafa\u0142a w Czerwonej G\u00f3rze Pan Zbigniew Koniusz Wojewoda \u015awi\u0119tokrzyski osobi\u015bcie z\u0142o\u017cy\u0142 podzi\u0119kowania personelowi naszego szpitala za ratowanie \u017cycia i zdrowia pacjent\u00f3w w dobie pandemii koronawirusa. Dyrektorowi Szpitala przekaza\u0142 okoliczno\u015bciowy grawerton, natomiast Lekarzom i Piel\u0119gniarkom wr\u0119czy\u0142 symboliczny [&hellip;]<\/p>\n","protected":false},"author":1,"featured_media":4486,"comment_status":"closed","ping_status":"closed","sticky":false,"template":"","format":"standard","meta":{"zakra_page_container_layout":"customizer","zakra_page_sidebar_layout":"customizer","zakra_remove_content_margin":false,"zakra_sidebar":"customizer","zakra_transparent_header":"customizer","zakra_logo":0,"zakra_main_header_style":"default","zakra_menu_item_color":"","zakra_menu_item_hover_color":"","zakra_menu_item_active_color":"","zakra_menu_active_style":"","zakra_page_header":true,"footnotes":""},"categories":[39],"tags":[],"class_list":["post-4485","post","type-post","status-publish","format-standard","has-post-thumbnail","hentry","category-aktualnosci"],"yoast_head":"<!-- This site is optimized with the Yoast SEO plugin v27.4 - https:\/\/yoast.com\/product\/yoast-seo-wordpress\/ -->\n<title>Rz\u0105dowa Agencja Rezerw Materia\u0142owych przekaza\u0142a dla Szpitala nowe \u0142\u00f3\u017cka - Wojew\u00f3dzki Szpital Specjalistyczny im. \u015aw. Rafa\u0142a w Czerwonej G\u00f3rze<\/title>\n<meta name=\"robots\" content=\"index, follow, max-snippet:-1, max-image-preview:large, max-video-preview:-1\" \/>\n<link rel=\"canonical\" href=\"https:\/\/czerwonagora.pl\/index.php\/2021\/06\/09\/rzadowa-agencja-rezerw-materialowych-przekazala-dla-szpitala-nowe-lozka\/\" \/>\n<meta property=\"og:locale\" content=\"pl_PL\" \/>\n<meta property=\"og:type\" content=\"article\" \/>\n<meta property=\"og:title\" content=\"Rz\u0105dowa Agencja Rezerw Materia\u0142owych przekaza\u0142a dla Szpitala nowe \u0142\u00f3\u017cka - Wojew\u00f3dzki Szpital Specjalistyczny im. \u015aw. Rafa\u0142a w Czerwonej G\u00f3rze\" \/>\n<meta property=\"og:description\" content=\"Rz\u0105dowa Agencja Rezerw Materia\u0142owych przekaza\u0142a dla Szpitala nowe \u0142\u00f3\u017cka W dniu 08.06.2021 w siedzibie Wojew\u00f3dzkiego Szpitala Specjalistycznego im. \u015aw. Rafa\u0142a w Czerwonej G\u00f3rze Pan Zbigniew Koniusz Wojewoda \u015awi\u0119tokrzyski osobi\u015bcie z\u0142o\u017cy\u0142 podzi\u0119kowania personelowi naszego szpitala za ratowanie \u017cycia i zdrowia pacjent\u00f3w w dobie pandemii koronawirusa. Dyrektorowi Szpitala przekaza\u0142 okoliczno\u015bciowy grawerton, natomiast Lekarzom i Piel\u0119gniarkom wr\u0119czy\u0142 symboliczny [&hellip;]\" \/>\n<meta property=\"og:url\" content=\"https:\/\/czerwonagora.pl\/index.php\/2021\/06\/09\/rzadowa-agencja-rezerw-materialowych-przekazala-dla-szpitala-nowe-lozka\/\" \/>\n<meta property=\"og:site_name\" content=\"Wojew\u00f3dzki Szpital Specjalistyczny im. \u015aw. Rafa\u0142a w Czerwonej G\u00f3rze\" \/>\n<meta property=\"article:publisher\" content=\"https:\/\/www.facebook.com\/SzpitalCzerwonaGora\/\" \/>\n<meta property=\"article:published_time\" content=\"2021-06-09T10:59:06+00:00\" \/>\n<meta property=\"article:modified_time\" content=\"2021-08-03T07:56:22+00:00\" \/>\n<meta property=\"og:image\" content=\"https:\/\/czerwonagora.pl\/wp-content\/uploads\/2021\/06\/001.jpg\" \/>\n\t<meta property=\"og:image:width\" content=\"1152\" \/>\n\t<meta property=\"og:image:height\" content=\"768\" \/>\n\t<meta property=\"og:image:type\" content=\"image\/jpeg\" \/>\n<meta name=\"author\" content=\"Krzysztof Kasprzyk\" \/>\n<meta name=\"twitter:card\" content=\"summary_large_image\" \/>\n<meta name=\"twitter:label1\" content=\"Napisane przez\" \/>\n\t<meta name=\"twitter:data1\" content=\"Krzysztof Kasprzyk\" \/>\n\t<meta name=\"twitter:label2\" content=\"Szacowany czas czytania\" \/>\n\t<meta name=\"twitter:data2\" content=\"1 minuta\" \/>\n<script type=\"application\/ld+json\" class=\"yoast-schema-graph\">{\"@context\":\"https:\\\/\\\/schema.org\",\"@graph\":[{\"@type\":\"Article\",\"@id\":\"https:\\\/\\\/czerwonagora.pl\\\/index.php\\\/2021\\\/06\\\/09\\\/rzadowa-agencja-rezerw-materialowych-przekazala-dla-szpitala-nowe-lozka\\\/#article\",\"isPartOf\":{\"@id\":\"https:\\\/\\\/czerwonagora.pl\\\/index.php\\\/2021\\\/06\\\/09\\\/rzadowa-agencja-rezerw-materialowych-przekazala-dla-szpitala-nowe-lozka\\\/\"},\"author\":{\"name\":\"Krzysztof Kasprzyk\",\"@id\":\"https:\\\/\\\/czerwonagora.pl\\\/#\\\/schema\\\/person\\\/88ad471b758c11e595bd87abceaf3cfd\"},\"headline\":\"Rz\u0105dowa Agencja Rezerw Materia\u0142owych przekaza\u0142a dla Szpitala nowe \u0142\u00f3\u017cka\",\"datePublished\":\"2021-06-09T10:59:06+00:00\",\"dateModified\":\"2021-08-03T07:56:22+00:00\",\"mainEntityOfPage\":{\"@id\":\"https:\\\/\\\/czerwonagora.pl\\\/index.php\\\/2021\\\/06\\\/09\\\/rzadowa-agencja-rezerw-materialowych-przekazala-dla-szpitala-nowe-lozka\\\/\"},\"wordCount\":173,\"publisher\":{\"@id\":\"https:\\\/\\\/czerwonagora.pl\\\/#organization\"},\"image\":{\"@id\":\"https:\\\/\\\/czerwonagora.pl\\\/index.php\\\/2021\\\/06\\\/09\\\/rzadowa-agencja-rezerw-materialowych-przekazala-dla-szpitala-nowe-lozka\\\/#primaryimage\"},\"thumbnailUrl\":\"https:\\\/\\\/czerwonagora.pl\\\/wp-content\\\/uploads\\\/2021\\\/06\\\/001.jpg\",\"articleSection\":[\"Aktualno\u015bci\"],\"inLanguage\":\"pl-PL\"},{\"@type\":\"WebPage\",\"@id\":\"https:\\\/\\\/czerwonagora.pl\\\/index.php\\\/2021\\\/06\\\/09\\\/rzadowa-agencja-rezerw-materialowych-przekazala-dla-szpitala-nowe-lozka\\\/\",\"url\":\"https:\\\/\\\/czerwonagora.pl\\\/index.php\\\/2021\\\/06\\\/09\\\/rzadowa-agencja-rezerw-materialowych-przekazala-dla-szpitala-nowe-lozka\\\/\",\"name\":\"Rz\u0105dowa Agencja Rezerw Materia\u0142owych przekaza\u0142a dla Szpitala nowe \u0142\u00f3\u017cka - Wojew\u00f3dzki Szpital Specjalistyczny im. \u015aw. Rafa\u0142a w Czerwonej G\u00f3rze\",\"isPartOf\":{\"@id\":\"https:\\\/\\\/czerwonagora.pl\\\/#website\"},\"primaryImageOfPage\":{\"@id\":\"https:\\\/\\\/czerwonagora.pl\\\/index.php\\\/2021\\\/06\\\/09\\\/rzadowa-agencja-rezerw-materialowych-przekazala-dla-szpitala-nowe-lozka\\\/#primaryimage\"},\"image\":{\"@id\":\"https:\\\/\\\/czerwonagora.pl\\\/index.php\\\/2021\\\/06\\\/09\\\/rzadowa-agencja-rezerw-materialowych-przekazala-dla-szpitala-nowe-lozka\\\/#primaryimage\"},\"thumbnailUrl\":\"https:\\\/\\\/czerwonagora.pl\\\/wp-content\\\/uploads\\\/2021\\\/06\\\/001.jpg\",\"datePublished\":\"2021-06-09T10:59:06+00:00\",\"dateModified\":\"2021-08-03T07:56:22+00:00\",\"breadcrumb\":{\"@id\":\"https:\\\/\\\/czerwonagora.pl\\\/index.php\\\/2021\\\/06\\\/09\\\/rzadowa-agencja-rezerw-materialowych-przekazala-dla-szpitala-nowe-lozka\\\/#breadcrumb\"},\"inLanguage\":\"pl-PL\",\"potentialAction\":[{\"@type\":\"ReadAction\",\"target\":[\"https:\\\/\\\/czerwonagora.pl\\\/index.php\\\/2021\\\/06\\\/09\\\/rzadowa-agencja-rezerw-materialowych-przekazala-dla-szpitala-nowe-lozka\\\/\"]}]},{\"@type\":\"ImageObject\",\"inLanguage\":\"pl-PL\",\"@id\":\"https:\\\/\\\/czerwonagora.pl\\\/index.php\\\/2021\\\/06\\\/09\\\/rzadowa-agencja-rezerw-materialowych-przekazala-dla-szpitala-nowe-lozka\\\/#primaryimage\",\"url\":\"https:\\\/\\\/czerwonagora.pl\\\/wp-content\\\/uploads\\\/2021\\\/06\\\/001.jpg\",\"contentUrl\":\"https:\\\/\\\/czerwonagora.pl\\\/wp-content\\\/uploads\\\/2021\\\/06\\\/001.jpg\",\"width\":1152,\"height\":768,\"caption\":\"Roz\u0142adunek \u0142\u00f3\u017cek medycznych dka szpitla Dyrektor Szpitala ubrany w granitur koloru czarnego i maseczk\u0119 ochronn\u0105 sciska d\u0142o\u0144 Wojewodzie \u015awi\u0119tokrzyskiemu, kt\u00f3ry si\u0119 u\u015bmiecha.\"},{\"@type\":\"BreadcrumbList\",\"@id\":\"https:\\\/\\\/czerwonagora.pl\\\/index.php\\\/2021\\\/06\\\/09\\\/rzadowa-agencja-rezerw-materialowych-przekazala-dla-szpitala-nowe-lozka\\\/#breadcrumb\",\"itemListElement\":[{\"@type\":\"ListItem\",\"position\":1,\"name\":\"Strona g\u0142\u00f3wna\",\"item\":\"https:\\\/\\\/czerwonagora.pl\\\/\"},{\"@type\":\"ListItem\",\"position\":2,\"name\":\"Rz\u0105dowa Agencja Rezerw Materia\u0142owych przekaza\u0142a dla Szpitala nowe \u0142\u00f3\u017cka\"}]},{\"@type\":\"WebSite\",\"@id\":\"https:\\\/\\\/czerwonagora.pl\\\/#website\",\"url\":\"https:\\\/\\\/czerwonagora.pl\\\/\",\"name\":\"Wojew\u00f3dzki Szpital Specjalistyczny im. \u015aw. Rafa\u0142a w Czerwonej G\u00f3rze\",\"description\":\"Wojew\u00f3dzki Szpital Specjalistyczny im. \u015aw. Rafa\u0142a w Czerwonej G\u00f3rze\",\"publisher\":{\"@id\":\"https:\\\/\\\/czerwonagora.pl\\\/#organization\"},\"potentialAction\":[{\"@type\":\"SearchAction\",\"target\":{\"@type\":\"EntryPoint\",\"urlTemplate\":\"https:\\\/\\\/czerwonagora.pl\\\/?s={search_term_string}\"},\"query-input\":{\"@type\":\"PropertyValueSpecification\",\"valueRequired\":true,\"valueName\":\"search_term_string\"}}],\"inLanguage\":\"pl-PL\"},{\"@type\":\"Organization\",\"@id\":\"https:\\\/\\\/czerwonagora.pl\\\/#organization\",\"name\":\"Wojew\u00f3dzki Szpital Specjalistyczny im. \u015aw. Rafa\u0142a w Czerwonej G\u00f3rze\",\"url\":\"https:\\\/\\\/czerwonagora.pl\\\/\",\"logo\":{\"@type\":\"ImageObject\",\"inLanguage\":\"pl-PL\",\"@id\":\"https:\\\/\\\/czerwonagora.pl\\\/#\\\/schema\\\/logo\\\/image\\\/\",\"url\":\"https:\\\/\\\/czerwonagora.pl\\\/wp-content\\\/uploads\\\/2021\\\/06\\\/Logo-WSS-DUZE-transparentne.png\",\"contentUrl\":\"https:\\\/\\\/czerwonagora.pl\\\/wp-content\\\/uploads\\\/2021\\\/06\\\/Logo-WSS-DUZE-transparentne.png\",\"width\":4210,\"height\":2975,\"caption\":\"Wojew\u00f3dzki Szpital Specjalistyczny im. \u015aw. Rafa\u0142a w Czerwonej G\u00f3rze\"},\"image\":{\"@id\":\"https:\\\/\\\/czerwonagora.pl\\\/#\\\/schema\\\/logo\\\/image\\\/\"},\"sameAs\":[\"https:\\\/\\\/www.facebook.com\\\/SzpitalCzerwonaGora\\\/\"]},{\"@type\":\"Person\",\"@id\":\"https:\\\/\\\/czerwonagora.pl\\\/#\\\/schema\\\/person\\\/88ad471b758c11e595bd87abceaf3cfd\",\"name\":\"Krzysztof Kasprzyk\",\"image\":{\"@type\":\"ImageObject\",\"inLanguage\":\"pl-PL\",\"@id\":\"https:\\\/\\\/czerwonagora.pl\\\/wp-content\\\/litespeed\\\/avatar\\\/758f42868e3c503ca9f38bee50fcfff3.jpg?ver=1777380282\",\"url\":\"https:\\\/\\\/czerwonagora.pl\\\/wp-content\\\/litespeed\\\/avatar\\\/758f42868e3c503ca9f38bee50fcfff3.jpg?ver=1777380282\",\"contentUrl\":\"https:\\\/\\\/czerwonagora.pl\\\/wp-content\\\/litespeed\\\/avatar\\\/758f42868e3c503ca9f38bee50fcfff3.jpg?ver=1777380282\",\"caption\":\"Krzysztof Kasprzyk\"},\"sameAs\":[\"https:\\\/\\\/czerwonagora.pl\"],\"url\":\"https:\\\/\\\/czerwonagora.pl\\\/index.php\\\/author\\\/maverick\\\/\"}]}<\/script>\n<!-- \/ Yoast SEO plugin. -->","yoast_head_json":{"title":"Rz\u0105dowa Agencja Rezerw Materia\u0142owych przekaza\u0142a dla Szpitala nowe \u0142\u00f3\u017cka - Wojew\u00f3dzki Szpital Specjalistyczny im. \u015aw. Rafa\u0142a w Czerwonej G\u00f3rze","robots":{"index":"index","follow":"follow","max-snippet":"max-snippet:-1","max-image-preview":"max-image-preview:large","max-video-preview":"max-video-preview:-1"},"canonical":"https:\/\/czerwonagora.pl\/index.php\/2021\/06\/09\/rzadowa-agencja-rezerw-materialowych-przekazala-dla-szpitala-nowe-lozka\/","og_locale":"pl_PL","og_type":"article","og_title":"Rz\u0105dowa Agencja Rezerw Materia\u0142owych przekaza\u0142a dla Szpitala nowe \u0142\u00f3\u017cka - Wojew\u00f3dzki Szpital Specjalistyczny im. \u015aw. Rafa\u0142a w Czerwonej G\u00f3rze","og_description":"Rz\u0105dowa Agencja Rezerw Materia\u0142owych przekaza\u0142a dla Szpitala nowe \u0142\u00f3\u017cka W dniu 08.06.2021 w siedzibie Wojew\u00f3dzkiego Szpitala Specjalistycznego im. \u015aw. Rafa\u0142a w Czerwonej G\u00f3rze Pan Zbigniew Koniusz Wojewoda \u015awi\u0119tokrzyski osobi\u015bcie z\u0142o\u017cy\u0142 podzi\u0119kowania personelowi naszego szpitala za ratowanie \u017cycia i zdrowia pacjent\u00f3w w dobie pandemii koronawirusa. Dyrektorowi Szpitala przekaza\u0142 okoliczno\u015bciowy grawerton, natomiast Lekarzom i Piel\u0119gniarkom wr\u0119czy\u0142 symboliczny [&hellip;]","og_url":"https:\/\/czerwonagora.pl\/index.php\/2021\/06\/09\/rzadowa-agencja-rezerw-materialowych-przekazala-dla-szpitala-nowe-lozka\/","og_site_name":"Wojew\u00f3dzki Szpital Specjalistyczny im. \u015aw. Rafa\u0142a w Czerwonej G\u00f3rze","article_publisher":"https:\/\/www.facebook.com\/SzpitalCzerwonaGora\/","article_published_time":"2021-06-09T10:59:06+00:00","article_modified_time":"2021-08-03T07:56:22+00:00","og_image":[{"width":1152,"height":768,"url":"https:\/\/czerwonagora.pl\/wp-content\/uploads\/2021\/06\/001.jpg","type":"image\/jpeg"}],"author":"Krzysztof Kasprzyk","twitter_card":"summary_large_image","twitter_misc":{"Napisane przez":"Krzysztof Kasprzyk","Szacowany czas czytania":"1 minuta"},"schema":{"@context":"https:\/\/schema.org","@graph":[{"@type":"Article","@id":"https:\/\/czerwonagora.pl\/index.php\/2021\/06\/09\/rzadowa-agencja-rezerw-materialowych-przekazala-dla-szpitala-nowe-lozka\/#article","isPartOf":{"@id":"https:\/\/czerwonagora.pl\/index.php\/2021\/06\/09\/rzadowa-agencja-rezerw-materialowych-przekazala-dla-szpitala-nowe-lozka\/"},"author":{"name":"Krzysztof Kasprzyk","@id":"https:\/\/czerwonagora.pl\/#\/schema\/person\/88ad471b758c11e595bd87abceaf3cfd"},"headline":"Rz\u0105dowa Agencja Rezerw Materia\u0142owych przekaza\u0142a dla Szpitala nowe \u0142\u00f3\u017cka","datePublished":"2021-06-09T10:59:06+00:00","dateModified":"2021-08-03T07:56:22+00:00","mainEntityOfPage":{"@id":"https:\/\/czerwonagora.pl\/index.php\/2021\/06\/09\/rzadowa-agencja-rezerw-materialowych-przekazala-dla-szpitala-nowe-lozka\/"},"wordCount":173,"publisher":{"@id":"https:\/\/czerwonagora.pl\/#organization"},"image":{"@id":"https:\/\/czerwonagora.pl\/index.php\/2021\/06\/09\/rzadowa-agencja-rezerw-materialowych-przekazala-dla-szpitala-nowe-lozka\/#primaryimage"},"thumbnailUrl":"https:\/\/czerwonagora.pl\/wp-content\/uploads\/2021\/06\/001.jpg","articleSection":["Aktualno\u015bci"],"inLanguage":"pl-PL"},{"@type":"WebPage","@id":"https:\/\/czerwonagora.pl\/index.php\/2021\/06\/09\/rzadowa-agencja-rezerw-materialowych-przekazala-dla-szpitala-nowe-lozka\/","url":"https:\/\/czerwonagora.pl\/index.php\/2021\/06\/09\/rzadowa-agencja-rezerw-materialowych-przekazala-dla-szpitala-nowe-lozka\/","name":"Rz\u0105dowa Agencja Rezerw Materia\u0142owych przekaza\u0142a dla Szpitala nowe \u0142\u00f3\u017cka - Wojew\u00f3dzki Szpital Specjalistyczny im. \u015aw. Rafa\u0142a w Czerwonej G\u00f3rze","isPartOf":{"@id":"https:\/\/czerwonagora.pl\/#website"},"primaryImageOfPage":{"@id":"https:\/\/czerwonagora.pl\/index.php\/2021\/06\/09\/rzadowa-agencja-rezerw-materialowych-przekazala-dla-szpitala-nowe-lozka\/#primaryimage"},"image":{"@id":"https:\/\/czerwonagora.pl\/index.php\/2021\/06\/09\/rzadowa-agencja-rezerw-materialowych-przekazala-dla-szpitala-nowe-lozka\/#primaryimage"},"thumbnailUrl":"https:\/\/czerwonagora.pl\/wp-content\/uploads\/2021\/06\/001.jpg","datePublished":"2021-06-09T10:59:06+00:00","dateModified":"2021-08-03T07:56:22+00:00","breadcrumb":{"@id":"https:\/\/czerwonagora.pl\/index.php\/2021\/06\/09\/rzadowa-agencja-rezerw-materialowych-przekazala-dla-szpitala-nowe-lozka\/#breadcrumb"},"inLanguage":"pl-PL","potentialAction":[{"@type":"ReadAction","target":["https:\/\/czerwonagora.pl\/index.php\/2021\/06\/09\/rzadowa-agencja-rezerw-materialowych-przekazala-dla-szpitala-nowe-lozka\/"]}]},{"@type":"ImageObject","inLanguage":"pl-PL","@id":"https:\/\/czerwonagora.pl\/index.php\/2021\/06\/09\/rzadowa-agencja-rezerw-materialowych-przekazala-dla-szpitala-nowe-lozka\/#primaryimage","url":"https:\/\/czerwonagora.pl\/wp-content\/uploads\/2021\/06\/001.jpg","contentUrl":"https:\/\/czerwonagora.pl\/wp-content\/uploads\/2021\/06\/001.jpg","width":1152,"height":768,"caption":"Roz\u0142adunek \u0142\u00f3\u017cek medycznych dka szpitla Dyrektor Szpitala ubrany w granitur koloru czarnego i maseczk\u0119 ochronn\u0105 sciska d\u0142o\u0144 Wojewodzie \u015awi\u0119tokrzyskiemu, kt\u00f3ry si\u0119 u\u015bmiecha."},{"@type":"BreadcrumbList","@id":"https:\/\/czerwonagora.pl\/index.php\/2021\/06\/09\/rzadowa-agencja-rezerw-materialowych-przekazala-dla-szpitala-nowe-lozka\/#breadcrumb","itemListElement":[{"@type":"ListItem","position":1,"name":"Strona g\u0142\u00f3wna","item":"https:\/\/czerwonagora.pl\/"},{"@type":"ListItem","position":2,"name":"Rz\u0105dowa Agencja Rezerw Materia\u0142owych przekaza\u0142a dla Szpitala nowe \u0142\u00f3\u017cka"}]},{"@type":"WebSite","@id":"https:\/\/czerwonagora.pl\/#website","url":"https:\/\/czerwonagora.pl\/","name":"Wojew\u00f3dzki Szpital Specjalistyczny im. \u015aw. Rafa\u0142a w Czerwonej G\u00f3rze","description":"Wojew\u00f3dzki Szpital Specjalistyczny im. \u015aw. Rafa\u0142a w Czerwonej G\u00f3rze","publisher":{"@id":"https:\/\/czerwonagora.pl\/#organization"},"potentialAction":[{"@type":"SearchAction","target":{"@type":"EntryPoint","urlTemplate":"https:\/\/czerwonagora.pl\/?s={search_term_string}"},"query-input":{"@type":"PropertyValueSpecification","valueRequired":true,"valueName":"search_term_string"}}],"inLanguage":"pl-PL"},{"@type":"Organization","@id":"https:\/\/czerwonagora.pl\/#organization","name":"Wojew\u00f3dzki Szpital Specjalistyczny im. \u015aw. Rafa\u0142a w Czerwonej G\u00f3rze","url":"https:\/\/czerwonagora.pl\/","logo":{"@type":"ImageObject","inLanguage":"pl-PL","@id":"https:\/\/czerwonagora.pl\/#\/schema\/logo\/image\/","url":"https:\/\/czerwonagora.pl\/wp-content\/uploads\/2021\/06\/Logo-WSS-DUZE-transparentne.png","contentUrl":"https:\/\/czerwonagora.pl\/wp-content\/uploads\/2021\/06\/Logo-WSS-DUZE-transparentne.png","width":4210,"height":2975,"caption":"Wojew\u00f3dzki Szpital Specjalistyczny im. \u015aw. Rafa\u0142a w Czerwonej G\u00f3rze"},"image":{"@id":"https:\/\/czerwonagora.pl\/#\/schema\/logo\/image\/"},"sameAs":["https:\/\/www.facebook.com\/SzpitalCzerwonaGora\/"]},{"@type":"Person","@id":"https:\/\/czerwonagora.pl\/#\/schema\/person\/88ad471b758c11e595bd87abceaf3cfd","name":"Krzysztof Kasprzyk","image":{"@type":"ImageObject","inLanguage":"pl-PL","@id":"https:\/\/czerwonagora.pl\/wp-content\/litespeed\/avatar\/758f42868e3c503ca9f38bee50fcfff3.jpg?ver=1777380282","url":"https:\/\/czerwonagora.pl\/wp-content\/litespeed\/avatar\/758f42868e3c503ca9f38bee50fcfff3.jpg?ver=1777380282","contentUrl":"https:\/\/czerwonagora.pl\/wp-content\/litespeed\/avatar\/758f42868e3c503ca9f38bee50fcfff3.jpg?ver=1777380282","caption":"Krzysztof Kasprzyk"},"sameAs":["https:\/\/czerwonagora.pl"],"url":"https:\/\/czerwonagora.pl\/index.php\/author\/maverick\/"}]}},"publishpress_future_action":{"enabled":false,"date":"2026-05-06 14:14:29","action":"change-status","newStatus":"draft","terms":[],"taxonomy":"category","extraData":[]},"publishpress_future_workflow_manual_trigger":{"enabledWorkflows":[]},"_links":{"self":[{"href":"https:\/\/czerwonagora.pl\/index.php\/wp-json\/wp\/v2\/posts\/4485","targetHints":{"allow":["GET"]}}],"collection":[{"href":"https:\/\/czerwonagora.pl\/index.php\/wp-json\/wp\/v2\/posts"}],"about":[{"href":"https:\/\/czerwonagora.pl\/index.php\/wp-json\/wp\/v2\/types\/post"}],"author":[{"embeddable":true,"href":"https:\/\/czerwonagora.pl\/index.php\/wp-json\/wp\/v2\/users\/1"}],"replies":[{"embeddable":true,"href":"https:\/\/czerwonagora.pl\/index.php\/wp-json\/wp\/v2\/comments?post=4485"}],"version-history":[{"count":33,"href":"https:\/\/czerwonagora.pl\/index.php\/wp-json\/wp\/v2\/posts\/4485\/revisions"}],"predecessor-version":[{"id":10692,"href":"https:\/\/czerwonagora.pl\/index.php\/wp-json\/wp\/v2\/posts\/4485\/revisions\/10692"}],"wp:featuredmedia":[{"embeddable":true,"href":"https:\/\/czerwonagora.pl\/index.php\/wp-json\/wp\/v2\/media\/4486"}],"wp:attachment":[{"href":"https:\/\/czerwonagora.pl\/index.php\/wp-json\/wp\/v2\/media?parent=4485"}],"wp:term":[{"taxonomy":"category","embeddable":true,"href":"https:\/\/czerwonagora.pl\/index.php\/wp-json\/wp\/v2\/categories?post=4485"},{"taxonomy":"post_tag","embeddable":true,"href":"https:\/\/czerwonagora.pl\/index.php\/wp-json\/wp\/v2\/tags?post=4485"}],"curies":[{"name":"wp","href":"https:\/\/api.w.org\/{rel}","templated":true}]}}