{"id":5814,"date":"2021-06-25T09:02:37","date_gmt":"2021-06-25T07:02:37","guid":{"rendered":"https:\/\/czerwonagora.pl\/?p=5814"},"modified":"2021-08-03T09:55:45","modified_gmt":"2021-08-03T07:55:45","slug":"nowoczesny-zaklad-opieki-leczni","status":"publish","type":"post","link":"https:\/\/czerwonagora.pl\/index.php\/2021\/06\/25\/nowoczesny-zaklad-opieki-leczni\/","title":{"rendered":"Nowoczesny Zak\u0142ad Opieki Leczniczej"},"content":{"rendered":"\t\t<div data-elementor-type=\"wp-post\" data-elementor-id=\"5814\" class=\"elementor elementor-5814\">\n\t\t\t\t\t\t<section class=\"elementor-section elementor-top-section elementor-element elementor-element-93b1167 elementor-section-boxed elementor-section-height-default elementor-section-height-default\" data-id=\"93b1167\" data-element_type=\"section\" data-e-type=\"section\">\n\t\t\t\t\t\t<div class=\"elementor-container elementor-column-gap-default\">\n\t\t\t\t\t<div class=\"elementor-column elementor-col-100 elementor-top-column elementor-element elementor-element-044895e\" data-id=\"044895e\" data-element_type=\"column\" data-e-type=\"column\">\n\t\t\t<div class=\"elementor-widget-wrap elementor-element-populated\">\n\t\t\t\t\t\t<div class=\"elementor-element elementor-element-fff0c47 elementor-widget elementor-widget-image\" data-id=\"fff0c47\" data-element_type=\"widget\" data-e-type=\"widget\" data-widget_type=\"image.default\">\n\t\t\t\t<div class=\"elementor-widget-container\">\n\t\t\t\t\t\t\t\t\t\t\t\t\t\t\t<img fetchpriority=\"high\" decoding=\"async\" width=\"812\" height=\"542\" src=\"https:\/\/czerwonagora.pl\/wp-content\/uploads\/2021\/06\/ZOL-003-1024x683.jpg\" class=\"attachment-large size-large wp-image-5889\" alt=\"osoby ubrane w ubrania medyczne i wizytowe oraz maseczki ochronne na twarzy podczas przeci\u0119cia st\u0119gi bia\u0142o czerwonej otwarcia oddzia\u0142u ZOL szpitala.\" srcset=\"https:\/\/czerwonagora.pl\/wp-content\/uploads\/2021\/06\/ZOL-003-1024x683.jpg 1024w, https:\/\/czerwonagora.pl\/wp-content\/uploads\/2021\/06\/ZOL-003-300x200.jpg 300w, https:\/\/czerwonagora.pl\/wp-content\/uploads\/2021\/06\/ZOL-003-768x512.jpg 768w, https:\/\/czerwonagora.pl\/wp-content\/uploads\/2021\/06\/ZOL-003.jpg 1152w\" sizes=\"(max-width: 812px) 100vw, 812px\" \/>\t\t\t\t\t\t\t\t\t\t\t\t\t\t\t<\/div>\n\t\t\t\t<\/div>\n\t\t\t\t\t<\/div>\n\t\t<\/div>\n\t\t\t\t\t<\/div>\n\t\t<\/section>\n\t\t\t\t<section class=\"elementor-section elementor-top-section elementor-element elementor-element-94b3d62 elementor-section-full_width elementor-section-height-default elementor-section-height-default\" data-id=\"94b3d62\" data-element_type=\"section\" data-e-type=\"section\">\n\t\t\t\t\t\t<div class=\"elementor-container elementor-column-gap-default\">\n\t\t\t\t\t<div class=\"elementor-column elementor-col-33 elementor-top-column elementor-element elementor-element-8f6050b\" data-id=\"8f6050b\" data-element_type=\"column\" data-e-type=\"column\">\n\t\t\t<div class=\"elementor-widget-wrap elementor-element-populated\">\n\t\t\t\t\t\t<div class=\"elementor-element elementor-element-32a21f0 elementor-widget elementor-widget-heading\" data-id=\"32a21f0\" data-element_type=\"widget\" data-e-type=\"widget\" data-widget_type=\"heading.default\">\n\t\t\t\t<div class=\"elementor-widget-container\">\n\t\t\t\t\t<h1 class=\"elementor-heading-title elementor-size-large\">NOWOCZESNY ZAK\u0141AD OPIEKU\u0143CZO-LECZNICZY W CZERWONEJ G\u00d3RZE<\/h1>\t\t\t\t<\/div>\n\t\t\t\t<\/div>\n\t\t\t\t\t<\/div>\n\t\t<\/div>\n\t\t\t\t<div class=\"elementor-column elementor-col-66 elementor-top-column elementor-element elementor-element-4df75ea\" data-id=\"4df75ea\" data-element_type=\"column\" data-e-type=\"column\">\n\t\t\t<div class=\"elementor-widget-wrap elementor-element-populated\">\n\t\t\t\t\t\t<div class=\"elementor-element elementor-element-f3affe7 elementor-widget elementor-widget-text-editor\" data-id=\"f3affe7\" data-element_type=\"widget\" data-e-type=\"widget\" data-widget_type=\"text-editor.default\">\n\t\t\t\t<div class=\"elementor-widget-container\">\n\t\t\t\t\t\t\t\t\t<p><strong>W czwartek 17 czerwca br. O godz. 12:00<\/strong>\u00a0Wojew\u00f3dzkim Szpitalu Specjalistycznym im. \u015aw. Rafa\u0142a w Czerwonej G\u00f3rze nast\u0105pi\u00a0<strong>uroczyste otwarcie Zak\u0142adu Opieku\u0144czo-Leczniczego<\/strong>. <br \/>To kolejna inwestycja rozszerzaj\u0105ca zakres \u015bwiadcze\u0144 w szpitalu, w tym przypadku skierowana do pacjent\u00f3w wymagaj\u0105cych opieki d\u0142ugoterminowej.<\/p><p>Koszt projektu pod nazw\u0105\u00a0<strong>&#8222;Rozbudowa kompleksu budynk\u00f3w szpitalnych Wojew\u00f3dzkiego Szpitala Specjalistycznego im. \u015bw. Rafa\u0142a w Czerwonej G<\/strong><strong>\u00f3rze o Zak\u0142ad Opieku\u0144czo &#8211; Leczniczy&#8221;<\/strong> wyni\u00f3s\u0142 \u0142\u0105cznie prawie 17 mln z\u0142 i uzyska\u0142 dofinansowanie <br \/>z Europejskiego Funduszu Rozwoju Regionalnego w ramach Regionalnego Programu Operacyjnego Wojew\u00f3dztwa \u015awi\u0119tokrzyskiego na lata 2014-2020. (Dzia\u0142anie 7.3 Infrastruktura zdrowotna i spo\u0142eczna) &#8211; 12 688 887,63 z\u0142, a tak\u017ce z\u00a0 Bud\u017cetu Pa\u0144stwa \u2013 1 444 435,26 z\u0142 oraz bud\u017cetu Wojew\u00f3dztwa \u015awi\u0119tokrzyskiego \u2013 608 500,00 z\u0142. Natomiast 1 885 428,01 z\u0142 wyni\u00f3s\u0142 wk\u0142ad w\u0142asny finansowy szpitala w Czerwonej G\u00f3rze.<\/p>\t\t\t\t\t\t\t\t<\/div>\n\t\t\t\t<\/div>\n\t\t\t\t\t<\/div>\n\t\t<\/div>\n\t\t\t\t\t<\/div>\n\t\t<\/section>\n\t\t\t\t<section class=\"elementor-section elementor-top-section elementor-element elementor-element-4addfb5 elementor-section-full_width elementor-section-height-default elementor-section-height-default\" data-id=\"4addfb5\" data-element_type=\"section\" data-e-type=\"section\">\n\t\t\t\t\t\t<div class=\"elementor-container elementor-column-gap-default\">\n\t\t\t\t\t<div class=\"elementor-column elementor-col-100 elementor-top-column elementor-element elementor-element-64a01f3\" data-id=\"64a01f3\" data-element_type=\"column\" data-e-type=\"column\">\n\t\t\t<div class=\"elementor-widget-wrap elementor-element-populated\">\n\t\t\t\t\t\t<div class=\"elementor-element elementor-element-d0d69ff elementor-widget elementor-widget-text-editor\" data-id=\"d0d69ff\" data-element_type=\"widget\" data-e-type=\"widget\" data-widget_type=\"text-editor.default\">\n\t\t\t\t<div class=\"elementor-widget-container\">\n\t\t\t\t\t\t\t\t\t<p>Inwestycja zosta\u0142a zrealizowana w miejscu tzw. \u201eLe\u017cakowni\u201d, tj. starego czteropi\u0119trowego budynku powsta\u0142ego w 1970 roku. Nowy budynek Zak\u0142adu Opieku\u0144czo-Leczniczego zosta\u0142 zaprojektowany jako przed\u0142u\u017cenie segmentu A szpitala od strony p\u00f3\u0142nocnej. Realizacja projektu rozpocz\u0119\u0142a si\u0119 w sierpniu 2018 r. Przedsi\u0119biorstwo Budownictwa Og\u00f3lnego \u201eKartel\u201d S.A., jako wy\u0142oniony w przetargu nieograniczonym generalny wykonawca inwestycji, rozpocz\u0105\u0142 prace od wyburzenia starego obiektu jesieni\u0105 2018 r. i nast\u0119pnie przyst\u0105pi\u0142 do rozbudowy obiekt\u00f3w szpitala.<\/p><p>W efekcie projektu powsta\u0142 budynek ZOL, sk\u0142adaj\u0105cy si\u0119 z 5 kondygnacji nadziemnych oraz jednej podziemnej. Powierzchnia zabudowy wynosi 741,95 m<sup>2<\/sup><sup>,<\/sup>, z czego powierzchnia u\u017cytkowa to a\u017c 2928,57 m<sup>2<\/sup><sup>.<\/sup>. Powsta\u0142y obiekt jest okre\u015blany jako \u015brednio-wysoko\u015bciowy i jego wymiary wynosz\u0105: d\u0142ugo\u015b\u0107 16,22 m, szeroko\u015b\u0107 50,17 m oraz wysoko\u015b\u0107 19,60 m. \u0141\u0105czna kubatura wynosi 12634,15 m<sup>3<\/sup>. Celem zapewnienia pe\u0142nej opieki nad pacjentami, ka\u017cda z sal w ramach ZOL posiada w\u0142asn\u0105 \u0142azienk\u0119 <br \/>z prysznicem. Jednocze\u015bnie, aby u\u0142atwi\u0107 przemieszczanie si\u0119 w ramach obiektu oraz codzienne funkcjonowanie Zak\u0142adu zamontowano dwie windy o \u0142\u0105cznym ud\u017awigu 1600 kg.<\/p><p>W lipcu 2020 roku, po zako\u0144czeniu prac budowlanych, uzyskano pozwolenie na u\u017cytkowanie. Jednak\u017ce rozw\u00f3j pandemii wywo\u0142anej wirusem koronawirusem i rosn\u0105ca liczba pacjent\u00f3w wymagaj\u0105cych w tej sytuacji hospitalizacji spowodowa\u0142y, \u017ce w okresie od pa\u017adziernika 2020 r. do kwietnia 2021 r. trzy pi\u0119tra nowopowsta\u0142ego budynku ZOL, za zgod\u0105 Urz\u0119du Marsza\u0142kowskiego Wojew\u00f3dztwa \u015awi\u0119tokrzyskiego, by\u0142y przeznaczone do leczenia pacjent\u00f3w z chorob\u0105 COVID-19. By\u0142a to wyj\u0105tkowa decyzja umo\u017cliwiaj\u0105ca zwi\u0119kszenie liczby \u0142\u00f3\u017cek dla pacjent\u00f3w z koronawirusem w Wojew\u00f3dzkim Szpitalu Specjalistycznym w Czerwonej G\u00f3rze oraz zapewnienie dla ich lepszej opieki medycznej w kluczowym momencie rozwoju pandemii.<\/p><p>Uruchomienie ZOL w ramach Wojew\u00f3dzkiego Szpitala Specjalistycznego im. \u015aw. Rafa\u0142a<br \/>w Czerwonej G\u00f3rze poprawi dost\u0119pno\u015b\u0107 do \u015bwiadcze\u0144 opieki d\u0142ugoterminowej oraz pozwoli na odzyskanie mo\u017cliwie jak najwi\u0119kszej sprawno\u015bci fizycznej i samodzielno\u015bci osobom, kt\u00f3re nie wymagaj\u0105 hospitalizacji i maj\u0105 uko\u0144czony proces leczenia szpitalnego, ale ze wzgl\u0119du na stan zdrowia nadal wymagaj\u0105 ca\u0142odobowej, specjalistycznej opieki.<\/p><p>Jest to szczeg\u00f3lnie wa\u017cne dla os\u00f3b z przewlek\u0142\u0105 i ci\u0119\u017ck\u0105 niewydolno\u015bci\u0105 oddechow\u0105, kt\u00f3rzy nie maj\u0105 mo\u017cliwo\u015bci uzyskania stacjonarnej, d\u0142ugoterminowej opieki, leczenia oraz rehabilitacji wraz <br \/>z nieinwazyjn\u0105 i inwazyjn\u0105 wentylacj\u0105 mechaniczn\u0105 w pobli\u017cu miejsca zamieszkania. Otwarcie Zak\u0142adu Opieku\u0144czo-Leczniczego w ramach szpitala w Czerwonej G\u00f3rze umo\u017cliwi rozszerzenie zakresu \u015bwiadcze\u0144 zdrowotnych dla mieszka\u0144c\u00f3w wojew\u00f3dztwa \u015bwi\u0119tokrzyskiego. W Zak\u0142adzie Opieku\u0144czo \u2013 Leczniczym powstanie 66 miejsc dla pacjent\u00f3w, w tym 22 miejsca dla os\u00f3b wymagaj\u0105cych wentylacji mechanicznej. Wykwalifikowan\u0105 kadr\u0119 pracownicz\u0105 b\u0119dzie stanowi\u0142o ponad 40 os\u00f3b. Kierownikiem Zak\u0142adu jest Pani dr El\u017cbieta Zawierucha.<\/p>\t\t\t\t\t\t\t\t<\/div>\n\t\t\t\t<\/div>\n\t\t\t\t\t<\/div>\n\t\t<\/div>\n\t\t\t\t\t<\/div>\n\t\t<\/section>\n\t\t\t\t<section class=\"elementor-section elementor-top-section elementor-element elementor-element-4fa3d50e elementor-section-stretched elementor-section-full_width elementor-section-height-default elementor-section-height-default\" data-id=\"4fa3d50e\" data-element_type=\"section\" data-e-type=\"section\" data-settings=\"{&quot;stretch_section&quot;:&quot;section-stretched&quot;,&quot;background_background&quot;:&quot;classic&quot;}\">\n\t\t\t\t\t\t<div class=\"elementor-container elementor-column-gap-default\">\n\t\t\t\t\t<div class=\"elementor-column elementor-col-100 elementor-top-column elementor-element elementor-element-1cbc53e6\" data-id=\"1cbc53e6\" data-element_type=\"column\" data-e-type=\"column\">\n\t\t\t<div class=\"elementor-widget-wrap elementor-element-populated\">\n\t\t\t\t\t\t<div class=\"elementor-element elementor-element-6d37518e gallery-spacing-custom elementor-invisible elementor-widget elementor-widget-image-gallery\" data-id=\"6d37518e\" data-element_type=\"widget\" data-e-type=\"widget\" data-settings=\"{&quot;_animation&quot;:&quot;fadeIn&quot;,&quot;_animation_delay&quot;:200}\" data-widget_type=\"image-gallery.default\">\n\t\t\t\t<div class=\"elementor-widget-container\">\n\t\t\t\t\t\t\t<div class=\"elementor-image-gallery\">\n\t\t\t<div id='gallery-1' class='gallery galleryid-5814 gallery-columns-4 gallery-size-medium'><figure class='gallery-item'>\n\t\t\t<div class='gallery-icon landscape'>\n\t\t\t\t<a data-elementor-open-lightbox=\"yes\" data-elementor-lightbox-slideshow=\"6d37518e\" data-e-action-hash=\"#elementor-action%3Aaction%3Dlightbox%26settings%3DeyJpZCI6NTg4NywidXJsIjoiaHR0cHM6XC9cL2N6ZXJ3b25hZ29yYS5wbFwvd3AtY29udGVudFwvdXBsb2Fkc1wvMjAyMVwvMDZcL1pPTC0wMDEuanBnIiwic2xpZGVzaG93IjoiNmQzNzUxOGUifQ%3D%3D\" href='https:\/\/czerwonagora.pl\/wp-content\/uploads\/2021\/06\/ZOL-001.jpg'><img decoding=\"async\" width=\"300\" height=\"200\" src=\"https:\/\/czerwonagora.pl\/wp-content\/uploads\/2021\/06\/ZOL-001-300x200.jpg\" class=\"attachment-medium size-medium\" alt=\"osoby ubrane w ubrania medyczne i wizytowe oraz maseczki ochronne na twarzy podczas przeci\u0119cia st\u0119gi bia\u0142o czerwonej otwarcia oddzia\u0142u ZOL szpitala.\" srcset=\"https:\/\/czerwonagora.pl\/wp-content\/uploads\/2021\/06\/ZOL-001-300x200.jpg 300w, https:\/\/czerwonagora.pl\/wp-content\/uploads\/2021\/06\/ZOL-001-1024x683.jpg 1024w, https:\/\/czerwonagora.pl\/wp-content\/uploads\/2021\/06\/ZOL-001-768x512.jpg 768w, https:\/\/czerwonagora.pl\/wp-content\/uploads\/2021\/06\/ZOL-001.jpg 1152w\" sizes=\"(max-width: 300px) 100vw, 300px\" \/><\/a>\n\t\t\t<\/div><\/figure><figure class='gallery-item'>\n\t\t\t<div class='gallery-icon landscape'>\n\t\t\t\t<a data-elementor-open-lightbox=\"yes\" data-elementor-lightbox-slideshow=\"6d37518e\" data-e-action-hash=\"#elementor-action%3Aaction%3Dlightbox%26settings%3DeyJpZCI6NTg4OCwidXJsIjoiaHR0cHM6XC9cL2N6ZXJ3b25hZ29yYS5wbFwvd3AtY29udGVudFwvdXBsb2Fkc1wvMjAyMVwvMDZcL1pPTC0wMDIuanBnIiwic2xpZGVzaG93IjoiNmQzNzUxOGUifQ%3D%3D\" href='https:\/\/czerwonagora.pl\/wp-content\/uploads\/2021\/06\/ZOL-002.jpg'><img decoding=\"async\" width=\"300\" height=\"200\" src=\"https:\/\/czerwonagora.pl\/wp-content\/uploads\/2021\/06\/ZOL-002-300x200.jpg\" class=\"attachment-medium size-medium\" alt=\"osoby ubrane w ubrania medyczne i wizytowe oraz maseczki ochronne na twarzy podczas przeci\u0119cia st\u0119gi bia\u0142o czerwonej otwarcia oddzia\u0142u ZOL szpitala.\" srcset=\"https:\/\/czerwonagora.pl\/wp-content\/uploads\/2021\/06\/ZOL-002-300x200.jpg 300w, https:\/\/czerwonagora.pl\/wp-content\/uploads\/2021\/06\/ZOL-002-1024x683.jpg 1024w, https:\/\/czerwonagora.pl\/wp-content\/uploads\/2021\/06\/ZOL-002-768x512.jpg 768w, https:\/\/czerwonagora.pl\/wp-content\/uploads\/2021\/06\/ZOL-002.jpg 1152w\" sizes=\"(max-width: 300px) 100vw, 300px\" \/><\/a>\n\t\t\t<\/div><\/figure><figure class='gallery-item'>\n\t\t\t<div class='gallery-icon landscape'>\n\t\t\t\t<a data-elementor-open-lightbox=\"yes\" data-elementor-lightbox-slideshow=\"6d37518e\" data-e-action-hash=\"#elementor-action%3Aaction%3Dlightbox%26settings%3DeyJpZCI6NTg4OSwidXJsIjoiaHR0cHM6XC9cL2N6ZXJ3b25hZ29yYS5wbFwvd3AtY29udGVudFwvdXBsb2Fkc1wvMjAyMVwvMDZcL1pPTC0wMDMuanBnIiwic2xpZGVzaG93IjoiNmQzNzUxOGUifQ%3D%3D\" href='https:\/\/czerwonagora.pl\/wp-content\/uploads\/2021\/06\/ZOL-003.jpg'><img loading=\"lazy\" decoding=\"async\" width=\"300\" height=\"200\" src=\"https:\/\/czerwonagora.pl\/wp-content\/uploads\/2021\/06\/ZOL-003-300x200.jpg\" class=\"attachment-medium size-medium\" alt=\"osoby ubrane w ubrania medyczne i wizytowe oraz maseczki ochronne na twarzy podczas przeci\u0119cia st\u0119gi bia\u0142o czerwonej otwarcia oddzia\u0142u ZOL szpitala.\" srcset=\"https:\/\/czerwonagora.pl\/wp-content\/uploads\/2021\/06\/ZOL-003-300x200.jpg 300w, https:\/\/czerwonagora.pl\/wp-content\/uploads\/2021\/06\/ZOL-003-1024x683.jpg 1024w, https:\/\/czerwonagora.pl\/wp-content\/uploads\/2021\/06\/ZOL-003-768x512.jpg 768w, https:\/\/czerwonagora.pl\/wp-content\/uploads\/2021\/06\/ZOL-003.jpg 1152w\" sizes=\"(max-width: 300px) 100vw, 300px\" \/><\/a>\n\t\t\t<\/div><\/figure><figure class='gallery-item'>\n\t\t\t<div class='gallery-icon landscape'>\n\t\t\t\t<a data-elementor-open-lightbox=\"yes\" data-elementor-lightbox-slideshow=\"6d37518e\" data-e-action-hash=\"#elementor-action%3Aaction%3Dlightbox%26settings%3DeyJpZCI6NTg5MCwidXJsIjoiaHR0cHM6XC9cL2N6ZXJ3b25hZ29yYS5wbFwvd3AtY29udGVudFwvdXBsb2Fkc1wvMjAyMVwvMDZcL1pPTC0wMDQuanBnIiwic2xpZGVzaG93IjoiNmQzNzUxOGUifQ%3D%3D\" href='https:\/\/czerwonagora.pl\/wp-content\/uploads\/2021\/06\/ZOL-004.jpg'><img loading=\"lazy\" decoding=\"async\" width=\"300\" height=\"200\" src=\"https:\/\/czerwonagora.pl\/wp-content\/uploads\/2021\/06\/ZOL-004-300x200.jpg\" class=\"attachment-medium size-medium\" alt=\"osoby ubrane w ubrania medyczne i wizytowe oraz maseczki ochronne na twarzy podczas przeci\u0119cia st\u0119gi bia\u0142o czerwonej otwarcia oddzia\u0142u ZOL szpitala.\" srcset=\"https:\/\/czerwonagora.pl\/wp-content\/uploads\/2021\/06\/ZOL-004-300x200.jpg 300w, https:\/\/czerwonagora.pl\/wp-content\/uploads\/2021\/06\/ZOL-004-1024x683.jpg 1024w, https:\/\/czerwonagora.pl\/wp-content\/uploads\/2021\/06\/ZOL-004-768x512.jpg 768w, https:\/\/czerwonagora.pl\/wp-content\/uploads\/2021\/06\/ZOL-004.jpg 1152w\" sizes=\"(max-width: 300px) 100vw, 300px\" \/><\/a>\n\t\t\t<\/div><\/figure><figure class='gallery-item'>\n\t\t\t<div class='gallery-icon landscape'>\n\t\t\t\t<a data-elementor-open-lightbox=\"yes\" data-elementor-lightbox-slideshow=\"6d37518e\" data-e-action-hash=\"#elementor-action%3Aaction%3Dlightbox%26settings%3DeyJpZCI6NTg5MSwidXJsIjoiaHR0cHM6XC9cL2N6ZXJ3b25hZ29yYS5wbFwvd3AtY29udGVudFwvdXBsb2Fkc1wvMjAyMVwvMDZcL1pPTC0wMDUuanBnIiwic2xpZGVzaG93IjoiNmQzNzUxOGUifQ%3D%3D\" href='https:\/\/czerwonagora.pl\/wp-content\/uploads\/2021\/06\/ZOL-005.jpg'><img loading=\"lazy\" decoding=\"async\" width=\"300\" height=\"200\" src=\"https:\/\/czerwonagora.pl\/wp-content\/uploads\/2021\/06\/ZOL-005-300x200.jpg\" class=\"attachment-medium size-medium\" alt=\"osoby ubrane w ubrania medyczne i wizytowe oraz maseczki ochronne na twarzy podczas przeci\u0119cia st\u0119gi bia\u0142o czerwonej otwarcia oddzia\u0142u ZOL szpitala.\" srcset=\"https:\/\/czerwonagora.pl\/wp-content\/uploads\/2021\/06\/ZOL-005-300x200.jpg 300w, https:\/\/czerwonagora.pl\/wp-content\/uploads\/2021\/06\/ZOL-005-1024x683.jpg 1024w, https:\/\/czerwonagora.pl\/wp-content\/uploads\/2021\/06\/ZOL-005-768x512.jpg 768w, https:\/\/czerwonagora.pl\/wp-content\/uploads\/2021\/06\/ZOL-005.jpg 1152w\" sizes=\"(max-width: 300px) 100vw, 300px\" \/><\/a>\n\t\t\t<\/div><\/figure><figure class='gallery-item'>\n\t\t\t<div class='gallery-icon landscape'>\n\t\t\t\t<a data-elementor-open-lightbox=\"yes\" data-elementor-lightbox-slideshow=\"6d37518e\" data-e-action-hash=\"#elementor-action%3Aaction%3Dlightbox%26settings%3DeyJpZCI6NTg5MiwidXJsIjoiaHR0cHM6XC9cL2N6ZXJ3b25hZ29yYS5wbFwvd3AtY29udGVudFwvdXBsb2Fkc1wvMjAyMVwvMDZcL1pPTC0wMDYuanBnIiwic2xpZGVzaG93IjoiNmQzNzUxOGUifQ%3D%3D\" href='https:\/\/czerwonagora.pl\/wp-content\/uploads\/2021\/06\/ZOL-006.jpg'><img loading=\"lazy\" decoding=\"async\" width=\"300\" height=\"200\" src=\"https:\/\/czerwonagora.pl\/wp-content\/uploads\/2021\/06\/ZOL-006-300x200.jpg\" class=\"attachment-medium size-medium\" alt=\"osoby ubrane w ubrania medyczne i wizytowe oraz maseczki ochronne na twarzy podczas otwarcia oddzia\u0142u ZOL szpitala.\" srcset=\"https:\/\/czerwonagora.pl\/wp-content\/uploads\/2021\/06\/ZOL-006-300x200.jpg 300w, https:\/\/czerwonagora.pl\/wp-content\/uploads\/2021\/06\/ZOL-006-1024x683.jpg 1024w, https:\/\/czerwonagora.pl\/wp-content\/uploads\/2021\/06\/ZOL-006-768x512.jpg 768w, https:\/\/czerwonagora.pl\/wp-content\/uploads\/2021\/06\/ZOL-006.jpg 1152w\" sizes=\"(max-width: 300px) 100vw, 300px\" \/><\/a>\n\t\t\t<\/div><\/figure><figure class='gallery-item'>\n\t\t\t<div class='gallery-icon landscape'>\n\t\t\t\t<a data-elementor-open-lightbox=\"yes\" data-elementor-lightbox-slideshow=\"6d37518e\" data-e-action-hash=\"#elementor-action%3Aaction%3Dlightbox%26settings%3DeyJpZCI6NTg5MywidXJsIjoiaHR0cHM6XC9cL2N6ZXJ3b25hZ29yYS5wbFwvd3AtY29udGVudFwvdXBsb2Fkc1wvMjAyMVwvMDZcL1pPTC0wMDcuanBnIiwic2xpZGVzaG93IjoiNmQzNzUxOGUifQ%3D%3D\" href='https:\/\/czerwonagora.pl\/wp-content\/uploads\/2021\/06\/ZOL-007.jpg'><img loading=\"lazy\" decoding=\"async\" width=\"300\" height=\"200\" src=\"https:\/\/czerwonagora.pl\/wp-content\/uploads\/2021\/06\/ZOL-007-300x200.jpg\" class=\"attachment-medium size-medium\" alt=\"osoby ubrane w ubrania wizytowe podczas otwarcia oddzia\u0142u ZOL szpitala.\" srcset=\"https:\/\/czerwonagora.pl\/wp-content\/uploads\/2021\/06\/ZOL-007-300x200.jpg 300w, https:\/\/czerwonagora.pl\/wp-content\/uploads\/2021\/06\/ZOL-007-1024x683.jpg 1024w, https:\/\/czerwonagora.pl\/wp-content\/uploads\/2021\/06\/ZOL-007-768x512.jpg 768w, https:\/\/czerwonagora.pl\/wp-content\/uploads\/2021\/06\/ZOL-007.jpg 1152w\" sizes=\"(max-width: 300px) 100vw, 300px\" \/><\/a>\n\t\t\t<\/div><\/figure><figure class='gallery-item'>\n\t\t\t<div class='gallery-icon landscape'>\n\t\t\t\t<a data-elementor-open-lightbox=\"yes\" data-elementor-lightbox-slideshow=\"6d37518e\" data-e-action-hash=\"#elementor-action%3Aaction%3Dlightbox%26settings%3DeyJpZCI6NTg5NCwidXJsIjoiaHR0cHM6XC9cL2N6ZXJ3b25hZ29yYS5wbFwvd3AtY29udGVudFwvdXBsb2Fkc1wvMjAyMVwvMDZcL1pPTC0wMDguanBnIiwic2xpZGVzaG93IjoiNmQzNzUxOGUifQ%3D%3D\" href='https:\/\/czerwonagora.pl\/wp-content\/uploads\/2021\/06\/ZOL-008.jpg'><img loading=\"lazy\" decoding=\"async\" width=\"300\" height=\"200\" src=\"https:\/\/czerwonagora.pl\/wp-content\/uploads\/2021\/06\/ZOL-008-300x200.jpg\" class=\"attachment-medium size-medium\" alt=\"osoby ubrane w ubrania medyczne i wizytowe oraz maseczki ochronne na twarzy podczas otwarcia oddzia\u0142u ZOL szpitala.\" srcset=\"https:\/\/czerwonagora.pl\/wp-content\/uploads\/2021\/06\/ZOL-008-300x200.jpg 300w, https:\/\/czerwonagora.pl\/wp-content\/uploads\/2021\/06\/ZOL-008-1024x683.jpg 1024w, https:\/\/czerwonagora.pl\/wp-content\/uploads\/2021\/06\/ZOL-008-768x512.jpg 768w, https:\/\/czerwonagora.pl\/wp-content\/uploads\/2021\/06\/ZOL-008.jpg 1152w\" sizes=\"(max-width: 300px) 100vw, 300px\" \/><\/a>\n\t\t\t<\/div><\/figure><figure class='gallery-item'>\n\t\t\t<div class='gallery-icon landscape'>\n\t\t\t\t<a data-elementor-open-lightbox=\"yes\" data-elementor-lightbox-slideshow=\"6d37518e\" data-e-action-hash=\"#elementor-action%3Aaction%3Dlightbox%26settings%3DeyJpZCI6NTg5NSwidXJsIjoiaHR0cHM6XC9cL2N6ZXJ3b25hZ29yYS5wbFwvd3AtY29udGVudFwvdXBsb2Fkc1wvMjAyMVwvMDZcL1pPTC0wMDkuanBnIiwic2xpZGVzaG93IjoiNmQzNzUxOGUifQ%3D%3D\" href='https:\/\/czerwonagora.pl\/wp-content\/uploads\/2021\/06\/ZOL-009.jpg'><img loading=\"lazy\" decoding=\"async\" width=\"300\" height=\"200\" src=\"https:\/\/czerwonagora.pl\/wp-content\/uploads\/2021\/06\/ZOL-009-300x200.jpg\" class=\"attachment-medium size-medium\" alt=\"osoby ubrane w ubrania medyczne i wizytowe oraz maseczki ochronne na twarzy podczas otwarcia oddzia\u0142u ZOL szpitala.\" srcset=\"https:\/\/czerwonagora.pl\/wp-content\/uploads\/2021\/06\/ZOL-009-300x200.jpg 300w, https:\/\/czerwonagora.pl\/wp-content\/uploads\/2021\/06\/ZOL-009-1024x683.jpg 1024w, https:\/\/czerwonagora.pl\/wp-content\/uploads\/2021\/06\/ZOL-009-768x512.jpg 768w, https:\/\/czerwonagora.pl\/wp-content\/uploads\/2021\/06\/ZOL-009.jpg 1152w\" sizes=\"(max-width: 300px) 100vw, 300px\" \/><\/a>\n\t\t\t<\/div><\/figure><figure class='gallery-item'>\n\t\t\t<div class='gallery-icon landscape'>\n\t\t\t\t<a data-elementor-open-lightbox=\"yes\" data-elementor-lightbox-slideshow=\"6d37518e\" data-e-action-hash=\"#elementor-action%3Aaction%3Dlightbox%26settings%3DeyJpZCI6NTg5NiwidXJsIjoiaHR0cHM6XC9cL2N6ZXJ3b25hZ29yYS5wbFwvd3AtY29udGVudFwvdXBsb2Fkc1wvMjAyMVwvMDZcL1pPTC0wMTAuanBnIiwic2xpZGVzaG93IjoiNmQzNzUxOGUifQ%3D%3D\" href='https:\/\/czerwonagora.pl\/wp-content\/uploads\/2021\/06\/ZOL-010.jpg'><img loading=\"lazy\" decoding=\"async\" width=\"300\" height=\"200\" src=\"https:\/\/czerwonagora.pl\/wp-content\/uploads\/2021\/06\/ZOL-010-300x200.jpg\" class=\"attachment-medium size-medium\" alt=\"Dyrektor Szpitala ubrany w granatowy garnitur w asyscie os\u00f3b ubranych w ubrania wizytowe ko\u0142o budynku ZOL Szpitala.\" srcset=\"https:\/\/czerwonagora.pl\/wp-content\/uploads\/2021\/06\/ZOL-010-300x200.jpg 300w, https:\/\/czerwonagora.pl\/wp-content\/uploads\/2021\/06\/ZOL-010-1024x683.jpg 1024w, https:\/\/czerwonagora.pl\/wp-content\/uploads\/2021\/06\/ZOL-010-768x512.jpg 768w, https:\/\/czerwonagora.pl\/wp-content\/uploads\/2021\/06\/ZOL-010.jpg 1152w\" sizes=\"(max-width: 300px) 100vw, 300px\" \/><\/a>\n\t\t\t<\/div><\/figure><figure class='gallery-item'>\n\t\t\t<div class='gallery-icon landscape'>\n\t\t\t\t<a data-elementor-open-lightbox=\"yes\" data-elementor-lightbox-slideshow=\"6d37518e\" data-e-action-hash=\"#elementor-action%3Aaction%3Dlightbox%26settings%3DeyJpZCI6NTg5NywidXJsIjoiaHR0cHM6XC9cL2N6ZXJ3b25hZ29yYS5wbFwvd3AtY29udGVudFwvdXBsb2Fkc1wvMjAyMVwvMDZcL1pPTC0wMTEuanBnIiwic2xpZGVzaG93IjoiNmQzNzUxOGUifQ%3D%3D\" href='https:\/\/czerwonagora.pl\/wp-content\/uploads\/2021\/06\/ZOL-011.jpg'><img loading=\"lazy\" decoding=\"async\" width=\"300\" height=\"200\" src=\"https:\/\/czerwonagora.pl\/wp-content\/uploads\/2021\/06\/ZOL-011-300x200.jpg\" class=\"attachment-medium size-medium\" alt=\"osoby ubrane w ubrania medyczne i wizytowe oraz maseczki ochronne na twarzy na terenie parkingu szpitala\" srcset=\"https:\/\/czerwonagora.pl\/wp-content\/uploads\/2021\/06\/ZOL-011-300x200.jpg 300w, https:\/\/czerwonagora.pl\/wp-content\/uploads\/2021\/06\/ZOL-011-1024x683.jpg 1024w, https:\/\/czerwonagora.pl\/wp-content\/uploads\/2021\/06\/ZOL-011-768x512.jpg 768w, https:\/\/czerwonagora.pl\/wp-content\/uploads\/2021\/06\/ZOL-011.jpg 1152w\" sizes=\"(max-width: 300px) 100vw, 300px\" \/><\/a>\n\t\t\t<\/div><\/figure><figure class='gallery-item'>\n\t\t\t<div class='gallery-icon landscape'>\n\t\t\t\t<a data-elementor-open-lightbox=\"yes\" data-elementor-lightbox-slideshow=\"6d37518e\" data-e-action-hash=\"#elementor-action%3Aaction%3Dlightbox%26settings%3DeyJpZCI6NTg5OCwidXJsIjoiaHR0cHM6XC9cL2N6ZXJ3b25hZ29yYS5wbFwvd3AtY29udGVudFwvdXBsb2Fkc1wvMjAyMVwvMDZcL1pPTC0wMTIuanBnIiwic2xpZGVzaG93IjoiNmQzNzUxOGUifQ%3D%3D\" href='https:\/\/czerwonagora.pl\/wp-content\/uploads\/2021\/06\/ZOL-012.jpg'><img loading=\"lazy\" decoding=\"async\" width=\"300\" height=\"200\" src=\"https:\/\/czerwonagora.pl\/wp-content\/uploads\/2021\/06\/ZOL-012-300x200.jpg\" class=\"attachment-medium size-medium\" alt=\"osoby ubrane w ubrania medyczne i wizytowe oraz maseczki ochronne na twarzy podczas otwarcia oddzia\u0142u ZOL szpitala.\" srcset=\"https:\/\/czerwonagora.pl\/wp-content\/uploads\/2021\/06\/ZOL-012-300x200.jpg 300w, https:\/\/czerwonagora.pl\/wp-content\/uploads\/2021\/06\/ZOL-012-1024x683.jpg 1024w, https:\/\/czerwonagora.pl\/wp-content\/uploads\/2021\/06\/ZOL-012-768x512.jpg 768w, https:\/\/czerwonagora.pl\/wp-content\/uploads\/2021\/06\/ZOL-012.jpg 1152w\" sizes=\"(max-width: 300px) 100vw, 300px\" \/><\/a>\n\t\t\t<\/div><\/figure><figure class='gallery-item'>\n\t\t\t<div class='gallery-icon landscape'>\n\t\t\t\t<a data-elementor-open-lightbox=\"yes\" data-elementor-lightbox-slideshow=\"6d37518e\" data-e-action-hash=\"#elementor-action%3Aaction%3Dlightbox%26settings%3DeyJpZCI6NTg5OSwidXJsIjoiaHR0cHM6XC9cL2N6ZXJ3b25hZ29yYS5wbFwvd3AtY29udGVudFwvdXBsb2Fkc1wvMjAyMVwvMDZcL1pPTC0wMTMuanBnIiwic2xpZGVzaG93IjoiNmQzNzUxOGUifQ%3D%3D\" href='https:\/\/czerwonagora.pl\/wp-content\/uploads\/2021\/06\/ZOL-013.jpg'><img loading=\"lazy\" decoding=\"async\" width=\"300\" height=\"200\" src=\"https:\/\/czerwonagora.pl\/wp-content\/uploads\/2021\/06\/ZOL-013-300x200.jpg\" class=\"attachment-medium size-medium\" alt=\"osoby ubrane w ubrania medyczne i wizytowe oraz maseczki ochronne na twarzy podczas otwarcia oddzia\u0142u ZOL szpitala.\" srcset=\"https:\/\/czerwonagora.pl\/wp-content\/uploads\/2021\/06\/ZOL-013-300x200.jpg 300w, https:\/\/czerwonagora.pl\/wp-content\/uploads\/2021\/06\/ZOL-013-1024x683.jpg 1024w, https:\/\/czerwonagora.pl\/wp-content\/uploads\/2021\/06\/ZOL-013-768x512.jpg 768w, https:\/\/czerwonagora.pl\/wp-content\/uploads\/2021\/06\/ZOL-013.jpg 1152w\" sizes=\"(max-width: 300px) 100vw, 300px\" \/><\/a>\n\t\t\t<\/div><\/figure><figure class='gallery-item'>\n\t\t\t<div class='gallery-icon landscape'>\n\t\t\t\t<a data-elementor-open-lightbox=\"yes\" data-elementor-lightbox-slideshow=\"6d37518e\" data-e-action-hash=\"#elementor-action%3Aaction%3Dlightbox%26settings%3DeyJpZCI6NTkwMCwidXJsIjoiaHR0cHM6XC9cL2N6ZXJ3b25hZ29yYS5wbFwvd3AtY29udGVudFwvdXBsb2Fkc1wvMjAyMVwvMDZcL1pPTC0wMTQuanBnIiwic2xpZGVzaG93IjoiNmQzNzUxOGUifQ%3D%3D\" href='https:\/\/czerwonagora.pl\/wp-content\/uploads\/2021\/06\/ZOL-014.jpg'><img loading=\"lazy\" decoding=\"async\" width=\"300\" height=\"200\" src=\"https:\/\/czerwonagora.pl\/wp-content\/uploads\/2021\/06\/ZOL-014-300x200.jpg\" class=\"attachment-medium size-medium\" alt=\"Dyrektor Szpitala ubrany w garnitur koloru granatowego przemaiwa przy m\u00f3wnicy koloru br\u0105zowego w asyscie osoby ubranej w czarne ubranie wizytowe podczs otwarcia ZOL Szpitala.\" srcset=\"https:\/\/czerwonagora.pl\/wp-content\/uploads\/2021\/06\/ZOL-014-300x200.jpg 300w, https:\/\/czerwonagora.pl\/wp-content\/uploads\/2021\/06\/ZOL-014-1024x683.jpg 1024w, https:\/\/czerwonagora.pl\/wp-content\/uploads\/2021\/06\/ZOL-014-768x512.jpg 768w, https:\/\/czerwonagora.pl\/wp-content\/uploads\/2021\/06\/ZOL-014.jpg 1152w\" sizes=\"(max-width: 300px) 100vw, 300px\" \/><\/a>\n\t\t\t<\/div><\/figure><figure class='gallery-item'>\n\t\t\t<div class='gallery-icon landscape'>\n\t\t\t\t<a data-elementor-open-lightbox=\"yes\" data-elementor-lightbox-slideshow=\"6d37518e\" data-e-action-hash=\"#elementor-action%3Aaction%3Dlightbox%26settings%3DeyJpZCI6NTkwMSwidXJsIjoiaHR0cHM6XC9cL2N6ZXJ3b25hZ29yYS5wbFwvd3AtY29udGVudFwvdXBsb2Fkc1wvMjAyMVwvMDZcL1pPTC0wMTUuanBnIiwic2xpZGVzaG93IjoiNmQzNzUxOGUifQ%3D%3D\" href='https:\/\/czerwonagora.pl\/wp-content\/uploads\/2021\/06\/ZOL-015.jpg'><img loading=\"lazy\" decoding=\"async\" width=\"300\" height=\"200\" src=\"https:\/\/czerwonagora.pl\/wp-content\/uploads\/2021\/06\/ZOL-015-300x200.jpg\" class=\"attachment-medium size-medium\" alt=\"przem\u00f3wienie osoby ubranej w czarny garnitur przy m\u00f3wnicy koloru br\u0105zowego podczas otwarcia oddzia\u0142u ZOL Szpitala.\" srcset=\"https:\/\/czerwonagora.pl\/wp-content\/uploads\/2021\/06\/ZOL-015-300x200.jpg 300w, https:\/\/czerwonagora.pl\/wp-content\/uploads\/2021\/06\/ZOL-015-1024x683.jpg 1024w, https:\/\/czerwonagora.pl\/wp-content\/uploads\/2021\/06\/ZOL-015-768x512.jpg 768w, https:\/\/czerwonagora.pl\/wp-content\/uploads\/2021\/06\/ZOL-015.jpg 1152w\" sizes=\"(max-width: 300px) 100vw, 300px\" \/><\/a>\n\t\t\t<\/div><\/figure><figure class='gallery-item'>\n\t\t\t<div class='gallery-icon landscape'>\n\t\t\t\t<a data-elementor-open-lightbox=\"yes\" data-elementor-lightbox-slideshow=\"6d37518e\" data-e-action-hash=\"#elementor-action%3Aaction%3Dlightbox%26settings%3DeyJpZCI6NTkwMiwidXJsIjoiaHR0cHM6XC9cL2N6ZXJ3b25hZ29yYS5wbFwvd3AtY29udGVudFwvdXBsb2Fkc1wvMjAyMVwvMDZcL1pPTC0wMTYuanBnIiwic2xpZGVzaG93IjoiNmQzNzUxOGUifQ%3D%3D\" href='https:\/\/czerwonagora.pl\/wp-content\/uploads\/2021\/06\/ZOL-016.jpg'><img loading=\"lazy\" decoding=\"async\" width=\"300\" height=\"200\" src=\"https:\/\/czerwonagora.pl\/wp-content\/uploads\/2021\/06\/ZOL-016-300x200.jpg\" class=\"attachment-medium size-medium\" alt=\"przem\u00f3wienie osoby ubranej w czarny garnitur podczas otwarcia oddzia\u0142u ZOL Szpitala.\" srcset=\"https:\/\/czerwonagora.pl\/wp-content\/uploads\/2021\/06\/ZOL-016-300x200.jpg 300w, https:\/\/czerwonagora.pl\/wp-content\/uploads\/2021\/06\/ZOL-016-1024x683.jpg 1024w, https:\/\/czerwonagora.pl\/wp-content\/uploads\/2021\/06\/ZOL-016-768x512.jpg 768w, https:\/\/czerwonagora.pl\/wp-content\/uploads\/2021\/06\/ZOL-016.jpg 1152w\" sizes=\"(max-width: 300px) 100vw, 300px\" \/><\/a>\n\t\t\t<\/div><\/figure><figure class='gallery-item'>\n\t\t\t<div class='gallery-icon landscape'>\n\t\t\t\t<a data-elementor-open-lightbox=\"yes\" data-elementor-lightbox-slideshow=\"6d37518e\" data-e-action-hash=\"#elementor-action%3Aaction%3Dlightbox%26settings%3DeyJpZCI6NTkwMywidXJsIjoiaHR0cHM6XC9cL2N6ZXJ3b25hZ29yYS5wbFwvd3AtY29udGVudFwvdXBsb2Fkc1wvMjAyMVwvMDZcL1pPTC0wMTcuanBnIiwic2xpZGVzaG93IjoiNmQzNzUxOGUifQ%3D%3D\" href='https:\/\/czerwonagora.pl\/wp-content\/uploads\/2021\/06\/ZOL-017.jpg'><img loading=\"lazy\" decoding=\"async\" width=\"300\" height=\"200\" src=\"https:\/\/czerwonagora.pl\/wp-content\/uploads\/2021\/06\/ZOL-017-300x200.jpg\" class=\"attachment-medium size-medium\" alt=\"osoba ubrana w garnitur koloru czarnego wr\u0119cza pami\u0105tk\u0119 Dyrektorowi Szpitala ubranego w garnitur koloru czarnego podczas otwarcia ZOL szpitala.\" srcset=\"https:\/\/czerwonagora.pl\/wp-content\/uploads\/2021\/06\/ZOL-017-300x200.jpg 300w, https:\/\/czerwonagora.pl\/wp-content\/uploads\/2021\/06\/ZOL-017-1024x683.jpg 1024w, https:\/\/czerwonagora.pl\/wp-content\/uploads\/2021\/06\/ZOL-017-768x512.jpg 768w, https:\/\/czerwonagora.pl\/wp-content\/uploads\/2021\/06\/ZOL-017.jpg 1152w\" sizes=\"(max-width: 300px) 100vw, 300px\" \/><\/a>\n\t\t\t<\/div><\/figure><figure class='gallery-item'>\n\t\t\t<div class='gallery-icon landscape'>\n\t\t\t\t<a data-elementor-open-lightbox=\"yes\" data-elementor-lightbox-slideshow=\"6d37518e\" data-e-action-hash=\"#elementor-action%3Aaction%3Dlightbox%26settings%3DeyJpZCI6NTkwNCwidXJsIjoiaHR0cHM6XC9cL2N6ZXJ3b25hZ29yYS5wbFwvd3AtY29udGVudFwvdXBsb2Fkc1wvMjAyMVwvMDZcL1pPTC0wMTguanBnIiwic2xpZGVzaG93IjoiNmQzNzUxOGUifQ%3D%3D\" href='https:\/\/czerwonagora.pl\/wp-content\/uploads\/2021\/06\/ZOL-018.jpg'><img loading=\"lazy\" decoding=\"async\" width=\"300\" height=\"200\" src=\"https:\/\/czerwonagora.pl\/wp-content\/uploads\/2021\/06\/ZOL-018-300x200.jpg\" class=\"attachment-medium size-medium\" alt=\"Przem\u00f3wienie pracownika urz\u0119du marsza\u0142kowskiego ubranego w ubranie wizytowe w asyscie Dyrektora Szpitalka ubranego w garnitur koloru czarnego podczas otwarcia ZOL Szpitala.\" srcset=\"https:\/\/czerwonagora.pl\/wp-content\/uploads\/2021\/06\/ZOL-018-300x200.jpg 300w, https:\/\/czerwonagora.pl\/wp-content\/uploads\/2021\/06\/ZOL-018-1024x683.jpg 1024w, https:\/\/czerwonagora.pl\/wp-content\/uploads\/2021\/06\/ZOL-018-768x512.jpg 768w, https:\/\/czerwonagora.pl\/wp-content\/uploads\/2021\/06\/ZOL-018.jpg 1152w\" sizes=\"(max-width: 300px) 100vw, 300px\" \/><\/a>\n\t\t\t<\/div><\/figure><figure class='gallery-item'>\n\t\t\t<div class='gallery-icon landscape'>\n\t\t\t\t<a data-elementor-open-lightbox=\"yes\" data-elementor-lightbox-slideshow=\"6d37518e\" data-e-action-hash=\"#elementor-action%3Aaction%3Dlightbox%26settings%3DeyJpZCI6NTkwNSwidXJsIjoiaHR0cHM6XC9cL2N6ZXJ3b25hZ29yYS5wbFwvd3AtY29udGVudFwvdXBsb2Fkc1wvMjAyMVwvMDZcL1pPTC0wMTkuanBnIiwic2xpZGVzaG93IjoiNmQzNzUxOGUifQ%3D%3D\" href='https:\/\/czerwonagora.pl\/wp-content\/uploads\/2021\/06\/ZOL-019.jpg'><img loading=\"lazy\" decoding=\"async\" width=\"300\" height=\"200\" src=\"https:\/\/czerwonagora.pl\/wp-content\/uploads\/2021\/06\/ZOL-019-300x200.jpg\" class=\"attachment-medium size-medium\" alt=\"Przem\u00f3wienie pracownika urz\u0119du marsza\u0142kowskiego ubranego w ubranie wizytowe w asyscie Dyrektora Szpitalka ubranego w garnitur koloru czarnego podczas otwarcia ZOL Szpitala.\" srcset=\"https:\/\/czerwonagora.pl\/wp-content\/uploads\/2021\/06\/ZOL-019-300x200.jpg 300w, https:\/\/czerwonagora.pl\/wp-content\/uploads\/2021\/06\/ZOL-019-1024x683.jpg 1024w, https:\/\/czerwonagora.pl\/wp-content\/uploads\/2021\/06\/ZOL-019-768x512.jpg 768w, https:\/\/czerwonagora.pl\/wp-content\/uploads\/2021\/06\/ZOL-019.jpg 1152w\" sizes=\"(max-width: 300px) 100vw, 300px\" \/><\/a>\n\t\t\t<\/div><\/figure><figure class='gallery-item'>\n\t\t\t<div class='gallery-icon landscape'>\n\t\t\t\t<a data-elementor-open-lightbox=\"yes\" data-elementor-lightbox-slideshow=\"6d37518e\" data-e-action-hash=\"#elementor-action%3Aaction%3Dlightbox%26settings%3DeyJpZCI6NTkwNiwidXJsIjoiaHR0cHM6XC9cL2N6ZXJ3b25hZ29yYS5wbFwvd3AtY29udGVudFwvdXBsb2Fkc1wvMjAyMVwvMDZcL1pPTC0wMjAuanBnIiwic2xpZGVzaG93IjoiNmQzNzUxOGUifQ%3D%3D\" href='https:\/\/czerwonagora.pl\/wp-content\/uploads\/2021\/06\/ZOL-020.jpg'><img loading=\"lazy\" decoding=\"async\" width=\"300\" height=\"200\" src=\"https:\/\/czerwonagora.pl\/wp-content\/uploads\/2021\/06\/ZOL-020-300x200.jpg\" class=\"attachment-medium size-medium\" alt=\"Dyrektor Szpitala w garniturze koloru czarnego w asyscie pracownikow urz\u0119du marsza\u0142koiwskiego ubranych w ubrania wizytowe podczas otwarcia oddzia\u0142u ZOL Szpitala\" srcset=\"https:\/\/czerwonagora.pl\/wp-content\/uploads\/2021\/06\/ZOL-020-300x200.jpg 300w, https:\/\/czerwonagora.pl\/wp-content\/uploads\/2021\/06\/ZOL-020-1024x683.jpg 1024w, https:\/\/czerwonagora.pl\/wp-content\/uploads\/2021\/06\/ZOL-020-768x512.jpg 768w, https:\/\/czerwonagora.pl\/wp-content\/uploads\/2021\/06\/ZOL-020.jpg 1152w\" sizes=\"(max-width: 300px) 100vw, 300px\" \/><\/a>\n\t\t\t<\/div><\/figure><figure class='gallery-item'>\n\t\t\t<div class='gallery-icon landscape'>\n\t\t\t\t<a data-elementor-open-lightbox=\"yes\" data-elementor-lightbox-slideshow=\"6d37518e\" data-e-action-hash=\"#elementor-action%3Aaction%3Dlightbox%26settings%3DeyJpZCI6NTkwNywidXJsIjoiaHR0cHM6XC9cL2N6ZXJ3b25hZ29yYS5wbFwvd3AtY29udGVudFwvdXBsb2Fkc1wvMjAyMVwvMDZcL1pPTC0wMjEuanBnIiwic2xpZGVzaG93IjoiNmQzNzUxOGUifQ%3D%3D\" href='https:\/\/czerwonagora.pl\/wp-content\/uploads\/2021\/06\/ZOL-021.jpg'><img loading=\"lazy\" decoding=\"async\" width=\"300\" height=\"200\" src=\"https:\/\/czerwonagora.pl\/wp-content\/uploads\/2021\/06\/ZOL-021-300x200.jpg\" class=\"attachment-medium size-medium\" alt=\"Dyrektor Szpitala ubrany w garnitur koloru czarnego odbiera dyplom od pracownika Urz\u0119du marsza\u0142kowskiego ubranej w ubranie wizytowe koloru czarnego\" srcset=\"https:\/\/czerwonagora.pl\/wp-content\/uploads\/2021\/06\/ZOL-021-300x200.jpg 300w, https:\/\/czerwonagora.pl\/wp-content\/uploads\/2021\/06\/ZOL-021-1024x683.jpg 1024w, https:\/\/czerwonagora.pl\/wp-content\/uploads\/2021\/06\/ZOL-021-768x512.jpg 768w, https:\/\/czerwonagora.pl\/wp-content\/uploads\/2021\/06\/ZOL-021.jpg 1152w\" sizes=\"(max-width: 300px) 100vw, 300px\" \/><\/a>\n\t\t\t<\/div><\/figure><figure class='gallery-item'>\n\t\t\t<div class='gallery-icon landscape'>\n\t\t\t\t<a data-elementor-open-lightbox=\"yes\" data-elementor-lightbox-slideshow=\"6d37518e\" data-e-action-hash=\"#elementor-action%3Aaction%3Dlightbox%26settings%3DeyJpZCI6NTkwOCwidXJsIjoiaHR0cHM6XC9cL2N6ZXJ3b25hZ29yYS5wbFwvd3AtY29udGVudFwvdXBsb2Fkc1wvMjAyMVwvMDZcL1pPTC0wMjIuanBnIiwic2xpZGVzaG93IjoiNmQzNzUxOGUifQ%3D%3D\" href='https:\/\/czerwonagora.pl\/wp-content\/uploads\/2021\/06\/ZOL-022.jpg'><img loading=\"lazy\" decoding=\"async\" width=\"300\" height=\"200\" src=\"https:\/\/czerwonagora.pl\/wp-content\/uploads\/2021\/06\/ZOL-022-300x200.jpg\" class=\"attachment-medium size-medium\" alt=\"Dyrektor Szpitala ubrany w garnitur koloru czarnego podczas wystapienia marsza\u0142ka wojew\u00f3dztwa \u015bwi\u0119tokrzyskiego w garniturze koloru granatowego podczas otwarcia oddzia\u0142u ZIL szpitala.\" srcset=\"https:\/\/czerwonagora.pl\/wp-content\/uploads\/2021\/06\/ZOL-022-300x200.jpg 300w, https:\/\/czerwonagora.pl\/wp-content\/uploads\/2021\/06\/ZOL-022-1024x683.jpg 1024w, https:\/\/czerwonagora.pl\/wp-content\/uploads\/2021\/06\/ZOL-022-768x512.jpg 768w, https:\/\/czerwonagora.pl\/wp-content\/uploads\/2021\/06\/ZOL-022.jpg 1152w\" sizes=\"(max-width: 300px) 100vw, 300px\" \/><\/a>\n\t\t\t<\/div><\/figure><figure class='gallery-item'>\n\t\t\t<div class='gallery-icon landscape'>\n\t\t\t\t<a data-elementor-open-lightbox=\"yes\" data-elementor-lightbox-slideshow=\"6d37518e\" data-e-action-hash=\"#elementor-action%3Aaction%3Dlightbox%26settings%3DeyJpZCI6NTkwOSwidXJsIjoiaHR0cHM6XC9cL2N6ZXJ3b25hZ29yYS5wbFwvd3AtY29udGVudFwvdXBsb2Fkc1wvMjAyMVwvMDZcL1pPTC0wMjMuanBnIiwic2xpZGVzaG93IjoiNmQzNzUxOGUifQ%3D%3D\" href='https:\/\/czerwonagora.pl\/wp-content\/uploads\/2021\/06\/ZOL-023.jpg'><img loading=\"lazy\" decoding=\"async\" width=\"300\" height=\"200\" src=\"https:\/\/czerwonagora.pl\/wp-content\/uploads\/2021\/06\/ZOL-023-300x200.jpg\" class=\"attachment-medium size-medium\" alt=\"osoby ubrane w ubrania medyczne i wizytowe oraz maseczki ochronne na twarzy podczas przem\u00f3wienia osoby ubranej w garnitur koloru niebieskiego podczas otwarcia oddzia\u0142u ZOL szpitala.\" srcset=\"https:\/\/czerwonagora.pl\/wp-content\/uploads\/2021\/06\/ZOL-023-300x200.jpg 300w, https:\/\/czerwonagora.pl\/wp-content\/uploads\/2021\/06\/ZOL-023-1024x683.jpg 1024w, https:\/\/czerwonagora.pl\/wp-content\/uploads\/2021\/06\/ZOL-023-768x512.jpg 768w, https:\/\/czerwonagora.pl\/wp-content\/uploads\/2021\/06\/ZOL-023.jpg 1152w\" sizes=\"(max-width: 300px) 100vw, 300px\" \/><\/a>\n\t\t\t<\/div><\/figure><figure class='gallery-item'>\n\t\t\t<div class='gallery-icon landscape'>\n\t\t\t\t<a data-elementor-open-lightbox=\"yes\" data-elementor-lightbox-slideshow=\"6d37518e\" data-e-action-hash=\"#elementor-action%3Aaction%3Dlightbox%26settings%3DeyJpZCI6NTkxMCwidXJsIjoiaHR0cHM6XC9cL2N6ZXJ3b25hZ29yYS5wbFwvd3AtY29udGVudFwvdXBsb2Fkc1wvMjAyMVwvMDZcL1pPTC0wMjQuanBnIiwic2xpZGVzaG93IjoiNmQzNzUxOGUifQ%3D%3D\" href='https:\/\/czerwonagora.pl\/wp-content\/uploads\/2021\/06\/ZOL-024.jpg'><img loading=\"lazy\" decoding=\"async\" width=\"300\" height=\"200\" src=\"https:\/\/czerwonagora.pl\/wp-content\/uploads\/2021\/06\/ZOL-024-300x200.jpg\" class=\"attachment-medium size-medium\" alt=\"osoba ubrana w ubrania wizytowe przemawia przy m\u00f3wnicy koloru br\u0105zowego w towarzystwie dyrektora szpitala ubranegow w garnitur koloru czarnego podczas otwarcia oddzia\u0142u ZOL szpitala.\" srcset=\"https:\/\/czerwonagora.pl\/wp-content\/uploads\/2021\/06\/ZOL-024-300x200.jpg 300w, https:\/\/czerwonagora.pl\/wp-content\/uploads\/2021\/06\/ZOL-024-1024x683.jpg 1024w, https:\/\/czerwonagora.pl\/wp-content\/uploads\/2021\/06\/ZOL-024-768x512.jpg 768w, https:\/\/czerwonagora.pl\/wp-content\/uploads\/2021\/06\/ZOL-024.jpg 1152w\" sizes=\"(max-width: 300px) 100vw, 300px\" \/><\/a>\n\t\t\t<\/div><\/figure><figure class='gallery-item'>\n\t\t\t<div class='gallery-icon landscape'>\n\t\t\t\t<a data-elementor-open-lightbox=\"yes\" data-elementor-lightbox-slideshow=\"6d37518e\" data-e-action-hash=\"#elementor-action%3Aaction%3Dlightbox%26settings%3DeyJpZCI6NTkxMSwidXJsIjoiaHR0cHM6XC9cL2N6ZXJ3b25hZ29yYS5wbFwvd3AtY29udGVudFwvdXBsb2Fkc1wvMjAyMVwvMDZcL1pPTC0wMjUuanBnIiwic2xpZGVzaG93IjoiNmQzNzUxOGUifQ%3D%3D\" href='https:\/\/czerwonagora.pl\/wp-content\/uploads\/2021\/06\/ZOL-025.jpg'><img loading=\"lazy\" decoding=\"async\" width=\"300\" height=\"200\" src=\"https:\/\/czerwonagora.pl\/wp-content\/uploads\/2021\/06\/ZOL-025-300x200.jpg\" class=\"attachment-medium size-medium\" alt=\"osoby ubrane w ubrania medyczne i wizytowe oraz maseczki ochronne na twarzy podczas otwarcia oddzia\u0142u ZOL szpitala.\" srcset=\"https:\/\/czerwonagora.pl\/wp-content\/uploads\/2021\/06\/ZOL-025-300x200.jpg 300w, https:\/\/czerwonagora.pl\/wp-content\/uploads\/2021\/06\/ZOL-025-1024x683.jpg 1024w, https:\/\/czerwonagora.pl\/wp-content\/uploads\/2021\/06\/ZOL-025-768x512.jpg 768w, https:\/\/czerwonagora.pl\/wp-content\/uploads\/2021\/06\/ZOL-025.jpg 1152w\" sizes=\"(max-width: 300px) 100vw, 300px\" \/><\/a>\n\t\t\t<\/div><\/figure><figure class='gallery-item'>\n\t\t\t<div class='gallery-icon landscape'>\n\t\t\t\t<a data-elementor-open-lightbox=\"yes\" data-elementor-lightbox-slideshow=\"6d37518e\" data-e-action-hash=\"#elementor-action%3Aaction%3Dlightbox%26settings%3DeyJpZCI6NTkxMiwidXJsIjoiaHR0cHM6XC9cL2N6ZXJ3b25hZ29yYS5wbFwvd3AtY29udGVudFwvdXBsb2Fkc1wvMjAyMVwvMDZcL1pPTC0wMjYuanBnIiwic2xpZGVzaG93IjoiNmQzNzUxOGUifQ%3D%3D\" href='https:\/\/czerwonagora.pl\/wp-content\/uploads\/2021\/06\/ZOL-026.jpg'><img loading=\"lazy\" decoding=\"async\" width=\"300\" height=\"200\" src=\"https:\/\/czerwonagora.pl\/wp-content\/uploads\/2021\/06\/ZOL-026-300x200.jpg\" class=\"attachment-medium size-medium\" alt=\"osoby ubrane w ubrania medyczne i wizytowe oraz maseczki ochronne na twarzy podczas otwarcia oddzia\u0142u ZOL szpitala.\" srcset=\"https:\/\/czerwonagora.pl\/wp-content\/uploads\/2021\/06\/ZOL-026-300x200.jpg 300w, https:\/\/czerwonagora.pl\/wp-content\/uploads\/2021\/06\/ZOL-026-1024x683.jpg 1024w, https:\/\/czerwonagora.pl\/wp-content\/uploads\/2021\/06\/ZOL-026-768x512.jpg 768w, https:\/\/czerwonagora.pl\/wp-content\/uploads\/2021\/06\/ZOL-026.jpg 1152w\" sizes=\"(max-width: 300px) 100vw, 300px\" \/><\/a>\n\t\t\t<\/div><\/figure><figure class='gallery-item'>\n\t\t\t<div class='gallery-icon landscape'>\n\t\t\t\t<a data-elementor-open-lightbox=\"yes\" data-elementor-lightbox-slideshow=\"6d37518e\" data-e-action-hash=\"#elementor-action%3Aaction%3Dlightbox%26settings%3DeyJpZCI6NTkxMywidXJsIjoiaHR0cHM6XC9cL2N6ZXJ3b25hZ29yYS5wbFwvd3AtY29udGVudFwvdXBsb2Fkc1wvMjAyMVwvMDZcL1pPTC0wMjcuanBnIiwic2xpZGVzaG93IjoiNmQzNzUxOGUifQ%3D%3D\" href='https:\/\/czerwonagora.pl\/wp-content\/uploads\/2021\/06\/ZOL-027.jpg'><img loading=\"lazy\" decoding=\"async\" width=\"300\" height=\"200\" src=\"https:\/\/czerwonagora.pl\/wp-content\/uploads\/2021\/06\/ZOL-027-300x200.jpg\" class=\"attachment-medium size-medium\" alt=\"osoby ubrane w ubrania medyczne i wizytowe oraz maseczki ochronne na twarzy podczas otwarcia oddzia\u0142u ZOL szpitala.\" srcset=\"https:\/\/czerwonagora.pl\/wp-content\/uploads\/2021\/06\/ZOL-027-300x200.jpg 300w, https:\/\/czerwonagora.pl\/wp-content\/uploads\/2021\/06\/ZOL-027-1024x683.jpg 1024w, https:\/\/czerwonagora.pl\/wp-content\/uploads\/2021\/06\/ZOL-027-768x512.jpg 768w, https:\/\/czerwonagora.pl\/wp-content\/uploads\/2021\/06\/ZOL-027.jpg 1152w\" sizes=\"(max-width: 300px) 100vw, 300px\" \/><\/a>\n\t\t\t<\/div><\/figure><figure class='gallery-item'>\n\t\t\t<div class='gallery-icon landscape'>\n\t\t\t\t<a data-elementor-open-lightbox=\"yes\" data-elementor-lightbox-slideshow=\"6d37518e\" data-e-action-hash=\"#elementor-action%3Aaction%3Dlightbox%26settings%3DeyJpZCI6NTkxNCwidXJsIjoiaHR0cHM6XC9cL2N6ZXJ3b25hZ29yYS5wbFwvd3AtY29udGVudFwvdXBsb2Fkc1wvMjAyMVwvMDZcL1pPTC0wMjguanBnIiwic2xpZGVzaG93IjoiNmQzNzUxOGUifQ%3D%3D\" href='https:\/\/czerwonagora.pl\/wp-content\/uploads\/2021\/06\/ZOL-028.jpg'><img loading=\"lazy\" decoding=\"async\" width=\"300\" height=\"200\" src=\"https:\/\/czerwonagora.pl\/wp-content\/uploads\/2021\/06\/ZOL-028-300x200.jpg\" class=\"attachment-medium size-medium\" alt=\"osoby ubrane w ubrania medyczne i wizytowe oraz maseczki ochronne na twarzy podczas otwarcia oddzia\u0142u ZOL szpitala.\" srcset=\"https:\/\/czerwonagora.pl\/wp-content\/uploads\/2021\/06\/ZOL-028-300x200.jpg 300w, https:\/\/czerwonagora.pl\/wp-content\/uploads\/2021\/06\/ZOL-028-1024x683.jpg 1024w, https:\/\/czerwonagora.pl\/wp-content\/uploads\/2021\/06\/ZOL-028-768x512.jpg 768w, https:\/\/czerwonagora.pl\/wp-content\/uploads\/2021\/06\/ZOL-028.jpg 1152w\" sizes=\"(max-width: 300px) 100vw, 300px\" \/><\/a>\n\t\t\t<\/div><\/figure><figure class='gallery-item'>\n\t\t\t<div class='gallery-icon landscape'>\n\t\t\t\t<a data-elementor-open-lightbox=\"yes\" data-elementor-lightbox-slideshow=\"6d37518e\" data-e-action-hash=\"#elementor-action%3Aaction%3Dlightbox%26settings%3DeyJpZCI6NTkxNSwidXJsIjoiaHR0cHM6XC9cL2N6ZXJ3b25hZ29yYS5wbFwvd3AtY29udGVudFwvdXBsb2Fkc1wvMjAyMVwvMDZcL1pPTC0wMjkuanBnIiwic2xpZGVzaG93IjoiNmQzNzUxOGUifQ%3D%3D\" href='https:\/\/czerwonagora.pl\/wp-content\/uploads\/2021\/06\/ZOL-029.jpg'><img loading=\"lazy\" decoding=\"async\" width=\"300\" height=\"200\" src=\"https:\/\/czerwonagora.pl\/wp-content\/uploads\/2021\/06\/ZOL-029-300x200.jpg\" class=\"attachment-medium size-medium\" alt=\"osoby ubrane w ubrania medyczne i wizytowe oraz maseczki ochronne na twarzy podczas otwarcia oddzia\u0142u ZOL szpitala.\" srcset=\"https:\/\/czerwonagora.pl\/wp-content\/uploads\/2021\/06\/ZOL-029-300x200.jpg 300w, https:\/\/czerwonagora.pl\/wp-content\/uploads\/2021\/06\/ZOL-029-1024x683.jpg 1024w, https:\/\/czerwonagora.pl\/wp-content\/uploads\/2021\/06\/ZOL-029-768x512.jpg 768w, https:\/\/czerwonagora.pl\/wp-content\/uploads\/2021\/06\/ZOL-029.jpg 1152w\" sizes=\"(max-width: 300px) 100vw, 300px\" \/><\/a>\n\t\t\t<\/div><\/figure><figure class='gallery-item'>\n\t\t\t<div class='gallery-icon landscape'>\n\t\t\t\t<a data-elementor-open-lightbox=\"yes\" data-elementor-lightbox-slideshow=\"6d37518e\" data-e-action-hash=\"#elementor-action%3Aaction%3Dlightbox%26settings%3DeyJpZCI6NTkxNiwidXJsIjoiaHR0cHM6XC9cL2N6ZXJ3b25hZ29yYS5wbFwvd3AtY29udGVudFwvdXBsb2Fkc1wvMjAyMVwvMDZcL1pPTC0wMzAuanBnIiwic2xpZGVzaG93IjoiNmQzNzUxOGUifQ%3D%3D\" href='https:\/\/czerwonagora.pl\/wp-content\/uploads\/2021\/06\/ZOL-030.jpg'><img loading=\"lazy\" decoding=\"async\" width=\"300\" height=\"200\" src=\"https:\/\/czerwonagora.pl\/wp-content\/uploads\/2021\/06\/ZOL-030-300x200.jpg\" class=\"attachment-medium size-medium\" alt=\"osoby ubrane w ubrania medyczne i wizytowe oraz maseczki ochronne na twarzy na korytarzu koloru bia\u0142ego oddzia\u0142u ZOL szpitala.\" srcset=\"https:\/\/czerwonagora.pl\/wp-content\/uploads\/2021\/06\/ZOL-030-300x200.jpg 300w, https:\/\/czerwonagora.pl\/wp-content\/uploads\/2021\/06\/ZOL-030-1024x683.jpg 1024w, https:\/\/czerwonagora.pl\/wp-content\/uploads\/2021\/06\/ZOL-030-768x512.jpg 768w, https:\/\/czerwonagora.pl\/wp-content\/uploads\/2021\/06\/ZOL-030.jpg 1152w\" sizes=\"(max-width: 300px) 100vw, 300px\" \/><\/a>\n\t\t\t<\/div><\/figure><figure class='gallery-item'>\n\t\t\t<div class='gallery-icon landscape'>\n\t\t\t\t<a data-elementor-open-lightbox=\"yes\" data-elementor-lightbox-slideshow=\"6d37518e\" data-e-action-hash=\"#elementor-action%3Aaction%3Dlightbox%26settings%3DeyJpZCI6NTkxNywidXJsIjoiaHR0cHM6XC9cL2N6ZXJ3b25hZ29yYS5wbFwvd3AtY29udGVudFwvdXBsb2Fkc1wvMjAyMVwvMDZcL1pPTC0wMzEuanBnIiwic2xpZGVzaG93IjoiNmQzNzUxOGUifQ%3D%3D\" href='https:\/\/czerwonagora.pl\/wp-content\/uploads\/2021\/06\/ZOL-031.jpg'><img loading=\"lazy\" decoding=\"async\" width=\"300\" height=\"200\" src=\"https:\/\/czerwonagora.pl\/wp-content\/uploads\/2021\/06\/ZOL-031-300x200.jpg\" class=\"attachment-medium size-medium\" alt=\"osoby ubrane w ubrania medyczne i wizytowe oraz maseczki ochronne na twarzy na korytarzu koloru bia\u0142ego oddzia\u0142u ZOL szpitala.\" srcset=\"https:\/\/czerwonagora.pl\/wp-content\/uploads\/2021\/06\/ZOL-031-300x200.jpg 300w, https:\/\/czerwonagora.pl\/wp-content\/uploads\/2021\/06\/ZOL-031-1024x683.jpg 1024w, https:\/\/czerwonagora.pl\/wp-content\/uploads\/2021\/06\/ZOL-031-768x512.jpg 768w, https:\/\/czerwonagora.pl\/wp-content\/uploads\/2021\/06\/ZOL-031.jpg 1152w\" sizes=\"(max-width: 300px) 100vw, 300px\" \/><\/a>\n\t\t\t<\/div><\/figure><figure class='gallery-item'>\n\t\t\t<div class='gallery-icon landscape'>\n\t\t\t\t<a data-elementor-open-lightbox=\"yes\" data-elementor-lightbox-slideshow=\"6d37518e\" data-e-action-hash=\"#elementor-action%3Aaction%3Dlightbox%26settings%3DeyJpZCI6NTkxOCwidXJsIjoiaHR0cHM6XC9cL2N6ZXJ3b25hZ29yYS5wbFwvd3AtY29udGVudFwvdXBsb2Fkc1wvMjAyMVwvMDZcL1pPTC0wMzIuanBnIiwic2xpZGVzaG93IjoiNmQzNzUxOGUifQ%3D%3D\" href='https:\/\/czerwonagora.pl\/wp-content\/uploads\/2021\/06\/ZOL-032.jpg'><img loading=\"lazy\" decoding=\"async\" width=\"300\" height=\"200\" src=\"https:\/\/czerwonagora.pl\/wp-content\/uploads\/2021\/06\/ZOL-032-300x200.jpg\" class=\"attachment-medium size-medium\" alt=\"ksi\u0105d\u017c w ubraniu koloru bia\u0142ego przemawia podczas otwarcia oddzia\u0142u ZOL szpitala\" srcset=\"https:\/\/czerwonagora.pl\/wp-content\/uploads\/2021\/06\/ZOL-032-300x200.jpg 300w, https:\/\/czerwonagora.pl\/wp-content\/uploads\/2021\/06\/ZOL-032-1024x683.jpg 1024w, https:\/\/czerwonagora.pl\/wp-content\/uploads\/2021\/06\/ZOL-032-768x512.jpg 768w, https:\/\/czerwonagora.pl\/wp-content\/uploads\/2021\/06\/ZOL-032.jpg 1152w\" sizes=\"(max-width: 300px) 100vw, 300px\" \/><\/a>\n\t\t\t<\/div><\/figure><figure class='gallery-item'>\n\t\t\t<div class='gallery-icon landscape'>\n\t\t\t\t<a data-elementor-open-lightbox=\"yes\" data-elementor-lightbox-slideshow=\"6d37518e\" data-e-action-hash=\"#elementor-action%3Aaction%3Dlightbox%26settings%3DeyJpZCI6NTkxOSwidXJsIjoiaHR0cHM6XC9cL2N6ZXJ3b25hZ29yYS5wbFwvd3AtY29udGVudFwvdXBsb2Fkc1wvMjAyMVwvMDZcL1pPTC0wMzMuanBnIiwic2xpZGVzaG93IjoiNmQzNzUxOGUifQ%3D%3D\" href='https:\/\/czerwonagora.pl\/wp-content\/uploads\/2021\/06\/ZOL-033.jpg'><img loading=\"lazy\" decoding=\"async\" width=\"300\" height=\"200\" src=\"https:\/\/czerwonagora.pl\/wp-content\/uploads\/2021\/06\/ZOL-033-300x200.jpg\" class=\"attachment-medium size-medium\" alt=\"osoby ubrane w ubrania medyczne i wizytowe oraz maseczki ochronne na twarzy na korytarzu koloru bia\u0142ego oddzia\u0142u ZOL szpitala.\" srcset=\"https:\/\/czerwonagora.pl\/wp-content\/uploads\/2021\/06\/ZOL-033-300x200.jpg 300w, https:\/\/czerwonagora.pl\/wp-content\/uploads\/2021\/06\/ZOL-033-1024x683.jpg 1024w, https:\/\/czerwonagora.pl\/wp-content\/uploads\/2021\/06\/ZOL-033-768x512.jpg 768w, https:\/\/czerwonagora.pl\/wp-content\/uploads\/2021\/06\/ZOL-033.jpg 1152w\" sizes=\"(max-width: 300px) 100vw, 300px\" \/><\/a>\n\t\t\t<\/div><\/figure><figure class='gallery-item'>\n\t\t\t<div class='gallery-icon landscape'>\n\t\t\t\t<a data-elementor-open-lightbox=\"yes\" data-elementor-lightbox-slideshow=\"6d37518e\" data-e-action-hash=\"#elementor-action%3Aaction%3Dlightbox%26settings%3DeyJpZCI6NTkyMCwidXJsIjoiaHR0cHM6XC9cL2N6ZXJ3b25hZ29yYS5wbFwvd3AtY29udGVudFwvdXBsb2Fkc1wvMjAyMVwvMDZcL1pPTC0wMzQuanBnIiwic2xpZGVzaG93IjoiNmQzNzUxOGUifQ%3D%3D\" href='https:\/\/czerwonagora.pl\/wp-content\/uploads\/2021\/06\/ZOL-034.jpg'><img loading=\"lazy\" decoding=\"async\" width=\"300\" height=\"200\" src=\"https:\/\/czerwonagora.pl\/wp-content\/uploads\/2021\/06\/ZOL-034-300x200.jpg\" class=\"attachment-medium size-medium\" alt=\"osoby ubrane w ubrania medyczne i wizytowe oraz maseczki ochronne na twarzy na korytarzu koloru bia\u0142ego oddzia\u0142u ZOL szpitala.\" srcset=\"https:\/\/czerwonagora.pl\/wp-content\/uploads\/2021\/06\/ZOL-034-300x200.jpg 300w, https:\/\/czerwonagora.pl\/wp-content\/uploads\/2021\/06\/ZOL-034-1024x683.jpg 1024w, https:\/\/czerwonagora.pl\/wp-content\/uploads\/2021\/06\/ZOL-034-768x512.jpg 768w, https:\/\/czerwonagora.pl\/wp-content\/uploads\/2021\/06\/ZOL-034.jpg 1152w\" sizes=\"(max-width: 300px) 100vw, 300px\" \/><\/a>\n\t\t\t<\/div><\/figure><figure class='gallery-item'>\n\t\t\t<div class='gallery-icon landscape'>\n\t\t\t\t<a data-elementor-open-lightbox=\"yes\" data-elementor-lightbox-slideshow=\"6d37518e\" data-e-action-hash=\"#elementor-action%3Aaction%3Dlightbox%26settings%3DeyJpZCI6NTkyMSwidXJsIjoiaHR0cHM6XC9cL2N6ZXJ3b25hZ29yYS5wbFwvd3AtY29udGVudFwvdXBsb2Fkc1wvMjAyMVwvMDZcL1pPTC0wMzUuanBnIiwic2xpZGVzaG93IjoiNmQzNzUxOGUifQ%3D%3D\" href='https:\/\/czerwonagora.pl\/wp-content\/uploads\/2021\/06\/ZOL-035.jpg'><img loading=\"lazy\" decoding=\"async\" width=\"300\" height=\"200\" src=\"https:\/\/czerwonagora.pl\/wp-content\/uploads\/2021\/06\/ZOL-035-300x200.jpg\" class=\"attachment-medium size-medium\" alt=\"osoby ubrane w ubrania medyczne i wizytowe oraz maseczki ochronne na twarzy na korytarzu koloru bia\u0142ego oddzia\u0142u ZOL szpitala.\" srcset=\"https:\/\/czerwonagora.pl\/wp-content\/uploads\/2021\/06\/ZOL-035-300x200.jpg 300w, https:\/\/czerwonagora.pl\/wp-content\/uploads\/2021\/06\/ZOL-035-1024x683.jpg 1024w, https:\/\/czerwonagora.pl\/wp-content\/uploads\/2021\/06\/ZOL-035-768x512.jpg 768w, https:\/\/czerwonagora.pl\/wp-content\/uploads\/2021\/06\/ZOL-035.jpg 1152w\" sizes=\"(max-width: 300px) 100vw, 300px\" \/><\/a>\n\t\t\t<\/div><\/figure><figure class='gallery-item'>\n\t\t\t<div class='gallery-icon landscape'>\n\t\t\t\t<a data-elementor-open-lightbox=\"yes\" data-elementor-lightbox-slideshow=\"6d37518e\" data-e-action-hash=\"#elementor-action%3Aaction%3Dlightbox%26settings%3DeyJpZCI6NTkyMiwidXJsIjoiaHR0cHM6XC9cL2N6ZXJ3b25hZ29yYS5wbFwvd3AtY29udGVudFwvdXBsb2Fkc1wvMjAyMVwvMDZcL1pPTC0wMzYuanBnIiwic2xpZGVzaG93IjoiNmQzNzUxOGUifQ%3D%3D\" href='https:\/\/czerwonagora.pl\/wp-content\/uploads\/2021\/06\/ZOL-036.jpg'><img loading=\"lazy\" decoding=\"async\" width=\"300\" height=\"200\" src=\"https:\/\/czerwonagora.pl\/wp-content\/uploads\/2021\/06\/ZOL-036-300x200.jpg\" class=\"attachment-medium size-medium\" alt=\"3 osoby ubrane w ubrania wizytowe z maseczkami ochronnymi na twarzy\" srcset=\"https:\/\/czerwonagora.pl\/wp-content\/uploads\/2021\/06\/ZOL-036-300x200.jpg 300w, https:\/\/czerwonagora.pl\/wp-content\/uploads\/2021\/06\/ZOL-036-1024x683.jpg 1024w, https:\/\/czerwonagora.pl\/wp-content\/uploads\/2021\/06\/ZOL-036-768x512.jpg 768w, https:\/\/czerwonagora.pl\/wp-content\/uploads\/2021\/06\/ZOL-036.jpg 1152w\" sizes=\"(max-width: 300px) 100vw, 300px\" \/><\/a>\n\t\t\t<\/div><\/figure><figure class='gallery-item'>\n\t\t\t<div class='gallery-icon landscape'>\n\t\t\t\t<a data-elementor-open-lightbox=\"yes\" data-elementor-lightbox-slideshow=\"6d37518e\" data-e-action-hash=\"#elementor-action%3Aaction%3Dlightbox%26settings%3DeyJpZCI6NTkyMywidXJsIjoiaHR0cHM6XC9cL2N6ZXJ3b25hZ29yYS5wbFwvd3AtY29udGVudFwvdXBsb2Fkc1wvMjAyMVwvMDZcL1pPTC0wMzcuanBnIiwic2xpZGVzaG93IjoiNmQzNzUxOGUifQ%3D%3D\" href='https:\/\/czerwonagora.pl\/wp-content\/uploads\/2021\/06\/ZOL-037.jpg'><img loading=\"lazy\" decoding=\"async\" width=\"300\" height=\"200\" src=\"https:\/\/czerwonagora.pl\/wp-content\/uploads\/2021\/06\/ZOL-037-300x200.jpg\" class=\"attachment-medium size-medium\" alt=\"osoby =ubrane w ubrania wizytowe z maseczkami ochronnymi na twarzy na korytarzu koloru bia\u0142ego oddzia\u0142u ZOL szpitala.\" srcset=\"https:\/\/czerwonagora.pl\/wp-content\/uploads\/2021\/06\/ZOL-037-300x200.jpg 300w, https:\/\/czerwonagora.pl\/wp-content\/uploads\/2021\/06\/ZOL-037-1024x683.jpg 1024w, https:\/\/czerwonagora.pl\/wp-content\/uploads\/2021\/06\/ZOL-037-768x512.jpg 768w, https:\/\/czerwonagora.pl\/wp-content\/uploads\/2021\/06\/ZOL-037.jpg 1152w\" sizes=\"(max-width: 300px) 100vw, 300px\" \/><\/a>\n\t\t\t<\/div><\/figure><figure class='gallery-item'>\n\t\t\t<div class='gallery-icon landscape'>\n\t\t\t\t<a data-elementor-open-lightbox=\"yes\" data-elementor-lightbox-slideshow=\"6d37518e\" data-e-action-hash=\"#elementor-action%3Aaction%3Dlightbox%26settings%3DeyJpZCI6NTkyNCwidXJsIjoiaHR0cHM6XC9cL2N6ZXJ3b25hZ29yYS5wbFwvd3AtY29udGVudFwvdXBsb2Fkc1wvMjAyMVwvMDZcL1pPTC0wMzguanBnIiwic2xpZGVzaG93IjoiNmQzNzUxOGUifQ%3D%3D\" href='https:\/\/czerwonagora.pl\/wp-content\/uploads\/2021\/06\/ZOL-038.jpg'><img loading=\"lazy\" decoding=\"async\" width=\"300\" height=\"200\" src=\"https:\/\/czerwonagora.pl\/wp-content\/uploads\/2021\/06\/ZOL-038-300x200.jpg\" class=\"attachment-medium size-medium\" alt=\"ksi\u0105dz w ubraniu koloru bia\u0142ego wraz z osobami w ubraniach wizt=ytowych na korytarzu oddzia\u0142u ZOL szpitala.\" srcset=\"https:\/\/czerwonagora.pl\/wp-content\/uploads\/2021\/06\/ZOL-038-300x200.jpg 300w, https:\/\/czerwonagora.pl\/wp-content\/uploads\/2021\/06\/ZOL-038-1024x683.jpg 1024w, https:\/\/czerwonagora.pl\/wp-content\/uploads\/2021\/06\/ZOL-038-768x512.jpg 768w, https:\/\/czerwonagora.pl\/wp-content\/uploads\/2021\/06\/ZOL-038.jpg 1152w\" sizes=\"(max-width: 300px) 100vw, 300px\" \/><\/a>\n\t\t\t<\/div><\/figure><figure class='gallery-item'>\n\t\t\t<div class='gallery-icon landscape'>\n\t\t\t\t<a data-elementor-open-lightbox=\"yes\" data-elementor-lightbox-slideshow=\"6d37518e\" data-e-action-hash=\"#elementor-action%3Aaction%3Dlightbox%26settings%3DeyJpZCI6NTkyNSwidXJsIjoiaHR0cHM6XC9cL2N6ZXJ3b25hZ29yYS5wbFwvd3AtY29udGVudFwvdXBsb2Fkc1wvMjAyMVwvMDZcL1pPTC0wMzkuanBnIiwic2xpZGVzaG93IjoiNmQzNzUxOGUifQ%3D%3D\" href='https:\/\/czerwonagora.pl\/wp-content\/uploads\/2021\/06\/ZOL-039.jpg'><img loading=\"lazy\" decoding=\"async\" width=\"300\" height=\"200\" src=\"https:\/\/czerwonagora.pl\/wp-content\/uploads\/2021\/06\/ZOL-039-300x200.jpg\" class=\"attachment-medium size-medium\" alt=\"osoby ubrane w ubrania wizytowe u\u015bmiechaja si\u0119 na korytarzu koloru bia\u0142ego oddzia\u0142u ZOL szpitala.\" srcset=\"https:\/\/czerwonagora.pl\/wp-content\/uploads\/2021\/06\/ZOL-039-300x200.jpg 300w, https:\/\/czerwonagora.pl\/wp-content\/uploads\/2021\/06\/ZOL-039-1024x683.jpg 1024w, https:\/\/czerwonagora.pl\/wp-content\/uploads\/2021\/06\/ZOL-039-768x512.jpg 768w, https:\/\/czerwonagora.pl\/wp-content\/uploads\/2021\/06\/ZOL-039.jpg 1152w\" sizes=\"(max-width: 300px) 100vw, 300px\" \/><\/a>\n\t\t\t<\/div><\/figure><figure class='gallery-item'>\n\t\t\t<div class='gallery-icon landscape'>\n\t\t\t\t<a data-elementor-open-lightbox=\"yes\" data-elementor-lightbox-slideshow=\"6d37518e\" data-e-action-hash=\"#elementor-action%3Aaction%3Dlightbox%26settings%3DeyJpZCI6NTkyNiwidXJsIjoiaHR0cHM6XC9cL2N6ZXJ3b25hZ29yYS5wbFwvd3AtY29udGVudFwvdXBsb2Fkc1wvMjAyMVwvMDZcL1pPTC0wNDAuanBnIiwic2xpZGVzaG93IjoiNmQzNzUxOGUifQ%3D%3D\" href='https:\/\/czerwonagora.pl\/wp-content\/uploads\/2021\/06\/ZOL-040.jpg'><img loading=\"lazy\" decoding=\"async\" width=\"300\" height=\"200\" src=\"https:\/\/czerwonagora.pl\/wp-content\/uploads\/2021\/06\/ZOL-040-300x200.jpg\" class=\"attachment-medium size-medium\" alt=\"tort koloru bia\u0142ego z logotypem koloru niebieskiego oraz literami koloru czarnego\" srcset=\"https:\/\/czerwonagora.pl\/wp-content\/uploads\/2021\/06\/ZOL-040-300x200.jpg 300w, https:\/\/czerwonagora.pl\/wp-content\/uploads\/2021\/06\/ZOL-040-1024x683.jpg 1024w, https:\/\/czerwonagora.pl\/wp-content\/uploads\/2021\/06\/ZOL-040-768x512.jpg 768w, https:\/\/czerwonagora.pl\/wp-content\/uploads\/2021\/06\/ZOL-040.jpg 1152w\" sizes=\"(max-width: 300px) 100vw, 300px\" \/><\/a>\n\t\t\t<\/div><\/figure>\n\t\t<\/div>\n\t\t<\/div>\n\t\t\t\t\t\t<\/div>\n\t\t\t\t<\/div>\n\t\t\t\t\t<\/div>\n\t\t<\/div>\n\t\t\t\t\t<\/div>\n\t\t<\/section>\n\t\t\t\t<\/div>\n\t\t","protected":false},"excerpt":{"rendered":"<p>W czwartek 17 czerwca br. O godz. 12:00 Wojew\u00f3dzkim Szpitalu Specjalistycznym im. \u015aw. Rafa\u0142a w Czerwonej G\u00f3rze nast\u0105pi uroczyste otwarcie Zak\u0142adu Opieku\u0144czo-Leczniczego. To kolejna inwestycja rozszerzaj\u0105ca zakres \u015bwiadcze\u0144 w szpitalu, w tym przypadku skierowana do pacjent\u00f3w wymagaj\u0105cych opieki d\u0142ugoterminowej.<\/p>\n","protected":false},"author":1,"featured_media":5887,"comment_status":"closed","ping_status":"closed","sticky":false,"template":"","format":"standard","meta":{"zakra_page_container_layout":"customizer","zakra_page_sidebar_layout":"customizer","zakra_remove_content_margin":false,"zakra_sidebar":"customizer","zakra_transparent_header":"customizer","zakra_logo":0,"zakra_main_header_style":"default","zakra_menu_item_color":"","zakra_menu_item_hover_color":"","zakra_menu_item_active_color":"","zakra_menu_active_style":"","zakra_page_header":true,"footnotes":""},"categories":[39],"tags":[],"class_list":["post-5814","post","type-post","status-publish","format-standard","has-post-thumbnail","hentry","category-aktualnosci"],"yoast_head":"<!-- This site is optimized with the Yoast SEO plugin v27.4 - https:\/\/yoast.com\/product\/yoast-seo-wordpress\/ -->\n<title>Nowoczesny Zak\u0142ad Opieki Leczniczej - Wojew\u00f3dzki Szpital Specjalistyczny im. \u015aw. Rafa\u0142a w Czerwonej G\u00f3rze<\/title>\n<meta name=\"robots\" content=\"index, follow, max-snippet:-1, max-image-preview:large, max-video-preview:-1\" \/>\n<link rel=\"canonical\" href=\"https:\/\/czerwonagora.pl\/index.php\/2021\/06\/25\/nowoczesny-zaklad-opieki-leczni\/\" \/>\n<meta property=\"og:locale\" content=\"pl_PL\" \/>\n<meta property=\"og:type\" content=\"article\" \/>\n<meta property=\"og:title\" content=\"Nowoczesny Zak\u0142ad Opieki Leczniczej - Wojew\u00f3dzki Szpital Specjalistyczny im. \u015aw. Rafa\u0142a w Czerwonej G\u00f3rze\" \/>\n<meta property=\"og:description\" content=\"W czwartek 17 czerwca br. O godz. 12:00 Wojew\u00f3dzkim Szpitalu Specjalistycznym im. \u015aw. Rafa\u0142a w Czerwonej G\u00f3rze nast\u0105pi uroczyste otwarcie Zak\u0142adu Opieku\u0144czo-Leczniczego. To kolejna inwestycja rozszerzaj\u0105ca zakres \u015bwiadcze\u0144 w szpitalu, w tym przypadku skierowana do pacjent\u00f3w wymagaj\u0105cych opieki d\u0142ugoterminowej.\" \/>\n<meta property=\"og:url\" content=\"https:\/\/czerwonagora.pl\/index.php\/2021\/06\/25\/nowoczesny-zaklad-opieki-leczni\/\" \/>\n<meta property=\"og:site_name\" content=\"Wojew\u00f3dzki Szpital Specjalistyczny im. \u015aw. Rafa\u0142a w Czerwonej G\u00f3rze\" \/>\n<meta property=\"article:publisher\" content=\"https:\/\/www.facebook.com\/SzpitalCzerwonaGora\/\" \/>\n<meta property=\"article:published_time\" content=\"2021-06-25T07:02:37+00:00\" \/>\n<meta property=\"article:modified_time\" content=\"2021-08-03T07:55:45+00:00\" \/>\n<meta property=\"og:image\" content=\"https:\/\/czerwonagora.pl\/wp-content\/uploads\/2021\/06\/ZOL-001.jpg\" \/>\n\t<meta property=\"og:image:width\" content=\"1152\" \/>\n\t<meta property=\"og:image:height\" content=\"768\" \/>\n\t<meta property=\"og:image:type\" content=\"image\/jpeg\" \/>\n<meta name=\"author\" content=\"Krzysztof Kasprzyk\" \/>\n<meta name=\"twitter:card\" content=\"summary_large_image\" \/>\n<meta name=\"twitter:label1\" content=\"Napisane przez\" \/>\n\t<meta name=\"twitter:data1\" content=\"Krzysztof Kasprzyk\" \/>\n\t<meta name=\"twitter:label2\" content=\"Szacowany czas czytania\" \/>\n\t<meta name=\"twitter:data2\" content=\"3 minuty\" \/>\n<script type=\"application\/ld+json\" class=\"yoast-schema-graph\">{\"@context\":\"https:\\\/\\\/schema.org\",\"@graph\":[{\"@type\":\"Article\",\"@id\":\"https:\\\/\\\/czerwonagora.pl\\\/index.php\\\/2021\\\/06\\\/25\\\/nowoczesny-zaklad-opieki-leczni\\\/#article\",\"isPartOf\":{\"@id\":\"https:\\\/\\\/czerwonagora.pl\\\/index.php\\\/2021\\\/06\\\/25\\\/nowoczesny-zaklad-opieki-leczni\\\/\"},\"author\":{\"name\":\"Krzysztof Kasprzyk\",\"@id\":\"https:\\\/\\\/czerwonagora.pl\\\/#\\\/schema\\\/person\\\/88ad471b758c11e595bd87abceaf3cfd\"},\"headline\":\"Nowoczesny Zak\u0142ad Opieki Leczniczej\",\"datePublished\":\"2021-06-25T07:02:37+00:00\",\"dateModified\":\"2021-08-03T07:55:45+00:00\",\"mainEntityOfPage\":{\"@id\":\"https:\\\/\\\/czerwonagora.pl\\\/index.php\\\/2021\\\/06\\\/25\\\/nowoczesny-zaklad-opieki-leczni\\\/\"},\"wordCount\":617,\"publisher\":{\"@id\":\"https:\\\/\\\/czerwonagora.pl\\\/#organization\"},\"image\":{\"@id\":\"https:\\\/\\\/czerwonagora.pl\\\/index.php\\\/2021\\\/06\\\/25\\\/nowoczesny-zaklad-opieki-leczni\\\/#primaryimage\"},\"thumbnailUrl\":\"https:\\\/\\\/czerwonagora.pl\\\/wp-content\\\/uploads\\\/2021\\\/06\\\/ZOL-001.jpg\",\"articleSection\":[\"Aktualno\u015bci\"],\"inLanguage\":\"pl-PL\"},{\"@type\":\"WebPage\",\"@id\":\"https:\\\/\\\/czerwonagora.pl\\\/index.php\\\/2021\\\/06\\\/25\\\/nowoczesny-zaklad-opieki-leczni\\\/\",\"url\":\"https:\\\/\\\/czerwonagora.pl\\\/index.php\\\/2021\\\/06\\\/25\\\/nowoczesny-zaklad-opieki-leczni\\\/\",\"name\":\"Nowoczesny Zak\u0142ad Opieki Leczniczej - Wojew\u00f3dzki Szpital Specjalistyczny im. \u015aw. Rafa\u0142a w Czerwonej G\u00f3rze\",\"isPartOf\":{\"@id\":\"https:\\\/\\\/czerwonagora.pl\\\/#website\"},\"primaryImageOfPage\":{\"@id\":\"https:\\\/\\\/czerwonagora.pl\\\/index.php\\\/2021\\\/06\\\/25\\\/nowoczesny-zaklad-opieki-leczni\\\/#primaryimage\"},\"image\":{\"@id\":\"https:\\\/\\\/czerwonagora.pl\\\/index.php\\\/2021\\\/06\\\/25\\\/nowoczesny-zaklad-opieki-leczni\\\/#primaryimage\"},\"thumbnailUrl\":\"https:\\\/\\\/czerwonagora.pl\\\/wp-content\\\/uploads\\\/2021\\\/06\\\/ZOL-001.jpg\",\"datePublished\":\"2021-06-25T07:02:37+00:00\",\"dateModified\":\"2021-08-03T07:55:45+00:00\",\"breadcrumb\":{\"@id\":\"https:\\\/\\\/czerwonagora.pl\\\/index.php\\\/2021\\\/06\\\/25\\\/nowoczesny-zaklad-opieki-leczni\\\/#breadcrumb\"},\"inLanguage\":\"pl-PL\",\"potentialAction\":[{\"@type\":\"ReadAction\",\"target\":[\"https:\\\/\\\/czerwonagora.pl\\\/index.php\\\/2021\\\/06\\\/25\\\/nowoczesny-zaklad-opieki-leczni\\\/\"]}]},{\"@type\":\"ImageObject\",\"inLanguage\":\"pl-PL\",\"@id\":\"https:\\\/\\\/czerwonagora.pl\\\/index.php\\\/2021\\\/06\\\/25\\\/nowoczesny-zaklad-opieki-leczni\\\/#primaryimage\",\"url\":\"https:\\\/\\\/czerwonagora.pl\\\/wp-content\\\/uploads\\\/2021\\\/06\\\/ZOL-001.jpg\",\"contentUrl\":\"https:\\\/\\\/czerwonagora.pl\\\/wp-content\\\/uploads\\\/2021\\\/06\\\/ZOL-001.jpg\",\"width\":1152,\"height\":768,\"caption\":\"osoby ubrane w ubrania medyczne i wizytowe oraz maseczki ochronne na twarzy podczas przeci\u0119cia st\u0119gi bia\u0142o czerwonej otwarcia oddzia\u0142u ZOL szpitala.\"},{\"@type\":\"BreadcrumbList\",\"@id\":\"https:\\\/\\\/czerwonagora.pl\\\/index.php\\\/2021\\\/06\\\/25\\\/nowoczesny-zaklad-opieki-leczni\\\/#breadcrumb\",\"itemListElement\":[{\"@type\":\"ListItem\",\"position\":1,\"name\":\"Strona g\u0142\u00f3wna\",\"item\":\"https:\\\/\\\/czerwonagora.pl\\\/\"},{\"@type\":\"ListItem\",\"position\":2,\"name\":\"Nowoczesny Zak\u0142ad Opieki Leczniczej\"}]},{\"@type\":\"WebSite\",\"@id\":\"https:\\\/\\\/czerwonagora.pl\\\/#website\",\"url\":\"https:\\\/\\\/czerwonagora.pl\\\/\",\"name\":\"Wojew\u00f3dzki Szpital Specjalistyczny im. \u015aw. Rafa\u0142a w Czerwonej G\u00f3rze\",\"description\":\"Wojew\u00f3dzki Szpital Specjalistyczny im. \u015aw. Rafa\u0142a w Czerwonej G\u00f3rze\",\"publisher\":{\"@id\":\"https:\\\/\\\/czerwonagora.pl\\\/#organization\"},\"potentialAction\":[{\"@type\":\"SearchAction\",\"target\":{\"@type\":\"EntryPoint\",\"urlTemplate\":\"https:\\\/\\\/czerwonagora.pl\\\/?s={search_term_string}\"},\"query-input\":{\"@type\":\"PropertyValueSpecification\",\"valueRequired\":true,\"valueName\":\"search_term_string\"}}],\"inLanguage\":\"pl-PL\"},{\"@type\":\"Organization\",\"@id\":\"https:\\\/\\\/czerwonagora.pl\\\/#organization\",\"name\":\"Wojew\u00f3dzki Szpital Specjalistyczny im. \u015aw. Rafa\u0142a w Czerwonej G\u00f3rze\",\"url\":\"https:\\\/\\\/czerwonagora.pl\\\/\",\"logo\":{\"@type\":\"ImageObject\",\"inLanguage\":\"pl-PL\",\"@id\":\"https:\\\/\\\/czerwonagora.pl\\\/#\\\/schema\\\/logo\\\/image\\\/\",\"url\":\"https:\\\/\\\/czerwonagora.pl\\\/wp-content\\\/uploads\\\/2021\\\/06\\\/Logo-WSS-DUZE-transparentne.png\",\"contentUrl\":\"https:\\\/\\\/czerwonagora.pl\\\/wp-content\\\/uploads\\\/2021\\\/06\\\/Logo-WSS-DUZE-transparentne.png\",\"width\":4210,\"height\":2975,\"caption\":\"Wojew\u00f3dzki Szpital Specjalistyczny im. \u015aw. Rafa\u0142a w Czerwonej G\u00f3rze\"},\"image\":{\"@id\":\"https:\\\/\\\/czerwonagora.pl\\\/#\\\/schema\\\/logo\\\/image\\\/\"},\"sameAs\":[\"https:\\\/\\\/www.facebook.com\\\/SzpitalCzerwonaGora\\\/\"]},{\"@type\":\"Person\",\"@id\":\"https:\\\/\\\/czerwonagora.pl\\\/#\\\/schema\\\/person\\\/88ad471b758c11e595bd87abceaf3cfd\",\"name\":\"Krzysztof Kasprzyk\",\"image\":{\"@type\":\"ImageObject\",\"inLanguage\":\"pl-PL\",\"@id\":\"https:\\\/\\\/czerwonagora.pl\\\/wp-content\\\/litespeed\\\/avatar\\\/758f42868e3c503ca9f38bee50fcfff3.jpg?ver=1777380282\",\"url\":\"https:\\\/\\\/czerwonagora.pl\\\/wp-content\\\/litespeed\\\/avatar\\\/758f42868e3c503ca9f38bee50fcfff3.jpg?ver=1777380282\",\"contentUrl\":\"https:\\\/\\\/czerwonagora.pl\\\/wp-content\\\/litespeed\\\/avatar\\\/758f42868e3c503ca9f38bee50fcfff3.jpg?ver=1777380282\",\"caption\":\"Krzysztof Kasprzyk\"},\"sameAs\":[\"https:\\\/\\\/czerwonagora.pl\"],\"url\":\"https:\\\/\\\/czerwonagora.pl\\\/index.php\\\/author\\\/maverick\\\/\"}]}<\/script>\n<!-- \/ Yoast SEO plugin. -->","yoast_head_json":{"title":"Nowoczesny Zak\u0142ad Opieki Leczniczej - Wojew\u00f3dzki Szpital Specjalistyczny im. \u015aw. Rafa\u0142a w Czerwonej G\u00f3rze","robots":{"index":"index","follow":"follow","max-snippet":"max-snippet:-1","max-image-preview":"max-image-preview:large","max-video-preview":"max-video-preview:-1"},"canonical":"https:\/\/czerwonagora.pl\/index.php\/2021\/06\/25\/nowoczesny-zaklad-opieki-leczni\/","og_locale":"pl_PL","og_type":"article","og_title":"Nowoczesny Zak\u0142ad Opieki Leczniczej - Wojew\u00f3dzki Szpital Specjalistyczny im. \u015aw. Rafa\u0142a w Czerwonej G\u00f3rze","og_description":"W czwartek 17 czerwca br. O godz. 12:00 Wojew\u00f3dzkim Szpitalu Specjalistycznym im. \u015aw. Rafa\u0142a w Czerwonej G\u00f3rze nast\u0105pi uroczyste otwarcie Zak\u0142adu Opieku\u0144czo-Leczniczego. To kolejna inwestycja rozszerzaj\u0105ca zakres \u015bwiadcze\u0144 w szpitalu, w tym przypadku skierowana do pacjent\u00f3w wymagaj\u0105cych opieki d\u0142ugoterminowej.","og_url":"https:\/\/czerwonagora.pl\/index.php\/2021\/06\/25\/nowoczesny-zaklad-opieki-leczni\/","og_site_name":"Wojew\u00f3dzki Szpital Specjalistyczny im. \u015aw. Rafa\u0142a w Czerwonej G\u00f3rze","article_publisher":"https:\/\/www.facebook.com\/SzpitalCzerwonaGora\/","article_published_time":"2021-06-25T07:02:37+00:00","article_modified_time":"2021-08-03T07:55:45+00:00","og_image":[{"width":1152,"height":768,"url":"https:\/\/czerwonagora.pl\/wp-content\/uploads\/2021\/06\/ZOL-001.jpg","type":"image\/jpeg"}],"author":"Krzysztof Kasprzyk","twitter_card":"summary_large_image","twitter_misc":{"Napisane przez":"Krzysztof Kasprzyk","Szacowany czas czytania":"3 minuty"},"schema":{"@context":"https:\/\/schema.org","@graph":[{"@type":"Article","@id":"https:\/\/czerwonagora.pl\/index.php\/2021\/06\/25\/nowoczesny-zaklad-opieki-leczni\/#article","isPartOf":{"@id":"https:\/\/czerwonagora.pl\/index.php\/2021\/06\/25\/nowoczesny-zaklad-opieki-leczni\/"},"author":{"name":"Krzysztof Kasprzyk","@id":"https:\/\/czerwonagora.pl\/#\/schema\/person\/88ad471b758c11e595bd87abceaf3cfd"},"headline":"Nowoczesny Zak\u0142ad Opieki Leczniczej","datePublished":"2021-06-25T07:02:37+00:00","dateModified":"2021-08-03T07:55:45+00:00","mainEntityOfPage":{"@id":"https:\/\/czerwonagora.pl\/index.php\/2021\/06\/25\/nowoczesny-zaklad-opieki-leczni\/"},"wordCount":617,"publisher":{"@id":"https:\/\/czerwonagora.pl\/#organization"},"image":{"@id":"https:\/\/czerwonagora.pl\/index.php\/2021\/06\/25\/nowoczesny-zaklad-opieki-leczni\/#primaryimage"},"thumbnailUrl":"https:\/\/czerwonagora.pl\/wp-content\/uploads\/2021\/06\/ZOL-001.jpg","articleSection":["Aktualno\u015bci"],"inLanguage":"pl-PL"},{"@type":"WebPage","@id":"https:\/\/czerwonagora.pl\/index.php\/2021\/06\/25\/nowoczesny-zaklad-opieki-leczni\/","url":"https:\/\/czerwonagora.pl\/index.php\/2021\/06\/25\/nowoczesny-zaklad-opieki-leczni\/","name":"Nowoczesny Zak\u0142ad Opieki Leczniczej - Wojew\u00f3dzki Szpital Specjalistyczny im. \u015aw. Rafa\u0142a w Czerwonej G\u00f3rze","isPartOf":{"@id":"https:\/\/czerwonagora.pl\/#website"},"primaryImageOfPage":{"@id":"https:\/\/czerwonagora.pl\/index.php\/2021\/06\/25\/nowoczesny-zaklad-opieki-leczni\/#primaryimage"},"image":{"@id":"https:\/\/czerwonagora.pl\/index.php\/2021\/06\/25\/nowoczesny-zaklad-opieki-leczni\/#primaryimage"},"thumbnailUrl":"https:\/\/czerwonagora.pl\/wp-content\/uploads\/2021\/06\/ZOL-001.jpg","datePublished":"2021-06-25T07:02:37+00:00","dateModified":"2021-08-03T07:55:45+00:00","breadcrumb":{"@id":"https:\/\/czerwonagora.pl\/index.php\/2021\/06\/25\/nowoczesny-zaklad-opieki-leczni\/#breadcrumb"},"inLanguage":"pl-PL","potentialAction":[{"@type":"ReadAction","target":["https:\/\/czerwonagora.pl\/index.php\/2021\/06\/25\/nowoczesny-zaklad-opieki-leczni\/"]}]},{"@type":"ImageObject","inLanguage":"pl-PL","@id":"https:\/\/czerwonagora.pl\/index.php\/2021\/06\/25\/nowoczesny-zaklad-opieki-leczni\/#primaryimage","url":"https:\/\/czerwonagora.pl\/wp-content\/uploads\/2021\/06\/ZOL-001.jpg","contentUrl":"https:\/\/czerwonagora.pl\/wp-content\/uploads\/2021\/06\/ZOL-001.jpg","width":1152,"height":768,"caption":"osoby ubrane w ubrania medyczne i wizytowe oraz maseczki ochronne na twarzy podczas przeci\u0119cia st\u0119gi bia\u0142o czerwonej otwarcia oddzia\u0142u ZOL szpitala."},{"@type":"BreadcrumbList","@id":"https:\/\/czerwonagora.pl\/index.php\/2021\/06\/25\/nowoczesny-zaklad-opieki-leczni\/#breadcrumb","itemListElement":[{"@type":"ListItem","position":1,"name":"Strona g\u0142\u00f3wna","item":"https:\/\/czerwonagora.pl\/"},{"@type":"ListItem","position":2,"name":"Nowoczesny Zak\u0142ad Opieki Leczniczej"}]},{"@type":"WebSite","@id":"https:\/\/czerwonagora.pl\/#website","url":"https:\/\/czerwonagora.pl\/","name":"Wojew\u00f3dzki Szpital Specjalistyczny im. \u015aw. Rafa\u0142a w Czerwonej G\u00f3rze","description":"Wojew\u00f3dzki Szpital Specjalistyczny im. \u015aw. Rafa\u0142a w Czerwonej G\u00f3rze","publisher":{"@id":"https:\/\/czerwonagora.pl\/#organization"},"potentialAction":[{"@type":"SearchAction","target":{"@type":"EntryPoint","urlTemplate":"https:\/\/czerwonagora.pl\/?s={search_term_string}"},"query-input":{"@type":"PropertyValueSpecification","valueRequired":true,"valueName":"search_term_string"}}],"inLanguage":"pl-PL"},{"@type":"Organization","@id":"https:\/\/czerwonagora.pl\/#organization","name":"Wojew\u00f3dzki Szpital Specjalistyczny im. \u015aw. Rafa\u0142a w Czerwonej G\u00f3rze","url":"https:\/\/czerwonagora.pl\/","logo":{"@type":"ImageObject","inLanguage":"pl-PL","@id":"https:\/\/czerwonagora.pl\/#\/schema\/logo\/image\/","url":"https:\/\/czerwonagora.pl\/wp-content\/uploads\/2021\/06\/Logo-WSS-DUZE-transparentne.png","contentUrl":"https:\/\/czerwonagora.pl\/wp-content\/uploads\/2021\/06\/Logo-WSS-DUZE-transparentne.png","width":4210,"height":2975,"caption":"Wojew\u00f3dzki Szpital Specjalistyczny im. \u015aw. Rafa\u0142a w Czerwonej G\u00f3rze"},"image":{"@id":"https:\/\/czerwonagora.pl\/#\/schema\/logo\/image\/"},"sameAs":["https:\/\/www.facebook.com\/SzpitalCzerwonaGora\/"]},{"@type":"Person","@id":"https:\/\/czerwonagora.pl\/#\/schema\/person\/88ad471b758c11e595bd87abceaf3cfd","name":"Krzysztof Kasprzyk","image":{"@type":"ImageObject","inLanguage":"pl-PL","@id":"https:\/\/czerwonagora.pl\/wp-content\/litespeed\/avatar\/758f42868e3c503ca9f38bee50fcfff3.jpg?ver=1777380282","url":"https:\/\/czerwonagora.pl\/wp-content\/litespeed\/avatar\/758f42868e3c503ca9f38bee50fcfff3.jpg?ver=1777380282","contentUrl":"https:\/\/czerwonagora.pl\/wp-content\/litespeed\/avatar\/758f42868e3c503ca9f38bee50fcfff3.jpg?ver=1777380282","caption":"Krzysztof Kasprzyk"},"sameAs":["https:\/\/czerwonagora.pl"],"url":"https:\/\/czerwonagora.pl\/index.php\/author\/maverick\/"}]}},"publishpress_future_action":{"enabled":false,"date":"2026-05-07 08:17:52","action":"change-status","newStatus":"draft","terms":[],"taxonomy":"category","extraData":[]},"publishpress_future_workflow_manual_trigger":{"enabledWorkflows":[]},"_links":{"self":[{"href":"https:\/\/czerwonagora.pl\/index.php\/wp-json\/wp\/v2\/posts\/5814","targetHints":{"allow":["GET"]}}],"collection":[{"href":"https:\/\/czerwonagora.pl\/index.php\/wp-json\/wp\/v2\/posts"}],"about":[{"href":"https:\/\/czerwonagora.pl\/index.php\/wp-json\/wp\/v2\/types\/post"}],"author":[{"embeddable":true,"href":"https:\/\/czerwonagora.pl\/index.php\/wp-json\/wp\/v2\/users\/1"}],"replies":[{"embeddable":true,"href":"https:\/\/czerwonagora.pl\/index.php\/wp-json\/wp\/v2\/comments?post=5814"}],"version-history":[{"count":30,"href":"https:\/\/czerwonagora.pl\/index.php\/wp-json\/wp\/v2\/posts\/5814\/revisions"}],"predecessor-version":[{"id":10686,"href":"https:\/\/czerwonagora.pl\/index.php\/wp-json\/wp\/v2\/posts\/5814\/revisions\/10686"}],"wp:featuredmedia":[{"embeddable":true,"href":"https:\/\/czerwonagora.pl\/index.php\/wp-json\/wp\/v2\/media\/5887"}],"wp:attachment":[{"href":"https:\/\/czerwonagora.pl\/index.php\/wp-json\/wp\/v2\/media?parent=5814"}],"wp:term":[{"taxonomy":"category","embeddable":true,"href":"https:\/\/czerwonagora.pl\/index.php\/wp-json\/wp\/v2\/categories?post=5814"},{"taxonomy":"post_tag","embeddable":true,"href":"https:\/\/czerwonagora.pl\/index.php\/wp-json\/wp\/v2\/tags?post=5814"}],"curies":[{"name":"wp","href":"https:\/\/api.w.org\/{rel}","templated":true}]}}