{"id":7961,"date":"2021-06-18T11:24:40","date_gmt":"2021-06-18T09:24:40","guid":{"rendered":"https:\/\/czerwonagora.pl\/?p=7961"},"modified":"2021-08-03T09:55:58","modified_gmt":"2021-08-03T07:55:58","slug":"pielegniarka-w-zakladzie-opiekunczo-leczniczym","status":"publish","type":"post","link":"https:\/\/czerwonagora.pl\/index.php\/2021\/06\/18\/pielegniarka-w-zakladzie-opiekunczo-leczniczym\/","title":{"rendered":"Piel\u0119gniarka w Zak\u0142adzie Opieku\u0144czo-Leczniczym"},"content":{"rendered":"\t\t<div data-elementor-type=\"wp-post\" data-elementor-id=\"7961\" class=\"elementor elementor-7961\">\n\t\t\t\t\t\t<section class=\"elementor-section elementor-top-section elementor-element elementor-element-6721a349 elementor-section-boxed elementor-section-height-default elementor-section-height-default\" data-id=\"6721a349\" data-element_type=\"section\" data-e-type=\"section\">\n\t\t\t\t\t\t<div class=\"elementor-container elementor-column-gap-default\">\n\t\t\t\t\t<div class=\"elementor-column elementor-col-100 elementor-top-column elementor-element elementor-element-2a88ce7c\" data-id=\"2a88ce7c\" data-element_type=\"column\" data-e-type=\"column\">\n\t\t\t<div class=\"elementor-widget-wrap elementor-element-populated\">\n\t\t\t\t\t\t<div class=\"elementor-element elementor-element-4fb9cac elementor-widget elementor-widget-image\" data-id=\"4fb9cac\" data-element_type=\"widget\" data-e-type=\"widget\" data-widget_type=\"image.default\">\n\t\t\t\t<div class=\"elementor-widget-container\">\n\t\t\t\t\t\t\t\t\t\t\t\t\t\t\t<img fetchpriority=\"high\" decoding=\"async\" width=\"803\" height=\"360\" src=\"https:\/\/czerwonagora.pl\/wp-content\/uploads\/2021\/06\/LEK_Oferta_pracy.jpg\" class=\"attachment-large size-large wp-image-8131\" alt=\"t\u0142o koloru niebieskiego na kt\u00f3rym znaduje si\u0119 zarys os\u00f3b ubranch w ubrania medyczne ze stetyskopami na szyi z bia\u0142ym napisem Oferta pracy\" srcset=\"https:\/\/czerwonagora.pl\/wp-content\/uploads\/2021\/06\/LEK_Oferta_pracy.jpg 803w, https:\/\/czerwonagora.pl\/wp-content\/uploads\/2021\/06\/LEK_Oferta_pracy-300x134.jpg 300w, https:\/\/czerwonagora.pl\/wp-content\/uploads\/2021\/06\/LEK_Oferta_pracy-768x344.jpg 768w\" sizes=\"(max-width: 803px) 100vw, 803px\" \/>\t\t\t\t\t\t\t\t\t\t\t\t\t\t\t<\/div>\n\t\t\t\t<\/div>\n\t\t\t\t<div class=\"elementor-element elementor-element-4f7494ed elementor-widget elementor-widget-text-editor\" data-id=\"4f7494ed\" data-element_type=\"widget\" data-e-type=\"widget\" data-widget_type=\"text-editor.default\">\n\t\t\t\t<div class=\"elementor-widget-container\">\n\t\t\t\t\t\t\t\t\t<p style=\"text-align: center;\"><strong>Piel\u0119gniarka w Zak\u0142adzie Opieku\u0144czo-Leczniczym<\/strong><\/p><p style=\"text-align: center;\"><strong>Dyrekcja Wojew\u00f3dzkiego Szpitala Specjalistycznego <\/strong><strong>im. \u015bw. Rafa\u0142a w Czerwonej G\u00f3rze <br \/><\/strong><strong>og\u0142asza nab\u00f3r na stanowisko piel\u0119gniarki w Zak\u0142adzie Opieku\u0144czo-Leczniczym <\/strong><strong>wymiar etatu i forma zatrudnienia do uzgodnienia<\/strong><\/p><p><strong>Wymagania:<\/strong><\/p><ul><li>wykszta\u0142cenie medyczne w dziedzinie piel\u0119gniarstwa<\/li><li>aktualne prawo wykonywania zawodu<\/li><li>do\u015bwiadczenie w pracy w ZOL b\u0119dzie dodatkowym atutem<\/li><\/ul><p>Preferowane dodatkowe kwalifikacje:<br \/>Specjalizacja lub kurs kwalifikacyjny lub w trakcie odbywania specjalizacji lub kursu kwalifikacyjnego <br \/>w jednej lub kilku z ni\u017cej wymienionych dziedzin:<\/p><ul><li>opieka d\u0142ugoterminowa,<\/li><li>piel\u0119gniarstwo przewlekle chorych i niepe\u0142nosprawnych,<\/li><li>piel\u0119gniarstwo zachowawcze,<\/li><li>piel\u0119gniarstwo rodzinne,<\/li><li>piel\u0119gniarstwo \u015brodowiskowe,<\/li><li>piel\u0119gniarstwo \u015brodowiskowo &#8211; rodzinne,<\/li><li>piel\u0119gniarstwo geriatryczne,<\/li><li>piel\u0119gniarstwo opieki paliatywnej,<\/li><li>piel\u0119gniarstwo anestezjologiczne i intensywnej opieki,<\/li><li>kurs specjalistyczny w zakresie opieki paliatywnej lub piel\u0119gnowania pacjenta doros\u0142ego wentylowanego mechanicznie.<\/li><\/ul><p><strong>Wymagane dokumenty:<\/strong><\/p><p>CV i list motywacyjny, kopie dokument\u00f3w potwierdzaj\u0105cych wykszta\u0142cenie, kwalifikacje i umiej\u0119tno\u015bci nale\u017cy sk\u0142ada\u0107 na adres:<\/p><p><strong>Wojew\u00f3dzki Szpital Specjalistyczny im. \u015aw. Rafa\u0142a<br \/>ul. Czerwona G\u00f3ra 10, 26-060 Ch\u0119ciny<br \/>(041) 34-655-45 w.123<\/strong><\/p><p><strong>lub poczt\u0105 elektroniczn\u0105 na adres e-mail: <span id=\"cloak17793e1b46639ed98a7fd328a9e60aea\"><a href=\"mailto:k.resztak@czerwonagora.pl\">k.resztak@czerwonagora.pl<\/a><\/span> z dopiskiem &#8222;Oferta pracy na stanowisko piel\u0119gniarki w ZOL&#8221;<\/strong><\/p><p>Prosimy o do\u0142\u0105czenie podpisanej zgody na przetwarzanie danych osobowych w procesie rekrutacji.<br \/><strong>W przypadku braku powy\u017cszej klauzuli nie b\u0119dziemy mogli rozpatrzy\u0107 Pani\/Pana aplikacji,<\/strong><br \/><strong>a dokumenty aplikacyjne zostan\u0105 zniszczone<\/strong><\/p><p><strong>Inne informacje:<\/strong><\/p><ul><li>zastrzega si\u0119 mo\u017cliwo\u015b\u0107 kontaktu wy\u0142\u0105cznie z wybranymi kandydatami<\/li><li>dokumenty pozosta\u0142ych kandydat\u00f3w nie podlegaj\u0105 zwrotowi<\/li><\/ul>\t\t\t\t\t\t\t\t<\/div>\n\t\t\t\t<\/div>\n\t\t\t\t\t<\/div>\n\t\t<\/div>\n\t\t\t\t\t<\/div>\n\t\t<\/section>\n\t\t\t\t<section class=\"elementor-section elementor-top-section elementor-element elementor-element-fec981a elementor-section-boxed elementor-section-height-default elementor-section-height-default\" data-id=\"fec981a\" data-element_type=\"section\" data-e-type=\"section\" data-settings=\"{&quot;background_background&quot;:&quot;classic&quot;}\">\n\t\t\t\t\t\t<div class=\"elementor-container elementor-column-gap-default\">\n\t\t\t\t\t<div class=\"elementor-column elementor-col-25 elementor-top-column elementor-element elementor-element-1e289426\" data-id=\"1e289426\" data-element_type=\"column\" data-e-type=\"column\">\n\t\t\t<div class=\"elementor-widget-wrap elementor-element-populated\">\n\t\t\t\t\t\t<div class=\"elementor-element elementor-element-6daf3dcf elementor-view-default elementor-widget elementor-widget-icon\" data-id=\"6daf3dcf\" data-element_type=\"widget\" data-e-type=\"widget\" data-widget_type=\"icon.default\">\n\t\t\t\t<div class=\"elementor-widget-container\">\n\t\t\t\t\t\t\t<div class=\"elementor-icon-wrapper\">\n\t\t\t<div class=\"elementor-icon\">\n\t\t\t<i aria-hidden=\"true\" class=\"far fa-file-pdf\"><\/i>\t\t\t<\/div>\n\t\t<\/div>\n\t\t\t\t\t\t<\/div>\n\t\t\t\t<\/div>\n\t\t\t\t\t<\/div>\n\t\t<\/div>\n\t\t\t\t<div class=\"elementor-column elementor-col-50 elementor-top-column elementor-element elementor-element-6f3eee3d\" data-id=\"6f3eee3d\" data-element_type=\"column\" data-e-type=\"column\">\n\t\t\t<div class=\"elementor-widget-wrap elementor-element-populated\">\n\t\t\t\t\t\t<div class=\"elementor-element elementor-element-43e4a267 elementor-widget elementor-widget-text-editor\" data-id=\"43e4a267\" data-element_type=\"widget\" data-e-type=\"widget\" data-widget_type=\"text-editor.default\">\n\t\t\t\t<div class=\"elementor-widget-container\">\n\t\t\t\t\t\t\t\t\t<p>Og\u0142oszenie Piel\u0119gniarka Zak\u0142ad Opieku\u0144czo-Leczniczy<\/p>\t\t\t\t\t\t\t\t<\/div>\n\t\t\t\t<\/div>\n\t\t\t\t\t<\/div>\n\t\t<\/div>\n\t\t\t\t<div class=\"elementor-column elementor-col-25 elementor-top-column elementor-element elementor-element-26d124ec\" data-id=\"26d124ec\" data-element_type=\"column\" data-e-type=\"column\">\n\t\t\t<div class=\"elementor-widget-wrap elementor-element-populated\">\n\t\t\t\t\t\t<div class=\"elementor-element elementor-element-a7fc83 elementor-align-center elementor-widget elementor-widget-button\" data-id=\"a7fc83\" data-element_type=\"widget\" data-e-type=\"widget\" data-widget_type=\"button.default\">\n\t\t\t\t<div class=\"elementor-widget-container\">\n\t\t\t\t\t\t\t\t\t<div class=\"elementor-button-wrapper\">\n\t\t\t\t\t<a class=\"elementor-button elementor-button-link elementor-size-sm elementor-animation-grow\" href=\"https:\/\/czerwonagora.pl\/wp-content\/uploads\/2021\/06\/Ogloszenie_Pielegniarka_ZOL.pdf\">\n\t\t\t\t\t\t<span class=\"elementor-button-content-wrapper\">\n\t\t\t\t\t\t\t\t\t<span class=\"elementor-button-text\">Pobierz<\/span>\n\t\t\t\t\t<\/span>\n\t\t\t\t\t<\/a>\n\t\t\t\t<\/div>\n\t\t\t\t\t\t\t\t<\/div>\n\t\t\t\t<\/div>\n\t\t\t\t\t<\/div>\n\t\t<\/div>\n\t\t\t\t\t<\/div>\n\t\t<\/section>\n\t\t\t\t<\/div>\n\t\t","protected":false},"excerpt":{"rendered":"<p>Piel\u0119gniarka w Zak\u0142adzie Opieku\u0144czo-Leczniczym Dyrekcja Wojew\u00f3dzkiego Szpitala Specjalistycznego im. \u015bw. Rafa\u0142a w Czerwonej G\u00f3rze og\u0142asza nab\u00f3r na stanowisko piel\u0119gniarki w Zak\u0142adzie Opieku\u0144czo-Leczniczym wymiar etatu i forma zatrudnienia do uzgodnienia Wymagania: wykszta\u0142cenie medyczne w dziedzinie piel\u0119gniarstwa aktualne prawo wykonywania zawodu do\u015bwiadczenie w pracy w ZOL b\u0119dzie dodatkowym atutem Preferowane dodatkowe kwalifikacje:Specjalizacja lub kurs kwalifikacyjny lub w [&hellip;]<\/p>\n","protected":false},"author":4,"featured_media":0,"comment_status":"closed","ping_status":"closed","sticky":false,"template":"","format":"standard","meta":{"zakra_page_container_layout":"customizer","zakra_page_sidebar_layout":"customizer","zakra_remove_content_margin":false,"zakra_sidebar":"customizer","zakra_transparent_header":"customizer","zakra_logo":0,"zakra_main_header_style":"default","zakra_menu_item_color":"","zakra_menu_item_hover_color":"","zakra_menu_item_active_color":"","zakra_menu_active_style":"","zakra_page_header":true,"footnotes":""},"categories":[42],"tags":[],"class_list":["post-7961","post","type-post","status-publish","format-standard","hentry","category-oferty-pracy"],"yoast_head":"<!-- This site is optimized with the Yoast SEO plugin v27.4 - https:\/\/yoast.com\/product\/yoast-seo-wordpress\/ -->\n<title>Piel\u0119gniarka w Zak\u0142adzie Opieku\u0144czo-Leczniczym - Wojew\u00f3dzki Szpital Specjalistyczny im. \u015aw. Rafa\u0142a w Czerwonej G\u00f3rze<\/title>\n<meta name=\"robots\" content=\"index, follow, max-snippet:-1, max-image-preview:large, max-video-preview:-1\" \/>\n<link rel=\"canonical\" href=\"https:\/\/czerwonagora.pl\/index.php\/2021\/06\/18\/pielegniarka-w-zakladzie-opiekunczo-leczniczym\/\" \/>\n<meta property=\"og:locale\" content=\"pl_PL\" \/>\n<meta property=\"og:type\" content=\"article\" \/>\n<meta property=\"og:title\" content=\"Piel\u0119gniarka w Zak\u0142adzie Opieku\u0144czo-Leczniczym - Wojew\u00f3dzki Szpital Specjalistyczny im. \u015aw. Rafa\u0142a w Czerwonej G\u00f3rze\" \/>\n<meta property=\"og:description\" content=\"Piel\u0119gniarka w Zak\u0142adzie Opieku\u0144czo-Leczniczym Dyrekcja Wojew\u00f3dzkiego Szpitala Specjalistycznego im. \u015bw. Rafa\u0142a w Czerwonej G\u00f3rze og\u0142asza nab\u00f3r na stanowisko piel\u0119gniarki w Zak\u0142adzie Opieku\u0144czo-Leczniczym wymiar etatu i forma zatrudnienia do uzgodnienia Wymagania: wykszta\u0142cenie medyczne w dziedzinie piel\u0119gniarstwa aktualne prawo wykonywania zawodu do\u015bwiadczenie w pracy w ZOL b\u0119dzie dodatkowym atutem Preferowane dodatkowe kwalifikacje:Specjalizacja lub kurs kwalifikacyjny lub w [&hellip;]\" \/>\n<meta property=\"og:url\" content=\"https:\/\/czerwonagora.pl\/index.php\/2021\/06\/18\/pielegniarka-w-zakladzie-opiekunczo-leczniczym\/\" \/>\n<meta property=\"og:site_name\" content=\"Wojew\u00f3dzki Szpital Specjalistyczny im. \u015aw. Rafa\u0142a w Czerwonej G\u00f3rze\" \/>\n<meta property=\"article:publisher\" content=\"https:\/\/www.facebook.com\/SzpitalCzerwonaGora\/\" \/>\n<meta property=\"article:published_time\" content=\"2021-06-18T09:24:40+00:00\" \/>\n<meta property=\"article:modified_time\" content=\"2021-08-03T07:55:58+00:00\" \/>\n<meta property=\"og:image\" content=\"https:\/\/czerwonagora.pl\/wp-content\/uploads\/2021\/06\/LEK_Oferta_pracy.jpg\" \/>\n<meta name=\"author\" content=\"Leszek Broda\" \/>\n<meta name=\"twitter:card\" content=\"summary_large_image\" \/>\n<meta name=\"twitter:label1\" content=\"Napisane przez\" \/>\n\t<meta name=\"twitter:data1\" content=\"Leszek Broda\" \/>\n\t<meta name=\"twitter:label2\" content=\"Szacowany czas czytania\" \/>\n\t<meta name=\"twitter:data2\" content=\"1 minuta\" \/>\n<script type=\"application\/ld+json\" class=\"yoast-schema-graph\">{\"@context\":\"https:\\\/\\\/schema.org\",\"@graph\":[{\"@type\":\"Article\",\"@id\":\"https:\\\/\\\/czerwonagora.pl\\\/index.php\\\/2021\\\/06\\\/18\\\/pielegniarka-w-zakladzie-opiekunczo-leczniczym\\\/#article\",\"isPartOf\":{\"@id\":\"https:\\\/\\\/czerwonagora.pl\\\/index.php\\\/2021\\\/06\\\/18\\\/pielegniarka-w-zakladzie-opiekunczo-leczniczym\\\/\"},\"author\":{\"name\":\"Leszek Broda\",\"@id\":\"https:\\\/\\\/czerwonagora.pl\\\/#\\\/schema\\\/person\\\/ab92f8d01438d11b0a22cdc2637caaee\"},\"headline\":\"Piel\u0119gniarka w Zak\u0142adzie Opieku\u0144czo-Leczniczym\",\"datePublished\":\"2021-06-18T09:24:40+00:00\",\"dateModified\":\"2021-08-03T07:55:58+00:00\",\"mainEntityOfPage\":{\"@id\":\"https:\\\/\\\/czerwonagora.pl\\\/index.php\\\/2021\\\/06\\\/18\\\/pielegniarka-w-zakladzie-opiekunczo-leczniczym\\\/\"},\"wordCount\":266,\"publisher\":{\"@id\":\"https:\\\/\\\/czerwonagora.pl\\\/#organization\"},\"image\":{\"@id\":\"https:\\\/\\\/czerwonagora.pl\\\/index.php\\\/2021\\\/06\\\/18\\\/pielegniarka-w-zakladzie-opiekunczo-leczniczym\\\/#primaryimage\"},\"thumbnailUrl\":\"https:\\\/\\\/czerwonagora.pl\\\/wp-content\\\/uploads\\\/2021\\\/06\\\/LEK_Oferta_pracy.jpg\",\"articleSection\":[\"Oferty pracy\"],\"inLanguage\":\"pl-PL\"},{\"@type\":\"WebPage\",\"@id\":\"https:\\\/\\\/czerwonagora.pl\\\/index.php\\\/2021\\\/06\\\/18\\\/pielegniarka-w-zakladzie-opiekunczo-leczniczym\\\/\",\"url\":\"https:\\\/\\\/czerwonagora.pl\\\/index.php\\\/2021\\\/06\\\/18\\\/pielegniarka-w-zakladzie-opiekunczo-leczniczym\\\/\",\"name\":\"Piel\u0119gniarka w Zak\u0142adzie Opieku\u0144czo-Leczniczym - Wojew\u00f3dzki Szpital Specjalistyczny im. \u015aw. Rafa\u0142a w Czerwonej G\u00f3rze\",\"isPartOf\":{\"@id\":\"https:\\\/\\\/czerwonagora.pl\\\/#website\"},\"primaryImageOfPage\":{\"@id\":\"https:\\\/\\\/czerwonagora.pl\\\/index.php\\\/2021\\\/06\\\/18\\\/pielegniarka-w-zakladzie-opiekunczo-leczniczym\\\/#primaryimage\"},\"image\":{\"@id\":\"https:\\\/\\\/czerwonagora.pl\\\/index.php\\\/2021\\\/06\\\/18\\\/pielegniarka-w-zakladzie-opiekunczo-leczniczym\\\/#primaryimage\"},\"thumbnailUrl\":\"https:\\\/\\\/czerwonagora.pl\\\/wp-content\\\/uploads\\\/2021\\\/06\\\/LEK_Oferta_pracy.jpg\",\"datePublished\":\"2021-06-18T09:24:40+00:00\",\"dateModified\":\"2021-08-03T07:55:58+00:00\",\"breadcrumb\":{\"@id\":\"https:\\\/\\\/czerwonagora.pl\\\/index.php\\\/2021\\\/06\\\/18\\\/pielegniarka-w-zakladzie-opiekunczo-leczniczym\\\/#breadcrumb\"},\"inLanguage\":\"pl-PL\",\"potentialAction\":[{\"@type\":\"ReadAction\",\"target\":[\"https:\\\/\\\/czerwonagora.pl\\\/index.php\\\/2021\\\/06\\\/18\\\/pielegniarka-w-zakladzie-opiekunczo-leczniczym\\\/\"]}]},{\"@type\":\"ImageObject\",\"inLanguage\":\"pl-PL\",\"@id\":\"https:\\\/\\\/czerwonagora.pl\\\/index.php\\\/2021\\\/06\\\/18\\\/pielegniarka-w-zakladzie-opiekunczo-leczniczym\\\/#primaryimage\",\"url\":\"https:\\\/\\\/czerwonagora.pl\\\/wp-content\\\/uploads\\\/2021\\\/06\\\/LEK_Oferta_pracy.jpg\",\"contentUrl\":\"https:\\\/\\\/czerwonagora.pl\\\/wp-content\\\/uploads\\\/2021\\\/06\\\/LEK_Oferta_pracy.jpg\",\"width\":803,\"height\":360,\"caption\":\"t\u0142o koloru niebieskiego na kt\u00f3rym znaduje si\u0119 zarys os\u00f3b ubranch w ubrania medyczne ze stetyskopami na szyi z bia\u0142ym napisem Oferta pracy\"},{\"@type\":\"BreadcrumbList\",\"@id\":\"https:\\\/\\\/czerwonagora.pl\\\/index.php\\\/2021\\\/06\\\/18\\\/pielegniarka-w-zakladzie-opiekunczo-leczniczym\\\/#breadcrumb\",\"itemListElement\":[{\"@type\":\"ListItem\",\"position\":1,\"name\":\"Strona g\u0142\u00f3wna\",\"item\":\"https:\\\/\\\/czerwonagora.pl\\\/\"},{\"@type\":\"ListItem\",\"position\":2,\"name\":\"Piel\u0119gniarka w Zak\u0142adzie Opieku\u0144czo-Leczniczym\"}]},{\"@type\":\"WebSite\",\"@id\":\"https:\\\/\\\/czerwonagora.pl\\\/#website\",\"url\":\"https:\\\/\\\/czerwonagora.pl\\\/\",\"name\":\"Wojew\u00f3dzki Szpital Specjalistyczny im. \u015aw. Rafa\u0142a w Czerwonej G\u00f3rze\",\"description\":\"Wojew\u00f3dzki Szpital Specjalistyczny im. \u015aw. Rafa\u0142a w Czerwonej G\u00f3rze\",\"publisher\":{\"@id\":\"https:\\\/\\\/czerwonagora.pl\\\/#organization\"},\"potentialAction\":[{\"@type\":\"SearchAction\",\"target\":{\"@type\":\"EntryPoint\",\"urlTemplate\":\"https:\\\/\\\/czerwonagora.pl\\\/?s={search_term_string}\"},\"query-input\":{\"@type\":\"PropertyValueSpecification\",\"valueRequired\":true,\"valueName\":\"search_term_string\"}}],\"inLanguage\":\"pl-PL\"},{\"@type\":\"Organization\",\"@id\":\"https:\\\/\\\/czerwonagora.pl\\\/#organization\",\"name\":\"Wojew\u00f3dzki Szpital Specjalistyczny im. \u015aw. Rafa\u0142a w Czerwonej G\u00f3rze\",\"url\":\"https:\\\/\\\/czerwonagora.pl\\\/\",\"logo\":{\"@type\":\"ImageObject\",\"inLanguage\":\"pl-PL\",\"@id\":\"https:\\\/\\\/czerwonagora.pl\\\/#\\\/schema\\\/logo\\\/image\\\/\",\"url\":\"https:\\\/\\\/czerwonagora.pl\\\/wp-content\\\/uploads\\\/2021\\\/06\\\/Logo-WSS-DUZE-transparentne.png\",\"contentUrl\":\"https:\\\/\\\/czerwonagora.pl\\\/wp-content\\\/uploads\\\/2021\\\/06\\\/Logo-WSS-DUZE-transparentne.png\",\"width\":4210,\"height\":2975,\"caption\":\"Wojew\u00f3dzki Szpital Specjalistyczny im. \u015aw. Rafa\u0142a w Czerwonej G\u00f3rze\"},\"image\":{\"@id\":\"https:\\\/\\\/czerwonagora.pl\\\/#\\\/schema\\\/logo\\\/image\\\/\"},\"sameAs\":[\"https:\\\/\\\/www.facebook.com\\\/SzpitalCzerwonaGora\\\/\"]},{\"@type\":\"Person\",\"@id\":\"https:\\\/\\\/czerwonagora.pl\\\/#\\\/schema\\\/person\\\/ab92f8d01438d11b0a22cdc2637caaee\",\"name\":\"Leszek Broda\",\"image\":{\"@type\":\"ImageObject\",\"inLanguage\":\"pl-PL\",\"@id\":\"https:\\\/\\\/czerwonagora.pl\\\/wp-content\\\/litespeed\\\/avatar\\\/d54f21772e65834bc3b45efe3cb566d0.jpg?ver=1777382079\",\"url\":\"https:\\\/\\\/czerwonagora.pl\\\/wp-content\\\/litespeed\\\/avatar\\\/d54f21772e65834bc3b45efe3cb566d0.jpg?ver=1777382079\",\"contentUrl\":\"https:\\\/\\\/czerwonagora.pl\\\/wp-content\\\/litespeed\\\/avatar\\\/d54f21772e65834bc3b45efe3cb566d0.jpg?ver=1777382079\",\"caption\":\"Leszek Broda\"},\"sameAs\":[\"http:\\\/\\\/www.czerwonagora.pl\"],\"url\":\"https:\\\/\\\/czerwonagora.pl\\\/index.php\\\/author\\\/l-broda\\\/\"}]}<\/script>\n<!-- \/ Yoast SEO plugin. -->","yoast_head_json":{"title":"Piel\u0119gniarka w Zak\u0142adzie Opieku\u0144czo-Leczniczym - Wojew\u00f3dzki Szpital Specjalistyczny im. \u015aw. Rafa\u0142a w Czerwonej G\u00f3rze","robots":{"index":"index","follow":"follow","max-snippet":"max-snippet:-1","max-image-preview":"max-image-preview:large","max-video-preview":"max-video-preview:-1"},"canonical":"https:\/\/czerwonagora.pl\/index.php\/2021\/06\/18\/pielegniarka-w-zakladzie-opiekunczo-leczniczym\/","og_locale":"pl_PL","og_type":"article","og_title":"Piel\u0119gniarka w Zak\u0142adzie Opieku\u0144czo-Leczniczym - Wojew\u00f3dzki Szpital Specjalistyczny im. \u015aw. Rafa\u0142a w Czerwonej G\u00f3rze","og_description":"Piel\u0119gniarka w Zak\u0142adzie Opieku\u0144czo-Leczniczym Dyrekcja Wojew\u00f3dzkiego Szpitala Specjalistycznego im. \u015bw. Rafa\u0142a w Czerwonej G\u00f3rze og\u0142asza nab\u00f3r na stanowisko piel\u0119gniarki w Zak\u0142adzie Opieku\u0144czo-Leczniczym wymiar etatu i forma zatrudnienia do uzgodnienia Wymagania: wykszta\u0142cenie medyczne w dziedzinie piel\u0119gniarstwa aktualne prawo wykonywania zawodu do\u015bwiadczenie w pracy w ZOL b\u0119dzie dodatkowym atutem Preferowane dodatkowe kwalifikacje:Specjalizacja lub kurs kwalifikacyjny lub w [&hellip;]","og_url":"https:\/\/czerwonagora.pl\/index.php\/2021\/06\/18\/pielegniarka-w-zakladzie-opiekunczo-leczniczym\/","og_site_name":"Wojew\u00f3dzki Szpital Specjalistyczny im. \u015aw. Rafa\u0142a w Czerwonej G\u00f3rze","article_publisher":"https:\/\/www.facebook.com\/SzpitalCzerwonaGora\/","article_published_time":"2021-06-18T09:24:40+00:00","article_modified_time":"2021-08-03T07:55:58+00:00","og_image":[{"url":"https:\/\/czerwonagora.pl\/wp-content\/uploads\/2021\/06\/LEK_Oferta_pracy.jpg","type":"","width":"","height":""}],"author":"Leszek Broda","twitter_card":"summary_large_image","twitter_misc":{"Napisane przez":"Leszek Broda","Szacowany czas czytania":"1 minuta"},"schema":{"@context":"https:\/\/schema.org","@graph":[{"@type":"Article","@id":"https:\/\/czerwonagora.pl\/index.php\/2021\/06\/18\/pielegniarka-w-zakladzie-opiekunczo-leczniczym\/#article","isPartOf":{"@id":"https:\/\/czerwonagora.pl\/index.php\/2021\/06\/18\/pielegniarka-w-zakladzie-opiekunczo-leczniczym\/"},"author":{"name":"Leszek Broda","@id":"https:\/\/czerwonagora.pl\/#\/schema\/person\/ab92f8d01438d11b0a22cdc2637caaee"},"headline":"Piel\u0119gniarka w Zak\u0142adzie Opieku\u0144czo-Leczniczym","datePublished":"2021-06-18T09:24:40+00:00","dateModified":"2021-08-03T07:55:58+00:00","mainEntityOfPage":{"@id":"https:\/\/czerwonagora.pl\/index.php\/2021\/06\/18\/pielegniarka-w-zakladzie-opiekunczo-leczniczym\/"},"wordCount":266,"publisher":{"@id":"https:\/\/czerwonagora.pl\/#organization"},"image":{"@id":"https:\/\/czerwonagora.pl\/index.php\/2021\/06\/18\/pielegniarka-w-zakladzie-opiekunczo-leczniczym\/#primaryimage"},"thumbnailUrl":"https:\/\/czerwonagora.pl\/wp-content\/uploads\/2021\/06\/LEK_Oferta_pracy.jpg","articleSection":["Oferty pracy"],"inLanguage":"pl-PL"},{"@type":"WebPage","@id":"https:\/\/czerwonagora.pl\/index.php\/2021\/06\/18\/pielegniarka-w-zakladzie-opiekunczo-leczniczym\/","url":"https:\/\/czerwonagora.pl\/index.php\/2021\/06\/18\/pielegniarka-w-zakladzie-opiekunczo-leczniczym\/","name":"Piel\u0119gniarka w Zak\u0142adzie Opieku\u0144czo-Leczniczym - Wojew\u00f3dzki Szpital Specjalistyczny im. \u015aw. Rafa\u0142a w Czerwonej G\u00f3rze","isPartOf":{"@id":"https:\/\/czerwonagora.pl\/#website"},"primaryImageOfPage":{"@id":"https:\/\/czerwonagora.pl\/index.php\/2021\/06\/18\/pielegniarka-w-zakladzie-opiekunczo-leczniczym\/#primaryimage"},"image":{"@id":"https:\/\/czerwonagora.pl\/index.php\/2021\/06\/18\/pielegniarka-w-zakladzie-opiekunczo-leczniczym\/#primaryimage"},"thumbnailUrl":"https:\/\/czerwonagora.pl\/wp-content\/uploads\/2021\/06\/LEK_Oferta_pracy.jpg","datePublished":"2021-06-18T09:24:40+00:00","dateModified":"2021-08-03T07:55:58+00:00","breadcrumb":{"@id":"https:\/\/czerwonagora.pl\/index.php\/2021\/06\/18\/pielegniarka-w-zakladzie-opiekunczo-leczniczym\/#breadcrumb"},"inLanguage":"pl-PL","potentialAction":[{"@type":"ReadAction","target":["https:\/\/czerwonagora.pl\/index.php\/2021\/06\/18\/pielegniarka-w-zakladzie-opiekunczo-leczniczym\/"]}]},{"@type":"ImageObject","inLanguage":"pl-PL","@id":"https:\/\/czerwonagora.pl\/index.php\/2021\/06\/18\/pielegniarka-w-zakladzie-opiekunczo-leczniczym\/#primaryimage","url":"https:\/\/czerwonagora.pl\/wp-content\/uploads\/2021\/06\/LEK_Oferta_pracy.jpg","contentUrl":"https:\/\/czerwonagora.pl\/wp-content\/uploads\/2021\/06\/LEK_Oferta_pracy.jpg","width":803,"height":360,"caption":"t\u0142o koloru niebieskiego na kt\u00f3rym znaduje si\u0119 zarys os\u00f3b ubranch w ubrania medyczne ze stetyskopami na szyi z bia\u0142ym napisem Oferta pracy"},{"@type":"BreadcrumbList","@id":"https:\/\/czerwonagora.pl\/index.php\/2021\/06\/18\/pielegniarka-w-zakladzie-opiekunczo-leczniczym\/#breadcrumb","itemListElement":[{"@type":"ListItem","position":1,"name":"Strona g\u0142\u00f3wna","item":"https:\/\/czerwonagora.pl\/"},{"@type":"ListItem","position":2,"name":"Piel\u0119gniarka w Zak\u0142adzie Opieku\u0144czo-Leczniczym"}]},{"@type":"WebSite","@id":"https:\/\/czerwonagora.pl\/#website","url":"https:\/\/czerwonagora.pl\/","name":"Wojew\u00f3dzki Szpital Specjalistyczny im. \u015aw. Rafa\u0142a w Czerwonej G\u00f3rze","description":"Wojew\u00f3dzki Szpital Specjalistyczny im. \u015aw. Rafa\u0142a w Czerwonej G\u00f3rze","publisher":{"@id":"https:\/\/czerwonagora.pl\/#organization"},"potentialAction":[{"@type":"SearchAction","target":{"@type":"EntryPoint","urlTemplate":"https:\/\/czerwonagora.pl\/?s={search_term_string}"},"query-input":{"@type":"PropertyValueSpecification","valueRequired":true,"valueName":"search_term_string"}}],"inLanguage":"pl-PL"},{"@type":"Organization","@id":"https:\/\/czerwonagora.pl\/#organization","name":"Wojew\u00f3dzki Szpital Specjalistyczny im. \u015aw. Rafa\u0142a w Czerwonej G\u00f3rze","url":"https:\/\/czerwonagora.pl\/","logo":{"@type":"ImageObject","inLanguage":"pl-PL","@id":"https:\/\/czerwonagora.pl\/#\/schema\/logo\/image\/","url":"https:\/\/czerwonagora.pl\/wp-content\/uploads\/2021\/06\/Logo-WSS-DUZE-transparentne.png","contentUrl":"https:\/\/czerwonagora.pl\/wp-content\/uploads\/2021\/06\/Logo-WSS-DUZE-transparentne.png","width":4210,"height":2975,"caption":"Wojew\u00f3dzki Szpital Specjalistyczny im. \u015aw. Rafa\u0142a w Czerwonej G\u00f3rze"},"image":{"@id":"https:\/\/czerwonagora.pl\/#\/schema\/logo\/image\/"},"sameAs":["https:\/\/www.facebook.com\/SzpitalCzerwonaGora\/"]},{"@type":"Person","@id":"https:\/\/czerwonagora.pl\/#\/schema\/person\/ab92f8d01438d11b0a22cdc2637caaee","name":"Leszek Broda","image":{"@type":"ImageObject","inLanguage":"pl-PL","@id":"https:\/\/czerwonagora.pl\/wp-content\/litespeed\/avatar\/d54f21772e65834bc3b45efe3cb566d0.jpg?ver=1777382079","url":"https:\/\/czerwonagora.pl\/wp-content\/litespeed\/avatar\/d54f21772e65834bc3b45efe3cb566d0.jpg?ver=1777382079","contentUrl":"https:\/\/czerwonagora.pl\/wp-content\/litespeed\/avatar\/d54f21772e65834bc3b45efe3cb566d0.jpg?ver=1777382079","caption":"Leszek Broda"},"sameAs":["http:\/\/www.czerwonagora.pl"],"url":"https:\/\/czerwonagora.pl\/index.php\/author\/l-broda\/"}]}},"publishpress_future_action":{"enabled":false,"date":"2026-05-06 11:59:14","action":"change-status","newStatus":"draft","terms":[],"taxonomy":"category","extraData":[]},"publishpress_future_workflow_manual_trigger":{"enabledWorkflows":[]},"_links":{"self":[{"href":"https:\/\/czerwonagora.pl\/index.php\/wp-json\/wp\/v2\/posts\/7961","targetHints":{"allow":["GET"]}}],"collection":[{"href":"https:\/\/czerwonagora.pl\/index.php\/wp-json\/wp\/v2\/posts"}],"about":[{"href":"https:\/\/czerwonagora.pl\/index.php\/wp-json\/wp\/v2\/types\/post"}],"author":[{"embeddable":true,"href":"https:\/\/czerwonagora.pl\/index.php\/wp-json\/wp\/v2\/users\/4"}],"replies":[{"embeddable":true,"href":"https:\/\/czerwonagora.pl\/index.php\/wp-json\/wp\/v2\/comments?post=7961"}],"version-history":[{"count":40,"href":"https:\/\/czerwonagora.pl\/index.php\/wp-json\/wp\/v2\/posts\/7961\/revisions"}],"predecessor-version":[{"id":8276,"href":"https:\/\/czerwonagora.pl\/index.php\/wp-json\/wp\/v2\/posts\/7961\/revisions\/8276"}],"wp:attachment":[{"href":"https:\/\/czerwonagora.pl\/index.php\/wp-json\/wp\/v2\/media?parent=7961"}],"wp:term":[{"taxonomy":"category","embeddable":true,"href":"https:\/\/czerwonagora.pl\/index.php\/wp-json\/wp\/v2\/categories?post=7961"},{"taxonomy":"post_tag","embeddable":true,"href":"https:\/\/czerwonagora.pl\/index.php\/wp-json\/wp\/v2\/tags?post=7961"}],"curies":[{"name":"wp","href":"https:\/\/api.w.org\/{rel}","templated":true}]}}