{"id":8730,"date":"2020-02-11T08:43:00","date_gmt":"2020-02-11T07:43:00","guid":{"rendered":"https:\/\/czerwonagora.pl\/?p=8730"},"modified":"2021-07-06T08:34:40","modified_gmt":"2021-07-06T06:34:40","slug":"lekarz-specjalista-chorob-pluc","status":"publish","type":"post","link":"https:\/\/czerwonagora.pl\/index.php\/2020\/02\/11\/lekarz-specjalista-chorob-pluc\/","title":{"rendered":"Lekarz specjalista Chor\u00f3b P\u0142uc"},"content":{"rendered":"\t\t<div data-elementor-type=\"wp-post\" data-elementor-id=\"8730\" class=\"elementor elementor-8730\">\n\t\t\t\t\t\t<section class=\"elementor-section elementor-top-section elementor-element elementor-element-6dcc9c29 elementor-section-boxed elementor-section-height-default elementor-section-height-default\" data-id=\"6dcc9c29\" data-element_type=\"section\" data-e-type=\"section\">\n\t\t\t\t\t\t<div class=\"elementor-container elementor-column-gap-default\">\n\t\t\t\t\t<div class=\"elementor-column elementor-col-100 elementor-top-column elementor-element elementor-element-1b98368d\" data-id=\"1b98368d\" data-element_type=\"column\" data-e-type=\"column\">\n\t\t\t<div class=\"elementor-widget-wrap elementor-element-populated\">\n\t\t\t\t\t\t<div class=\"elementor-element elementor-element-b4426d3 elementor-widget elementor-widget-image\" data-id=\"b4426d3\" data-element_type=\"widget\" data-e-type=\"widget\" data-widget_type=\"image.default\">\n\t\t\t\t<div class=\"elementor-widget-container\">\n\t\t\t\t\t\t\t\t\t\t\t\t\t\t\t<img fetchpriority=\"high\" decoding=\"async\" width=\"803\" height=\"360\" src=\"https:\/\/czerwonagora.pl\/wp-content\/uploads\/2021\/06\/LEK_Oferta_pracy.jpg\" class=\"attachment-large size-large wp-image-8131\" alt=\"t\u0142o koloru niebieskiego na kt\u00f3rym znaduje si\u0119 zarys os\u00f3b ubranch w ubrania medyczne ze stetyskopami na szyi z bia\u0142ym napisem Oferta pracy\" srcset=\"https:\/\/czerwonagora.pl\/wp-content\/uploads\/2021\/06\/LEK_Oferta_pracy.jpg 803w, https:\/\/czerwonagora.pl\/wp-content\/uploads\/2021\/06\/LEK_Oferta_pracy-300x134.jpg 300w, https:\/\/czerwonagora.pl\/wp-content\/uploads\/2021\/06\/LEK_Oferta_pracy-768x344.jpg 768w\" sizes=\"(max-width: 803px) 100vw, 803px\" \/>\t\t\t\t\t\t\t\t\t\t\t\t\t\t\t<\/div>\n\t\t\t\t<\/div>\n\t\t\t\t<div class=\"elementor-element elementor-element-3d6ac243 elementor-widget elementor-widget-text-editor\" data-id=\"3d6ac243\" data-element_type=\"widget\" data-e-type=\"widget\" data-widget_type=\"text-editor.default\">\n\t\t\t\t<div class=\"elementor-widget-container\">\n\t\t\t\t\t\t\t\t\t<div class=\"entry-header\"><p style=\"text-align: center;\"><strong>Lekarz specjalista Chor\u00f3b P\u0142uc<\/strong><\/p><p>\u00a0<\/p><\/div><div><p style=\"text-align: center;\"><strong>Dyrektor Wojew\u00f3dzkiego Szpitala Specjalistycznego im. \u015bw. Rafa\u0142a w Czerwonej G\u00f3rze <\/strong><strong>zatrudni lekarza specjalist\u0119 w dziedzinie chor\u00f3b p\u0142uc <\/strong><strong>do pracy w Wojew\u00f3dzkiej Przychodni Specjalistycznej Szpitala w Czerwonej G\u00f3rze<\/strong><\/p><p>Warunki zatrudnienia do uzgodnienia.<\/p><p>Osoby zainteresowane prosimy o dostarczenie CV na adres:<\/p><p><strong>Sekcja ds. Osobowych<\/strong><\/p><p><strong>Wojew\u00f3dzki Szpital Specjalistyczny im. \u015bw. Rafa\u0142a w Czerwonej G\u00f3rze <\/strong><strong>ul. czerwona G\u00f3ra 10, 26-060 Ch\u0119ciny<\/strong><\/p><p>Tel.(041) 34 655 45 wew. 230<\/p><p>lub poczt\u0105 elektroniczn\u0105 na adres: <span id=\"cloakf1653f2a91221e82416204bc00a88c2a\"><a href=\"mailto:k.resztak@czerwonagora.pl\">k.resztak@czerwonagora.pl<\/a><\/span><\/p><p>wraz z klauzul\u0105:<\/p><p>&#8222;Wyra\u017cam zgod\u0119 na przetwarzanie moich danych osobowych dla potrzeb niezb\u0119dnych do realizacji procesu rekrutacji zgodnie z Rozporz\u0105dzeniem Parlamentu Europejskiego i Rady (UE) 2016\/679 z dnia 27 kwietnia 2016r. w sprawie ochrony os\u00f3b fizycznych w zwi\u0105zku z przetwarzaniem danych osobowych i w sprawie swobodnego przep\u0142ywu takich danych oraz uchylenia dyrektywy 95\/46\/WE (RODO).<\/p><\/div>\t\t\t\t\t\t\t\t<\/div>\n\t\t\t\t<\/div>\n\t\t\t\t\t<\/div>\n\t\t<\/div>\n\t\t\t\t\t<\/div>\n\t\t<\/section>\n\t\t\t\t<\/div>\n\t\t","protected":false},"excerpt":{"rendered":"<p>Lekarz specjalista Chor\u00f3b P\u0142uc \u00a0 Dyrektor Wojew\u00f3dzkiego Szpitala Specjalistycznego im. \u015bw. Rafa\u0142a w Czerwonej G\u00f3rze zatrudni lekarza specjalist\u0119 w dziedzinie chor\u00f3b p\u0142uc do pracy w Wojew\u00f3dzkiej Przychodni Specjalistycznej Szpitala w Czerwonej G\u00f3rze Warunki zatrudnienia do uzgodnienia. Osoby zainteresowane prosimy o dostarczenie CV na adres: Sekcja ds. Osobowych Wojew\u00f3dzki Szpital Specjalistyczny im. \u015bw. Rafa\u0142a w Czerwonej [&hellip;]<\/p>\n","protected":false},"author":4,"featured_media":0,"comment_status":"closed","ping_status":"closed","sticky":false,"template":"","format":"standard","meta":{"zakra_page_container_layout":"customizer","zakra_page_sidebar_layout":"customizer","zakra_remove_content_margin":false,"zakra_sidebar":"customizer","zakra_transparent_header":"customizer","zakra_logo":0,"zakra_main_header_style":"default","zakra_menu_item_color":"","zakra_menu_item_hover_color":"","zakra_menu_item_active_color":"","zakra_menu_active_style":"","zakra_page_header":true,"footnotes":""},"categories":[42],"tags":[],"class_list":["post-8730","post","type-post","status-publish","format-standard","hentry","category-oferty-pracy"],"yoast_head":"<!-- This site is optimized with the Yoast SEO plugin v27.4 - https:\/\/yoast.com\/product\/yoast-seo-wordpress\/ -->\n<title>Lekarz specjalista Chor\u00f3b P\u0142uc - Wojew\u00f3dzki Szpital Specjalistyczny im. \u015aw. Rafa\u0142a w Czerwonej G\u00f3rze<\/title>\n<meta name=\"robots\" content=\"index, follow, max-snippet:-1, max-image-preview:large, max-video-preview:-1\" \/>\n<link rel=\"canonical\" href=\"https:\/\/czerwonagora.pl\/index.php\/2020\/02\/11\/lekarz-specjalista-chorob-pluc\/\" \/>\n<meta property=\"og:locale\" content=\"pl_PL\" \/>\n<meta property=\"og:type\" content=\"article\" \/>\n<meta property=\"og:title\" content=\"Lekarz specjalista Chor\u00f3b P\u0142uc - Wojew\u00f3dzki Szpital Specjalistyczny im. \u015aw. Rafa\u0142a w Czerwonej G\u00f3rze\" \/>\n<meta property=\"og:description\" content=\"Lekarz specjalista Chor\u00f3b P\u0142uc \u00a0 Dyrektor Wojew\u00f3dzkiego Szpitala Specjalistycznego im. \u015bw. Rafa\u0142a w Czerwonej G\u00f3rze zatrudni lekarza specjalist\u0119 w dziedzinie chor\u00f3b p\u0142uc do pracy w Wojew\u00f3dzkiej Przychodni Specjalistycznej Szpitala w Czerwonej G\u00f3rze Warunki zatrudnienia do uzgodnienia. Osoby zainteresowane prosimy o dostarczenie CV na adres: Sekcja ds. Osobowych Wojew\u00f3dzki Szpital Specjalistyczny im. \u015bw. Rafa\u0142a w Czerwonej [&hellip;]\" \/>\n<meta property=\"og:url\" content=\"https:\/\/czerwonagora.pl\/index.php\/2020\/02\/11\/lekarz-specjalista-chorob-pluc\/\" \/>\n<meta property=\"og:site_name\" content=\"Wojew\u00f3dzki Szpital Specjalistyczny im. \u015aw. Rafa\u0142a w Czerwonej G\u00f3rze\" \/>\n<meta property=\"article:publisher\" content=\"https:\/\/www.facebook.com\/SzpitalCzerwonaGora\/\" \/>\n<meta property=\"article:published_time\" content=\"2020-02-11T07:43:00+00:00\" \/>\n<meta property=\"article:modified_time\" content=\"2021-07-06T06:34:40+00:00\" \/>\n<meta property=\"og:image\" content=\"https:\/\/czerwonagora.pl\/wp-content\/uploads\/2021\/06\/LEK_Oferta_pracy.jpg\" \/>\n<meta name=\"author\" content=\"Leszek Broda\" \/>\n<meta name=\"twitter:card\" content=\"summary_large_image\" \/>\n<meta name=\"twitter:label1\" content=\"Napisane przez\" \/>\n\t<meta name=\"twitter:data1\" content=\"Leszek Broda\" \/>\n\t<meta name=\"twitter:label2\" content=\"Szacowany czas czytania\" \/>\n\t<meta name=\"twitter:data2\" content=\"1 minuta\" \/>\n<script type=\"application\/ld+json\" class=\"yoast-schema-graph\">{\"@context\":\"https:\\\/\\\/schema.org\",\"@graph\":[{\"@type\":\"Article\",\"@id\":\"https:\\\/\\\/czerwonagora.pl\\\/index.php\\\/2020\\\/02\\\/11\\\/lekarz-specjalista-chorob-pluc\\\/#article\",\"isPartOf\":{\"@id\":\"https:\\\/\\\/czerwonagora.pl\\\/index.php\\\/2020\\\/02\\\/11\\\/lekarz-specjalista-chorob-pluc\\\/\"},\"author\":{\"name\":\"Leszek Broda\",\"@id\":\"https:\\\/\\\/czerwonagora.pl\\\/#\\\/schema\\\/person\\\/ab92f8d01438d11b0a22cdc2637caaee\"},\"headline\":\"Lekarz specjalista Chor\u00f3b P\u0142uc\",\"datePublished\":\"2020-02-11T07:43:00+00:00\",\"dateModified\":\"2021-07-06T06:34:40+00:00\",\"mainEntityOfPage\":{\"@id\":\"https:\\\/\\\/czerwonagora.pl\\\/index.php\\\/2020\\\/02\\\/11\\\/lekarz-specjalista-chorob-pluc\\\/\"},\"wordCount\":149,\"publisher\":{\"@id\":\"https:\\\/\\\/czerwonagora.pl\\\/#organization\"},\"image\":{\"@id\":\"https:\\\/\\\/czerwonagora.pl\\\/index.php\\\/2020\\\/02\\\/11\\\/lekarz-specjalista-chorob-pluc\\\/#primaryimage\"},\"thumbnailUrl\":\"https:\\\/\\\/czerwonagora.pl\\\/wp-content\\\/uploads\\\/2021\\\/06\\\/LEK_Oferta_pracy.jpg\",\"articleSection\":[\"Oferty pracy\"],\"inLanguage\":\"pl-PL\"},{\"@type\":\"WebPage\",\"@id\":\"https:\\\/\\\/czerwonagora.pl\\\/index.php\\\/2020\\\/02\\\/11\\\/lekarz-specjalista-chorob-pluc\\\/\",\"url\":\"https:\\\/\\\/czerwonagora.pl\\\/index.php\\\/2020\\\/02\\\/11\\\/lekarz-specjalista-chorob-pluc\\\/\",\"name\":\"Lekarz specjalista Chor\u00f3b P\u0142uc - Wojew\u00f3dzki Szpital Specjalistyczny im. \u015aw. Rafa\u0142a w Czerwonej G\u00f3rze\",\"isPartOf\":{\"@id\":\"https:\\\/\\\/czerwonagora.pl\\\/#website\"},\"primaryImageOfPage\":{\"@id\":\"https:\\\/\\\/czerwonagora.pl\\\/index.php\\\/2020\\\/02\\\/11\\\/lekarz-specjalista-chorob-pluc\\\/#primaryimage\"},\"image\":{\"@id\":\"https:\\\/\\\/czerwonagora.pl\\\/index.php\\\/2020\\\/02\\\/11\\\/lekarz-specjalista-chorob-pluc\\\/#primaryimage\"},\"thumbnailUrl\":\"https:\\\/\\\/czerwonagora.pl\\\/wp-content\\\/uploads\\\/2021\\\/06\\\/LEK_Oferta_pracy.jpg\",\"datePublished\":\"2020-02-11T07:43:00+00:00\",\"dateModified\":\"2021-07-06T06:34:40+00:00\",\"breadcrumb\":{\"@id\":\"https:\\\/\\\/czerwonagora.pl\\\/index.php\\\/2020\\\/02\\\/11\\\/lekarz-specjalista-chorob-pluc\\\/#breadcrumb\"},\"inLanguage\":\"pl-PL\",\"potentialAction\":[{\"@type\":\"ReadAction\",\"target\":[\"https:\\\/\\\/czerwonagora.pl\\\/index.php\\\/2020\\\/02\\\/11\\\/lekarz-specjalista-chorob-pluc\\\/\"]}]},{\"@type\":\"ImageObject\",\"inLanguage\":\"pl-PL\",\"@id\":\"https:\\\/\\\/czerwonagora.pl\\\/index.php\\\/2020\\\/02\\\/11\\\/lekarz-specjalista-chorob-pluc\\\/#primaryimage\",\"url\":\"https:\\\/\\\/czerwonagora.pl\\\/wp-content\\\/uploads\\\/2021\\\/06\\\/LEK_Oferta_pracy.jpg\",\"contentUrl\":\"https:\\\/\\\/czerwonagora.pl\\\/wp-content\\\/uploads\\\/2021\\\/06\\\/LEK_Oferta_pracy.jpg\",\"width\":803,\"height\":360,\"caption\":\"t\u0142o koloru niebieskiego na kt\u00f3rym znaduje si\u0119 zarys os\u00f3b ubranch w ubrania medyczne ze stetyskopami na szyi z bia\u0142ym napisem Oferta pracy\"},{\"@type\":\"BreadcrumbList\",\"@id\":\"https:\\\/\\\/czerwonagora.pl\\\/index.php\\\/2020\\\/02\\\/11\\\/lekarz-specjalista-chorob-pluc\\\/#breadcrumb\",\"itemListElement\":[{\"@type\":\"ListItem\",\"position\":1,\"name\":\"Strona g\u0142\u00f3wna\",\"item\":\"https:\\\/\\\/czerwonagora.pl\\\/\"},{\"@type\":\"ListItem\",\"position\":2,\"name\":\"Lekarz specjalista Chor\u00f3b P\u0142uc\"}]},{\"@type\":\"WebSite\",\"@id\":\"https:\\\/\\\/czerwonagora.pl\\\/#website\",\"url\":\"https:\\\/\\\/czerwonagora.pl\\\/\",\"name\":\"Wojew\u00f3dzki Szpital Specjalistyczny im. \u015aw. Rafa\u0142a w Czerwonej G\u00f3rze\",\"description\":\"Wojew\u00f3dzki Szpital Specjalistyczny im. \u015aw. Rafa\u0142a w Czerwonej G\u00f3rze\",\"publisher\":{\"@id\":\"https:\\\/\\\/czerwonagora.pl\\\/#organization\"},\"potentialAction\":[{\"@type\":\"SearchAction\",\"target\":{\"@type\":\"EntryPoint\",\"urlTemplate\":\"https:\\\/\\\/czerwonagora.pl\\\/?s={search_term_string}\"},\"query-input\":{\"@type\":\"PropertyValueSpecification\",\"valueRequired\":true,\"valueName\":\"search_term_string\"}}],\"inLanguage\":\"pl-PL\"},{\"@type\":\"Organization\",\"@id\":\"https:\\\/\\\/czerwonagora.pl\\\/#organization\",\"name\":\"Wojew\u00f3dzki Szpital Specjalistyczny im. \u015aw. Rafa\u0142a w Czerwonej G\u00f3rze\",\"url\":\"https:\\\/\\\/czerwonagora.pl\\\/\",\"logo\":{\"@type\":\"ImageObject\",\"inLanguage\":\"pl-PL\",\"@id\":\"https:\\\/\\\/czerwonagora.pl\\\/#\\\/schema\\\/logo\\\/image\\\/\",\"url\":\"https:\\\/\\\/czerwonagora.pl\\\/wp-content\\\/uploads\\\/2021\\\/06\\\/Logo-WSS-DUZE-transparentne.png\",\"contentUrl\":\"https:\\\/\\\/czerwonagora.pl\\\/wp-content\\\/uploads\\\/2021\\\/06\\\/Logo-WSS-DUZE-transparentne.png\",\"width\":4210,\"height\":2975,\"caption\":\"Wojew\u00f3dzki Szpital Specjalistyczny im. \u015aw. Rafa\u0142a w Czerwonej G\u00f3rze\"},\"image\":{\"@id\":\"https:\\\/\\\/czerwonagora.pl\\\/#\\\/schema\\\/logo\\\/image\\\/\"},\"sameAs\":[\"https:\\\/\\\/www.facebook.com\\\/SzpitalCzerwonaGora\\\/\"]},{\"@type\":\"Person\",\"@id\":\"https:\\\/\\\/czerwonagora.pl\\\/#\\\/schema\\\/person\\\/ab92f8d01438d11b0a22cdc2637caaee\",\"name\":\"Leszek Broda\",\"image\":{\"@type\":\"ImageObject\",\"inLanguage\":\"pl-PL\",\"@id\":\"https:\\\/\\\/czerwonagora.pl\\\/wp-content\\\/litespeed\\\/avatar\\\/d54f21772e65834bc3b45efe3cb566d0.jpg?ver=1777382079\",\"url\":\"https:\\\/\\\/czerwonagora.pl\\\/wp-content\\\/litespeed\\\/avatar\\\/d54f21772e65834bc3b45efe3cb566d0.jpg?ver=1777382079\",\"contentUrl\":\"https:\\\/\\\/czerwonagora.pl\\\/wp-content\\\/litespeed\\\/avatar\\\/d54f21772e65834bc3b45efe3cb566d0.jpg?ver=1777382079\",\"caption\":\"Leszek Broda\"},\"sameAs\":[\"http:\\\/\\\/www.czerwonagora.pl\"],\"url\":\"https:\\\/\\\/czerwonagora.pl\\\/index.php\\\/author\\\/l-broda\\\/\"}]}<\/script>\n<!-- \/ Yoast SEO plugin. -->","yoast_head_json":{"title":"Lekarz specjalista Chor\u00f3b P\u0142uc - Wojew\u00f3dzki Szpital Specjalistyczny im. \u015aw. Rafa\u0142a w Czerwonej G\u00f3rze","robots":{"index":"index","follow":"follow","max-snippet":"max-snippet:-1","max-image-preview":"max-image-preview:large","max-video-preview":"max-video-preview:-1"},"canonical":"https:\/\/czerwonagora.pl\/index.php\/2020\/02\/11\/lekarz-specjalista-chorob-pluc\/","og_locale":"pl_PL","og_type":"article","og_title":"Lekarz specjalista Chor\u00f3b P\u0142uc - Wojew\u00f3dzki Szpital Specjalistyczny im. \u015aw. Rafa\u0142a w Czerwonej G\u00f3rze","og_description":"Lekarz specjalista Chor\u00f3b P\u0142uc \u00a0 Dyrektor Wojew\u00f3dzkiego Szpitala Specjalistycznego im. \u015bw. Rafa\u0142a w Czerwonej G\u00f3rze zatrudni lekarza specjalist\u0119 w dziedzinie chor\u00f3b p\u0142uc do pracy w Wojew\u00f3dzkiej Przychodni Specjalistycznej Szpitala w Czerwonej G\u00f3rze Warunki zatrudnienia do uzgodnienia. Osoby zainteresowane prosimy o dostarczenie CV na adres: Sekcja ds. Osobowych Wojew\u00f3dzki Szpital Specjalistyczny im. \u015bw. Rafa\u0142a w Czerwonej [&hellip;]","og_url":"https:\/\/czerwonagora.pl\/index.php\/2020\/02\/11\/lekarz-specjalista-chorob-pluc\/","og_site_name":"Wojew\u00f3dzki Szpital Specjalistyczny im. \u015aw. Rafa\u0142a w Czerwonej G\u00f3rze","article_publisher":"https:\/\/www.facebook.com\/SzpitalCzerwonaGora\/","article_published_time":"2020-02-11T07:43:00+00:00","article_modified_time":"2021-07-06T06:34:40+00:00","og_image":[{"url":"https:\/\/czerwonagora.pl\/wp-content\/uploads\/2021\/06\/LEK_Oferta_pracy.jpg","type":"","width":"","height":""}],"author":"Leszek Broda","twitter_card":"summary_large_image","twitter_misc":{"Napisane przez":"Leszek Broda","Szacowany czas czytania":"1 minuta"},"schema":{"@context":"https:\/\/schema.org","@graph":[{"@type":"Article","@id":"https:\/\/czerwonagora.pl\/index.php\/2020\/02\/11\/lekarz-specjalista-chorob-pluc\/#article","isPartOf":{"@id":"https:\/\/czerwonagora.pl\/index.php\/2020\/02\/11\/lekarz-specjalista-chorob-pluc\/"},"author":{"name":"Leszek Broda","@id":"https:\/\/czerwonagora.pl\/#\/schema\/person\/ab92f8d01438d11b0a22cdc2637caaee"},"headline":"Lekarz specjalista Chor\u00f3b P\u0142uc","datePublished":"2020-02-11T07:43:00+00:00","dateModified":"2021-07-06T06:34:40+00:00","mainEntityOfPage":{"@id":"https:\/\/czerwonagora.pl\/index.php\/2020\/02\/11\/lekarz-specjalista-chorob-pluc\/"},"wordCount":149,"publisher":{"@id":"https:\/\/czerwonagora.pl\/#organization"},"image":{"@id":"https:\/\/czerwonagora.pl\/index.php\/2020\/02\/11\/lekarz-specjalista-chorob-pluc\/#primaryimage"},"thumbnailUrl":"https:\/\/czerwonagora.pl\/wp-content\/uploads\/2021\/06\/LEK_Oferta_pracy.jpg","articleSection":["Oferty pracy"],"inLanguage":"pl-PL"},{"@type":"WebPage","@id":"https:\/\/czerwonagora.pl\/index.php\/2020\/02\/11\/lekarz-specjalista-chorob-pluc\/","url":"https:\/\/czerwonagora.pl\/index.php\/2020\/02\/11\/lekarz-specjalista-chorob-pluc\/","name":"Lekarz specjalista Chor\u00f3b P\u0142uc - Wojew\u00f3dzki Szpital Specjalistyczny im. \u015aw. Rafa\u0142a w Czerwonej G\u00f3rze","isPartOf":{"@id":"https:\/\/czerwonagora.pl\/#website"},"primaryImageOfPage":{"@id":"https:\/\/czerwonagora.pl\/index.php\/2020\/02\/11\/lekarz-specjalista-chorob-pluc\/#primaryimage"},"image":{"@id":"https:\/\/czerwonagora.pl\/index.php\/2020\/02\/11\/lekarz-specjalista-chorob-pluc\/#primaryimage"},"thumbnailUrl":"https:\/\/czerwonagora.pl\/wp-content\/uploads\/2021\/06\/LEK_Oferta_pracy.jpg","datePublished":"2020-02-11T07:43:00+00:00","dateModified":"2021-07-06T06:34:40+00:00","breadcrumb":{"@id":"https:\/\/czerwonagora.pl\/index.php\/2020\/02\/11\/lekarz-specjalista-chorob-pluc\/#breadcrumb"},"inLanguage":"pl-PL","potentialAction":[{"@type":"ReadAction","target":["https:\/\/czerwonagora.pl\/index.php\/2020\/02\/11\/lekarz-specjalista-chorob-pluc\/"]}]},{"@type":"ImageObject","inLanguage":"pl-PL","@id":"https:\/\/czerwonagora.pl\/index.php\/2020\/02\/11\/lekarz-specjalista-chorob-pluc\/#primaryimage","url":"https:\/\/czerwonagora.pl\/wp-content\/uploads\/2021\/06\/LEK_Oferta_pracy.jpg","contentUrl":"https:\/\/czerwonagora.pl\/wp-content\/uploads\/2021\/06\/LEK_Oferta_pracy.jpg","width":803,"height":360,"caption":"t\u0142o koloru niebieskiego na kt\u00f3rym znaduje si\u0119 zarys os\u00f3b ubranch w ubrania medyczne ze stetyskopami na szyi z bia\u0142ym napisem Oferta pracy"},{"@type":"BreadcrumbList","@id":"https:\/\/czerwonagora.pl\/index.php\/2020\/02\/11\/lekarz-specjalista-chorob-pluc\/#breadcrumb","itemListElement":[{"@type":"ListItem","position":1,"name":"Strona g\u0142\u00f3wna","item":"https:\/\/czerwonagora.pl\/"},{"@type":"ListItem","position":2,"name":"Lekarz specjalista Chor\u00f3b P\u0142uc"}]},{"@type":"WebSite","@id":"https:\/\/czerwonagora.pl\/#website","url":"https:\/\/czerwonagora.pl\/","name":"Wojew\u00f3dzki Szpital Specjalistyczny im. \u015aw. Rafa\u0142a w Czerwonej G\u00f3rze","description":"Wojew\u00f3dzki Szpital Specjalistyczny im. \u015aw. Rafa\u0142a w Czerwonej G\u00f3rze","publisher":{"@id":"https:\/\/czerwonagora.pl\/#organization"},"potentialAction":[{"@type":"SearchAction","target":{"@type":"EntryPoint","urlTemplate":"https:\/\/czerwonagora.pl\/?s={search_term_string}"},"query-input":{"@type":"PropertyValueSpecification","valueRequired":true,"valueName":"search_term_string"}}],"inLanguage":"pl-PL"},{"@type":"Organization","@id":"https:\/\/czerwonagora.pl\/#organization","name":"Wojew\u00f3dzki Szpital Specjalistyczny im. \u015aw. Rafa\u0142a w Czerwonej G\u00f3rze","url":"https:\/\/czerwonagora.pl\/","logo":{"@type":"ImageObject","inLanguage":"pl-PL","@id":"https:\/\/czerwonagora.pl\/#\/schema\/logo\/image\/","url":"https:\/\/czerwonagora.pl\/wp-content\/uploads\/2021\/06\/Logo-WSS-DUZE-transparentne.png","contentUrl":"https:\/\/czerwonagora.pl\/wp-content\/uploads\/2021\/06\/Logo-WSS-DUZE-transparentne.png","width":4210,"height":2975,"caption":"Wojew\u00f3dzki Szpital Specjalistyczny im. \u015aw. Rafa\u0142a w Czerwonej G\u00f3rze"},"image":{"@id":"https:\/\/czerwonagora.pl\/#\/schema\/logo\/image\/"},"sameAs":["https:\/\/www.facebook.com\/SzpitalCzerwonaGora\/"]},{"@type":"Person","@id":"https:\/\/czerwonagora.pl\/#\/schema\/person\/ab92f8d01438d11b0a22cdc2637caaee","name":"Leszek Broda","image":{"@type":"ImageObject","inLanguage":"pl-PL","@id":"https:\/\/czerwonagora.pl\/wp-content\/litespeed\/avatar\/d54f21772e65834bc3b45efe3cb566d0.jpg?ver=1777382079","url":"https:\/\/czerwonagora.pl\/wp-content\/litespeed\/avatar\/d54f21772e65834bc3b45efe3cb566d0.jpg?ver=1777382079","contentUrl":"https:\/\/czerwonagora.pl\/wp-content\/litespeed\/avatar\/d54f21772e65834bc3b45efe3cb566d0.jpg?ver=1777382079","caption":"Leszek Broda"},"sameAs":["http:\/\/www.czerwonagora.pl"],"url":"https:\/\/czerwonagora.pl\/index.php\/author\/l-broda\/"}]}},"publishpress_future_action":{"enabled":false,"date":"2026-05-07 06:55:05","action":"change-status","newStatus":"draft","terms":[],"taxonomy":"category","extraData":[]},"publishpress_future_workflow_manual_trigger":{"enabledWorkflows":[]},"_links":{"self":[{"href":"https:\/\/czerwonagora.pl\/index.php\/wp-json\/wp\/v2\/posts\/8730","targetHints":{"allow":["GET"]}}],"collection":[{"href":"https:\/\/czerwonagora.pl\/index.php\/wp-json\/wp\/v2\/posts"}],"about":[{"href":"https:\/\/czerwonagora.pl\/index.php\/wp-json\/wp\/v2\/types\/post"}],"author":[{"embeddable":true,"href":"https:\/\/czerwonagora.pl\/index.php\/wp-json\/wp\/v2\/users\/4"}],"replies":[{"embeddable":true,"href":"https:\/\/czerwonagora.pl\/index.php\/wp-json\/wp\/v2\/comments?post=8730"}],"version-history":[{"count":17,"href":"https:\/\/czerwonagora.pl\/index.php\/wp-json\/wp\/v2\/posts\/8730\/revisions"}],"predecessor-version":[{"id":10450,"href":"https:\/\/czerwonagora.pl\/index.php\/wp-json\/wp\/v2\/posts\/8730\/revisions\/10450"}],"wp:attachment":[{"href":"https:\/\/czerwonagora.pl\/index.php\/wp-json\/wp\/v2\/media?parent=8730"}],"wp:term":[{"taxonomy":"category","embeddable":true,"href":"https:\/\/czerwonagora.pl\/index.php\/wp-json\/wp\/v2\/categories?post=8730"},{"taxonomy":"post_tag","embeddable":true,"href":"https:\/\/czerwonagora.pl\/index.php\/wp-json\/wp\/v2\/tags?post=8730"}],"curies":[{"name":"wp","href":"https:\/\/api.w.org\/{rel}","templated":true}]}}